{"id":89841,"date":"2024-07-08T08:05:31","date_gmt":"2024-07-08T11:05:31","guid":{"rendered":"https:\/\/radiolifefm.com.br\/noticias\/?p=89841"},"modified":"2026-04-05T23:34:30","modified_gmt":"2026-04-06T02:34:30","slug":"muito-alem-disto-ou-daquilo-com-o-carvalho-e-o-bezerro","status":"publish","type":"post","link":"https:\/\/radiolifefm.com.br\/noticias\/muito-alem-disto-ou-daquilo-com-o-carvalho-e-o-bezerro\/","title":{"rendered":"Muito al\u00e9m disto ou daquilo com o CARVALHO e o BEZERRO&#8230;"},"content":{"rendered":"<div id=\"fb-root\"><\/div>\n<p><strong><em>&#8220;H\u00e1 pessoas de vasto conhecimento que s\u00e3o basicamente tolas; e pessoas de pouco conhecimento, por\u00e9m, s\u00e1bias. Elas entendem a vida, a psicologia, a maneira certa de viver, sem conex\u00e3o com o conhecimento.&#8221; (<\/em><\/strong><a href=\"https:\/\/www.pensador.com\/autor\/alexander_soljenitsin\/\"><strong><em>Alexander Soljenitsin<\/em><\/strong><\/a><strong><em>)<\/em><\/strong><\/p>\n<p><strong>\u00a0<\/strong><\/p>\n<p><strong>By seb@r.<\/strong><\/p>\n<p>J\u00e1 faz alguns meses, talvez, anos e anos, por\u00e9m, neste TEMPO NOVO TEMPO tudo vai INDO e VINDO, assim, cada qual escolhe suas VERDADES em meio as MENTIRAS disto ou daquilo&#8230;<\/p>\n<p>Mas, neste texto, pretendo escrever algumas linhas sobre LIVROS que passaram pelas minhas m\u00e3os, tamb\u00e9m, pelo OLHAR como LEITOR deste ou daquele T\u00cdTULO&#8230;<\/p>\n<p>Assim, faz-se necess\u00e1rio estar sempre em CONEX\u00c3O com aquele outro lado de um mesmo lado, ainda mais quando se trata destes ENCONTROS com os LIVROS em geral&#8230;<\/p>\n<p>Por exemplo, O CARVALHO E O BEZERRO do escritor russo, A. SOLJENITSIN, 664 pp., Editora DIFEL, edi\u00e7\u00e3o de 1,974&#8230;<\/p>\n<p>Portanto, completou ou est\u00e1 completando, CINCO D\u00c9CADAS de publica\u00e7\u00e3o, entretanto, o LIVRO que veio parar nas minhas m\u00e3os, est\u00e1 catalogado via BIBLIOTECA MUNICIPAL como DOA\u00c7\u00c3O em 4\/2\/1987, desta forma, de um jeito ou de outro, os ANOS se foram e acabaram se perdendo no TEMPO do outro TEMPO deste TEMPO&#8230;<\/p>\n<p>Ah! Este T\u00cdTULO em pauta, foi uma DOA\u00c7\u00c3O daquele outra DOA\u00c7\u00c3O, isso \u00e9, foi retirado de uma ESTANTE para interessados\/as em LIVROS que estava em frente da BIBLIOTECA MUNICIPAL faz um ano ou mais&#8230;<\/p>\n<p>De acordo com o texto que se encontra na orelha deste Livro e registra-se como um velho ditado russo que afirma, a saber: \u201cUm bezerro d\u00e1 marradas contra o carvalho at\u00e9 derruba-lo\u201d&#8230;<\/p>\n<p>Tal qual aquele outro dito mais do que popular em TERRAS BRASILIS que diz: \u00c1GUA MOLE EM PEDRA DURA, TANTO BATE AT\u00c9 QUE FURA&#8230;<\/p>\n<p>Neste CL\u00c1SSICO da LITERATURA MUNDIAL, o escritor russo, A. SOLJEN\u00cdTSIN, ainda, autor de ARQU\u00cdPELAGO GULAG e outros t\u00edtulos, destaca que a PRESS\u00c3O pode passar por cima da OPRESS\u00c3O, ainda mais naqueles ANOS que marcaram seus ANOS E ANOS de LUTAS pela LIBERDADE em territ\u00f3rio da antiga URSS- Uni\u00e3o das Rep\u00fablicas Socialistas Sovi\u00e9ticas&#8230;<\/p>\n<p>Acredito que a REFLEX\u00c3O deve ser sempre pautada pela CR\u00cdTICA deste e do outro lado, todavia, pra isso ser poss\u00edvel, \u00e9 preciso que o\/a LEITOR\/A entre neste CEN\u00c1RIO no qual o AUTOR este envolvido e ponto quase final&#8230;<\/p>\n<p>Pode ser o que VOC\u00ca n\u00e3o espera quando o TEMA est\u00e1 bem distante do seu EU, mesmo assim, a BUSCA pelo CONHECIMENTO deve estar sempre acima de TUDO e de TODOS\/AS neste CEN\u00c1RIO mediado pelos DESENCONTROS LITER\u00c1RIOS&#8230;<\/p>\n<p>&nbsp;<\/p>\n<p>&nbsp;<\/p>\n<p><strong>E-MAIL: <\/strong><a href=\"mailto:barbosa.sebar@gmail.com\"><strong>barbosa.sebar@gmail.com<\/strong><\/a><\/p>\n<p>&nbsp;<\/p>\n<p>&nbsp;<\/p>\n","protected":false},"excerpt":{"rendered":"<p>&#8220;H\u00e1 pessoas de vasto conhecimento que s\u00e3o basicamente tolas; e pessoas de pouco conhecimento, por\u00e9m, s\u00e1bias. Elas entendem a vida, a psicologia, a maneira certa de viver, sem conex\u00e3o com o conhecimento.&#8221; (Alexander Soljenitsin) \u00a0 By seb@r. J\u00e1 faz alguns meses, talvez, anos e anos, por\u00e9m, neste TEMPO NOVO TEMPO tudo vai INDO e VINDO, [&hellip;]<\/p>\n","protected":false},"author":13,"featured_media":51988,"comment_status":"closed","ping_status":"open","sticky":false,"template":"","format":"standard","meta":{"_acf_changed":false,"_exactmetrics_skip_tracking":false,"_exactmetrics_sitenote_active":false,"_exactmetrics_sitenote_note":"","_exactmetrics_sitenote_category":0,"footnotes":""},"categories":[59],"tags":[],"class_list":["post-89841","post","type-post","status-publish","format-standard","has-post-thumbnail","hentry","category-opiniao"],"acf":[],"yoast_head":"<!-- This site is optimized with the Yoast SEO plugin v27.2 - https:\/\/yoast.com\/product\/yoast-seo-wordpress\/ -->\n<title>Muito al\u00e9m disto ou daquilo com o CARVALHO e o BEZERRO... - R\u00e1dio Life FM<\/title>\n<meta name=\"robots\" content=\"index, follow, max-snippet:-1, max-image-preview:large, max-video-preview:-1\" \/>\n<link rel=\"canonical\" href=\"https:\/\/radiolifefm.com.br\/noticias\/muito-alem-disto-ou-daquilo-com-o-carvalho-e-o-bezerro\/\" \/>\n<meta property=\"og:locale\" content=\"pt_BR\" \/>\n<meta property=\"og:type\" content=\"article\" \/>\n<meta property=\"og:title\" content=\"Muito al\u00e9m disto ou daquilo com o CARVALHO e o BEZERRO... - R\u00e1dio Life FM\" \/>\n<meta property=\"og:description\" content=\"&#8220;H\u00e1 pessoas de vasto conhecimento que s\u00e3o basicamente tolas; e pessoas de pouco conhecimento, por\u00e9m, s\u00e1bias. Elas entendem a vida, a psicologia, a maneira certa de viver, sem conex\u00e3o com o conhecimento.&#8221; (Alexander Soljenitsin) \u00a0 By seb@r. J\u00e1 faz alguns meses, talvez, anos e anos, por\u00e9m, neste TEMPO NOVO TEMPO tudo vai INDO e VINDO, [&hellip;]\" \/>\n<meta property=\"og:url\" content=\"https:\/\/radiolifefm.com.br\/noticias\/muito-alem-disto-ou-daquilo-com-o-carvalho-e-o-bezerro\/\" \/>\n<meta property=\"og:site_name\" content=\"R\u00e1dio Life FM\" \/>\n<meta property=\"article:publisher\" content=\"https:\/\/www.facebook.com\/radiolifefm\/\" \/>\n<meta property=\"article:published_time\" content=\"2024-07-08T11:05:31+00:00\" \/>\n<meta property=\"article:modified_time\" content=\"2026-04-06T02:34:30+00:00\" \/>\n<meta property=\"og:image\" content=\"https:\/\/radiolifefm.com.br\/noticias\/wp-content\/uploads\/2022\/04\/WhatsApp-Image-2022-04-10-at-18.43.02.jpeg\" \/>\n\t<meta property=\"og:image:width\" content=\"972\" \/>\n\t<meta property=\"og:image:height\" content=\"1296\" \/>\n\t<meta property=\"og:image:type\" content=\"image\/jpeg\" \/>\n<meta name=\"author\" content=\"ritanery\" \/>\n<meta name=\"twitter:card\" content=\"summary_large_image\" \/>\n<meta name=\"twitter:label1\" content=\"Escrito por\" \/>\n\t<meta name=\"twitter:data1\" content=\"ritanery\" \/>\n\t<meta name=\"twitter:label2\" content=\"Est. tempo de leitura\" \/>\n\t<meta name=\"twitter:data2\" content=\"3 minutos\" \/>\n<script type=\"application\/ld+json\" class=\"yoast-schema-graph\">{\"@context\":\"https:\/\/schema.org\",\"@graph\":[{\"@type\":\"Article\",\"@id\":\"https:\/\/radiolifefm.com.br\/noticias\/muito-alem-disto-ou-daquilo-com-o-carvalho-e-o-bezerro\/#article\",\"isPartOf\":{\"@id\":\"https:\/\/radiolifefm.com.br\/noticias\/muito-alem-disto-ou-daquilo-com-o-carvalho-e-o-bezerro\/\"},\"author\":{\"name\":\"ritanery\",\"@id\":\"https:\/\/radiolifefm.com.br\/noticias\/#\/schema\/person\/6339b9fac59d12b071dec680d7375d87\"},\"headline\":\"Muito al\u00e9m disto ou daquilo com o CARVALHO e o BEZERRO&#8230;\",\"datePublished\":\"2024-07-08T11:05:31+00:00\",\"dateModified\":\"2026-04-06T02:34:30+00:00\",\"mainEntityOfPage\":{\"@id\":\"https:\/\/radiolifefm.com.br\/noticias\/muito-alem-disto-ou-daquilo-com-o-carvalho-e-o-bezerro\/\"},\"wordCount\":459,\"publisher\":{\"@id\":\"https:\/\/radiolifefm.com.br\/noticias\/#organization\"},\"image\":{\"@id\":\"https:\/\/radiolifefm.com.br\/noticias\/muito-alem-disto-ou-daquilo-com-o-carvalho-e-o-bezerro\/#primaryimage\"},\"thumbnailUrl\":\"https:\/\/radiolifefm.com.br\/noticias\/wp-content\/uploads\/2022\/04\/WhatsApp-Image-2022-04-10-at-18.43.02.jpeg\",\"articleSection\":[\"Opini\u00e3o\"],\"inLanguage\":\"pt-BR\"},{\"@type\":\"WebPage\",\"@id\":\"https:\/\/radiolifefm.com.br\/noticias\/muito-alem-disto-ou-daquilo-com-o-carvalho-e-o-bezerro\/\",\"url\":\"https:\/\/radiolifefm.com.br\/noticias\/muito-alem-disto-ou-daquilo-com-o-carvalho-e-o-bezerro\/\",\"name\":\"Muito al\u00e9m disto ou daquilo com o CARVALHO e o BEZERRO... - R\u00e1dio Life FM\",\"isPartOf\":{\"@id\":\"https:\/\/radiolifefm.com.br\/noticias\/#website\"},\"primaryImageOfPage\":{\"@id\":\"https:\/\/radiolifefm.com.br\/noticias\/muito-alem-disto-ou-daquilo-com-o-carvalho-e-o-bezerro\/#primaryimage\"},\"image\":{\"@id\":\"https:\/\/radiolifefm.com.br\/noticias\/muito-alem-disto-ou-daquilo-com-o-carvalho-e-o-bezerro\/#primaryimage\"},\"thumbnailUrl\":\"https:\/\/radiolifefm.com.br\/noticias\/wp-content\/uploads\/2022\/04\/WhatsApp-Image-2022-04-10-at-18.43.02.jpeg\",\"datePublished\":\"2024-07-08T11:05:31+00:00\",\"dateModified\":\"2026-04-06T02:34:30+00:00\",\"breadcrumb\":{\"@id\":\"https:\/\/radiolifefm.com.br\/noticias\/muito-alem-disto-ou-daquilo-com-o-carvalho-e-o-bezerro\/#breadcrumb\"},\"inLanguage\":\"pt-BR\",\"potentialAction\":[{\"@type\":\"ReadAction\",\"target\":[\"https:\/\/radiolifefm.com.br\/noticias\/muito-alem-disto-ou-daquilo-com-o-carvalho-e-o-bezerro\/\"]}]},{\"@type\":\"ImageObject\",\"inLanguage\":\"pt-BR\",\"@id\":\"https:\/\/radiolifefm.com.br\/noticias\/muito-alem-disto-ou-daquilo-com-o-carvalho-e-o-bezerro\/#primaryimage\",\"url\":\"https:\/\/radiolifefm.com.br\/noticias\/wp-content\/uploads\/2022\/04\/WhatsApp-Image-2022-04-10-at-18.43.02.jpeg\",\"contentUrl\":\"https:\/\/radiolifefm.com.br\/noticias\/wp-content\/uploads\/2022\/04\/WhatsApp-Image-2022-04-10-at-18.43.02.jpeg\",\"width\":972,\"height\":1296,\"caption\":\"S\u00e9rgio Barbosa\"},{\"@type\":\"BreadcrumbList\",\"@id\":\"https:\/\/radiolifefm.com.br\/noticias\/muito-alem-disto-ou-daquilo-com-o-carvalho-e-o-bezerro\/#breadcrumb\",\"itemListElement\":[{\"@type\":\"ListItem\",\"position\":1,\"name\":\"In\u00edcio\",\"item\":\"https:\/\/radiolifefm.com.br\/noticias\/\"},{\"@type\":\"ListItem\",\"position\":2,\"name\":\"Muito al\u00e9m disto ou daquilo com o CARVALHO e o BEZERRO&#8230;\"}]},{\"@type\":\"WebSite\",\"@id\":\"https:\/\/radiolifefm.com.br\/noticias\/#website\",\"url\":\"https:\/\/radiolifefm.com.br\/noticias\/\",\"name\":\"R\u00e1dio Life FM\",\"description\":\"O Portal de Not\u00edcias de Adamantina\",\"publisher\":{\"@id\":\"https:\/\/radiolifefm.com.br\/noticias\/#organization\"},\"alternateName\":\"Life FM\",\"potentialAction\":[{\"@type\":\"SearchAction\",\"target\":{\"@type\":\"EntryPoint\",\"urlTemplate\":\"https:\/\/radiolifefm.com.br\/noticias\/?s={search_term_string}\"},\"query-input\":{\"@type\":\"PropertyValueSpecification\",\"valueRequired\":true,\"valueName\":\"search_term_string\"}}],\"inLanguage\":\"pt-BR\"},{\"@type\":\"Organization\",\"@id\":\"https:\/\/radiolifefm.com.br\/noticias\/#organization\",\"name\":\"R\u00e1dio Life FM\",\"alternateName\":\"Life FM\",\"url\":\"https:\/\/radiolifefm.com.br\/noticias\/\",\"logo\":{\"@type\":\"ImageObject\",\"inLanguage\":\"pt-BR\",\"@id\":\"https:\/\/radiolifefm.com.br\/noticias\/#\/schema\/logo\/image\/\",\"url\":\"https:\/\/static.radiolifefm.com.br\/noticias\/wp-content\/uploads\/2019\/10\/logo-lifefm.png\",\"contentUrl\":\"https:\/\/static.radiolifefm.com.br\/noticias\/wp-content\/uploads\/2019\/10\/logo-lifefm.png\",\"width\":196,\"height\":47,\"caption\":\"R\u00e1dio Life FM\"},\"image\":{\"@id\":\"https:\/\/radiolifefm.com.br\/noticias\/#\/schema\/logo\/image\/\"},\"sameAs\":[\"https:\/\/www.facebook.com\/radiolifefm\/\",\"https:\/\/www.instagram.com\/life1079fm\/\"]},{\"@type\":\"Person\",\"@id\":\"https:\/\/radiolifefm.com.br\/noticias\/#\/schema\/person\/6339b9fac59d12b071dec680d7375d87\",\"name\":\"ritanery\",\"image\":{\"@type\":\"ImageObject\",\"inLanguage\":\"pt-BR\",\"@id\":\"https:\/\/secure.gravatar.com\/avatar\/0e37bb19071f47c0b8a23f62a903df117c5a0e75f65a0c2901562f97cd41cf86?s=96&d=mm&r=g\",\"url\":\"https:\/\/secure.gravatar.com\/avatar\/0e37bb19071f47c0b8a23f62a903df117c5a0e75f65a0c2901562f97cd41cf86?s=96&d=mm&r=g\",\"contentUrl\":\"https:\/\/secure.gravatar.com\/avatar\/0e37bb19071f47c0b8a23f62a903df117c5a0e75f65a0c2901562f97cd41cf86?s=96&d=mm&r=g\",\"caption\":\"ritanery\"}}]}<\/script>\n<!-- \/ Yoast SEO plugin. -->","yoast_head_json":{"title":"Muito al\u00e9m disto ou daquilo com o CARVALHO e o BEZERRO... - R\u00e1dio Life FM","robots":{"index":"index","follow":"follow","max-snippet":"max-snippet:-1","max-image-preview":"max-image-preview:large","max-video-preview":"max-video-preview:-1"},"canonical":"https:\/\/radiolifefm.com.br\/noticias\/muito-alem-disto-ou-daquilo-com-o-carvalho-e-o-bezerro\/","og_locale":"pt_BR","og_type":"article","og_title":"Muito al\u00e9m disto ou daquilo com o CARVALHO e o BEZERRO... - R\u00e1dio Life FM","og_description":"&#8220;H\u00e1 pessoas de vasto conhecimento que s\u00e3o basicamente tolas; e pessoas de pouco conhecimento, por\u00e9m, s\u00e1bias. Elas entendem a vida, a psicologia, a maneira certa de viver, sem conex\u00e3o com o conhecimento.&#8221; (Alexander Soljenitsin) \u00a0 By seb@r. J\u00e1 faz alguns meses, talvez, anos e anos, por\u00e9m, neste TEMPO NOVO TEMPO tudo vai INDO e VINDO, [&hellip;]","og_url":"https:\/\/radiolifefm.com.br\/noticias\/muito-alem-disto-ou-daquilo-com-o-carvalho-e-o-bezerro\/","og_site_name":"R\u00e1dio Life FM","article_publisher":"https:\/\/www.facebook.com\/radiolifefm\/","article_published_time":"2024-07-08T11:05:31+00:00","article_modified_time":"2026-04-06T02:34:30+00:00","og_image":[{"width":972,"height":1296,"url":"https:\/\/radiolifefm.com.br\/noticias\/wp-content\/uploads\/2022\/04\/WhatsApp-Image-2022-04-10-at-18.43.02.jpeg","type":"image\/jpeg"}],"author":"ritanery","twitter_card":"summary_large_image","twitter_misc":{"Escrito por":"ritanery","Est. tempo de leitura":"3 minutos"},"schema":{"@context":"https:\/\/schema.org","@graph":[{"@type":"Article","@id":"https:\/\/radiolifefm.com.br\/noticias\/muito-alem-disto-ou-daquilo-com-o-carvalho-e-o-bezerro\/#article","isPartOf":{"@id":"https:\/\/radiolifefm.com.br\/noticias\/muito-alem-disto-ou-daquilo-com-o-carvalho-e-o-bezerro\/"},"author":{"name":"ritanery","@id":"https:\/\/radiolifefm.com.br\/noticias\/#\/schema\/person\/6339b9fac59d12b071dec680d7375d87"},"headline":"Muito al\u00e9m disto ou daquilo com o CARVALHO e o BEZERRO&#8230;","datePublished":"2024-07-08T11:05:31+00:00","dateModified":"2026-04-06T02:34:30+00:00","mainEntityOfPage":{"@id":"https:\/\/radiolifefm.com.br\/noticias\/muito-alem-disto-ou-daquilo-com-o-carvalho-e-o-bezerro\/"},"wordCount":459,"publisher":{"@id":"https:\/\/radiolifefm.com.br\/noticias\/#organization"},"image":{"@id":"https:\/\/radiolifefm.com.br\/noticias\/muito-alem-disto-ou-daquilo-com-o-carvalho-e-o-bezerro\/#primaryimage"},"thumbnailUrl":"https:\/\/radiolifefm.com.br\/noticias\/wp-content\/uploads\/2022\/04\/WhatsApp-Image-2022-04-10-at-18.43.02.jpeg","articleSection":["Opini\u00e3o"],"inLanguage":"pt-BR"},{"@type":"WebPage","@id":"https:\/\/radiolifefm.com.br\/noticias\/muito-alem-disto-ou-daquilo-com-o-carvalho-e-o-bezerro\/","url":"https:\/\/radiolifefm.com.br\/noticias\/muito-alem-disto-ou-daquilo-com-o-carvalho-e-o-bezerro\/","name":"Muito al\u00e9m disto ou daquilo com o CARVALHO e o BEZERRO... - R\u00e1dio Life FM","isPartOf":{"@id":"https:\/\/radiolifefm.com.br\/noticias\/#website"},"primaryImageOfPage":{"@id":"https:\/\/radiolifefm.com.br\/noticias\/muito-alem-disto-ou-daquilo-com-o-carvalho-e-o-bezerro\/#primaryimage"},"image":{"@id":"https:\/\/radiolifefm.com.br\/noticias\/muito-alem-disto-ou-daquilo-com-o-carvalho-e-o-bezerro\/#primaryimage"},"thumbnailUrl":"https:\/\/radiolifefm.com.br\/noticias\/wp-content\/uploads\/2022\/04\/WhatsApp-Image-2022-04-10-at-18.43.02.jpeg","datePublished":"2024-07-08T11:05:31+00:00","dateModified":"2026-04-06T02:34:30+00:00","breadcrumb":{"@id":"https:\/\/radiolifefm.com.br\/noticias\/muito-alem-disto-ou-daquilo-com-o-carvalho-e-o-bezerro\/#breadcrumb"},"inLanguage":"pt-BR","potentialAction":[{"@type":"ReadAction","target":["https:\/\/radiolifefm.com.br\/noticias\/muito-alem-disto-ou-daquilo-com-o-carvalho-e-o-bezerro\/"]}]},{"@type":"ImageObject","inLanguage":"pt-BR","@id":"https:\/\/radiolifefm.com.br\/noticias\/muito-alem-disto-ou-daquilo-com-o-carvalho-e-o-bezerro\/#primaryimage","url":"https:\/\/radiolifefm.com.br\/noticias\/wp-content\/uploads\/2022\/04\/WhatsApp-Image-2022-04-10-at-18.43.02.jpeg","contentUrl":"https:\/\/radiolifefm.com.br\/noticias\/wp-content\/uploads\/2022\/04\/WhatsApp-Image-2022-04-10-at-18.43.02.jpeg","width":972,"height":1296,"caption":"S\u00e9rgio Barbosa"},{"@type":"BreadcrumbList","@id":"https:\/\/radiolifefm.com.br\/noticias\/muito-alem-disto-ou-daquilo-com-o-carvalho-e-o-bezerro\/#breadcrumb","itemListElement":[{"@type":"ListItem","position":1,"name":"In\u00edcio","item":"https:\/\/radiolifefm.com.br\/noticias\/"},{"@type":"ListItem","position":2,"name":"Muito al\u00e9m disto ou daquilo com o CARVALHO e o BEZERRO&#8230;"}]},{"@type":"WebSite","@id":"https:\/\/radiolifefm.com.br\/noticias\/#website","url":"https:\/\/radiolifefm.com.br\/noticias\/","name":"R\u00e1dio Life FM","description":"O Portal de Not\u00edcias de Adamantina","publisher":{"@id":"https:\/\/radiolifefm.com.br\/noticias\/#organization"},"alternateName":"Life FM","potentialAction":[{"@type":"SearchAction","target":{"@type":"EntryPoint","urlTemplate":"https:\/\/radiolifefm.com.br\/noticias\/?s={search_term_string}"},"query-input":{"@type":"PropertyValueSpecification","valueRequired":true,"valueName":"search_term_string"}}],"inLanguage":"pt-BR"},{"@type":"Organization","@id":"https:\/\/radiolifefm.com.br\/noticias\/#organization","name":"R\u00e1dio Life FM","alternateName":"Life FM","url":"https:\/\/radiolifefm.com.br\/noticias\/","logo":{"@type":"ImageObject","inLanguage":"pt-BR","@id":"https:\/\/radiolifefm.com.br\/noticias\/#\/schema\/logo\/image\/","url":"https:\/\/static.radiolifefm.com.br\/noticias\/wp-content\/uploads\/2019\/10\/logo-lifefm.png","contentUrl":"https:\/\/static.radiolifefm.com.br\/noticias\/wp-content\/uploads\/2019\/10\/logo-lifefm.png","width":196,"height":47,"caption":"R\u00e1dio Life FM"},"image":{"@id":"https:\/\/radiolifefm.com.br\/noticias\/#\/schema\/logo\/image\/"},"sameAs":["https:\/\/www.facebook.com\/radiolifefm\/","https:\/\/www.instagram.com\/life1079fm\/"]},{"@type":"Person","@id":"https:\/\/radiolifefm.com.br\/noticias\/#\/schema\/person\/6339b9fac59d12b071dec680d7375d87","name":"ritanery","image":{"@type":"ImageObject","inLanguage":"pt-BR","@id":"https:\/\/secure.gravatar.com\/avatar\/0e37bb19071f47c0b8a23f62a903df117c5a0e75f65a0c2901562f97cd41cf86?s=96&d=mm&r=g","url":"https:\/\/secure.gravatar.com\/avatar\/0e37bb19071f47c0b8a23f62a903df117c5a0e75f65a0c2901562f97cd41cf86?s=96&d=mm&r=g","contentUrl":"https:\/\/secure.gravatar.com\/avatar\/0e37bb19071f47c0b8a23f62a903df117c5a0e75f65a0c2901562f97cd41cf86?s=96&d=mm&r=g","caption":"ritanery"}}]}},"amp_enabled":true,"_links":{"self":[{"href":"https:\/\/radiolifefm.com.br\/noticias\/wp-json\/wp\/v2\/posts\/89841","targetHints":{"allow":["GET"]}}],"collection":[{"href":"https:\/\/radiolifefm.com.br\/noticias\/wp-json\/wp\/v2\/posts"}],"about":[{"href":"https:\/\/radiolifefm.com.br\/noticias\/wp-json\/wp\/v2\/types\/post"}],"author":[{"embeddable":true,"href":"https:\/\/radiolifefm.com.br\/noticias\/wp-json\/wp\/v2\/users\/13"}],"replies":[{"embeddable":true,"href":"https:\/\/radiolifefm.com.br\/noticias\/wp-json\/wp\/v2\/comments?post=89841"}],"version-history":[{"count":1,"href":"https:\/\/radiolifefm.com.br\/noticias\/wp-json\/wp\/v2\/posts\/89841\/revisions"}],"predecessor-version":[{"id":89842,"href":"https:\/\/radiolifefm.com.br\/noticias\/wp-json\/wp\/v2\/posts\/89841\/revisions\/89842"}],"wp:featuredmedia":[{"embeddable":true,"href":"https:\/\/radiolifefm.com.br\/noticias\/wp-json\/wp\/v2\/media\/51988"}],"wp:attachment":[{"href":"https:\/\/radiolifefm.com.br\/noticias\/wp-json\/wp\/v2\/media?parent=89841"}],"wp:term":[{"taxonomy":"category","embeddable":true,"href":"https:\/\/radiolifefm.com.br\/noticias\/wp-json\/wp\/v2\/categories?post=89841"},{"taxonomy":"post_tag","embeddable":true,"href":"https:\/\/radiolifefm.com.br\/noticias\/wp-json\/wp\/v2\/tags?post=89841"}],"curies":[{"name":"wp","href":"https:\/\/api.w.org\/{rel}","templated":true}]}}