{"id":89747,"date":"2024-07-05T08:11:13","date_gmt":"2024-07-05T11:11:13","guid":{"rendered":"https:\/\/radiolifefm.com.br\/noticias\/?p=89747"},"modified":"2026-04-17T17:54:23","modified_gmt":"2026-04-17T20:54:23","slug":"muito-alem-desta-provincia-do-faz-de-conta-2","status":"publish","type":"post","link":"https:\/\/radiolifefm.com.br\/noticias\/muito-alem-desta-provincia-do-faz-de-conta-2\/","title":{"rendered":"Muito al\u00e9m desta PROV\u00cdNCIA DO FAZ DE CONTA&#8230;"},"content":{"rendered":"<div id=\"fb-root\"><\/div>\n<p><strong><em>\u00a0\u201cA cruz e o sino s\u00e3o os s\u00edmbolos do poder da guerra, da f\u00e9 e da gl\u00f3ria.\u201d (<\/em><\/strong><strong><em><a href=\"https:\/\/www.pensador.com\/autor\/amauri_valim\/\">amauri valim<\/a>)<\/em><\/strong><\/p>\n<p><strong>\u00a0<\/strong><\/p>\n<p><strong>By seb@r.<\/strong><\/p>\n<p>Parece que o CEN\u00c1RIO PROVINCIANO continua mais complicado do que nunca com os tais PR\u00c9-CANDIDATOS ao EXECUTIVO MUNICIPAL em meio aos desencontros patrocinados pelos DESACORDOS deste e do outro lado de um mesmo lado&#8230;<\/p>\n<p>Os tais GRUPOS DE APOIO aos respectivos nomes, ainda, NADA CONTRA, ainda, NADA A FAVOR, bem como, MUITO PELO CONTR\u00c1RIO quanto aos indicados, deve-se REGISTRAR que s\u00e3o todos da famigerada DIREITA VOLVER&#8230;<\/p>\n<p>Portanto, o\/a ELEITOR\/A deve estar atendo as MOVIMENTA\u00c7\u00d5ES que sempre ocorrem pode debaixo dos PANOS (sic), ainda, est\u00e3o ocorrendo em NOME dos interesses de sempre, ou seja, do PODER pelo PODER em busca do PODER&#8230;<\/p>\n<p>Nas \u00faltimas elei\u00e7\u00f5es para o EXECUTIVO e LEGISLATIVO MUNICIPAL, registra-se que sempre valeu aquele DITO mais do que popular que diz, a saber: SE VOC\u00ca PENSA QUE T\u00c1 RUIM, PODE PIORAR&#8230;<\/p>\n<p>De um jeito ou de outro, tudo pode acontecer daqui pra frente com as tais COLIGA\u00c7\u00d5ES e PUXADAS DE TAPETE, haja vista o que ocorreu faz algumas semanas com aquele tal PARTIDO do GENOCIDA e assim por diante&#8230;<\/p>\n<p>S\u00e3o as MENTES MED\u00cdOCRES que continuam com suas ANDAN\u00c7AS em busca do SENSO COMUM mediado pela DESINFORMA\u00c7\u00c3O, desta forma, TODO CUIDADO \u00c9 POUCO com essa cambada de ALOPRADOS\/AS&#8230;<\/p>\n<p>Tamb\u00e9m, pelo DITO que pode ser N\u00c3O DITO, deve-se considerar que a GEST\u00c3O PINOQUIANA est\u00e1 inaugurando tudo e mais alguma coisa para marcar PRESEN\u00c7A neste CEN\u00c1RIO pr\u00e9-eleitoral&#8230;<\/p>\n<p>N\u00e3o se pode esperar muito al\u00e9m do esperado daqui pra frente quando ao GRUPO do PIN\u00d3QUIO PROVINCIANO, entretanto, os ARQUIVOS existentes das ETERNAS PROMESSAS n\u00e3o cumpridas continuam naquele ARM\u00c1RIO, todavia, tais ARMA\u00c7\u00d5ES ser\u00e3o USADAS e ABUSADAS quando o JOGO POL\u00cdTICO se tornar OFICIAL&#8230;<\/p>\n<p>De um jeito ou de outro, pode ser que os tais ADVERS\u00c1RIOS deste TEMPO, se tornem AMIGOS PR\u00d3XIMOS mais pra frente em nome dos interesses comuns, ainda, das eternas TROCAS NADA SIMB\u00d3LICAS&#8230;<\/p>\n<p>Espera-se que NADA fique distante deste JOGO VICIADO que predomina faz anos e anos, bem como, aquele outro DITO POPULAR que afirma: MUDAM AS MOSCAS, MAS A M&#8230; \u00c9 SEMPRE A MESMA&#8230;<\/p>\n<p>Cada qual com suas ESCOLHAS neste CEN\u00c1RIO que predomina neste momento, apenas a mesma IDEOLOGIA PARTID\u00c1RIA quanto aos PR\u00c9 de um mesmo PR\u00c9 com aquele outro PR\u00c9&#8230;<\/p>\n<p>Pra refor\u00e7ar, PERDERAM MAN\u00c9S!<\/p>\n<p>QUEM SOBREVIER VAI SABER&#8230;<\/p>\n<p>&nbsp;<\/p>\n<p>&nbsp;<\/p>\n<p><strong><u>e-mail: <\/u><\/strong><a href=\"mailto:barbosa.sebar@gmail.com\"><strong>barbosa.sebar@gmail.com<\/strong><\/a><\/p>\n","protected":false},"excerpt":{"rendered":"<p>\u00a0\u201cA cruz e o sino s\u00e3o os s\u00edmbolos do poder da guerra, da f\u00e9 e da gl\u00f3ria.\u201d (amauri valim) \u00a0 By seb@r. Parece que o CEN\u00c1RIO PROVINCIANO continua mais complicado do que nunca com os tais PR\u00c9-CANDIDATOS ao EXECUTIVO MUNICIPAL em meio aos desencontros patrocinados pelos DESACORDOS deste e do outro lado de um mesmo [&hellip;]<\/p>\n","protected":false},"author":13,"featured_media":51988,"comment_status":"closed","ping_status":"open","sticky":false,"template":"","format":"standard","meta":{"_acf_changed":false,"_exactmetrics_skip_tracking":false,"_exactmetrics_sitenote_active":false,"_exactmetrics_sitenote_note":"","_exactmetrics_sitenote_category":0,"footnotes":""},"categories":[59],"tags":[],"class_list":["post-89747","post","type-post","status-publish","format-standard","has-post-thumbnail","hentry","category-opiniao"],"acf":[],"yoast_head":"<!-- This site is optimized with the Yoast SEO plugin v27.2 - https:\/\/yoast.com\/product\/yoast-seo-wordpress\/ -->\n<title>Muito al\u00e9m desta PROV\u00cdNCIA DO FAZ DE CONTA... - R\u00e1dio Life FM<\/title>\n<meta name=\"robots\" content=\"index, follow, max-snippet:-1, max-image-preview:large, max-video-preview:-1\" \/>\n<link rel=\"canonical\" href=\"https:\/\/radiolifefm.com.br\/noticias\/muito-alem-desta-provincia-do-faz-de-conta-2\/\" \/>\n<meta property=\"og:locale\" content=\"pt_BR\" \/>\n<meta property=\"og:type\" content=\"article\" \/>\n<meta property=\"og:title\" content=\"Muito al\u00e9m desta PROV\u00cdNCIA DO FAZ DE CONTA... - R\u00e1dio Life FM\" \/>\n<meta property=\"og:description\" content=\"\u00a0\u201cA cruz e o sino s\u00e3o os s\u00edmbolos do poder da guerra, da f\u00e9 e da gl\u00f3ria.\u201d (amauri valim) \u00a0 By seb@r. Parece que o CEN\u00c1RIO PROVINCIANO continua mais complicado do que nunca com os tais PR\u00c9-CANDIDATOS ao EXECUTIVO MUNICIPAL em meio aos desencontros patrocinados pelos DESACORDOS deste e do outro lado de um mesmo [&hellip;]\" \/>\n<meta property=\"og:url\" content=\"https:\/\/radiolifefm.com.br\/noticias\/muito-alem-desta-provincia-do-faz-de-conta-2\/\" \/>\n<meta property=\"og:site_name\" content=\"R\u00e1dio Life FM\" \/>\n<meta property=\"article:publisher\" content=\"https:\/\/www.facebook.com\/radiolifefm\/\" \/>\n<meta property=\"article:published_time\" content=\"2024-07-05T11:11:13+00:00\" \/>\n<meta property=\"article:modified_time\" content=\"2026-04-17T20:54:23+00:00\" \/>\n<meta property=\"og:image\" content=\"https:\/\/radiolifefm.com.br\/noticias\/wp-content\/uploads\/2022\/04\/WhatsApp-Image-2022-04-10-at-18.43.02.jpeg\" \/>\n\t<meta property=\"og:image:width\" content=\"972\" \/>\n\t<meta property=\"og:image:height\" content=\"1296\" \/>\n\t<meta property=\"og:image:type\" content=\"image\/jpeg\" \/>\n<meta name=\"author\" content=\"ritanery\" \/>\n<meta name=\"twitter:card\" content=\"summary_large_image\" \/>\n<meta name=\"twitter:label1\" content=\"Escrito por\" \/>\n\t<meta name=\"twitter:data1\" content=\"ritanery\" \/>\n\t<meta name=\"twitter:label2\" content=\"Est. tempo de leitura\" \/>\n\t<meta name=\"twitter:data2\" content=\"3 minutos\" \/>\n<script type=\"application\/ld+json\" class=\"yoast-schema-graph\">{\"@context\":\"https:\/\/schema.org\",\"@graph\":[{\"@type\":\"Article\",\"@id\":\"https:\/\/radiolifefm.com.br\/noticias\/muito-alem-desta-provincia-do-faz-de-conta-2\/#article\",\"isPartOf\":{\"@id\":\"https:\/\/radiolifefm.com.br\/noticias\/muito-alem-desta-provincia-do-faz-de-conta-2\/\"},\"author\":{\"name\":\"ritanery\",\"@id\":\"https:\/\/radiolifefm.com.br\/noticias\/#\/schema\/person\/6339b9fac59d12b071dec680d7375d87\"},\"headline\":\"Muito al\u00e9m desta PROV\u00cdNCIA DO FAZ DE CONTA&#8230;\",\"datePublished\":\"2024-07-05T11:11:13+00:00\",\"dateModified\":\"2026-04-17T20:54:23+00:00\",\"mainEntityOfPage\":{\"@id\":\"https:\/\/radiolifefm.com.br\/noticias\/muito-alem-desta-provincia-do-faz-de-conta-2\/\"},\"wordCount\":443,\"publisher\":{\"@id\":\"https:\/\/radiolifefm.com.br\/noticias\/#organization\"},\"image\":{\"@id\":\"https:\/\/radiolifefm.com.br\/noticias\/muito-alem-desta-provincia-do-faz-de-conta-2\/#primaryimage\"},\"thumbnailUrl\":\"https:\/\/radiolifefm.com.br\/noticias\/wp-content\/uploads\/2022\/04\/WhatsApp-Image-2022-04-10-at-18.43.02.jpeg\",\"articleSection\":[\"Opini\u00e3o\"],\"inLanguage\":\"pt-BR\"},{\"@type\":\"WebPage\",\"@id\":\"https:\/\/radiolifefm.com.br\/noticias\/muito-alem-desta-provincia-do-faz-de-conta-2\/\",\"url\":\"https:\/\/radiolifefm.com.br\/noticias\/muito-alem-desta-provincia-do-faz-de-conta-2\/\",\"name\":\"Muito al\u00e9m desta PROV\u00cdNCIA DO FAZ DE CONTA... - R\u00e1dio Life FM\",\"isPartOf\":{\"@id\":\"https:\/\/radiolifefm.com.br\/noticias\/#website\"},\"primaryImageOfPage\":{\"@id\":\"https:\/\/radiolifefm.com.br\/noticias\/muito-alem-desta-provincia-do-faz-de-conta-2\/#primaryimage\"},\"image\":{\"@id\":\"https:\/\/radiolifefm.com.br\/noticias\/muito-alem-desta-provincia-do-faz-de-conta-2\/#primaryimage\"},\"thumbnailUrl\":\"https:\/\/radiolifefm.com.br\/noticias\/wp-content\/uploads\/2022\/04\/WhatsApp-Image-2022-04-10-at-18.43.02.jpeg\",\"datePublished\":\"2024-07-05T11:11:13+00:00\",\"dateModified\":\"2026-04-17T20:54:23+00:00\",\"breadcrumb\":{\"@id\":\"https:\/\/radiolifefm.com.br\/noticias\/muito-alem-desta-provincia-do-faz-de-conta-2\/#breadcrumb\"},\"inLanguage\":\"pt-BR\",\"potentialAction\":[{\"@type\":\"ReadAction\",\"target\":[\"https:\/\/radiolifefm.com.br\/noticias\/muito-alem-desta-provincia-do-faz-de-conta-2\/\"]}]},{\"@type\":\"ImageObject\",\"inLanguage\":\"pt-BR\",\"@id\":\"https:\/\/radiolifefm.com.br\/noticias\/muito-alem-desta-provincia-do-faz-de-conta-2\/#primaryimage\",\"url\":\"https:\/\/radiolifefm.com.br\/noticias\/wp-content\/uploads\/2022\/04\/WhatsApp-Image-2022-04-10-at-18.43.02.jpeg\",\"contentUrl\":\"https:\/\/radiolifefm.com.br\/noticias\/wp-content\/uploads\/2022\/04\/WhatsApp-Image-2022-04-10-at-18.43.02.jpeg\",\"width\":972,\"height\":1296,\"caption\":\"S\u00e9rgio Barbosa\"},{\"@type\":\"BreadcrumbList\",\"@id\":\"https:\/\/radiolifefm.com.br\/noticias\/muito-alem-desta-provincia-do-faz-de-conta-2\/#breadcrumb\",\"itemListElement\":[{\"@type\":\"ListItem\",\"position\":1,\"name\":\"In\u00edcio\",\"item\":\"https:\/\/radiolifefm.com.br\/noticias\/\"},{\"@type\":\"ListItem\",\"position\":2,\"name\":\"Muito al\u00e9m desta PROV\u00cdNCIA DO FAZ DE CONTA&#8230;\"}]},{\"@type\":\"WebSite\",\"@id\":\"https:\/\/radiolifefm.com.br\/noticias\/#website\",\"url\":\"https:\/\/radiolifefm.com.br\/noticias\/\",\"name\":\"R\u00e1dio Life FM\",\"description\":\"O Portal de Not\u00edcias de Adamantina\",\"publisher\":{\"@id\":\"https:\/\/radiolifefm.com.br\/noticias\/#organization\"},\"alternateName\":\"Life FM\",\"potentialAction\":[{\"@type\":\"SearchAction\",\"target\":{\"@type\":\"EntryPoint\",\"urlTemplate\":\"https:\/\/radiolifefm.com.br\/noticias\/?s={search_term_string}\"},\"query-input\":{\"@type\":\"PropertyValueSpecification\",\"valueRequired\":true,\"valueName\":\"search_term_string\"}}],\"inLanguage\":\"pt-BR\"},{\"@type\":\"Organization\",\"@id\":\"https:\/\/radiolifefm.com.br\/noticias\/#organization\",\"name\":\"R\u00e1dio Life FM\",\"alternateName\":\"Life FM\",\"url\":\"https:\/\/radiolifefm.com.br\/noticias\/\",\"logo\":{\"@type\":\"ImageObject\",\"inLanguage\":\"pt-BR\",\"@id\":\"https:\/\/radiolifefm.com.br\/noticias\/#\/schema\/logo\/image\/\",\"url\":\"https:\/\/static.radiolifefm.com.br\/noticias\/wp-content\/uploads\/2019\/10\/logo-lifefm.png\",\"contentUrl\":\"https:\/\/static.radiolifefm.com.br\/noticias\/wp-content\/uploads\/2019\/10\/logo-lifefm.png\",\"width\":196,\"height\":47,\"caption\":\"R\u00e1dio Life FM\"},\"image\":{\"@id\":\"https:\/\/radiolifefm.com.br\/noticias\/#\/schema\/logo\/image\/\"},\"sameAs\":[\"https:\/\/www.facebook.com\/radiolifefm\/\",\"https:\/\/www.instagram.com\/life1079fm\/\"]},{\"@type\":\"Person\",\"@id\":\"https:\/\/radiolifefm.com.br\/noticias\/#\/schema\/person\/6339b9fac59d12b071dec680d7375d87\",\"name\":\"ritanery\",\"image\":{\"@type\":\"ImageObject\",\"inLanguage\":\"pt-BR\",\"@id\":\"https:\/\/secure.gravatar.com\/avatar\/0e37bb19071f47c0b8a23f62a903df117c5a0e75f65a0c2901562f97cd41cf86?s=96&d=mm&r=g\",\"url\":\"https:\/\/secure.gravatar.com\/avatar\/0e37bb19071f47c0b8a23f62a903df117c5a0e75f65a0c2901562f97cd41cf86?s=96&d=mm&r=g\",\"contentUrl\":\"https:\/\/secure.gravatar.com\/avatar\/0e37bb19071f47c0b8a23f62a903df117c5a0e75f65a0c2901562f97cd41cf86?s=96&d=mm&r=g\",\"caption\":\"ritanery\"}}]}<\/script>\n<!-- \/ Yoast SEO plugin. -->","yoast_head_json":{"title":"Muito al\u00e9m desta PROV\u00cdNCIA DO FAZ DE CONTA... - R\u00e1dio Life FM","robots":{"index":"index","follow":"follow","max-snippet":"max-snippet:-1","max-image-preview":"max-image-preview:large","max-video-preview":"max-video-preview:-1"},"canonical":"https:\/\/radiolifefm.com.br\/noticias\/muito-alem-desta-provincia-do-faz-de-conta-2\/","og_locale":"pt_BR","og_type":"article","og_title":"Muito al\u00e9m desta PROV\u00cdNCIA DO FAZ DE CONTA... - R\u00e1dio Life FM","og_description":"\u00a0\u201cA cruz e o sino s\u00e3o os s\u00edmbolos do poder da guerra, da f\u00e9 e da gl\u00f3ria.\u201d (amauri valim) \u00a0 By seb@r. Parece que o CEN\u00c1RIO PROVINCIANO continua mais complicado do que nunca com os tais PR\u00c9-CANDIDATOS ao EXECUTIVO MUNICIPAL em meio aos desencontros patrocinados pelos DESACORDOS deste e do outro lado de um mesmo [&hellip;]","og_url":"https:\/\/radiolifefm.com.br\/noticias\/muito-alem-desta-provincia-do-faz-de-conta-2\/","og_site_name":"R\u00e1dio Life FM","article_publisher":"https:\/\/www.facebook.com\/radiolifefm\/","article_published_time":"2024-07-05T11:11:13+00:00","article_modified_time":"2026-04-17T20:54:23+00:00","og_image":[{"width":972,"height":1296,"url":"https:\/\/radiolifefm.com.br\/noticias\/wp-content\/uploads\/2022\/04\/WhatsApp-Image-2022-04-10-at-18.43.02.jpeg","type":"image\/jpeg"}],"author":"ritanery","twitter_card":"summary_large_image","twitter_misc":{"Escrito por":"ritanery","Est. tempo de leitura":"3 minutos"},"schema":{"@context":"https:\/\/schema.org","@graph":[{"@type":"Article","@id":"https:\/\/radiolifefm.com.br\/noticias\/muito-alem-desta-provincia-do-faz-de-conta-2\/#article","isPartOf":{"@id":"https:\/\/radiolifefm.com.br\/noticias\/muito-alem-desta-provincia-do-faz-de-conta-2\/"},"author":{"name":"ritanery","@id":"https:\/\/radiolifefm.com.br\/noticias\/#\/schema\/person\/6339b9fac59d12b071dec680d7375d87"},"headline":"Muito al\u00e9m desta PROV\u00cdNCIA DO FAZ DE CONTA&#8230;","datePublished":"2024-07-05T11:11:13+00:00","dateModified":"2026-04-17T20:54:23+00:00","mainEntityOfPage":{"@id":"https:\/\/radiolifefm.com.br\/noticias\/muito-alem-desta-provincia-do-faz-de-conta-2\/"},"wordCount":443,"publisher":{"@id":"https:\/\/radiolifefm.com.br\/noticias\/#organization"},"image":{"@id":"https:\/\/radiolifefm.com.br\/noticias\/muito-alem-desta-provincia-do-faz-de-conta-2\/#primaryimage"},"thumbnailUrl":"https:\/\/radiolifefm.com.br\/noticias\/wp-content\/uploads\/2022\/04\/WhatsApp-Image-2022-04-10-at-18.43.02.jpeg","articleSection":["Opini\u00e3o"],"inLanguage":"pt-BR"},{"@type":"WebPage","@id":"https:\/\/radiolifefm.com.br\/noticias\/muito-alem-desta-provincia-do-faz-de-conta-2\/","url":"https:\/\/radiolifefm.com.br\/noticias\/muito-alem-desta-provincia-do-faz-de-conta-2\/","name":"Muito al\u00e9m desta PROV\u00cdNCIA DO FAZ DE CONTA... - R\u00e1dio Life FM","isPartOf":{"@id":"https:\/\/radiolifefm.com.br\/noticias\/#website"},"primaryImageOfPage":{"@id":"https:\/\/radiolifefm.com.br\/noticias\/muito-alem-desta-provincia-do-faz-de-conta-2\/#primaryimage"},"image":{"@id":"https:\/\/radiolifefm.com.br\/noticias\/muito-alem-desta-provincia-do-faz-de-conta-2\/#primaryimage"},"thumbnailUrl":"https:\/\/radiolifefm.com.br\/noticias\/wp-content\/uploads\/2022\/04\/WhatsApp-Image-2022-04-10-at-18.43.02.jpeg","datePublished":"2024-07-05T11:11:13+00:00","dateModified":"2026-04-17T20:54:23+00:00","breadcrumb":{"@id":"https:\/\/radiolifefm.com.br\/noticias\/muito-alem-desta-provincia-do-faz-de-conta-2\/#breadcrumb"},"inLanguage":"pt-BR","potentialAction":[{"@type":"ReadAction","target":["https:\/\/radiolifefm.com.br\/noticias\/muito-alem-desta-provincia-do-faz-de-conta-2\/"]}]},{"@type":"ImageObject","inLanguage":"pt-BR","@id":"https:\/\/radiolifefm.com.br\/noticias\/muito-alem-desta-provincia-do-faz-de-conta-2\/#primaryimage","url":"https:\/\/radiolifefm.com.br\/noticias\/wp-content\/uploads\/2022\/04\/WhatsApp-Image-2022-04-10-at-18.43.02.jpeg","contentUrl":"https:\/\/radiolifefm.com.br\/noticias\/wp-content\/uploads\/2022\/04\/WhatsApp-Image-2022-04-10-at-18.43.02.jpeg","width":972,"height":1296,"caption":"S\u00e9rgio Barbosa"},{"@type":"BreadcrumbList","@id":"https:\/\/radiolifefm.com.br\/noticias\/muito-alem-desta-provincia-do-faz-de-conta-2\/#breadcrumb","itemListElement":[{"@type":"ListItem","position":1,"name":"In\u00edcio","item":"https:\/\/radiolifefm.com.br\/noticias\/"},{"@type":"ListItem","position":2,"name":"Muito al\u00e9m desta PROV\u00cdNCIA DO FAZ DE CONTA&#8230;"}]},{"@type":"WebSite","@id":"https:\/\/radiolifefm.com.br\/noticias\/#website","url":"https:\/\/radiolifefm.com.br\/noticias\/","name":"R\u00e1dio Life FM","description":"O Portal de Not\u00edcias de Adamantina","publisher":{"@id":"https:\/\/radiolifefm.com.br\/noticias\/#organization"},"alternateName":"Life FM","potentialAction":[{"@type":"SearchAction","target":{"@type":"EntryPoint","urlTemplate":"https:\/\/radiolifefm.com.br\/noticias\/?s={search_term_string}"},"query-input":{"@type":"PropertyValueSpecification","valueRequired":true,"valueName":"search_term_string"}}],"inLanguage":"pt-BR"},{"@type":"Organization","@id":"https:\/\/radiolifefm.com.br\/noticias\/#organization","name":"R\u00e1dio Life FM","alternateName":"Life FM","url":"https:\/\/radiolifefm.com.br\/noticias\/","logo":{"@type":"ImageObject","inLanguage":"pt-BR","@id":"https:\/\/radiolifefm.com.br\/noticias\/#\/schema\/logo\/image\/","url":"https:\/\/static.radiolifefm.com.br\/noticias\/wp-content\/uploads\/2019\/10\/logo-lifefm.png","contentUrl":"https:\/\/static.radiolifefm.com.br\/noticias\/wp-content\/uploads\/2019\/10\/logo-lifefm.png","width":196,"height":47,"caption":"R\u00e1dio Life FM"},"image":{"@id":"https:\/\/radiolifefm.com.br\/noticias\/#\/schema\/logo\/image\/"},"sameAs":["https:\/\/www.facebook.com\/radiolifefm\/","https:\/\/www.instagram.com\/life1079fm\/"]},{"@type":"Person","@id":"https:\/\/radiolifefm.com.br\/noticias\/#\/schema\/person\/6339b9fac59d12b071dec680d7375d87","name":"ritanery","image":{"@type":"ImageObject","inLanguage":"pt-BR","@id":"https:\/\/secure.gravatar.com\/avatar\/0e37bb19071f47c0b8a23f62a903df117c5a0e75f65a0c2901562f97cd41cf86?s=96&d=mm&r=g","url":"https:\/\/secure.gravatar.com\/avatar\/0e37bb19071f47c0b8a23f62a903df117c5a0e75f65a0c2901562f97cd41cf86?s=96&d=mm&r=g","contentUrl":"https:\/\/secure.gravatar.com\/avatar\/0e37bb19071f47c0b8a23f62a903df117c5a0e75f65a0c2901562f97cd41cf86?s=96&d=mm&r=g","caption":"ritanery"}}]}},"amp_enabled":true,"_links":{"self":[{"href":"https:\/\/radiolifefm.com.br\/noticias\/wp-json\/wp\/v2\/posts\/89747","targetHints":{"allow":["GET"]}}],"collection":[{"href":"https:\/\/radiolifefm.com.br\/noticias\/wp-json\/wp\/v2\/posts"}],"about":[{"href":"https:\/\/radiolifefm.com.br\/noticias\/wp-json\/wp\/v2\/types\/post"}],"author":[{"embeddable":true,"href":"https:\/\/radiolifefm.com.br\/noticias\/wp-json\/wp\/v2\/users\/13"}],"replies":[{"embeddable":true,"href":"https:\/\/radiolifefm.com.br\/noticias\/wp-json\/wp\/v2\/comments?post=89747"}],"version-history":[{"count":1,"href":"https:\/\/radiolifefm.com.br\/noticias\/wp-json\/wp\/v2\/posts\/89747\/revisions"}],"predecessor-version":[{"id":89748,"href":"https:\/\/radiolifefm.com.br\/noticias\/wp-json\/wp\/v2\/posts\/89747\/revisions\/89748"}],"wp:featuredmedia":[{"embeddable":true,"href":"https:\/\/radiolifefm.com.br\/noticias\/wp-json\/wp\/v2\/media\/51988"}],"wp:attachment":[{"href":"https:\/\/radiolifefm.com.br\/noticias\/wp-json\/wp\/v2\/media?parent=89747"}],"wp:term":[{"taxonomy":"category","embeddable":true,"href":"https:\/\/radiolifefm.com.br\/noticias\/wp-json\/wp\/v2\/categories?post=89747"},{"taxonomy":"post_tag","embeddable":true,"href":"https:\/\/radiolifefm.com.br\/noticias\/wp-json\/wp\/v2\/tags?post=89747"}],"curies":[{"name":"wp","href":"https:\/\/api.w.org\/{rel}","templated":true}]}}