{"id":89471,"date":"2024-07-01T08:53:03","date_gmt":"2024-07-01T11:53:03","guid":{"rendered":"https:\/\/radiolifefm.com.br\/noticias\/?p=89471"},"modified":"2026-04-10T17:47:51","modified_gmt":"2026-04-10T20:47:51","slug":"educacao-sem-educacao","status":"publish","type":"post","link":"https:\/\/radiolifefm.com.br\/noticias\/educacao-sem-educacao\/","title":{"rendered":"Educa\u00e7\u00e3o sem educa\u00e7\u00e3o&#8230;"},"content":{"rendered":"<div id=\"fb-root\"><\/div>\n<p>\u201cOs que comem demais s\u00e3o sempre os mais gordos; os que l\u00eaem demais nem sempre s\u00e3o os mais s\u00e1bios\u201d (Camilo Castelo Branco)<\/p>\n<p>&nbsp;<\/p>\n<p><strong><em>By seb@r.<\/em><\/strong><\/p>\n<p>&nbsp;<\/p>\n<p>A situa\u00e7\u00e3o da educa\u00e7\u00e3o neste pa\u00eds anda mal das pernas, mesmo com as famosas estat\u00edsticas dos governos em n\u00edveis municipal, estadual e federal&#8230;<\/p>\n<p>Est\u00e1 na hora dos nossos governantes sentirem que o tempo \u00e9 o inimigo n\u00famero um dos descasos e incompet\u00eancia de d\u00e9cadas, assim, \u00e9 necess\u00e1rio correr contra o atraso educacional neste pa\u00eds&#8230;<\/p>\n<p>As institui\u00e7\u00f5es universit\u00e1rias sob tutela do poder p\u00fablico em n\u00edveis estadual e federal est\u00e3o em situa\u00e7\u00e3o delicada neste momento, as greves s\u00e3o resultados deste quadro institucional-educacional&#8230;<\/p>\n<p>Os sucessivos planos econ\u00f4micos atrelados ao poder p\u00fablico em n\u00edvel federal n\u00e3o conseguiram atender de forma satisfat\u00f3ria seus objetivos, sendo que, as \u00e1reas que mais sofreram cortes foram \u00e0 educa\u00e7\u00e3o e a social&#8230;<\/p>\n<p>O pa\u00eds continua sem rumo neste momento, como sempre, surgem nas \u00e1reas do judici\u00e1rio, legislativo e executivo, ainda, com in\u00fameras explica\u00e7\u00f5es sobre tudo e todos, por\u00e9m, os resultados n\u00e3o demonstram dados que possam servir como suporte de \u00e9tica e cidadania&#8230;<\/p>\n<p>&nbsp;<\/p>\n<h1>Situa\u00e7\u00f5es e contexto<\/h1>\n<p>&nbsp;<\/p>\n<p>Tamb\u00e9m, pudera, somos uma na\u00e7\u00e3o (sic) sem passado, a hist\u00f3ria n\u00e3o representa muita coisa para os donos do poder institucional, assim, cada vez mais, vamos ficando na periferia dos acontecimentos em quest\u00f5es de conjuntura nos meios econ\u00f4micos internacionais&#8230;<\/p>\n<p>As muitas situa\u00e7\u00f5es deste contexto deixam muitas d\u00favidas quando aos procedimentos do poder p\u00fablico nesta \u00e1rea, al\u00e9m do mais, existem os desencontros entre as partes envolvidas em projetos educacionais&#8230;<\/p>\n<p>O tempo avan\u00e7a em ritmo de p\u00f3s-globaliza\u00e7\u00e3o, assim, cada vez mais, \u00e9 preciso estar em sintonia com o avan\u00e7o tecnol\u00f3gico por meio das denominadas Plataformas digitais, ainda, nas \u00e1reas afins aos interesses da sociedade, considerando que o compromisso \u00e9 coletivo e n\u00e3o individual&#8230;<\/p>\n<p>Diz um dito popular <em>o futuro a Deus pertence<\/em> e outro afirma: \u201cDeus \u00e9 brasileiro\u201d; menos mal para o pa\u00eds em foco, al\u00e9m do mais, tamb\u00e9m compartilhamos uma outra estat\u00edstica: <em>O Brasil \u00e9 o maior pa\u00eds cat\u00f3lico do mundo, por\u00e9m, tudo indica que em breve ser\u00e1 o MAIOR PA\u00cdS EVANG\u00c9LICO ou NEO-PENTECOSTAL (sic) do Planeta&#8230;<\/em><\/p>\n<p>Neste contexto, entre o sagrado e o profano, pode-se perguntar o seguinte: <em>Ser\u00e1 verdade\u00a0 tudo isto ou aquilo que ouvimos nas esquinas das PROV\u00cdNCIAS deste PA\u00cdS DO FAZ DE CONTA?\u00a0 <\/em><\/p>\n<p><em>\u00a0<\/em><\/p>\n<p><em>\u00a0<\/em><\/p>\n<p><strong><em><u>e-mail: <a href=\"mailto:barbosa.sebar@gmail.com\">barbosa.sebar@gmail.com<\/a><\/u><\/em><\/strong><\/p>\n<p><em>\u00a0<\/em><\/p>\n","protected":false},"excerpt":{"rendered":"<p>\u201cOs que comem demais s\u00e3o sempre os mais gordos; os que l\u00eaem demais nem sempre s\u00e3o os mais s\u00e1bios\u201d (Camilo Castelo Branco) &nbsp; By seb@r. &nbsp; A situa\u00e7\u00e3o da educa\u00e7\u00e3o neste pa\u00eds anda mal das pernas, mesmo com as famosas estat\u00edsticas dos governos em n\u00edveis municipal, estadual e federal&#8230; Est\u00e1 na hora dos nossos governantes [&hellip;]<\/p>\n","protected":false},"author":13,"featured_media":51988,"comment_status":"closed","ping_status":"open","sticky":false,"template":"","format":"standard","meta":{"_acf_changed":false,"_exactmetrics_skip_tracking":false,"_exactmetrics_sitenote_active":false,"_exactmetrics_sitenote_note":"","_exactmetrics_sitenote_category":0,"footnotes":""},"categories":[59],"tags":[],"class_list":["post-89471","post","type-post","status-publish","format-standard","has-post-thumbnail","hentry","category-opiniao"],"acf":[],"yoast_head":"<!-- This site is optimized with the Yoast SEO plugin v27.2 - https:\/\/yoast.com\/product\/yoast-seo-wordpress\/ -->\n<title>Educa\u00e7\u00e3o sem educa\u00e7\u00e3o... - R\u00e1dio Life FM<\/title>\n<meta name=\"robots\" content=\"index, follow, max-snippet:-1, max-image-preview:large, max-video-preview:-1\" \/>\n<link rel=\"canonical\" href=\"https:\/\/radiolifefm.com.br\/noticias\/educacao-sem-educacao\/\" \/>\n<meta property=\"og:locale\" content=\"pt_BR\" \/>\n<meta property=\"og:type\" content=\"article\" \/>\n<meta property=\"og:title\" content=\"Educa\u00e7\u00e3o sem educa\u00e7\u00e3o... - R\u00e1dio Life FM\" \/>\n<meta property=\"og:description\" content=\"\u201cOs que comem demais s\u00e3o sempre os mais gordos; os que l\u00eaem demais nem sempre s\u00e3o os mais s\u00e1bios\u201d (Camilo Castelo Branco) &nbsp; By seb@r. &nbsp; A situa\u00e7\u00e3o da educa\u00e7\u00e3o neste pa\u00eds anda mal das pernas, mesmo com as famosas estat\u00edsticas dos governos em n\u00edveis municipal, estadual e federal&#8230; Est\u00e1 na hora dos nossos governantes [&hellip;]\" \/>\n<meta property=\"og:url\" content=\"https:\/\/radiolifefm.com.br\/noticias\/educacao-sem-educacao\/\" \/>\n<meta property=\"og:site_name\" content=\"R\u00e1dio Life FM\" \/>\n<meta property=\"article:publisher\" content=\"https:\/\/www.facebook.com\/radiolifefm\/\" \/>\n<meta property=\"article:published_time\" content=\"2024-07-01T11:53:03+00:00\" \/>\n<meta property=\"article:modified_time\" content=\"2026-04-10T20:47:51+00:00\" \/>\n<meta property=\"og:image\" content=\"https:\/\/radiolifefm.com.br\/noticias\/wp-content\/uploads\/2022\/04\/WhatsApp-Image-2022-04-10-at-18.43.02.jpeg\" \/>\n\t<meta property=\"og:image:width\" content=\"972\" \/>\n\t<meta property=\"og:image:height\" content=\"1296\" \/>\n\t<meta property=\"og:image:type\" content=\"image\/jpeg\" \/>\n<meta name=\"author\" content=\"ritanery\" \/>\n<meta name=\"twitter:card\" content=\"summary_large_image\" \/>\n<meta name=\"twitter:label1\" content=\"Escrito por\" \/>\n\t<meta name=\"twitter:data1\" content=\"ritanery\" \/>\n\t<meta name=\"twitter:label2\" content=\"Est. tempo de leitura\" \/>\n\t<meta name=\"twitter:data2\" content=\"3 minutos\" \/>\n<script type=\"application\/ld+json\" class=\"yoast-schema-graph\">{\"@context\":\"https:\/\/schema.org\",\"@graph\":[{\"@type\":\"Article\",\"@id\":\"https:\/\/radiolifefm.com.br\/noticias\/educacao-sem-educacao\/#article\",\"isPartOf\":{\"@id\":\"https:\/\/radiolifefm.com.br\/noticias\/educacao-sem-educacao\/\"},\"author\":{\"name\":\"ritanery\",\"@id\":\"https:\/\/radiolifefm.com.br\/noticias\/#\/schema\/person\/6339b9fac59d12b071dec680d7375d87\"},\"headline\":\"Educa\u00e7\u00e3o sem educa\u00e7\u00e3o&#8230;\",\"datePublished\":\"2024-07-01T11:53:03+00:00\",\"dateModified\":\"2026-04-10T20:47:51+00:00\",\"mainEntityOfPage\":{\"@id\":\"https:\/\/radiolifefm.com.br\/noticias\/educacao-sem-educacao\/\"},\"wordCount\":444,\"publisher\":{\"@id\":\"https:\/\/radiolifefm.com.br\/noticias\/#organization\"},\"image\":{\"@id\":\"https:\/\/radiolifefm.com.br\/noticias\/educacao-sem-educacao\/#primaryimage\"},\"thumbnailUrl\":\"https:\/\/radiolifefm.com.br\/noticias\/wp-content\/uploads\/2022\/04\/WhatsApp-Image-2022-04-10-at-18.43.02.jpeg\",\"articleSection\":[\"Opini\u00e3o\"],\"inLanguage\":\"pt-BR\"},{\"@type\":\"WebPage\",\"@id\":\"https:\/\/radiolifefm.com.br\/noticias\/educacao-sem-educacao\/\",\"url\":\"https:\/\/radiolifefm.com.br\/noticias\/educacao-sem-educacao\/\",\"name\":\"Educa\u00e7\u00e3o sem educa\u00e7\u00e3o... - R\u00e1dio Life FM\",\"isPartOf\":{\"@id\":\"https:\/\/radiolifefm.com.br\/noticias\/#website\"},\"primaryImageOfPage\":{\"@id\":\"https:\/\/radiolifefm.com.br\/noticias\/educacao-sem-educacao\/#primaryimage\"},\"image\":{\"@id\":\"https:\/\/radiolifefm.com.br\/noticias\/educacao-sem-educacao\/#primaryimage\"},\"thumbnailUrl\":\"https:\/\/radiolifefm.com.br\/noticias\/wp-content\/uploads\/2022\/04\/WhatsApp-Image-2022-04-10-at-18.43.02.jpeg\",\"datePublished\":\"2024-07-01T11:53:03+00:00\",\"dateModified\":\"2026-04-10T20:47:51+00:00\",\"breadcrumb\":{\"@id\":\"https:\/\/radiolifefm.com.br\/noticias\/educacao-sem-educacao\/#breadcrumb\"},\"inLanguage\":\"pt-BR\",\"potentialAction\":[{\"@type\":\"ReadAction\",\"target\":[\"https:\/\/radiolifefm.com.br\/noticias\/educacao-sem-educacao\/\"]}]},{\"@type\":\"ImageObject\",\"inLanguage\":\"pt-BR\",\"@id\":\"https:\/\/radiolifefm.com.br\/noticias\/educacao-sem-educacao\/#primaryimage\",\"url\":\"https:\/\/radiolifefm.com.br\/noticias\/wp-content\/uploads\/2022\/04\/WhatsApp-Image-2022-04-10-at-18.43.02.jpeg\",\"contentUrl\":\"https:\/\/radiolifefm.com.br\/noticias\/wp-content\/uploads\/2022\/04\/WhatsApp-Image-2022-04-10-at-18.43.02.jpeg\",\"width\":972,\"height\":1296,\"caption\":\"S\u00e9rgio Barbosa\"},{\"@type\":\"BreadcrumbList\",\"@id\":\"https:\/\/radiolifefm.com.br\/noticias\/educacao-sem-educacao\/#breadcrumb\",\"itemListElement\":[{\"@type\":\"ListItem\",\"position\":1,\"name\":\"In\u00edcio\",\"item\":\"https:\/\/radiolifefm.com.br\/noticias\/\"},{\"@type\":\"ListItem\",\"position\":2,\"name\":\"Educa\u00e7\u00e3o sem educa\u00e7\u00e3o&#8230;\"}]},{\"@type\":\"WebSite\",\"@id\":\"https:\/\/radiolifefm.com.br\/noticias\/#website\",\"url\":\"https:\/\/radiolifefm.com.br\/noticias\/\",\"name\":\"R\u00e1dio Life FM\",\"description\":\"O Portal de Not\u00edcias de Adamantina\",\"publisher\":{\"@id\":\"https:\/\/radiolifefm.com.br\/noticias\/#organization\"},\"alternateName\":\"Life FM\",\"potentialAction\":[{\"@type\":\"SearchAction\",\"target\":{\"@type\":\"EntryPoint\",\"urlTemplate\":\"https:\/\/radiolifefm.com.br\/noticias\/?s={search_term_string}\"},\"query-input\":{\"@type\":\"PropertyValueSpecification\",\"valueRequired\":true,\"valueName\":\"search_term_string\"}}],\"inLanguage\":\"pt-BR\"},{\"@type\":\"Organization\",\"@id\":\"https:\/\/radiolifefm.com.br\/noticias\/#organization\",\"name\":\"R\u00e1dio Life FM\",\"alternateName\":\"Life FM\",\"url\":\"https:\/\/radiolifefm.com.br\/noticias\/\",\"logo\":{\"@type\":\"ImageObject\",\"inLanguage\":\"pt-BR\",\"@id\":\"https:\/\/radiolifefm.com.br\/noticias\/#\/schema\/logo\/image\/\",\"url\":\"https:\/\/static.radiolifefm.com.br\/noticias\/wp-content\/uploads\/2019\/10\/logo-lifefm.png\",\"contentUrl\":\"https:\/\/static.radiolifefm.com.br\/noticias\/wp-content\/uploads\/2019\/10\/logo-lifefm.png\",\"width\":196,\"height\":47,\"caption\":\"R\u00e1dio Life FM\"},\"image\":{\"@id\":\"https:\/\/radiolifefm.com.br\/noticias\/#\/schema\/logo\/image\/\"},\"sameAs\":[\"https:\/\/www.facebook.com\/radiolifefm\/\",\"https:\/\/www.instagram.com\/life1079fm\/\"]},{\"@type\":\"Person\",\"@id\":\"https:\/\/radiolifefm.com.br\/noticias\/#\/schema\/person\/6339b9fac59d12b071dec680d7375d87\",\"name\":\"ritanery\",\"image\":{\"@type\":\"ImageObject\",\"inLanguage\":\"pt-BR\",\"@id\":\"https:\/\/secure.gravatar.com\/avatar\/0e37bb19071f47c0b8a23f62a903df117c5a0e75f65a0c2901562f97cd41cf86?s=96&d=mm&r=g\",\"url\":\"https:\/\/secure.gravatar.com\/avatar\/0e37bb19071f47c0b8a23f62a903df117c5a0e75f65a0c2901562f97cd41cf86?s=96&d=mm&r=g\",\"contentUrl\":\"https:\/\/secure.gravatar.com\/avatar\/0e37bb19071f47c0b8a23f62a903df117c5a0e75f65a0c2901562f97cd41cf86?s=96&d=mm&r=g\",\"caption\":\"ritanery\"}}]}<\/script>\n<!-- \/ Yoast SEO plugin. -->","yoast_head_json":{"title":"Educa\u00e7\u00e3o sem educa\u00e7\u00e3o... - R\u00e1dio Life FM","robots":{"index":"index","follow":"follow","max-snippet":"max-snippet:-1","max-image-preview":"max-image-preview:large","max-video-preview":"max-video-preview:-1"},"canonical":"https:\/\/radiolifefm.com.br\/noticias\/educacao-sem-educacao\/","og_locale":"pt_BR","og_type":"article","og_title":"Educa\u00e7\u00e3o sem educa\u00e7\u00e3o... - R\u00e1dio Life FM","og_description":"\u201cOs que comem demais s\u00e3o sempre os mais gordos; os que l\u00eaem demais nem sempre s\u00e3o os mais s\u00e1bios\u201d (Camilo Castelo Branco) &nbsp; By seb@r. &nbsp; A situa\u00e7\u00e3o da educa\u00e7\u00e3o neste pa\u00eds anda mal das pernas, mesmo com as famosas estat\u00edsticas dos governos em n\u00edveis municipal, estadual e federal&#8230; Est\u00e1 na hora dos nossos governantes [&hellip;]","og_url":"https:\/\/radiolifefm.com.br\/noticias\/educacao-sem-educacao\/","og_site_name":"R\u00e1dio Life FM","article_publisher":"https:\/\/www.facebook.com\/radiolifefm\/","article_published_time":"2024-07-01T11:53:03+00:00","article_modified_time":"2026-04-10T20:47:51+00:00","og_image":[{"width":972,"height":1296,"url":"https:\/\/radiolifefm.com.br\/noticias\/wp-content\/uploads\/2022\/04\/WhatsApp-Image-2022-04-10-at-18.43.02.jpeg","type":"image\/jpeg"}],"author":"ritanery","twitter_card":"summary_large_image","twitter_misc":{"Escrito por":"ritanery","Est. tempo de leitura":"3 minutos"},"schema":{"@context":"https:\/\/schema.org","@graph":[{"@type":"Article","@id":"https:\/\/radiolifefm.com.br\/noticias\/educacao-sem-educacao\/#article","isPartOf":{"@id":"https:\/\/radiolifefm.com.br\/noticias\/educacao-sem-educacao\/"},"author":{"name":"ritanery","@id":"https:\/\/radiolifefm.com.br\/noticias\/#\/schema\/person\/6339b9fac59d12b071dec680d7375d87"},"headline":"Educa\u00e7\u00e3o sem educa\u00e7\u00e3o&#8230;","datePublished":"2024-07-01T11:53:03+00:00","dateModified":"2026-04-10T20:47:51+00:00","mainEntityOfPage":{"@id":"https:\/\/radiolifefm.com.br\/noticias\/educacao-sem-educacao\/"},"wordCount":444,"publisher":{"@id":"https:\/\/radiolifefm.com.br\/noticias\/#organization"},"image":{"@id":"https:\/\/radiolifefm.com.br\/noticias\/educacao-sem-educacao\/#primaryimage"},"thumbnailUrl":"https:\/\/radiolifefm.com.br\/noticias\/wp-content\/uploads\/2022\/04\/WhatsApp-Image-2022-04-10-at-18.43.02.jpeg","articleSection":["Opini\u00e3o"],"inLanguage":"pt-BR"},{"@type":"WebPage","@id":"https:\/\/radiolifefm.com.br\/noticias\/educacao-sem-educacao\/","url":"https:\/\/radiolifefm.com.br\/noticias\/educacao-sem-educacao\/","name":"Educa\u00e7\u00e3o sem educa\u00e7\u00e3o... - R\u00e1dio Life FM","isPartOf":{"@id":"https:\/\/radiolifefm.com.br\/noticias\/#website"},"primaryImageOfPage":{"@id":"https:\/\/radiolifefm.com.br\/noticias\/educacao-sem-educacao\/#primaryimage"},"image":{"@id":"https:\/\/radiolifefm.com.br\/noticias\/educacao-sem-educacao\/#primaryimage"},"thumbnailUrl":"https:\/\/radiolifefm.com.br\/noticias\/wp-content\/uploads\/2022\/04\/WhatsApp-Image-2022-04-10-at-18.43.02.jpeg","datePublished":"2024-07-01T11:53:03+00:00","dateModified":"2026-04-10T20:47:51+00:00","breadcrumb":{"@id":"https:\/\/radiolifefm.com.br\/noticias\/educacao-sem-educacao\/#breadcrumb"},"inLanguage":"pt-BR","potentialAction":[{"@type":"ReadAction","target":["https:\/\/radiolifefm.com.br\/noticias\/educacao-sem-educacao\/"]}]},{"@type":"ImageObject","inLanguage":"pt-BR","@id":"https:\/\/radiolifefm.com.br\/noticias\/educacao-sem-educacao\/#primaryimage","url":"https:\/\/radiolifefm.com.br\/noticias\/wp-content\/uploads\/2022\/04\/WhatsApp-Image-2022-04-10-at-18.43.02.jpeg","contentUrl":"https:\/\/radiolifefm.com.br\/noticias\/wp-content\/uploads\/2022\/04\/WhatsApp-Image-2022-04-10-at-18.43.02.jpeg","width":972,"height":1296,"caption":"S\u00e9rgio Barbosa"},{"@type":"BreadcrumbList","@id":"https:\/\/radiolifefm.com.br\/noticias\/educacao-sem-educacao\/#breadcrumb","itemListElement":[{"@type":"ListItem","position":1,"name":"In\u00edcio","item":"https:\/\/radiolifefm.com.br\/noticias\/"},{"@type":"ListItem","position":2,"name":"Educa\u00e7\u00e3o sem educa\u00e7\u00e3o&#8230;"}]},{"@type":"WebSite","@id":"https:\/\/radiolifefm.com.br\/noticias\/#website","url":"https:\/\/radiolifefm.com.br\/noticias\/","name":"R\u00e1dio Life FM","description":"O Portal de Not\u00edcias de Adamantina","publisher":{"@id":"https:\/\/radiolifefm.com.br\/noticias\/#organization"},"alternateName":"Life FM","potentialAction":[{"@type":"SearchAction","target":{"@type":"EntryPoint","urlTemplate":"https:\/\/radiolifefm.com.br\/noticias\/?s={search_term_string}"},"query-input":{"@type":"PropertyValueSpecification","valueRequired":true,"valueName":"search_term_string"}}],"inLanguage":"pt-BR"},{"@type":"Organization","@id":"https:\/\/radiolifefm.com.br\/noticias\/#organization","name":"R\u00e1dio Life FM","alternateName":"Life FM","url":"https:\/\/radiolifefm.com.br\/noticias\/","logo":{"@type":"ImageObject","inLanguage":"pt-BR","@id":"https:\/\/radiolifefm.com.br\/noticias\/#\/schema\/logo\/image\/","url":"https:\/\/static.radiolifefm.com.br\/noticias\/wp-content\/uploads\/2019\/10\/logo-lifefm.png","contentUrl":"https:\/\/static.radiolifefm.com.br\/noticias\/wp-content\/uploads\/2019\/10\/logo-lifefm.png","width":196,"height":47,"caption":"R\u00e1dio Life FM"},"image":{"@id":"https:\/\/radiolifefm.com.br\/noticias\/#\/schema\/logo\/image\/"},"sameAs":["https:\/\/www.facebook.com\/radiolifefm\/","https:\/\/www.instagram.com\/life1079fm\/"]},{"@type":"Person","@id":"https:\/\/radiolifefm.com.br\/noticias\/#\/schema\/person\/6339b9fac59d12b071dec680d7375d87","name":"ritanery","image":{"@type":"ImageObject","inLanguage":"pt-BR","@id":"https:\/\/secure.gravatar.com\/avatar\/0e37bb19071f47c0b8a23f62a903df117c5a0e75f65a0c2901562f97cd41cf86?s=96&d=mm&r=g","url":"https:\/\/secure.gravatar.com\/avatar\/0e37bb19071f47c0b8a23f62a903df117c5a0e75f65a0c2901562f97cd41cf86?s=96&d=mm&r=g","contentUrl":"https:\/\/secure.gravatar.com\/avatar\/0e37bb19071f47c0b8a23f62a903df117c5a0e75f65a0c2901562f97cd41cf86?s=96&d=mm&r=g","caption":"ritanery"}}]}},"amp_enabled":true,"_links":{"self":[{"href":"https:\/\/radiolifefm.com.br\/noticias\/wp-json\/wp\/v2\/posts\/89471","targetHints":{"allow":["GET"]}}],"collection":[{"href":"https:\/\/radiolifefm.com.br\/noticias\/wp-json\/wp\/v2\/posts"}],"about":[{"href":"https:\/\/radiolifefm.com.br\/noticias\/wp-json\/wp\/v2\/types\/post"}],"author":[{"embeddable":true,"href":"https:\/\/radiolifefm.com.br\/noticias\/wp-json\/wp\/v2\/users\/13"}],"replies":[{"embeddable":true,"href":"https:\/\/radiolifefm.com.br\/noticias\/wp-json\/wp\/v2\/comments?post=89471"}],"version-history":[{"count":1,"href":"https:\/\/radiolifefm.com.br\/noticias\/wp-json\/wp\/v2\/posts\/89471\/revisions"}],"predecessor-version":[{"id":89472,"href":"https:\/\/radiolifefm.com.br\/noticias\/wp-json\/wp\/v2\/posts\/89471\/revisions\/89472"}],"wp:featuredmedia":[{"embeddable":true,"href":"https:\/\/radiolifefm.com.br\/noticias\/wp-json\/wp\/v2\/media\/51988"}],"wp:attachment":[{"href":"https:\/\/radiolifefm.com.br\/noticias\/wp-json\/wp\/v2\/media?parent=89471"}],"wp:term":[{"taxonomy":"category","embeddable":true,"href":"https:\/\/radiolifefm.com.br\/noticias\/wp-json\/wp\/v2\/categories?post=89471"},{"taxonomy":"post_tag","embeddable":true,"href":"https:\/\/radiolifefm.com.br\/noticias\/wp-json\/wp\/v2\/tags?post=89471"}],"curies":[{"name":"wp","href":"https:\/\/api.w.org\/{rel}","templated":true}]}}