{"id":89441,"date":"2024-06-28T08:42:21","date_gmt":"2024-06-28T11:42:21","guid":{"rendered":"https:\/\/radiolifefm.com.br\/noticias\/?p=89441"},"modified":"2025-10-05T06:42:16","modified_gmt":"2025-10-05T09:42:16","slug":"nas-idas-talvez-voltas-desta-provincia-do-faz-de-conta","status":"publish","type":"post","link":"https:\/\/radiolifefm.com.br\/noticias\/nas-idas-talvez-voltas-desta-provincia-do-faz-de-conta\/","title":{"rendered":"Nas IDAS, talvez, VOLTAS desta PROV\u00cdNCIA DO FAZ DE CONTA&#8230;"},"content":{"rendered":"<div id=\"fb-root\"><\/div>\n<p><strong><em>&#8220;O homem \u00e9 um animal que faz trocas. Nenhum outro animal faz isso. Um c\u00e3o n\u00e3o troca jamais um osso com outro c\u00e3o.&#8221;(Jonathan Swift)<\/em><\/strong><\/p>\n<p><strong>\u00a0<\/strong><\/p>\n<p><strong>By seb@r.<\/strong><\/p>\n<p>Ent\u00e3o, pelo visto, ou seja, N\u00c3O VISTO (sic), ainda, pode ser aquilo que nunca vai ser e assim por diante, tamb\u00e9m, ADIANTE&#8230;<\/p>\n<p>Na realidade, n\u00e3o tem como ESCREVER assim ou daquele jeito sem SER, se bem que a melhor escolha pode ESTAR nestes DESENCONTROS mediados pelo SENSO COMUM&#8230;<\/p>\n<p>Mas, voltando ao LUGAR COMUM que tem a ver ou n\u00e3o com a nossa eterna PROV\u00cdNCIA DO FAZ DE CONTA, assim, cada qual deve saber por onde ENTRAR, se bem que a SA\u00cdDA pode ser a melhor OP\u00c7\u00c3O&#8230;<\/p>\n<p>Os denominados PR\u00c9 com aquele outro PR\u00c9 de um mesmo PR\u00c9, talvez possa se JUNTAR com aquele outro LADO, se bem que s\u00e3o todos do mesmo LADO&#8230;<\/p>\n<p>Mesmo assim, o\/a ELEITOR\/A deve estar atendo as MOVIMENTA\u00c7\u00d5ES que est\u00e3o sempre OCORRENDO, ainda, quase sempre por DEBAIXO DOS PANOS&#8230;<\/p>\n<p>Os RU\u00cdDOS acabam PREDOMINANDO entre os GRUPOS que est\u00e3o buscando o EXECUTIVO MUNICIPAL, portanto, n\u00e3o se pode esquecer aquele velho dito popular que diz: QUEM EST\u00c1 NA GARUPA N\u00c3O SEGURA NAS REDEAS&#8230;<\/p>\n<p>Tamb\u00e9m, as tais MENTES MED\u00cdOCRES continuam agitando o CEN\u00c1RIO PROVINCIANOS nestas \u00faltimas semanas, se bem que tais PATRIOT\u00c1RIOS\/AS, ainda, n\u00e3o se deram conta que PERDERAM MAN\u00c9S&#8230;<\/p>\n<p>Nada CONTRA, bem como, \u00c0 FAVOR, ainda, MUITO PELO CONTR\u00c1RIO com rela\u00e7\u00e3o aos NOMES que est\u00e3o se apresentando como PR\u00c9 ao EXECUTIVO MUNICIPAL, todavia, os famigerados GRUPOS DE APOIO, tamb\u00e9m, conhecidos como PARTIDOS POL\u00cdTICOS, s\u00e3o todos da denominada e execrada EXTREMA DIREITA, por isso e mais aquilo, TODO CUIDADO \u00c9 POUCO&#8230;<\/p>\n<p>Al\u00e9m do mais, talvez de menos, MACACO VELHO N\u00c3O COLOCA A M\u00c3O EM CUMBUCA, haja visto que s\u00e3o todos\/as FARINHAS DO MESMO SACO faz anos e anos&#8230;<\/p>\n<p>At\u00e9 a decis\u00e3o OFICIAL destes NOMES como OFICIAIS, ou seja, at\u00e9 o momento s\u00e3o os 4 do APOCALIPSE, considerando o APOIO das famigeradas COLIGA\u00c7\u00d5ES PARTID\u00c1RIAS, pode-se AFIRMAR que TUDO PODE ACONTECER para todos\/as os denominados PR\u00c9 e ponto quase final&#8230;<\/p>\n<p>Pra encerrar, registra-se mais um dito pelo n\u00e3o dito, a saber: N\u00c3O SE PODE DEIXAR PARA AMANH\u00c3, O QUE SE PODE FAZER HOJE&#8230;<\/p>\n<p>QUEM SOBREVIVER VAI SABER&#8230;<\/p>\n<p>&nbsp;<\/p>\n<p><strong>e-mail: <\/strong><a href=\"mailto:barbosa.sebar@gmail.com\"><strong>barbosa.sebar@gmail.com<\/strong><\/a><\/p>\n<p>&nbsp;<\/p>\n<p>&nbsp;<\/p>\n","protected":false},"excerpt":{"rendered":"<p>&#8220;O homem \u00e9 um animal que faz trocas. Nenhum outro animal faz isso. Um c\u00e3o n\u00e3o troca jamais um osso com outro c\u00e3o.&#8221;(Jonathan Swift) \u00a0 By seb@r. Ent\u00e3o, pelo visto, ou seja, N\u00c3O VISTO (sic), ainda, pode ser aquilo que nunca vai ser e assim por diante, tamb\u00e9m, ADIANTE&#8230; Na realidade, n\u00e3o tem como ESCREVER [&hellip;]<\/p>\n","protected":false},"author":13,"featured_media":51988,"comment_status":"closed","ping_status":"open","sticky":false,"template":"","format":"standard","meta":{"_acf_changed":false,"_exactmetrics_skip_tracking":false,"_exactmetrics_sitenote_active":false,"_exactmetrics_sitenote_note":"","_exactmetrics_sitenote_category":0,"footnotes":""},"categories":[59],"tags":[],"class_list":["post-89441","post","type-post","status-publish","format-standard","has-post-thumbnail","hentry","category-opiniao"],"acf":[],"yoast_head":"<!-- This site is optimized with the Yoast SEO plugin v27.2 - https:\/\/yoast.com\/product\/yoast-seo-wordpress\/ -->\n<title>Nas IDAS, talvez, VOLTAS desta PROV\u00cdNCIA DO FAZ DE CONTA... - R\u00e1dio Life FM<\/title>\n<meta name=\"robots\" content=\"index, follow, max-snippet:-1, max-image-preview:large, max-video-preview:-1\" \/>\n<link rel=\"canonical\" href=\"https:\/\/radiolifefm.com.br\/noticias\/nas-idas-talvez-voltas-desta-provincia-do-faz-de-conta\/\" \/>\n<meta property=\"og:locale\" content=\"pt_BR\" \/>\n<meta property=\"og:type\" content=\"article\" \/>\n<meta property=\"og:title\" content=\"Nas IDAS, talvez, VOLTAS desta PROV\u00cdNCIA DO FAZ DE CONTA... - R\u00e1dio Life FM\" \/>\n<meta property=\"og:description\" content=\"&#8220;O homem \u00e9 um animal que faz trocas. Nenhum outro animal faz isso. Um c\u00e3o n\u00e3o troca jamais um osso com outro c\u00e3o.&#8221;(Jonathan Swift) \u00a0 By seb@r. Ent\u00e3o, pelo visto, ou seja, N\u00c3O VISTO (sic), ainda, pode ser aquilo que nunca vai ser e assim por diante, tamb\u00e9m, ADIANTE&#8230; Na realidade, n\u00e3o tem como ESCREVER [&hellip;]\" \/>\n<meta property=\"og:url\" content=\"https:\/\/radiolifefm.com.br\/noticias\/nas-idas-talvez-voltas-desta-provincia-do-faz-de-conta\/\" \/>\n<meta property=\"og:site_name\" content=\"R\u00e1dio Life FM\" \/>\n<meta property=\"article:publisher\" content=\"https:\/\/www.facebook.com\/radiolifefm\/\" \/>\n<meta property=\"article:published_time\" content=\"2024-06-28T11:42:21+00:00\" \/>\n<meta property=\"article:modified_time\" content=\"2025-10-05T09:42:16+00:00\" \/>\n<meta property=\"og:image\" content=\"https:\/\/static.radiolifefm.com.br\/noticias\/wp-content\/uploads\/2022\/04\/WhatsApp-Image-2022-04-10-at-18.43.02.jpeg\" \/>\n\t<meta property=\"og:image:width\" content=\"972\" \/>\n\t<meta property=\"og:image:height\" content=\"1296\" \/>\n\t<meta property=\"og:image:type\" content=\"image\/jpeg\" \/>\n<meta name=\"author\" content=\"ritanery\" \/>\n<meta name=\"twitter:card\" content=\"summary_large_image\" \/>\n<meta name=\"twitter:label1\" content=\"Escrito por\" \/>\n\t<meta name=\"twitter:data1\" content=\"ritanery\" \/>\n\t<meta name=\"twitter:label2\" content=\"Est. tempo de leitura\" \/>\n\t<meta name=\"twitter:data2\" content=\"3 minutos\" \/>\n<script type=\"application\/ld+json\" class=\"yoast-schema-graph\">{\"@context\":\"https:\/\/schema.org\",\"@graph\":[{\"@type\":\"Article\",\"@id\":\"https:\/\/radiolifefm.com.br\/noticias\/nas-idas-talvez-voltas-desta-provincia-do-faz-de-conta\/#article\",\"isPartOf\":{\"@id\":\"https:\/\/radiolifefm.com.br\/noticias\/nas-idas-talvez-voltas-desta-provincia-do-faz-de-conta\/\"},\"author\":{\"name\":\"ritanery\",\"@id\":\"https:\/\/radiolifefm.com.br\/noticias\/#\/schema\/person\/6339b9fac59d12b071dec680d7375d87\"},\"headline\":\"Nas IDAS, talvez, VOLTAS desta PROV\u00cdNCIA DO FAZ DE CONTA&#8230;\",\"datePublished\":\"2024-06-28T11:42:21+00:00\",\"dateModified\":\"2025-10-05T09:42:16+00:00\",\"mainEntityOfPage\":{\"@id\":\"https:\/\/radiolifefm.com.br\/noticias\/nas-idas-talvez-voltas-desta-provincia-do-faz-de-conta\/\"},\"wordCount\":424,\"publisher\":{\"@id\":\"https:\/\/radiolifefm.com.br\/noticias\/#organization\"},\"image\":{\"@id\":\"https:\/\/radiolifefm.com.br\/noticias\/nas-idas-talvez-voltas-desta-provincia-do-faz-de-conta\/#primaryimage\"},\"thumbnailUrl\":\"https:\/\/radiolifefm.com.br\/noticias\/wp-content\/uploads\/2022\/04\/WhatsApp-Image-2022-04-10-at-18.43.02.jpeg\",\"articleSection\":[\"Opini\u00e3o\"],\"inLanguage\":\"pt-BR\"},{\"@type\":\"WebPage\",\"@id\":\"https:\/\/radiolifefm.com.br\/noticias\/nas-idas-talvez-voltas-desta-provincia-do-faz-de-conta\/\",\"url\":\"https:\/\/radiolifefm.com.br\/noticias\/nas-idas-talvez-voltas-desta-provincia-do-faz-de-conta\/\",\"name\":\"Nas IDAS, talvez, VOLTAS desta PROV\u00cdNCIA DO FAZ DE CONTA... - R\u00e1dio Life FM\",\"isPartOf\":{\"@id\":\"https:\/\/radiolifefm.com.br\/noticias\/#website\"},\"primaryImageOfPage\":{\"@id\":\"https:\/\/radiolifefm.com.br\/noticias\/nas-idas-talvez-voltas-desta-provincia-do-faz-de-conta\/#primaryimage\"},\"image\":{\"@id\":\"https:\/\/radiolifefm.com.br\/noticias\/nas-idas-talvez-voltas-desta-provincia-do-faz-de-conta\/#primaryimage\"},\"thumbnailUrl\":\"https:\/\/radiolifefm.com.br\/noticias\/wp-content\/uploads\/2022\/04\/WhatsApp-Image-2022-04-10-at-18.43.02.jpeg\",\"datePublished\":\"2024-06-28T11:42:21+00:00\",\"dateModified\":\"2025-10-05T09:42:16+00:00\",\"breadcrumb\":{\"@id\":\"https:\/\/radiolifefm.com.br\/noticias\/nas-idas-talvez-voltas-desta-provincia-do-faz-de-conta\/#breadcrumb\"},\"inLanguage\":\"pt-BR\",\"potentialAction\":[{\"@type\":\"ReadAction\",\"target\":[\"https:\/\/radiolifefm.com.br\/noticias\/nas-idas-talvez-voltas-desta-provincia-do-faz-de-conta\/\"]}]},{\"@type\":\"ImageObject\",\"inLanguage\":\"pt-BR\",\"@id\":\"https:\/\/radiolifefm.com.br\/noticias\/nas-idas-talvez-voltas-desta-provincia-do-faz-de-conta\/#primaryimage\",\"url\":\"https:\/\/radiolifefm.com.br\/noticias\/wp-content\/uploads\/2022\/04\/WhatsApp-Image-2022-04-10-at-18.43.02.jpeg\",\"contentUrl\":\"https:\/\/radiolifefm.com.br\/noticias\/wp-content\/uploads\/2022\/04\/WhatsApp-Image-2022-04-10-at-18.43.02.jpeg\",\"width\":972,\"height\":1296,\"caption\":\"S\u00e9rgio Barbosa\"},{\"@type\":\"BreadcrumbList\",\"@id\":\"https:\/\/radiolifefm.com.br\/noticias\/nas-idas-talvez-voltas-desta-provincia-do-faz-de-conta\/#breadcrumb\",\"itemListElement\":[{\"@type\":\"ListItem\",\"position\":1,\"name\":\"In\u00edcio\",\"item\":\"https:\/\/radiolifefm.com.br\/noticias\/\"},{\"@type\":\"ListItem\",\"position\":2,\"name\":\"Nas IDAS, talvez, VOLTAS desta PROV\u00cdNCIA DO FAZ DE CONTA&#8230;\"}]},{\"@type\":\"WebSite\",\"@id\":\"https:\/\/radiolifefm.com.br\/noticias\/#website\",\"url\":\"https:\/\/radiolifefm.com.br\/noticias\/\",\"name\":\"R\u00e1dio Life FM\",\"description\":\"O Portal de Not\u00edcias de Adamantina\",\"publisher\":{\"@id\":\"https:\/\/radiolifefm.com.br\/noticias\/#organization\"},\"alternateName\":\"Life FM\",\"potentialAction\":[{\"@type\":\"SearchAction\",\"target\":{\"@type\":\"EntryPoint\",\"urlTemplate\":\"https:\/\/radiolifefm.com.br\/noticias\/?s={search_term_string}\"},\"query-input\":{\"@type\":\"PropertyValueSpecification\",\"valueRequired\":true,\"valueName\":\"search_term_string\"}}],\"inLanguage\":\"pt-BR\"},{\"@type\":\"Organization\",\"@id\":\"https:\/\/radiolifefm.com.br\/noticias\/#organization\",\"name\":\"R\u00e1dio Life FM\",\"alternateName\":\"Life FM\",\"url\":\"https:\/\/radiolifefm.com.br\/noticias\/\",\"logo\":{\"@type\":\"ImageObject\",\"inLanguage\":\"pt-BR\",\"@id\":\"https:\/\/radiolifefm.com.br\/noticias\/#\/schema\/logo\/image\/\",\"url\":\"https:\/\/static.radiolifefm.com.br\/noticias\/wp-content\/uploads\/2019\/10\/logo-lifefm.png\",\"contentUrl\":\"https:\/\/static.radiolifefm.com.br\/noticias\/wp-content\/uploads\/2019\/10\/logo-lifefm.png\",\"width\":196,\"height\":47,\"caption\":\"R\u00e1dio Life FM\"},\"image\":{\"@id\":\"https:\/\/radiolifefm.com.br\/noticias\/#\/schema\/logo\/image\/\"},\"sameAs\":[\"https:\/\/www.facebook.com\/radiolifefm\/\",\"https:\/\/www.instagram.com\/life1079fm\/\"]},{\"@type\":\"Person\",\"@id\":\"https:\/\/radiolifefm.com.br\/noticias\/#\/schema\/person\/6339b9fac59d12b071dec680d7375d87\",\"name\":\"ritanery\",\"image\":{\"@type\":\"ImageObject\",\"inLanguage\":\"pt-BR\",\"@id\":\"https:\/\/secure.gravatar.com\/avatar\/0e37bb19071f47c0b8a23f62a903df117c5a0e75f65a0c2901562f97cd41cf86?s=96&d=mm&r=g\",\"url\":\"https:\/\/secure.gravatar.com\/avatar\/0e37bb19071f47c0b8a23f62a903df117c5a0e75f65a0c2901562f97cd41cf86?s=96&d=mm&r=g\",\"contentUrl\":\"https:\/\/secure.gravatar.com\/avatar\/0e37bb19071f47c0b8a23f62a903df117c5a0e75f65a0c2901562f97cd41cf86?s=96&d=mm&r=g\",\"caption\":\"ritanery\"}}]}<\/script>\n<!-- \/ Yoast SEO plugin. -->","yoast_head_json":{"title":"Nas IDAS, talvez, VOLTAS desta PROV\u00cdNCIA DO FAZ DE CONTA... - R\u00e1dio Life FM","robots":{"index":"index","follow":"follow","max-snippet":"max-snippet:-1","max-image-preview":"max-image-preview:large","max-video-preview":"max-video-preview:-1"},"canonical":"https:\/\/radiolifefm.com.br\/noticias\/nas-idas-talvez-voltas-desta-provincia-do-faz-de-conta\/","og_locale":"pt_BR","og_type":"article","og_title":"Nas IDAS, talvez, VOLTAS desta PROV\u00cdNCIA DO FAZ DE CONTA... - R\u00e1dio Life FM","og_description":"&#8220;O homem \u00e9 um animal que faz trocas. Nenhum outro animal faz isso. Um c\u00e3o n\u00e3o troca jamais um osso com outro c\u00e3o.&#8221;(Jonathan Swift) \u00a0 By seb@r. Ent\u00e3o, pelo visto, ou seja, N\u00c3O VISTO (sic), ainda, pode ser aquilo que nunca vai ser e assim por diante, tamb\u00e9m, ADIANTE&#8230; Na realidade, n\u00e3o tem como ESCREVER [&hellip;]","og_url":"https:\/\/radiolifefm.com.br\/noticias\/nas-idas-talvez-voltas-desta-provincia-do-faz-de-conta\/","og_site_name":"R\u00e1dio Life FM","article_publisher":"https:\/\/www.facebook.com\/radiolifefm\/","article_published_time":"2024-06-28T11:42:21+00:00","article_modified_time":"2025-10-05T09:42:16+00:00","og_image":[{"width":972,"height":1296,"url":"https:\/\/static.radiolifefm.com.br\/noticias\/wp-content\/uploads\/2022\/04\/WhatsApp-Image-2022-04-10-at-18.43.02.jpeg","type":"image\/jpeg"}],"author":"ritanery","twitter_card":"summary_large_image","twitter_misc":{"Escrito por":"ritanery","Est. tempo de leitura":"3 minutos"},"schema":{"@context":"https:\/\/schema.org","@graph":[{"@type":"Article","@id":"https:\/\/radiolifefm.com.br\/noticias\/nas-idas-talvez-voltas-desta-provincia-do-faz-de-conta\/#article","isPartOf":{"@id":"https:\/\/radiolifefm.com.br\/noticias\/nas-idas-talvez-voltas-desta-provincia-do-faz-de-conta\/"},"author":{"name":"ritanery","@id":"https:\/\/radiolifefm.com.br\/noticias\/#\/schema\/person\/6339b9fac59d12b071dec680d7375d87"},"headline":"Nas IDAS, talvez, VOLTAS desta PROV\u00cdNCIA DO FAZ DE CONTA&#8230;","datePublished":"2024-06-28T11:42:21+00:00","dateModified":"2025-10-05T09:42:16+00:00","mainEntityOfPage":{"@id":"https:\/\/radiolifefm.com.br\/noticias\/nas-idas-talvez-voltas-desta-provincia-do-faz-de-conta\/"},"wordCount":424,"publisher":{"@id":"https:\/\/radiolifefm.com.br\/noticias\/#organization"},"image":{"@id":"https:\/\/radiolifefm.com.br\/noticias\/nas-idas-talvez-voltas-desta-provincia-do-faz-de-conta\/#primaryimage"},"thumbnailUrl":"https:\/\/radiolifefm.com.br\/noticias\/wp-content\/uploads\/2022\/04\/WhatsApp-Image-2022-04-10-at-18.43.02.jpeg","articleSection":["Opini\u00e3o"],"inLanguage":"pt-BR"},{"@type":"WebPage","@id":"https:\/\/radiolifefm.com.br\/noticias\/nas-idas-talvez-voltas-desta-provincia-do-faz-de-conta\/","url":"https:\/\/radiolifefm.com.br\/noticias\/nas-idas-talvez-voltas-desta-provincia-do-faz-de-conta\/","name":"Nas IDAS, talvez, VOLTAS desta PROV\u00cdNCIA DO FAZ DE CONTA... - R\u00e1dio Life FM","isPartOf":{"@id":"https:\/\/radiolifefm.com.br\/noticias\/#website"},"primaryImageOfPage":{"@id":"https:\/\/radiolifefm.com.br\/noticias\/nas-idas-talvez-voltas-desta-provincia-do-faz-de-conta\/#primaryimage"},"image":{"@id":"https:\/\/radiolifefm.com.br\/noticias\/nas-idas-talvez-voltas-desta-provincia-do-faz-de-conta\/#primaryimage"},"thumbnailUrl":"https:\/\/radiolifefm.com.br\/noticias\/wp-content\/uploads\/2022\/04\/WhatsApp-Image-2022-04-10-at-18.43.02.jpeg","datePublished":"2024-06-28T11:42:21+00:00","dateModified":"2025-10-05T09:42:16+00:00","breadcrumb":{"@id":"https:\/\/radiolifefm.com.br\/noticias\/nas-idas-talvez-voltas-desta-provincia-do-faz-de-conta\/#breadcrumb"},"inLanguage":"pt-BR","potentialAction":[{"@type":"ReadAction","target":["https:\/\/radiolifefm.com.br\/noticias\/nas-idas-talvez-voltas-desta-provincia-do-faz-de-conta\/"]}]},{"@type":"ImageObject","inLanguage":"pt-BR","@id":"https:\/\/radiolifefm.com.br\/noticias\/nas-idas-talvez-voltas-desta-provincia-do-faz-de-conta\/#primaryimage","url":"https:\/\/radiolifefm.com.br\/noticias\/wp-content\/uploads\/2022\/04\/WhatsApp-Image-2022-04-10-at-18.43.02.jpeg","contentUrl":"https:\/\/radiolifefm.com.br\/noticias\/wp-content\/uploads\/2022\/04\/WhatsApp-Image-2022-04-10-at-18.43.02.jpeg","width":972,"height":1296,"caption":"S\u00e9rgio Barbosa"},{"@type":"BreadcrumbList","@id":"https:\/\/radiolifefm.com.br\/noticias\/nas-idas-talvez-voltas-desta-provincia-do-faz-de-conta\/#breadcrumb","itemListElement":[{"@type":"ListItem","position":1,"name":"In\u00edcio","item":"https:\/\/radiolifefm.com.br\/noticias\/"},{"@type":"ListItem","position":2,"name":"Nas IDAS, talvez, VOLTAS desta PROV\u00cdNCIA DO FAZ DE CONTA&#8230;"}]},{"@type":"WebSite","@id":"https:\/\/radiolifefm.com.br\/noticias\/#website","url":"https:\/\/radiolifefm.com.br\/noticias\/","name":"R\u00e1dio Life FM","description":"O Portal de Not\u00edcias de Adamantina","publisher":{"@id":"https:\/\/radiolifefm.com.br\/noticias\/#organization"},"alternateName":"Life FM","potentialAction":[{"@type":"SearchAction","target":{"@type":"EntryPoint","urlTemplate":"https:\/\/radiolifefm.com.br\/noticias\/?s={search_term_string}"},"query-input":{"@type":"PropertyValueSpecification","valueRequired":true,"valueName":"search_term_string"}}],"inLanguage":"pt-BR"},{"@type":"Organization","@id":"https:\/\/radiolifefm.com.br\/noticias\/#organization","name":"R\u00e1dio Life FM","alternateName":"Life FM","url":"https:\/\/radiolifefm.com.br\/noticias\/","logo":{"@type":"ImageObject","inLanguage":"pt-BR","@id":"https:\/\/radiolifefm.com.br\/noticias\/#\/schema\/logo\/image\/","url":"https:\/\/static.radiolifefm.com.br\/noticias\/wp-content\/uploads\/2019\/10\/logo-lifefm.png","contentUrl":"https:\/\/static.radiolifefm.com.br\/noticias\/wp-content\/uploads\/2019\/10\/logo-lifefm.png","width":196,"height":47,"caption":"R\u00e1dio Life FM"},"image":{"@id":"https:\/\/radiolifefm.com.br\/noticias\/#\/schema\/logo\/image\/"},"sameAs":["https:\/\/www.facebook.com\/radiolifefm\/","https:\/\/www.instagram.com\/life1079fm\/"]},{"@type":"Person","@id":"https:\/\/radiolifefm.com.br\/noticias\/#\/schema\/person\/6339b9fac59d12b071dec680d7375d87","name":"ritanery","image":{"@type":"ImageObject","inLanguage":"pt-BR","@id":"https:\/\/secure.gravatar.com\/avatar\/0e37bb19071f47c0b8a23f62a903df117c5a0e75f65a0c2901562f97cd41cf86?s=96&d=mm&r=g","url":"https:\/\/secure.gravatar.com\/avatar\/0e37bb19071f47c0b8a23f62a903df117c5a0e75f65a0c2901562f97cd41cf86?s=96&d=mm&r=g","contentUrl":"https:\/\/secure.gravatar.com\/avatar\/0e37bb19071f47c0b8a23f62a903df117c5a0e75f65a0c2901562f97cd41cf86?s=96&d=mm&r=g","caption":"ritanery"}}]}},"amp_enabled":true,"_links":{"self":[{"href":"https:\/\/radiolifefm.com.br\/noticias\/wp-json\/wp\/v2\/posts\/89441","targetHints":{"allow":["GET"]}}],"collection":[{"href":"https:\/\/radiolifefm.com.br\/noticias\/wp-json\/wp\/v2\/posts"}],"about":[{"href":"https:\/\/radiolifefm.com.br\/noticias\/wp-json\/wp\/v2\/types\/post"}],"author":[{"embeddable":true,"href":"https:\/\/radiolifefm.com.br\/noticias\/wp-json\/wp\/v2\/users\/13"}],"replies":[{"embeddable":true,"href":"https:\/\/radiolifefm.com.br\/noticias\/wp-json\/wp\/v2\/comments?post=89441"}],"version-history":[{"count":1,"href":"https:\/\/radiolifefm.com.br\/noticias\/wp-json\/wp\/v2\/posts\/89441\/revisions"}],"predecessor-version":[{"id":89442,"href":"https:\/\/radiolifefm.com.br\/noticias\/wp-json\/wp\/v2\/posts\/89441\/revisions\/89442"}],"wp:featuredmedia":[{"embeddable":true,"href":"https:\/\/radiolifefm.com.br\/noticias\/wp-json\/wp\/v2\/media\/51988"}],"wp:attachment":[{"href":"https:\/\/radiolifefm.com.br\/noticias\/wp-json\/wp\/v2\/media?parent=89441"}],"wp:term":[{"taxonomy":"category","embeddable":true,"href":"https:\/\/radiolifefm.com.br\/noticias\/wp-json\/wp\/v2\/categories?post=89441"},{"taxonomy":"post_tag","embeddable":true,"href":"https:\/\/radiolifefm.com.br\/noticias\/wp-json\/wp\/v2\/tags?post=89441"}],"curies":[{"name":"wp","href":"https:\/\/api.w.org\/{rel}","templated":true}]}}