{"id":89343,"date":"2024-06-26T09:02:06","date_gmt":"2024-06-26T12:02:06","guid":{"rendered":"https:\/\/radiolifefm.com.br\/noticias\/?p=89343"},"modified":"2026-04-12T03:36:10","modified_gmt":"2026-04-12T06:36:10","slug":"umberto-eco-in-a-misteriosa-chama-da-rainha-loana","status":"publish","type":"post","link":"https:\/\/radiolifefm.com.br\/noticias\/umberto-eco-in-a-misteriosa-chama-da-rainha-loana\/","title":{"rendered":"UMBERTO ECO in A MISTERIOSA CHAMA DA RAINHA LOANA&#8230;"},"content":{"rendered":"<div id=\"fb-root\"><\/div>\n<p><strong>\u00a0\u201cMas um leve <em>fumifugium<\/em> cor de rato est\u00e1 se espalhando no topo da escadaria, velando a entrada. \/ Sinto uma rajada de frio, al\u00e7o os olhos. \/ Por que o sol se est\u00e1 fazendo de negro?\u201d (ECO, Umberto in A Misteriosa Rainha Loana, p\u00e1g. 447) <\/strong><\/p>\n<p><strong>By seb@r.<\/strong><\/p>\n<p>Nestes \u00faltimos meses, isso \u00e9, desde o ano passado, resolvi que a melhor maneira de VIVER este TEMPO do meu TEMPO, est\u00e1 em focar as LEITURAS nas \u00e1reas da LITERATURA nacional e internacional&#8230;<\/p>\n<p>Desta forma, resolvi, depois de PENSAR e PENSAR, encarar uma das obras do Escritor e pesquisador, UMBERTO ECO, isso mesmo, aquele do O NOME DA ROSA e outros cl\u00e1ssicos liter\u00e1rios&#8230;<\/p>\n<p>Por\u00e9m, neste caso em especial, escolhi o t\u00edtulo, a saber: A MISTERIOSA CHAMA DA RAINHA LOANA, Romance Ilustrado, Editora RECORD, RJ\/SP, 2.005, 447 pp&#8230;<\/p>\n<p>Todos\/as de um jeito ou de outro, sempre que poss\u00edvel, voltam no outro TEMPO do seu TEMPO para muitos DESENCONTROS com o PASSADO em meio ao PRESENTE para muitos OLHARES sobre o FUTURO que se apresenta mais INCERTO DO QUE NUNCA&#8230;<\/p>\n<p>Mesmo assim, apenas quem esteve naquele outro TEMPO, pode saber disto ou daquilo, por\u00e9m, depende muito da MEM\u00d3RIA de cada pessoa e assim por diante&#8230;<\/p>\n<p>Nestes OCASOS de um TALVEZ, torna-se poss\u00edvel, tamb\u00e9m, RECORDAR apenas o que esteja mais de acordo com o seu lado, haja visto que os DESEJOS est\u00e1 sempre rondando o EU para talvez ir ao encontro do N\u00d3S&#8230;<\/p>\n<p>Neste cen\u00e1rio que na maioria das vezes, encontra-se al\u00e9m da LIETERATURA, talvez seja poss\u00edvel VOC\u00ca encontrar-se com YAMBO para muitas aproxima\u00e7\u00f5es, ainda, sem pensar em voltar ao TEMPO DO SEU TEMPO&#8230;<\/p>\n<p>Mas, existem outras MEDIA\u00c7\u00d5ES que envolvem quase sempre aquelas MEM\u00d3RIAS que se perderam nas ETERNAS RECORDA\u00c7\u00d5ES de si mesmo\/a&#8230;<\/p>\n<p>Al\u00e9m do mais em meio ao tudo de menos, apenas quem esteve naquele TEMPO pode saber deste TEMPO que busca o outro TEMPO&#8230;<\/p>\n<p>Tamb\u00e9m, pode ser que a tal RAINHA LOANA apare\u00e7a no seu caminho para muitos OLHARES sobre aquele MIST\u00c9RIO que foi o seu PASSADO que n\u00e3o deve aparecer mais em meio ao tudo de menos&#8230;<\/p>\n<p>S\u00f3 sei de uma coisa, o tal YAMBO sempre soube disto ou daquilo quando estava perdido no TEMPO do seu TEMPO, entretanto, ocorreram tantos DESENCONTROS patrocinados pela sua MEM\u00d3RIA que o PRESENTE ficou no PASSADO ou seria o inverso?<\/p>\n<p>Recomendo, se poss\u00edvel, que VOC\u00ca tente se encontrar com as MEM\u00d3RIAS DE YAMBO em terras ITALIANAS, por\u00e9m, pode ser deste ou do outro lado, assim, depende sempre das suas ESCOLHAS quanto as LEMBRAN\u00c7AS, ou seja, aquelas que se perderam no outro TEMPO do seu TEMPO sem o TEMPO&#8230;<\/p>\n<p>&nbsp;<\/p>\n<p>&nbsp;<\/p>\n<p>&nbsp;<\/p>\n<p>&nbsp;<\/p>\n","protected":false},"excerpt":{"rendered":"<p>\u00a0\u201cMas um leve fumifugium cor de rato est\u00e1 se espalhando no topo da escadaria, velando a entrada. \/ Sinto uma rajada de frio, al\u00e7o os olhos. \/ Por que o sol se est\u00e1 fazendo de negro?\u201d (ECO, Umberto in A Misteriosa Rainha Loana, p\u00e1g. 447) By seb@r. Nestes \u00faltimos meses, isso \u00e9, desde o ano [&hellip;]<\/p>\n","protected":false},"author":13,"featured_media":51988,"comment_status":"closed","ping_status":"open","sticky":false,"template":"","format":"standard","meta":{"_acf_changed":false,"_exactmetrics_skip_tracking":false,"_exactmetrics_sitenote_active":false,"_exactmetrics_sitenote_note":"","_exactmetrics_sitenote_category":0,"footnotes":""},"categories":[59],"tags":[],"class_list":["post-89343","post","type-post","status-publish","format-standard","has-post-thumbnail","hentry","category-opiniao"],"acf":[],"yoast_head":"<!-- This site is optimized with the Yoast SEO plugin v27.2 - https:\/\/yoast.com\/product\/yoast-seo-wordpress\/ -->\n<title>UMBERTO ECO in A MISTERIOSA CHAMA DA RAINHA LOANA... - R\u00e1dio Life FM<\/title>\n<meta name=\"robots\" content=\"index, follow, max-snippet:-1, max-image-preview:large, max-video-preview:-1\" \/>\n<link rel=\"canonical\" href=\"https:\/\/radiolifefm.com.br\/noticias\/umberto-eco-in-a-misteriosa-chama-da-rainha-loana\/\" \/>\n<meta property=\"og:locale\" content=\"pt_BR\" \/>\n<meta property=\"og:type\" content=\"article\" \/>\n<meta property=\"og:title\" content=\"UMBERTO ECO in A MISTERIOSA CHAMA DA RAINHA LOANA... - R\u00e1dio Life FM\" \/>\n<meta property=\"og:description\" content=\"\u00a0\u201cMas um leve fumifugium cor de rato est\u00e1 se espalhando no topo da escadaria, velando a entrada. \/ Sinto uma rajada de frio, al\u00e7o os olhos. \/ Por que o sol se est\u00e1 fazendo de negro?\u201d (ECO, Umberto in A Misteriosa Rainha Loana, p\u00e1g. 447) By seb@r. Nestes \u00faltimos meses, isso \u00e9, desde o ano [&hellip;]\" \/>\n<meta property=\"og:url\" content=\"https:\/\/radiolifefm.com.br\/noticias\/umberto-eco-in-a-misteriosa-chama-da-rainha-loana\/\" \/>\n<meta property=\"og:site_name\" content=\"R\u00e1dio Life FM\" \/>\n<meta property=\"article:publisher\" content=\"https:\/\/www.facebook.com\/radiolifefm\/\" \/>\n<meta property=\"article:published_time\" content=\"2024-06-26T12:02:06+00:00\" \/>\n<meta property=\"article:modified_time\" content=\"2026-04-12T06:36:10+00:00\" \/>\n<meta property=\"og:image\" content=\"https:\/\/radiolifefm.com.br\/noticias\/wp-content\/uploads\/2022\/04\/WhatsApp-Image-2022-04-10-at-18.43.02.jpeg\" \/>\n\t<meta property=\"og:image:width\" content=\"972\" \/>\n\t<meta property=\"og:image:height\" content=\"1296\" \/>\n\t<meta property=\"og:image:type\" content=\"image\/jpeg\" \/>\n<meta name=\"author\" content=\"ritanery\" \/>\n<meta name=\"twitter:card\" content=\"summary_large_image\" \/>\n<meta name=\"twitter:label1\" content=\"Escrito por\" \/>\n\t<meta name=\"twitter:data1\" content=\"ritanery\" \/>\n\t<meta name=\"twitter:label2\" content=\"Est. tempo de leitura\" \/>\n\t<meta name=\"twitter:data2\" content=\"3 minutos\" \/>\n<script type=\"application\/ld+json\" class=\"yoast-schema-graph\">{\"@context\":\"https:\/\/schema.org\",\"@graph\":[{\"@type\":\"Article\",\"@id\":\"https:\/\/radiolifefm.com.br\/noticias\/umberto-eco-in-a-misteriosa-chama-da-rainha-loana\/#article\",\"isPartOf\":{\"@id\":\"https:\/\/radiolifefm.com.br\/noticias\/umberto-eco-in-a-misteriosa-chama-da-rainha-loana\/\"},\"author\":{\"name\":\"ritanery\",\"@id\":\"https:\/\/radiolifefm.com.br\/noticias\/#\/schema\/person\/6339b9fac59d12b071dec680d7375d87\"},\"headline\":\"UMBERTO ECO in A MISTERIOSA CHAMA DA RAINHA LOANA&#8230;\",\"datePublished\":\"2024-06-26T12:02:06+00:00\",\"dateModified\":\"2026-04-12T06:36:10+00:00\",\"mainEntityOfPage\":{\"@id\":\"https:\/\/radiolifefm.com.br\/noticias\/umberto-eco-in-a-misteriosa-chama-da-rainha-loana\/\"},\"wordCount\":471,\"publisher\":{\"@id\":\"https:\/\/radiolifefm.com.br\/noticias\/#organization\"},\"image\":{\"@id\":\"https:\/\/radiolifefm.com.br\/noticias\/umberto-eco-in-a-misteriosa-chama-da-rainha-loana\/#primaryimage\"},\"thumbnailUrl\":\"https:\/\/radiolifefm.com.br\/noticias\/wp-content\/uploads\/2022\/04\/WhatsApp-Image-2022-04-10-at-18.43.02.jpeg\",\"articleSection\":[\"Opini\u00e3o\"],\"inLanguage\":\"pt-BR\"},{\"@type\":\"WebPage\",\"@id\":\"https:\/\/radiolifefm.com.br\/noticias\/umberto-eco-in-a-misteriosa-chama-da-rainha-loana\/\",\"url\":\"https:\/\/radiolifefm.com.br\/noticias\/umberto-eco-in-a-misteriosa-chama-da-rainha-loana\/\",\"name\":\"UMBERTO ECO in A MISTERIOSA CHAMA DA RAINHA LOANA... - R\u00e1dio Life FM\",\"isPartOf\":{\"@id\":\"https:\/\/radiolifefm.com.br\/noticias\/#website\"},\"primaryImageOfPage\":{\"@id\":\"https:\/\/radiolifefm.com.br\/noticias\/umberto-eco-in-a-misteriosa-chama-da-rainha-loana\/#primaryimage\"},\"image\":{\"@id\":\"https:\/\/radiolifefm.com.br\/noticias\/umberto-eco-in-a-misteriosa-chama-da-rainha-loana\/#primaryimage\"},\"thumbnailUrl\":\"https:\/\/radiolifefm.com.br\/noticias\/wp-content\/uploads\/2022\/04\/WhatsApp-Image-2022-04-10-at-18.43.02.jpeg\",\"datePublished\":\"2024-06-26T12:02:06+00:00\",\"dateModified\":\"2026-04-12T06:36:10+00:00\",\"breadcrumb\":{\"@id\":\"https:\/\/radiolifefm.com.br\/noticias\/umberto-eco-in-a-misteriosa-chama-da-rainha-loana\/#breadcrumb\"},\"inLanguage\":\"pt-BR\",\"potentialAction\":[{\"@type\":\"ReadAction\",\"target\":[\"https:\/\/radiolifefm.com.br\/noticias\/umberto-eco-in-a-misteriosa-chama-da-rainha-loana\/\"]}]},{\"@type\":\"ImageObject\",\"inLanguage\":\"pt-BR\",\"@id\":\"https:\/\/radiolifefm.com.br\/noticias\/umberto-eco-in-a-misteriosa-chama-da-rainha-loana\/#primaryimage\",\"url\":\"https:\/\/radiolifefm.com.br\/noticias\/wp-content\/uploads\/2022\/04\/WhatsApp-Image-2022-04-10-at-18.43.02.jpeg\",\"contentUrl\":\"https:\/\/radiolifefm.com.br\/noticias\/wp-content\/uploads\/2022\/04\/WhatsApp-Image-2022-04-10-at-18.43.02.jpeg\",\"width\":972,\"height\":1296,\"caption\":\"S\u00e9rgio Barbosa\"},{\"@type\":\"BreadcrumbList\",\"@id\":\"https:\/\/radiolifefm.com.br\/noticias\/umberto-eco-in-a-misteriosa-chama-da-rainha-loana\/#breadcrumb\",\"itemListElement\":[{\"@type\":\"ListItem\",\"position\":1,\"name\":\"In\u00edcio\",\"item\":\"https:\/\/radiolifefm.com.br\/noticias\/\"},{\"@type\":\"ListItem\",\"position\":2,\"name\":\"UMBERTO ECO in A MISTERIOSA CHAMA DA RAINHA LOANA&#8230;\"}]},{\"@type\":\"WebSite\",\"@id\":\"https:\/\/radiolifefm.com.br\/noticias\/#website\",\"url\":\"https:\/\/radiolifefm.com.br\/noticias\/\",\"name\":\"R\u00e1dio Life FM\",\"description\":\"O Portal de Not\u00edcias de Adamantina\",\"publisher\":{\"@id\":\"https:\/\/radiolifefm.com.br\/noticias\/#organization\"},\"alternateName\":\"Life FM\",\"potentialAction\":[{\"@type\":\"SearchAction\",\"target\":{\"@type\":\"EntryPoint\",\"urlTemplate\":\"https:\/\/radiolifefm.com.br\/noticias\/?s={search_term_string}\"},\"query-input\":{\"@type\":\"PropertyValueSpecification\",\"valueRequired\":true,\"valueName\":\"search_term_string\"}}],\"inLanguage\":\"pt-BR\"},{\"@type\":\"Organization\",\"@id\":\"https:\/\/radiolifefm.com.br\/noticias\/#organization\",\"name\":\"R\u00e1dio Life FM\",\"alternateName\":\"Life FM\",\"url\":\"https:\/\/radiolifefm.com.br\/noticias\/\",\"logo\":{\"@type\":\"ImageObject\",\"inLanguage\":\"pt-BR\",\"@id\":\"https:\/\/radiolifefm.com.br\/noticias\/#\/schema\/logo\/image\/\",\"url\":\"https:\/\/static.radiolifefm.com.br\/noticias\/wp-content\/uploads\/2019\/10\/logo-lifefm.png\",\"contentUrl\":\"https:\/\/static.radiolifefm.com.br\/noticias\/wp-content\/uploads\/2019\/10\/logo-lifefm.png\",\"width\":196,\"height\":47,\"caption\":\"R\u00e1dio Life FM\"},\"image\":{\"@id\":\"https:\/\/radiolifefm.com.br\/noticias\/#\/schema\/logo\/image\/\"},\"sameAs\":[\"https:\/\/www.facebook.com\/radiolifefm\/\",\"https:\/\/www.instagram.com\/life1079fm\/\"]},{\"@type\":\"Person\",\"@id\":\"https:\/\/radiolifefm.com.br\/noticias\/#\/schema\/person\/6339b9fac59d12b071dec680d7375d87\",\"name\":\"ritanery\",\"image\":{\"@type\":\"ImageObject\",\"inLanguage\":\"pt-BR\",\"@id\":\"https:\/\/secure.gravatar.com\/avatar\/0e37bb19071f47c0b8a23f62a903df117c5a0e75f65a0c2901562f97cd41cf86?s=96&d=mm&r=g\",\"url\":\"https:\/\/secure.gravatar.com\/avatar\/0e37bb19071f47c0b8a23f62a903df117c5a0e75f65a0c2901562f97cd41cf86?s=96&d=mm&r=g\",\"contentUrl\":\"https:\/\/secure.gravatar.com\/avatar\/0e37bb19071f47c0b8a23f62a903df117c5a0e75f65a0c2901562f97cd41cf86?s=96&d=mm&r=g\",\"caption\":\"ritanery\"}}]}<\/script>\n<!-- \/ Yoast SEO plugin. -->","yoast_head_json":{"title":"UMBERTO ECO in A MISTERIOSA CHAMA DA RAINHA LOANA... - R\u00e1dio Life FM","robots":{"index":"index","follow":"follow","max-snippet":"max-snippet:-1","max-image-preview":"max-image-preview:large","max-video-preview":"max-video-preview:-1"},"canonical":"https:\/\/radiolifefm.com.br\/noticias\/umberto-eco-in-a-misteriosa-chama-da-rainha-loana\/","og_locale":"pt_BR","og_type":"article","og_title":"UMBERTO ECO in A MISTERIOSA CHAMA DA RAINHA LOANA... - R\u00e1dio Life FM","og_description":"\u00a0\u201cMas um leve fumifugium cor de rato est\u00e1 se espalhando no topo da escadaria, velando a entrada. \/ Sinto uma rajada de frio, al\u00e7o os olhos. \/ Por que o sol se est\u00e1 fazendo de negro?\u201d (ECO, Umberto in A Misteriosa Rainha Loana, p\u00e1g. 447) By seb@r. Nestes \u00faltimos meses, isso \u00e9, desde o ano [&hellip;]","og_url":"https:\/\/radiolifefm.com.br\/noticias\/umberto-eco-in-a-misteriosa-chama-da-rainha-loana\/","og_site_name":"R\u00e1dio Life FM","article_publisher":"https:\/\/www.facebook.com\/radiolifefm\/","article_published_time":"2024-06-26T12:02:06+00:00","article_modified_time":"2026-04-12T06:36:10+00:00","og_image":[{"width":972,"height":1296,"url":"https:\/\/radiolifefm.com.br\/noticias\/wp-content\/uploads\/2022\/04\/WhatsApp-Image-2022-04-10-at-18.43.02.jpeg","type":"image\/jpeg"}],"author":"ritanery","twitter_card":"summary_large_image","twitter_misc":{"Escrito por":"ritanery","Est. tempo de leitura":"3 minutos"},"schema":{"@context":"https:\/\/schema.org","@graph":[{"@type":"Article","@id":"https:\/\/radiolifefm.com.br\/noticias\/umberto-eco-in-a-misteriosa-chama-da-rainha-loana\/#article","isPartOf":{"@id":"https:\/\/radiolifefm.com.br\/noticias\/umberto-eco-in-a-misteriosa-chama-da-rainha-loana\/"},"author":{"name":"ritanery","@id":"https:\/\/radiolifefm.com.br\/noticias\/#\/schema\/person\/6339b9fac59d12b071dec680d7375d87"},"headline":"UMBERTO ECO in A MISTERIOSA CHAMA DA RAINHA LOANA&#8230;","datePublished":"2024-06-26T12:02:06+00:00","dateModified":"2026-04-12T06:36:10+00:00","mainEntityOfPage":{"@id":"https:\/\/radiolifefm.com.br\/noticias\/umberto-eco-in-a-misteriosa-chama-da-rainha-loana\/"},"wordCount":471,"publisher":{"@id":"https:\/\/radiolifefm.com.br\/noticias\/#organization"},"image":{"@id":"https:\/\/radiolifefm.com.br\/noticias\/umberto-eco-in-a-misteriosa-chama-da-rainha-loana\/#primaryimage"},"thumbnailUrl":"https:\/\/radiolifefm.com.br\/noticias\/wp-content\/uploads\/2022\/04\/WhatsApp-Image-2022-04-10-at-18.43.02.jpeg","articleSection":["Opini\u00e3o"],"inLanguage":"pt-BR"},{"@type":"WebPage","@id":"https:\/\/radiolifefm.com.br\/noticias\/umberto-eco-in-a-misteriosa-chama-da-rainha-loana\/","url":"https:\/\/radiolifefm.com.br\/noticias\/umberto-eco-in-a-misteriosa-chama-da-rainha-loana\/","name":"UMBERTO ECO in A MISTERIOSA CHAMA DA RAINHA LOANA... - R\u00e1dio Life FM","isPartOf":{"@id":"https:\/\/radiolifefm.com.br\/noticias\/#website"},"primaryImageOfPage":{"@id":"https:\/\/radiolifefm.com.br\/noticias\/umberto-eco-in-a-misteriosa-chama-da-rainha-loana\/#primaryimage"},"image":{"@id":"https:\/\/radiolifefm.com.br\/noticias\/umberto-eco-in-a-misteriosa-chama-da-rainha-loana\/#primaryimage"},"thumbnailUrl":"https:\/\/radiolifefm.com.br\/noticias\/wp-content\/uploads\/2022\/04\/WhatsApp-Image-2022-04-10-at-18.43.02.jpeg","datePublished":"2024-06-26T12:02:06+00:00","dateModified":"2026-04-12T06:36:10+00:00","breadcrumb":{"@id":"https:\/\/radiolifefm.com.br\/noticias\/umberto-eco-in-a-misteriosa-chama-da-rainha-loana\/#breadcrumb"},"inLanguage":"pt-BR","potentialAction":[{"@type":"ReadAction","target":["https:\/\/radiolifefm.com.br\/noticias\/umberto-eco-in-a-misteriosa-chama-da-rainha-loana\/"]}]},{"@type":"ImageObject","inLanguage":"pt-BR","@id":"https:\/\/radiolifefm.com.br\/noticias\/umberto-eco-in-a-misteriosa-chama-da-rainha-loana\/#primaryimage","url":"https:\/\/radiolifefm.com.br\/noticias\/wp-content\/uploads\/2022\/04\/WhatsApp-Image-2022-04-10-at-18.43.02.jpeg","contentUrl":"https:\/\/radiolifefm.com.br\/noticias\/wp-content\/uploads\/2022\/04\/WhatsApp-Image-2022-04-10-at-18.43.02.jpeg","width":972,"height":1296,"caption":"S\u00e9rgio Barbosa"},{"@type":"BreadcrumbList","@id":"https:\/\/radiolifefm.com.br\/noticias\/umberto-eco-in-a-misteriosa-chama-da-rainha-loana\/#breadcrumb","itemListElement":[{"@type":"ListItem","position":1,"name":"In\u00edcio","item":"https:\/\/radiolifefm.com.br\/noticias\/"},{"@type":"ListItem","position":2,"name":"UMBERTO ECO in A MISTERIOSA CHAMA DA RAINHA LOANA&#8230;"}]},{"@type":"WebSite","@id":"https:\/\/radiolifefm.com.br\/noticias\/#website","url":"https:\/\/radiolifefm.com.br\/noticias\/","name":"R\u00e1dio Life FM","description":"O Portal de Not\u00edcias de Adamantina","publisher":{"@id":"https:\/\/radiolifefm.com.br\/noticias\/#organization"},"alternateName":"Life FM","potentialAction":[{"@type":"SearchAction","target":{"@type":"EntryPoint","urlTemplate":"https:\/\/radiolifefm.com.br\/noticias\/?s={search_term_string}"},"query-input":{"@type":"PropertyValueSpecification","valueRequired":true,"valueName":"search_term_string"}}],"inLanguage":"pt-BR"},{"@type":"Organization","@id":"https:\/\/radiolifefm.com.br\/noticias\/#organization","name":"R\u00e1dio Life FM","alternateName":"Life FM","url":"https:\/\/radiolifefm.com.br\/noticias\/","logo":{"@type":"ImageObject","inLanguage":"pt-BR","@id":"https:\/\/radiolifefm.com.br\/noticias\/#\/schema\/logo\/image\/","url":"https:\/\/static.radiolifefm.com.br\/noticias\/wp-content\/uploads\/2019\/10\/logo-lifefm.png","contentUrl":"https:\/\/static.radiolifefm.com.br\/noticias\/wp-content\/uploads\/2019\/10\/logo-lifefm.png","width":196,"height":47,"caption":"R\u00e1dio Life FM"},"image":{"@id":"https:\/\/radiolifefm.com.br\/noticias\/#\/schema\/logo\/image\/"},"sameAs":["https:\/\/www.facebook.com\/radiolifefm\/","https:\/\/www.instagram.com\/life1079fm\/"]},{"@type":"Person","@id":"https:\/\/radiolifefm.com.br\/noticias\/#\/schema\/person\/6339b9fac59d12b071dec680d7375d87","name":"ritanery","image":{"@type":"ImageObject","inLanguage":"pt-BR","@id":"https:\/\/secure.gravatar.com\/avatar\/0e37bb19071f47c0b8a23f62a903df117c5a0e75f65a0c2901562f97cd41cf86?s=96&d=mm&r=g","url":"https:\/\/secure.gravatar.com\/avatar\/0e37bb19071f47c0b8a23f62a903df117c5a0e75f65a0c2901562f97cd41cf86?s=96&d=mm&r=g","contentUrl":"https:\/\/secure.gravatar.com\/avatar\/0e37bb19071f47c0b8a23f62a903df117c5a0e75f65a0c2901562f97cd41cf86?s=96&d=mm&r=g","caption":"ritanery"}}]}},"amp_enabled":true,"_links":{"self":[{"href":"https:\/\/radiolifefm.com.br\/noticias\/wp-json\/wp\/v2\/posts\/89343","targetHints":{"allow":["GET"]}}],"collection":[{"href":"https:\/\/radiolifefm.com.br\/noticias\/wp-json\/wp\/v2\/posts"}],"about":[{"href":"https:\/\/radiolifefm.com.br\/noticias\/wp-json\/wp\/v2\/types\/post"}],"author":[{"embeddable":true,"href":"https:\/\/radiolifefm.com.br\/noticias\/wp-json\/wp\/v2\/users\/13"}],"replies":[{"embeddable":true,"href":"https:\/\/radiolifefm.com.br\/noticias\/wp-json\/wp\/v2\/comments?post=89343"}],"version-history":[{"count":1,"href":"https:\/\/radiolifefm.com.br\/noticias\/wp-json\/wp\/v2\/posts\/89343\/revisions"}],"predecessor-version":[{"id":89344,"href":"https:\/\/radiolifefm.com.br\/noticias\/wp-json\/wp\/v2\/posts\/89343\/revisions\/89344"}],"wp:featuredmedia":[{"embeddable":true,"href":"https:\/\/radiolifefm.com.br\/noticias\/wp-json\/wp\/v2\/media\/51988"}],"wp:attachment":[{"href":"https:\/\/radiolifefm.com.br\/noticias\/wp-json\/wp\/v2\/media?parent=89343"}],"wp:term":[{"taxonomy":"category","embeddable":true,"href":"https:\/\/radiolifefm.com.br\/noticias\/wp-json\/wp\/v2\/categories?post=89343"},{"taxonomy":"post_tag","embeddable":true,"href":"https:\/\/radiolifefm.com.br\/noticias\/wp-json\/wp\/v2\/tags?post=89343"}],"curies":[{"name":"wp","href":"https:\/\/api.w.org\/{rel}","templated":true}]}}