{"id":89136,"date":"2024-06-21T08:35:59","date_gmt":"2024-06-21T11:35:59","guid":{"rendered":"https:\/\/radiolifefm.com.br\/noticias\/?p=89136"},"modified":"2026-04-18T01:59:09","modified_gmt":"2026-04-18T04:59:09","slug":"eleicoes-pre-candidatos-as-e-jardim-zoologico-provinciano","status":"publish","type":"post","link":"https:\/\/radiolifefm.com.br\/noticias\/eleicoes-pre-candidatos-as-e-jardim-zoologico-provinciano\/","title":{"rendered":"Elei\u00e7\u00f5es, pr\u00e9-candidatos\/as e Jardim Zool\u00f3gico Provinciano&#8230;"},"content":{"rendered":"<div id=\"fb-root\"><\/div>\n<p>&nbsp;<\/p>\n<p><em>&#8220;O receio de uma desgra\u00e7a incerta faz muitas vezes mais funesta impress\u00e3o, do que a certeza de uma desgra\u00e7a sucedida.&#8221; (Shakespeare)<\/em><\/p>\n<p><strong><em>By seb@r. <\/em><\/strong><\/p>\n<p>Nesta semana, resolvi dar umas voltas pelo centro provinciano para alguns desencontros aqui e ali, ainda, sem mais e sem menos, por\u00e9m, n\u00e3o se pode escolher quem voc\u00ea encontra deste ou do outro lado de uma rua, avenida, esquina, padaria, pastelaria e outros&#8230;<\/p>\n<p>Portanto, a coisa ta pegando agora para os lados dos nomes indicados pelos partidos e suas respectivas coliga\u00e7\u00f5es para concorrerem ao executivo e legislativo, por\u00e9m, mesmo sendo um per\u00edodo &#8220;pr\u00e9-eleitoral&#8221;, essa turma est\u00e1 com a carga toda em todos os cantos provincianos&#8230;<\/p>\n<p>Alguns, est\u00e3o com aquele fome de &#8220;ca\u00e7a aos eleitores\/as&#8221; como se fossem &#8220;velhos companheiros&#8221;, tal um filme que tem este t\u00edtulo, assim, pode-se afirmar que para ambos os lados deste mesmo lado, ou seja, interessados em ocupar o &#8220;trono&#8221; do executor, bem como, alguma vaga como legislador (sic), n\u00e3o se pode esquecer que o &#8220;holerite&#8221; ou &#8220;sal\u00e1rio&#8221; est\u00e1 contando e muito neste ou naquele bolso, bolsa, carteira etc&#8230;<\/p>\n<p>Neste cen\u00e1rio pitoresco com ares provincianos, tudo pode ocorrer para ambos os lados dos dois candidatos ao executivo, tamb\u00e9m, quantos &#8220;nove escolhidos\/as&#8221; para compor o Legislativo da Prov\u00edncia em tempo de p\u00f3s-globaliza\u00e7\u00e3o organizacional&#8230;<\/p>\n<p>No denominado &#8220;Marketing Pol\u00edtico&#8221;, este per\u00edodo que antecede as elei\u00e7\u00f5es, isso \u00e9, pra quem pretende seguir a &#8220;cartilha t\u00e9cnica mercadol\u00f3gica&#8221;, denomina-se &#8220;Marketing Eleitoral&#8221; e depois de eleitos\/as, deve-se fazer a op\u00e7\u00e3o integral pelo &#8220;Marketing Pol\u00edtico&#8221;, tendo em vista a consolida\u00e7\u00e3o do projeto apresentado na Campanha Eleitoral&#8230;<\/p>\n<p>Mesmo assim, na maioria das vezes, o projeto eleitoral que se colocou em vota\u00e7\u00e3o e saiu vencedor nas urnas, acaba sendo esquecido em alguma gaveta e ponto quase final para o\/a eleitor\/a que creditou o seu voto no candidato que se tornou &#8220;Gestor Municipal&#8221;, considerando neste contexto, os\/as legisladores\/as escolhidos\/as para a composi\u00e7\u00e3o da &#8220;C\u00e2mara dos Vereadores&#8221;&#8230;<\/p>\n<p>Outra quest\u00e3o que desperta mais curiosidade do que qualquer coisa desta mesma coisa, s\u00e3o as tais coliga\u00e7\u00f5es dos partidos, haja vista que tal uni\u00e3o partid\u00e1ria que quase nunca \u00e9 em nome dos interesses da comunidade, est\u00e3o pr\u00f3ximas de uma verdadeiro &#8220;Jardim Zool\u00f3gico Provinciano&#8221;, isso com todos respeito aos animais e aves &#8220;presos&#8221; sem mais e sem menos neste local de repress\u00e3o e opress\u00e3o incondicional&#8230;<\/p>\n<p>Neste contexto plural para o sistema democr\u00e1tico tupiniquim, &#8220;tudo pode ocorrer&#8221; at\u00e9 o &#8220;dia do abate&#8221; que vai determinar quem vai ocupar o &#8220;trono do quinto andar&#8221; e as nove cadeiras dos escolhidos pela comunidade como legisladores do povo, para o povo e pelo povo&#8230;<\/p>\n<p>QUEM SOBREVIVER VAI SABER&#8230;<\/p>\n<p>&nbsp;<\/p>\n<p><strong>e-mail: <\/strong><a href=\"mailto:barbosa.sebar@gmail.com\"><strong>barbosa.sebar@gmail.com<\/strong><\/a><\/p>\n<p>&nbsp;<\/p>\n","protected":false},"excerpt":{"rendered":"<p>&nbsp; &#8220;O receio de uma desgra\u00e7a incerta faz muitas vezes mais funesta impress\u00e3o, do que a certeza de uma desgra\u00e7a sucedida.&#8221; (Shakespeare) By seb@r. Nesta semana, resolvi dar umas voltas pelo centro provinciano para alguns desencontros aqui e ali, ainda, sem mais e sem menos, por\u00e9m, n\u00e3o se pode escolher quem voc\u00ea encontra deste ou [&hellip;]<\/p>\n","protected":false},"author":13,"featured_media":51988,"comment_status":"closed","ping_status":"open","sticky":false,"template":"","format":"standard","meta":{"_acf_changed":false,"_exactmetrics_skip_tracking":false,"_exactmetrics_sitenote_active":false,"_exactmetrics_sitenote_note":"","_exactmetrics_sitenote_category":0,"footnotes":""},"categories":[59],"tags":[],"class_list":["post-89136","post","type-post","status-publish","format-standard","has-post-thumbnail","hentry","category-opiniao"],"acf":[],"yoast_head":"<!-- This site is optimized with the Yoast SEO plugin v27.2 - https:\/\/yoast.com\/product\/yoast-seo-wordpress\/ -->\n<title>Elei\u00e7\u00f5es, pr\u00e9-candidatos\/as e Jardim Zool\u00f3gico Provinciano... - R\u00e1dio Life FM<\/title>\n<meta name=\"robots\" content=\"index, follow, max-snippet:-1, max-image-preview:large, max-video-preview:-1\" \/>\n<link rel=\"canonical\" href=\"https:\/\/radiolifefm.com.br\/noticias\/eleicoes-pre-candidatos-as-e-jardim-zoologico-provinciano\/\" \/>\n<meta property=\"og:locale\" content=\"pt_BR\" \/>\n<meta property=\"og:type\" content=\"article\" \/>\n<meta property=\"og:title\" content=\"Elei\u00e7\u00f5es, pr\u00e9-candidatos\/as e Jardim Zool\u00f3gico Provinciano... - R\u00e1dio Life FM\" \/>\n<meta property=\"og:description\" content=\"&nbsp; &#8220;O receio de uma desgra\u00e7a incerta faz muitas vezes mais funesta impress\u00e3o, do que a certeza de uma desgra\u00e7a sucedida.&#8221; (Shakespeare) By seb@r. Nesta semana, resolvi dar umas voltas pelo centro provinciano para alguns desencontros aqui e ali, ainda, sem mais e sem menos, por\u00e9m, n\u00e3o se pode escolher quem voc\u00ea encontra deste ou [&hellip;]\" \/>\n<meta property=\"og:url\" content=\"https:\/\/radiolifefm.com.br\/noticias\/eleicoes-pre-candidatos-as-e-jardim-zoologico-provinciano\/\" \/>\n<meta property=\"og:site_name\" content=\"R\u00e1dio Life FM\" \/>\n<meta property=\"article:publisher\" content=\"https:\/\/www.facebook.com\/radiolifefm\/\" \/>\n<meta property=\"article:published_time\" content=\"2024-06-21T11:35:59+00:00\" \/>\n<meta property=\"article:modified_time\" content=\"2026-04-18T04:59:09+00:00\" \/>\n<meta property=\"og:image\" content=\"https:\/\/radiolifefm.com.br\/noticias\/wp-content\/uploads\/2022\/04\/WhatsApp-Image-2022-04-10-at-18.43.02.jpeg\" \/>\n\t<meta property=\"og:image:width\" content=\"972\" \/>\n\t<meta property=\"og:image:height\" content=\"1296\" \/>\n\t<meta property=\"og:image:type\" content=\"image\/jpeg\" \/>\n<meta name=\"author\" content=\"ritanery\" \/>\n<meta name=\"twitter:card\" content=\"summary_large_image\" \/>\n<meta name=\"twitter:label1\" content=\"Escrito por\" \/>\n\t<meta name=\"twitter:data1\" content=\"ritanery\" \/>\n\t<meta name=\"twitter:label2\" content=\"Est. tempo de leitura\" \/>\n\t<meta name=\"twitter:data2\" content=\"3 minutos\" \/>\n<script type=\"application\/ld+json\" class=\"yoast-schema-graph\">{\"@context\":\"https:\/\/schema.org\",\"@graph\":[{\"@type\":\"Article\",\"@id\":\"https:\/\/radiolifefm.com.br\/noticias\/eleicoes-pre-candidatos-as-e-jardim-zoologico-provinciano\/#article\",\"isPartOf\":{\"@id\":\"https:\/\/radiolifefm.com.br\/noticias\/eleicoes-pre-candidatos-as-e-jardim-zoologico-provinciano\/\"},\"author\":{\"name\":\"ritanery\",\"@id\":\"https:\/\/radiolifefm.com.br\/noticias\/#\/schema\/person\/6339b9fac59d12b071dec680d7375d87\"},\"headline\":\"Elei\u00e7\u00f5es, pr\u00e9-candidatos\/as e Jardim Zool\u00f3gico Provinciano&#8230;\",\"datePublished\":\"2024-06-21T11:35:59+00:00\",\"dateModified\":\"2026-04-18T04:59:09+00:00\",\"mainEntityOfPage\":{\"@id\":\"https:\/\/radiolifefm.com.br\/noticias\/eleicoes-pre-candidatos-as-e-jardim-zoologico-provinciano\/\"},\"wordCount\":491,\"publisher\":{\"@id\":\"https:\/\/radiolifefm.com.br\/noticias\/#organization\"},\"image\":{\"@id\":\"https:\/\/radiolifefm.com.br\/noticias\/eleicoes-pre-candidatos-as-e-jardim-zoologico-provinciano\/#primaryimage\"},\"thumbnailUrl\":\"https:\/\/radiolifefm.com.br\/noticias\/wp-content\/uploads\/2022\/04\/WhatsApp-Image-2022-04-10-at-18.43.02.jpeg\",\"articleSection\":[\"Opini\u00e3o\"],\"inLanguage\":\"pt-BR\"},{\"@type\":\"WebPage\",\"@id\":\"https:\/\/radiolifefm.com.br\/noticias\/eleicoes-pre-candidatos-as-e-jardim-zoologico-provinciano\/\",\"url\":\"https:\/\/radiolifefm.com.br\/noticias\/eleicoes-pre-candidatos-as-e-jardim-zoologico-provinciano\/\",\"name\":\"Elei\u00e7\u00f5es, pr\u00e9-candidatos\/as e Jardim Zool\u00f3gico Provinciano... - R\u00e1dio Life FM\",\"isPartOf\":{\"@id\":\"https:\/\/radiolifefm.com.br\/noticias\/#website\"},\"primaryImageOfPage\":{\"@id\":\"https:\/\/radiolifefm.com.br\/noticias\/eleicoes-pre-candidatos-as-e-jardim-zoologico-provinciano\/#primaryimage\"},\"image\":{\"@id\":\"https:\/\/radiolifefm.com.br\/noticias\/eleicoes-pre-candidatos-as-e-jardim-zoologico-provinciano\/#primaryimage\"},\"thumbnailUrl\":\"https:\/\/radiolifefm.com.br\/noticias\/wp-content\/uploads\/2022\/04\/WhatsApp-Image-2022-04-10-at-18.43.02.jpeg\",\"datePublished\":\"2024-06-21T11:35:59+00:00\",\"dateModified\":\"2026-04-18T04:59:09+00:00\",\"breadcrumb\":{\"@id\":\"https:\/\/radiolifefm.com.br\/noticias\/eleicoes-pre-candidatos-as-e-jardim-zoologico-provinciano\/#breadcrumb\"},\"inLanguage\":\"pt-BR\",\"potentialAction\":[{\"@type\":\"ReadAction\",\"target\":[\"https:\/\/radiolifefm.com.br\/noticias\/eleicoes-pre-candidatos-as-e-jardim-zoologico-provinciano\/\"]}]},{\"@type\":\"ImageObject\",\"inLanguage\":\"pt-BR\",\"@id\":\"https:\/\/radiolifefm.com.br\/noticias\/eleicoes-pre-candidatos-as-e-jardim-zoologico-provinciano\/#primaryimage\",\"url\":\"https:\/\/radiolifefm.com.br\/noticias\/wp-content\/uploads\/2022\/04\/WhatsApp-Image-2022-04-10-at-18.43.02.jpeg\",\"contentUrl\":\"https:\/\/radiolifefm.com.br\/noticias\/wp-content\/uploads\/2022\/04\/WhatsApp-Image-2022-04-10-at-18.43.02.jpeg\",\"width\":972,\"height\":1296,\"caption\":\"S\u00e9rgio Barbosa\"},{\"@type\":\"BreadcrumbList\",\"@id\":\"https:\/\/radiolifefm.com.br\/noticias\/eleicoes-pre-candidatos-as-e-jardim-zoologico-provinciano\/#breadcrumb\",\"itemListElement\":[{\"@type\":\"ListItem\",\"position\":1,\"name\":\"In\u00edcio\",\"item\":\"https:\/\/radiolifefm.com.br\/noticias\/\"},{\"@type\":\"ListItem\",\"position\":2,\"name\":\"Elei\u00e7\u00f5es, pr\u00e9-candidatos\/as e Jardim Zool\u00f3gico Provinciano&#8230;\"}]},{\"@type\":\"WebSite\",\"@id\":\"https:\/\/radiolifefm.com.br\/noticias\/#website\",\"url\":\"https:\/\/radiolifefm.com.br\/noticias\/\",\"name\":\"R\u00e1dio Life FM\",\"description\":\"O Portal de Not\u00edcias de Adamantina\",\"publisher\":{\"@id\":\"https:\/\/radiolifefm.com.br\/noticias\/#organization\"},\"alternateName\":\"Life FM\",\"potentialAction\":[{\"@type\":\"SearchAction\",\"target\":{\"@type\":\"EntryPoint\",\"urlTemplate\":\"https:\/\/radiolifefm.com.br\/noticias\/?s={search_term_string}\"},\"query-input\":{\"@type\":\"PropertyValueSpecification\",\"valueRequired\":true,\"valueName\":\"search_term_string\"}}],\"inLanguage\":\"pt-BR\"},{\"@type\":\"Organization\",\"@id\":\"https:\/\/radiolifefm.com.br\/noticias\/#organization\",\"name\":\"R\u00e1dio Life FM\",\"alternateName\":\"Life FM\",\"url\":\"https:\/\/radiolifefm.com.br\/noticias\/\",\"logo\":{\"@type\":\"ImageObject\",\"inLanguage\":\"pt-BR\",\"@id\":\"https:\/\/radiolifefm.com.br\/noticias\/#\/schema\/logo\/image\/\",\"url\":\"https:\/\/static.radiolifefm.com.br\/noticias\/wp-content\/uploads\/2019\/10\/logo-lifefm.png\",\"contentUrl\":\"https:\/\/static.radiolifefm.com.br\/noticias\/wp-content\/uploads\/2019\/10\/logo-lifefm.png\",\"width\":196,\"height\":47,\"caption\":\"R\u00e1dio Life FM\"},\"image\":{\"@id\":\"https:\/\/radiolifefm.com.br\/noticias\/#\/schema\/logo\/image\/\"},\"sameAs\":[\"https:\/\/www.facebook.com\/radiolifefm\/\",\"https:\/\/www.instagram.com\/life1079fm\/\"]},{\"@type\":\"Person\",\"@id\":\"https:\/\/radiolifefm.com.br\/noticias\/#\/schema\/person\/6339b9fac59d12b071dec680d7375d87\",\"name\":\"ritanery\",\"image\":{\"@type\":\"ImageObject\",\"inLanguage\":\"pt-BR\",\"@id\":\"https:\/\/secure.gravatar.com\/avatar\/0e37bb19071f47c0b8a23f62a903df117c5a0e75f65a0c2901562f97cd41cf86?s=96&d=mm&r=g\",\"url\":\"https:\/\/secure.gravatar.com\/avatar\/0e37bb19071f47c0b8a23f62a903df117c5a0e75f65a0c2901562f97cd41cf86?s=96&d=mm&r=g\",\"contentUrl\":\"https:\/\/secure.gravatar.com\/avatar\/0e37bb19071f47c0b8a23f62a903df117c5a0e75f65a0c2901562f97cd41cf86?s=96&d=mm&r=g\",\"caption\":\"ritanery\"}}]}<\/script>\n<!-- \/ Yoast SEO plugin. -->","yoast_head_json":{"title":"Elei\u00e7\u00f5es, pr\u00e9-candidatos\/as e Jardim Zool\u00f3gico Provinciano... - R\u00e1dio Life FM","robots":{"index":"index","follow":"follow","max-snippet":"max-snippet:-1","max-image-preview":"max-image-preview:large","max-video-preview":"max-video-preview:-1"},"canonical":"https:\/\/radiolifefm.com.br\/noticias\/eleicoes-pre-candidatos-as-e-jardim-zoologico-provinciano\/","og_locale":"pt_BR","og_type":"article","og_title":"Elei\u00e7\u00f5es, pr\u00e9-candidatos\/as e Jardim Zool\u00f3gico Provinciano... - R\u00e1dio Life FM","og_description":"&nbsp; &#8220;O receio de uma desgra\u00e7a incerta faz muitas vezes mais funesta impress\u00e3o, do que a certeza de uma desgra\u00e7a sucedida.&#8221; (Shakespeare) By seb@r. Nesta semana, resolvi dar umas voltas pelo centro provinciano para alguns desencontros aqui e ali, ainda, sem mais e sem menos, por\u00e9m, n\u00e3o se pode escolher quem voc\u00ea encontra deste ou [&hellip;]","og_url":"https:\/\/radiolifefm.com.br\/noticias\/eleicoes-pre-candidatos-as-e-jardim-zoologico-provinciano\/","og_site_name":"R\u00e1dio Life FM","article_publisher":"https:\/\/www.facebook.com\/radiolifefm\/","article_published_time":"2024-06-21T11:35:59+00:00","article_modified_time":"2026-04-18T04:59:09+00:00","og_image":[{"width":972,"height":1296,"url":"https:\/\/radiolifefm.com.br\/noticias\/wp-content\/uploads\/2022\/04\/WhatsApp-Image-2022-04-10-at-18.43.02.jpeg","type":"image\/jpeg"}],"author":"ritanery","twitter_card":"summary_large_image","twitter_misc":{"Escrito por":"ritanery","Est. tempo de leitura":"3 minutos"},"schema":{"@context":"https:\/\/schema.org","@graph":[{"@type":"Article","@id":"https:\/\/radiolifefm.com.br\/noticias\/eleicoes-pre-candidatos-as-e-jardim-zoologico-provinciano\/#article","isPartOf":{"@id":"https:\/\/radiolifefm.com.br\/noticias\/eleicoes-pre-candidatos-as-e-jardim-zoologico-provinciano\/"},"author":{"name":"ritanery","@id":"https:\/\/radiolifefm.com.br\/noticias\/#\/schema\/person\/6339b9fac59d12b071dec680d7375d87"},"headline":"Elei\u00e7\u00f5es, pr\u00e9-candidatos\/as e Jardim Zool\u00f3gico Provinciano&#8230;","datePublished":"2024-06-21T11:35:59+00:00","dateModified":"2026-04-18T04:59:09+00:00","mainEntityOfPage":{"@id":"https:\/\/radiolifefm.com.br\/noticias\/eleicoes-pre-candidatos-as-e-jardim-zoologico-provinciano\/"},"wordCount":491,"publisher":{"@id":"https:\/\/radiolifefm.com.br\/noticias\/#organization"},"image":{"@id":"https:\/\/radiolifefm.com.br\/noticias\/eleicoes-pre-candidatos-as-e-jardim-zoologico-provinciano\/#primaryimage"},"thumbnailUrl":"https:\/\/radiolifefm.com.br\/noticias\/wp-content\/uploads\/2022\/04\/WhatsApp-Image-2022-04-10-at-18.43.02.jpeg","articleSection":["Opini\u00e3o"],"inLanguage":"pt-BR"},{"@type":"WebPage","@id":"https:\/\/radiolifefm.com.br\/noticias\/eleicoes-pre-candidatos-as-e-jardim-zoologico-provinciano\/","url":"https:\/\/radiolifefm.com.br\/noticias\/eleicoes-pre-candidatos-as-e-jardim-zoologico-provinciano\/","name":"Elei\u00e7\u00f5es, pr\u00e9-candidatos\/as e Jardim Zool\u00f3gico Provinciano... - R\u00e1dio Life FM","isPartOf":{"@id":"https:\/\/radiolifefm.com.br\/noticias\/#website"},"primaryImageOfPage":{"@id":"https:\/\/radiolifefm.com.br\/noticias\/eleicoes-pre-candidatos-as-e-jardim-zoologico-provinciano\/#primaryimage"},"image":{"@id":"https:\/\/radiolifefm.com.br\/noticias\/eleicoes-pre-candidatos-as-e-jardim-zoologico-provinciano\/#primaryimage"},"thumbnailUrl":"https:\/\/radiolifefm.com.br\/noticias\/wp-content\/uploads\/2022\/04\/WhatsApp-Image-2022-04-10-at-18.43.02.jpeg","datePublished":"2024-06-21T11:35:59+00:00","dateModified":"2026-04-18T04:59:09+00:00","breadcrumb":{"@id":"https:\/\/radiolifefm.com.br\/noticias\/eleicoes-pre-candidatos-as-e-jardim-zoologico-provinciano\/#breadcrumb"},"inLanguage":"pt-BR","potentialAction":[{"@type":"ReadAction","target":["https:\/\/radiolifefm.com.br\/noticias\/eleicoes-pre-candidatos-as-e-jardim-zoologico-provinciano\/"]}]},{"@type":"ImageObject","inLanguage":"pt-BR","@id":"https:\/\/radiolifefm.com.br\/noticias\/eleicoes-pre-candidatos-as-e-jardim-zoologico-provinciano\/#primaryimage","url":"https:\/\/radiolifefm.com.br\/noticias\/wp-content\/uploads\/2022\/04\/WhatsApp-Image-2022-04-10-at-18.43.02.jpeg","contentUrl":"https:\/\/radiolifefm.com.br\/noticias\/wp-content\/uploads\/2022\/04\/WhatsApp-Image-2022-04-10-at-18.43.02.jpeg","width":972,"height":1296,"caption":"S\u00e9rgio Barbosa"},{"@type":"BreadcrumbList","@id":"https:\/\/radiolifefm.com.br\/noticias\/eleicoes-pre-candidatos-as-e-jardim-zoologico-provinciano\/#breadcrumb","itemListElement":[{"@type":"ListItem","position":1,"name":"In\u00edcio","item":"https:\/\/radiolifefm.com.br\/noticias\/"},{"@type":"ListItem","position":2,"name":"Elei\u00e7\u00f5es, pr\u00e9-candidatos\/as e Jardim Zool\u00f3gico Provinciano&#8230;"}]},{"@type":"WebSite","@id":"https:\/\/radiolifefm.com.br\/noticias\/#website","url":"https:\/\/radiolifefm.com.br\/noticias\/","name":"R\u00e1dio Life FM","description":"O Portal de Not\u00edcias de Adamantina","publisher":{"@id":"https:\/\/radiolifefm.com.br\/noticias\/#organization"},"alternateName":"Life FM","potentialAction":[{"@type":"SearchAction","target":{"@type":"EntryPoint","urlTemplate":"https:\/\/radiolifefm.com.br\/noticias\/?s={search_term_string}"},"query-input":{"@type":"PropertyValueSpecification","valueRequired":true,"valueName":"search_term_string"}}],"inLanguage":"pt-BR"},{"@type":"Organization","@id":"https:\/\/radiolifefm.com.br\/noticias\/#organization","name":"R\u00e1dio Life FM","alternateName":"Life FM","url":"https:\/\/radiolifefm.com.br\/noticias\/","logo":{"@type":"ImageObject","inLanguage":"pt-BR","@id":"https:\/\/radiolifefm.com.br\/noticias\/#\/schema\/logo\/image\/","url":"https:\/\/static.radiolifefm.com.br\/noticias\/wp-content\/uploads\/2019\/10\/logo-lifefm.png","contentUrl":"https:\/\/static.radiolifefm.com.br\/noticias\/wp-content\/uploads\/2019\/10\/logo-lifefm.png","width":196,"height":47,"caption":"R\u00e1dio Life FM"},"image":{"@id":"https:\/\/radiolifefm.com.br\/noticias\/#\/schema\/logo\/image\/"},"sameAs":["https:\/\/www.facebook.com\/radiolifefm\/","https:\/\/www.instagram.com\/life1079fm\/"]},{"@type":"Person","@id":"https:\/\/radiolifefm.com.br\/noticias\/#\/schema\/person\/6339b9fac59d12b071dec680d7375d87","name":"ritanery","image":{"@type":"ImageObject","inLanguage":"pt-BR","@id":"https:\/\/secure.gravatar.com\/avatar\/0e37bb19071f47c0b8a23f62a903df117c5a0e75f65a0c2901562f97cd41cf86?s=96&d=mm&r=g","url":"https:\/\/secure.gravatar.com\/avatar\/0e37bb19071f47c0b8a23f62a903df117c5a0e75f65a0c2901562f97cd41cf86?s=96&d=mm&r=g","contentUrl":"https:\/\/secure.gravatar.com\/avatar\/0e37bb19071f47c0b8a23f62a903df117c5a0e75f65a0c2901562f97cd41cf86?s=96&d=mm&r=g","caption":"ritanery"}}]}},"amp_enabled":true,"_links":{"self":[{"href":"https:\/\/radiolifefm.com.br\/noticias\/wp-json\/wp\/v2\/posts\/89136","targetHints":{"allow":["GET"]}}],"collection":[{"href":"https:\/\/radiolifefm.com.br\/noticias\/wp-json\/wp\/v2\/posts"}],"about":[{"href":"https:\/\/radiolifefm.com.br\/noticias\/wp-json\/wp\/v2\/types\/post"}],"author":[{"embeddable":true,"href":"https:\/\/radiolifefm.com.br\/noticias\/wp-json\/wp\/v2\/users\/13"}],"replies":[{"embeddable":true,"href":"https:\/\/radiolifefm.com.br\/noticias\/wp-json\/wp\/v2\/comments?post=89136"}],"version-history":[{"count":1,"href":"https:\/\/radiolifefm.com.br\/noticias\/wp-json\/wp\/v2\/posts\/89136\/revisions"}],"predecessor-version":[{"id":89137,"href":"https:\/\/radiolifefm.com.br\/noticias\/wp-json\/wp\/v2\/posts\/89136\/revisions\/89137"}],"wp:featuredmedia":[{"embeddable":true,"href":"https:\/\/radiolifefm.com.br\/noticias\/wp-json\/wp\/v2\/media\/51988"}],"wp:attachment":[{"href":"https:\/\/radiolifefm.com.br\/noticias\/wp-json\/wp\/v2\/media?parent=89136"}],"wp:term":[{"taxonomy":"category","embeddable":true,"href":"https:\/\/radiolifefm.com.br\/noticias\/wp-json\/wp\/v2\/categories?post=89136"},{"taxonomy":"post_tag","embeddable":true,"href":"https:\/\/radiolifefm.com.br\/noticias\/wp-json\/wp\/v2\/tags?post=89136"}],"curies":[{"name":"wp","href":"https:\/\/api.w.org\/{rel}","templated":true}]}}