{"id":88948,"date":"2024-06-17T08:17:49","date_gmt":"2024-06-17T11:17:49","guid":{"rendered":"https:\/\/radiolifefm.com.br\/noticias\/?p=88948"},"modified":"2026-04-01T11:36:41","modified_gmt":"2026-04-01T14:36:41","slug":"desencontros-com-a-palavra-provincia","status":"publish","type":"post","link":"https:\/\/radiolifefm.com.br\/noticias\/desencontros-com-a-palavra-provincia\/","title":{"rendered":"DESENCONTROS COM A PALAVRA &#8220;PROV\u00cdNCIA&#8221;&#8230;"},"content":{"rendered":"<div id=\"fb-root\"><\/div>\n<p><em>&#8220;Nesta elei\u00e7\u00e3o, respeitando o sistema de rotatividade, a\u00a0<strong>prov\u00edncia<\/strong>\u00a0e a cidade de Buenos Aires n\u00e3o elegem senadores.&#8221; (<\/em><em>Folha de S.Paulo, 26\/06\/2009)<\/em><\/p>\n<p><em>&#8220;O ex-presidente N\u00e9stor Kirchner, candidato ao Parlamento pela\u00a0<strong>prov\u00edncia<\/strong>\u00a0de Buenos Aires, se candidata n\u00e3o somente contanto com maioria parlamentar, mas com sua estabilidade como l\u00edder do peronista Partido Justicialista (PJ).&#8221; (<\/em><em>Folha de S.Paulo, 26\/06\/2009)<\/em><\/p>\n<p><strong>By seb@r.<\/strong><\/p>\n<p>N\u00e3o se pode ficar sempre &#8220;fazendo de conta&#8221; sobre tudo e todos, portanto, neste tempo que se chama hoje \u00e9 necess\u00e1rio estar alerta para todos os fatos que ocorrem diariamente em n\u00edvel &#8220;regiocal&#8221;, ou seja, do regional para o local\/Prov\u00edncia&#8230;<\/p>\n<p>Faz alguns anos, por meio de uma emissora provinciana, bem como, via m\u00eddia impressa, escrevi sobre o significado da palavra &#8220;Prov\u00edncia&#8221;, bem como, &#8220;Tupiniquim&#8221; e &#8220;Pa\u00eds do faz de conta&#8221;, entretanto, entendo que est\u00e1 na hora de retomar tais explica\u00e7\u00f5es para um olhar mais a frente deste tempo que se chama hoje&#8230;<\/p>\n<p>No caso em especial da palavra &#8220;Prov\u00edncia&#8221;, de acordo com site &#8220;dicio.com.br&#8221;:<\/p>\n<p><em>s.m.<\/em><em>Divis\u00e3o territorial, pol\u00edtica, administrativa usada em certos pa\u00edses.<\/em><em>[Hist\u00f3ria]\u00a0Cada uma das grandes divis\u00f5es administrativas que, governadas por um presidente, faziam parte do Brasil imperial.Cidade ou interior; regi\u00e3o afastada da capital; regi\u00e3o afastada da capital, do governo central e, por isso, menos avan\u00e7ada ou sofisticada.[Hist\u00f3ria]\u00a0Roma Antiga. Designa\u00e7\u00e3o do pais ou grande regi\u00e3o que havia sido conquistada pelos romanos (no exterior de Roma).[Portugal]\u00a0Regi\u00e3o definida pela etnia de seus habitantes, por suas tradi\u00e7\u00f5es que se distinguem das demais.[Religi\u00e3o]\u00a0Reuni\u00e3o dos conventos ou ordens religiosas de um pa\u00eds.<\/em><em>(Etm. do latim: provincia.ae)&#8230;<\/em><\/p>\n<p>&nbsp;<\/p>\n<p>Portanto, o\/a leitor\/a pode escolher a melhor op\u00e7\u00e3o de acordo com os seus interesses aqui ou ali, ainda, sendo que tais defini\u00e7\u00f5es podem atender as mais diversas varia\u00e7\u00f5es quanto ao contexto em que a palavra &#8220;Prov\u00edncia&#8221; est\u00e1 inserida e ponto quase final&#8230;<\/p>\n<p>Assim, n\u00e3o se pode ficar falando pelos quatro cantos provincianos sobre temas ou tem\u00e1ticas por meio do famigerado &#8220;senso comum&#8221; que \u00e9 a marca registrada nestes lados, ainda, sobre tudo e todos&#8230;<\/p>\n<p>Tamb\u00e9m, entendo que todos somos de um jeito ou de outro, &#8220;provinciano\/a&#8221; conforme os interesses do momento, por\u00e9m, &#8220;todo cuidado \u00e9 pouco&#8221; nestes ocasos, tendo em vista que o lado &#8220;pejorativo&#8221; desta palavra pode mais complicar do que ajudar neste ou naquele contexto plural do debate&#8230;<\/p>\n<p>Mesmo assim, pode-se escrever que ser &#8220;provinciano\/a&#8221; pode trazer muitas vantagens em meio aos desencontros deste cen\u00e1rio atual, ou seja, quando a &#8220;crise&#8221; propagada e at\u00e9 mesmo &#8220;aben\u00e7oada&#8221; por muitos, continua pressionando o mercado nas \u00e1reas da produ\u00e7\u00e3o e dos servi\u00e7os na Prov\u00edncia&#8230;<\/p>\n<p>Espera-se que o pr\u00f3ximo ano possa proporcionar outras alternativas para a regi\u00e3o provinciana, considerando que todas as cidades est\u00e3o com problemas afins aos interesses da comunidade, entre os quais, educa\u00e7\u00e3o, economia e sa\u00fade&#8230;<\/p>\n<p>O que pode ser interessante \u00e9 que o resultado as elei\u00e7\u00f5es municipais em n\u00edvel regional, apresenta para o pr\u00f3ximo mandato (2025\/2028), novas propostas patrocinadas pela &#8220;crise&#8221;, ou seja, os gestores p\u00fablicos que foram eleitos podem colocar em a\u00e7\u00e3o as suas propostas aprovadas pelos\/as eleitores\/as&#8230;<\/p>\n<p>No caso dos gestores\/as reeleitos\/as, espera-se que os\/as mesmos\/as possam &#8220;dar a volta por cima&#8221; do atual mandato, por\u00e9m, projetando novas alternativas para a continuidade aprovada pelos eleitores\/as&#8230;<\/p>\n<p>N\u00e3o se pode repetir os erros do passado na Prov\u00edncia, ainda mais quando uma maioria ampla, geral e irrestrita, definiu qual o caminho a seguir nos pr\u00f3ximos quatro anos na administra\u00e7\u00e3o p\u00fablica&#8230;<\/p>\n<p>Pra n\u00e3o esquecerem, PERDERAM MAN\u00c9S!<\/p>\n<p>QUEM SOBREVIVER VAI SABER&#8230;<\/p>\n<p><strong><em><u>_________________________________<\/u><\/em><\/strong><\/p>\n<p><strong><em><u>e-mail: <\/u><\/em><\/strong><a href=\"mailto:barbosa.sebar@gmail.com\"><strong><em>barbosa.sebar@gmail.com<\/em><\/strong><\/a><\/p>\n","protected":false},"excerpt":{"rendered":"<p>&#8220;Nesta elei\u00e7\u00e3o, respeitando o sistema de rotatividade, a\u00a0prov\u00edncia\u00a0e a cidade de Buenos Aires n\u00e3o elegem senadores.&#8221; (Folha de S.Paulo, 26\/06\/2009) &#8220;O ex-presidente N\u00e9stor Kirchner, candidato ao Parlamento pela\u00a0prov\u00edncia\u00a0de Buenos Aires, se candidata n\u00e3o somente contanto com maioria parlamentar, mas com sua estabilidade como l\u00edder do peronista Partido Justicialista (PJ).&#8221; (Folha de S.Paulo, 26\/06\/2009) By seb@r. [&hellip;]<\/p>\n","protected":false},"author":13,"featured_media":51988,"comment_status":"closed","ping_status":"open","sticky":false,"template":"","format":"standard","meta":{"_acf_changed":false,"_exactmetrics_skip_tracking":false,"_exactmetrics_sitenote_active":false,"_exactmetrics_sitenote_note":"","_exactmetrics_sitenote_category":0,"footnotes":""},"categories":[59],"tags":[],"class_list":["post-88948","post","type-post","status-publish","format-standard","has-post-thumbnail","hentry","category-opiniao"],"acf":[],"yoast_head":"<!-- This site is optimized with the Yoast SEO plugin v27.2 - https:\/\/yoast.com\/product\/yoast-seo-wordpress\/ -->\n<title>DESENCONTROS COM A PALAVRA &quot;PROV\u00cdNCIA&quot;... - R\u00e1dio Life FM<\/title>\n<meta name=\"robots\" content=\"index, follow, max-snippet:-1, max-image-preview:large, max-video-preview:-1\" \/>\n<link rel=\"canonical\" href=\"https:\/\/radiolifefm.com.br\/noticias\/desencontros-com-a-palavra-provincia\/\" \/>\n<meta property=\"og:locale\" content=\"pt_BR\" \/>\n<meta property=\"og:type\" content=\"article\" \/>\n<meta property=\"og:title\" content=\"DESENCONTROS COM A PALAVRA &quot;PROV\u00cdNCIA&quot;... - R\u00e1dio Life FM\" \/>\n<meta property=\"og:description\" content=\"&#8220;Nesta elei\u00e7\u00e3o, respeitando o sistema de rotatividade, a\u00a0prov\u00edncia\u00a0e a cidade de Buenos Aires n\u00e3o elegem senadores.&#8221; (Folha de S.Paulo, 26\/06\/2009) &#8220;O ex-presidente N\u00e9stor Kirchner, candidato ao Parlamento pela\u00a0prov\u00edncia\u00a0de Buenos Aires, se candidata n\u00e3o somente contanto com maioria parlamentar, mas com sua estabilidade como l\u00edder do peronista Partido Justicialista (PJ).&#8221; (Folha de S.Paulo, 26\/06\/2009) By seb@r. [&hellip;]\" \/>\n<meta property=\"og:url\" content=\"https:\/\/radiolifefm.com.br\/noticias\/desencontros-com-a-palavra-provincia\/\" \/>\n<meta property=\"og:site_name\" content=\"R\u00e1dio Life FM\" \/>\n<meta property=\"article:publisher\" content=\"https:\/\/www.facebook.com\/radiolifefm\/\" \/>\n<meta property=\"article:published_time\" content=\"2024-06-17T11:17:49+00:00\" \/>\n<meta property=\"article:modified_time\" content=\"2026-04-01T14:36:41+00:00\" \/>\n<meta property=\"og:image\" content=\"https:\/\/radiolifefm.com.br\/noticias\/wp-content\/uploads\/2022\/04\/WhatsApp-Image-2022-04-10-at-18.43.02.jpeg\" \/>\n\t<meta property=\"og:image:width\" content=\"972\" \/>\n\t<meta property=\"og:image:height\" content=\"1296\" \/>\n\t<meta property=\"og:image:type\" content=\"image\/jpeg\" \/>\n<meta name=\"author\" content=\"ritanery\" \/>\n<meta name=\"twitter:card\" content=\"summary_large_image\" \/>\n<meta name=\"twitter:label1\" content=\"Escrito por\" \/>\n\t<meta name=\"twitter:data1\" content=\"ritanery\" \/>\n\t<meta name=\"twitter:label2\" content=\"Est. tempo de leitura\" \/>\n\t<meta name=\"twitter:data2\" content=\"4 minutos\" \/>\n<script type=\"application\/ld+json\" class=\"yoast-schema-graph\">{\"@context\":\"https:\/\/schema.org\",\"@graph\":[{\"@type\":\"Article\",\"@id\":\"https:\/\/radiolifefm.com.br\/noticias\/desencontros-com-a-palavra-provincia\/#article\",\"isPartOf\":{\"@id\":\"https:\/\/radiolifefm.com.br\/noticias\/desencontros-com-a-palavra-provincia\/\"},\"author\":{\"name\":\"ritanery\",\"@id\":\"https:\/\/radiolifefm.com.br\/noticias\/#\/schema\/person\/6339b9fac59d12b071dec680d7375d87\"},\"headline\":\"DESENCONTROS COM A PALAVRA &#8220;PROV\u00cdNCIA&#8221;&#8230;\",\"datePublished\":\"2024-06-17T11:17:49+00:00\",\"dateModified\":\"2026-04-01T14:36:41+00:00\",\"mainEntityOfPage\":{\"@id\":\"https:\/\/radiolifefm.com.br\/noticias\/desencontros-com-a-palavra-provincia\/\"},\"wordCount\":655,\"publisher\":{\"@id\":\"https:\/\/radiolifefm.com.br\/noticias\/#organization\"},\"image\":{\"@id\":\"https:\/\/radiolifefm.com.br\/noticias\/desencontros-com-a-palavra-provincia\/#primaryimage\"},\"thumbnailUrl\":\"https:\/\/radiolifefm.com.br\/noticias\/wp-content\/uploads\/2022\/04\/WhatsApp-Image-2022-04-10-at-18.43.02.jpeg\",\"articleSection\":[\"Opini\u00e3o\"],\"inLanguage\":\"pt-BR\"},{\"@type\":\"WebPage\",\"@id\":\"https:\/\/radiolifefm.com.br\/noticias\/desencontros-com-a-palavra-provincia\/\",\"url\":\"https:\/\/radiolifefm.com.br\/noticias\/desencontros-com-a-palavra-provincia\/\",\"name\":\"DESENCONTROS COM A PALAVRA \\\"PROV\u00cdNCIA\\\"... - R\u00e1dio Life FM\",\"isPartOf\":{\"@id\":\"https:\/\/radiolifefm.com.br\/noticias\/#website\"},\"primaryImageOfPage\":{\"@id\":\"https:\/\/radiolifefm.com.br\/noticias\/desencontros-com-a-palavra-provincia\/#primaryimage\"},\"image\":{\"@id\":\"https:\/\/radiolifefm.com.br\/noticias\/desencontros-com-a-palavra-provincia\/#primaryimage\"},\"thumbnailUrl\":\"https:\/\/radiolifefm.com.br\/noticias\/wp-content\/uploads\/2022\/04\/WhatsApp-Image-2022-04-10-at-18.43.02.jpeg\",\"datePublished\":\"2024-06-17T11:17:49+00:00\",\"dateModified\":\"2026-04-01T14:36:41+00:00\",\"breadcrumb\":{\"@id\":\"https:\/\/radiolifefm.com.br\/noticias\/desencontros-com-a-palavra-provincia\/#breadcrumb\"},\"inLanguage\":\"pt-BR\",\"potentialAction\":[{\"@type\":\"ReadAction\",\"target\":[\"https:\/\/radiolifefm.com.br\/noticias\/desencontros-com-a-palavra-provincia\/\"]}]},{\"@type\":\"ImageObject\",\"inLanguage\":\"pt-BR\",\"@id\":\"https:\/\/radiolifefm.com.br\/noticias\/desencontros-com-a-palavra-provincia\/#primaryimage\",\"url\":\"https:\/\/radiolifefm.com.br\/noticias\/wp-content\/uploads\/2022\/04\/WhatsApp-Image-2022-04-10-at-18.43.02.jpeg\",\"contentUrl\":\"https:\/\/radiolifefm.com.br\/noticias\/wp-content\/uploads\/2022\/04\/WhatsApp-Image-2022-04-10-at-18.43.02.jpeg\",\"width\":972,\"height\":1296,\"caption\":\"S\u00e9rgio Barbosa\"},{\"@type\":\"BreadcrumbList\",\"@id\":\"https:\/\/radiolifefm.com.br\/noticias\/desencontros-com-a-palavra-provincia\/#breadcrumb\",\"itemListElement\":[{\"@type\":\"ListItem\",\"position\":1,\"name\":\"In\u00edcio\",\"item\":\"https:\/\/radiolifefm.com.br\/noticias\/\"},{\"@type\":\"ListItem\",\"position\":2,\"name\":\"DESENCONTROS COM A PALAVRA &#8220;PROV\u00cdNCIA&#8221;&#8230;\"}]},{\"@type\":\"WebSite\",\"@id\":\"https:\/\/radiolifefm.com.br\/noticias\/#website\",\"url\":\"https:\/\/radiolifefm.com.br\/noticias\/\",\"name\":\"R\u00e1dio Life FM\",\"description\":\"O Portal de Not\u00edcias de Adamantina\",\"publisher\":{\"@id\":\"https:\/\/radiolifefm.com.br\/noticias\/#organization\"},\"alternateName\":\"Life FM\",\"potentialAction\":[{\"@type\":\"SearchAction\",\"target\":{\"@type\":\"EntryPoint\",\"urlTemplate\":\"https:\/\/radiolifefm.com.br\/noticias\/?s={search_term_string}\"},\"query-input\":{\"@type\":\"PropertyValueSpecification\",\"valueRequired\":true,\"valueName\":\"search_term_string\"}}],\"inLanguage\":\"pt-BR\"},{\"@type\":\"Organization\",\"@id\":\"https:\/\/radiolifefm.com.br\/noticias\/#organization\",\"name\":\"R\u00e1dio Life FM\",\"alternateName\":\"Life FM\",\"url\":\"https:\/\/radiolifefm.com.br\/noticias\/\",\"logo\":{\"@type\":\"ImageObject\",\"inLanguage\":\"pt-BR\",\"@id\":\"https:\/\/radiolifefm.com.br\/noticias\/#\/schema\/logo\/image\/\",\"url\":\"https:\/\/static.radiolifefm.com.br\/noticias\/wp-content\/uploads\/2019\/10\/logo-lifefm.png\",\"contentUrl\":\"https:\/\/static.radiolifefm.com.br\/noticias\/wp-content\/uploads\/2019\/10\/logo-lifefm.png\",\"width\":196,\"height\":47,\"caption\":\"R\u00e1dio Life FM\"},\"image\":{\"@id\":\"https:\/\/radiolifefm.com.br\/noticias\/#\/schema\/logo\/image\/\"},\"sameAs\":[\"https:\/\/www.facebook.com\/radiolifefm\/\",\"https:\/\/www.instagram.com\/life1079fm\/\"]},{\"@type\":\"Person\",\"@id\":\"https:\/\/radiolifefm.com.br\/noticias\/#\/schema\/person\/6339b9fac59d12b071dec680d7375d87\",\"name\":\"ritanery\",\"image\":{\"@type\":\"ImageObject\",\"inLanguage\":\"pt-BR\",\"@id\":\"https:\/\/secure.gravatar.com\/avatar\/0e37bb19071f47c0b8a23f62a903df117c5a0e75f65a0c2901562f97cd41cf86?s=96&d=mm&r=g\",\"url\":\"https:\/\/secure.gravatar.com\/avatar\/0e37bb19071f47c0b8a23f62a903df117c5a0e75f65a0c2901562f97cd41cf86?s=96&d=mm&r=g\",\"contentUrl\":\"https:\/\/secure.gravatar.com\/avatar\/0e37bb19071f47c0b8a23f62a903df117c5a0e75f65a0c2901562f97cd41cf86?s=96&d=mm&r=g\",\"caption\":\"ritanery\"}}]}<\/script>\n<!-- \/ Yoast SEO plugin. -->","yoast_head_json":{"title":"DESENCONTROS COM A PALAVRA \"PROV\u00cdNCIA\"... - R\u00e1dio Life FM","robots":{"index":"index","follow":"follow","max-snippet":"max-snippet:-1","max-image-preview":"max-image-preview:large","max-video-preview":"max-video-preview:-1"},"canonical":"https:\/\/radiolifefm.com.br\/noticias\/desencontros-com-a-palavra-provincia\/","og_locale":"pt_BR","og_type":"article","og_title":"DESENCONTROS COM A PALAVRA \"PROV\u00cdNCIA\"... - R\u00e1dio Life FM","og_description":"&#8220;Nesta elei\u00e7\u00e3o, respeitando o sistema de rotatividade, a\u00a0prov\u00edncia\u00a0e a cidade de Buenos Aires n\u00e3o elegem senadores.&#8221; (Folha de S.Paulo, 26\/06\/2009) &#8220;O ex-presidente N\u00e9stor Kirchner, candidato ao Parlamento pela\u00a0prov\u00edncia\u00a0de Buenos Aires, se candidata n\u00e3o somente contanto com maioria parlamentar, mas com sua estabilidade como l\u00edder do peronista Partido Justicialista (PJ).&#8221; (Folha de S.Paulo, 26\/06\/2009) By seb@r. [&hellip;]","og_url":"https:\/\/radiolifefm.com.br\/noticias\/desencontros-com-a-palavra-provincia\/","og_site_name":"R\u00e1dio Life FM","article_publisher":"https:\/\/www.facebook.com\/radiolifefm\/","article_published_time":"2024-06-17T11:17:49+00:00","article_modified_time":"2026-04-01T14:36:41+00:00","og_image":[{"width":972,"height":1296,"url":"https:\/\/radiolifefm.com.br\/noticias\/wp-content\/uploads\/2022\/04\/WhatsApp-Image-2022-04-10-at-18.43.02.jpeg","type":"image\/jpeg"}],"author":"ritanery","twitter_card":"summary_large_image","twitter_misc":{"Escrito por":"ritanery","Est. tempo de leitura":"4 minutos"},"schema":{"@context":"https:\/\/schema.org","@graph":[{"@type":"Article","@id":"https:\/\/radiolifefm.com.br\/noticias\/desencontros-com-a-palavra-provincia\/#article","isPartOf":{"@id":"https:\/\/radiolifefm.com.br\/noticias\/desencontros-com-a-palavra-provincia\/"},"author":{"name":"ritanery","@id":"https:\/\/radiolifefm.com.br\/noticias\/#\/schema\/person\/6339b9fac59d12b071dec680d7375d87"},"headline":"DESENCONTROS COM A PALAVRA &#8220;PROV\u00cdNCIA&#8221;&#8230;","datePublished":"2024-06-17T11:17:49+00:00","dateModified":"2026-04-01T14:36:41+00:00","mainEntityOfPage":{"@id":"https:\/\/radiolifefm.com.br\/noticias\/desencontros-com-a-palavra-provincia\/"},"wordCount":655,"publisher":{"@id":"https:\/\/radiolifefm.com.br\/noticias\/#organization"},"image":{"@id":"https:\/\/radiolifefm.com.br\/noticias\/desencontros-com-a-palavra-provincia\/#primaryimage"},"thumbnailUrl":"https:\/\/radiolifefm.com.br\/noticias\/wp-content\/uploads\/2022\/04\/WhatsApp-Image-2022-04-10-at-18.43.02.jpeg","articleSection":["Opini\u00e3o"],"inLanguage":"pt-BR"},{"@type":"WebPage","@id":"https:\/\/radiolifefm.com.br\/noticias\/desencontros-com-a-palavra-provincia\/","url":"https:\/\/radiolifefm.com.br\/noticias\/desencontros-com-a-palavra-provincia\/","name":"DESENCONTROS COM A PALAVRA \"PROV\u00cdNCIA\"... - R\u00e1dio Life FM","isPartOf":{"@id":"https:\/\/radiolifefm.com.br\/noticias\/#website"},"primaryImageOfPage":{"@id":"https:\/\/radiolifefm.com.br\/noticias\/desencontros-com-a-palavra-provincia\/#primaryimage"},"image":{"@id":"https:\/\/radiolifefm.com.br\/noticias\/desencontros-com-a-palavra-provincia\/#primaryimage"},"thumbnailUrl":"https:\/\/radiolifefm.com.br\/noticias\/wp-content\/uploads\/2022\/04\/WhatsApp-Image-2022-04-10-at-18.43.02.jpeg","datePublished":"2024-06-17T11:17:49+00:00","dateModified":"2026-04-01T14:36:41+00:00","breadcrumb":{"@id":"https:\/\/radiolifefm.com.br\/noticias\/desencontros-com-a-palavra-provincia\/#breadcrumb"},"inLanguage":"pt-BR","potentialAction":[{"@type":"ReadAction","target":["https:\/\/radiolifefm.com.br\/noticias\/desencontros-com-a-palavra-provincia\/"]}]},{"@type":"ImageObject","inLanguage":"pt-BR","@id":"https:\/\/radiolifefm.com.br\/noticias\/desencontros-com-a-palavra-provincia\/#primaryimage","url":"https:\/\/radiolifefm.com.br\/noticias\/wp-content\/uploads\/2022\/04\/WhatsApp-Image-2022-04-10-at-18.43.02.jpeg","contentUrl":"https:\/\/radiolifefm.com.br\/noticias\/wp-content\/uploads\/2022\/04\/WhatsApp-Image-2022-04-10-at-18.43.02.jpeg","width":972,"height":1296,"caption":"S\u00e9rgio Barbosa"},{"@type":"BreadcrumbList","@id":"https:\/\/radiolifefm.com.br\/noticias\/desencontros-com-a-palavra-provincia\/#breadcrumb","itemListElement":[{"@type":"ListItem","position":1,"name":"In\u00edcio","item":"https:\/\/radiolifefm.com.br\/noticias\/"},{"@type":"ListItem","position":2,"name":"DESENCONTROS COM A PALAVRA &#8220;PROV\u00cdNCIA&#8221;&#8230;"}]},{"@type":"WebSite","@id":"https:\/\/radiolifefm.com.br\/noticias\/#website","url":"https:\/\/radiolifefm.com.br\/noticias\/","name":"R\u00e1dio Life FM","description":"O Portal de Not\u00edcias de Adamantina","publisher":{"@id":"https:\/\/radiolifefm.com.br\/noticias\/#organization"},"alternateName":"Life FM","potentialAction":[{"@type":"SearchAction","target":{"@type":"EntryPoint","urlTemplate":"https:\/\/radiolifefm.com.br\/noticias\/?s={search_term_string}"},"query-input":{"@type":"PropertyValueSpecification","valueRequired":true,"valueName":"search_term_string"}}],"inLanguage":"pt-BR"},{"@type":"Organization","@id":"https:\/\/radiolifefm.com.br\/noticias\/#organization","name":"R\u00e1dio Life FM","alternateName":"Life FM","url":"https:\/\/radiolifefm.com.br\/noticias\/","logo":{"@type":"ImageObject","inLanguage":"pt-BR","@id":"https:\/\/radiolifefm.com.br\/noticias\/#\/schema\/logo\/image\/","url":"https:\/\/static.radiolifefm.com.br\/noticias\/wp-content\/uploads\/2019\/10\/logo-lifefm.png","contentUrl":"https:\/\/static.radiolifefm.com.br\/noticias\/wp-content\/uploads\/2019\/10\/logo-lifefm.png","width":196,"height":47,"caption":"R\u00e1dio Life FM"},"image":{"@id":"https:\/\/radiolifefm.com.br\/noticias\/#\/schema\/logo\/image\/"},"sameAs":["https:\/\/www.facebook.com\/radiolifefm\/","https:\/\/www.instagram.com\/life1079fm\/"]},{"@type":"Person","@id":"https:\/\/radiolifefm.com.br\/noticias\/#\/schema\/person\/6339b9fac59d12b071dec680d7375d87","name":"ritanery","image":{"@type":"ImageObject","inLanguage":"pt-BR","@id":"https:\/\/secure.gravatar.com\/avatar\/0e37bb19071f47c0b8a23f62a903df117c5a0e75f65a0c2901562f97cd41cf86?s=96&d=mm&r=g","url":"https:\/\/secure.gravatar.com\/avatar\/0e37bb19071f47c0b8a23f62a903df117c5a0e75f65a0c2901562f97cd41cf86?s=96&d=mm&r=g","contentUrl":"https:\/\/secure.gravatar.com\/avatar\/0e37bb19071f47c0b8a23f62a903df117c5a0e75f65a0c2901562f97cd41cf86?s=96&d=mm&r=g","caption":"ritanery"}}]}},"amp_enabled":true,"_links":{"self":[{"href":"https:\/\/radiolifefm.com.br\/noticias\/wp-json\/wp\/v2\/posts\/88948","targetHints":{"allow":["GET"]}}],"collection":[{"href":"https:\/\/radiolifefm.com.br\/noticias\/wp-json\/wp\/v2\/posts"}],"about":[{"href":"https:\/\/radiolifefm.com.br\/noticias\/wp-json\/wp\/v2\/types\/post"}],"author":[{"embeddable":true,"href":"https:\/\/radiolifefm.com.br\/noticias\/wp-json\/wp\/v2\/users\/13"}],"replies":[{"embeddable":true,"href":"https:\/\/radiolifefm.com.br\/noticias\/wp-json\/wp\/v2\/comments?post=88948"}],"version-history":[{"count":1,"href":"https:\/\/radiolifefm.com.br\/noticias\/wp-json\/wp\/v2\/posts\/88948\/revisions"}],"predecessor-version":[{"id":88949,"href":"https:\/\/radiolifefm.com.br\/noticias\/wp-json\/wp\/v2\/posts\/88948\/revisions\/88949"}],"wp:featuredmedia":[{"embeddable":true,"href":"https:\/\/radiolifefm.com.br\/noticias\/wp-json\/wp\/v2\/media\/51988"}],"wp:attachment":[{"href":"https:\/\/radiolifefm.com.br\/noticias\/wp-json\/wp\/v2\/media?parent=88948"}],"wp:term":[{"taxonomy":"category","embeddable":true,"href":"https:\/\/radiolifefm.com.br\/noticias\/wp-json\/wp\/v2\/categories?post=88948"},{"taxonomy":"post_tag","embeddable":true,"href":"https:\/\/radiolifefm.com.br\/noticias\/wp-json\/wp\/v2\/tags?post=88948"}],"curies":[{"name":"wp","href":"https:\/\/api.w.org\/{rel}","templated":true}]}}