{"id":88822,"date":"2024-06-12T08:23:36","date_gmt":"2024-06-12T11:23:36","guid":{"rendered":"https:\/\/radiolifefm.com.br\/noticias\/?p=88822"},"modified":"2026-04-24T11:02:04","modified_gmt":"2026-04-24T14:02:04","slug":"ainda-ha-flores-sobre-os-espinhos","status":"publish","type":"post","link":"https:\/\/radiolifefm.com.br\/noticias\/ainda-ha-flores-sobre-os-espinhos\/","title":{"rendered":"Ainda h\u00e1 flores sobre os espinhos!"},"content":{"rendered":"<div id=\"fb-root\"><\/div>\n<p>Mas \u00e9 nesse momento que o som da chuva no telhado fica mais bonito e po\u00e9tico. Apreciar o som, se sentir vivo e entender que se tivesse algu\u00e9m para curtir desse som com voc\u00ea, \u00e9 claro que seria muito melhor, no entanto, ele n\u00e3o deve perder a beleza, nem voc\u00ea o encanto!!!\u00a0 Solange Lisboa 14\/09\/2023.<\/p>\n<p>&nbsp;<\/p>\n<p>Era um domingo de manh\u00e3, na sa\u00edda da igreja cat\u00f3lica, onde levava a minha m\u00e3e para assistir e de repente come\u00e7ou a chover forte e voltamos para dentro, encontramos conhecidos e eu estava comentando sobre que o som da chuva no telhado, sempre me encanta e uma pessoa que ouvia ali pr\u00f3ximo de n\u00f3s, fez o seguinte coment\u00e1rio:<\/p>\n<p>\u201cSempre gostei tamb\u00e9m, mas agora na solid\u00e3o em que vivo, parece que tudo perdeu o sentido\u201d,<\/p>\n<p>n\u00e3o sei quem era a pessoa, ela estava sentada sozinha em um banco j\u00e1 vazio e naquele momento era a express\u00e3o completa de afastamento e conforme suas palavras, solid\u00e3o.<\/p>\n<p>Num impulso fraterno, olhei para aquela senhora e passei a m\u00e3o em seus cabelos e lhe dei um sorriso, ela me olhou e sorriu de volta, ent\u00e3o percebi que era ainda muito jovem e que talvez por conta de sua tristeza, seus tra\u00e7os de juventude estavam encobertos.<\/p>\n<p>Depois me arrependi de n\u00e3o ter ficado um pouco mais e lhe dado aten\u00e7\u00e3o; gostaria de ter dito a ela que: n\u00e3o precisava ser assim, a vida n\u00e3o perde a cor, mesmo que tudo pare\u00e7a cinza; e que quando estamos s\u00f3s, \u00e9 o melhor momento para olhar em volta e constatar que \u00e9 na noite escura, longe das luzes da cidade, que conseguimos ver o manto de estrelas, que jamais ver\u00edamos se estiv\u00e9ssemos sob as luzes festivas e holofotes de gl\u00f3ria.<\/p>\n<p>Fiquei pensando naquela frase, naquela mulher que se disse solit\u00e1ria, mas segui o meu caminho, voltei \u00e0 conversa animada e quando a chuva passou e todos come\u00e7aram a sair, olhei para o lugar onde ela estava, mas j\u00e1 havia partido.<\/p>\n<p>Voltei outros domingos naquela igreja e procurava v\u00ea-la, por\u00e9m, nunca mais a avistei e sempre que chove (e todo dia chove em Bel\u00e9m), eu me lembro da frase que ela disse e sempre lamento n\u00e3o lhe ter dado mais aten\u00e7\u00e3o, quando tive oportunidade.<\/p>\n<p>Muitas vezes, n\u00f3s todos, humanos, nos prendemos a realidades tristes e nos isolamos do mundo, acreditando que a dor que sentimos ser\u00e1 nossa \u00fanica companhia, mas a verdade \u00e9 que precisamos arranjar for\u00e7as para voar, ainda que seja somente em nossos sonhos! A vida \u00e9 agora!<\/p>\n<p>&nbsp;<\/p>\n<p><strong>Solange Lisboa<\/strong><\/p>\n<p><strong>@sollisboapoeta<\/strong><\/p>\n<p><strong>solangeserrao3@gmail.com<\/strong><\/p>\n<p>&nbsp;<\/p>\n","protected":false},"excerpt":{"rendered":"<p>Mas \u00e9 nesse momento que o som da chuva no telhado fica mais bonito e po\u00e9tico. Apreciar o som, se sentir vivo e entender que se tivesse algu\u00e9m para curtir desse som com voc\u00ea, \u00e9 claro que seria muito melhor, no entanto, ele n\u00e3o deve perder a beleza, nem voc\u00ea o encanto!!!\u00a0 Solange Lisboa 14\/09\/2023. [&hellip;]<\/p>\n","protected":false},"author":13,"featured_media":88823,"comment_status":"closed","ping_status":"open","sticky":false,"template":"","format":"standard","meta":{"_acf_changed":false,"_exactmetrics_skip_tracking":false,"_exactmetrics_sitenote_active":false,"_exactmetrics_sitenote_note":"","_exactmetrics_sitenote_category":0,"footnotes":""},"categories":[59],"tags":[],"class_list":["post-88822","post","type-post","status-publish","format-standard","has-post-thumbnail","hentry","category-opiniao"],"acf":[],"yoast_head":"<!-- This site is optimized with the Yoast SEO plugin v27.2 - https:\/\/yoast.com\/product\/yoast-seo-wordpress\/ -->\n<title>Ainda h\u00e1 flores sobre os espinhos! - R\u00e1dio Life FM<\/title>\n<meta name=\"robots\" content=\"index, follow, max-snippet:-1, max-image-preview:large, max-video-preview:-1\" \/>\n<link rel=\"canonical\" href=\"https:\/\/radiolifefm.com.br\/noticias\/ainda-ha-flores-sobre-os-espinhos\/\" \/>\n<meta property=\"og:locale\" content=\"pt_BR\" \/>\n<meta property=\"og:type\" content=\"article\" \/>\n<meta property=\"og:title\" content=\"Ainda h\u00e1 flores sobre os espinhos! - R\u00e1dio Life FM\" \/>\n<meta property=\"og:description\" content=\"Mas \u00e9 nesse momento que o som da chuva no telhado fica mais bonito e po\u00e9tico. Apreciar o som, se sentir vivo e entender que se tivesse algu\u00e9m para curtir desse som com voc\u00ea, \u00e9 claro que seria muito melhor, no entanto, ele n\u00e3o deve perder a beleza, nem voc\u00ea o encanto!!!\u00a0 Solange Lisboa 14\/09\/2023. [&hellip;]\" \/>\n<meta property=\"og:url\" content=\"https:\/\/radiolifefm.com.br\/noticias\/ainda-ha-flores-sobre-os-espinhos\/\" \/>\n<meta property=\"og:site_name\" content=\"R\u00e1dio Life FM\" \/>\n<meta property=\"article:publisher\" content=\"https:\/\/www.facebook.com\/radiolifefm\/\" \/>\n<meta property=\"article:published_time\" content=\"2024-06-12T11:23:36+00:00\" \/>\n<meta property=\"article:modified_time\" content=\"2026-04-24T14:02:04+00:00\" \/>\n<meta property=\"og:image\" content=\"https:\/\/radiolifefm.com.br\/noticias\/wp-content\/uploads\/2024\/06\/WhatsApp-Image-2024-06-10-at-23.02.45.jpeg\" \/>\n\t<meta property=\"og:image:width\" content=\"1199\" \/>\n\t<meta property=\"og:image:height\" content=\"1599\" \/>\n\t<meta property=\"og:image:type\" content=\"image\/jpeg\" \/>\n<meta name=\"author\" content=\"ritanery\" \/>\n<meta name=\"twitter:card\" content=\"summary_large_image\" \/>\n<meta name=\"twitter:label1\" content=\"Escrito por\" \/>\n\t<meta name=\"twitter:data1\" content=\"ritanery\" \/>\n\t<meta name=\"twitter:label2\" content=\"Est. tempo de leitura\" \/>\n\t<meta name=\"twitter:data2\" content=\"3 minutos\" \/>\n<script type=\"application\/ld+json\" class=\"yoast-schema-graph\">{\"@context\":\"https:\/\/schema.org\",\"@graph\":[{\"@type\":\"Article\",\"@id\":\"https:\/\/radiolifefm.com.br\/noticias\/ainda-ha-flores-sobre-os-espinhos\/#article\",\"isPartOf\":{\"@id\":\"https:\/\/radiolifefm.com.br\/noticias\/ainda-ha-flores-sobre-os-espinhos\/\"},\"author\":{\"name\":\"ritanery\",\"@id\":\"https:\/\/radiolifefm.com.br\/noticias\/#\/schema\/person\/6339b9fac59d12b071dec680d7375d87\"},\"headline\":\"Ainda h\u00e1 flores sobre os espinhos!\",\"datePublished\":\"2024-06-12T11:23:36+00:00\",\"dateModified\":\"2026-04-24T14:02:04+00:00\",\"mainEntityOfPage\":{\"@id\":\"https:\/\/radiolifefm.com.br\/noticias\/ainda-ha-flores-sobre-os-espinhos\/\"},\"wordCount\":458,\"publisher\":{\"@id\":\"https:\/\/radiolifefm.com.br\/noticias\/#organization\"},\"image\":{\"@id\":\"https:\/\/radiolifefm.com.br\/noticias\/ainda-ha-flores-sobre-os-espinhos\/#primaryimage\"},\"thumbnailUrl\":\"https:\/\/radiolifefm.com.br\/noticias\/wp-content\/uploads\/2024\/06\/WhatsApp-Image-2024-06-10-at-23.02.45.jpeg\",\"articleSection\":[\"Opini\u00e3o\"],\"inLanguage\":\"pt-BR\"},{\"@type\":\"WebPage\",\"@id\":\"https:\/\/radiolifefm.com.br\/noticias\/ainda-ha-flores-sobre-os-espinhos\/\",\"url\":\"https:\/\/radiolifefm.com.br\/noticias\/ainda-ha-flores-sobre-os-espinhos\/\",\"name\":\"Ainda h\u00e1 flores sobre os espinhos! - R\u00e1dio Life FM\",\"isPartOf\":{\"@id\":\"https:\/\/radiolifefm.com.br\/noticias\/#website\"},\"primaryImageOfPage\":{\"@id\":\"https:\/\/radiolifefm.com.br\/noticias\/ainda-ha-flores-sobre-os-espinhos\/#primaryimage\"},\"image\":{\"@id\":\"https:\/\/radiolifefm.com.br\/noticias\/ainda-ha-flores-sobre-os-espinhos\/#primaryimage\"},\"thumbnailUrl\":\"https:\/\/radiolifefm.com.br\/noticias\/wp-content\/uploads\/2024\/06\/WhatsApp-Image-2024-06-10-at-23.02.45.jpeg\",\"datePublished\":\"2024-06-12T11:23:36+00:00\",\"dateModified\":\"2026-04-24T14:02:04+00:00\",\"breadcrumb\":{\"@id\":\"https:\/\/radiolifefm.com.br\/noticias\/ainda-ha-flores-sobre-os-espinhos\/#breadcrumb\"},\"inLanguage\":\"pt-BR\",\"potentialAction\":[{\"@type\":\"ReadAction\",\"target\":[\"https:\/\/radiolifefm.com.br\/noticias\/ainda-ha-flores-sobre-os-espinhos\/\"]}]},{\"@type\":\"ImageObject\",\"inLanguage\":\"pt-BR\",\"@id\":\"https:\/\/radiolifefm.com.br\/noticias\/ainda-ha-flores-sobre-os-espinhos\/#primaryimage\",\"url\":\"https:\/\/radiolifefm.com.br\/noticias\/wp-content\/uploads\/2024\/06\/WhatsApp-Image-2024-06-10-at-23.02.45.jpeg\",\"contentUrl\":\"https:\/\/radiolifefm.com.br\/noticias\/wp-content\/uploads\/2024\/06\/WhatsApp-Image-2024-06-10-at-23.02.45.jpeg\",\"width\":1199,\"height\":1599},{\"@type\":\"BreadcrumbList\",\"@id\":\"https:\/\/radiolifefm.com.br\/noticias\/ainda-ha-flores-sobre-os-espinhos\/#breadcrumb\",\"itemListElement\":[{\"@type\":\"ListItem\",\"position\":1,\"name\":\"In\u00edcio\",\"item\":\"https:\/\/radiolifefm.com.br\/noticias\/\"},{\"@type\":\"ListItem\",\"position\":2,\"name\":\"Ainda h\u00e1 flores sobre os espinhos!\"}]},{\"@type\":\"WebSite\",\"@id\":\"https:\/\/radiolifefm.com.br\/noticias\/#website\",\"url\":\"https:\/\/radiolifefm.com.br\/noticias\/\",\"name\":\"R\u00e1dio Life FM\",\"description\":\"O Portal de Not\u00edcias de Adamantina\",\"publisher\":{\"@id\":\"https:\/\/radiolifefm.com.br\/noticias\/#organization\"},\"alternateName\":\"Life FM\",\"potentialAction\":[{\"@type\":\"SearchAction\",\"target\":{\"@type\":\"EntryPoint\",\"urlTemplate\":\"https:\/\/radiolifefm.com.br\/noticias\/?s={search_term_string}\"},\"query-input\":{\"@type\":\"PropertyValueSpecification\",\"valueRequired\":true,\"valueName\":\"search_term_string\"}}],\"inLanguage\":\"pt-BR\"},{\"@type\":\"Organization\",\"@id\":\"https:\/\/radiolifefm.com.br\/noticias\/#organization\",\"name\":\"R\u00e1dio Life FM\",\"alternateName\":\"Life FM\",\"url\":\"https:\/\/radiolifefm.com.br\/noticias\/\",\"logo\":{\"@type\":\"ImageObject\",\"inLanguage\":\"pt-BR\",\"@id\":\"https:\/\/radiolifefm.com.br\/noticias\/#\/schema\/logo\/image\/\",\"url\":\"https:\/\/static.radiolifefm.com.br\/noticias\/wp-content\/uploads\/2019\/10\/logo-lifefm.png\",\"contentUrl\":\"https:\/\/static.radiolifefm.com.br\/noticias\/wp-content\/uploads\/2019\/10\/logo-lifefm.png\",\"width\":196,\"height\":47,\"caption\":\"R\u00e1dio Life FM\"},\"image\":{\"@id\":\"https:\/\/radiolifefm.com.br\/noticias\/#\/schema\/logo\/image\/\"},\"sameAs\":[\"https:\/\/www.facebook.com\/radiolifefm\/\",\"https:\/\/www.instagram.com\/life1079fm\/\"]},{\"@type\":\"Person\",\"@id\":\"https:\/\/radiolifefm.com.br\/noticias\/#\/schema\/person\/6339b9fac59d12b071dec680d7375d87\",\"name\":\"ritanery\",\"image\":{\"@type\":\"ImageObject\",\"inLanguage\":\"pt-BR\",\"@id\":\"https:\/\/secure.gravatar.com\/avatar\/0e37bb19071f47c0b8a23f62a903df117c5a0e75f65a0c2901562f97cd41cf86?s=96&d=mm&r=g\",\"url\":\"https:\/\/secure.gravatar.com\/avatar\/0e37bb19071f47c0b8a23f62a903df117c5a0e75f65a0c2901562f97cd41cf86?s=96&d=mm&r=g\",\"contentUrl\":\"https:\/\/secure.gravatar.com\/avatar\/0e37bb19071f47c0b8a23f62a903df117c5a0e75f65a0c2901562f97cd41cf86?s=96&d=mm&r=g\",\"caption\":\"ritanery\"}}]}<\/script>\n<!-- \/ Yoast SEO plugin. -->","yoast_head_json":{"title":"Ainda h\u00e1 flores sobre os espinhos! - R\u00e1dio Life FM","robots":{"index":"index","follow":"follow","max-snippet":"max-snippet:-1","max-image-preview":"max-image-preview:large","max-video-preview":"max-video-preview:-1"},"canonical":"https:\/\/radiolifefm.com.br\/noticias\/ainda-ha-flores-sobre-os-espinhos\/","og_locale":"pt_BR","og_type":"article","og_title":"Ainda h\u00e1 flores sobre os espinhos! - R\u00e1dio Life FM","og_description":"Mas \u00e9 nesse momento que o som da chuva no telhado fica mais bonito e po\u00e9tico. Apreciar o som, se sentir vivo e entender que se tivesse algu\u00e9m para curtir desse som com voc\u00ea, \u00e9 claro que seria muito melhor, no entanto, ele n\u00e3o deve perder a beleza, nem voc\u00ea o encanto!!!\u00a0 Solange Lisboa 14\/09\/2023. [&hellip;]","og_url":"https:\/\/radiolifefm.com.br\/noticias\/ainda-ha-flores-sobre-os-espinhos\/","og_site_name":"R\u00e1dio Life FM","article_publisher":"https:\/\/www.facebook.com\/radiolifefm\/","article_published_time":"2024-06-12T11:23:36+00:00","article_modified_time":"2026-04-24T14:02:04+00:00","og_image":[{"width":1199,"height":1599,"url":"https:\/\/radiolifefm.com.br\/noticias\/wp-content\/uploads\/2024\/06\/WhatsApp-Image-2024-06-10-at-23.02.45.jpeg","type":"image\/jpeg"}],"author":"ritanery","twitter_card":"summary_large_image","twitter_misc":{"Escrito por":"ritanery","Est. tempo de leitura":"3 minutos"},"schema":{"@context":"https:\/\/schema.org","@graph":[{"@type":"Article","@id":"https:\/\/radiolifefm.com.br\/noticias\/ainda-ha-flores-sobre-os-espinhos\/#article","isPartOf":{"@id":"https:\/\/radiolifefm.com.br\/noticias\/ainda-ha-flores-sobre-os-espinhos\/"},"author":{"name":"ritanery","@id":"https:\/\/radiolifefm.com.br\/noticias\/#\/schema\/person\/6339b9fac59d12b071dec680d7375d87"},"headline":"Ainda h\u00e1 flores sobre os espinhos!","datePublished":"2024-06-12T11:23:36+00:00","dateModified":"2026-04-24T14:02:04+00:00","mainEntityOfPage":{"@id":"https:\/\/radiolifefm.com.br\/noticias\/ainda-ha-flores-sobre-os-espinhos\/"},"wordCount":458,"publisher":{"@id":"https:\/\/radiolifefm.com.br\/noticias\/#organization"},"image":{"@id":"https:\/\/radiolifefm.com.br\/noticias\/ainda-ha-flores-sobre-os-espinhos\/#primaryimage"},"thumbnailUrl":"https:\/\/radiolifefm.com.br\/noticias\/wp-content\/uploads\/2024\/06\/WhatsApp-Image-2024-06-10-at-23.02.45.jpeg","articleSection":["Opini\u00e3o"],"inLanguage":"pt-BR"},{"@type":"WebPage","@id":"https:\/\/radiolifefm.com.br\/noticias\/ainda-ha-flores-sobre-os-espinhos\/","url":"https:\/\/radiolifefm.com.br\/noticias\/ainda-ha-flores-sobre-os-espinhos\/","name":"Ainda h\u00e1 flores sobre os espinhos! - R\u00e1dio Life FM","isPartOf":{"@id":"https:\/\/radiolifefm.com.br\/noticias\/#website"},"primaryImageOfPage":{"@id":"https:\/\/radiolifefm.com.br\/noticias\/ainda-ha-flores-sobre-os-espinhos\/#primaryimage"},"image":{"@id":"https:\/\/radiolifefm.com.br\/noticias\/ainda-ha-flores-sobre-os-espinhos\/#primaryimage"},"thumbnailUrl":"https:\/\/radiolifefm.com.br\/noticias\/wp-content\/uploads\/2024\/06\/WhatsApp-Image-2024-06-10-at-23.02.45.jpeg","datePublished":"2024-06-12T11:23:36+00:00","dateModified":"2026-04-24T14:02:04+00:00","breadcrumb":{"@id":"https:\/\/radiolifefm.com.br\/noticias\/ainda-ha-flores-sobre-os-espinhos\/#breadcrumb"},"inLanguage":"pt-BR","potentialAction":[{"@type":"ReadAction","target":["https:\/\/radiolifefm.com.br\/noticias\/ainda-ha-flores-sobre-os-espinhos\/"]}]},{"@type":"ImageObject","inLanguage":"pt-BR","@id":"https:\/\/radiolifefm.com.br\/noticias\/ainda-ha-flores-sobre-os-espinhos\/#primaryimage","url":"https:\/\/radiolifefm.com.br\/noticias\/wp-content\/uploads\/2024\/06\/WhatsApp-Image-2024-06-10-at-23.02.45.jpeg","contentUrl":"https:\/\/radiolifefm.com.br\/noticias\/wp-content\/uploads\/2024\/06\/WhatsApp-Image-2024-06-10-at-23.02.45.jpeg","width":1199,"height":1599},{"@type":"BreadcrumbList","@id":"https:\/\/radiolifefm.com.br\/noticias\/ainda-ha-flores-sobre-os-espinhos\/#breadcrumb","itemListElement":[{"@type":"ListItem","position":1,"name":"In\u00edcio","item":"https:\/\/radiolifefm.com.br\/noticias\/"},{"@type":"ListItem","position":2,"name":"Ainda h\u00e1 flores sobre os espinhos!"}]},{"@type":"WebSite","@id":"https:\/\/radiolifefm.com.br\/noticias\/#website","url":"https:\/\/radiolifefm.com.br\/noticias\/","name":"R\u00e1dio Life FM","description":"O Portal de Not\u00edcias de Adamantina","publisher":{"@id":"https:\/\/radiolifefm.com.br\/noticias\/#organization"},"alternateName":"Life FM","potentialAction":[{"@type":"SearchAction","target":{"@type":"EntryPoint","urlTemplate":"https:\/\/radiolifefm.com.br\/noticias\/?s={search_term_string}"},"query-input":{"@type":"PropertyValueSpecification","valueRequired":true,"valueName":"search_term_string"}}],"inLanguage":"pt-BR"},{"@type":"Organization","@id":"https:\/\/radiolifefm.com.br\/noticias\/#organization","name":"R\u00e1dio Life FM","alternateName":"Life FM","url":"https:\/\/radiolifefm.com.br\/noticias\/","logo":{"@type":"ImageObject","inLanguage":"pt-BR","@id":"https:\/\/radiolifefm.com.br\/noticias\/#\/schema\/logo\/image\/","url":"https:\/\/static.radiolifefm.com.br\/noticias\/wp-content\/uploads\/2019\/10\/logo-lifefm.png","contentUrl":"https:\/\/static.radiolifefm.com.br\/noticias\/wp-content\/uploads\/2019\/10\/logo-lifefm.png","width":196,"height":47,"caption":"R\u00e1dio Life FM"},"image":{"@id":"https:\/\/radiolifefm.com.br\/noticias\/#\/schema\/logo\/image\/"},"sameAs":["https:\/\/www.facebook.com\/radiolifefm\/","https:\/\/www.instagram.com\/life1079fm\/"]},{"@type":"Person","@id":"https:\/\/radiolifefm.com.br\/noticias\/#\/schema\/person\/6339b9fac59d12b071dec680d7375d87","name":"ritanery","image":{"@type":"ImageObject","inLanguage":"pt-BR","@id":"https:\/\/secure.gravatar.com\/avatar\/0e37bb19071f47c0b8a23f62a903df117c5a0e75f65a0c2901562f97cd41cf86?s=96&d=mm&r=g","url":"https:\/\/secure.gravatar.com\/avatar\/0e37bb19071f47c0b8a23f62a903df117c5a0e75f65a0c2901562f97cd41cf86?s=96&d=mm&r=g","contentUrl":"https:\/\/secure.gravatar.com\/avatar\/0e37bb19071f47c0b8a23f62a903df117c5a0e75f65a0c2901562f97cd41cf86?s=96&d=mm&r=g","caption":"ritanery"}}]}},"amp_enabled":true,"_links":{"self":[{"href":"https:\/\/radiolifefm.com.br\/noticias\/wp-json\/wp\/v2\/posts\/88822","targetHints":{"allow":["GET"]}}],"collection":[{"href":"https:\/\/radiolifefm.com.br\/noticias\/wp-json\/wp\/v2\/posts"}],"about":[{"href":"https:\/\/radiolifefm.com.br\/noticias\/wp-json\/wp\/v2\/types\/post"}],"author":[{"embeddable":true,"href":"https:\/\/radiolifefm.com.br\/noticias\/wp-json\/wp\/v2\/users\/13"}],"replies":[{"embeddable":true,"href":"https:\/\/radiolifefm.com.br\/noticias\/wp-json\/wp\/v2\/comments?post=88822"}],"version-history":[{"count":1,"href":"https:\/\/radiolifefm.com.br\/noticias\/wp-json\/wp\/v2\/posts\/88822\/revisions"}],"predecessor-version":[{"id":88824,"href":"https:\/\/radiolifefm.com.br\/noticias\/wp-json\/wp\/v2\/posts\/88822\/revisions\/88824"}],"wp:featuredmedia":[{"embeddable":true,"href":"https:\/\/radiolifefm.com.br\/noticias\/wp-json\/wp\/v2\/media\/88823"}],"wp:attachment":[{"href":"https:\/\/radiolifefm.com.br\/noticias\/wp-json\/wp\/v2\/media?parent=88822"}],"wp:term":[{"taxonomy":"category","embeddable":true,"href":"https:\/\/radiolifefm.com.br\/noticias\/wp-json\/wp\/v2\/categories?post=88822"},{"taxonomy":"post_tag","embeddable":true,"href":"https:\/\/radiolifefm.com.br\/noticias\/wp-json\/wp\/v2\/tags?post=88822"}],"curies":[{"name":"wp","href":"https:\/\/api.w.org\/{rel}","templated":true}]}}