{"id":88406,"date":"2024-06-05T08:12:53","date_gmt":"2024-06-05T11:12:53","guid":{"rendered":"https:\/\/radiolifefm.com.br\/noticias\/?p=88406"},"modified":"2026-04-03T23:57:58","modified_gmt":"2026-04-04T02:57:58","slug":"baixaram-as-aguas","status":"publish","type":"post","link":"https:\/\/radiolifefm.com.br\/noticias\/baixaram-as-aguas\/","title":{"rendered":"Baixaram as \u00e1guas!"},"content":{"rendered":"<div id=\"fb-root\"><\/div>\n<p>Depois baixaram as \u00e1guas, a umidade permaneceu. S\u00e3o muitos dias de desabrigo, de insegura esperan\u00e7a. Muitos superam com seus recursos pr\u00f3prios, pelo menos a parte material, mas as perdas que n\u00e3o se resgata, as vidas perdidas, as palavras n\u00e3o ditas, o adeus nunca vivido, os pequenos recortes da vida, as rel\u00edquias da casa de inf\u00e2ncia, o pequeno c\u00e3o ou o gato, que n\u00e3o estar\u00e3o l\u00e1. Esse desastre causou uma enorme dist\u00e2ncia, entre lembran\u00e7as e constata\u00e7\u00e3o.<\/p>\n<p>O que realmente se perde nessas trag\u00e9dias e que nunca ser\u00e1 relatado nas revistas ou jornais, \u00e9 abstrato.<\/p>\n<p>O fato \u00e9 cru, a not\u00edcia seca, mas os sentimentos transcendem as telas, ou as p\u00e1ginas. Eles se estendem pelas vidas que sobrevivem e precisam levantar, juntar o que restou, limpar a lama da dor e recome\u00e7ar.<\/p>\n<p>O ser humano se inventa e reinventa, se transforma, se adapta a perdas, se encoura\u00e7a pelo sofrimento e luta suas batalhas, mas no rec\u00f4ndito abrigo nas noites, h\u00e1 um solu\u00e7o incontido de quem precisa ser forte, ou fazer-se de inabal\u00e1vel, para testemunhar \u00e0 sua prole. Para dizer \u201cEstou aqui e vou proteg\u00ea-los\u201d.<\/p>\n<p>Assistimos de muito longe, nos consternamos, enviamos ajuda material, mas nunca saberemos a express\u00e3o do olhar dos que perderam n\u00e3o somente o teto, mas ficaram sem ch\u00e3o, n\u00e3o somente os m\u00f3veis, mas os livros, as cartas antigas, os bilhetinhos corriqueiros, aqueles deixados na porta da geladeira para o esposo, a esposa, para os filhos e filhas, e os detalhes que comp\u00f5em uma vida e que n\u00e3o h\u00e1 como mensurar.<\/p>\n<p>O ser humano vence com sua f\u00e9, com sua garra, e mesmo que em algum momento chegue a duvidar, continua caminhando e o dia vai clarear e o sol nascer de novo e vamos continuar recebendo uma p\u00e1gina em branco, para reescrever nossa hist\u00f3ria.<\/p>\n<p>&nbsp;<\/p>\n<p>Solange Lisboa<\/p>\n<p>05\/06\/2024<\/p>\n<p>@sollisboapoeta<\/p>\n<p>Solangeserrao3@gmail.com<\/p>\n<p>&nbsp;<\/p>\n","protected":false},"excerpt":{"rendered":"<p>Depois baixaram as \u00e1guas, a umidade permaneceu. S\u00e3o muitos dias de desabrigo, de insegura esperan\u00e7a. Muitos superam com seus recursos pr\u00f3prios, pelo menos a parte material, mas as perdas que n\u00e3o se resgata, as vidas perdidas, as palavras n\u00e3o ditas, o adeus nunca vivido, os pequenos recortes da vida, as rel\u00edquias da casa de inf\u00e2ncia, [&hellip;]<\/p>\n","protected":false},"author":13,"featured_media":88407,"comment_status":"closed","ping_status":"open","sticky":false,"template":"","format":"standard","meta":{"_acf_changed":false,"_exactmetrics_skip_tracking":false,"_exactmetrics_sitenote_active":false,"_exactmetrics_sitenote_note":"","_exactmetrics_sitenote_category":0,"footnotes":""},"categories":[59],"tags":[],"class_list":["post-88406","post","type-post","status-publish","format-standard","has-post-thumbnail","hentry","category-opiniao"],"acf":[],"yoast_head":"<!-- This site is optimized with the Yoast SEO plugin v27.2 - https:\/\/yoast.com\/product\/yoast-seo-wordpress\/ -->\n<title>Baixaram as \u00e1guas! - R\u00e1dio Life FM<\/title>\n<meta name=\"robots\" content=\"index, follow, max-snippet:-1, max-image-preview:large, max-video-preview:-1\" \/>\n<link rel=\"canonical\" href=\"https:\/\/radiolifefm.com.br\/noticias\/baixaram-as-aguas\/\" \/>\n<meta property=\"og:locale\" content=\"pt_BR\" \/>\n<meta property=\"og:type\" content=\"article\" \/>\n<meta property=\"og:title\" content=\"Baixaram as \u00e1guas! - R\u00e1dio Life FM\" \/>\n<meta property=\"og:description\" content=\"Depois baixaram as \u00e1guas, a umidade permaneceu. S\u00e3o muitos dias de desabrigo, de insegura esperan\u00e7a. Muitos superam com seus recursos pr\u00f3prios, pelo menos a parte material, mas as perdas que n\u00e3o se resgata, as vidas perdidas, as palavras n\u00e3o ditas, o adeus nunca vivido, os pequenos recortes da vida, as rel\u00edquias da casa de inf\u00e2ncia, [&hellip;]\" \/>\n<meta property=\"og:url\" content=\"https:\/\/radiolifefm.com.br\/noticias\/baixaram-as-aguas\/\" \/>\n<meta property=\"og:site_name\" content=\"R\u00e1dio Life FM\" \/>\n<meta property=\"article:publisher\" content=\"https:\/\/www.facebook.com\/radiolifefm\/\" \/>\n<meta property=\"article:published_time\" content=\"2024-06-05T11:12:53+00:00\" \/>\n<meta property=\"article:modified_time\" content=\"2026-04-04T02:57:58+00:00\" \/>\n<meta property=\"og:image\" content=\"https:\/\/radiolifefm.com.br\/noticias\/wp-content\/uploads\/2024\/06\/WhatsApp-Image-2024-06-05-at-06.07.34.jpeg\" \/>\n\t<meta property=\"og:image:width\" content=\"1224\" \/>\n\t<meta property=\"og:image:height\" content=\"1309\" \/>\n\t<meta property=\"og:image:type\" content=\"image\/jpeg\" \/>\n<meta name=\"author\" content=\"ritanery\" \/>\n<meta name=\"twitter:card\" content=\"summary_large_image\" \/>\n<meta name=\"twitter:label1\" content=\"Escrito por\" \/>\n\t<meta name=\"twitter:data1\" content=\"ritanery\" \/>\n\t<meta name=\"twitter:label2\" content=\"Est. tempo de leitura\" \/>\n\t<meta name=\"twitter:data2\" content=\"2 minutos\" \/>\n<script type=\"application\/ld+json\" class=\"yoast-schema-graph\">{\"@context\":\"https:\/\/schema.org\",\"@graph\":[{\"@type\":\"Article\",\"@id\":\"https:\/\/radiolifefm.com.br\/noticias\/baixaram-as-aguas\/#article\",\"isPartOf\":{\"@id\":\"https:\/\/radiolifefm.com.br\/noticias\/baixaram-as-aguas\/\"},\"author\":{\"name\":\"ritanery\",\"@id\":\"https:\/\/radiolifefm.com.br\/noticias\/#\/schema\/person\/6339b9fac59d12b071dec680d7375d87\"},\"headline\":\"Baixaram as \u00e1guas!\",\"datePublished\":\"2024-06-05T11:12:53+00:00\",\"dateModified\":\"2026-04-04T02:57:58+00:00\",\"mainEntityOfPage\":{\"@id\":\"https:\/\/radiolifefm.com.br\/noticias\/baixaram-as-aguas\/\"},\"wordCount\":334,\"publisher\":{\"@id\":\"https:\/\/radiolifefm.com.br\/noticias\/#organization\"},\"image\":{\"@id\":\"https:\/\/radiolifefm.com.br\/noticias\/baixaram-as-aguas\/#primaryimage\"},\"thumbnailUrl\":\"https:\/\/radiolifefm.com.br\/noticias\/wp-content\/uploads\/2024\/06\/WhatsApp-Image-2024-06-05-at-06.07.34.jpeg\",\"articleSection\":[\"Opini\u00e3o\"],\"inLanguage\":\"pt-BR\"},{\"@type\":\"WebPage\",\"@id\":\"https:\/\/radiolifefm.com.br\/noticias\/baixaram-as-aguas\/\",\"url\":\"https:\/\/radiolifefm.com.br\/noticias\/baixaram-as-aguas\/\",\"name\":\"Baixaram as \u00e1guas! - R\u00e1dio Life FM\",\"isPartOf\":{\"@id\":\"https:\/\/radiolifefm.com.br\/noticias\/#website\"},\"primaryImageOfPage\":{\"@id\":\"https:\/\/radiolifefm.com.br\/noticias\/baixaram-as-aguas\/#primaryimage\"},\"image\":{\"@id\":\"https:\/\/radiolifefm.com.br\/noticias\/baixaram-as-aguas\/#primaryimage\"},\"thumbnailUrl\":\"https:\/\/radiolifefm.com.br\/noticias\/wp-content\/uploads\/2024\/06\/WhatsApp-Image-2024-06-05-at-06.07.34.jpeg\",\"datePublished\":\"2024-06-05T11:12:53+00:00\",\"dateModified\":\"2026-04-04T02:57:58+00:00\",\"breadcrumb\":{\"@id\":\"https:\/\/radiolifefm.com.br\/noticias\/baixaram-as-aguas\/#breadcrumb\"},\"inLanguage\":\"pt-BR\",\"potentialAction\":[{\"@type\":\"ReadAction\",\"target\":[\"https:\/\/radiolifefm.com.br\/noticias\/baixaram-as-aguas\/\"]}]},{\"@type\":\"ImageObject\",\"inLanguage\":\"pt-BR\",\"@id\":\"https:\/\/radiolifefm.com.br\/noticias\/baixaram-as-aguas\/#primaryimage\",\"url\":\"https:\/\/radiolifefm.com.br\/noticias\/wp-content\/uploads\/2024\/06\/WhatsApp-Image-2024-06-05-at-06.07.34.jpeg\",\"contentUrl\":\"https:\/\/radiolifefm.com.br\/noticias\/wp-content\/uploads\/2024\/06\/WhatsApp-Image-2024-06-05-at-06.07.34.jpeg\",\"width\":1224,\"height\":1309},{\"@type\":\"BreadcrumbList\",\"@id\":\"https:\/\/radiolifefm.com.br\/noticias\/baixaram-as-aguas\/#breadcrumb\",\"itemListElement\":[{\"@type\":\"ListItem\",\"position\":1,\"name\":\"In\u00edcio\",\"item\":\"https:\/\/radiolifefm.com.br\/noticias\/\"},{\"@type\":\"ListItem\",\"position\":2,\"name\":\"Baixaram as \u00e1guas!\"}]},{\"@type\":\"WebSite\",\"@id\":\"https:\/\/radiolifefm.com.br\/noticias\/#website\",\"url\":\"https:\/\/radiolifefm.com.br\/noticias\/\",\"name\":\"R\u00e1dio Life FM\",\"description\":\"O Portal de Not\u00edcias de Adamantina\",\"publisher\":{\"@id\":\"https:\/\/radiolifefm.com.br\/noticias\/#organization\"},\"alternateName\":\"Life FM\",\"potentialAction\":[{\"@type\":\"SearchAction\",\"target\":{\"@type\":\"EntryPoint\",\"urlTemplate\":\"https:\/\/radiolifefm.com.br\/noticias\/?s={search_term_string}\"},\"query-input\":{\"@type\":\"PropertyValueSpecification\",\"valueRequired\":true,\"valueName\":\"search_term_string\"}}],\"inLanguage\":\"pt-BR\"},{\"@type\":\"Organization\",\"@id\":\"https:\/\/radiolifefm.com.br\/noticias\/#organization\",\"name\":\"R\u00e1dio Life FM\",\"alternateName\":\"Life FM\",\"url\":\"https:\/\/radiolifefm.com.br\/noticias\/\",\"logo\":{\"@type\":\"ImageObject\",\"inLanguage\":\"pt-BR\",\"@id\":\"https:\/\/radiolifefm.com.br\/noticias\/#\/schema\/logo\/image\/\",\"url\":\"https:\/\/static.radiolifefm.com.br\/noticias\/wp-content\/uploads\/2019\/10\/logo-lifefm.png\",\"contentUrl\":\"https:\/\/static.radiolifefm.com.br\/noticias\/wp-content\/uploads\/2019\/10\/logo-lifefm.png\",\"width\":196,\"height\":47,\"caption\":\"R\u00e1dio Life FM\"},\"image\":{\"@id\":\"https:\/\/radiolifefm.com.br\/noticias\/#\/schema\/logo\/image\/\"},\"sameAs\":[\"https:\/\/www.facebook.com\/radiolifefm\/\",\"https:\/\/www.instagram.com\/life1079fm\/\"]},{\"@type\":\"Person\",\"@id\":\"https:\/\/radiolifefm.com.br\/noticias\/#\/schema\/person\/6339b9fac59d12b071dec680d7375d87\",\"name\":\"ritanery\",\"image\":{\"@type\":\"ImageObject\",\"inLanguage\":\"pt-BR\",\"@id\":\"https:\/\/secure.gravatar.com\/avatar\/0e37bb19071f47c0b8a23f62a903df117c5a0e75f65a0c2901562f97cd41cf86?s=96&d=mm&r=g\",\"url\":\"https:\/\/secure.gravatar.com\/avatar\/0e37bb19071f47c0b8a23f62a903df117c5a0e75f65a0c2901562f97cd41cf86?s=96&d=mm&r=g\",\"contentUrl\":\"https:\/\/secure.gravatar.com\/avatar\/0e37bb19071f47c0b8a23f62a903df117c5a0e75f65a0c2901562f97cd41cf86?s=96&d=mm&r=g\",\"caption\":\"ritanery\"}}]}<\/script>\n<!-- \/ Yoast SEO plugin. -->","yoast_head_json":{"title":"Baixaram as \u00e1guas! - R\u00e1dio Life FM","robots":{"index":"index","follow":"follow","max-snippet":"max-snippet:-1","max-image-preview":"max-image-preview:large","max-video-preview":"max-video-preview:-1"},"canonical":"https:\/\/radiolifefm.com.br\/noticias\/baixaram-as-aguas\/","og_locale":"pt_BR","og_type":"article","og_title":"Baixaram as \u00e1guas! - R\u00e1dio Life FM","og_description":"Depois baixaram as \u00e1guas, a umidade permaneceu. S\u00e3o muitos dias de desabrigo, de insegura esperan\u00e7a. Muitos superam com seus recursos pr\u00f3prios, pelo menos a parte material, mas as perdas que n\u00e3o se resgata, as vidas perdidas, as palavras n\u00e3o ditas, o adeus nunca vivido, os pequenos recortes da vida, as rel\u00edquias da casa de inf\u00e2ncia, [&hellip;]","og_url":"https:\/\/radiolifefm.com.br\/noticias\/baixaram-as-aguas\/","og_site_name":"R\u00e1dio Life FM","article_publisher":"https:\/\/www.facebook.com\/radiolifefm\/","article_published_time":"2024-06-05T11:12:53+00:00","article_modified_time":"2026-04-04T02:57:58+00:00","og_image":[{"width":1224,"height":1309,"url":"https:\/\/radiolifefm.com.br\/noticias\/wp-content\/uploads\/2024\/06\/WhatsApp-Image-2024-06-05-at-06.07.34.jpeg","type":"image\/jpeg"}],"author":"ritanery","twitter_card":"summary_large_image","twitter_misc":{"Escrito por":"ritanery","Est. tempo de leitura":"2 minutos"},"schema":{"@context":"https:\/\/schema.org","@graph":[{"@type":"Article","@id":"https:\/\/radiolifefm.com.br\/noticias\/baixaram-as-aguas\/#article","isPartOf":{"@id":"https:\/\/radiolifefm.com.br\/noticias\/baixaram-as-aguas\/"},"author":{"name":"ritanery","@id":"https:\/\/radiolifefm.com.br\/noticias\/#\/schema\/person\/6339b9fac59d12b071dec680d7375d87"},"headline":"Baixaram as \u00e1guas!","datePublished":"2024-06-05T11:12:53+00:00","dateModified":"2026-04-04T02:57:58+00:00","mainEntityOfPage":{"@id":"https:\/\/radiolifefm.com.br\/noticias\/baixaram-as-aguas\/"},"wordCount":334,"publisher":{"@id":"https:\/\/radiolifefm.com.br\/noticias\/#organization"},"image":{"@id":"https:\/\/radiolifefm.com.br\/noticias\/baixaram-as-aguas\/#primaryimage"},"thumbnailUrl":"https:\/\/radiolifefm.com.br\/noticias\/wp-content\/uploads\/2024\/06\/WhatsApp-Image-2024-06-05-at-06.07.34.jpeg","articleSection":["Opini\u00e3o"],"inLanguage":"pt-BR"},{"@type":"WebPage","@id":"https:\/\/radiolifefm.com.br\/noticias\/baixaram-as-aguas\/","url":"https:\/\/radiolifefm.com.br\/noticias\/baixaram-as-aguas\/","name":"Baixaram as \u00e1guas! - R\u00e1dio Life FM","isPartOf":{"@id":"https:\/\/radiolifefm.com.br\/noticias\/#website"},"primaryImageOfPage":{"@id":"https:\/\/radiolifefm.com.br\/noticias\/baixaram-as-aguas\/#primaryimage"},"image":{"@id":"https:\/\/radiolifefm.com.br\/noticias\/baixaram-as-aguas\/#primaryimage"},"thumbnailUrl":"https:\/\/radiolifefm.com.br\/noticias\/wp-content\/uploads\/2024\/06\/WhatsApp-Image-2024-06-05-at-06.07.34.jpeg","datePublished":"2024-06-05T11:12:53+00:00","dateModified":"2026-04-04T02:57:58+00:00","breadcrumb":{"@id":"https:\/\/radiolifefm.com.br\/noticias\/baixaram-as-aguas\/#breadcrumb"},"inLanguage":"pt-BR","potentialAction":[{"@type":"ReadAction","target":["https:\/\/radiolifefm.com.br\/noticias\/baixaram-as-aguas\/"]}]},{"@type":"ImageObject","inLanguage":"pt-BR","@id":"https:\/\/radiolifefm.com.br\/noticias\/baixaram-as-aguas\/#primaryimage","url":"https:\/\/radiolifefm.com.br\/noticias\/wp-content\/uploads\/2024\/06\/WhatsApp-Image-2024-06-05-at-06.07.34.jpeg","contentUrl":"https:\/\/radiolifefm.com.br\/noticias\/wp-content\/uploads\/2024\/06\/WhatsApp-Image-2024-06-05-at-06.07.34.jpeg","width":1224,"height":1309},{"@type":"BreadcrumbList","@id":"https:\/\/radiolifefm.com.br\/noticias\/baixaram-as-aguas\/#breadcrumb","itemListElement":[{"@type":"ListItem","position":1,"name":"In\u00edcio","item":"https:\/\/radiolifefm.com.br\/noticias\/"},{"@type":"ListItem","position":2,"name":"Baixaram as \u00e1guas!"}]},{"@type":"WebSite","@id":"https:\/\/radiolifefm.com.br\/noticias\/#website","url":"https:\/\/radiolifefm.com.br\/noticias\/","name":"R\u00e1dio Life FM","description":"O Portal de Not\u00edcias de Adamantina","publisher":{"@id":"https:\/\/radiolifefm.com.br\/noticias\/#organization"},"alternateName":"Life FM","potentialAction":[{"@type":"SearchAction","target":{"@type":"EntryPoint","urlTemplate":"https:\/\/radiolifefm.com.br\/noticias\/?s={search_term_string}"},"query-input":{"@type":"PropertyValueSpecification","valueRequired":true,"valueName":"search_term_string"}}],"inLanguage":"pt-BR"},{"@type":"Organization","@id":"https:\/\/radiolifefm.com.br\/noticias\/#organization","name":"R\u00e1dio Life FM","alternateName":"Life FM","url":"https:\/\/radiolifefm.com.br\/noticias\/","logo":{"@type":"ImageObject","inLanguage":"pt-BR","@id":"https:\/\/radiolifefm.com.br\/noticias\/#\/schema\/logo\/image\/","url":"https:\/\/static.radiolifefm.com.br\/noticias\/wp-content\/uploads\/2019\/10\/logo-lifefm.png","contentUrl":"https:\/\/static.radiolifefm.com.br\/noticias\/wp-content\/uploads\/2019\/10\/logo-lifefm.png","width":196,"height":47,"caption":"R\u00e1dio Life FM"},"image":{"@id":"https:\/\/radiolifefm.com.br\/noticias\/#\/schema\/logo\/image\/"},"sameAs":["https:\/\/www.facebook.com\/radiolifefm\/","https:\/\/www.instagram.com\/life1079fm\/"]},{"@type":"Person","@id":"https:\/\/radiolifefm.com.br\/noticias\/#\/schema\/person\/6339b9fac59d12b071dec680d7375d87","name":"ritanery","image":{"@type":"ImageObject","inLanguage":"pt-BR","@id":"https:\/\/secure.gravatar.com\/avatar\/0e37bb19071f47c0b8a23f62a903df117c5a0e75f65a0c2901562f97cd41cf86?s=96&d=mm&r=g","url":"https:\/\/secure.gravatar.com\/avatar\/0e37bb19071f47c0b8a23f62a903df117c5a0e75f65a0c2901562f97cd41cf86?s=96&d=mm&r=g","contentUrl":"https:\/\/secure.gravatar.com\/avatar\/0e37bb19071f47c0b8a23f62a903df117c5a0e75f65a0c2901562f97cd41cf86?s=96&d=mm&r=g","caption":"ritanery"}}]}},"amp_enabled":true,"_links":{"self":[{"href":"https:\/\/radiolifefm.com.br\/noticias\/wp-json\/wp\/v2\/posts\/88406","targetHints":{"allow":["GET"]}}],"collection":[{"href":"https:\/\/radiolifefm.com.br\/noticias\/wp-json\/wp\/v2\/posts"}],"about":[{"href":"https:\/\/radiolifefm.com.br\/noticias\/wp-json\/wp\/v2\/types\/post"}],"author":[{"embeddable":true,"href":"https:\/\/radiolifefm.com.br\/noticias\/wp-json\/wp\/v2\/users\/13"}],"replies":[{"embeddable":true,"href":"https:\/\/radiolifefm.com.br\/noticias\/wp-json\/wp\/v2\/comments?post=88406"}],"version-history":[{"count":1,"href":"https:\/\/radiolifefm.com.br\/noticias\/wp-json\/wp\/v2\/posts\/88406\/revisions"}],"predecessor-version":[{"id":88408,"href":"https:\/\/radiolifefm.com.br\/noticias\/wp-json\/wp\/v2\/posts\/88406\/revisions\/88408"}],"wp:featuredmedia":[{"embeddable":true,"href":"https:\/\/radiolifefm.com.br\/noticias\/wp-json\/wp\/v2\/media\/88407"}],"wp:attachment":[{"href":"https:\/\/radiolifefm.com.br\/noticias\/wp-json\/wp\/v2\/media?parent=88406"}],"wp:term":[{"taxonomy":"category","embeddable":true,"href":"https:\/\/radiolifefm.com.br\/noticias\/wp-json\/wp\/v2\/categories?post=88406"},{"taxonomy":"post_tag","embeddable":true,"href":"https:\/\/radiolifefm.com.br\/noticias\/wp-json\/wp\/v2\/tags?post=88406"}],"curies":[{"name":"wp","href":"https:\/\/api.w.org\/{rel}","templated":true}]}}