{"id":87819,"date":"2024-05-24T08:07:38","date_gmt":"2024-05-24T11:07:38","guid":{"rendered":"https:\/\/radiolifefm.com.br\/noticias\/?p=87819"},"modified":"2026-03-30T15:29:38","modified_gmt":"2026-03-30T18:29:38","slug":"em-tempo-de-pre-com-pre-o-meu-voto-sera-em-branco-para-o-executivo-provinciano","status":"publish","type":"post","link":"https:\/\/radiolifefm.com.br\/noticias\/em-tempo-de-pre-com-pre-o-meu-voto-sera-em-branco-para-o-executivo-provinciano\/","title":{"rendered":"Em tempo de PR\u00c9 com PR\u00c9, o meu VOTO ser\u00e1 \u201cem BRANCO\u201d para o EXECUTIVO PROVINCIANO&#8230;"},"content":{"rendered":"<div id=\"fb-root\"><\/div>\n<p><strong><em>\u00a0\u201cPor um voto em branco, voc\u00ea est\u00e1 dizendo que voc\u00ea tem uma consci\u00eancia pol\u00edtica, mas voc\u00ea n\u00e3o concorda com qualquer um dos partidos existentes.\u201d (<\/em><\/strong><a href=\"https:\/\/www.pensador.com\/autor\/jose_saramago\/\"><strong><em>Jose Saramago<\/em><\/strong><\/a><strong><em>)<\/em><\/strong><\/p>\n<p>&nbsp;<\/p>\n<p><strong>By seb@r.<\/strong><\/p>\n<p>Em tempo de PR\u00c9 para todos os lados, por\u00e9m, no caso em especial dos nomes ao EXECUTIVO PROVINCIANO, pode-se registrar que s\u00e3o todos FARINHAS DO MESMO SACO e assim por diante&#8230;<\/p>\n<p>Nada contra este ou aquele PR\u00c9, por\u00e9m, o que interessa neste JOGO MAIS DO QUE VICIADO s\u00e3o os denominados GRUPOS DE APOIO, ou seja, PARTIDOS POL\u00cdTICOS ou POLIQUEIROS e nada mais do que era nada menos&#8230;<\/p>\n<p>Por\u00e9m, como sempre, nestes OCASOS de um TALVEZ, prefiro DECLARAR O MEU VOTO neste texto, ou seja, INDEPENDENTE (sic) deste ou daquele PR\u00c9, o meu VOTO ser\u00e1 em BRANCO, talvez NULO, ainda, pretendo TRABALHAR E ESCREVER em nome desta ESCOLHA mais do que consciente quanto aos PR\u00c9 que sobreviverem at\u00e9 OUTUBRO&#8230;<\/p>\n<p>Melhor PREVENIR DO QUE REMEDIAR com essa TURMA DE ALOPRADOS, ainda mais que s\u00e3o todos da turma do GENOCIDA e sua cambada de ALOPRADOS\/AS nesta PROV\u00cdNCIA DO FAZ DE CONTA&#8230;<\/p>\n<p>Mas, quem sabe os NOVOS\/AS LEGISLADORES\/AS possam fazer a diferen\u00e7a depois de ELEITOS\/AS, se bem que fica sempre aquele outro dito popular, a saber: SE VOC\u00ca PENSA QUE T\u00c1 RUIM, PODE PIORAR&#8230;<\/p>\n<p>Entretanto, cada qual com suas ESCOLHAS quanto a este ou aquele PR\u00c9 neste momento, todavia, vale a pena mais um DITO pelo N\u00c3O DITO, ou seja, \u00c9 MELHOR PREVENIR DO QUE REMEDIAR&#8230;<\/p>\n<p>Nas ENTREVISTAS (sic) realizadas pela M\u00cdDIA PROVINCIANA com os tais PR\u00c9, pra variar, prevalece quase sempre as mesmas PERGUNTAS com as mesmas RESPOSTAS dos DITOS CUJOS, assim, o SENSO COMUM continua mais atual do que nunca para todos de um jeito ou de outro&#8230;<\/p>\n<p>O que se pode esperar daqui pra frente destes PR\u00c9-CANDIDATOS est\u00e1 em cima de uma MESA PROVINCIANA, talvez, ou melhor, com certeza, ainda, tudo pode ocorrer neste MEIO DO CAMINHO, se poss\u00edvel, com MUITAS PEDRAS ou ABRA\u00c7OS, neste caso, pode ser aquele do tal AMIGO DA ON\u00c7A&#8230;<\/p>\n<p>O TEMPO, como afirmou o POETA, pode determinar qual ser\u00e1 o MELHOR CAMINHO (sic), haja vista que n\u00e3o se pode deixar de lado as ETERNAS TROCAS NADA SIMB\u00d3LICAS&#8230;<\/p>\n<p>Tamb\u00e9m, n\u00e3o se pode esquecer que s\u00e3o todos do mesmo lado, ou seja, da denominada e idolatrada EXTREMA DIREITA travestida de MENTES MED\u00cdOCRES em nome deste ou daquele GRUPO PROVINCIANO&#8230;<\/p>\n<p>Nestes OCASOS, refor\u00e7o que VOC\u00caS continuam sendo os\/as PATRIOT\u00c1RIOS\/AS de sempre, talvez, esperando uma oportunidade para retornarem aos DESFILES com a turma da DIREITA VOLVER&#8230;<\/p>\n<p>Pra refor\u00e7ar, PERDERAM MAN\u00c9S!<\/p>\n<p>QUEM SOBREVIVER VAI SABER&#8230;<\/p>\n<p>____________________________<\/p>\n<p><strong><u>e-mail: <\/u><\/strong><a href=\"mailto:barbosa.sebar@gmail.com\"><strong>barbosa.sebar@gmail.com<\/strong><\/a><\/p>\n","protected":false},"excerpt":{"rendered":"<p>\u00a0\u201cPor um voto em branco, voc\u00ea est\u00e1 dizendo que voc\u00ea tem uma consci\u00eancia pol\u00edtica, mas voc\u00ea n\u00e3o concorda com qualquer um dos partidos existentes.\u201d (Jose Saramago) &nbsp; By seb@r. Em tempo de PR\u00c9 para todos os lados, por\u00e9m, no caso em especial dos nomes ao EXECUTIVO PROVINCIANO, pode-se registrar que s\u00e3o todos FARINHAS DO MESMO [&hellip;]<\/p>\n","protected":false},"author":13,"featured_media":51988,"comment_status":"closed","ping_status":"open","sticky":false,"template":"","format":"standard","meta":{"_acf_changed":false,"_exactmetrics_skip_tracking":false,"_exactmetrics_sitenote_active":false,"_exactmetrics_sitenote_note":"","_exactmetrics_sitenote_category":0,"footnotes":""},"categories":[59],"tags":[],"class_list":["post-87819","post","type-post","status-publish","format-standard","has-post-thumbnail","hentry","category-opiniao"],"acf":[],"yoast_head":"<!-- This site is optimized with the Yoast SEO plugin v27.2 - https:\/\/yoast.com\/product\/yoast-seo-wordpress\/ -->\n<title>Em tempo de PR\u00c9 com PR\u00c9, o meu VOTO ser\u00e1 \u201cem BRANCO\u201d para o EXECUTIVO PROVINCIANO... - R\u00e1dio Life FM<\/title>\n<meta name=\"robots\" content=\"index, follow, max-snippet:-1, max-image-preview:large, max-video-preview:-1\" \/>\n<link rel=\"canonical\" href=\"https:\/\/radiolifefm.com.br\/noticias\/em-tempo-de-pre-com-pre-o-meu-voto-sera-em-branco-para-o-executivo-provinciano\/\" \/>\n<meta property=\"og:locale\" content=\"pt_BR\" \/>\n<meta property=\"og:type\" content=\"article\" \/>\n<meta property=\"og:title\" content=\"Em tempo de PR\u00c9 com PR\u00c9, o meu VOTO ser\u00e1 \u201cem BRANCO\u201d para o EXECUTIVO PROVINCIANO... - R\u00e1dio Life FM\" \/>\n<meta property=\"og:description\" content=\"\u00a0\u201cPor um voto em branco, voc\u00ea est\u00e1 dizendo que voc\u00ea tem uma consci\u00eancia pol\u00edtica, mas voc\u00ea n\u00e3o concorda com qualquer um dos partidos existentes.\u201d (Jose Saramago) &nbsp; By seb@r. Em tempo de PR\u00c9 para todos os lados, por\u00e9m, no caso em especial dos nomes ao EXECUTIVO PROVINCIANO, pode-se registrar que s\u00e3o todos FARINHAS DO MESMO [&hellip;]\" \/>\n<meta property=\"og:url\" content=\"https:\/\/radiolifefm.com.br\/noticias\/em-tempo-de-pre-com-pre-o-meu-voto-sera-em-branco-para-o-executivo-provinciano\/\" \/>\n<meta property=\"og:site_name\" content=\"R\u00e1dio Life FM\" \/>\n<meta property=\"article:publisher\" content=\"https:\/\/www.facebook.com\/radiolifefm\/\" \/>\n<meta property=\"article:published_time\" content=\"2024-05-24T11:07:38+00:00\" \/>\n<meta property=\"article:modified_time\" content=\"2026-03-30T18:29:38+00:00\" \/>\n<meta property=\"og:image\" content=\"https:\/\/radiolifefm.com.br\/noticias\/wp-content\/uploads\/2022\/04\/WhatsApp-Image-2022-04-10-at-18.43.02.jpeg\" \/>\n\t<meta property=\"og:image:width\" content=\"972\" \/>\n\t<meta property=\"og:image:height\" content=\"1296\" \/>\n\t<meta property=\"og:image:type\" content=\"image\/jpeg\" \/>\n<meta name=\"author\" content=\"ritanery\" \/>\n<meta name=\"twitter:card\" content=\"summary_large_image\" \/>\n<meta name=\"twitter:label1\" content=\"Escrito por\" \/>\n\t<meta name=\"twitter:data1\" content=\"ritanery\" \/>\n\t<meta name=\"twitter:label2\" content=\"Est. tempo de leitura\" \/>\n\t<meta name=\"twitter:data2\" content=\"3 minutos\" \/>\n<script type=\"application\/ld+json\" class=\"yoast-schema-graph\">{\"@context\":\"https:\/\/schema.org\",\"@graph\":[{\"@type\":\"Article\",\"@id\":\"https:\/\/radiolifefm.com.br\/noticias\/em-tempo-de-pre-com-pre-o-meu-voto-sera-em-branco-para-o-executivo-provinciano\/#article\",\"isPartOf\":{\"@id\":\"https:\/\/radiolifefm.com.br\/noticias\/em-tempo-de-pre-com-pre-o-meu-voto-sera-em-branco-para-o-executivo-provinciano\/\"},\"author\":{\"name\":\"ritanery\",\"@id\":\"https:\/\/radiolifefm.com.br\/noticias\/#\/schema\/person\/6339b9fac59d12b071dec680d7375d87\"},\"headline\":\"Em tempo de PR\u00c9 com PR\u00c9, o meu VOTO ser\u00e1 \u201cem BRANCO\u201d para o EXECUTIVO PROVINCIANO&#8230;\",\"datePublished\":\"2024-05-24T11:07:38+00:00\",\"dateModified\":\"2026-03-30T18:29:38+00:00\",\"mainEntityOfPage\":{\"@id\":\"https:\/\/radiolifefm.com.br\/noticias\/em-tempo-de-pre-com-pre-o-meu-voto-sera-em-branco-para-o-executivo-provinciano\/\"},\"wordCount\":479,\"publisher\":{\"@id\":\"https:\/\/radiolifefm.com.br\/noticias\/#organization\"},\"image\":{\"@id\":\"https:\/\/radiolifefm.com.br\/noticias\/em-tempo-de-pre-com-pre-o-meu-voto-sera-em-branco-para-o-executivo-provinciano\/#primaryimage\"},\"thumbnailUrl\":\"https:\/\/radiolifefm.com.br\/noticias\/wp-content\/uploads\/2022\/04\/WhatsApp-Image-2022-04-10-at-18.43.02.jpeg\",\"articleSection\":[\"Opini\u00e3o\"],\"inLanguage\":\"pt-BR\"},{\"@type\":\"WebPage\",\"@id\":\"https:\/\/radiolifefm.com.br\/noticias\/em-tempo-de-pre-com-pre-o-meu-voto-sera-em-branco-para-o-executivo-provinciano\/\",\"url\":\"https:\/\/radiolifefm.com.br\/noticias\/em-tempo-de-pre-com-pre-o-meu-voto-sera-em-branco-para-o-executivo-provinciano\/\",\"name\":\"Em tempo de PR\u00c9 com PR\u00c9, o meu VOTO ser\u00e1 \u201cem BRANCO\u201d para o EXECUTIVO PROVINCIANO... - R\u00e1dio Life FM\",\"isPartOf\":{\"@id\":\"https:\/\/radiolifefm.com.br\/noticias\/#website\"},\"primaryImageOfPage\":{\"@id\":\"https:\/\/radiolifefm.com.br\/noticias\/em-tempo-de-pre-com-pre-o-meu-voto-sera-em-branco-para-o-executivo-provinciano\/#primaryimage\"},\"image\":{\"@id\":\"https:\/\/radiolifefm.com.br\/noticias\/em-tempo-de-pre-com-pre-o-meu-voto-sera-em-branco-para-o-executivo-provinciano\/#primaryimage\"},\"thumbnailUrl\":\"https:\/\/radiolifefm.com.br\/noticias\/wp-content\/uploads\/2022\/04\/WhatsApp-Image-2022-04-10-at-18.43.02.jpeg\",\"datePublished\":\"2024-05-24T11:07:38+00:00\",\"dateModified\":\"2026-03-30T18:29:38+00:00\",\"breadcrumb\":{\"@id\":\"https:\/\/radiolifefm.com.br\/noticias\/em-tempo-de-pre-com-pre-o-meu-voto-sera-em-branco-para-o-executivo-provinciano\/#breadcrumb\"},\"inLanguage\":\"pt-BR\",\"potentialAction\":[{\"@type\":\"ReadAction\",\"target\":[\"https:\/\/radiolifefm.com.br\/noticias\/em-tempo-de-pre-com-pre-o-meu-voto-sera-em-branco-para-o-executivo-provinciano\/\"]}]},{\"@type\":\"ImageObject\",\"inLanguage\":\"pt-BR\",\"@id\":\"https:\/\/radiolifefm.com.br\/noticias\/em-tempo-de-pre-com-pre-o-meu-voto-sera-em-branco-para-o-executivo-provinciano\/#primaryimage\",\"url\":\"https:\/\/radiolifefm.com.br\/noticias\/wp-content\/uploads\/2022\/04\/WhatsApp-Image-2022-04-10-at-18.43.02.jpeg\",\"contentUrl\":\"https:\/\/radiolifefm.com.br\/noticias\/wp-content\/uploads\/2022\/04\/WhatsApp-Image-2022-04-10-at-18.43.02.jpeg\",\"width\":972,\"height\":1296,\"caption\":\"S\u00e9rgio Barbosa\"},{\"@type\":\"BreadcrumbList\",\"@id\":\"https:\/\/radiolifefm.com.br\/noticias\/em-tempo-de-pre-com-pre-o-meu-voto-sera-em-branco-para-o-executivo-provinciano\/#breadcrumb\",\"itemListElement\":[{\"@type\":\"ListItem\",\"position\":1,\"name\":\"In\u00edcio\",\"item\":\"https:\/\/radiolifefm.com.br\/noticias\/\"},{\"@type\":\"ListItem\",\"position\":2,\"name\":\"Em tempo de PR\u00c9 com PR\u00c9, o meu VOTO ser\u00e1 \u201cem BRANCO\u201d para o EXECUTIVO PROVINCIANO&#8230;\"}]},{\"@type\":\"WebSite\",\"@id\":\"https:\/\/radiolifefm.com.br\/noticias\/#website\",\"url\":\"https:\/\/radiolifefm.com.br\/noticias\/\",\"name\":\"R\u00e1dio Life FM\",\"description\":\"O Portal de Not\u00edcias de Adamantina\",\"publisher\":{\"@id\":\"https:\/\/radiolifefm.com.br\/noticias\/#organization\"},\"alternateName\":\"Life FM\",\"potentialAction\":[{\"@type\":\"SearchAction\",\"target\":{\"@type\":\"EntryPoint\",\"urlTemplate\":\"https:\/\/radiolifefm.com.br\/noticias\/?s={search_term_string}\"},\"query-input\":{\"@type\":\"PropertyValueSpecification\",\"valueRequired\":true,\"valueName\":\"search_term_string\"}}],\"inLanguage\":\"pt-BR\"},{\"@type\":\"Organization\",\"@id\":\"https:\/\/radiolifefm.com.br\/noticias\/#organization\",\"name\":\"R\u00e1dio Life FM\",\"alternateName\":\"Life FM\",\"url\":\"https:\/\/radiolifefm.com.br\/noticias\/\",\"logo\":{\"@type\":\"ImageObject\",\"inLanguage\":\"pt-BR\",\"@id\":\"https:\/\/radiolifefm.com.br\/noticias\/#\/schema\/logo\/image\/\",\"url\":\"https:\/\/static.radiolifefm.com.br\/noticias\/wp-content\/uploads\/2019\/10\/logo-lifefm.png\",\"contentUrl\":\"https:\/\/static.radiolifefm.com.br\/noticias\/wp-content\/uploads\/2019\/10\/logo-lifefm.png\",\"width\":196,\"height\":47,\"caption\":\"R\u00e1dio Life FM\"},\"image\":{\"@id\":\"https:\/\/radiolifefm.com.br\/noticias\/#\/schema\/logo\/image\/\"},\"sameAs\":[\"https:\/\/www.facebook.com\/radiolifefm\/\",\"https:\/\/www.instagram.com\/life1079fm\/\"]},{\"@type\":\"Person\",\"@id\":\"https:\/\/radiolifefm.com.br\/noticias\/#\/schema\/person\/6339b9fac59d12b071dec680d7375d87\",\"name\":\"ritanery\",\"image\":{\"@type\":\"ImageObject\",\"inLanguage\":\"pt-BR\",\"@id\":\"https:\/\/secure.gravatar.com\/avatar\/0e37bb19071f47c0b8a23f62a903df117c5a0e75f65a0c2901562f97cd41cf86?s=96&d=mm&r=g\",\"url\":\"https:\/\/secure.gravatar.com\/avatar\/0e37bb19071f47c0b8a23f62a903df117c5a0e75f65a0c2901562f97cd41cf86?s=96&d=mm&r=g\",\"contentUrl\":\"https:\/\/secure.gravatar.com\/avatar\/0e37bb19071f47c0b8a23f62a903df117c5a0e75f65a0c2901562f97cd41cf86?s=96&d=mm&r=g\",\"caption\":\"ritanery\"}}]}<\/script>\n<!-- \/ Yoast SEO plugin. -->","yoast_head_json":{"title":"Em tempo de PR\u00c9 com PR\u00c9, o meu VOTO ser\u00e1 \u201cem BRANCO\u201d para o EXECUTIVO PROVINCIANO... - R\u00e1dio Life FM","robots":{"index":"index","follow":"follow","max-snippet":"max-snippet:-1","max-image-preview":"max-image-preview:large","max-video-preview":"max-video-preview:-1"},"canonical":"https:\/\/radiolifefm.com.br\/noticias\/em-tempo-de-pre-com-pre-o-meu-voto-sera-em-branco-para-o-executivo-provinciano\/","og_locale":"pt_BR","og_type":"article","og_title":"Em tempo de PR\u00c9 com PR\u00c9, o meu VOTO ser\u00e1 \u201cem BRANCO\u201d para o EXECUTIVO PROVINCIANO... - R\u00e1dio Life FM","og_description":"\u00a0\u201cPor um voto em branco, voc\u00ea est\u00e1 dizendo que voc\u00ea tem uma consci\u00eancia pol\u00edtica, mas voc\u00ea n\u00e3o concorda com qualquer um dos partidos existentes.\u201d (Jose Saramago) &nbsp; By seb@r. Em tempo de PR\u00c9 para todos os lados, por\u00e9m, no caso em especial dos nomes ao EXECUTIVO PROVINCIANO, pode-se registrar que s\u00e3o todos FARINHAS DO MESMO [&hellip;]","og_url":"https:\/\/radiolifefm.com.br\/noticias\/em-tempo-de-pre-com-pre-o-meu-voto-sera-em-branco-para-o-executivo-provinciano\/","og_site_name":"R\u00e1dio Life FM","article_publisher":"https:\/\/www.facebook.com\/radiolifefm\/","article_published_time":"2024-05-24T11:07:38+00:00","article_modified_time":"2026-03-30T18:29:38+00:00","og_image":[{"width":972,"height":1296,"url":"https:\/\/radiolifefm.com.br\/noticias\/wp-content\/uploads\/2022\/04\/WhatsApp-Image-2022-04-10-at-18.43.02.jpeg","type":"image\/jpeg"}],"author":"ritanery","twitter_card":"summary_large_image","twitter_misc":{"Escrito por":"ritanery","Est. tempo de leitura":"3 minutos"},"schema":{"@context":"https:\/\/schema.org","@graph":[{"@type":"Article","@id":"https:\/\/radiolifefm.com.br\/noticias\/em-tempo-de-pre-com-pre-o-meu-voto-sera-em-branco-para-o-executivo-provinciano\/#article","isPartOf":{"@id":"https:\/\/radiolifefm.com.br\/noticias\/em-tempo-de-pre-com-pre-o-meu-voto-sera-em-branco-para-o-executivo-provinciano\/"},"author":{"name":"ritanery","@id":"https:\/\/radiolifefm.com.br\/noticias\/#\/schema\/person\/6339b9fac59d12b071dec680d7375d87"},"headline":"Em tempo de PR\u00c9 com PR\u00c9, o meu VOTO ser\u00e1 \u201cem BRANCO\u201d para o EXECUTIVO PROVINCIANO&#8230;","datePublished":"2024-05-24T11:07:38+00:00","dateModified":"2026-03-30T18:29:38+00:00","mainEntityOfPage":{"@id":"https:\/\/radiolifefm.com.br\/noticias\/em-tempo-de-pre-com-pre-o-meu-voto-sera-em-branco-para-o-executivo-provinciano\/"},"wordCount":479,"publisher":{"@id":"https:\/\/radiolifefm.com.br\/noticias\/#organization"},"image":{"@id":"https:\/\/radiolifefm.com.br\/noticias\/em-tempo-de-pre-com-pre-o-meu-voto-sera-em-branco-para-o-executivo-provinciano\/#primaryimage"},"thumbnailUrl":"https:\/\/radiolifefm.com.br\/noticias\/wp-content\/uploads\/2022\/04\/WhatsApp-Image-2022-04-10-at-18.43.02.jpeg","articleSection":["Opini\u00e3o"],"inLanguage":"pt-BR"},{"@type":"WebPage","@id":"https:\/\/radiolifefm.com.br\/noticias\/em-tempo-de-pre-com-pre-o-meu-voto-sera-em-branco-para-o-executivo-provinciano\/","url":"https:\/\/radiolifefm.com.br\/noticias\/em-tempo-de-pre-com-pre-o-meu-voto-sera-em-branco-para-o-executivo-provinciano\/","name":"Em tempo de PR\u00c9 com PR\u00c9, o meu VOTO ser\u00e1 \u201cem BRANCO\u201d para o EXECUTIVO PROVINCIANO... - R\u00e1dio Life FM","isPartOf":{"@id":"https:\/\/radiolifefm.com.br\/noticias\/#website"},"primaryImageOfPage":{"@id":"https:\/\/radiolifefm.com.br\/noticias\/em-tempo-de-pre-com-pre-o-meu-voto-sera-em-branco-para-o-executivo-provinciano\/#primaryimage"},"image":{"@id":"https:\/\/radiolifefm.com.br\/noticias\/em-tempo-de-pre-com-pre-o-meu-voto-sera-em-branco-para-o-executivo-provinciano\/#primaryimage"},"thumbnailUrl":"https:\/\/radiolifefm.com.br\/noticias\/wp-content\/uploads\/2022\/04\/WhatsApp-Image-2022-04-10-at-18.43.02.jpeg","datePublished":"2024-05-24T11:07:38+00:00","dateModified":"2026-03-30T18:29:38+00:00","breadcrumb":{"@id":"https:\/\/radiolifefm.com.br\/noticias\/em-tempo-de-pre-com-pre-o-meu-voto-sera-em-branco-para-o-executivo-provinciano\/#breadcrumb"},"inLanguage":"pt-BR","potentialAction":[{"@type":"ReadAction","target":["https:\/\/radiolifefm.com.br\/noticias\/em-tempo-de-pre-com-pre-o-meu-voto-sera-em-branco-para-o-executivo-provinciano\/"]}]},{"@type":"ImageObject","inLanguage":"pt-BR","@id":"https:\/\/radiolifefm.com.br\/noticias\/em-tempo-de-pre-com-pre-o-meu-voto-sera-em-branco-para-o-executivo-provinciano\/#primaryimage","url":"https:\/\/radiolifefm.com.br\/noticias\/wp-content\/uploads\/2022\/04\/WhatsApp-Image-2022-04-10-at-18.43.02.jpeg","contentUrl":"https:\/\/radiolifefm.com.br\/noticias\/wp-content\/uploads\/2022\/04\/WhatsApp-Image-2022-04-10-at-18.43.02.jpeg","width":972,"height":1296,"caption":"S\u00e9rgio Barbosa"},{"@type":"BreadcrumbList","@id":"https:\/\/radiolifefm.com.br\/noticias\/em-tempo-de-pre-com-pre-o-meu-voto-sera-em-branco-para-o-executivo-provinciano\/#breadcrumb","itemListElement":[{"@type":"ListItem","position":1,"name":"In\u00edcio","item":"https:\/\/radiolifefm.com.br\/noticias\/"},{"@type":"ListItem","position":2,"name":"Em tempo de PR\u00c9 com PR\u00c9, o meu VOTO ser\u00e1 \u201cem BRANCO\u201d para o EXECUTIVO PROVINCIANO&#8230;"}]},{"@type":"WebSite","@id":"https:\/\/radiolifefm.com.br\/noticias\/#website","url":"https:\/\/radiolifefm.com.br\/noticias\/","name":"R\u00e1dio Life FM","description":"O Portal de Not\u00edcias de Adamantina","publisher":{"@id":"https:\/\/radiolifefm.com.br\/noticias\/#organization"},"alternateName":"Life FM","potentialAction":[{"@type":"SearchAction","target":{"@type":"EntryPoint","urlTemplate":"https:\/\/radiolifefm.com.br\/noticias\/?s={search_term_string}"},"query-input":{"@type":"PropertyValueSpecification","valueRequired":true,"valueName":"search_term_string"}}],"inLanguage":"pt-BR"},{"@type":"Organization","@id":"https:\/\/radiolifefm.com.br\/noticias\/#organization","name":"R\u00e1dio Life FM","alternateName":"Life FM","url":"https:\/\/radiolifefm.com.br\/noticias\/","logo":{"@type":"ImageObject","inLanguage":"pt-BR","@id":"https:\/\/radiolifefm.com.br\/noticias\/#\/schema\/logo\/image\/","url":"https:\/\/static.radiolifefm.com.br\/noticias\/wp-content\/uploads\/2019\/10\/logo-lifefm.png","contentUrl":"https:\/\/static.radiolifefm.com.br\/noticias\/wp-content\/uploads\/2019\/10\/logo-lifefm.png","width":196,"height":47,"caption":"R\u00e1dio Life FM"},"image":{"@id":"https:\/\/radiolifefm.com.br\/noticias\/#\/schema\/logo\/image\/"},"sameAs":["https:\/\/www.facebook.com\/radiolifefm\/","https:\/\/www.instagram.com\/life1079fm\/"]},{"@type":"Person","@id":"https:\/\/radiolifefm.com.br\/noticias\/#\/schema\/person\/6339b9fac59d12b071dec680d7375d87","name":"ritanery","image":{"@type":"ImageObject","inLanguage":"pt-BR","@id":"https:\/\/secure.gravatar.com\/avatar\/0e37bb19071f47c0b8a23f62a903df117c5a0e75f65a0c2901562f97cd41cf86?s=96&d=mm&r=g","url":"https:\/\/secure.gravatar.com\/avatar\/0e37bb19071f47c0b8a23f62a903df117c5a0e75f65a0c2901562f97cd41cf86?s=96&d=mm&r=g","contentUrl":"https:\/\/secure.gravatar.com\/avatar\/0e37bb19071f47c0b8a23f62a903df117c5a0e75f65a0c2901562f97cd41cf86?s=96&d=mm&r=g","caption":"ritanery"}}]}},"amp_enabled":true,"_links":{"self":[{"href":"https:\/\/radiolifefm.com.br\/noticias\/wp-json\/wp\/v2\/posts\/87819","targetHints":{"allow":["GET"]}}],"collection":[{"href":"https:\/\/radiolifefm.com.br\/noticias\/wp-json\/wp\/v2\/posts"}],"about":[{"href":"https:\/\/radiolifefm.com.br\/noticias\/wp-json\/wp\/v2\/types\/post"}],"author":[{"embeddable":true,"href":"https:\/\/radiolifefm.com.br\/noticias\/wp-json\/wp\/v2\/users\/13"}],"replies":[{"embeddable":true,"href":"https:\/\/radiolifefm.com.br\/noticias\/wp-json\/wp\/v2\/comments?post=87819"}],"version-history":[{"count":1,"href":"https:\/\/radiolifefm.com.br\/noticias\/wp-json\/wp\/v2\/posts\/87819\/revisions"}],"predecessor-version":[{"id":87820,"href":"https:\/\/radiolifefm.com.br\/noticias\/wp-json\/wp\/v2\/posts\/87819\/revisions\/87820"}],"wp:featuredmedia":[{"embeddable":true,"href":"https:\/\/radiolifefm.com.br\/noticias\/wp-json\/wp\/v2\/media\/51988"}],"wp:attachment":[{"href":"https:\/\/radiolifefm.com.br\/noticias\/wp-json\/wp\/v2\/media?parent=87819"}],"wp:term":[{"taxonomy":"category","embeddable":true,"href":"https:\/\/radiolifefm.com.br\/noticias\/wp-json\/wp\/v2\/categories?post=87819"},{"taxonomy":"post_tag","embeddable":true,"href":"https:\/\/radiolifefm.com.br\/noticias\/wp-json\/wp\/v2\/tags?post=87819"}],"curies":[{"name":"wp","href":"https:\/\/api.w.org\/{rel}","templated":true}]}}