{"id":87631,"date":"2024-05-22T08:04:48","date_gmt":"2024-05-22T11:04:48","guid":{"rendered":"https:\/\/radiolifefm.com.br\/noticias\/?p=87631"},"modified":"2026-03-31T17:17:09","modified_gmt":"2026-03-31T20:17:09","slug":"camaleao-do-mercado-organizacional-em-busca-de-espaco","status":"publish","type":"post","link":"https:\/\/radiolifefm.com.br\/noticias\/camaleao-do-mercado-organizacional-em-busca-de-espaco\/","title":{"rendered":"&#8220;CAMALE\u00c3O&#8221; DO MERCADO ORGANIZACIONAL EM BUSCA DE ESPA\u00c7O&#8230;"},"content":{"rendered":"<div id=\"fb-root\"><\/div>\n<p>&nbsp;<\/p>\n<p><strong>\u201cSentado no gabinete secreto da minha casa, sozinho no trono de bronze reluzente, um raio de luz na escurid\u00e3o, traz a magia na qual se tem que acreditar.\u201d (Nostradamus)<\/strong><\/p>\n<p>&nbsp;<\/p>\n<p><strong><em>By seb@r.<\/em><\/strong><\/p>\n<p>&nbsp;<\/p>\n<p>As paisagens de um mesmo tempo mudam de acordo com as cores de um parasita qualquer, por isso e mais aquilo \u00e9 que o mundo anda de pernas para o ar&#8230;<\/p>\n<p>O mundo animal \u00e9 habitado pelas mais diversas esp\u00e9cies, o que torna o mesmo um mundo fascinante para os pesquisadores desta \u00e1rea cient\u00edfica em meio aos diferentes ciclos da vida no planeta terra&#8230;<\/p>\n<p>Por\u00e9m, o mundo animal, neste caso, o racional, tamb\u00e9m, existe muitas esp\u00e9cies, entre os quais, o camale\u00e3o humano, aquele que muda conforme os interesses em foco ou at\u00e9 mesmo, em meio aos interesses pelo poder, ainda, ocupar um lugar indevido e de acordo com o comando das vozes provincianas em terras \u201cbrasilis\u201d&#8230;<\/p>\n<p>Afinal, tem gosto para tudo, at\u00e9 mesmo para ficar na garupa de um cavalo qualquer esperando um dia segurar as r\u00e9deas do poder, afinal, dizem que \u201cmundo \u00e9 dos espertos\u201d&#8230;<\/p>\n<p>Os anos passaram rapidamente para ambos os lados do poder em quest\u00e3o, agora chegou a nossa vez disse o profeta do caos institucional, querer nem sempre \u00e9 poder ou vice-versa, basta um olhar sobre fatos hist\u00f3ricos para um entendimento a mais neste contexto em n\u00edvel glocal, ou seja, do global para o local&#8230;<\/p>\n<p>As lembran\u00e7as trazem a mem\u00f3ria muitos desencontros, ora estou deste lado, em outro momento, do outro e quem sabe, dos tr\u00eas lados para deixar claro que sou um animal racional, por\u00e9m, com cara e pele de camale\u00e3o&#8230;<\/p>\n<p>O \u201ccanto da sereia\u201d cada vez mais atuante aqui e ali, tamb\u00e9m, controla o poder pelo poder em meio aos valores financeiros e materiais deste jogo provinciano nos desencontros do p\u00fablico com o privado&#8230;<\/p>\n<p>O mundo gira e n\u00f3s com o mesmo para um encontro a mais neste cen\u00e1rio das falsas promessas para um dos lados do poder, portanto, \u00e9 preciso estar atento aos bastidores ou quem sabe, banheiros p\u00fablicos ou saunas privadas para uma reflex\u00e3o temporal deste novo tempo novo do mundo irreal dos falastr\u00f5es e canastr\u00f5es da mercadoria&#8230;<\/p>\n<p>O emissor anda transmitindo suas mensagens por meio de c\u00f3digo, utilizando um mecanismo dial\u00e9tico para confundir os dois lados, deixando o receptor a deriva, pouco importando com os destinos da institui\u00e7\u00e3o, tamb\u00e9m, o poder \u00e9 o centro deste universo no \u201cPa\u00eds do faz de conta\u201d&#8230;<\/p>\n<p>A comunidade \u201clocal\u201d tem o dever de se manifestar neste caso, fortalecendo o debate em cima de um projeto regional, portanto, a press\u00e3o deve vir dos interessados em manter o avan\u00e7o conforme as necessidades do contexto plural em tempo de crise em todas as \u00e1reas do Mercado Organizacional&#8230;<\/p>\n<p>Caso contr\u00e1rio, pode se repetir a mesma hist\u00f3ria de sempre com isto e mais aquilo, ou seja, nascem, crescem e morrem sem mais e sem menos, ficando apenas as placas comemorativas carcomidas pelo tempo da mediocridade irracional do ser humano travestido de camale\u00e3o&#8230;<\/p>\n<p>QUEM SOBREVIVER VAI SABER&#8230;<\/p>\n<p><strong><em>____________________________________<\/em><\/strong><\/p>\n<p><strong><em>e-mail: barbosa.sebar@gmail.com<\/em><\/strong><\/p>\n","protected":false},"excerpt":{"rendered":"<p>&nbsp; \u201cSentado no gabinete secreto da minha casa, sozinho no trono de bronze reluzente, um raio de luz na escurid\u00e3o, traz a magia na qual se tem que acreditar.\u201d (Nostradamus) &nbsp; By seb@r. &nbsp; As paisagens de um mesmo tempo mudam de acordo com as cores de um parasita qualquer, por isso e mais aquilo [&hellip;]<\/p>\n","protected":false},"author":13,"featured_media":51988,"comment_status":"closed","ping_status":"open","sticky":false,"template":"","format":"standard","meta":{"_acf_changed":false,"_exactmetrics_skip_tracking":false,"_exactmetrics_sitenote_active":false,"_exactmetrics_sitenote_note":"","_exactmetrics_sitenote_category":0,"footnotes":""},"categories":[59],"tags":[],"class_list":["post-87631","post","type-post","status-publish","format-standard","has-post-thumbnail","hentry","category-opiniao"],"acf":[],"yoast_head":"<!-- This site is optimized with the Yoast SEO plugin v27.2 - https:\/\/yoast.com\/product\/yoast-seo-wordpress\/ -->\n<title>&quot;CAMALE\u00c3O&quot; DO MERCADO ORGANIZACIONAL EM BUSCA DE ESPA\u00c7O... - R\u00e1dio Life FM<\/title>\n<meta name=\"robots\" content=\"index, follow, max-snippet:-1, max-image-preview:large, max-video-preview:-1\" \/>\n<link rel=\"canonical\" href=\"https:\/\/radiolifefm.com.br\/noticias\/camaleao-do-mercado-organizacional-em-busca-de-espaco\/\" \/>\n<meta property=\"og:locale\" content=\"pt_BR\" \/>\n<meta property=\"og:type\" content=\"article\" \/>\n<meta property=\"og:title\" content=\"&quot;CAMALE\u00c3O&quot; DO MERCADO ORGANIZACIONAL EM BUSCA DE ESPA\u00c7O... - R\u00e1dio Life FM\" \/>\n<meta property=\"og:description\" content=\"&nbsp; \u201cSentado no gabinete secreto da minha casa, sozinho no trono de bronze reluzente, um raio de luz na escurid\u00e3o, traz a magia na qual se tem que acreditar.\u201d (Nostradamus) &nbsp; By seb@r. &nbsp; As paisagens de um mesmo tempo mudam de acordo com as cores de um parasita qualquer, por isso e mais aquilo [&hellip;]\" \/>\n<meta property=\"og:url\" content=\"https:\/\/radiolifefm.com.br\/noticias\/camaleao-do-mercado-organizacional-em-busca-de-espaco\/\" \/>\n<meta property=\"og:site_name\" content=\"R\u00e1dio Life FM\" \/>\n<meta property=\"article:publisher\" content=\"https:\/\/www.facebook.com\/radiolifefm\/\" \/>\n<meta property=\"article:published_time\" content=\"2024-05-22T11:04:48+00:00\" \/>\n<meta property=\"article:modified_time\" content=\"2026-03-31T20:17:09+00:00\" \/>\n<meta property=\"og:image\" content=\"https:\/\/radiolifefm.com.br\/noticias\/wp-content\/uploads\/2022\/04\/WhatsApp-Image-2022-04-10-at-18.43.02.jpeg\" \/>\n\t<meta property=\"og:image:width\" content=\"972\" \/>\n\t<meta property=\"og:image:height\" content=\"1296\" \/>\n\t<meta property=\"og:image:type\" content=\"image\/jpeg\" \/>\n<meta name=\"author\" content=\"ritanery\" \/>\n<meta name=\"twitter:card\" content=\"summary_large_image\" \/>\n<meta name=\"twitter:label1\" content=\"Escrito por\" \/>\n\t<meta name=\"twitter:data1\" content=\"ritanery\" \/>\n\t<meta name=\"twitter:label2\" content=\"Est. tempo de leitura\" \/>\n\t<meta name=\"twitter:data2\" content=\"3 minutos\" \/>\n<script type=\"application\/ld+json\" class=\"yoast-schema-graph\">{\"@context\":\"https:\/\/schema.org\",\"@graph\":[{\"@type\":\"Article\",\"@id\":\"https:\/\/radiolifefm.com.br\/noticias\/camaleao-do-mercado-organizacional-em-busca-de-espaco\/#article\",\"isPartOf\":{\"@id\":\"https:\/\/radiolifefm.com.br\/noticias\/camaleao-do-mercado-organizacional-em-busca-de-espaco\/\"},\"author\":{\"name\":\"ritanery\",\"@id\":\"https:\/\/radiolifefm.com.br\/noticias\/#\/schema\/person\/6339b9fac59d12b071dec680d7375d87\"},\"headline\":\"&#8220;CAMALE\u00c3O&#8221; DO MERCADO ORGANIZACIONAL EM BUSCA DE ESPA\u00c7O&#8230;\",\"datePublished\":\"2024-05-22T11:04:48+00:00\",\"dateModified\":\"2026-03-31T20:17:09+00:00\",\"mainEntityOfPage\":{\"@id\":\"https:\/\/radiolifefm.com.br\/noticias\/camaleao-do-mercado-organizacional-em-busca-de-espaco\/\"},\"wordCount\":544,\"publisher\":{\"@id\":\"https:\/\/radiolifefm.com.br\/noticias\/#organization\"},\"image\":{\"@id\":\"https:\/\/radiolifefm.com.br\/noticias\/camaleao-do-mercado-organizacional-em-busca-de-espaco\/#primaryimage\"},\"thumbnailUrl\":\"https:\/\/radiolifefm.com.br\/noticias\/wp-content\/uploads\/2022\/04\/WhatsApp-Image-2022-04-10-at-18.43.02.jpeg\",\"articleSection\":[\"Opini\u00e3o\"],\"inLanguage\":\"pt-BR\"},{\"@type\":\"WebPage\",\"@id\":\"https:\/\/radiolifefm.com.br\/noticias\/camaleao-do-mercado-organizacional-em-busca-de-espaco\/\",\"url\":\"https:\/\/radiolifefm.com.br\/noticias\/camaleao-do-mercado-organizacional-em-busca-de-espaco\/\",\"name\":\"\\\"CAMALE\u00c3O\\\" DO MERCADO ORGANIZACIONAL EM BUSCA DE ESPA\u00c7O... - R\u00e1dio Life FM\",\"isPartOf\":{\"@id\":\"https:\/\/radiolifefm.com.br\/noticias\/#website\"},\"primaryImageOfPage\":{\"@id\":\"https:\/\/radiolifefm.com.br\/noticias\/camaleao-do-mercado-organizacional-em-busca-de-espaco\/#primaryimage\"},\"image\":{\"@id\":\"https:\/\/radiolifefm.com.br\/noticias\/camaleao-do-mercado-organizacional-em-busca-de-espaco\/#primaryimage\"},\"thumbnailUrl\":\"https:\/\/radiolifefm.com.br\/noticias\/wp-content\/uploads\/2022\/04\/WhatsApp-Image-2022-04-10-at-18.43.02.jpeg\",\"datePublished\":\"2024-05-22T11:04:48+00:00\",\"dateModified\":\"2026-03-31T20:17:09+00:00\",\"breadcrumb\":{\"@id\":\"https:\/\/radiolifefm.com.br\/noticias\/camaleao-do-mercado-organizacional-em-busca-de-espaco\/#breadcrumb\"},\"inLanguage\":\"pt-BR\",\"potentialAction\":[{\"@type\":\"ReadAction\",\"target\":[\"https:\/\/radiolifefm.com.br\/noticias\/camaleao-do-mercado-organizacional-em-busca-de-espaco\/\"]}]},{\"@type\":\"ImageObject\",\"inLanguage\":\"pt-BR\",\"@id\":\"https:\/\/radiolifefm.com.br\/noticias\/camaleao-do-mercado-organizacional-em-busca-de-espaco\/#primaryimage\",\"url\":\"https:\/\/radiolifefm.com.br\/noticias\/wp-content\/uploads\/2022\/04\/WhatsApp-Image-2022-04-10-at-18.43.02.jpeg\",\"contentUrl\":\"https:\/\/radiolifefm.com.br\/noticias\/wp-content\/uploads\/2022\/04\/WhatsApp-Image-2022-04-10-at-18.43.02.jpeg\",\"width\":972,\"height\":1296,\"caption\":\"S\u00e9rgio Barbosa\"},{\"@type\":\"BreadcrumbList\",\"@id\":\"https:\/\/radiolifefm.com.br\/noticias\/camaleao-do-mercado-organizacional-em-busca-de-espaco\/#breadcrumb\",\"itemListElement\":[{\"@type\":\"ListItem\",\"position\":1,\"name\":\"In\u00edcio\",\"item\":\"https:\/\/radiolifefm.com.br\/noticias\/\"},{\"@type\":\"ListItem\",\"position\":2,\"name\":\"&#8220;CAMALE\u00c3O&#8221; DO MERCADO ORGANIZACIONAL EM BUSCA DE ESPA\u00c7O&#8230;\"}]},{\"@type\":\"WebSite\",\"@id\":\"https:\/\/radiolifefm.com.br\/noticias\/#website\",\"url\":\"https:\/\/radiolifefm.com.br\/noticias\/\",\"name\":\"R\u00e1dio Life FM\",\"description\":\"O Portal de Not\u00edcias de Adamantina\",\"publisher\":{\"@id\":\"https:\/\/radiolifefm.com.br\/noticias\/#organization\"},\"alternateName\":\"Life FM\",\"potentialAction\":[{\"@type\":\"SearchAction\",\"target\":{\"@type\":\"EntryPoint\",\"urlTemplate\":\"https:\/\/radiolifefm.com.br\/noticias\/?s={search_term_string}\"},\"query-input\":{\"@type\":\"PropertyValueSpecification\",\"valueRequired\":true,\"valueName\":\"search_term_string\"}}],\"inLanguage\":\"pt-BR\"},{\"@type\":\"Organization\",\"@id\":\"https:\/\/radiolifefm.com.br\/noticias\/#organization\",\"name\":\"R\u00e1dio Life FM\",\"alternateName\":\"Life FM\",\"url\":\"https:\/\/radiolifefm.com.br\/noticias\/\",\"logo\":{\"@type\":\"ImageObject\",\"inLanguage\":\"pt-BR\",\"@id\":\"https:\/\/radiolifefm.com.br\/noticias\/#\/schema\/logo\/image\/\",\"url\":\"https:\/\/static.radiolifefm.com.br\/noticias\/wp-content\/uploads\/2019\/10\/logo-lifefm.png\",\"contentUrl\":\"https:\/\/static.radiolifefm.com.br\/noticias\/wp-content\/uploads\/2019\/10\/logo-lifefm.png\",\"width\":196,\"height\":47,\"caption\":\"R\u00e1dio Life FM\"},\"image\":{\"@id\":\"https:\/\/radiolifefm.com.br\/noticias\/#\/schema\/logo\/image\/\"},\"sameAs\":[\"https:\/\/www.facebook.com\/radiolifefm\/\",\"https:\/\/www.instagram.com\/life1079fm\/\"]},{\"@type\":\"Person\",\"@id\":\"https:\/\/radiolifefm.com.br\/noticias\/#\/schema\/person\/6339b9fac59d12b071dec680d7375d87\",\"name\":\"ritanery\",\"image\":{\"@type\":\"ImageObject\",\"inLanguage\":\"pt-BR\",\"@id\":\"https:\/\/secure.gravatar.com\/avatar\/0e37bb19071f47c0b8a23f62a903df117c5a0e75f65a0c2901562f97cd41cf86?s=96&d=mm&r=g\",\"url\":\"https:\/\/secure.gravatar.com\/avatar\/0e37bb19071f47c0b8a23f62a903df117c5a0e75f65a0c2901562f97cd41cf86?s=96&d=mm&r=g\",\"contentUrl\":\"https:\/\/secure.gravatar.com\/avatar\/0e37bb19071f47c0b8a23f62a903df117c5a0e75f65a0c2901562f97cd41cf86?s=96&d=mm&r=g\",\"caption\":\"ritanery\"}}]}<\/script>\n<!-- \/ Yoast SEO plugin. -->","yoast_head_json":{"title":"\"CAMALE\u00c3O\" DO MERCADO ORGANIZACIONAL EM BUSCA DE ESPA\u00c7O... - R\u00e1dio Life FM","robots":{"index":"index","follow":"follow","max-snippet":"max-snippet:-1","max-image-preview":"max-image-preview:large","max-video-preview":"max-video-preview:-1"},"canonical":"https:\/\/radiolifefm.com.br\/noticias\/camaleao-do-mercado-organizacional-em-busca-de-espaco\/","og_locale":"pt_BR","og_type":"article","og_title":"\"CAMALE\u00c3O\" DO MERCADO ORGANIZACIONAL EM BUSCA DE ESPA\u00c7O... - R\u00e1dio Life FM","og_description":"&nbsp; \u201cSentado no gabinete secreto da minha casa, sozinho no trono de bronze reluzente, um raio de luz na escurid\u00e3o, traz a magia na qual se tem que acreditar.\u201d (Nostradamus) &nbsp; By seb@r. &nbsp; As paisagens de um mesmo tempo mudam de acordo com as cores de um parasita qualquer, por isso e mais aquilo [&hellip;]","og_url":"https:\/\/radiolifefm.com.br\/noticias\/camaleao-do-mercado-organizacional-em-busca-de-espaco\/","og_site_name":"R\u00e1dio Life FM","article_publisher":"https:\/\/www.facebook.com\/radiolifefm\/","article_published_time":"2024-05-22T11:04:48+00:00","article_modified_time":"2026-03-31T20:17:09+00:00","og_image":[{"width":972,"height":1296,"url":"https:\/\/radiolifefm.com.br\/noticias\/wp-content\/uploads\/2022\/04\/WhatsApp-Image-2022-04-10-at-18.43.02.jpeg","type":"image\/jpeg"}],"author":"ritanery","twitter_card":"summary_large_image","twitter_misc":{"Escrito por":"ritanery","Est. tempo de leitura":"3 minutos"},"schema":{"@context":"https:\/\/schema.org","@graph":[{"@type":"Article","@id":"https:\/\/radiolifefm.com.br\/noticias\/camaleao-do-mercado-organizacional-em-busca-de-espaco\/#article","isPartOf":{"@id":"https:\/\/radiolifefm.com.br\/noticias\/camaleao-do-mercado-organizacional-em-busca-de-espaco\/"},"author":{"name":"ritanery","@id":"https:\/\/radiolifefm.com.br\/noticias\/#\/schema\/person\/6339b9fac59d12b071dec680d7375d87"},"headline":"&#8220;CAMALE\u00c3O&#8221; DO MERCADO ORGANIZACIONAL EM BUSCA DE ESPA\u00c7O&#8230;","datePublished":"2024-05-22T11:04:48+00:00","dateModified":"2026-03-31T20:17:09+00:00","mainEntityOfPage":{"@id":"https:\/\/radiolifefm.com.br\/noticias\/camaleao-do-mercado-organizacional-em-busca-de-espaco\/"},"wordCount":544,"publisher":{"@id":"https:\/\/radiolifefm.com.br\/noticias\/#organization"},"image":{"@id":"https:\/\/radiolifefm.com.br\/noticias\/camaleao-do-mercado-organizacional-em-busca-de-espaco\/#primaryimage"},"thumbnailUrl":"https:\/\/radiolifefm.com.br\/noticias\/wp-content\/uploads\/2022\/04\/WhatsApp-Image-2022-04-10-at-18.43.02.jpeg","articleSection":["Opini\u00e3o"],"inLanguage":"pt-BR"},{"@type":"WebPage","@id":"https:\/\/radiolifefm.com.br\/noticias\/camaleao-do-mercado-organizacional-em-busca-de-espaco\/","url":"https:\/\/radiolifefm.com.br\/noticias\/camaleao-do-mercado-organizacional-em-busca-de-espaco\/","name":"\"CAMALE\u00c3O\" DO MERCADO ORGANIZACIONAL EM BUSCA DE ESPA\u00c7O... - R\u00e1dio Life FM","isPartOf":{"@id":"https:\/\/radiolifefm.com.br\/noticias\/#website"},"primaryImageOfPage":{"@id":"https:\/\/radiolifefm.com.br\/noticias\/camaleao-do-mercado-organizacional-em-busca-de-espaco\/#primaryimage"},"image":{"@id":"https:\/\/radiolifefm.com.br\/noticias\/camaleao-do-mercado-organizacional-em-busca-de-espaco\/#primaryimage"},"thumbnailUrl":"https:\/\/radiolifefm.com.br\/noticias\/wp-content\/uploads\/2022\/04\/WhatsApp-Image-2022-04-10-at-18.43.02.jpeg","datePublished":"2024-05-22T11:04:48+00:00","dateModified":"2026-03-31T20:17:09+00:00","breadcrumb":{"@id":"https:\/\/radiolifefm.com.br\/noticias\/camaleao-do-mercado-organizacional-em-busca-de-espaco\/#breadcrumb"},"inLanguage":"pt-BR","potentialAction":[{"@type":"ReadAction","target":["https:\/\/radiolifefm.com.br\/noticias\/camaleao-do-mercado-organizacional-em-busca-de-espaco\/"]}]},{"@type":"ImageObject","inLanguage":"pt-BR","@id":"https:\/\/radiolifefm.com.br\/noticias\/camaleao-do-mercado-organizacional-em-busca-de-espaco\/#primaryimage","url":"https:\/\/radiolifefm.com.br\/noticias\/wp-content\/uploads\/2022\/04\/WhatsApp-Image-2022-04-10-at-18.43.02.jpeg","contentUrl":"https:\/\/radiolifefm.com.br\/noticias\/wp-content\/uploads\/2022\/04\/WhatsApp-Image-2022-04-10-at-18.43.02.jpeg","width":972,"height":1296,"caption":"S\u00e9rgio Barbosa"},{"@type":"BreadcrumbList","@id":"https:\/\/radiolifefm.com.br\/noticias\/camaleao-do-mercado-organizacional-em-busca-de-espaco\/#breadcrumb","itemListElement":[{"@type":"ListItem","position":1,"name":"In\u00edcio","item":"https:\/\/radiolifefm.com.br\/noticias\/"},{"@type":"ListItem","position":2,"name":"&#8220;CAMALE\u00c3O&#8221; DO MERCADO ORGANIZACIONAL EM BUSCA DE ESPA\u00c7O&#8230;"}]},{"@type":"WebSite","@id":"https:\/\/radiolifefm.com.br\/noticias\/#website","url":"https:\/\/radiolifefm.com.br\/noticias\/","name":"R\u00e1dio Life FM","description":"O Portal de Not\u00edcias de Adamantina","publisher":{"@id":"https:\/\/radiolifefm.com.br\/noticias\/#organization"},"alternateName":"Life FM","potentialAction":[{"@type":"SearchAction","target":{"@type":"EntryPoint","urlTemplate":"https:\/\/radiolifefm.com.br\/noticias\/?s={search_term_string}"},"query-input":{"@type":"PropertyValueSpecification","valueRequired":true,"valueName":"search_term_string"}}],"inLanguage":"pt-BR"},{"@type":"Organization","@id":"https:\/\/radiolifefm.com.br\/noticias\/#organization","name":"R\u00e1dio Life FM","alternateName":"Life FM","url":"https:\/\/radiolifefm.com.br\/noticias\/","logo":{"@type":"ImageObject","inLanguage":"pt-BR","@id":"https:\/\/radiolifefm.com.br\/noticias\/#\/schema\/logo\/image\/","url":"https:\/\/static.radiolifefm.com.br\/noticias\/wp-content\/uploads\/2019\/10\/logo-lifefm.png","contentUrl":"https:\/\/static.radiolifefm.com.br\/noticias\/wp-content\/uploads\/2019\/10\/logo-lifefm.png","width":196,"height":47,"caption":"R\u00e1dio Life FM"},"image":{"@id":"https:\/\/radiolifefm.com.br\/noticias\/#\/schema\/logo\/image\/"},"sameAs":["https:\/\/www.facebook.com\/radiolifefm\/","https:\/\/www.instagram.com\/life1079fm\/"]},{"@type":"Person","@id":"https:\/\/radiolifefm.com.br\/noticias\/#\/schema\/person\/6339b9fac59d12b071dec680d7375d87","name":"ritanery","image":{"@type":"ImageObject","inLanguage":"pt-BR","@id":"https:\/\/secure.gravatar.com\/avatar\/0e37bb19071f47c0b8a23f62a903df117c5a0e75f65a0c2901562f97cd41cf86?s=96&d=mm&r=g","url":"https:\/\/secure.gravatar.com\/avatar\/0e37bb19071f47c0b8a23f62a903df117c5a0e75f65a0c2901562f97cd41cf86?s=96&d=mm&r=g","contentUrl":"https:\/\/secure.gravatar.com\/avatar\/0e37bb19071f47c0b8a23f62a903df117c5a0e75f65a0c2901562f97cd41cf86?s=96&d=mm&r=g","caption":"ritanery"}}]}},"amp_enabled":true,"_links":{"self":[{"href":"https:\/\/radiolifefm.com.br\/noticias\/wp-json\/wp\/v2\/posts\/87631","targetHints":{"allow":["GET"]}}],"collection":[{"href":"https:\/\/radiolifefm.com.br\/noticias\/wp-json\/wp\/v2\/posts"}],"about":[{"href":"https:\/\/radiolifefm.com.br\/noticias\/wp-json\/wp\/v2\/types\/post"}],"author":[{"embeddable":true,"href":"https:\/\/radiolifefm.com.br\/noticias\/wp-json\/wp\/v2\/users\/13"}],"replies":[{"embeddable":true,"href":"https:\/\/radiolifefm.com.br\/noticias\/wp-json\/wp\/v2\/comments?post=87631"}],"version-history":[{"count":1,"href":"https:\/\/radiolifefm.com.br\/noticias\/wp-json\/wp\/v2\/posts\/87631\/revisions"}],"predecessor-version":[{"id":87632,"href":"https:\/\/radiolifefm.com.br\/noticias\/wp-json\/wp\/v2\/posts\/87631\/revisions\/87632"}],"wp:featuredmedia":[{"embeddable":true,"href":"https:\/\/radiolifefm.com.br\/noticias\/wp-json\/wp\/v2\/media\/51988"}],"wp:attachment":[{"href":"https:\/\/radiolifefm.com.br\/noticias\/wp-json\/wp\/v2\/media?parent=87631"}],"wp:term":[{"taxonomy":"category","embeddable":true,"href":"https:\/\/radiolifefm.com.br\/noticias\/wp-json\/wp\/v2\/categories?post=87631"},{"taxonomy":"post_tag","embeddable":true,"href":"https:\/\/radiolifefm.com.br\/noticias\/wp-json\/wp\/v2\/tags?post=87631"}],"curies":[{"name":"wp","href":"https:\/\/api.w.org\/{rel}","templated":true}]}}