{"id":87374,"date":"2024-05-17T08:24:05","date_gmt":"2024-05-17T11:24:05","guid":{"rendered":"https:\/\/radiolifefm.com.br\/noticias\/?p=87374"},"modified":"2025-10-05T15:25:35","modified_gmt":"2025-10-05T18:25:35","slug":"a-provincia-e-a-turma-da-direita-volver","status":"publish","type":"post","link":"https:\/\/radiolifefm.com.br\/noticias\/a-provincia-e-a-turma-da-direita-volver\/","title":{"rendered":"A Prov\u00edncia e a turma da DIREITA VOLVER&#8230;"},"content":{"rendered":"<div id=\"fb-root\"><\/div>\n<p><strong><em>\u00a0\u201cPurifica o teu cora\u00e7\u00e3o antes de permitires que o amor entre nele, pois at\u00e9 o mel mais doce azeda num recipiente sujo.\u201d (<\/em><\/strong><a href=\"https:\/\/www.pensador.com\/autor\/pitagoras\/\"><strong><em>Pit\u00e1goras<\/em><\/strong><\/a><strong><em>)<\/em><\/strong><em> \u2013 <\/em><strong><em>in Nota: Autoria n\u00e3o confirmada.<\/em><\/strong><\/p>\n<p><strong><em>\u00a0<\/em><\/strong><\/p>\n<p><strong><em>\u201cO porco tornou-se sujo apenas depois de entrar em contato com o homem. Em estado selvagem, \u00e9 um animal muito limpo.\u201d (<\/em><\/strong><a href=\"https:\/\/www.pensador.com\/autor\/pierre_loti\/\"><strong><em>Pierre Loti<\/em><\/strong><\/a><strong><em>)<\/em><\/strong><\/p>\n<p><strong><em>\u00a0<\/em><\/strong><\/p>\n<p><strong>By seb@r.<\/strong><\/p>\n<p>Neste CEN\u00c1RIO PROVINCIANO atual, deve-se considerar que MUITA \u00c1GUA, ainda, VAI PASSAR DEBAIXO DA PONTE, isso \u00e9, aquela que continua de p\u00e9 na \u00e1rea rural em tempo de GEST\u00c3O PINOQUIANA\u00a0 e sua turma de ALOPRADOS\/AS&#8230;<\/p>\n<p>Al\u00e9m do mais em meio ao tudo de menos, tamb\u00e9m, pode-se estabelecer que os tais PR\u00c9 ao EXECUTIVO MUNICIPAL, est\u00e3o do mesmo lado IDEOL\u00d3GICO, haja vista que de BOAS INTEN\u00c7\u00d5ES, dizem, o INFERNO EST\u00c1 CHEIO&#8230;<\/p>\n<p>Se bem que, at\u00e9 onde se pode levar em conta aqui e ali, tais INDICA\u00c7\u00d5ES deixam a desejar quando se trata de COMPROMISSO com a COMUNIDADE LOCAL, todavia, cada qual com suas escolhas e ponto quase final&#8230;<\/p>\n<p>S\u00e3o apenas GRUPOS com a mesma PROPOSTA de sempre quando se trata do PODER pelo PODER em busca do PODER, assim, tudo pode ser aquilo que nunca foi para todos\/as&#8230;<\/p>\n<p>Mas, at\u00e9 o FECHAMENTO da CORTINA da oficializa\u00e7\u00e3o quanto aos PR\u00c9, tudo pode ser alterado por meio das eternas TROCAS NADA SIMB\u00d3LICAS, bem como, no famoso TOMA L\u00c1 e fica assim mesmo&#8230;<\/p>\n<p>Pelo menos o tal FILHOTE PROVINCIANO desistiu de entrar no JOGO mais do que VICIADO desta POLITICAGEM, agora, entra o BAL\u00c3O DE ENSAIO como se fosse o SALVADOR DA LAVOURA (sic), ainda, juntando os MALES com os SUJOS no mesmo PACOTE ELEITORAL&#8230;<\/p>\n<p>O mais interessante neste JOGO um tanto quanto mais do que PREVISTO quanto ao RESULTADO, ou seja, SE VOC\u00ca PENSA QUE T\u00c1 RUIM, PODE PIORAR, haja vista que s\u00e3o todos da turma da DIREITA VOLVER&#8230;<\/p>\n<p>Tamb\u00e9m, fica sempre aquela COISA que pode ser o COISO com suas MENTES MED\u00cdOCRES em tempo de BERRANTE em nome do NEGACIONISMO e da defesa do GENOCIDA&#8230;<\/p>\n<p>Por isso e talvez aqui, a melhor escolha \u00e9 estar al\u00e9m desses LADOS que s\u00e3o todos FARINHAS DO MESMO SACO, neste caso em especial, sem compromisso com a COMUNIDADE PROVINCIANA neste tempo novo tempo novo&#8230;<\/p>\n<p>As ditas ou talvez, MALDITAS PROMESSAS que fazem parte deste JOGO MAIS DO QUE VICIADO, j\u00e1 est\u00e3o em cima da mesa, se bem que vale ressaltar aquele velho DITO POPULAR, a saber: SE VOC\u00ca FICAR, O BICHO COME, SE CORRER, O BICHO PEGA&#8230;<\/p>\n<p>Portanto, na mais interessante do que ficar jogando com as IRONIAS sobre tudo e todos\/as daqui pra frente nesta PROV\u00cdNCIA DO FAZ DE CONTA, tendo em vista que os mesmos n\u00e3o est\u00e3o prontos para o debate por meio da REFLEX\u00c3O CR\u00cdTICA&#8230;<\/p>\n<p>Pra n\u00e3o esquecerem, PERDERAM MAN\u00c9S!<\/p>\n<p>Ainda, QUEM SOBREVIVER VAI SABER&#8230;<\/p>\n<p>&nbsp;<\/p>\n<p><strong>__________________\u00a0\u00a0\u00a0 \u00a0<\/strong><\/p>\n<p><strong>\u00a0\u00a0e-mail: <\/strong><a href=\"mailto:barbosa.sebar@gmail.com\"><strong>barbosa.sebar@gmail.com<\/strong><\/a><\/p>\n<p>&nbsp;<\/p>\n","protected":false},"excerpt":{"rendered":"<p>\u00a0\u201cPurifica o teu cora\u00e7\u00e3o antes de permitires que o amor entre nele, pois at\u00e9 o mel mais doce azeda num recipiente sujo.\u201d (Pit\u00e1goras) \u2013 in Nota: Autoria n\u00e3o confirmada. \u00a0 \u201cO porco tornou-se sujo apenas depois de entrar em contato com o homem. Em estado selvagem, \u00e9 um animal muito limpo.\u201d (Pierre Loti) \u00a0 By [&hellip;]<\/p>\n","protected":false},"author":13,"featured_media":51988,"comment_status":"closed","ping_status":"open","sticky":false,"template":"","format":"standard","meta":{"_acf_changed":false,"_exactmetrics_skip_tracking":false,"_exactmetrics_sitenote_active":false,"_exactmetrics_sitenote_note":"","_exactmetrics_sitenote_category":0,"footnotes":""},"categories":[59],"tags":[],"class_list":["post-87374","post","type-post","status-publish","format-standard","has-post-thumbnail","hentry","category-opiniao"],"acf":[],"yoast_head":"<!-- This site is optimized with the Yoast SEO plugin v27.2 - https:\/\/yoast.com\/product\/yoast-seo-wordpress\/ -->\n<title>A Prov\u00edncia e a turma da DIREITA VOLVER... - R\u00e1dio Life FM<\/title>\n<meta name=\"robots\" content=\"index, follow, max-snippet:-1, max-image-preview:large, max-video-preview:-1\" \/>\n<link rel=\"canonical\" href=\"https:\/\/radiolifefm.com.br\/noticias\/a-provincia-e-a-turma-da-direita-volver\/\" \/>\n<meta property=\"og:locale\" content=\"pt_BR\" \/>\n<meta property=\"og:type\" content=\"article\" \/>\n<meta property=\"og:title\" content=\"A Prov\u00edncia e a turma da DIREITA VOLVER... - R\u00e1dio Life FM\" \/>\n<meta property=\"og:description\" content=\"\u00a0\u201cPurifica o teu cora\u00e7\u00e3o antes de permitires que o amor entre nele, pois at\u00e9 o mel mais doce azeda num recipiente sujo.\u201d (Pit\u00e1goras) \u2013 in Nota: Autoria n\u00e3o confirmada. \u00a0 \u201cO porco tornou-se sujo apenas depois de entrar em contato com o homem. Em estado selvagem, \u00e9 um animal muito limpo.\u201d (Pierre Loti) \u00a0 By [&hellip;]\" \/>\n<meta property=\"og:url\" content=\"https:\/\/radiolifefm.com.br\/noticias\/a-provincia-e-a-turma-da-direita-volver\/\" \/>\n<meta property=\"og:site_name\" content=\"R\u00e1dio Life FM\" \/>\n<meta property=\"article:publisher\" content=\"https:\/\/www.facebook.com\/radiolifefm\/\" \/>\n<meta property=\"article:published_time\" content=\"2024-05-17T11:24:05+00:00\" \/>\n<meta property=\"article:modified_time\" content=\"2025-10-05T18:25:35+00:00\" \/>\n<meta property=\"og:image\" content=\"https:\/\/static.radiolifefm.com.br\/noticias\/wp-content\/uploads\/2022\/04\/WhatsApp-Image-2022-04-10-at-18.43.02.jpeg\" \/>\n\t<meta property=\"og:image:width\" content=\"972\" \/>\n\t<meta property=\"og:image:height\" content=\"1296\" \/>\n\t<meta property=\"og:image:type\" content=\"image\/jpeg\" \/>\n<meta name=\"author\" content=\"ritanery\" \/>\n<meta name=\"twitter:card\" content=\"summary_large_image\" \/>\n<meta name=\"twitter:label1\" content=\"Escrito por\" \/>\n\t<meta name=\"twitter:data1\" content=\"ritanery\" \/>\n\t<meta name=\"twitter:label2\" content=\"Est. tempo de leitura\" \/>\n\t<meta name=\"twitter:data2\" content=\"3 minutos\" \/>\n<script type=\"application\/ld+json\" class=\"yoast-schema-graph\">{\"@context\":\"https:\/\/schema.org\",\"@graph\":[{\"@type\":\"Article\",\"@id\":\"https:\/\/radiolifefm.com.br\/noticias\/a-provincia-e-a-turma-da-direita-volver\/#article\",\"isPartOf\":{\"@id\":\"https:\/\/radiolifefm.com.br\/noticias\/a-provincia-e-a-turma-da-direita-volver\/\"},\"author\":{\"name\":\"ritanery\",\"@id\":\"https:\/\/radiolifefm.com.br\/noticias\/#\/schema\/person\/6339b9fac59d12b071dec680d7375d87\"},\"headline\":\"A Prov\u00edncia e a turma da DIREITA VOLVER&#8230;\",\"datePublished\":\"2024-05-17T11:24:05+00:00\",\"dateModified\":\"2025-10-05T18:25:35+00:00\",\"mainEntityOfPage\":{\"@id\":\"https:\/\/radiolifefm.com.br\/noticias\/a-provincia-e-a-turma-da-direita-volver\/\"},\"wordCount\":500,\"publisher\":{\"@id\":\"https:\/\/radiolifefm.com.br\/noticias\/#organization\"},\"image\":{\"@id\":\"https:\/\/radiolifefm.com.br\/noticias\/a-provincia-e-a-turma-da-direita-volver\/#primaryimage\"},\"thumbnailUrl\":\"https:\/\/radiolifefm.com.br\/noticias\/wp-content\/uploads\/2022\/04\/WhatsApp-Image-2022-04-10-at-18.43.02.jpeg\",\"articleSection\":[\"Opini\u00e3o\"],\"inLanguage\":\"pt-BR\"},{\"@type\":\"WebPage\",\"@id\":\"https:\/\/radiolifefm.com.br\/noticias\/a-provincia-e-a-turma-da-direita-volver\/\",\"url\":\"https:\/\/radiolifefm.com.br\/noticias\/a-provincia-e-a-turma-da-direita-volver\/\",\"name\":\"A Prov\u00edncia e a turma da DIREITA VOLVER... - R\u00e1dio Life FM\",\"isPartOf\":{\"@id\":\"https:\/\/radiolifefm.com.br\/noticias\/#website\"},\"primaryImageOfPage\":{\"@id\":\"https:\/\/radiolifefm.com.br\/noticias\/a-provincia-e-a-turma-da-direita-volver\/#primaryimage\"},\"image\":{\"@id\":\"https:\/\/radiolifefm.com.br\/noticias\/a-provincia-e-a-turma-da-direita-volver\/#primaryimage\"},\"thumbnailUrl\":\"https:\/\/radiolifefm.com.br\/noticias\/wp-content\/uploads\/2022\/04\/WhatsApp-Image-2022-04-10-at-18.43.02.jpeg\",\"datePublished\":\"2024-05-17T11:24:05+00:00\",\"dateModified\":\"2025-10-05T18:25:35+00:00\",\"breadcrumb\":{\"@id\":\"https:\/\/radiolifefm.com.br\/noticias\/a-provincia-e-a-turma-da-direita-volver\/#breadcrumb\"},\"inLanguage\":\"pt-BR\",\"potentialAction\":[{\"@type\":\"ReadAction\",\"target\":[\"https:\/\/radiolifefm.com.br\/noticias\/a-provincia-e-a-turma-da-direita-volver\/\"]}]},{\"@type\":\"ImageObject\",\"inLanguage\":\"pt-BR\",\"@id\":\"https:\/\/radiolifefm.com.br\/noticias\/a-provincia-e-a-turma-da-direita-volver\/#primaryimage\",\"url\":\"https:\/\/radiolifefm.com.br\/noticias\/wp-content\/uploads\/2022\/04\/WhatsApp-Image-2022-04-10-at-18.43.02.jpeg\",\"contentUrl\":\"https:\/\/radiolifefm.com.br\/noticias\/wp-content\/uploads\/2022\/04\/WhatsApp-Image-2022-04-10-at-18.43.02.jpeg\",\"width\":972,\"height\":1296,\"caption\":\"S\u00e9rgio Barbosa\"},{\"@type\":\"BreadcrumbList\",\"@id\":\"https:\/\/radiolifefm.com.br\/noticias\/a-provincia-e-a-turma-da-direita-volver\/#breadcrumb\",\"itemListElement\":[{\"@type\":\"ListItem\",\"position\":1,\"name\":\"In\u00edcio\",\"item\":\"https:\/\/radiolifefm.com.br\/noticias\/\"},{\"@type\":\"ListItem\",\"position\":2,\"name\":\"A Prov\u00edncia e a turma da DIREITA VOLVER&#8230;\"}]},{\"@type\":\"WebSite\",\"@id\":\"https:\/\/radiolifefm.com.br\/noticias\/#website\",\"url\":\"https:\/\/radiolifefm.com.br\/noticias\/\",\"name\":\"R\u00e1dio Life FM\",\"description\":\"O Portal de Not\u00edcias de Adamantina\",\"publisher\":{\"@id\":\"https:\/\/radiolifefm.com.br\/noticias\/#organization\"},\"alternateName\":\"Life FM\",\"potentialAction\":[{\"@type\":\"SearchAction\",\"target\":{\"@type\":\"EntryPoint\",\"urlTemplate\":\"https:\/\/radiolifefm.com.br\/noticias\/?s={search_term_string}\"},\"query-input\":{\"@type\":\"PropertyValueSpecification\",\"valueRequired\":true,\"valueName\":\"search_term_string\"}}],\"inLanguage\":\"pt-BR\"},{\"@type\":\"Organization\",\"@id\":\"https:\/\/radiolifefm.com.br\/noticias\/#organization\",\"name\":\"R\u00e1dio Life FM\",\"alternateName\":\"Life FM\",\"url\":\"https:\/\/radiolifefm.com.br\/noticias\/\",\"logo\":{\"@type\":\"ImageObject\",\"inLanguage\":\"pt-BR\",\"@id\":\"https:\/\/radiolifefm.com.br\/noticias\/#\/schema\/logo\/image\/\",\"url\":\"https:\/\/static.radiolifefm.com.br\/noticias\/wp-content\/uploads\/2019\/10\/logo-lifefm.png\",\"contentUrl\":\"https:\/\/static.radiolifefm.com.br\/noticias\/wp-content\/uploads\/2019\/10\/logo-lifefm.png\",\"width\":196,\"height\":47,\"caption\":\"R\u00e1dio Life FM\"},\"image\":{\"@id\":\"https:\/\/radiolifefm.com.br\/noticias\/#\/schema\/logo\/image\/\"},\"sameAs\":[\"https:\/\/www.facebook.com\/radiolifefm\/\",\"https:\/\/www.instagram.com\/life1079fm\/\"]},{\"@type\":\"Person\",\"@id\":\"https:\/\/radiolifefm.com.br\/noticias\/#\/schema\/person\/6339b9fac59d12b071dec680d7375d87\",\"name\":\"ritanery\",\"image\":{\"@type\":\"ImageObject\",\"inLanguage\":\"pt-BR\",\"@id\":\"https:\/\/secure.gravatar.com\/avatar\/0e37bb19071f47c0b8a23f62a903df117c5a0e75f65a0c2901562f97cd41cf86?s=96&d=mm&r=g\",\"url\":\"https:\/\/secure.gravatar.com\/avatar\/0e37bb19071f47c0b8a23f62a903df117c5a0e75f65a0c2901562f97cd41cf86?s=96&d=mm&r=g\",\"contentUrl\":\"https:\/\/secure.gravatar.com\/avatar\/0e37bb19071f47c0b8a23f62a903df117c5a0e75f65a0c2901562f97cd41cf86?s=96&d=mm&r=g\",\"caption\":\"ritanery\"}}]}<\/script>\n<!-- \/ Yoast SEO plugin. -->","yoast_head_json":{"title":"A Prov\u00edncia e a turma da DIREITA VOLVER... - R\u00e1dio Life FM","robots":{"index":"index","follow":"follow","max-snippet":"max-snippet:-1","max-image-preview":"max-image-preview:large","max-video-preview":"max-video-preview:-1"},"canonical":"https:\/\/radiolifefm.com.br\/noticias\/a-provincia-e-a-turma-da-direita-volver\/","og_locale":"pt_BR","og_type":"article","og_title":"A Prov\u00edncia e a turma da DIREITA VOLVER... - R\u00e1dio Life FM","og_description":"\u00a0\u201cPurifica o teu cora\u00e7\u00e3o antes de permitires que o amor entre nele, pois at\u00e9 o mel mais doce azeda num recipiente sujo.\u201d (Pit\u00e1goras) \u2013 in Nota: Autoria n\u00e3o confirmada. \u00a0 \u201cO porco tornou-se sujo apenas depois de entrar em contato com o homem. Em estado selvagem, \u00e9 um animal muito limpo.\u201d (Pierre Loti) \u00a0 By [&hellip;]","og_url":"https:\/\/radiolifefm.com.br\/noticias\/a-provincia-e-a-turma-da-direita-volver\/","og_site_name":"R\u00e1dio Life FM","article_publisher":"https:\/\/www.facebook.com\/radiolifefm\/","article_published_time":"2024-05-17T11:24:05+00:00","article_modified_time":"2025-10-05T18:25:35+00:00","og_image":[{"width":972,"height":1296,"url":"https:\/\/static.radiolifefm.com.br\/noticias\/wp-content\/uploads\/2022\/04\/WhatsApp-Image-2022-04-10-at-18.43.02.jpeg","type":"image\/jpeg"}],"author":"ritanery","twitter_card":"summary_large_image","twitter_misc":{"Escrito por":"ritanery","Est. tempo de leitura":"3 minutos"},"schema":{"@context":"https:\/\/schema.org","@graph":[{"@type":"Article","@id":"https:\/\/radiolifefm.com.br\/noticias\/a-provincia-e-a-turma-da-direita-volver\/#article","isPartOf":{"@id":"https:\/\/radiolifefm.com.br\/noticias\/a-provincia-e-a-turma-da-direita-volver\/"},"author":{"name":"ritanery","@id":"https:\/\/radiolifefm.com.br\/noticias\/#\/schema\/person\/6339b9fac59d12b071dec680d7375d87"},"headline":"A Prov\u00edncia e a turma da DIREITA VOLVER&#8230;","datePublished":"2024-05-17T11:24:05+00:00","dateModified":"2025-10-05T18:25:35+00:00","mainEntityOfPage":{"@id":"https:\/\/radiolifefm.com.br\/noticias\/a-provincia-e-a-turma-da-direita-volver\/"},"wordCount":500,"publisher":{"@id":"https:\/\/radiolifefm.com.br\/noticias\/#organization"},"image":{"@id":"https:\/\/radiolifefm.com.br\/noticias\/a-provincia-e-a-turma-da-direita-volver\/#primaryimage"},"thumbnailUrl":"https:\/\/radiolifefm.com.br\/noticias\/wp-content\/uploads\/2022\/04\/WhatsApp-Image-2022-04-10-at-18.43.02.jpeg","articleSection":["Opini\u00e3o"],"inLanguage":"pt-BR"},{"@type":"WebPage","@id":"https:\/\/radiolifefm.com.br\/noticias\/a-provincia-e-a-turma-da-direita-volver\/","url":"https:\/\/radiolifefm.com.br\/noticias\/a-provincia-e-a-turma-da-direita-volver\/","name":"A Prov\u00edncia e a turma da DIREITA VOLVER... - R\u00e1dio Life FM","isPartOf":{"@id":"https:\/\/radiolifefm.com.br\/noticias\/#website"},"primaryImageOfPage":{"@id":"https:\/\/radiolifefm.com.br\/noticias\/a-provincia-e-a-turma-da-direita-volver\/#primaryimage"},"image":{"@id":"https:\/\/radiolifefm.com.br\/noticias\/a-provincia-e-a-turma-da-direita-volver\/#primaryimage"},"thumbnailUrl":"https:\/\/radiolifefm.com.br\/noticias\/wp-content\/uploads\/2022\/04\/WhatsApp-Image-2022-04-10-at-18.43.02.jpeg","datePublished":"2024-05-17T11:24:05+00:00","dateModified":"2025-10-05T18:25:35+00:00","breadcrumb":{"@id":"https:\/\/radiolifefm.com.br\/noticias\/a-provincia-e-a-turma-da-direita-volver\/#breadcrumb"},"inLanguage":"pt-BR","potentialAction":[{"@type":"ReadAction","target":["https:\/\/radiolifefm.com.br\/noticias\/a-provincia-e-a-turma-da-direita-volver\/"]}]},{"@type":"ImageObject","inLanguage":"pt-BR","@id":"https:\/\/radiolifefm.com.br\/noticias\/a-provincia-e-a-turma-da-direita-volver\/#primaryimage","url":"https:\/\/radiolifefm.com.br\/noticias\/wp-content\/uploads\/2022\/04\/WhatsApp-Image-2022-04-10-at-18.43.02.jpeg","contentUrl":"https:\/\/radiolifefm.com.br\/noticias\/wp-content\/uploads\/2022\/04\/WhatsApp-Image-2022-04-10-at-18.43.02.jpeg","width":972,"height":1296,"caption":"S\u00e9rgio Barbosa"},{"@type":"BreadcrumbList","@id":"https:\/\/radiolifefm.com.br\/noticias\/a-provincia-e-a-turma-da-direita-volver\/#breadcrumb","itemListElement":[{"@type":"ListItem","position":1,"name":"In\u00edcio","item":"https:\/\/radiolifefm.com.br\/noticias\/"},{"@type":"ListItem","position":2,"name":"A Prov\u00edncia e a turma da DIREITA VOLVER&#8230;"}]},{"@type":"WebSite","@id":"https:\/\/radiolifefm.com.br\/noticias\/#website","url":"https:\/\/radiolifefm.com.br\/noticias\/","name":"R\u00e1dio Life FM","description":"O Portal de Not\u00edcias de Adamantina","publisher":{"@id":"https:\/\/radiolifefm.com.br\/noticias\/#organization"},"alternateName":"Life FM","potentialAction":[{"@type":"SearchAction","target":{"@type":"EntryPoint","urlTemplate":"https:\/\/radiolifefm.com.br\/noticias\/?s={search_term_string}"},"query-input":{"@type":"PropertyValueSpecification","valueRequired":true,"valueName":"search_term_string"}}],"inLanguage":"pt-BR"},{"@type":"Organization","@id":"https:\/\/radiolifefm.com.br\/noticias\/#organization","name":"R\u00e1dio Life FM","alternateName":"Life FM","url":"https:\/\/radiolifefm.com.br\/noticias\/","logo":{"@type":"ImageObject","inLanguage":"pt-BR","@id":"https:\/\/radiolifefm.com.br\/noticias\/#\/schema\/logo\/image\/","url":"https:\/\/static.radiolifefm.com.br\/noticias\/wp-content\/uploads\/2019\/10\/logo-lifefm.png","contentUrl":"https:\/\/static.radiolifefm.com.br\/noticias\/wp-content\/uploads\/2019\/10\/logo-lifefm.png","width":196,"height":47,"caption":"R\u00e1dio Life FM"},"image":{"@id":"https:\/\/radiolifefm.com.br\/noticias\/#\/schema\/logo\/image\/"},"sameAs":["https:\/\/www.facebook.com\/radiolifefm\/","https:\/\/www.instagram.com\/life1079fm\/"]},{"@type":"Person","@id":"https:\/\/radiolifefm.com.br\/noticias\/#\/schema\/person\/6339b9fac59d12b071dec680d7375d87","name":"ritanery","image":{"@type":"ImageObject","inLanguage":"pt-BR","@id":"https:\/\/secure.gravatar.com\/avatar\/0e37bb19071f47c0b8a23f62a903df117c5a0e75f65a0c2901562f97cd41cf86?s=96&d=mm&r=g","url":"https:\/\/secure.gravatar.com\/avatar\/0e37bb19071f47c0b8a23f62a903df117c5a0e75f65a0c2901562f97cd41cf86?s=96&d=mm&r=g","contentUrl":"https:\/\/secure.gravatar.com\/avatar\/0e37bb19071f47c0b8a23f62a903df117c5a0e75f65a0c2901562f97cd41cf86?s=96&d=mm&r=g","caption":"ritanery"}}]}},"amp_enabled":true,"_links":{"self":[{"href":"https:\/\/radiolifefm.com.br\/noticias\/wp-json\/wp\/v2\/posts\/87374","targetHints":{"allow":["GET"]}}],"collection":[{"href":"https:\/\/radiolifefm.com.br\/noticias\/wp-json\/wp\/v2\/posts"}],"about":[{"href":"https:\/\/radiolifefm.com.br\/noticias\/wp-json\/wp\/v2\/types\/post"}],"author":[{"embeddable":true,"href":"https:\/\/radiolifefm.com.br\/noticias\/wp-json\/wp\/v2\/users\/13"}],"replies":[{"embeddable":true,"href":"https:\/\/radiolifefm.com.br\/noticias\/wp-json\/wp\/v2\/comments?post=87374"}],"version-history":[{"count":1,"href":"https:\/\/radiolifefm.com.br\/noticias\/wp-json\/wp\/v2\/posts\/87374\/revisions"}],"predecessor-version":[{"id":87375,"href":"https:\/\/radiolifefm.com.br\/noticias\/wp-json\/wp\/v2\/posts\/87374\/revisions\/87375"}],"wp:featuredmedia":[{"embeddable":true,"href":"https:\/\/radiolifefm.com.br\/noticias\/wp-json\/wp\/v2\/media\/51988"}],"wp:attachment":[{"href":"https:\/\/radiolifefm.com.br\/noticias\/wp-json\/wp\/v2\/media?parent=87374"}],"wp:term":[{"taxonomy":"category","embeddable":true,"href":"https:\/\/radiolifefm.com.br\/noticias\/wp-json\/wp\/v2\/categories?post=87374"},{"taxonomy":"post_tag","embeddable":true,"href":"https:\/\/radiolifefm.com.br\/noticias\/wp-json\/wp\/v2\/tags?post=87374"}],"curies":[{"name":"wp","href":"https:\/\/api.w.org\/{rel}","templated":true}]}}