{"id":86820,"date":"2024-05-08T08:15:06","date_gmt":"2024-05-08T11:15:06","guid":{"rendered":"https:\/\/radiolifefm.com.br\/noticias\/?p=86820"},"modified":"2026-01-29T11:18:29","modified_gmt":"2026-01-29T14:18:29","slug":"no-deserto-uma-paisagem-de-dor-e-distancia-2","status":"publish","type":"post","link":"https:\/\/radiolifefm.com.br\/noticias\/no-deserto-uma-paisagem-de-dor-e-distancia-2\/","title":{"rendered":"NO DESERTO, UMA PAISAGEM DE DOR E DIST\u00c2NCIA&#8230;"},"content":{"rendered":"<div id=\"fb-root\"><\/div>\n<p>&nbsp;<\/p>\n<p><strong><em>\u00a0\u201cAS PORTAS EST\u00c3O ABERTAS&#8230;\u201d (The Doors)<\/em><\/strong><\/p>\n<p><strong><em>\u00a0<\/em><\/strong><\/p>\n<p><strong><em>By seb@r.<\/em><\/strong><\/p>\n<p>&nbsp;<\/p>\n<p>S\u00f3 sei de uma coisa, o cara se mandou em 1971 em meio \u00e0s loucuras de um tempo sem o tempo, assim mesmo, dizem os arautos desta \u00e9poca que a sua despedida foi em grande estilo para os amantes do seu estilo musical&#8230;<\/p>\n<p>Entre o ano do seu nascimento (1943) e o da sua morte, in\u00edcio dos anos 70, numa seq\u00fc\u00eancia de partidas para o outro lado do planeta, quando se foram JIMMY HENDRIX e JANIS JOPLIN, pode-se registrar que o mundo terreno nunca mais foi o mesmo, afinal de contas, dizem os poetas do outro tempo deste tempo, a saber: \u201cos bons morrem cedo\u201d ou ent\u00e3o, \u201cum rei sempre acaba sendo morto pelos seus cortes\u00f5es\u201d&#8230;<\/p>\n<p>Tamb\u00e9m, viveu do seu jeito, sonhou da sua maneira e se transformou no \u201cRei Lagarto\u201d para comer tudo e todos ao mesmo tempo numa indigest\u00e3o ind\u00edgena como um sonho distante, naquele deserto sem fim&#8230;<\/p>\n<p>Uma dose em cima das outras doses de uma ou mais bebidas, tamb\u00e9m, com sabor de peyote para dar um caldo a mais na dosagem de uma busca sem fim pelo universo desencantado dos bons e velhos tempos, os anos 60 e sua rebeldia com causa em n\u00edvel mundial&#8230;<\/p>\n<p>N\u00e3o se pode ficar sentado esperando a morte chegar neste contexto l\u00fadico para os poetas sem sonhos, quem sabe, numa estrada perdida nas montanhas de um pa\u00eds distante para um homem sem mem\u00f3ria&#8230;<\/p>\n<p>O \u201cRei Lagarto\u201d pensa em partir para o outro mundo num desafio pelo lugar na arena dos sonhos alados, quando as imagens ditam as mensagens de uma luz infinita nas areias do pensamento libert\u00e1rio do animal&#8230;<\/p>\n<p>A repress\u00e3o dita as regras de uma liberdade calada pelas m\u00e3os do opressor de sempre, assim, caminha o homem pelas paisagens escuras de uma tela colorida pelo artista sem vontade de lutar pelas amarras do interior de si mesmo&#8230;<\/p>\n<p>As lutas fazem parte da sua vida humana, entretanto, o cen\u00e1rio continua o mesmo de ontem, quando tudo era um detalhe para o jovem sem a juventude, neste caso, a idade se perdeu naquela imagem do deserto&#8230;<\/p>\n<p>Um \u201cxam\u00e3\u201d determina qual o caminho a seguir pelas entranhas de uma selva sem \u00e1rvores, deixando marcas de um andarilho pelas portas da eternidade da sabedoria sem verdade para o sonhador alado&#8230;<\/p>\n<p>Como saber sem procurar pelas mentiras de uma \u00fanica verdade, assim mesmo, o lagarto segue o seu caminho sem volta, afinal de contas, \u00e9 um acerto de contas com a morte da vida animal, tamb\u00e9m, uma troca entre o racional frente ao emocional cultivado pelas vaidades de um olhar distante&#8230;<\/p>\n<p>AVE JIM MORRISON!<\/p>\n<p><strong><em>_____________________________________<\/em><\/strong><\/p>\n<p><strong><em>E-Mail: barbosa.sebar@gmail.com <\/em><\/strong><\/p>\n<p><strong>\u00a0<\/strong><\/p>\n<p><strong>\u00a0<\/strong><\/p>\n","protected":false},"excerpt":{"rendered":"<p>&nbsp; \u00a0\u201cAS PORTAS EST\u00c3O ABERTAS&#8230;\u201d (The Doors) \u00a0 By seb@r. &nbsp; S\u00f3 sei de uma coisa, o cara se mandou em 1971 em meio \u00e0s loucuras de um tempo sem o tempo, assim mesmo, dizem os arautos desta \u00e9poca que a sua despedida foi em grande estilo para os amantes do seu estilo musical&#8230; Entre [&hellip;]<\/p>\n","protected":false},"author":13,"featured_media":51988,"comment_status":"closed","ping_status":"open","sticky":false,"template":"","format":"standard","meta":{"_acf_changed":false,"_exactmetrics_skip_tracking":false,"_exactmetrics_sitenote_active":false,"_exactmetrics_sitenote_note":"","_exactmetrics_sitenote_category":0,"footnotes":""},"categories":[59],"tags":[],"class_list":["post-86820","post","type-post","status-publish","format-standard","has-post-thumbnail","hentry","category-opiniao"],"acf":[],"yoast_head":"<!-- This site is optimized with the Yoast SEO plugin v27.2 - https:\/\/yoast.com\/product\/yoast-seo-wordpress\/ -->\n<title>NO DESERTO, UMA PAISAGEM DE DOR E DIST\u00c2NCIA... - R\u00e1dio Life FM<\/title>\n<meta name=\"robots\" content=\"index, follow, max-snippet:-1, max-image-preview:large, max-video-preview:-1\" \/>\n<link rel=\"canonical\" href=\"https:\/\/radiolifefm.com.br\/noticias\/no-deserto-uma-paisagem-de-dor-e-distancia-2\/\" \/>\n<meta property=\"og:locale\" content=\"pt_BR\" \/>\n<meta property=\"og:type\" content=\"article\" \/>\n<meta property=\"og:title\" content=\"NO DESERTO, UMA PAISAGEM DE DOR E DIST\u00c2NCIA... - R\u00e1dio Life FM\" \/>\n<meta property=\"og:description\" content=\"&nbsp; \u00a0\u201cAS PORTAS EST\u00c3O ABERTAS&#8230;\u201d (The Doors) \u00a0 By seb@r. &nbsp; S\u00f3 sei de uma coisa, o cara se mandou em 1971 em meio \u00e0s loucuras de um tempo sem o tempo, assim mesmo, dizem os arautos desta \u00e9poca que a sua despedida foi em grande estilo para os amantes do seu estilo musical&#8230; Entre [&hellip;]\" \/>\n<meta property=\"og:url\" content=\"https:\/\/radiolifefm.com.br\/noticias\/no-deserto-uma-paisagem-de-dor-e-distancia-2\/\" \/>\n<meta property=\"og:site_name\" content=\"R\u00e1dio Life FM\" \/>\n<meta property=\"article:publisher\" content=\"https:\/\/www.facebook.com\/radiolifefm\/\" \/>\n<meta property=\"article:published_time\" content=\"2024-05-08T11:15:06+00:00\" \/>\n<meta property=\"article:modified_time\" content=\"2026-01-29T14:18:29+00:00\" \/>\n<meta property=\"og:image\" content=\"https:\/\/radiolifefm.com.br\/noticias\/wp-content\/uploads\/2022\/04\/WhatsApp-Image-2022-04-10-at-18.43.02.jpeg\" \/>\n\t<meta property=\"og:image:width\" content=\"972\" \/>\n\t<meta property=\"og:image:height\" content=\"1296\" \/>\n\t<meta property=\"og:image:type\" content=\"image\/jpeg\" \/>\n<meta name=\"author\" content=\"ritanery\" \/>\n<meta name=\"twitter:card\" content=\"summary_large_image\" \/>\n<meta name=\"twitter:label1\" content=\"Escrito por\" \/>\n\t<meta name=\"twitter:data1\" content=\"ritanery\" \/>\n\t<meta name=\"twitter:label2\" content=\"Est. tempo de leitura\" \/>\n\t<meta name=\"twitter:data2\" content=\"3 minutos\" \/>\n<script type=\"application\/ld+json\" class=\"yoast-schema-graph\">{\"@context\":\"https:\/\/schema.org\",\"@graph\":[{\"@type\":\"Article\",\"@id\":\"https:\/\/radiolifefm.com.br\/noticias\/no-deserto-uma-paisagem-de-dor-e-distancia-2\/#article\",\"isPartOf\":{\"@id\":\"https:\/\/radiolifefm.com.br\/noticias\/no-deserto-uma-paisagem-de-dor-e-distancia-2\/\"},\"author\":{\"name\":\"ritanery\",\"@id\":\"https:\/\/radiolifefm.com.br\/noticias\/#\/schema\/person\/6339b9fac59d12b071dec680d7375d87\"},\"headline\":\"NO DESERTO, UMA PAISAGEM DE DOR E DIST\u00c2NCIA&#8230;\",\"datePublished\":\"2024-05-08T11:15:06+00:00\",\"dateModified\":\"2026-01-29T14:18:29+00:00\",\"mainEntityOfPage\":{\"@id\":\"https:\/\/radiolifefm.com.br\/noticias\/no-deserto-uma-paisagem-de-dor-e-distancia-2\/\"},\"wordCount\":468,\"publisher\":{\"@id\":\"https:\/\/radiolifefm.com.br\/noticias\/#organization\"},\"image\":{\"@id\":\"https:\/\/radiolifefm.com.br\/noticias\/no-deserto-uma-paisagem-de-dor-e-distancia-2\/#primaryimage\"},\"thumbnailUrl\":\"https:\/\/radiolifefm.com.br\/noticias\/wp-content\/uploads\/2022\/04\/WhatsApp-Image-2022-04-10-at-18.43.02.jpeg\",\"articleSection\":[\"Opini\u00e3o\"],\"inLanguage\":\"pt-BR\"},{\"@type\":\"WebPage\",\"@id\":\"https:\/\/radiolifefm.com.br\/noticias\/no-deserto-uma-paisagem-de-dor-e-distancia-2\/\",\"url\":\"https:\/\/radiolifefm.com.br\/noticias\/no-deserto-uma-paisagem-de-dor-e-distancia-2\/\",\"name\":\"NO DESERTO, UMA PAISAGEM DE DOR E DIST\u00c2NCIA... - R\u00e1dio Life FM\",\"isPartOf\":{\"@id\":\"https:\/\/radiolifefm.com.br\/noticias\/#website\"},\"primaryImageOfPage\":{\"@id\":\"https:\/\/radiolifefm.com.br\/noticias\/no-deserto-uma-paisagem-de-dor-e-distancia-2\/#primaryimage\"},\"image\":{\"@id\":\"https:\/\/radiolifefm.com.br\/noticias\/no-deserto-uma-paisagem-de-dor-e-distancia-2\/#primaryimage\"},\"thumbnailUrl\":\"https:\/\/radiolifefm.com.br\/noticias\/wp-content\/uploads\/2022\/04\/WhatsApp-Image-2022-04-10-at-18.43.02.jpeg\",\"datePublished\":\"2024-05-08T11:15:06+00:00\",\"dateModified\":\"2026-01-29T14:18:29+00:00\",\"breadcrumb\":{\"@id\":\"https:\/\/radiolifefm.com.br\/noticias\/no-deserto-uma-paisagem-de-dor-e-distancia-2\/#breadcrumb\"},\"inLanguage\":\"pt-BR\",\"potentialAction\":[{\"@type\":\"ReadAction\",\"target\":[\"https:\/\/radiolifefm.com.br\/noticias\/no-deserto-uma-paisagem-de-dor-e-distancia-2\/\"]}]},{\"@type\":\"ImageObject\",\"inLanguage\":\"pt-BR\",\"@id\":\"https:\/\/radiolifefm.com.br\/noticias\/no-deserto-uma-paisagem-de-dor-e-distancia-2\/#primaryimage\",\"url\":\"https:\/\/radiolifefm.com.br\/noticias\/wp-content\/uploads\/2022\/04\/WhatsApp-Image-2022-04-10-at-18.43.02.jpeg\",\"contentUrl\":\"https:\/\/radiolifefm.com.br\/noticias\/wp-content\/uploads\/2022\/04\/WhatsApp-Image-2022-04-10-at-18.43.02.jpeg\",\"width\":972,\"height\":1296,\"caption\":\"S\u00e9rgio Barbosa\"},{\"@type\":\"BreadcrumbList\",\"@id\":\"https:\/\/radiolifefm.com.br\/noticias\/no-deserto-uma-paisagem-de-dor-e-distancia-2\/#breadcrumb\",\"itemListElement\":[{\"@type\":\"ListItem\",\"position\":1,\"name\":\"In\u00edcio\",\"item\":\"https:\/\/radiolifefm.com.br\/noticias\/\"},{\"@type\":\"ListItem\",\"position\":2,\"name\":\"NO DESERTO, UMA PAISAGEM DE DOR E DIST\u00c2NCIA&#8230;\"}]},{\"@type\":\"WebSite\",\"@id\":\"https:\/\/radiolifefm.com.br\/noticias\/#website\",\"url\":\"https:\/\/radiolifefm.com.br\/noticias\/\",\"name\":\"R\u00e1dio Life FM\",\"description\":\"O Portal de Not\u00edcias de Adamantina\",\"publisher\":{\"@id\":\"https:\/\/radiolifefm.com.br\/noticias\/#organization\"},\"alternateName\":\"Life FM\",\"potentialAction\":[{\"@type\":\"SearchAction\",\"target\":{\"@type\":\"EntryPoint\",\"urlTemplate\":\"https:\/\/radiolifefm.com.br\/noticias\/?s={search_term_string}\"},\"query-input\":{\"@type\":\"PropertyValueSpecification\",\"valueRequired\":true,\"valueName\":\"search_term_string\"}}],\"inLanguage\":\"pt-BR\"},{\"@type\":\"Organization\",\"@id\":\"https:\/\/radiolifefm.com.br\/noticias\/#organization\",\"name\":\"R\u00e1dio Life FM\",\"alternateName\":\"Life FM\",\"url\":\"https:\/\/radiolifefm.com.br\/noticias\/\",\"logo\":{\"@type\":\"ImageObject\",\"inLanguage\":\"pt-BR\",\"@id\":\"https:\/\/radiolifefm.com.br\/noticias\/#\/schema\/logo\/image\/\",\"url\":\"https:\/\/static.radiolifefm.com.br\/noticias\/wp-content\/uploads\/2019\/10\/logo-lifefm.png\",\"contentUrl\":\"https:\/\/static.radiolifefm.com.br\/noticias\/wp-content\/uploads\/2019\/10\/logo-lifefm.png\",\"width\":196,\"height\":47,\"caption\":\"R\u00e1dio Life FM\"},\"image\":{\"@id\":\"https:\/\/radiolifefm.com.br\/noticias\/#\/schema\/logo\/image\/\"},\"sameAs\":[\"https:\/\/www.facebook.com\/radiolifefm\/\",\"https:\/\/www.instagram.com\/life1079fm\/\"]},{\"@type\":\"Person\",\"@id\":\"https:\/\/radiolifefm.com.br\/noticias\/#\/schema\/person\/6339b9fac59d12b071dec680d7375d87\",\"name\":\"ritanery\",\"image\":{\"@type\":\"ImageObject\",\"inLanguage\":\"pt-BR\",\"@id\":\"https:\/\/secure.gravatar.com\/avatar\/0e37bb19071f47c0b8a23f62a903df117c5a0e75f65a0c2901562f97cd41cf86?s=96&d=mm&r=g\",\"url\":\"https:\/\/secure.gravatar.com\/avatar\/0e37bb19071f47c0b8a23f62a903df117c5a0e75f65a0c2901562f97cd41cf86?s=96&d=mm&r=g\",\"contentUrl\":\"https:\/\/secure.gravatar.com\/avatar\/0e37bb19071f47c0b8a23f62a903df117c5a0e75f65a0c2901562f97cd41cf86?s=96&d=mm&r=g\",\"caption\":\"ritanery\"}}]}<\/script>\n<!-- \/ Yoast SEO plugin. -->","yoast_head_json":{"title":"NO DESERTO, UMA PAISAGEM DE DOR E DIST\u00c2NCIA... - R\u00e1dio Life FM","robots":{"index":"index","follow":"follow","max-snippet":"max-snippet:-1","max-image-preview":"max-image-preview:large","max-video-preview":"max-video-preview:-1"},"canonical":"https:\/\/radiolifefm.com.br\/noticias\/no-deserto-uma-paisagem-de-dor-e-distancia-2\/","og_locale":"pt_BR","og_type":"article","og_title":"NO DESERTO, UMA PAISAGEM DE DOR E DIST\u00c2NCIA... - R\u00e1dio Life FM","og_description":"&nbsp; \u00a0\u201cAS PORTAS EST\u00c3O ABERTAS&#8230;\u201d (The Doors) \u00a0 By seb@r. &nbsp; S\u00f3 sei de uma coisa, o cara se mandou em 1971 em meio \u00e0s loucuras de um tempo sem o tempo, assim mesmo, dizem os arautos desta \u00e9poca que a sua despedida foi em grande estilo para os amantes do seu estilo musical&#8230; Entre [&hellip;]","og_url":"https:\/\/radiolifefm.com.br\/noticias\/no-deserto-uma-paisagem-de-dor-e-distancia-2\/","og_site_name":"R\u00e1dio Life FM","article_publisher":"https:\/\/www.facebook.com\/radiolifefm\/","article_published_time":"2024-05-08T11:15:06+00:00","article_modified_time":"2026-01-29T14:18:29+00:00","og_image":[{"width":972,"height":1296,"url":"https:\/\/radiolifefm.com.br\/noticias\/wp-content\/uploads\/2022\/04\/WhatsApp-Image-2022-04-10-at-18.43.02.jpeg","type":"image\/jpeg"}],"author":"ritanery","twitter_card":"summary_large_image","twitter_misc":{"Escrito por":"ritanery","Est. tempo de leitura":"3 minutos"},"schema":{"@context":"https:\/\/schema.org","@graph":[{"@type":"Article","@id":"https:\/\/radiolifefm.com.br\/noticias\/no-deserto-uma-paisagem-de-dor-e-distancia-2\/#article","isPartOf":{"@id":"https:\/\/radiolifefm.com.br\/noticias\/no-deserto-uma-paisagem-de-dor-e-distancia-2\/"},"author":{"name":"ritanery","@id":"https:\/\/radiolifefm.com.br\/noticias\/#\/schema\/person\/6339b9fac59d12b071dec680d7375d87"},"headline":"NO DESERTO, UMA PAISAGEM DE DOR E DIST\u00c2NCIA&#8230;","datePublished":"2024-05-08T11:15:06+00:00","dateModified":"2026-01-29T14:18:29+00:00","mainEntityOfPage":{"@id":"https:\/\/radiolifefm.com.br\/noticias\/no-deserto-uma-paisagem-de-dor-e-distancia-2\/"},"wordCount":468,"publisher":{"@id":"https:\/\/radiolifefm.com.br\/noticias\/#organization"},"image":{"@id":"https:\/\/radiolifefm.com.br\/noticias\/no-deserto-uma-paisagem-de-dor-e-distancia-2\/#primaryimage"},"thumbnailUrl":"https:\/\/radiolifefm.com.br\/noticias\/wp-content\/uploads\/2022\/04\/WhatsApp-Image-2022-04-10-at-18.43.02.jpeg","articleSection":["Opini\u00e3o"],"inLanguage":"pt-BR"},{"@type":"WebPage","@id":"https:\/\/radiolifefm.com.br\/noticias\/no-deserto-uma-paisagem-de-dor-e-distancia-2\/","url":"https:\/\/radiolifefm.com.br\/noticias\/no-deserto-uma-paisagem-de-dor-e-distancia-2\/","name":"NO DESERTO, UMA PAISAGEM DE DOR E DIST\u00c2NCIA... - R\u00e1dio Life FM","isPartOf":{"@id":"https:\/\/radiolifefm.com.br\/noticias\/#website"},"primaryImageOfPage":{"@id":"https:\/\/radiolifefm.com.br\/noticias\/no-deserto-uma-paisagem-de-dor-e-distancia-2\/#primaryimage"},"image":{"@id":"https:\/\/radiolifefm.com.br\/noticias\/no-deserto-uma-paisagem-de-dor-e-distancia-2\/#primaryimage"},"thumbnailUrl":"https:\/\/radiolifefm.com.br\/noticias\/wp-content\/uploads\/2022\/04\/WhatsApp-Image-2022-04-10-at-18.43.02.jpeg","datePublished":"2024-05-08T11:15:06+00:00","dateModified":"2026-01-29T14:18:29+00:00","breadcrumb":{"@id":"https:\/\/radiolifefm.com.br\/noticias\/no-deserto-uma-paisagem-de-dor-e-distancia-2\/#breadcrumb"},"inLanguage":"pt-BR","potentialAction":[{"@type":"ReadAction","target":["https:\/\/radiolifefm.com.br\/noticias\/no-deserto-uma-paisagem-de-dor-e-distancia-2\/"]}]},{"@type":"ImageObject","inLanguage":"pt-BR","@id":"https:\/\/radiolifefm.com.br\/noticias\/no-deserto-uma-paisagem-de-dor-e-distancia-2\/#primaryimage","url":"https:\/\/radiolifefm.com.br\/noticias\/wp-content\/uploads\/2022\/04\/WhatsApp-Image-2022-04-10-at-18.43.02.jpeg","contentUrl":"https:\/\/radiolifefm.com.br\/noticias\/wp-content\/uploads\/2022\/04\/WhatsApp-Image-2022-04-10-at-18.43.02.jpeg","width":972,"height":1296,"caption":"S\u00e9rgio Barbosa"},{"@type":"BreadcrumbList","@id":"https:\/\/radiolifefm.com.br\/noticias\/no-deserto-uma-paisagem-de-dor-e-distancia-2\/#breadcrumb","itemListElement":[{"@type":"ListItem","position":1,"name":"In\u00edcio","item":"https:\/\/radiolifefm.com.br\/noticias\/"},{"@type":"ListItem","position":2,"name":"NO DESERTO, UMA PAISAGEM DE DOR E DIST\u00c2NCIA&#8230;"}]},{"@type":"WebSite","@id":"https:\/\/radiolifefm.com.br\/noticias\/#website","url":"https:\/\/radiolifefm.com.br\/noticias\/","name":"R\u00e1dio Life FM","description":"O Portal de Not\u00edcias de Adamantina","publisher":{"@id":"https:\/\/radiolifefm.com.br\/noticias\/#organization"},"alternateName":"Life FM","potentialAction":[{"@type":"SearchAction","target":{"@type":"EntryPoint","urlTemplate":"https:\/\/radiolifefm.com.br\/noticias\/?s={search_term_string}"},"query-input":{"@type":"PropertyValueSpecification","valueRequired":true,"valueName":"search_term_string"}}],"inLanguage":"pt-BR"},{"@type":"Organization","@id":"https:\/\/radiolifefm.com.br\/noticias\/#organization","name":"R\u00e1dio Life FM","alternateName":"Life FM","url":"https:\/\/radiolifefm.com.br\/noticias\/","logo":{"@type":"ImageObject","inLanguage":"pt-BR","@id":"https:\/\/radiolifefm.com.br\/noticias\/#\/schema\/logo\/image\/","url":"https:\/\/static.radiolifefm.com.br\/noticias\/wp-content\/uploads\/2019\/10\/logo-lifefm.png","contentUrl":"https:\/\/static.radiolifefm.com.br\/noticias\/wp-content\/uploads\/2019\/10\/logo-lifefm.png","width":196,"height":47,"caption":"R\u00e1dio Life FM"},"image":{"@id":"https:\/\/radiolifefm.com.br\/noticias\/#\/schema\/logo\/image\/"},"sameAs":["https:\/\/www.facebook.com\/radiolifefm\/","https:\/\/www.instagram.com\/life1079fm\/"]},{"@type":"Person","@id":"https:\/\/radiolifefm.com.br\/noticias\/#\/schema\/person\/6339b9fac59d12b071dec680d7375d87","name":"ritanery","image":{"@type":"ImageObject","inLanguage":"pt-BR","@id":"https:\/\/secure.gravatar.com\/avatar\/0e37bb19071f47c0b8a23f62a903df117c5a0e75f65a0c2901562f97cd41cf86?s=96&d=mm&r=g","url":"https:\/\/secure.gravatar.com\/avatar\/0e37bb19071f47c0b8a23f62a903df117c5a0e75f65a0c2901562f97cd41cf86?s=96&d=mm&r=g","contentUrl":"https:\/\/secure.gravatar.com\/avatar\/0e37bb19071f47c0b8a23f62a903df117c5a0e75f65a0c2901562f97cd41cf86?s=96&d=mm&r=g","caption":"ritanery"}}]}},"amp_enabled":true,"_links":{"self":[{"href":"https:\/\/radiolifefm.com.br\/noticias\/wp-json\/wp\/v2\/posts\/86820","targetHints":{"allow":["GET"]}}],"collection":[{"href":"https:\/\/radiolifefm.com.br\/noticias\/wp-json\/wp\/v2\/posts"}],"about":[{"href":"https:\/\/radiolifefm.com.br\/noticias\/wp-json\/wp\/v2\/types\/post"}],"author":[{"embeddable":true,"href":"https:\/\/radiolifefm.com.br\/noticias\/wp-json\/wp\/v2\/users\/13"}],"replies":[{"embeddable":true,"href":"https:\/\/radiolifefm.com.br\/noticias\/wp-json\/wp\/v2\/comments?post=86820"}],"version-history":[{"count":1,"href":"https:\/\/radiolifefm.com.br\/noticias\/wp-json\/wp\/v2\/posts\/86820\/revisions"}],"predecessor-version":[{"id":86821,"href":"https:\/\/radiolifefm.com.br\/noticias\/wp-json\/wp\/v2\/posts\/86820\/revisions\/86821"}],"wp:featuredmedia":[{"embeddable":true,"href":"https:\/\/radiolifefm.com.br\/noticias\/wp-json\/wp\/v2\/media\/51988"}],"wp:attachment":[{"href":"https:\/\/radiolifefm.com.br\/noticias\/wp-json\/wp\/v2\/media?parent=86820"}],"wp:term":[{"taxonomy":"category","embeddable":true,"href":"https:\/\/radiolifefm.com.br\/noticias\/wp-json\/wp\/v2\/categories?post=86820"},{"taxonomy":"post_tag","embeddable":true,"href":"https:\/\/radiolifefm.com.br\/noticias\/wp-json\/wp\/v2\/tags?post=86820"}],"curies":[{"name":"wp","href":"https:\/\/api.w.org\/{rel}","templated":true}]}}