{"id":86643,"date":"2024-05-06T09:19:09","date_gmt":"2024-05-06T12:19:09","guid":{"rendered":"https:\/\/radiolifefm.com.br\/noticias\/?p=86643"},"modified":"2026-04-23T12:11:01","modified_gmt":"2026-04-23T15:11:01","slug":"ponto-de-convergencia-entre-a-autonomia-e-a-dependencia","status":"publish","type":"post","link":"https:\/\/radiolifefm.com.br\/noticias\/ponto-de-convergencia-entre-a-autonomia-e-a-dependencia\/","title":{"rendered":"Ponto de converg\u00eancia entre a autonomia e a depend\u00eancia"},"content":{"rendered":"<div id=\"fb-root\"><\/div>\n<p>Sabemos desde o in\u00edcio, (a cria\u00e7\u00e3o), para os que creem nas escrituras sagradas, ou (evolucionismo), para os que creem na teoria do ingl\u00eas<em> Charles Robert Darwin (1809-1882<\/em>), que o ser humano se adapta facilmente e \u00e9 moldado pelo meio em que se desenvolve, ou ainda, que participe mesmo ap\u00f3s adulto.<\/p>\n<p>Baseado em minhas pr\u00f3prias experi\u00eancias como mera mortal, que constr\u00f3i uma autocr\u00edtica, como um ser vivente que desfruta da felicidade, que sorri, sofre, busca, anseia e participa deste quadro ou janela viva, desde a metade do s\u00e9culo XX, posso dizer das variabilidades e do aprendizado a partir de um prisma particular.<\/p>\n<p>Ao participarmos de determinados ambientes (quer sejam pol\u00edticos, religiosos ou mesmo, relacionamentos afetivos), somos enredados por pensamentos, atitudes e decis\u00f5es, que, na verdade, n\u00e3o nasceram ou foram elaborados pela nossa pr\u00f3pria raz\u00e3o.<\/p>\n<p>Temos esse exemplo vivo, no quadro social\/pol\u00edtico no Brasil de hoje. Incitados e manipulados por um prot\u00f3tipo mal\u00e9fico, a quem denominam \u201cmito\u201d, pessoas seguem absurdos, questionam a ci\u00eancia, aperfei\u00e7oam preconceitos e disseminam fakes, apoiam toda sorte de injusti\u00e7a, respaldados por um falso senso de superioridade.<\/p>\n<p>N\u00e3o \u00e9 diferente no \u00e2mbito religioso: h\u00e1 um controle emocional, sem nenhum amparo da raz\u00e3o, praticado por l\u00edderes, pessoas altamente preparadas, com uma psicologia did\u00e1tica, que em nome do poder da palavra de Deus, de maneira muito discreta e quase impercept\u00edvel \u00e0queles que a buscam, convencem pessoas a tomarem decis\u00f5es que ir\u00e3o determinar, desde a sua alimenta\u00e7\u00e3o, maneira de vestir e at\u00e9 de viver a sua pr\u00f3pria vida.<\/p>\n<p>O mesmo acontece entre as quatro paredes de um relacionamento afetivo, dito toxico e manipulador, do qual posso falar categoricamente, do que vi e vivi: &#8211; minhas decis\u00f5es, n\u00e3o eram minhas, minhas escolhas foram manipuladas e at\u00e9 meus sentimentos acabam camuflados, por medo, imposi\u00e7\u00e3o ou at\u00e9 mesmo depend\u00eancia, e eu n\u00e3o estou falando de depend\u00eancia econ\u00f4mica e financeira, \u00e9 de algo muito mais grave.<\/p>\n<p>N\u00e3o \u00e9 \u00e0 toa, que o escritor norte-americano Stephen King, que com sua hist\u00f3ria, d\u00e1 origem a uma das maiores narrativas cinematogr\u00e1ficas apresentadas no filme &#8220;Sonho de liberdade&#8221;, desperta a sensibilidade e leva a questionamentos mais profundos, mesmo em leigos da psicologia, como eu, que me atrevo a comentar um trecho que, a meu ver, definitivamente, resume o ponto de converg\u00eancia entre a autonomia que achamos que temos e a depend\u00eancia que acreditamos precisar.<\/p>\n<p>&#8220;<strong>Primeiro voc\u00ea detesta esses muros, depois se acostuma a eles e depois de muito tempo, voc\u00ea precisa deles&#8221;. (narra\u00e7\u00e3o do personagem Red, na voz de Morgan Freeman &#8211; O Sonho de Liberdade<\/strong>).<\/p>\n<p>Esse trecho, defini de maneira brilhante os muros criados para exercer controle de mente e cora\u00e7\u00e3o e acabamos convencidos que precisamos deles.<\/p>\n<p>Nas tr\u00eas situa\u00e7\u00f5es acima citadas, h\u00e1 poder de manipula\u00e7\u00e3o, dom\u00ednio da mente, que costumamos chamar de lavagem cerebral.<\/p>\n<p>Na verdade, quando nos deixamos capturar por uma dessas tarrafas, tendemos a resistir nos primeiros momentos, por\u00e9m com a tenacidade e resili\u00eancia do manipulador, acabamos cedendo gradativamente e nos acostumamos com a opress\u00e3o e aceita\u00e7\u00e3o de ideias \u00e0s quais somos induzidos e, somos levados de rold\u00e3o, sem for\u00e7as para repelir e finalmente, nos sentimos seguros numa malha de dom\u00ednio e comando.<\/p>\n<p>A pseudo sensa\u00e7\u00e3o de seguran\u00e7a, nos mant\u00e9m num contexto, sem questionamentos, e muitas vezes, acreditando que n\u00e3o h\u00e1 como sobreviver fora desses limites e regras, onde somos arrebanhados e mantidos por falsas promessas, falso senso de valoriza\u00e7\u00e3o e constante submiss\u00e3o.<\/p>\n<p>No meu caso, alguns fatores externos, contribu\u00edram para minha liberta\u00e7\u00e3o, n\u00e3o da f\u00e9, mas dos que se utilizam dela, para conduzir vidas de acordo com seus objetivos; n\u00e3o de relacionamento ou amor, mas daqueles que dizem amar, mas n\u00e3o peritem que o objeto (essa \u00e9 a vis\u00e3o) do seu amor, exer\u00e7a seu livre arb\u00edtrio!<\/p>\n<p>Posso assegurar: H\u00e1 vida fora dos muros. O Tempo passa voando e, portanto, n\u00e3o permita que ningu\u00e9m roube seus sonhos e sua liberdade. Deus nos fez livres, n\u00e3o nos deixemos escravizar!<\/p>\n<p>Solange Lisboa<\/p>\n<p>@sollisboapoeta<\/p>\n<p>solangeserrao3@gmail.com<\/p>\n<p>&nbsp;<\/p>\n","protected":false},"excerpt":{"rendered":"<p>Sabemos desde o in\u00edcio, (a cria\u00e7\u00e3o), para os que creem nas escrituras sagradas, ou (evolucionismo), para os que creem na teoria do ingl\u00eas Charles Robert Darwin (1809-1882), que o ser humano se adapta facilmente e \u00e9 moldado pelo meio em que se desenvolve, ou ainda, que participe mesmo ap\u00f3s adulto. Baseado em minhas pr\u00f3prias experi\u00eancias [&hellip;]<\/p>\n","protected":false},"author":13,"featured_media":86644,"comment_status":"closed","ping_status":"open","sticky":false,"template":"","format":"standard","meta":{"_acf_changed":false,"_exactmetrics_skip_tracking":false,"_exactmetrics_sitenote_active":false,"_exactmetrics_sitenote_note":"","_exactmetrics_sitenote_category":0,"footnotes":""},"categories":[59],"tags":[],"class_list":["post-86643","post","type-post","status-publish","format-standard","has-post-thumbnail","hentry","category-opiniao"],"acf":[],"yoast_head":"<!-- This site is optimized with the Yoast SEO plugin v27.2 - https:\/\/yoast.com\/product\/yoast-seo-wordpress\/ -->\n<title>Ponto de converg\u00eancia entre a autonomia e a depend\u00eancia - R\u00e1dio Life FM<\/title>\n<meta name=\"robots\" content=\"index, follow, max-snippet:-1, max-image-preview:large, max-video-preview:-1\" \/>\n<link rel=\"canonical\" href=\"https:\/\/radiolifefm.com.br\/noticias\/ponto-de-convergencia-entre-a-autonomia-e-a-dependencia\/\" \/>\n<meta property=\"og:locale\" content=\"pt_BR\" \/>\n<meta property=\"og:type\" content=\"article\" \/>\n<meta property=\"og:title\" content=\"Ponto de converg\u00eancia entre a autonomia e a depend\u00eancia - R\u00e1dio Life FM\" \/>\n<meta property=\"og:description\" content=\"Sabemos desde o in\u00edcio, (a cria\u00e7\u00e3o), para os que creem nas escrituras sagradas, ou (evolucionismo), para os que creem na teoria do ingl\u00eas Charles Robert Darwin (1809-1882), que o ser humano se adapta facilmente e \u00e9 moldado pelo meio em que se desenvolve, ou ainda, que participe mesmo ap\u00f3s adulto. Baseado em minhas pr\u00f3prias experi\u00eancias [&hellip;]\" \/>\n<meta property=\"og:url\" content=\"https:\/\/radiolifefm.com.br\/noticias\/ponto-de-convergencia-entre-a-autonomia-e-a-dependencia\/\" \/>\n<meta property=\"og:site_name\" content=\"R\u00e1dio Life FM\" \/>\n<meta property=\"article:publisher\" content=\"https:\/\/www.facebook.com\/radiolifefm\/\" \/>\n<meta property=\"article:published_time\" content=\"2024-05-06T12:19:09+00:00\" \/>\n<meta property=\"article:modified_time\" content=\"2026-04-23T15:11:01+00:00\" \/>\n<meta property=\"og:image\" content=\"https:\/\/radiolifefm.com.br\/noticias\/wp-content\/uploads\/2024\/05\/WhatsApp-Image-2024-05-05-at-20.10.24.jpeg\" \/>\n\t<meta property=\"og:image:width\" content=\"1199\" \/>\n\t<meta property=\"og:image:height\" content=\"1599\" \/>\n\t<meta property=\"og:image:type\" content=\"image\/jpeg\" \/>\n<meta name=\"author\" content=\"ritanery\" \/>\n<meta name=\"twitter:card\" content=\"summary_large_image\" \/>\n<meta name=\"twitter:label1\" content=\"Escrito por\" \/>\n\t<meta name=\"twitter:data1\" content=\"ritanery\" \/>\n\t<meta name=\"twitter:label2\" content=\"Est. tempo de leitura\" \/>\n\t<meta name=\"twitter:data2\" content=\"4 minutos\" \/>\n<script type=\"application\/ld+json\" class=\"yoast-schema-graph\">{\"@context\":\"https:\/\/schema.org\",\"@graph\":[{\"@type\":\"Article\",\"@id\":\"https:\/\/radiolifefm.com.br\/noticias\/ponto-de-convergencia-entre-a-autonomia-e-a-dependencia\/#article\",\"isPartOf\":{\"@id\":\"https:\/\/radiolifefm.com.br\/noticias\/ponto-de-convergencia-entre-a-autonomia-e-a-dependencia\/\"},\"author\":{\"name\":\"ritanery\",\"@id\":\"https:\/\/radiolifefm.com.br\/noticias\/#\/schema\/person\/6339b9fac59d12b071dec680d7375d87\"},\"headline\":\"Ponto de converg\u00eancia entre a autonomia e a depend\u00eancia\",\"datePublished\":\"2024-05-06T12:19:09+00:00\",\"dateModified\":\"2026-04-23T15:11:01+00:00\",\"mainEntityOfPage\":{\"@id\":\"https:\/\/radiolifefm.com.br\/noticias\/ponto-de-convergencia-entre-a-autonomia-e-a-dependencia\/\"},\"wordCount\":726,\"publisher\":{\"@id\":\"https:\/\/radiolifefm.com.br\/noticias\/#organization\"},\"image\":{\"@id\":\"https:\/\/radiolifefm.com.br\/noticias\/ponto-de-convergencia-entre-a-autonomia-e-a-dependencia\/#primaryimage\"},\"thumbnailUrl\":\"https:\/\/radiolifefm.com.br\/noticias\/wp-content\/uploads\/2024\/05\/WhatsApp-Image-2024-05-05-at-20.10.24.jpeg\",\"articleSection\":[\"Opini\u00e3o\"],\"inLanguage\":\"pt-BR\"},{\"@type\":\"WebPage\",\"@id\":\"https:\/\/radiolifefm.com.br\/noticias\/ponto-de-convergencia-entre-a-autonomia-e-a-dependencia\/\",\"url\":\"https:\/\/radiolifefm.com.br\/noticias\/ponto-de-convergencia-entre-a-autonomia-e-a-dependencia\/\",\"name\":\"Ponto de converg\u00eancia entre a autonomia e a depend\u00eancia - R\u00e1dio Life FM\",\"isPartOf\":{\"@id\":\"https:\/\/radiolifefm.com.br\/noticias\/#website\"},\"primaryImageOfPage\":{\"@id\":\"https:\/\/radiolifefm.com.br\/noticias\/ponto-de-convergencia-entre-a-autonomia-e-a-dependencia\/#primaryimage\"},\"image\":{\"@id\":\"https:\/\/radiolifefm.com.br\/noticias\/ponto-de-convergencia-entre-a-autonomia-e-a-dependencia\/#primaryimage\"},\"thumbnailUrl\":\"https:\/\/radiolifefm.com.br\/noticias\/wp-content\/uploads\/2024\/05\/WhatsApp-Image-2024-05-05-at-20.10.24.jpeg\",\"datePublished\":\"2024-05-06T12:19:09+00:00\",\"dateModified\":\"2026-04-23T15:11:01+00:00\",\"breadcrumb\":{\"@id\":\"https:\/\/radiolifefm.com.br\/noticias\/ponto-de-convergencia-entre-a-autonomia-e-a-dependencia\/#breadcrumb\"},\"inLanguage\":\"pt-BR\",\"potentialAction\":[{\"@type\":\"ReadAction\",\"target\":[\"https:\/\/radiolifefm.com.br\/noticias\/ponto-de-convergencia-entre-a-autonomia-e-a-dependencia\/\"]}]},{\"@type\":\"ImageObject\",\"inLanguage\":\"pt-BR\",\"@id\":\"https:\/\/radiolifefm.com.br\/noticias\/ponto-de-convergencia-entre-a-autonomia-e-a-dependencia\/#primaryimage\",\"url\":\"https:\/\/radiolifefm.com.br\/noticias\/wp-content\/uploads\/2024\/05\/WhatsApp-Image-2024-05-05-at-20.10.24.jpeg\",\"contentUrl\":\"https:\/\/radiolifefm.com.br\/noticias\/wp-content\/uploads\/2024\/05\/WhatsApp-Image-2024-05-05-at-20.10.24.jpeg\",\"width\":1199,\"height\":1599},{\"@type\":\"BreadcrumbList\",\"@id\":\"https:\/\/radiolifefm.com.br\/noticias\/ponto-de-convergencia-entre-a-autonomia-e-a-dependencia\/#breadcrumb\",\"itemListElement\":[{\"@type\":\"ListItem\",\"position\":1,\"name\":\"In\u00edcio\",\"item\":\"https:\/\/radiolifefm.com.br\/noticias\/\"},{\"@type\":\"ListItem\",\"position\":2,\"name\":\"Ponto de converg\u00eancia entre a autonomia e a depend\u00eancia\"}]},{\"@type\":\"WebSite\",\"@id\":\"https:\/\/radiolifefm.com.br\/noticias\/#website\",\"url\":\"https:\/\/radiolifefm.com.br\/noticias\/\",\"name\":\"R\u00e1dio Life FM\",\"description\":\"O Portal de Not\u00edcias de Adamantina\",\"publisher\":{\"@id\":\"https:\/\/radiolifefm.com.br\/noticias\/#organization\"},\"alternateName\":\"Life FM\",\"potentialAction\":[{\"@type\":\"SearchAction\",\"target\":{\"@type\":\"EntryPoint\",\"urlTemplate\":\"https:\/\/radiolifefm.com.br\/noticias\/?s={search_term_string}\"},\"query-input\":{\"@type\":\"PropertyValueSpecification\",\"valueRequired\":true,\"valueName\":\"search_term_string\"}}],\"inLanguage\":\"pt-BR\"},{\"@type\":\"Organization\",\"@id\":\"https:\/\/radiolifefm.com.br\/noticias\/#organization\",\"name\":\"R\u00e1dio Life FM\",\"alternateName\":\"Life FM\",\"url\":\"https:\/\/radiolifefm.com.br\/noticias\/\",\"logo\":{\"@type\":\"ImageObject\",\"inLanguage\":\"pt-BR\",\"@id\":\"https:\/\/radiolifefm.com.br\/noticias\/#\/schema\/logo\/image\/\",\"url\":\"https:\/\/static.radiolifefm.com.br\/noticias\/wp-content\/uploads\/2019\/10\/logo-lifefm.png\",\"contentUrl\":\"https:\/\/static.radiolifefm.com.br\/noticias\/wp-content\/uploads\/2019\/10\/logo-lifefm.png\",\"width\":196,\"height\":47,\"caption\":\"R\u00e1dio Life FM\"},\"image\":{\"@id\":\"https:\/\/radiolifefm.com.br\/noticias\/#\/schema\/logo\/image\/\"},\"sameAs\":[\"https:\/\/www.facebook.com\/radiolifefm\/\",\"https:\/\/www.instagram.com\/life1079fm\/\"]},{\"@type\":\"Person\",\"@id\":\"https:\/\/radiolifefm.com.br\/noticias\/#\/schema\/person\/6339b9fac59d12b071dec680d7375d87\",\"name\":\"ritanery\",\"image\":{\"@type\":\"ImageObject\",\"inLanguage\":\"pt-BR\",\"@id\":\"https:\/\/secure.gravatar.com\/avatar\/0e37bb19071f47c0b8a23f62a903df117c5a0e75f65a0c2901562f97cd41cf86?s=96&d=mm&r=g\",\"url\":\"https:\/\/secure.gravatar.com\/avatar\/0e37bb19071f47c0b8a23f62a903df117c5a0e75f65a0c2901562f97cd41cf86?s=96&d=mm&r=g\",\"contentUrl\":\"https:\/\/secure.gravatar.com\/avatar\/0e37bb19071f47c0b8a23f62a903df117c5a0e75f65a0c2901562f97cd41cf86?s=96&d=mm&r=g\",\"caption\":\"ritanery\"}}]}<\/script>\n<!-- \/ Yoast SEO plugin. -->","yoast_head_json":{"title":"Ponto de converg\u00eancia entre a autonomia e a depend\u00eancia - R\u00e1dio Life FM","robots":{"index":"index","follow":"follow","max-snippet":"max-snippet:-1","max-image-preview":"max-image-preview:large","max-video-preview":"max-video-preview:-1"},"canonical":"https:\/\/radiolifefm.com.br\/noticias\/ponto-de-convergencia-entre-a-autonomia-e-a-dependencia\/","og_locale":"pt_BR","og_type":"article","og_title":"Ponto de converg\u00eancia entre a autonomia e a depend\u00eancia - R\u00e1dio Life FM","og_description":"Sabemos desde o in\u00edcio, (a cria\u00e7\u00e3o), para os que creem nas escrituras sagradas, ou (evolucionismo), para os que creem na teoria do ingl\u00eas Charles Robert Darwin (1809-1882), que o ser humano se adapta facilmente e \u00e9 moldado pelo meio em que se desenvolve, ou ainda, que participe mesmo ap\u00f3s adulto. Baseado em minhas pr\u00f3prias experi\u00eancias [&hellip;]","og_url":"https:\/\/radiolifefm.com.br\/noticias\/ponto-de-convergencia-entre-a-autonomia-e-a-dependencia\/","og_site_name":"R\u00e1dio Life FM","article_publisher":"https:\/\/www.facebook.com\/radiolifefm\/","article_published_time":"2024-05-06T12:19:09+00:00","article_modified_time":"2026-04-23T15:11:01+00:00","og_image":[{"width":1199,"height":1599,"url":"https:\/\/radiolifefm.com.br\/noticias\/wp-content\/uploads\/2024\/05\/WhatsApp-Image-2024-05-05-at-20.10.24.jpeg","type":"image\/jpeg"}],"author":"ritanery","twitter_card":"summary_large_image","twitter_misc":{"Escrito por":"ritanery","Est. tempo de leitura":"4 minutos"},"schema":{"@context":"https:\/\/schema.org","@graph":[{"@type":"Article","@id":"https:\/\/radiolifefm.com.br\/noticias\/ponto-de-convergencia-entre-a-autonomia-e-a-dependencia\/#article","isPartOf":{"@id":"https:\/\/radiolifefm.com.br\/noticias\/ponto-de-convergencia-entre-a-autonomia-e-a-dependencia\/"},"author":{"name":"ritanery","@id":"https:\/\/radiolifefm.com.br\/noticias\/#\/schema\/person\/6339b9fac59d12b071dec680d7375d87"},"headline":"Ponto de converg\u00eancia entre a autonomia e a depend\u00eancia","datePublished":"2024-05-06T12:19:09+00:00","dateModified":"2026-04-23T15:11:01+00:00","mainEntityOfPage":{"@id":"https:\/\/radiolifefm.com.br\/noticias\/ponto-de-convergencia-entre-a-autonomia-e-a-dependencia\/"},"wordCount":726,"publisher":{"@id":"https:\/\/radiolifefm.com.br\/noticias\/#organization"},"image":{"@id":"https:\/\/radiolifefm.com.br\/noticias\/ponto-de-convergencia-entre-a-autonomia-e-a-dependencia\/#primaryimage"},"thumbnailUrl":"https:\/\/radiolifefm.com.br\/noticias\/wp-content\/uploads\/2024\/05\/WhatsApp-Image-2024-05-05-at-20.10.24.jpeg","articleSection":["Opini\u00e3o"],"inLanguage":"pt-BR"},{"@type":"WebPage","@id":"https:\/\/radiolifefm.com.br\/noticias\/ponto-de-convergencia-entre-a-autonomia-e-a-dependencia\/","url":"https:\/\/radiolifefm.com.br\/noticias\/ponto-de-convergencia-entre-a-autonomia-e-a-dependencia\/","name":"Ponto de converg\u00eancia entre a autonomia e a depend\u00eancia - R\u00e1dio Life FM","isPartOf":{"@id":"https:\/\/radiolifefm.com.br\/noticias\/#website"},"primaryImageOfPage":{"@id":"https:\/\/radiolifefm.com.br\/noticias\/ponto-de-convergencia-entre-a-autonomia-e-a-dependencia\/#primaryimage"},"image":{"@id":"https:\/\/radiolifefm.com.br\/noticias\/ponto-de-convergencia-entre-a-autonomia-e-a-dependencia\/#primaryimage"},"thumbnailUrl":"https:\/\/radiolifefm.com.br\/noticias\/wp-content\/uploads\/2024\/05\/WhatsApp-Image-2024-05-05-at-20.10.24.jpeg","datePublished":"2024-05-06T12:19:09+00:00","dateModified":"2026-04-23T15:11:01+00:00","breadcrumb":{"@id":"https:\/\/radiolifefm.com.br\/noticias\/ponto-de-convergencia-entre-a-autonomia-e-a-dependencia\/#breadcrumb"},"inLanguage":"pt-BR","potentialAction":[{"@type":"ReadAction","target":["https:\/\/radiolifefm.com.br\/noticias\/ponto-de-convergencia-entre-a-autonomia-e-a-dependencia\/"]}]},{"@type":"ImageObject","inLanguage":"pt-BR","@id":"https:\/\/radiolifefm.com.br\/noticias\/ponto-de-convergencia-entre-a-autonomia-e-a-dependencia\/#primaryimage","url":"https:\/\/radiolifefm.com.br\/noticias\/wp-content\/uploads\/2024\/05\/WhatsApp-Image-2024-05-05-at-20.10.24.jpeg","contentUrl":"https:\/\/radiolifefm.com.br\/noticias\/wp-content\/uploads\/2024\/05\/WhatsApp-Image-2024-05-05-at-20.10.24.jpeg","width":1199,"height":1599},{"@type":"BreadcrumbList","@id":"https:\/\/radiolifefm.com.br\/noticias\/ponto-de-convergencia-entre-a-autonomia-e-a-dependencia\/#breadcrumb","itemListElement":[{"@type":"ListItem","position":1,"name":"In\u00edcio","item":"https:\/\/radiolifefm.com.br\/noticias\/"},{"@type":"ListItem","position":2,"name":"Ponto de converg\u00eancia entre a autonomia e a depend\u00eancia"}]},{"@type":"WebSite","@id":"https:\/\/radiolifefm.com.br\/noticias\/#website","url":"https:\/\/radiolifefm.com.br\/noticias\/","name":"R\u00e1dio Life FM","description":"O Portal de Not\u00edcias de Adamantina","publisher":{"@id":"https:\/\/radiolifefm.com.br\/noticias\/#organization"},"alternateName":"Life FM","potentialAction":[{"@type":"SearchAction","target":{"@type":"EntryPoint","urlTemplate":"https:\/\/radiolifefm.com.br\/noticias\/?s={search_term_string}"},"query-input":{"@type":"PropertyValueSpecification","valueRequired":true,"valueName":"search_term_string"}}],"inLanguage":"pt-BR"},{"@type":"Organization","@id":"https:\/\/radiolifefm.com.br\/noticias\/#organization","name":"R\u00e1dio Life FM","alternateName":"Life FM","url":"https:\/\/radiolifefm.com.br\/noticias\/","logo":{"@type":"ImageObject","inLanguage":"pt-BR","@id":"https:\/\/radiolifefm.com.br\/noticias\/#\/schema\/logo\/image\/","url":"https:\/\/static.radiolifefm.com.br\/noticias\/wp-content\/uploads\/2019\/10\/logo-lifefm.png","contentUrl":"https:\/\/static.radiolifefm.com.br\/noticias\/wp-content\/uploads\/2019\/10\/logo-lifefm.png","width":196,"height":47,"caption":"R\u00e1dio Life FM"},"image":{"@id":"https:\/\/radiolifefm.com.br\/noticias\/#\/schema\/logo\/image\/"},"sameAs":["https:\/\/www.facebook.com\/radiolifefm\/","https:\/\/www.instagram.com\/life1079fm\/"]},{"@type":"Person","@id":"https:\/\/radiolifefm.com.br\/noticias\/#\/schema\/person\/6339b9fac59d12b071dec680d7375d87","name":"ritanery","image":{"@type":"ImageObject","inLanguage":"pt-BR","@id":"https:\/\/secure.gravatar.com\/avatar\/0e37bb19071f47c0b8a23f62a903df117c5a0e75f65a0c2901562f97cd41cf86?s=96&d=mm&r=g","url":"https:\/\/secure.gravatar.com\/avatar\/0e37bb19071f47c0b8a23f62a903df117c5a0e75f65a0c2901562f97cd41cf86?s=96&d=mm&r=g","contentUrl":"https:\/\/secure.gravatar.com\/avatar\/0e37bb19071f47c0b8a23f62a903df117c5a0e75f65a0c2901562f97cd41cf86?s=96&d=mm&r=g","caption":"ritanery"}}]}},"amp_enabled":true,"_links":{"self":[{"href":"https:\/\/radiolifefm.com.br\/noticias\/wp-json\/wp\/v2\/posts\/86643","targetHints":{"allow":["GET"]}}],"collection":[{"href":"https:\/\/radiolifefm.com.br\/noticias\/wp-json\/wp\/v2\/posts"}],"about":[{"href":"https:\/\/radiolifefm.com.br\/noticias\/wp-json\/wp\/v2\/types\/post"}],"author":[{"embeddable":true,"href":"https:\/\/radiolifefm.com.br\/noticias\/wp-json\/wp\/v2\/users\/13"}],"replies":[{"embeddable":true,"href":"https:\/\/radiolifefm.com.br\/noticias\/wp-json\/wp\/v2\/comments?post=86643"}],"version-history":[{"count":1,"href":"https:\/\/radiolifefm.com.br\/noticias\/wp-json\/wp\/v2\/posts\/86643\/revisions"}],"predecessor-version":[{"id":86645,"href":"https:\/\/radiolifefm.com.br\/noticias\/wp-json\/wp\/v2\/posts\/86643\/revisions\/86645"}],"wp:featuredmedia":[{"embeddable":true,"href":"https:\/\/radiolifefm.com.br\/noticias\/wp-json\/wp\/v2\/media\/86644"}],"wp:attachment":[{"href":"https:\/\/radiolifefm.com.br\/noticias\/wp-json\/wp\/v2\/media?parent=86643"}],"wp:term":[{"taxonomy":"category","embeddable":true,"href":"https:\/\/radiolifefm.com.br\/noticias\/wp-json\/wp\/v2\/categories?post=86643"},{"taxonomy":"post_tag","embeddable":true,"href":"https:\/\/radiolifefm.com.br\/noticias\/wp-json\/wp\/v2\/tags?post=86643"}],"curies":[{"name":"wp","href":"https:\/\/api.w.org\/{rel}","templated":true}]}}