{"id":86516,"date":"2024-05-03T08:00:38","date_gmt":"2024-05-03T11:00:38","guid":{"rendered":"https:\/\/radiolifefm.com.br\/noticias\/?p=86516"},"modified":"2026-04-02T23:39:23","modified_gmt":"2026-04-03T02:39:23","slug":"provincia-politica-mercado-e-cenario-0rganizacional","status":"publish","type":"post","link":"https:\/\/radiolifefm.com.br\/noticias\/provincia-politica-mercado-e-cenario-0rganizacional\/","title":{"rendered":"PROV\u00cdNCIA, POL\u00cdTICA, MERCADO E CEN\u00c1RIO 0RGANIZACIONAL&#8230;"},"content":{"rendered":"<div id=\"fb-root\"><\/div>\n<p><em>&#8220;No inferno os lugares mais quentes s\u00e3o reservados \u00e0queles que escolheram a neutralidade em tempo de crise.&#8221; (Dante Alighieri)<\/em><\/p>\n<p><strong><em>By seb@r.<\/em><\/strong><\/p>\n<p>Nestas \u00faltimas semanas, a M\u00cdDIA PROVINCIANA tem se preocupado em ENTERVISTAREM os tais PR\u00c9-CANDITADOS ao cargo de EXECUTOR MUNICIPAL, ou seja, desta PROV\u00cdNCIA DO FAZ DE CONTA&#8230;<\/p>\n<p>Desta forma, pode-se afirmar que o cen\u00e1rio \u00e9 mais do que complicado neste novo tempo novo para o contexto provinciano em todas as \u00e1reas, considerando a import\u00e2ncia do com\u00e9rcio para o desenvolvimento e ponto quase final&#8230;<\/p>\n<p>Ainda, pelo jeito, o poder p\u00fablico continua com as mesmas estrat\u00e9gias viciadas de sempre, ou seja, com uma Equipe de amadores tentando conduzir sob a batuta do PR\u00c9 executor, isto e mais aquilo, por\u00e9m, sem mais, todavia, com muitos menos&#8230;<\/p>\n<p>A comunidade provinciana n\u00e3o pode ficar em compasso de espera pra ver o que pode ocorrer daqui pra frente, caso contr\u00e1rio tudo pode ficar pra tr\u00e1s em meio aos desencontros dos outros interesses patrocinados pelos mesmos de sempre deste ou do outro lado de um mesmo lado&#8230;<\/p>\n<p>Al\u00e9m do mais ou de menos, talvez, de menos, as coisas andam devagar e quase parando nos lados das PAREDES ALVAS, ainda, as proje\u00e7\u00f5es s\u00e3o as piores poss\u00edveis nestes pr\u00f3ximos anos de tempos bicudos na \u00e1rea do ensino superior e ponto quase final&#8230;<\/p>\n<p>Portanto, torna-se necess\u00e1rio que as organiza\u00e7\u00f5es que desenvolvem atividades em todas as \u00e1reas do mercado, ou seja, produ\u00e7\u00e3o disto ou daquilo, bem como, na presta\u00e7\u00e3o de servi\u00e7os em tempo de p\u00f3s-globaliza\u00e7\u00e3o organizacional&#8230;<\/p>\n<p>N\u00e3o se pode esquecer que existem diversas possibilidades de apoio em todas as \u00e1reas do mercado por meio das propostas patrocinadas pela &#8220;Gest\u00e3o&#8221; afins aos objetivos desta ou daquela Organiza\u00e7\u00e3o&#8230;<\/p>\n<p>Tamb\u00e9m, buscar o apoio das a\u00e7\u00f5es mercadol\u00f3gicas por meio da aplica\u00e7\u00e3o da &#8220;Pesquisa de Mercado&#8221; para a escolha do local e implanta\u00e7\u00e3o do Projeto, tamb\u00e9m, quais as possibilidades de expans\u00e3o da Organiza\u00e7\u00e3o&#8230;<\/p>\n<p>Assim, espera-se que os\/as empres\u00e1rios\/as provincianos\/as possam buscar tais possibilidades visando a retomada do que se perdeu ou ficou para tr\u00e1s neste \u00faltimos 10 anos, tamb\u00e9m, pelos DESENCONTROS MEDIADOS pela PANDEMIA, caso contr\u00e1rio, outras empresas deste ou daquele segmento, podem seguir pelo mesmo caminho daquelas que se perderam ou fecharam as portas por causa disto ou daquilo&#8230;<\/p>\n<p>Ainda, o Legislativo provinciano deve ficar atento ao mercado organizacional para seguir a proposta de sempre, ou seja, &#8220;melhor prevenir do que remediar&#8221;, se poss\u00edvel buscando novas alternativas por meio dos contatos deste ou do outro lado visando estar em conex\u00e3o com as NOVAS EXIG\u00caNCIAS do MERCADO em tempo de p\u00f3s-globaliza\u00e7\u00e3o ORGANIZACIONAL&#8230;<\/p>\n<p>Neste contexto plural para o cen\u00e1rio regiocal, ou seja, &#8220;do regional para o local&#8221;, &#8220;todo cuidado \u00e9 pouco&#8221;, por isso e mais aquilo, torna-se mais do que necess\u00e1rio utilizar a denominada &#8220;t\u00e1tica de guerrilha&#8221;, a saber, &#8220;a melhor defesa \u00e9 sempre o ataque&#8221; e vamos que vamos neste tempo novo tempo para a Prov\u00edncia em meio aos OCASOS DE UM TALVEZ com os PR\u00c9-CANDIDATOS ao EXECUTIVO MUNICIPAL&#8230;<\/p>\n<p>QUEM SOBREVIVER VAI SABER&#8230;<\/p>\n<p>Pra n\u00e3o esquecerem, a saber: PERDERAM MAN\u00c9S!<\/p>\n<p>&nbsp;<\/p>\n<p><strong>e-mail: <\/strong><a href=\"mailto:barbosa.sebar@gmail.com\"><strong>barbosa.sebar@gmail.com<\/strong><\/a><\/p>\n<p><em>\u00a0<\/em><\/p>\n","protected":false},"excerpt":{"rendered":"<p>&#8220;No inferno os lugares mais quentes s\u00e3o reservados \u00e0queles que escolheram a neutralidade em tempo de crise.&#8221; (Dante Alighieri) By seb@r. Nestas \u00faltimas semanas, a M\u00cdDIA PROVINCIANA tem se preocupado em ENTERVISTAREM os tais PR\u00c9-CANDITADOS ao cargo de EXECUTOR MUNICIPAL, ou seja, desta PROV\u00cdNCIA DO FAZ DE CONTA&#8230; Desta forma, pode-se afirmar que o cen\u00e1rio [&hellip;]<\/p>\n","protected":false},"author":13,"featured_media":51988,"comment_status":"closed","ping_status":"open","sticky":false,"template":"","format":"standard","meta":{"_acf_changed":false,"_exactmetrics_skip_tracking":false,"_exactmetrics_sitenote_active":false,"_exactmetrics_sitenote_note":"","_exactmetrics_sitenote_category":0,"footnotes":""},"categories":[59],"tags":[],"class_list":["post-86516","post","type-post","status-publish","format-standard","has-post-thumbnail","hentry","category-opiniao"],"acf":[],"yoast_head":"<!-- This site is optimized with the Yoast SEO plugin v27.2 - https:\/\/yoast.com\/product\/yoast-seo-wordpress\/ -->\n<title>PROV\u00cdNCIA, POL\u00cdTICA, MERCADO E CEN\u00c1RIO 0RGANIZACIONAL... - R\u00e1dio Life FM<\/title>\n<meta name=\"robots\" content=\"index, follow, max-snippet:-1, max-image-preview:large, max-video-preview:-1\" \/>\n<link rel=\"canonical\" href=\"https:\/\/radiolifefm.com.br\/noticias\/provincia-politica-mercado-e-cenario-0rganizacional\/\" \/>\n<meta property=\"og:locale\" content=\"pt_BR\" \/>\n<meta property=\"og:type\" content=\"article\" \/>\n<meta property=\"og:title\" content=\"PROV\u00cdNCIA, POL\u00cdTICA, MERCADO E CEN\u00c1RIO 0RGANIZACIONAL... - R\u00e1dio Life FM\" \/>\n<meta property=\"og:description\" content=\"&#8220;No inferno os lugares mais quentes s\u00e3o reservados \u00e0queles que escolheram a neutralidade em tempo de crise.&#8221; (Dante Alighieri) By seb@r. Nestas \u00faltimas semanas, a M\u00cdDIA PROVINCIANA tem se preocupado em ENTERVISTAREM os tais PR\u00c9-CANDITADOS ao cargo de EXECUTOR MUNICIPAL, ou seja, desta PROV\u00cdNCIA DO FAZ DE CONTA&#8230; Desta forma, pode-se afirmar que o cen\u00e1rio [&hellip;]\" \/>\n<meta property=\"og:url\" content=\"https:\/\/radiolifefm.com.br\/noticias\/provincia-politica-mercado-e-cenario-0rganizacional\/\" \/>\n<meta property=\"og:site_name\" content=\"R\u00e1dio Life FM\" \/>\n<meta property=\"article:publisher\" content=\"https:\/\/www.facebook.com\/radiolifefm\/\" \/>\n<meta property=\"article:published_time\" content=\"2024-05-03T11:00:38+00:00\" \/>\n<meta property=\"article:modified_time\" content=\"2026-04-03T02:39:23+00:00\" \/>\n<meta property=\"og:image\" content=\"https:\/\/radiolifefm.com.br\/noticias\/wp-content\/uploads\/2022\/04\/WhatsApp-Image-2022-04-10-at-18.43.02.jpeg\" \/>\n\t<meta property=\"og:image:width\" content=\"972\" \/>\n\t<meta property=\"og:image:height\" content=\"1296\" \/>\n\t<meta property=\"og:image:type\" content=\"image\/jpeg\" \/>\n<meta name=\"author\" content=\"ritanery\" \/>\n<meta name=\"twitter:card\" content=\"summary_large_image\" \/>\n<meta name=\"twitter:label1\" content=\"Escrito por\" \/>\n\t<meta name=\"twitter:data1\" content=\"ritanery\" \/>\n\t<meta name=\"twitter:label2\" content=\"Est. tempo de leitura\" \/>\n\t<meta name=\"twitter:data2\" content=\"3 minutos\" \/>\n<script type=\"application\/ld+json\" class=\"yoast-schema-graph\">{\"@context\":\"https:\/\/schema.org\",\"@graph\":[{\"@type\":\"Article\",\"@id\":\"https:\/\/radiolifefm.com.br\/noticias\/provincia-politica-mercado-e-cenario-0rganizacional\/#article\",\"isPartOf\":{\"@id\":\"https:\/\/radiolifefm.com.br\/noticias\/provincia-politica-mercado-e-cenario-0rganizacional\/\"},\"author\":{\"name\":\"ritanery\",\"@id\":\"https:\/\/radiolifefm.com.br\/noticias\/#\/schema\/person\/6339b9fac59d12b071dec680d7375d87\"},\"headline\":\"PROV\u00cdNCIA, POL\u00cdTICA, MERCADO E CEN\u00c1RIO 0RGANIZACIONAL&#8230;\",\"datePublished\":\"2024-05-03T11:00:38+00:00\",\"dateModified\":\"2026-04-03T02:39:23+00:00\",\"mainEntityOfPage\":{\"@id\":\"https:\/\/radiolifefm.com.br\/noticias\/provincia-politica-mercado-e-cenario-0rganizacional\/\"},\"wordCount\":562,\"publisher\":{\"@id\":\"https:\/\/radiolifefm.com.br\/noticias\/#organization\"},\"image\":{\"@id\":\"https:\/\/radiolifefm.com.br\/noticias\/provincia-politica-mercado-e-cenario-0rganizacional\/#primaryimage\"},\"thumbnailUrl\":\"https:\/\/radiolifefm.com.br\/noticias\/wp-content\/uploads\/2022\/04\/WhatsApp-Image-2022-04-10-at-18.43.02.jpeg\",\"articleSection\":[\"Opini\u00e3o\"],\"inLanguage\":\"pt-BR\"},{\"@type\":\"WebPage\",\"@id\":\"https:\/\/radiolifefm.com.br\/noticias\/provincia-politica-mercado-e-cenario-0rganizacional\/\",\"url\":\"https:\/\/radiolifefm.com.br\/noticias\/provincia-politica-mercado-e-cenario-0rganizacional\/\",\"name\":\"PROV\u00cdNCIA, POL\u00cdTICA, MERCADO E CEN\u00c1RIO 0RGANIZACIONAL... - R\u00e1dio Life FM\",\"isPartOf\":{\"@id\":\"https:\/\/radiolifefm.com.br\/noticias\/#website\"},\"primaryImageOfPage\":{\"@id\":\"https:\/\/radiolifefm.com.br\/noticias\/provincia-politica-mercado-e-cenario-0rganizacional\/#primaryimage\"},\"image\":{\"@id\":\"https:\/\/radiolifefm.com.br\/noticias\/provincia-politica-mercado-e-cenario-0rganizacional\/#primaryimage\"},\"thumbnailUrl\":\"https:\/\/radiolifefm.com.br\/noticias\/wp-content\/uploads\/2022\/04\/WhatsApp-Image-2022-04-10-at-18.43.02.jpeg\",\"datePublished\":\"2024-05-03T11:00:38+00:00\",\"dateModified\":\"2026-04-03T02:39:23+00:00\",\"breadcrumb\":{\"@id\":\"https:\/\/radiolifefm.com.br\/noticias\/provincia-politica-mercado-e-cenario-0rganizacional\/#breadcrumb\"},\"inLanguage\":\"pt-BR\",\"potentialAction\":[{\"@type\":\"ReadAction\",\"target\":[\"https:\/\/radiolifefm.com.br\/noticias\/provincia-politica-mercado-e-cenario-0rganizacional\/\"]}]},{\"@type\":\"ImageObject\",\"inLanguage\":\"pt-BR\",\"@id\":\"https:\/\/radiolifefm.com.br\/noticias\/provincia-politica-mercado-e-cenario-0rganizacional\/#primaryimage\",\"url\":\"https:\/\/radiolifefm.com.br\/noticias\/wp-content\/uploads\/2022\/04\/WhatsApp-Image-2022-04-10-at-18.43.02.jpeg\",\"contentUrl\":\"https:\/\/radiolifefm.com.br\/noticias\/wp-content\/uploads\/2022\/04\/WhatsApp-Image-2022-04-10-at-18.43.02.jpeg\",\"width\":972,\"height\":1296,\"caption\":\"S\u00e9rgio Barbosa\"},{\"@type\":\"BreadcrumbList\",\"@id\":\"https:\/\/radiolifefm.com.br\/noticias\/provincia-politica-mercado-e-cenario-0rganizacional\/#breadcrumb\",\"itemListElement\":[{\"@type\":\"ListItem\",\"position\":1,\"name\":\"In\u00edcio\",\"item\":\"https:\/\/radiolifefm.com.br\/noticias\/\"},{\"@type\":\"ListItem\",\"position\":2,\"name\":\"PROV\u00cdNCIA, POL\u00cdTICA, MERCADO E CEN\u00c1RIO 0RGANIZACIONAL&#8230;\"}]},{\"@type\":\"WebSite\",\"@id\":\"https:\/\/radiolifefm.com.br\/noticias\/#website\",\"url\":\"https:\/\/radiolifefm.com.br\/noticias\/\",\"name\":\"R\u00e1dio Life FM\",\"description\":\"O Portal de Not\u00edcias de Adamantina\",\"publisher\":{\"@id\":\"https:\/\/radiolifefm.com.br\/noticias\/#organization\"},\"alternateName\":\"Life FM\",\"potentialAction\":[{\"@type\":\"SearchAction\",\"target\":{\"@type\":\"EntryPoint\",\"urlTemplate\":\"https:\/\/radiolifefm.com.br\/noticias\/?s={search_term_string}\"},\"query-input\":{\"@type\":\"PropertyValueSpecification\",\"valueRequired\":true,\"valueName\":\"search_term_string\"}}],\"inLanguage\":\"pt-BR\"},{\"@type\":\"Organization\",\"@id\":\"https:\/\/radiolifefm.com.br\/noticias\/#organization\",\"name\":\"R\u00e1dio Life FM\",\"alternateName\":\"Life FM\",\"url\":\"https:\/\/radiolifefm.com.br\/noticias\/\",\"logo\":{\"@type\":\"ImageObject\",\"inLanguage\":\"pt-BR\",\"@id\":\"https:\/\/radiolifefm.com.br\/noticias\/#\/schema\/logo\/image\/\",\"url\":\"https:\/\/static.radiolifefm.com.br\/noticias\/wp-content\/uploads\/2019\/10\/logo-lifefm.png\",\"contentUrl\":\"https:\/\/static.radiolifefm.com.br\/noticias\/wp-content\/uploads\/2019\/10\/logo-lifefm.png\",\"width\":196,\"height\":47,\"caption\":\"R\u00e1dio Life FM\"},\"image\":{\"@id\":\"https:\/\/radiolifefm.com.br\/noticias\/#\/schema\/logo\/image\/\"},\"sameAs\":[\"https:\/\/www.facebook.com\/radiolifefm\/\",\"https:\/\/www.instagram.com\/life1079fm\/\"]},{\"@type\":\"Person\",\"@id\":\"https:\/\/radiolifefm.com.br\/noticias\/#\/schema\/person\/6339b9fac59d12b071dec680d7375d87\",\"name\":\"ritanery\",\"image\":{\"@type\":\"ImageObject\",\"inLanguage\":\"pt-BR\",\"@id\":\"https:\/\/secure.gravatar.com\/avatar\/0e37bb19071f47c0b8a23f62a903df117c5a0e75f65a0c2901562f97cd41cf86?s=96&d=mm&r=g\",\"url\":\"https:\/\/secure.gravatar.com\/avatar\/0e37bb19071f47c0b8a23f62a903df117c5a0e75f65a0c2901562f97cd41cf86?s=96&d=mm&r=g\",\"contentUrl\":\"https:\/\/secure.gravatar.com\/avatar\/0e37bb19071f47c0b8a23f62a903df117c5a0e75f65a0c2901562f97cd41cf86?s=96&d=mm&r=g\",\"caption\":\"ritanery\"}}]}<\/script>\n<!-- \/ Yoast SEO plugin. -->","yoast_head_json":{"title":"PROV\u00cdNCIA, POL\u00cdTICA, MERCADO E CEN\u00c1RIO 0RGANIZACIONAL... - R\u00e1dio Life FM","robots":{"index":"index","follow":"follow","max-snippet":"max-snippet:-1","max-image-preview":"max-image-preview:large","max-video-preview":"max-video-preview:-1"},"canonical":"https:\/\/radiolifefm.com.br\/noticias\/provincia-politica-mercado-e-cenario-0rganizacional\/","og_locale":"pt_BR","og_type":"article","og_title":"PROV\u00cdNCIA, POL\u00cdTICA, MERCADO E CEN\u00c1RIO 0RGANIZACIONAL... - R\u00e1dio Life FM","og_description":"&#8220;No inferno os lugares mais quentes s\u00e3o reservados \u00e0queles que escolheram a neutralidade em tempo de crise.&#8221; (Dante Alighieri) By seb@r. Nestas \u00faltimas semanas, a M\u00cdDIA PROVINCIANA tem se preocupado em ENTERVISTAREM os tais PR\u00c9-CANDITADOS ao cargo de EXECUTOR MUNICIPAL, ou seja, desta PROV\u00cdNCIA DO FAZ DE CONTA&#8230; Desta forma, pode-se afirmar que o cen\u00e1rio [&hellip;]","og_url":"https:\/\/radiolifefm.com.br\/noticias\/provincia-politica-mercado-e-cenario-0rganizacional\/","og_site_name":"R\u00e1dio Life FM","article_publisher":"https:\/\/www.facebook.com\/radiolifefm\/","article_published_time":"2024-05-03T11:00:38+00:00","article_modified_time":"2026-04-03T02:39:23+00:00","og_image":[{"width":972,"height":1296,"url":"https:\/\/radiolifefm.com.br\/noticias\/wp-content\/uploads\/2022\/04\/WhatsApp-Image-2022-04-10-at-18.43.02.jpeg","type":"image\/jpeg"}],"author":"ritanery","twitter_card":"summary_large_image","twitter_misc":{"Escrito por":"ritanery","Est. tempo de leitura":"3 minutos"},"schema":{"@context":"https:\/\/schema.org","@graph":[{"@type":"Article","@id":"https:\/\/radiolifefm.com.br\/noticias\/provincia-politica-mercado-e-cenario-0rganizacional\/#article","isPartOf":{"@id":"https:\/\/radiolifefm.com.br\/noticias\/provincia-politica-mercado-e-cenario-0rganizacional\/"},"author":{"name":"ritanery","@id":"https:\/\/radiolifefm.com.br\/noticias\/#\/schema\/person\/6339b9fac59d12b071dec680d7375d87"},"headline":"PROV\u00cdNCIA, POL\u00cdTICA, MERCADO E CEN\u00c1RIO 0RGANIZACIONAL&#8230;","datePublished":"2024-05-03T11:00:38+00:00","dateModified":"2026-04-03T02:39:23+00:00","mainEntityOfPage":{"@id":"https:\/\/radiolifefm.com.br\/noticias\/provincia-politica-mercado-e-cenario-0rganizacional\/"},"wordCount":562,"publisher":{"@id":"https:\/\/radiolifefm.com.br\/noticias\/#organization"},"image":{"@id":"https:\/\/radiolifefm.com.br\/noticias\/provincia-politica-mercado-e-cenario-0rganizacional\/#primaryimage"},"thumbnailUrl":"https:\/\/radiolifefm.com.br\/noticias\/wp-content\/uploads\/2022\/04\/WhatsApp-Image-2022-04-10-at-18.43.02.jpeg","articleSection":["Opini\u00e3o"],"inLanguage":"pt-BR"},{"@type":"WebPage","@id":"https:\/\/radiolifefm.com.br\/noticias\/provincia-politica-mercado-e-cenario-0rganizacional\/","url":"https:\/\/radiolifefm.com.br\/noticias\/provincia-politica-mercado-e-cenario-0rganizacional\/","name":"PROV\u00cdNCIA, POL\u00cdTICA, MERCADO E CEN\u00c1RIO 0RGANIZACIONAL... - R\u00e1dio Life FM","isPartOf":{"@id":"https:\/\/radiolifefm.com.br\/noticias\/#website"},"primaryImageOfPage":{"@id":"https:\/\/radiolifefm.com.br\/noticias\/provincia-politica-mercado-e-cenario-0rganizacional\/#primaryimage"},"image":{"@id":"https:\/\/radiolifefm.com.br\/noticias\/provincia-politica-mercado-e-cenario-0rganizacional\/#primaryimage"},"thumbnailUrl":"https:\/\/radiolifefm.com.br\/noticias\/wp-content\/uploads\/2022\/04\/WhatsApp-Image-2022-04-10-at-18.43.02.jpeg","datePublished":"2024-05-03T11:00:38+00:00","dateModified":"2026-04-03T02:39:23+00:00","breadcrumb":{"@id":"https:\/\/radiolifefm.com.br\/noticias\/provincia-politica-mercado-e-cenario-0rganizacional\/#breadcrumb"},"inLanguage":"pt-BR","potentialAction":[{"@type":"ReadAction","target":["https:\/\/radiolifefm.com.br\/noticias\/provincia-politica-mercado-e-cenario-0rganizacional\/"]}]},{"@type":"ImageObject","inLanguage":"pt-BR","@id":"https:\/\/radiolifefm.com.br\/noticias\/provincia-politica-mercado-e-cenario-0rganizacional\/#primaryimage","url":"https:\/\/radiolifefm.com.br\/noticias\/wp-content\/uploads\/2022\/04\/WhatsApp-Image-2022-04-10-at-18.43.02.jpeg","contentUrl":"https:\/\/radiolifefm.com.br\/noticias\/wp-content\/uploads\/2022\/04\/WhatsApp-Image-2022-04-10-at-18.43.02.jpeg","width":972,"height":1296,"caption":"S\u00e9rgio Barbosa"},{"@type":"BreadcrumbList","@id":"https:\/\/radiolifefm.com.br\/noticias\/provincia-politica-mercado-e-cenario-0rganizacional\/#breadcrumb","itemListElement":[{"@type":"ListItem","position":1,"name":"In\u00edcio","item":"https:\/\/radiolifefm.com.br\/noticias\/"},{"@type":"ListItem","position":2,"name":"PROV\u00cdNCIA, POL\u00cdTICA, MERCADO E CEN\u00c1RIO 0RGANIZACIONAL&#8230;"}]},{"@type":"WebSite","@id":"https:\/\/radiolifefm.com.br\/noticias\/#website","url":"https:\/\/radiolifefm.com.br\/noticias\/","name":"R\u00e1dio Life FM","description":"O Portal de Not\u00edcias de Adamantina","publisher":{"@id":"https:\/\/radiolifefm.com.br\/noticias\/#organization"},"alternateName":"Life FM","potentialAction":[{"@type":"SearchAction","target":{"@type":"EntryPoint","urlTemplate":"https:\/\/radiolifefm.com.br\/noticias\/?s={search_term_string}"},"query-input":{"@type":"PropertyValueSpecification","valueRequired":true,"valueName":"search_term_string"}}],"inLanguage":"pt-BR"},{"@type":"Organization","@id":"https:\/\/radiolifefm.com.br\/noticias\/#organization","name":"R\u00e1dio Life FM","alternateName":"Life FM","url":"https:\/\/radiolifefm.com.br\/noticias\/","logo":{"@type":"ImageObject","inLanguage":"pt-BR","@id":"https:\/\/radiolifefm.com.br\/noticias\/#\/schema\/logo\/image\/","url":"https:\/\/static.radiolifefm.com.br\/noticias\/wp-content\/uploads\/2019\/10\/logo-lifefm.png","contentUrl":"https:\/\/static.radiolifefm.com.br\/noticias\/wp-content\/uploads\/2019\/10\/logo-lifefm.png","width":196,"height":47,"caption":"R\u00e1dio Life FM"},"image":{"@id":"https:\/\/radiolifefm.com.br\/noticias\/#\/schema\/logo\/image\/"},"sameAs":["https:\/\/www.facebook.com\/radiolifefm\/","https:\/\/www.instagram.com\/life1079fm\/"]},{"@type":"Person","@id":"https:\/\/radiolifefm.com.br\/noticias\/#\/schema\/person\/6339b9fac59d12b071dec680d7375d87","name":"ritanery","image":{"@type":"ImageObject","inLanguage":"pt-BR","@id":"https:\/\/secure.gravatar.com\/avatar\/0e37bb19071f47c0b8a23f62a903df117c5a0e75f65a0c2901562f97cd41cf86?s=96&d=mm&r=g","url":"https:\/\/secure.gravatar.com\/avatar\/0e37bb19071f47c0b8a23f62a903df117c5a0e75f65a0c2901562f97cd41cf86?s=96&d=mm&r=g","contentUrl":"https:\/\/secure.gravatar.com\/avatar\/0e37bb19071f47c0b8a23f62a903df117c5a0e75f65a0c2901562f97cd41cf86?s=96&d=mm&r=g","caption":"ritanery"}}]}},"amp_enabled":true,"_links":{"self":[{"href":"https:\/\/radiolifefm.com.br\/noticias\/wp-json\/wp\/v2\/posts\/86516","targetHints":{"allow":["GET"]}}],"collection":[{"href":"https:\/\/radiolifefm.com.br\/noticias\/wp-json\/wp\/v2\/posts"}],"about":[{"href":"https:\/\/radiolifefm.com.br\/noticias\/wp-json\/wp\/v2\/types\/post"}],"author":[{"embeddable":true,"href":"https:\/\/radiolifefm.com.br\/noticias\/wp-json\/wp\/v2\/users\/13"}],"replies":[{"embeddable":true,"href":"https:\/\/radiolifefm.com.br\/noticias\/wp-json\/wp\/v2\/comments?post=86516"}],"version-history":[{"count":1,"href":"https:\/\/radiolifefm.com.br\/noticias\/wp-json\/wp\/v2\/posts\/86516\/revisions"}],"predecessor-version":[{"id":86517,"href":"https:\/\/radiolifefm.com.br\/noticias\/wp-json\/wp\/v2\/posts\/86516\/revisions\/86517"}],"wp:featuredmedia":[{"embeddable":true,"href":"https:\/\/radiolifefm.com.br\/noticias\/wp-json\/wp\/v2\/media\/51988"}],"wp:attachment":[{"href":"https:\/\/radiolifefm.com.br\/noticias\/wp-json\/wp\/v2\/media?parent=86516"}],"wp:term":[{"taxonomy":"category","embeddable":true,"href":"https:\/\/radiolifefm.com.br\/noticias\/wp-json\/wp\/v2\/categories?post=86516"},{"taxonomy":"post_tag","embeddable":true,"href":"https:\/\/radiolifefm.com.br\/noticias\/wp-json\/wp\/v2\/tags?post=86516"}],"curies":[{"name":"wp","href":"https:\/\/api.w.org\/{rel}","templated":true}]}}