{"id":86455,"date":"2024-05-01T22:39:10","date_gmt":"2024-05-02T01:39:10","guid":{"rendered":"https:\/\/radiolifefm.com.br\/noticias\/?p=86455"},"modified":"2025-10-05T16:14:18","modified_gmt":"2025-10-05T19:14:18","slug":"e-por-falar-em-musica-vamos-ouvir-aquela-2","status":"publish","type":"post","link":"https:\/\/radiolifefm.com.br\/noticias\/e-por-falar-em-musica-vamos-ouvir-aquela-2\/","title":{"rendered":"E POR FALAR EM M\u00daSICA, VAMOS OUVIR AQUELA&#8230;"},"content":{"rendered":"<div id=\"fb-root\"><\/div>\n<p><em>\u00a0\u201cN\u00e3o h\u00e1 fatos, s\u00f3 interpreta\u00e7\u00f5es\u201d (Nietzche)<\/em><\/p>\n<p><strong><em>S\u00e9rgio Barbosa (*)<\/em><\/strong><\/p>\n<p>&nbsp;<\/p>\n<p>Ah! A m\u00fasica como sempre abala as estruturas de qualquer mortal, assim, sempre \u00e9 bom ir ao encontro daquele som, deste ou daquele tempo, por\u00e9m, o que vale \u00e9 o desencontro do momento e ponto quase final.<\/p>\n<p>Estes dias ouvi algu\u00e9m dizer que n\u00e3o gosta mais das m\u00fasicas do Rei Roberto Carlos, segundo a mesma, RC mudou de novo, isso mesmo, de acordo com afirma\u00e7\u00e3o desta pessoa e assim por diante&#8230;<\/p>\n<p>Bom, as mudan\u00e7as acontecem para todos, sempre que isto ocorre de um jeito ou de outro, proporciona rea\u00e7\u00f5es positivas ou negativas nas pessoas em volta, ainda mais quando se trata deste ou daquele ARTISTA&#8230;<\/p>\n<p>Al\u00e9m do mais em meio tudo de menos, isso \u00e9, depende sempre deste ou do outro olhar sobre o mesmo FATO, deve-se considerar que as RECORDA\u00c7\u00d5ES est\u00e3o sempre focadas naquele outro TEMPO DO TEMPO em meio as PERDAS do passado recente&#8230;<\/p>\n<p>Andei pesquisando e descobri que o Rei Roberto Carlos anda revendo suas convic\u00e7\u00f5es pessoais e profissionais, assim, est\u00e1 naquela fase de reflex\u00e3o sobre isto e mais aquilo, por\u00e9m, continua sendo aclamado pela m\u00eddia como \u201cRei\u201d de um jeito ou de outro&#8230;<\/p>\n<p>Hoje, est\u00e1 cada vez mais f\u00e1cil rever posi\u00e7\u00f5es nas \u00e1reas pessoais e profissionais, o presente exige um novo perfil para com o mercado, desta forma, mudar \u00e9 necess\u00e1rio, mesmo que seja para ser um camale\u00e3o em tempo de p\u00f3s-globaliza\u00e7\u00e3o MIDI\u00c1TICA&#8230;<\/p>\n<p>Mas, recordar \u00e9 viver diz o dito popular, ma m\u00fasica tudo \u00e9 permitido para ir em busca daquela saudade musical, por isto, a poesia em forma de m\u00fasica se faz presente na vida das pessoas&#8230;<\/p>\n<p>Os anos passam com uma rapidez incr\u00edvel, o que era n\u00e3o vale mais, ou seja, menos para os f\u00e3s de sempre, pois, buscam sempre estar em sintonia com o \u00eddolo e quem sabe, sentindo por meio da m\u00fasica a presen\u00e7a do passado num presente qualquer, bem como, por meio da sintonia do SEM MEDO DE SER FELIZ&#8230;<\/p>\n<p>Tem pessoas que apreciam um pouco de tudo em termos de m\u00fasica, uma alternativa para estar de bem com os outros, mas tamb\u00e9m existem outros que s\u00e3o radicais com suas escolhas e acabam criando uma redoma de vidro em volta, garantindo assim uma defesa contra outros estilos musicais neste MERCADO MUSICAL em tempo de PLATAFORMAS DIGITAIS&#8230;<\/p>\n<p>N\u00e3o tem como fugir da m\u00fasica, a mesma marca presen\u00e7a em todos os lugares, demonstrando sua neutralidade frente aos f\u00e3s do presente em meio \u00e0s recorda\u00e7\u00f5es do passado&#8230;<\/p>\n<p>Sempre tem algu\u00e9m querendo relembrar uma ou mais m\u00fasicas da sua caminhada, isto faz parte do seu interior enquanto ser humano, afinal, a poesia musical causa encanto e tristeza ao mesmo tempo, depende sempre do estado de gra\u00e7a ou sem gra\u00e7a do ouvinte ou do momento&#8230;<\/p>\n<p>\u00c9 isto a\u00ed leitor, \u201ccada louco com sua mania\u201d, tendo em vista que tais DEBATES que envolvem o CEN\u00c1RIO MUSICAL, bem como, RELIGI\u00c3O e FUTEBOL, talvez n\u00e3o seja uma escolha agrad\u00e1vel para ambos os lados de um mesmo lado&#8230;<\/p>\n<p>Portanto, o melhor \u00e9 cada um ficar na sua, se poss\u00edvel, com suas lembran\u00e7as dos bons e velhos tempos, ainda, aqueles que n\u00e3o voltam nunca mais&#8230;<\/p>\n<p><strong><em>____________________________<\/em><\/strong><\/p>\n<p><strong><em>(*) Jornalista profissional diplomado.<\/em><\/strong><\/p>\n<p><strong><em>e-mail: <a href=\"mailto:barbosa.sebar@gmail.com\">barbosa.sebar@gmail.com<\/a><\/em><\/strong><\/p>\n","protected":false},"excerpt":{"rendered":"<p>\u00a0\u201cN\u00e3o h\u00e1 fatos, s\u00f3 interpreta\u00e7\u00f5es\u201d (Nietzche) S\u00e9rgio Barbosa (*) &nbsp; Ah! A m\u00fasica como sempre abala as estruturas de qualquer mortal, assim, sempre \u00e9 bom ir ao encontro daquele som, deste ou daquele tempo, por\u00e9m, o que vale \u00e9 o desencontro do momento e ponto quase final. Estes dias ouvi algu\u00e9m dizer que n\u00e3o gosta [&hellip;]<\/p>\n","protected":false},"author":13,"featured_media":51988,"comment_status":"closed","ping_status":"open","sticky":false,"template":"","format":"standard","meta":{"_acf_changed":false,"_exactmetrics_skip_tracking":false,"_exactmetrics_sitenote_active":false,"_exactmetrics_sitenote_note":"","_exactmetrics_sitenote_category":0,"footnotes":""},"categories":[59],"tags":[],"class_list":["post-86455","post","type-post","status-publish","format-standard","has-post-thumbnail","hentry","category-opiniao"],"acf":[],"yoast_head":"<!-- This site is optimized with the Yoast SEO plugin v27.2 - https:\/\/yoast.com\/product\/yoast-seo-wordpress\/ -->\n<title>E POR FALAR EM M\u00daSICA, VAMOS OUVIR AQUELA... - R\u00e1dio Life FM<\/title>\n<meta name=\"robots\" content=\"index, follow, max-snippet:-1, max-image-preview:large, max-video-preview:-1\" \/>\n<link rel=\"canonical\" href=\"https:\/\/radiolifefm.com.br\/noticias\/e-por-falar-em-musica-vamos-ouvir-aquela-2\/\" \/>\n<meta property=\"og:locale\" content=\"pt_BR\" \/>\n<meta property=\"og:type\" content=\"article\" \/>\n<meta property=\"og:title\" content=\"E POR FALAR EM M\u00daSICA, VAMOS OUVIR AQUELA... - R\u00e1dio Life FM\" \/>\n<meta property=\"og:description\" content=\"\u00a0\u201cN\u00e3o h\u00e1 fatos, s\u00f3 interpreta\u00e7\u00f5es\u201d (Nietzche) S\u00e9rgio Barbosa (*) &nbsp; Ah! A m\u00fasica como sempre abala as estruturas de qualquer mortal, assim, sempre \u00e9 bom ir ao encontro daquele som, deste ou daquele tempo, por\u00e9m, o que vale \u00e9 o desencontro do momento e ponto quase final. Estes dias ouvi algu\u00e9m dizer que n\u00e3o gosta [&hellip;]\" \/>\n<meta property=\"og:url\" content=\"https:\/\/radiolifefm.com.br\/noticias\/e-por-falar-em-musica-vamos-ouvir-aquela-2\/\" \/>\n<meta property=\"og:site_name\" content=\"R\u00e1dio Life FM\" \/>\n<meta property=\"article:publisher\" content=\"https:\/\/www.facebook.com\/radiolifefm\/\" \/>\n<meta property=\"article:published_time\" content=\"2024-05-02T01:39:10+00:00\" \/>\n<meta property=\"article:modified_time\" content=\"2025-10-05T19:14:18+00:00\" \/>\n<meta property=\"og:image\" content=\"https:\/\/static.radiolifefm.com.br\/noticias\/wp-content\/uploads\/2022\/04\/WhatsApp-Image-2022-04-10-at-18.43.02.jpeg\" \/>\n\t<meta property=\"og:image:width\" content=\"972\" \/>\n\t<meta property=\"og:image:height\" content=\"1296\" \/>\n\t<meta property=\"og:image:type\" content=\"image\/jpeg\" \/>\n<meta name=\"author\" content=\"ritanery\" \/>\n<meta name=\"twitter:card\" content=\"summary_large_image\" \/>\n<meta name=\"twitter:label1\" content=\"Escrito por\" \/>\n\t<meta name=\"twitter:data1\" content=\"ritanery\" \/>\n\t<meta name=\"twitter:label2\" content=\"Est. tempo de leitura\" \/>\n\t<meta name=\"twitter:data2\" content=\"4 minutos\" \/>\n<script type=\"application\/ld+json\" class=\"yoast-schema-graph\">{\"@context\":\"https:\/\/schema.org\",\"@graph\":[{\"@type\":\"Article\",\"@id\":\"https:\/\/radiolifefm.com.br\/noticias\/e-por-falar-em-musica-vamos-ouvir-aquela-2\/#article\",\"isPartOf\":{\"@id\":\"https:\/\/radiolifefm.com.br\/noticias\/e-por-falar-em-musica-vamos-ouvir-aquela-2\/\"},\"author\":{\"name\":\"ritanery\",\"@id\":\"https:\/\/radiolifefm.com.br\/noticias\/#\/schema\/person\/6339b9fac59d12b071dec680d7375d87\"},\"headline\":\"E POR FALAR EM M\u00daSICA, VAMOS OUVIR AQUELA&#8230;\",\"datePublished\":\"2024-05-02T01:39:10+00:00\",\"dateModified\":\"2025-10-05T19:14:18+00:00\",\"mainEntityOfPage\":{\"@id\":\"https:\/\/radiolifefm.com.br\/noticias\/e-por-falar-em-musica-vamos-ouvir-aquela-2\/\"},\"wordCount\":583,\"publisher\":{\"@id\":\"https:\/\/radiolifefm.com.br\/noticias\/#organization\"},\"image\":{\"@id\":\"https:\/\/radiolifefm.com.br\/noticias\/e-por-falar-em-musica-vamos-ouvir-aquela-2\/#primaryimage\"},\"thumbnailUrl\":\"https:\/\/radiolifefm.com.br\/noticias\/wp-content\/uploads\/2022\/04\/WhatsApp-Image-2022-04-10-at-18.43.02.jpeg\",\"articleSection\":[\"Opini\u00e3o\"],\"inLanguage\":\"pt-BR\"},{\"@type\":\"WebPage\",\"@id\":\"https:\/\/radiolifefm.com.br\/noticias\/e-por-falar-em-musica-vamos-ouvir-aquela-2\/\",\"url\":\"https:\/\/radiolifefm.com.br\/noticias\/e-por-falar-em-musica-vamos-ouvir-aquela-2\/\",\"name\":\"E POR FALAR EM M\u00daSICA, VAMOS OUVIR AQUELA... - R\u00e1dio Life FM\",\"isPartOf\":{\"@id\":\"https:\/\/radiolifefm.com.br\/noticias\/#website\"},\"primaryImageOfPage\":{\"@id\":\"https:\/\/radiolifefm.com.br\/noticias\/e-por-falar-em-musica-vamos-ouvir-aquela-2\/#primaryimage\"},\"image\":{\"@id\":\"https:\/\/radiolifefm.com.br\/noticias\/e-por-falar-em-musica-vamos-ouvir-aquela-2\/#primaryimage\"},\"thumbnailUrl\":\"https:\/\/radiolifefm.com.br\/noticias\/wp-content\/uploads\/2022\/04\/WhatsApp-Image-2022-04-10-at-18.43.02.jpeg\",\"datePublished\":\"2024-05-02T01:39:10+00:00\",\"dateModified\":\"2025-10-05T19:14:18+00:00\",\"breadcrumb\":{\"@id\":\"https:\/\/radiolifefm.com.br\/noticias\/e-por-falar-em-musica-vamos-ouvir-aquela-2\/#breadcrumb\"},\"inLanguage\":\"pt-BR\",\"potentialAction\":[{\"@type\":\"ReadAction\",\"target\":[\"https:\/\/radiolifefm.com.br\/noticias\/e-por-falar-em-musica-vamos-ouvir-aquela-2\/\"]}]},{\"@type\":\"ImageObject\",\"inLanguage\":\"pt-BR\",\"@id\":\"https:\/\/radiolifefm.com.br\/noticias\/e-por-falar-em-musica-vamos-ouvir-aquela-2\/#primaryimage\",\"url\":\"https:\/\/radiolifefm.com.br\/noticias\/wp-content\/uploads\/2022\/04\/WhatsApp-Image-2022-04-10-at-18.43.02.jpeg\",\"contentUrl\":\"https:\/\/radiolifefm.com.br\/noticias\/wp-content\/uploads\/2022\/04\/WhatsApp-Image-2022-04-10-at-18.43.02.jpeg\",\"width\":972,\"height\":1296,\"caption\":\"S\u00e9rgio Barbosa\"},{\"@type\":\"BreadcrumbList\",\"@id\":\"https:\/\/radiolifefm.com.br\/noticias\/e-por-falar-em-musica-vamos-ouvir-aquela-2\/#breadcrumb\",\"itemListElement\":[{\"@type\":\"ListItem\",\"position\":1,\"name\":\"In\u00edcio\",\"item\":\"https:\/\/radiolifefm.com.br\/noticias\/\"},{\"@type\":\"ListItem\",\"position\":2,\"name\":\"E POR FALAR EM M\u00daSICA, VAMOS OUVIR AQUELA&#8230;\"}]},{\"@type\":\"WebSite\",\"@id\":\"https:\/\/radiolifefm.com.br\/noticias\/#website\",\"url\":\"https:\/\/radiolifefm.com.br\/noticias\/\",\"name\":\"R\u00e1dio Life FM\",\"description\":\"O Portal de Not\u00edcias de Adamantina\",\"publisher\":{\"@id\":\"https:\/\/radiolifefm.com.br\/noticias\/#organization\"},\"alternateName\":\"Life FM\",\"potentialAction\":[{\"@type\":\"SearchAction\",\"target\":{\"@type\":\"EntryPoint\",\"urlTemplate\":\"https:\/\/radiolifefm.com.br\/noticias\/?s={search_term_string}\"},\"query-input\":{\"@type\":\"PropertyValueSpecification\",\"valueRequired\":true,\"valueName\":\"search_term_string\"}}],\"inLanguage\":\"pt-BR\"},{\"@type\":\"Organization\",\"@id\":\"https:\/\/radiolifefm.com.br\/noticias\/#organization\",\"name\":\"R\u00e1dio Life FM\",\"alternateName\":\"Life FM\",\"url\":\"https:\/\/radiolifefm.com.br\/noticias\/\",\"logo\":{\"@type\":\"ImageObject\",\"inLanguage\":\"pt-BR\",\"@id\":\"https:\/\/radiolifefm.com.br\/noticias\/#\/schema\/logo\/image\/\",\"url\":\"https:\/\/static.radiolifefm.com.br\/noticias\/wp-content\/uploads\/2019\/10\/logo-lifefm.png\",\"contentUrl\":\"https:\/\/static.radiolifefm.com.br\/noticias\/wp-content\/uploads\/2019\/10\/logo-lifefm.png\",\"width\":196,\"height\":47,\"caption\":\"R\u00e1dio Life FM\"},\"image\":{\"@id\":\"https:\/\/radiolifefm.com.br\/noticias\/#\/schema\/logo\/image\/\"},\"sameAs\":[\"https:\/\/www.facebook.com\/radiolifefm\/\",\"https:\/\/www.instagram.com\/life1079fm\/\"]},{\"@type\":\"Person\",\"@id\":\"https:\/\/radiolifefm.com.br\/noticias\/#\/schema\/person\/6339b9fac59d12b071dec680d7375d87\",\"name\":\"ritanery\",\"image\":{\"@type\":\"ImageObject\",\"inLanguage\":\"pt-BR\",\"@id\":\"https:\/\/secure.gravatar.com\/avatar\/0e37bb19071f47c0b8a23f62a903df117c5a0e75f65a0c2901562f97cd41cf86?s=96&d=mm&r=g\",\"url\":\"https:\/\/secure.gravatar.com\/avatar\/0e37bb19071f47c0b8a23f62a903df117c5a0e75f65a0c2901562f97cd41cf86?s=96&d=mm&r=g\",\"contentUrl\":\"https:\/\/secure.gravatar.com\/avatar\/0e37bb19071f47c0b8a23f62a903df117c5a0e75f65a0c2901562f97cd41cf86?s=96&d=mm&r=g\",\"caption\":\"ritanery\"}}]}<\/script>\n<!-- \/ Yoast SEO plugin. -->","yoast_head_json":{"title":"E POR FALAR EM M\u00daSICA, VAMOS OUVIR AQUELA... - R\u00e1dio Life FM","robots":{"index":"index","follow":"follow","max-snippet":"max-snippet:-1","max-image-preview":"max-image-preview:large","max-video-preview":"max-video-preview:-1"},"canonical":"https:\/\/radiolifefm.com.br\/noticias\/e-por-falar-em-musica-vamos-ouvir-aquela-2\/","og_locale":"pt_BR","og_type":"article","og_title":"E POR FALAR EM M\u00daSICA, VAMOS OUVIR AQUELA... - R\u00e1dio Life FM","og_description":"\u00a0\u201cN\u00e3o h\u00e1 fatos, s\u00f3 interpreta\u00e7\u00f5es\u201d (Nietzche) S\u00e9rgio Barbosa (*) &nbsp; Ah! A m\u00fasica como sempre abala as estruturas de qualquer mortal, assim, sempre \u00e9 bom ir ao encontro daquele som, deste ou daquele tempo, por\u00e9m, o que vale \u00e9 o desencontro do momento e ponto quase final. Estes dias ouvi algu\u00e9m dizer que n\u00e3o gosta [&hellip;]","og_url":"https:\/\/radiolifefm.com.br\/noticias\/e-por-falar-em-musica-vamos-ouvir-aquela-2\/","og_site_name":"R\u00e1dio Life FM","article_publisher":"https:\/\/www.facebook.com\/radiolifefm\/","article_published_time":"2024-05-02T01:39:10+00:00","article_modified_time":"2025-10-05T19:14:18+00:00","og_image":[{"width":972,"height":1296,"url":"https:\/\/static.radiolifefm.com.br\/noticias\/wp-content\/uploads\/2022\/04\/WhatsApp-Image-2022-04-10-at-18.43.02.jpeg","type":"image\/jpeg"}],"author":"ritanery","twitter_card":"summary_large_image","twitter_misc":{"Escrito por":"ritanery","Est. tempo de leitura":"4 minutos"},"schema":{"@context":"https:\/\/schema.org","@graph":[{"@type":"Article","@id":"https:\/\/radiolifefm.com.br\/noticias\/e-por-falar-em-musica-vamos-ouvir-aquela-2\/#article","isPartOf":{"@id":"https:\/\/radiolifefm.com.br\/noticias\/e-por-falar-em-musica-vamos-ouvir-aquela-2\/"},"author":{"name":"ritanery","@id":"https:\/\/radiolifefm.com.br\/noticias\/#\/schema\/person\/6339b9fac59d12b071dec680d7375d87"},"headline":"E POR FALAR EM M\u00daSICA, VAMOS OUVIR AQUELA&#8230;","datePublished":"2024-05-02T01:39:10+00:00","dateModified":"2025-10-05T19:14:18+00:00","mainEntityOfPage":{"@id":"https:\/\/radiolifefm.com.br\/noticias\/e-por-falar-em-musica-vamos-ouvir-aquela-2\/"},"wordCount":583,"publisher":{"@id":"https:\/\/radiolifefm.com.br\/noticias\/#organization"},"image":{"@id":"https:\/\/radiolifefm.com.br\/noticias\/e-por-falar-em-musica-vamos-ouvir-aquela-2\/#primaryimage"},"thumbnailUrl":"https:\/\/radiolifefm.com.br\/noticias\/wp-content\/uploads\/2022\/04\/WhatsApp-Image-2022-04-10-at-18.43.02.jpeg","articleSection":["Opini\u00e3o"],"inLanguage":"pt-BR"},{"@type":"WebPage","@id":"https:\/\/radiolifefm.com.br\/noticias\/e-por-falar-em-musica-vamos-ouvir-aquela-2\/","url":"https:\/\/radiolifefm.com.br\/noticias\/e-por-falar-em-musica-vamos-ouvir-aquela-2\/","name":"E POR FALAR EM M\u00daSICA, VAMOS OUVIR AQUELA... - R\u00e1dio Life FM","isPartOf":{"@id":"https:\/\/radiolifefm.com.br\/noticias\/#website"},"primaryImageOfPage":{"@id":"https:\/\/radiolifefm.com.br\/noticias\/e-por-falar-em-musica-vamos-ouvir-aquela-2\/#primaryimage"},"image":{"@id":"https:\/\/radiolifefm.com.br\/noticias\/e-por-falar-em-musica-vamos-ouvir-aquela-2\/#primaryimage"},"thumbnailUrl":"https:\/\/radiolifefm.com.br\/noticias\/wp-content\/uploads\/2022\/04\/WhatsApp-Image-2022-04-10-at-18.43.02.jpeg","datePublished":"2024-05-02T01:39:10+00:00","dateModified":"2025-10-05T19:14:18+00:00","breadcrumb":{"@id":"https:\/\/radiolifefm.com.br\/noticias\/e-por-falar-em-musica-vamos-ouvir-aquela-2\/#breadcrumb"},"inLanguage":"pt-BR","potentialAction":[{"@type":"ReadAction","target":["https:\/\/radiolifefm.com.br\/noticias\/e-por-falar-em-musica-vamos-ouvir-aquela-2\/"]}]},{"@type":"ImageObject","inLanguage":"pt-BR","@id":"https:\/\/radiolifefm.com.br\/noticias\/e-por-falar-em-musica-vamos-ouvir-aquela-2\/#primaryimage","url":"https:\/\/radiolifefm.com.br\/noticias\/wp-content\/uploads\/2022\/04\/WhatsApp-Image-2022-04-10-at-18.43.02.jpeg","contentUrl":"https:\/\/radiolifefm.com.br\/noticias\/wp-content\/uploads\/2022\/04\/WhatsApp-Image-2022-04-10-at-18.43.02.jpeg","width":972,"height":1296,"caption":"S\u00e9rgio Barbosa"},{"@type":"BreadcrumbList","@id":"https:\/\/radiolifefm.com.br\/noticias\/e-por-falar-em-musica-vamos-ouvir-aquela-2\/#breadcrumb","itemListElement":[{"@type":"ListItem","position":1,"name":"In\u00edcio","item":"https:\/\/radiolifefm.com.br\/noticias\/"},{"@type":"ListItem","position":2,"name":"E POR FALAR EM M\u00daSICA, VAMOS OUVIR AQUELA&#8230;"}]},{"@type":"WebSite","@id":"https:\/\/radiolifefm.com.br\/noticias\/#website","url":"https:\/\/radiolifefm.com.br\/noticias\/","name":"R\u00e1dio Life FM","description":"O Portal de Not\u00edcias de Adamantina","publisher":{"@id":"https:\/\/radiolifefm.com.br\/noticias\/#organization"},"alternateName":"Life FM","potentialAction":[{"@type":"SearchAction","target":{"@type":"EntryPoint","urlTemplate":"https:\/\/radiolifefm.com.br\/noticias\/?s={search_term_string}"},"query-input":{"@type":"PropertyValueSpecification","valueRequired":true,"valueName":"search_term_string"}}],"inLanguage":"pt-BR"},{"@type":"Organization","@id":"https:\/\/radiolifefm.com.br\/noticias\/#organization","name":"R\u00e1dio Life FM","alternateName":"Life FM","url":"https:\/\/radiolifefm.com.br\/noticias\/","logo":{"@type":"ImageObject","inLanguage":"pt-BR","@id":"https:\/\/radiolifefm.com.br\/noticias\/#\/schema\/logo\/image\/","url":"https:\/\/static.radiolifefm.com.br\/noticias\/wp-content\/uploads\/2019\/10\/logo-lifefm.png","contentUrl":"https:\/\/static.radiolifefm.com.br\/noticias\/wp-content\/uploads\/2019\/10\/logo-lifefm.png","width":196,"height":47,"caption":"R\u00e1dio Life FM"},"image":{"@id":"https:\/\/radiolifefm.com.br\/noticias\/#\/schema\/logo\/image\/"},"sameAs":["https:\/\/www.facebook.com\/radiolifefm\/","https:\/\/www.instagram.com\/life1079fm\/"]},{"@type":"Person","@id":"https:\/\/radiolifefm.com.br\/noticias\/#\/schema\/person\/6339b9fac59d12b071dec680d7375d87","name":"ritanery","image":{"@type":"ImageObject","inLanguage":"pt-BR","@id":"https:\/\/secure.gravatar.com\/avatar\/0e37bb19071f47c0b8a23f62a903df117c5a0e75f65a0c2901562f97cd41cf86?s=96&d=mm&r=g","url":"https:\/\/secure.gravatar.com\/avatar\/0e37bb19071f47c0b8a23f62a903df117c5a0e75f65a0c2901562f97cd41cf86?s=96&d=mm&r=g","contentUrl":"https:\/\/secure.gravatar.com\/avatar\/0e37bb19071f47c0b8a23f62a903df117c5a0e75f65a0c2901562f97cd41cf86?s=96&d=mm&r=g","caption":"ritanery"}}]}},"amp_enabled":true,"_links":{"self":[{"href":"https:\/\/radiolifefm.com.br\/noticias\/wp-json\/wp\/v2\/posts\/86455","targetHints":{"allow":["GET"]}}],"collection":[{"href":"https:\/\/radiolifefm.com.br\/noticias\/wp-json\/wp\/v2\/posts"}],"about":[{"href":"https:\/\/radiolifefm.com.br\/noticias\/wp-json\/wp\/v2\/types\/post"}],"author":[{"embeddable":true,"href":"https:\/\/radiolifefm.com.br\/noticias\/wp-json\/wp\/v2\/users\/13"}],"replies":[{"embeddable":true,"href":"https:\/\/radiolifefm.com.br\/noticias\/wp-json\/wp\/v2\/comments?post=86455"}],"version-history":[{"count":2,"href":"https:\/\/radiolifefm.com.br\/noticias\/wp-json\/wp\/v2\/posts\/86455\/revisions"}],"predecessor-version":[{"id":86457,"href":"https:\/\/radiolifefm.com.br\/noticias\/wp-json\/wp\/v2\/posts\/86455\/revisions\/86457"}],"wp:featuredmedia":[{"embeddable":true,"href":"https:\/\/radiolifefm.com.br\/noticias\/wp-json\/wp\/v2\/media\/51988"}],"wp:attachment":[{"href":"https:\/\/radiolifefm.com.br\/noticias\/wp-json\/wp\/v2\/media?parent=86455"}],"wp:term":[{"taxonomy":"category","embeddable":true,"href":"https:\/\/radiolifefm.com.br\/noticias\/wp-json\/wp\/v2\/categories?post=86455"},{"taxonomy":"post_tag","embeddable":true,"href":"https:\/\/radiolifefm.com.br\/noticias\/wp-json\/wp\/v2\/tags?post=86455"}],"curies":[{"name":"wp","href":"https:\/\/api.w.org\/{rel}","templated":true}]}}