{"id":86338,"date":"2024-04-29T08:19:11","date_gmt":"2024-04-29T11:19:11","guid":{"rendered":"https:\/\/radiolifefm.com.br\/noticias\/?p=86338"},"modified":"2026-04-01T05:55:15","modified_gmt":"2026-04-01T08:55:15","slug":"o-escriba-provinciano-e-ponto-quase-final","status":"publish","type":"post","link":"https:\/\/radiolifefm.com.br\/noticias\/o-escriba-provinciano-e-ponto-quase-final\/","title":{"rendered":"O ESCRIBA PROVINCIANO E PONTO QUASE FINAL&#8230;"},"content":{"rendered":"<div id=\"fb-root\"><\/div>\n<p>&nbsp;<\/p>\n<p>&nbsp;<\/p>\n<p><em>\u201cCada um \u00e9 artes\u00e3o do seu destino\u201d. (Appius Claudius Caecus)<\/em><\/p>\n<p>&nbsp;<\/p>\n<p><strong><em>S\u00e9rgio Barbosa (*)<\/em><\/strong><\/p>\n<p>&nbsp;<\/p>\n<p>N\u00e3o sei n\u00e3o, mas, pode ser como as alunas escrevem em suas mensagens perdidas no tal do MSN, tal qual como \u201cnaum sei naum\u201d, portanto, neste contexto digital as mensagens acabam em trocadilhos inexplic\u00e1veis para os escribas deste e do outro tempo&#8230;<\/p>\n<p>Nem sempre as aulas na academia refletem os desencontros que rolam nos bastidores de um monitor em terras provincianas, ainda mais, quando os mesmos, escondem a realidade de um mundo em busca do outro lado, talvez, neste caso, possa-se tentar entender o que n\u00e3o \u00e9 compreendido pelas palavras do escriba provinciano&#8230;<\/p>\n<p>O interessante neste cen\u00e1rio \u00e9 como alguns provincianos vestem e assumem a \u201ccarapu\u00e7a\u201d deste ou daquele momento veiculado pela m\u00eddia impressa local&#8230;<\/p>\n<p>Como levar adiante uma reflex\u00e3o com tais posturas provincianas deixa de ser para poder criar sem meias palavras o debate fora dos muros de uma academia em tempo de p\u00f3s-globaliza\u00e7\u00e3o midi\u00e1tica&#8230;<\/p>\n<p>O escriba provinciano tem o seu jeito de ser, tamb\u00e9m, escreve como manda o figurino gramatical, neste caso em especial, ainda bem que, a preocupa\u00e7\u00e3o deste articulista, como sempre, \u00e9 com o receptor e assim por diante, afinal de contas, o que seria da m\u00eddia impressa sem leitores e leitoras&#8230;<\/p>\n<p>N\u00e3o se pode mais escrever sobre a utopia do momento, muito menos, varia\u00e7\u00f5es sobre o contexto plural da prov\u00edncia depois deste ou daquele acontecimento local, todavia, pode-se tentar um outro caminho visando tirar o dito cujo da sua toca protegida pelas paredes de um discurso vazio pelas perdas do passado&#8230;<\/p>\n<p>O seu jeito de \u201cbom rapaz\u201d n\u00e3o condiz com sua postura por baixo dos panos de uma reuni\u00e3o qualquer, quem sabe, nos velhos e bons tempos atr\u00e1s de um balc\u00e3o \u00e0 postura do escriba provinciano fosse outra&#8230;<\/p>\n<p>Mas,\u00a0 pensa-se que, depois de tr\u00eas d\u00e9cadas neste meio, por\u00e9m, algumas viagens aqui e ali para uma assessoria a mais em outra \u00e1rea, neste caso, deixa de estar atr\u00e1s do balc\u00e3o para uma presta\u00e7\u00e3o de servi\u00e7o num outro canto perdido numa sala maior, um novo horizonte pode ser uma alternativa a mais para o escriba provinciano&#8230;<\/p>\n<p>Foram dias em busca das tais informa\u00e7\u00f5es para um olhar cr\u00edtico frente aos desmandos deste ou daquele poder na sua \u00f3tica de \u201cbom rapaz\u201d, claro, travestido de \u201cescriba provinciano\u201d para usar e abusar do acesso ao outro lado do balc\u00e3o&#8230;<\/p>\n<p>Ah! Sim, tamb\u00e9m, andava acompanhado pela tal \u201cCinderela\u201d que tudo sabe, tudo v\u00ea e tudo escuta, como aqueles \u201ctr\u00eas macacos\u201d perdidos em alguma estante deste ou do outro lado de um mesmo lado&#8230;<\/p>\n<p>O pior de tudo \u00e9 ser fiscalizado pela mediocridade acad\u00eamica do \u201cescriba provinciano\u201d, entendo que n\u00e3o se pode exigir muito do mesmo, afinal de contas, foram anos e anos atr\u00e1s do balc\u00e3o, isso pode ter deixado o dito cujo sem condi\u00e7\u00f5es de entender certas coisas relacionadas com a \u00e1rea acad\u00eamica, neste caso, a op\u00e7\u00e3o \u00e9 sempre pelo tal do \u201csenso comum\u201d&#8230;<\/p>\n<p>Continua o mesmo de sempre, neste caso, fazendo-se de desentendido quando indagado sobre alguns acontecimentos em sua volta, percebe-se, desta forma, o seu lado de \u201cbom rapaz\u201d, at\u00e9 mesmo, bem intencionado com alguns detalhes deste contexto provinciano, mas, como diz o velho dito mais do que popular, a saber: \u201cde boas inten\u00e7\u00f5es, dizem, o inferno est\u00e1 cheio&#8230;\u201d<\/p>\n<p>QUEM SOBREVIVER VAI SABER&#8230;<\/p>\n<p>EM TEMPO: PERDERAM MAN\u00c9S!!!<\/p>\n<p><strong><em>______________________________________<\/em><\/strong><\/p>\n<p><strong><em>(*) Jornalista profissional diplomado.<\/em><\/strong><\/p>\n<p><strong><em>e-mail: <a href=\"mailto:barbosa.sebar@gmail.com\">barbosa.sebar@gmail.com<\/a><\/em><\/strong><\/p>\n<p><strong><em>\u00a0<\/em><\/strong><\/p>\n","protected":false},"excerpt":{"rendered":"<p>&nbsp; &nbsp; \u201cCada um \u00e9 artes\u00e3o do seu destino\u201d. (Appius Claudius Caecus) &nbsp; S\u00e9rgio Barbosa (*) &nbsp; N\u00e3o sei n\u00e3o, mas, pode ser como as alunas escrevem em suas mensagens perdidas no tal do MSN, tal qual como \u201cnaum sei naum\u201d, portanto, neste contexto digital as mensagens acabam em trocadilhos inexplic\u00e1veis para os escribas deste [&hellip;]<\/p>\n","protected":false},"author":13,"featured_media":51988,"comment_status":"closed","ping_status":"open","sticky":false,"template":"","format":"standard","meta":{"_acf_changed":false,"_exactmetrics_skip_tracking":false,"_exactmetrics_sitenote_active":false,"_exactmetrics_sitenote_note":"","_exactmetrics_sitenote_category":0,"footnotes":""},"categories":[59],"tags":[],"class_list":["post-86338","post","type-post","status-publish","format-standard","has-post-thumbnail","hentry","category-opiniao"],"acf":[],"yoast_head":"<!-- This site is optimized with the Yoast SEO plugin v27.2 - https:\/\/yoast.com\/product\/yoast-seo-wordpress\/ -->\n<title>O ESCRIBA PROVINCIANO E PONTO QUASE FINAL... - R\u00e1dio Life FM<\/title>\n<meta name=\"robots\" content=\"index, follow, max-snippet:-1, max-image-preview:large, max-video-preview:-1\" \/>\n<link rel=\"canonical\" href=\"https:\/\/radiolifefm.com.br\/noticias\/o-escriba-provinciano-e-ponto-quase-final\/\" \/>\n<meta property=\"og:locale\" content=\"pt_BR\" \/>\n<meta property=\"og:type\" content=\"article\" \/>\n<meta property=\"og:title\" content=\"O ESCRIBA PROVINCIANO E PONTO QUASE FINAL... - R\u00e1dio Life FM\" \/>\n<meta property=\"og:description\" content=\"&nbsp; &nbsp; \u201cCada um \u00e9 artes\u00e3o do seu destino\u201d. (Appius Claudius Caecus) &nbsp; S\u00e9rgio Barbosa (*) &nbsp; N\u00e3o sei n\u00e3o, mas, pode ser como as alunas escrevem em suas mensagens perdidas no tal do MSN, tal qual como \u201cnaum sei naum\u201d, portanto, neste contexto digital as mensagens acabam em trocadilhos inexplic\u00e1veis para os escribas deste [&hellip;]\" \/>\n<meta property=\"og:url\" content=\"https:\/\/radiolifefm.com.br\/noticias\/o-escriba-provinciano-e-ponto-quase-final\/\" \/>\n<meta property=\"og:site_name\" content=\"R\u00e1dio Life FM\" \/>\n<meta property=\"article:publisher\" content=\"https:\/\/www.facebook.com\/radiolifefm\/\" \/>\n<meta property=\"article:published_time\" content=\"2024-04-29T11:19:11+00:00\" \/>\n<meta property=\"article:modified_time\" content=\"2026-04-01T08:55:15+00:00\" \/>\n<meta property=\"og:image\" content=\"https:\/\/radiolifefm.com.br\/noticias\/wp-content\/uploads\/2022\/04\/WhatsApp-Image-2022-04-10-at-18.43.02.jpeg\" \/>\n\t<meta property=\"og:image:width\" content=\"972\" \/>\n\t<meta property=\"og:image:height\" content=\"1296\" \/>\n\t<meta property=\"og:image:type\" content=\"image\/jpeg\" \/>\n<meta name=\"author\" content=\"ritanery\" \/>\n<meta name=\"twitter:card\" content=\"summary_large_image\" \/>\n<meta name=\"twitter:label1\" content=\"Escrito por\" \/>\n\t<meta name=\"twitter:data1\" content=\"ritanery\" \/>\n\t<meta name=\"twitter:label2\" content=\"Est. tempo de leitura\" \/>\n\t<meta name=\"twitter:data2\" content=\"4 minutos\" \/>\n<script type=\"application\/ld+json\" class=\"yoast-schema-graph\">{\"@context\":\"https:\/\/schema.org\",\"@graph\":[{\"@type\":\"Article\",\"@id\":\"https:\/\/radiolifefm.com.br\/noticias\/o-escriba-provinciano-e-ponto-quase-final\/#article\",\"isPartOf\":{\"@id\":\"https:\/\/radiolifefm.com.br\/noticias\/o-escriba-provinciano-e-ponto-quase-final\/\"},\"author\":{\"name\":\"ritanery\",\"@id\":\"https:\/\/radiolifefm.com.br\/noticias\/#\/schema\/person\/6339b9fac59d12b071dec680d7375d87\"},\"headline\":\"O ESCRIBA PROVINCIANO E PONTO QUASE FINAL&#8230;\",\"datePublished\":\"2024-04-29T11:19:11+00:00\",\"dateModified\":\"2026-04-01T08:55:15+00:00\",\"mainEntityOfPage\":{\"@id\":\"https:\/\/radiolifefm.com.br\/noticias\/o-escriba-provinciano-e-ponto-quase-final\/\"},\"wordCount\":606,\"publisher\":{\"@id\":\"https:\/\/radiolifefm.com.br\/noticias\/#organization\"},\"image\":{\"@id\":\"https:\/\/radiolifefm.com.br\/noticias\/o-escriba-provinciano-e-ponto-quase-final\/#primaryimage\"},\"thumbnailUrl\":\"https:\/\/radiolifefm.com.br\/noticias\/wp-content\/uploads\/2022\/04\/WhatsApp-Image-2022-04-10-at-18.43.02.jpeg\",\"articleSection\":[\"Opini\u00e3o\"],\"inLanguage\":\"pt-BR\"},{\"@type\":\"WebPage\",\"@id\":\"https:\/\/radiolifefm.com.br\/noticias\/o-escriba-provinciano-e-ponto-quase-final\/\",\"url\":\"https:\/\/radiolifefm.com.br\/noticias\/o-escriba-provinciano-e-ponto-quase-final\/\",\"name\":\"O ESCRIBA PROVINCIANO E PONTO QUASE FINAL... - R\u00e1dio Life FM\",\"isPartOf\":{\"@id\":\"https:\/\/radiolifefm.com.br\/noticias\/#website\"},\"primaryImageOfPage\":{\"@id\":\"https:\/\/radiolifefm.com.br\/noticias\/o-escriba-provinciano-e-ponto-quase-final\/#primaryimage\"},\"image\":{\"@id\":\"https:\/\/radiolifefm.com.br\/noticias\/o-escriba-provinciano-e-ponto-quase-final\/#primaryimage\"},\"thumbnailUrl\":\"https:\/\/radiolifefm.com.br\/noticias\/wp-content\/uploads\/2022\/04\/WhatsApp-Image-2022-04-10-at-18.43.02.jpeg\",\"datePublished\":\"2024-04-29T11:19:11+00:00\",\"dateModified\":\"2026-04-01T08:55:15+00:00\",\"breadcrumb\":{\"@id\":\"https:\/\/radiolifefm.com.br\/noticias\/o-escriba-provinciano-e-ponto-quase-final\/#breadcrumb\"},\"inLanguage\":\"pt-BR\",\"potentialAction\":[{\"@type\":\"ReadAction\",\"target\":[\"https:\/\/radiolifefm.com.br\/noticias\/o-escriba-provinciano-e-ponto-quase-final\/\"]}]},{\"@type\":\"ImageObject\",\"inLanguage\":\"pt-BR\",\"@id\":\"https:\/\/radiolifefm.com.br\/noticias\/o-escriba-provinciano-e-ponto-quase-final\/#primaryimage\",\"url\":\"https:\/\/radiolifefm.com.br\/noticias\/wp-content\/uploads\/2022\/04\/WhatsApp-Image-2022-04-10-at-18.43.02.jpeg\",\"contentUrl\":\"https:\/\/radiolifefm.com.br\/noticias\/wp-content\/uploads\/2022\/04\/WhatsApp-Image-2022-04-10-at-18.43.02.jpeg\",\"width\":972,\"height\":1296,\"caption\":\"S\u00e9rgio Barbosa\"},{\"@type\":\"BreadcrumbList\",\"@id\":\"https:\/\/radiolifefm.com.br\/noticias\/o-escriba-provinciano-e-ponto-quase-final\/#breadcrumb\",\"itemListElement\":[{\"@type\":\"ListItem\",\"position\":1,\"name\":\"In\u00edcio\",\"item\":\"https:\/\/radiolifefm.com.br\/noticias\/\"},{\"@type\":\"ListItem\",\"position\":2,\"name\":\"O ESCRIBA PROVINCIANO E PONTO QUASE FINAL&#8230;\"}]},{\"@type\":\"WebSite\",\"@id\":\"https:\/\/radiolifefm.com.br\/noticias\/#website\",\"url\":\"https:\/\/radiolifefm.com.br\/noticias\/\",\"name\":\"R\u00e1dio Life FM\",\"description\":\"O Portal de Not\u00edcias de Adamantina\",\"publisher\":{\"@id\":\"https:\/\/radiolifefm.com.br\/noticias\/#organization\"},\"alternateName\":\"Life FM\",\"potentialAction\":[{\"@type\":\"SearchAction\",\"target\":{\"@type\":\"EntryPoint\",\"urlTemplate\":\"https:\/\/radiolifefm.com.br\/noticias\/?s={search_term_string}\"},\"query-input\":{\"@type\":\"PropertyValueSpecification\",\"valueRequired\":true,\"valueName\":\"search_term_string\"}}],\"inLanguage\":\"pt-BR\"},{\"@type\":\"Organization\",\"@id\":\"https:\/\/radiolifefm.com.br\/noticias\/#organization\",\"name\":\"R\u00e1dio Life FM\",\"alternateName\":\"Life FM\",\"url\":\"https:\/\/radiolifefm.com.br\/noticias\/\",\"logo\":{\"@type\":\"ImageObject\",\"inLanguage\":\"pt-BR\",\"@id\":\"https:\/\/radiolifefm.com.br\/noticias\/#\/schema\/logo\/image\/\",\"url\":\"https:\/\/static.radiolifefm.com.br\/noticias\/wp-content\/uploads\/2019\/10\/logo-lifefm.png\",\"contentUrl\":\"https:\/\/static.radiolifefm.com.br\/noticias\/wp-content\/uploads\/2019\/10\/logo-lifefm.png\",\"width\":196,\"height\":47,\"caption\":\"R\u00e1dio Life FM\"},\"image\":{\"@id\":\"https:\/\/radiolifefm.com.br\/noticias\/#\/schema\/logo\/image\/\"},\"sameAs\":[\"https:\/\/www.facebook.com\/radiolifefm\/\",\"https:\/\/www.instagram.com\/life1079fm\/\"]},{\"@type\":\"Person\",\"@id\":\"https:\/\/radiolifefm.com.br\/noticias\/#\/schema\/person\/6339b9fac59d12b071dec680d7375d87\",\"name\":\"ritanery\",\"image\":{\"@type\":\"ImageObject\",\"inLanguage\":\"pt-BR\",\"@id\":\"https:\/\/secure.gravatar.com\/avatar\/0e37bb19071f47c0b8a23f62a903df117c5a0e75f65a0c2901562f97cd41cf86?s=96&d=mm&r=g\",\"url\":\"https:\/\/secure.gravatar.com\/avatar\/0e37bb19071f47c0b8a23f62a903df117c5a0e75f65a0c2901562f97cd41cf86?s=96&d=mm&r=g\",\"contentUrl\":\"https:\/\/secure.gravatar.com\/avatar\/0e37bb19071f47c0b8a23f62a903df117c5a0e75f65a0c2901562f97cd41cf86?s=96&d=mm&r=g\",\"caption\":\"ritanery\"}}]}<\/script>\n<!-- \/ Yoast SEO plugin. -->","yoast_head_json":{"title":"O ESCRIBA PROVINCIANO E PONTO QUASE FINAL... - R\u00e1dio Life FM","robots":{"index":"index","follow":"follow","max-snippet":"max-snippet:-1","max-image-preview":"max-image-preview:large","max-video-preview":"max-video-preview:-1"},"canonical":"https:\/\/radiolifefm.com.br\/noticias\/o-escriba-provinciano-e-ponto-quase-final\/","og_locale":"pt_BR","og_type":"article","og_title":"O ESCRIBA PROVINCIANO E PONTO QUASE FINAL... - R\u00e1dio Life FM","og_description":"&nbsp; &nbsp; \u201cCada um \u00e9 artes\u00e3o do seu destino\u201d. (Appius Claudius Caecus) &nbsp; S\u00e9rgio Barbosa (*) &nbsp; N\u00e3o sei n\u00e3o, mas, pode ser como as alunas escrevem em suas mensagens perdidas no tal do MSN, tal qual como \u201cnaum sei naum\u201d, portanto, neste contexto digital as mensagens acabam em trocadilhos inexplic\u00e1veis para os escribas deste [&hellip;]","og_url":"https:\/\/radiolifefm.com.br\/noticias\/o-escriba-provinciano-e-ponto-quase-final\/","og_site_name":"R\u00e1dio Life FM","article_publisher":"https:\/\/www.facebook.com\/radiolifefm\/","article_published_time":"2024-04-29T11:19:11+00:00","article_modified_time":"2026-04-01T08:55:15+00:00","og_image":[{"width":972,"height":1296,"url":"https:\/\/radiolifefm.com.br\/noticias\/wp-content\/uploads\/2022\/04\/WhatsApp-Image-2022-04-10-at-18.43.02.jpeg","type":"image\/jpeg"}],"author":"ritanery","twitter_card":"summary_large_image","twitter_misc":{"Escrito por":"ritanery","Est. tempo de leitura":"4 minutos"},"schema":{"@context":"https:\/\/schema.org","@graph":[{"@type":"Article","@id":"https:\/\/radiolifefm.com.br\/noticias\/o-escriba-provinciano-e-ponto-quase-final\/#article","isPartOf":{"@id":"https:\/\/radiolifefm.com.br\/noticias\/o-escriba-provinciano-e-ponto-quase-final\/"},"author":{"name":"ritanery","@id":"https:\/\/radiolifefm.com.br\/noticias\/#\/schema\/person\/6339b9fac59d12b071dec680d7375d87"},"headline":"O ESCRIBA PROVINCIANO E PONTO QUASE FINAL&#8230;","datePublished":"2024-04-29T11:19:11+00:00","dateModified":"2026-04-01T08:55:15+00:00","mainEntityOfPage":{"@id":"https:\/\/radiolifefm.com.br\/noticias\/o-escriba-provinciano-e-ponto-quase-final\/"},"wordCount":606,"publisher":{"@id":"https:\/\/radiolifefm.com.br\/noticias\/#organization"},"image":{"@id":"https:\/\/radiolifefm.com.br\/noticias\/o-escriba-provinciano-e-ponto-quase-final\/#primaryimage"},"thumbnailUrl":"https:\/\/radiolifefm.com.br\/noticias\/wp-content\/uploads\/2022\/04\/WhatsApp-Image-2022-04-10-at-18.43.02.jpeg","articleSection":["Opini\u00e3o"],"inLanguage":"pt-BR"},{"@type":"WebPage","@id":"https:\/\/radiolifefm.com.br\/noticias\/o-escriba-provinciano-e-ponto-quase-final\/","url":"https:\/\/radiolifefm.com.br\/noticias\/o-escriba-provinciano-e-ponto-quase-final\/","name":"O ESCRIBA PROVINCIANO E PONTO QUASE FINAL... - R\u00e1dio Life FM","isPartOf":{"@id":"https:\/\/radiolifefm.com.br\/noticias\/#website"},"primaryImageOfPage":{"@id":"https:\/\/radiolifefm.com.br\/noticias\/o-escriba-provinciano-e-ponto-quase-final\/#primaryimage"},"image":{"@id":"https:\/\/radiolifefm.com.br\/noticias\/o-escriba-provinciano-e-ponto-quase-final\/#primaryimage"},"thumbnailUrl":"https:\/\/radiolifefm.com.br\/noticias\/wp-content\/uploads\/2022\/04\/WhatsApp-Image-2022-04-10-at-18.43.02.jpeg","datePublished":"2024-04-29T11:19:11+00:00","dateModified":"2026-04-01T08:55:15+00:00","breadcrumb":{"@id":"https:\/\/radiolifefm.com.br\/noticias\/o-escriba-provinciano-e-ponto-quase-final\/#breadcrumb"},"inLanguage":"pt-BR","potentialAction":[{"@type":"ReadAction","target":["https:\/\/radiolifefm.com.br\/noticias\/o-escriba-provinciano-e-ponto-quase-final\/"]}]},{"@type":"ImageObject","inLanguage":"pt-BR","@id":"https:\/\/radiolifefm.com.br\/noticias\/o-escriba-provinciano-e-ponto-quase-final\/#primaryimage","url":"https:\/\/radiolifefm.com.br\/noticias\/wp-content\/uploads\/2022\/04\/WhatsApp-Image-2022-04-10-at-18.43.02.jpeg","contentUrl":"https:\/\/radiolifefm.com.br\/noticias\/wp-content\/uploads\/2022\/04\/WhatsApp-Image-2022-04-10-at-18.43.02.jpeg","width":972,"height":1296,"caption":"S\u00e9rgio Barbosa"},{"@type":"BreadcrumbList","@id":"https:\/\/radiolifefm.com.br\/noticias\/o-escriba-provinciano-e-ponto-quase-final\/#breadcrumb","itemListElement":[{"@type":"ListItem","position":1,"name":"In\u00edcio","item":"https:\/\/radiolifefm.com.br\/noticias\/"},{"@type":"ListItem","position":2,"name":"O ESCRIBA PROVINCIANO E PONTO QUASE FINAL&#8230;"}]},{"@type":"WebSite","@id":"https:\/\/radiolifefm.com.br\/noticias\/#website","url":"https:\/\/radiolifefm.com.br\/noticias\/","name":"R\u00e1dio Life FM","description":"O Portal de Not\u00edcias de Adamantina","publisher":{"@id":"https:\/\/radiolifefm.com.br\/noticias\/#organization"},"alternateName":"Life FM","potentialAction":[{"@type":"SearchAction","target":{"@type":"EntryPoint","urlTemplate":"https:\/\/radiolifefm.com.br\/noticias\/?s={search_term_string}"},"query-input":{"@type":"PropertyValueSpecification","valueRequired":true,"valueName":"search_term_string"}}],"inLanguage":"pt-BR"},{"@type":"Organization","@id":"https:\/\/radiolifefm.com.br\/noticias\/#organization","name":"R\u00e1dio Life FM","alternateName":"Life FM","url":"https:\/\/radiolifefm.com.br\/noticias\/","logo":{"@type":"ImageObject","inLanguage":"pt-BR","@id":"https:\/\/radiolifefm.com.br\/noticias\/#\/schema\/logo\/image\/","url":"https:\/\/static.radiolifefm.com.br\/noticias\/wp-content\/uploads\/2019\/10\/logo-lifefm.png","contentUrl":"https:\/\/static.radiolifefm.com.br\/noticias\/wp-content\/uploads\/2019\/10\/logo-lifefm.png","width":196,"height":47,"caption":"R\u00e1dio Life FM"},"image":{"@id":"https:\/\/radiolifefm.com.br\/noticias\/#\/schema\/logo\/image\/"},"sameAs":["https:\/\/www.facebook.com\/radiolifefm\/","https:\/\/www.instagram.com\/life1079fm\/"]},{"@type":"Person","@id":"https:\/\/radiolifefm.com.br\/noticias\/#\/schema\/person\/6339b9fac59d12b071dec680d7375d87","name":"ritanery","image":{"@type":"ImageObject","inLanguage":"pt-BR","@id":"https:\/\/secure.gravatar.com\/avatar\/0e37bb19071f47c0b8a23f62a903df117c5a0e75f65a0c2901562f97cd41cf86?s=96&d=mm&r=g","url":"https:\/\/secure.gravatar.com\/avatar\/0e37bb19071f47c0b8a23f62a903df117c5a0e75f65a0c2901562f97cd41cf86?s=96&d=mm&r=g","contentUrl":"https:\/\/secure.gravatar.com\/avatar\/0e37bb19071f47c0b8a23f62a903df117c5a0e75f65a0c2901562f97cd41cf86?s=96&d=mm&r=g","caption":"ritanery"}}]}},"amp_enabled":true,"_links":{"self":[{"href":"https:\/\/radiolifefm.com.br\/noticias\/wp-json\/wp\/v2\/posts\/86338","targetHints":{"allow":["GET"]}}],"collection":[{"href":"https:\/\/radiolifefm.com.br\/noticias\/wp-json\/wp\/v2\/posts"}],"about":[{"href":"https:\/\/radiolifefm.com.br\/noticias\/wp-json\/wp\/v2\/types\/post"}],"author":[{"embeddable":true,"href":"https:\/\/radiolifefm.com.br\/noticias\/wp-json\/wp\/v2\/users\/13"}],"replies":[{"embeddable":true,"href":"https:\/\/radiolifefm.com.br\/noticias\/wp-json\/wp\/v2\/comments?post=86338"}],"version-history":[{"count":1,"href":"https:\/\/radiolifefm.com.br\/noticias\/wp-json\/wp\/v2\/posts\/86338\/revisions"}],"predecessor-version":[{"id":86339,"href":"https:\/\/radiolifefm.com.br\/noticias\/wp-json\/wp\/v2\/posts\/86338\/revisions\/86339"}],"wp:featuredmedia":[{"embeddable":true,"href":"https:\/\/radiolifefm.com.br\/noticias\/wp-json\/wp\/v2\/media\/51988"}],"wp:attachment":[{"href":"https:\/\/radiolifefm.com.br\/noticias\/wp-json\/wp\/v2\/media?parent=86338"}],"wp:term":[{"taxonomy":"category","embeddable":true,"href":"https:\/\/radiolifefm.com.br\/noticias\/wp-json\/wp\/v2\/categories?post=86338"},{"taxonomy":"post_tag","embeddable":true,"href":"https:\/\/radiolifefm.com.br\/noticias\/wp-json\/wp\/v2\/tags?post=86338"}],"curies":[{"name":"wp","href":"https:\/\/api.w.org\/{rel}","templated":true}]}}