{"id":85773,"date":"2024-04-15T15:18:28","date_gmt":"2024-04-15T18:18:28","guid":{"rendered":"https:\/\/radiolifefm.com.br\/noticias\/?p=85773"},"modified":"2026-03-13T11:08:40","modified_gmt":"2026-03-13T14:08:40","slug":"a-camarilha-dos-quatro-do-apocalipse","status":"publish","type":"post","link":"https:\/\/radiolifefm.com.br\/noticias\/a-camarilha-dos-quatro-do-apocalipse\/","title":{"rendered":"A CAMARILHA DOS QUATRO DO APOCAL\u00cdPSE"},"content":{"rendered":"<div id=\"fb-root\"><\/div>\n<p><em>\u00a0<\/em><\/p>\n<p><em>\u201cA cr\u00f4nica \u00e9 isso: uma indefini\u00e7\u00e3o\u201d.(L.F.Ver\u00edssimo)<\/em><\/p>\n<p><strong><em>\u00a0<\/em><\/strong><\/p>\n<p><strong><em>S\u00e9rgio Barbosa (*)<\/em><\/strong><\/p>\n<p>&nbsp;<\/p>\n<p>A hist\u00f3ria em n\u00edvel mundial \u00e9 rica em fatos sobre temas e personagens de um tempo que continua mais presente do que nunca, neste caso em especial, os acontecimentos p\u00f3s-governo de Mao Tse Tsung na China, quando assumiu o poder central um grupo denominado \u201ca camarilha dos quatro\u201d&#8230;<\/p>\n<p>Dizem que a hist\u00f3rica \u00e9 c\u00edclica, assim, os fatos se repetem em meio aos interesses pelo comando acima de tudo e de todos, ainda mais, num contexto provinciano para tais camaradas&#8230;<\/p>\n<p>\u00cb sempre assim, o poder continua sendo o meio para a camarilha de sempre, afinal de contas, buscam apenas estar e se esquecem de ser neste caso espec\u00edfico, por\u00e9m, sempre existe uma voz para destoar o interesse escondido pelo denominado \u201ccanto da sereia\u201d ou pelo \u201camigo da on\u00e7a\u201d&#8230;<\/p>\n<p>Na antiga URSS-Uni\u00e3o das Rep\u00fablicas Socialistas Sovi\u00e9ticas marcou presen\u00e7a a partir da II Guerra Mundial um ditador de nome Josef Stalin, dominou o imp\u00e9rio sovi\u00e9tico com \u201cm\u00e3o de ferro\u201d e assassinou milh\u00f5es de compatriotas em nome da seguran\u00e7a do poder supremo, acima do bem e do mal&#8230;<\/p>\n<p>Aqui, a camarilha dos quatro, bem como, \u201co amigo da on\u00e7a\u201d, al\u00e9m dos pilantras de sempre, aqueles dos bastidores provincianos e uns fantoches provincianos pensam em nome da comunidade, usando para isto as armas da repress\u00e3o stalinista em tempo de globaliza\u00e7\u00e3o, o estatuto da camarilha dos quatro cavaleiros do apocalipse para conquistar contra a vontade do povo, como sempre, aquilo que n\u00e3o conseguem por meio da compet\u00eancia profissional e da qualifica\u00e7\u00e3o acad\u00eamica&#8230;<\/p>\n<p>O novo tempo se chama hoje, assim, s\u00e3o vozes destoantes numa orquestra tupiniquim no \u201cPa\u00eds do faz de conta\u201d, n\u00e3o desistem nunca desta busca pelo poder e deixam a desejar quando s\u00e3o questionados sobre temas relacionados com o mundo acad\u00eamico, tais como: ensino, pesquisa e extens\u00e3o&#8230;<\/p>\n<p>A lideran\u00e7a da camarilha pouco acrescenta neste caso espec\u00edfico, mesmo assim, continua falando pelas esquinas de uma prov\u00edncia qualquer contra os resultados da pr\u00e1xis educacional do empreendedor em pauta, tentando levar adiante propostas do passado arcaico para um contexto plural, tamb\u00e9m, muitos passaram pela academia, por\u00e9m, aprenderam outras artes, bem como, trabalhar com a repress\u00e3o sob a \u00f3tica da camarilha dos quatro em busca do poder pelo poder provincial&#8230;<\/p>\n<p><em>\u00a0<\/em><\/p>\n<p><strong><em>__________________________________<\/em><\/strong><\/p>\n<p><strong><em>(*) Jornalista profissional diplomado.<\/em><\/strong><\/p>\n<p><strong><em>e-mail: <a href=\"mailto:barbosa.sebar@gmail.com\">barbosa.sebar@gmail.com<\/a><\/em><\/strong><\/p>\n<p>&nbsp;<\/p>\n","protected":false},"excerpt":{"rendered":"<p>\u00a0 \u201cA cr\u00f4nica \u00e9 isso: uma indefini\u00e7\u00e3o\u201d.(L.F.Ver\u00edssimo) \u00a0 S\u00e9rgio Barbosa (*) &nbsp; A hist\u00f3ria em n\u00edvel mundial \u00e9 rica em fatos sobre temas e personagens de um tempo que continua mais presente do que nunca, neste caso em especial, os acontecimentos p\u00f3s-governo de Mao Tse Tsung na China, quando assumiu o poder central um grupo [&hellip;]<\/p>\n","protected":false},"author":13,"featured_media":51988,"comment_status":"closed","ping_status":"open","sticky":false,"template":"","format":"standard","meta":{"_acf_changed":false,"_exactmetrics_skip_tracking":false,"_exactmetrics_sitenote_active":false,"_exactmetrics_sitenote_note":"","_exactmetrics_sitenote_category":0,"footnotes":""},"categories":[59],"tags":[],"class_list":["post-85773","post","type-post","status-publish","format-standard","has-post-thumbnail","hentry","category-opiniao"],"acf":[],"yoast_head":"<!-- This site is optimized with the Yoast SEO plugin v27.2 - https:\/\/yoast.com\/product\/yoast-seo-wordpress\/ -->\n<title>A CAMARILHA DOS QUATRO DO APOCAL\u00cdPSE - R\u00e1dio Life FM<\/title>\n<meta name=\"robots\" content=\"index, follow, max-snippet:-1, max-image-preview:large, max-video-preview:-1\" \/>\n<link rel=\"canonical\" href=\"https:\/\/radiolifefm.com.br\/noticias\/a-camarilha-dos-quatro-do-apocalipse\/\" \/>\n<meta property=\"og:locale\" content=\"pt_BR\" \/>\n<meta property=\"og:type\" content=\"article\" \/>\n<meta property=\"og:title\" content=\"A CAMARILHA DOS QUATRO DO APOCAL\u00cdPSE - R\u00e1dio Life FM\" \/>\n<meta property=\"og:description\" content=\"\u00a0 \u201cA cr\u00f4nica \u00e9 isso: uma indefini\u00e7\u00e3o\u201d.(L.F.Ver\u00edssimo) \u00a0 S\u00e9rgio Barbosa (*) &nbsp; A hist\u00f3ria em n\u00edvel mundial \u00e9 rica em fatos sobre temas e personagens de um tempo que continua mais presente do que nunca, neste caso em especial, os acontecimentos p\u00f3s-governo de Mao Tse Tsung na China, quando assumiu o poder central um grupo [&hellip;]\" \/>\n<meta property=\"og:url\" content=\"https:\/\/radiolifefm.com.br\/noticias\/a-camarilha-dos-quatro-do-apocalipse\/\" \/>\n<meta property=\"og:site_name\" content=\"R\u00e1dio Life FM\" \/>\n<meta property=\"article:publisher\" content=\"https:\/\/www.facebook.com\/radiolifefm\/\" \/>\n<meta property=\"article:published_time\" content=\"2024-04-15T18:18:28+00:00\" \/>\n<meta property=\"article:modified_time\" content=\"2026-03-13T14:08:40+00:00\" \/>\n<meta property=\"og:image\" content=\"https:\/\/radiolifefm.com.br\/noticias\/wp-content\/uploads\/2022\/04\/WhatsApp-Image-2022-04-10-at-18.43.02.jpeg\" \/>\n\t<meta property=\"og:image:width\" content=\"972\" \/>\n\t<meta property=\"og:image:height\" content=\"1296\" \/>\n\t<meta property=\"og:image:type\" content=\"image\/jpeg\" \/>\n<meta name=\"author\" content=\"ritanery\" \/>\n<meta name=\"twitter:card\" content=\"summary_large_image\" \/>\n<meta name=\"twitter:label1\" content=\"Escrito por\" \/>\n\t<meta name=\"twitter:data1\" content=\"ritanery\" \/>\n\t<meta name=\"twitter:label2\" content=\"Est. tempo de leitura\" \/>\n\t<meta name=\"twitter:data2\" content=\"3 minutos\" \/>\n<script type=\"application\/ld+json\" class=\"yoast-schema-graph\">{\"@context\":\"https:\/\/schema.org\",\"@graph\":[{\"@type\":\"Article\",\"@id\":\"https:\/\/radiolifefm.com.br\/noticias\/a-camarilha-dos-quatro-do-apocalipse\/#article\",\"isPartOf\":{\"@id\":\"https:\/\/radiolifefm.com.br\/noticias\/a-camarilha-dos-quatro-do-apocalipse\/\"},\"author\":{\"name\":\"ritanery\",\"@id\":\"https:\/\/radiolifefm.com.br\/noticias\/#\/schema\/person\/6339b9fac59d12b071dec680d7375d87\"},\"headline\":\"A CAMARILHA DOS QUATRO DO APOCAL\u00cdPSE\",\"datePublished\":\"2024-04-15T18:18:28+00:00\",\"dateModified\":\"2026-03-13T14:08:40+00:00\",\"mainEntityOfPage\":{\"@id\":\"https:\/\/radiolifefm.com.br\/noticias\/a-camarilha-dos-quatro-do-apocalipse\/\"},\"wordCount\":427,\"publisher\":{\"@id\":\"https:\/\/radiolifefm.com.br\/noticias\/#organization\"},\"image\":{\"@id\":\"https:\/\/radiolifefm.com.br\/noticias\/a-camarilha-dos-quatro-do-apocalipse\/#primaryimage\"},\"thumbnailUrl\":\"https:\/\/radiolifefm.com.br\/noticias\/wp-content\/uploads\/2022\/04\/WhatsApp-Image-2022-04-10-at-18.43.02.jpeg\",\"articleSection\":[\"Opini\u00e3o\"],\"inLanguage\":\"pt-BR\"},{\"@type\":\"WebPage\",\"@id\":\"https:\/\/radiolifefm.com.br\/noticias\/a-camarilha-dos-quatro-do-apocalipse\/\",\"url\":\"https:\/\/radiolifefm.com.br\/noticias\/a-camarilha-dos-quatro-do-apocalipse\/\",\"name\":\"A CAMARILHA DOS QUATRO DO APOCAL\u00cdPSE - R\u00e1dio Life FM\",\"isPartOf\":{\"@id\":\"https:\/\/radiolifefm.com.br\/noticias\/#website\"},\"primaryImageOfPage\":{\"@id\":\"https:\/\/radiolifefm.com.br\/noticias\/a-camarilha-dos-quatro-do-apocalipse\/#primaryimage\"},\"image\":{\"@id\":\"https:\/\/radiolifefm.com.br\/noticias\/a-camarilha-dos-quatro-do-apocalipse\/#primaryimage\"},\"thumbnailUrl\":\"https:\/\/radiolifefm.com.br\/noticias\/wp-content\/uploads\/2022\/04\/WhatsApp-Image-2022-04-10-at-18.43.02.jpeg\",\"datePublished\":\"2024-04-15T18:18:28+00:00\",\"dateModified\":\"2026-03-13T14:08:40+00:00\",\"breadcrumb\":{\"@id\":\"https:\/\/radiolifefm.com.br\/noticias\/a-camarilha-dos-quatro-do-apocalipse\/#breadcrumb\"},\"inLanguage\":\"pt-BR\",\"potentialAction\":[{\"@type\":\"ReadAction\",\"target\":[\"https:\/\/radiolifefm.com.br\/noticias\/a-camarilha-dos-quatro-do-apocalipse\/\"]}]},{\"@type\":\"ImageObject\",\"inLanguage\":\"pt-BR\",\"@id\":\"https:\/\/radiolifefm.com.br\/noticias\/a-camarilha-dos-quatro-do-apocalipse\/#primaryimage\",\"url\":\"https:\/\/radiolifefm.com.br\/noticias\/wp-content\/uploads\/2022\/04\/WhatsApp-Image-2022-04-10-at-18.43.02.jpeg\",\"contentUrl\":\"https:\/\/radiolifefm.com.br\/noticias\/wp-content\/uploads\/2022\/04\/WhatsApp-Image-2022-04-10-at-18.43.02.jpeg\",\"width\":972,\"height\":1296,\"caption\":\"S\u00e9rgio Barbosa\"},{\"@type\":\"BreadcrumbList\",\"@id\":\"https:\/\/radiolifefm.com.br\/noticias\/a-camarilha-dos-quatro-do-apocalipse\/#breadcrumb\",\"itemListElement\":[{\"@type\":\"ListItem\",\"position\":1,\"name\":\"In\u00edcio\",\"item\":\"https:\/\/radiolifefm.com.br\/noticias\/\"},{\"@type\":\"ListItem\",\"position\":2,\"name\":\"A CAMARILHA DOS QUATRO DO APOCAL\u00cdPSE\"}]},{\"@type\":\"WebSite\",\"@id\":\"https:\/\/radiolifefm.com.br\/noticias\/#website\",\"url\":\"https:\/\/radiolifefm.com.br\/noticias\/\",\"name\":\"R\u00e1dio Life FM\",\"description\":\"O Portal de Not\u00edcias de Adamantina\",\"publisher\":{\"@id\":\"https:\/\/radiolifefm.com.br\/noticias\/#organization\"},\"alternateName\":\"Life FM\",\"potentialAction\":[{\"@type\":\"SearchAction\",\"target\":{\"@type\":\"EntryPoint\",\"urlTemplate\":\"https:\/\/radiolifefm.com.br\/noticias\/?s={search_term_string}\"},\"query-input\":{\"@type\":\"PropertyValueSpecification\",\"valueRequired\":true,\"valueName\":\"search_term_string\"}}],\"inLanguage\":\"pt-BR\"},{\"@type\":\"Organization\",\"@id\":\"https:\/\/radiolifefm.com.br\/noticias\/#organization\",\"name\":\"R\u00e1dio Life FM\",\"alternateName\":\"Life FM\",\"url\":\"https:\/\/radiolifefm.com.br\/noticias\/\",\"logo\":{\"@type\":\"ImageObject\",\"inLanguage\":\"pt-BR\",\"@id\":\"https:\/\/radiolifefm.com.br\/noticias\/#\/schema\/logo\/image\/\",\"url\":\"https:\/\/static.radiolifefm.com.br\/noticias\/wp-content\/uploads\/2019\/10\/logo-lifefm.png\",\"contentUrl\":\"https:\/\/static.radiolifefm.com.br\/noticias\/wp-content\/uploads\/2019\/10\/logo-lifefm.png\",\"width\":196,\"height\":47,\"caption\":\"R\u00e1dio Life FM\"},\"image\":{\"@id\":\"https:\/\/radiolifefm.com.br\/noticias\/#\/schema\/logo\/image\/\"},\"sameAs\":[\"https:\/\/www.facebook.com\/radiolifefm\/\",\"https:\/\/www.instagram.com\/life1079fm\/\"]},{\"@type\":\"Person\",\"@id\":\"https:\/\/radiolifefm.com.br\/noticias\/#\/schema\/person\/6339b9fac59d12b071dec680d7375d87\",\"name\":\"ritanery\",\"image\":{\"@type\":\"ImageObject\",\"inLanguage\":\"pt-BR\",\"@id\":\"https:\/\/secure.gravatar.com\/avatar\/0e37bb19071f47c0b8a23f62a903df117c5a0e75f65a0c2901562f97cd41cf86?s=96&d=mm&r=g\",\"url\":\"https:\/\/secure.gravatar.com\/avatar\/0e37bb19071f47c0b8a23f62a903df117c5a0e75f65a0c2901562f97cd41cf86?s=96&d=mm&r=g\",\"contentUrl\":\"https:\/\/secure.gravatar.com\/avatar\/0e37bb19071f47c0b8a23f62a903df117c5a0e75f65a0c2901562f97cd41cf86?s=96&d=mm&r=g\",\"caption\":\"ritanery\"}}]}<\/script>\n<!-- \/ Yoast SEO plugin. -->","yoast_head_json":{"title":"A CAMARILHA DOS QUATRO DO APOCAL\u00cdPSE - R\u00e1dio Life FM","robots":{"index":"index","follow":"follow","max-snippet":"max-snippet:-1","max-image-preview":"max-image-preview:large","max-video-preview":"max-video-preview:-1"},"canonical":"https:\/\/radiolifefm.com.br\/noticias\/a-camarilha-dos-quatro-do-apocalipse\/","og_locale":"pt_BR","og_type":"article","og_title":"A CAMARILHA DOS QUATRO DO APOCAL\u00cdPSE - R\u00e1dio Life FM","og_description":"\u00a0 \u201cA cr\u00f4nica \u00e9 isso: uma indefini\u00e7\u00e3o\u201d.(L.F.Ver\u00edssimo) \u00a0 S\u00e9rgio Barbosa (*) &nbsp; A hist\u00f3ria em n\u00edvel mundial \u00e9 rica em fatos sobre temas e personagens de um tempo que continua mais presente do que nunca, neste caso em especial, os acontecimentos p\u00f3s-governo de Mao Tse Tsung na China, quando assumiu o poder central um grupo [&hellip;]","og_url":"https:\/\/radiolifefm.com.br\/noticias\/a-camarilha-dos-quatro-do-apocalipse\/","og_site_name":"R\u00e1dio Life FM","article_publisher":"https:\/\/www.facebook.com\/radiolifefm\/","article_published_time":"2024-04-15T18:18:28+00:00","article_modified_time":"2026-03-13T14:08:40+00:00","og_image":[{"width":972,"height":1296,"url":"https:\/\/radiolifefm.com.br\/noticias\/wp-content\/uploads\/2022\/04\/WhatsApp-Image-2022-04-10-at-18.43.02.jpeg","type":"image\/jpeg"}],"author":"ritanery","twitter_card":"summary_large_image","twitter_misc":{"Escrito por":"ritanery","Est. tempo de leitura":"3 minutos"},"schema":{"@context":"https:\/\/schema.org","@graph":[{"@type":"Article","@id":"https:\/\/radiolifefm.com.br\/noticias\/a-camarilha-dos-quatro-do-apocalipse\/#article","isPartOf":{"@id":"https:\/\/radiolifefm.com.br\/noticias\/a-camarilha-dos-quatro-do-apocalipse\/"},"author":{"name":"ritanery","@id":"https:\/\/radiolifefm.com.br\/noticias\/#\/schema\/person\/6339b9fac59d12b071dec680d7375d87"},"headline":"A CAMARILHA DOS QUATRO DO APOCAL\u00cdPSE","datePublished":"2024-04-15T18:18:28+00:00","dateModified":"2026-03-13T14:08:40+00:00","mainEntityOfPage":{"@id":"https:\/\/radiolifefm.com.br\/noticias\/a-camarilha-dos-quatro-do-apocalipse\/"},"wordCount":427,"publisher":{"@id":"https:\/\/radiolifefm.com.br\/noticias\/#organization"},"image":{"@id":"https:\/\/radiolifefm.com.br\/noticias\/a-camarilha-dos-quatro-do-apocalipse\/#primaryimage"},"thumbnailUrl":"https:\/\/radiolifefm.com.br\/noticias\/wp-content\/uploads\/2022\/04\/WhatsApp-Image-2022-04-10-at-18.43.02.jpeg","articleSection":["Opini\u00e3o"],"inLanguage":"pt-BR"},{"@type":"WebPage","@id":"https:\/\/radiolifefm.com.br\/noticias\/a-camarilha-dos-quatro-do-apocalipse\/","url":"https:\/\/radiolifefm.com.br\/noticias\/a-camarilha-dos-quatro-do-apocalipse\/","name":"A CAMARILHA DOS QUATRO DO APOCAL\u00cdPSE - R\u00e1dio Life FM","isPartOf":{"@id":"https:\/\/radiolifefm.com.br\/noticias\/#website"},"primaryImageOfPage":{"@id":"https:\/\/radiolifefm.com.br\/noticias\/a-camarilha-dos-quatro-do-apocalipse\/#primaryimage"},"image":{"@id":"https:\/\/radiolifefm.com.br\/noticias\/a-camarilha-dos-quatro-do-apocalipse\/#primaryimage"},"thumbnailUrl":"https:\/\/radiolifefm.com.br\/noticias\/wp-content\/uploads\/2022\/04\/WhatsApp-Image-2022-04-10-at-18.43.02.jpeg","datePublished":"2024-04-15T18:18:28+00:00","dateModified":"2026-03-13T14:08:40+00:00","breadcrumb":{"@id":"https:\/\/radiolifefm.com.br\/noticias\/a-camarilha-dos-quatro-do-apocalipse\/#breadcrumb"},"inLanguage":"pt-BR","potentialAction":[{"@type":"ReadAction","target":["https:\/\/radiolifefm.com.br\/noticias\/a-camarilha-dos-quatro-do-apocalipse\/"]}]},{"@type":"ImageObject","inLanguage":"pt-BR","@id":"https:\/\/radiolifefm.com.br\/noticias\/a-camarilha-dos-quatro-do-apocalipse\/#primaryimage","url":"https:\/\/radiolifefm.com.br\/noticias\/wp-content\/uploads\/2022\/04\/WhatsApp-Image-2022-04-10-at-18.43.02.jpeg","contentUrl":"https:\/\/radiolifefm.com.br\/noticias\/wp-content\/uploads\/2022\/04\/WhatsApp-Image-2022-04-10-at-18.43.02.jpeg","width":972,"height":1296,"caption":"S\u00e9rgio Barbosa"},{"@type":"BreadcrumbList","@id":"https:\/\/radiolifefm.com.br\/noticias\/a-camarilha-dos-quatro-do-apocalipse\/#breadcrumb","itemListElement":[{"@type":"ListItem","position":1,"name":"In\u00edcio","item":"https:\/\/radiolifefm.com.br\/noticias\/"},{"@type":"ListItem","position":2,"name":"A CAMARILHA DOS QUATRO DO APOCAL\u00cdPSE"}]},{"@type":"WebSite","@id":"https:\/\/radiolifefm.com.br\/noticias\/#website","url":"https:\/\/radiolifefm.com.br\/noticias\/","name":"R\u00e1dio Life FM","description":"O Portal de Not\u00edcias de Adamantina","publisher":{"@id":"https:\/\/radiolifefm.com.br\/noticias\/#organization"},"alternateName":"Life FM","potentialAction":[{"@type":"SearchAction","target":{"@type":"EntryPoint","urlTemplate":"https:\/\/radiolifefm.com.br\/noticias\/?s={search_term_string}"},"query-input":{"@type":"PropertyValueSpecification","valueRequired":true,"valueName":"search_term_string"}}],"inLanguage":"pt-BR"},{"@type":"Organization","@id":"https:\/\/radiolifefm.com.br\/noticias\/#organization","name":"R\u00e1dio Life FM","alternateName":"Life FM","url":"https:\/\/radiolifefm.com.br\/noticias\/","logo":{"@type":"ImageObject","inLanguage":"pt-BR","@id":"https:\/\/radiolifefm.com.br\/noticias\/#\/schema\/logo\/image\/","url":"https:\/\/static.radiolifefm.com.br\/noticias\/wp-content\/uploads\/2019\/10\/logo-lifefm.png","contentUrl":"https:\/\/static.radiolifefm.com.br\/noticias\/wp-content\/uploads\/2019\/10\/logo-lifefm.png","width":196,"height":47,"caption":"R\u00e1dio Life FM"},"image":{"@id":"https:\/\/radiolifefm.com.br\/noticias\/#\/schema\/logo\/image\/"},"sameAs":["https:\/\/www.facebook.com\/radiolifefm\/","https:\/\/www.instagram.com\/life1079fm\/"]},{"@type":"Person","@id":"https:\/\/radiolifefm.com.br\/noticias\/#\/schema\/person\/6339b9fac59d12b071dec680d7375d87","name":"ritanery","image":{"@type":"ImageObject","inLanguage":"pt-BR","@id":"https:\/\/secure.gravatar.com\/avatar\/0e37bb19071f47c0b8a23f62a903df117c5a0e75f65a0c2901562f97cd41cf86?s=96&d=mm&r=g","url":"https:\/\/secure.gravatar.com\/avatar\/0e37bb19071f47c0b8a23f62a903df117c5a0e75f65a0c2901562f97cd41cf86?s=96&d=mm&r=g","contentUrl":"https:\/\/secure.gravatar.com\/avatar\/0e37bb19071f47c0b8a23f62a903df117c5a0e75f65a0c2901562f97cd41cf86?s=96&d=mm&r=g","caption":"ritanery"}}]}},"amp_enabled":true,"_links":{"self":[{"href":"https:\/\/radiolifefm.com.br\/noticias\/wp-json\/wp\/v2\/posts\/85773","targetHints":{"allow":["GET"]}}],"collection":[{"href":"https:\/\/radiolifefm.com.br\/noticias\/wp-json\/wp\/v2\/posts"}],"about":[{"href":"https:\/\/radiolifefm.com.br\/noticias\/wp-json\/wp\/v2\/types\/post"}],"author":[{"embeddable":true,"href":"https:\/\/radiolifefm.com.br\/noticias\/wp-json\/wp\/v2\/users\/13"}],"replies":[{"embeddable":true,"href":"https:\/\/radiolifefm.com.br\/noticias\/wp-json\/wp\/v2\/comments?post=85773"}],"version-history":[{"count":1,"href":"https:\/\/radiolifefm.com.br\/noticias\/wp-json\/wp\/v2\/posts\/85773\/revisions"}],"predecessor-version":[{"id":85774,"href":"https:\/\/radiolifefm.com.br\/noticias\/wp-json\/wp\/v2\/posts\/85773\/revisions\/85774"}],"wp:featuredmedia":[{"embeddable":true,"href":"https:\/\/radiolifefm.com.br\/noticias\/wp-json\/wp\/v2\/media\/51988"}],"wp:attachment":[{"href":"https:\/\/radiolifefm.com.br\/noticias\/wp-json\/wp\/v2\/media?parent=85773"}],"wp:term":[{"taxonomy":"category","embeddable":true,"href":"https:\/\/radiolifefm.com.br\/noticias\/wp-json\/wp\/v2\/categories?post=85773"},{"taxonomy":"post_tag","embeddable":true,"href":"https:\/\/radiolifefm.com.br\/noticias\/wp-json\/wp\/v2\/tags?post=85773"}],"curies":[{"name":"wp","href":"https:\/\/api.w.org\/{rel}","templated":true}]}}