{"id":85429,"date":"2024-04-08T08:10:11","date_gmt":"2024-04-08T11:10:11","guid":{"rendered":"https:\/\/radiolifefm.com.br\/noticias\/?p=85429"},"modified":"2026-04-11T07:41:57","modified_gmt":"2026-04-11T10:41:57","slug":"por-quem-choram-as-nuvens","status":"publish","type":"post","link":"https:\/\/radiolifefm.com.br\/noticias\/por-quem-choram-as-nuvens\/","title":{"rendered":"Por quem choram as Nuvens?"},"content":{"rendered":"<div id=\"fb-root\"><\/div>\n<p>Quando passas tristemente sem me ver,<\/p>\n<p>E meus olhos te seguem sem querer,<\/p>\n<p>Se ressente e se entristece toda a natureza,<\/p>\n<p>Mas caminhas indiferentes, com teu ar de nobreza!<\/p>\n<p>&nbsp;<\/p>\n<p>\u00c0s vezes penso que de meu amor, desconfias,<\/p>\n<p>E sorrateiramente e nas entrelinhas, me avalias,<\/p>\n<p>Quanto amor se derrama de meu olhar?<\/p>\n<p>Porque todas as tardes, em minha rua, vens passear.<\/p>\n<p>&nbsp;<\/p>\n<p>\u00c0 tua indiferen\u00e7a, meu cora\u00e7\u00e3o se angustia,<\/p>\n<p>Por ser t\u00e3o belo, tens a alma t\u00e3o fria?<\/p>\n<p>Que amor o meu, que te idolatra em meu peito?<\/p>\n<p>Mas acumula nuvens de d\u00favidas, desse jeito!<\/p>\n<p>&nbsp;<\/p>\n<p>Se eu morresse de amor em um desses dias,<\/p>\n<p>Quando passasses por aqui, eu n\u00e3o mais estaria.<\/p>\n<p>Ser\u00e1 que por falta de meu olhar, sofrerias?<\/p>\n<p>Ou de contente teu rosto se alegraria?<\/p>\n<p>&nbsp;<\/p>\n<p>Agora vou confessar minha dor,<\/p>\n<p>Acumularam-se tantas nuvens de amor,<\/p>\n<p>Que elas v\u00e3o chorar de compaix\u00e3o,<\/p>\n<p>Guardando para sempre em meu peito, a solid\u00e3o!<\/p>\n<p>&nbsp;<\/p>\n<p>As nuvens v\u00e3o se derramar de emo\u00e7\u00e3o,<\/p>\n<p>Quando virem meu corpo sem vida, e sem devo\u00e7\u00e3o!<\/p>\n<p>V\u00e3o chorar de arrebatamento<\/p>\n<p>Molhando de saudades, para sempre o teu lamento!<\/p>\n<p>&nbsp;<\/p>\n<p>Ao te ver fr\u00e1gil, t\u00e3o arrependido e sem vontade,<\/p>\n<p>Elas v\u00e3o sentir tristeza pelas nossas vidas,<\/p>\n<p>E se desfar\u00e3o em l\u00e1grimas como tempestade<\/p>\n<p>Por duas criaturas jazidas!<\/p>\n<p><strong>Solange Lisboa<\/strong><\/p>\n<p><strong>27\/06\/2023<\/strong><\/p>\n<p><strong>Escritora\/poeta<\/strong><\/p>\n<p><strong>@sollisboapoeta<\/strong><\/p>\n<p><strong>solangeserrao3@gmail.com<\/strong><\/p>\n<p>&nbsp;<\/p>\n<p>&nbsp;<\/p>\n","protected":false},"excerpt":{"rendered":"<p>Quando passas tristemente sem me ver, E meus olhos te seguem sem querer, Se ressente e se entristece toda a natureza, Mas caminhas indiferentes, com teu ar de nobreza! &nbsp; \u00c0s vezes penso que de meu amor, desconfias, E sorrateiramente e nas entrelinhas, me avalias, Quanto amor se derrama de meu olhar? Porque todas as [&hellip;]<\/p>\n","protected":false},"author":13,"featured_media":85430,"comment_status":"closed","ping_status":"open","sticky":false,"template":"","format":"standard","meta":{"_acf_changed":false,"_exactmetrics_skip_tracking":false,"_exactmetrics_sitenote_active":false,"_exactmetrics_sitenote_note":"","_exactmetrics_sitenote_category":0,"footnotes":""},"categories":[59],"tags":[],"class_list":["post-85429","post","type-post","status-publish","format-standard","has-post-thumbnail","hentry","category-opiniao"],"acf":[],"yoast_head":"<!-- This site is optimized with the Yoast SEO plugin v27.2 - https:\/\/yoast.com\/product\/yoast-seo-wordpress\/ -->\n<title>Por quem choram as Nuvens? - R\u00e1dio Life FM<\/title>\n<meta name=\"robots\" content=\"index, follow, max-snippet:-1, max-image-preview:large, max-video-preview:-1\" \/>\n<link rel=\"canonical\" href=\"https:\/\/radiolifefm.com.br\/noticias\/por-quem-choram-as-nuvens\/\" \/>\n<meta property=\"og:locale\" content=\"pt_BR\" \/>\n<meta property=\"og:type\" content=\"article\" \/>\n<meta property=\"og:title\" content=\"Por quem choram as Nuvens? - R\u00e1dio Life FM\" \/>\n<meta property=\"og:description\" content=\"Quando passas tristemente sem me ver, E meus olhos te seguem sem querer, Se ressente e se entristece toda a natureza, Mas caminhas indiferentes, com teu ar de nobreza! &nbsp; \u00c0s vezes penso que de meu amor, desconfias, E sorrateiramente e nas entrelinhas, me avalias, Quanto amor se derrama de meu olhar? Porque todas as [&hellip;]\" \/>\n<meta property=\"og:url\" content=\"https:\/\/radiolifefm.com.br\/noticias\/por-quem-choram-as-nuvens\/\" \/>\n<meta property=\"og:site_name\" content=\"R\u00e1dio Life FM\" \/>\n<meta property=\"article:publisher\" content=\"https:\/\/www.facebook.com\/radiolifefm\/\" \/>\n<meta property=\"article:published_time\" content=\"2024-04-08T11:10:11+00:00\" \/>\n<meta property=\"article:modified_time\" content=\"2026-04-11T10:41:57+00:00\" \/>\n<meta property=\"og:image\" content=\"https:\/\/radiolifefm.com.br\/noticias\/wp-content\/uploads\/2024\/04\/WhatsApp-Image-2024-04-07-at-19.08.32.jpeg\" \/>\n\t<meta property=\"og:image:width\" content=\"1199\" \/>\n\t<meta property=\"og:image:height\" content=\"1599\" \/>\n\t<meta property=\"og:image:type\" content=\"image\/jpeg\" \/>\n<meta name=\"author\" content=\"ritanery\" \/>\n<meta name=\"twitter:card\" content=\"summary_large_image\" \/>\n<meta name=\"twitter:label1\" content=\"Escrito por\" \/>\n\t<meta name=\"twitter:data1\" content=\"ritanery\" \/>\n\t<meta name=\"twitter:label2\" content=\"Est. tempo de leitura\" \/>\n\t<meta name=\"twitter:data2\" content=\"2 minutos\" \/>\n<script type=\"application\/ld+json\" class=\"yoast-schema-graph\">{\"@context\":\"https:\/\/schema.org\",\"@graph\":[{\"@type\":\"Article\",\"@id\":\"https:\/\/radiolifefm.com.br\/noticias\/por-quem-choram-as-nuvens\/#article\",\"isPartOf\":{\"@id\":\"https:\/\/radiolifefm.com.br\/noticias\/por-quem-choram-as-nuvens\/\"},\"author\":{\"name\":\"ritanery\",\"@id\":\"https:\/\/radiolifefm.com.br\/noticias\/#\/schema\/person\/6339b9fac59d12b071dec680d7375d87\"},\"headline\":\"Por quem choram as Nuvens?\",\"datePublished\":\"2024-04-08T11:10:11+00:00\",\"dateModified\":\"2026-04-11T10:41:57+00:00\",\"mainEntityOfPage\":{\"@id\":\"https:\/\/radiolifefm.com.br\/noticias\/por-quem-choram-as-nuvens\/\"},\"wordCount\":242,\"publisher\":{\"@id\":\"https:\/\/radiolifefm.com.br\/noticias\/#organization\"},\"image\":{\"@id\":\"https:\/\/radiolifefm.com.br\/noticias\/por-quem-choram-as-nuvens\/#primaryimage\"},\"thumbnailUrl\":\"https:\/\/radiolifefm.com.br\/noticias\/wp-content\/uploads\/2024\/04\/WhatsApp-Image-2024-04-07-at-19.08.32.jpeg\",\"articleSection\":[\"Opini\u00e3o\"],\"inLanguage\":\"pt-BR\"},{\"@type\":\"WebPage\",\"@id\":\"https:\/\/radiolifefm.com.br\/noticias\/por-quem-choram-as-nuvens\/\",\"url\":\"https:\/\/radiolifefm.com.br\/noticias\/por-quem-choram-as-nuvens\/\",\"name\":\"Por quem choram as Nuvens? - R\u00e1dio Life FM\",\"isPartOf\":{\"@id\":\"https:\/\/radiolifefm.com.br\/noticias\/#website\"},\"primaryImageOfPage\":{\"@id\":\"https:\/\/radiolifefm.com.br\/noticias\/por-quem-choram-as-nuvens\/#primaryimage\"},\"image\":{\"@id\":\"https:\/\/radiolifefm.com.br\/noticias\/por-quem-choram-as-nuvens\/#primaryimage\"},\"thumbnailUrl\":\"https:\/\/radiolifefm.com.br\/noticias\/wp-content\/uploads\/2024\/04\/WhatsApp-Image-2024-04-07-at-19.08.32.jpeg\",\"datePublished\":\"2024-04-08T11:10:11+00:00\",\"dateModified\":\"2026-04-11T10:41:57+00:00\",\"breadcrumb\":{\"@id\":\"https:\/\/radiolifefm.com.br\/noticias\/por-quem-choram-as-nuvens\/#breadcrumb\"},\"inLanguage\":\"pt-BR\",\"potentialAction\":[{\"@type\":\"ReadAction\",\"target\":[\"https:\/\/radiolifefm.com.br\/noticias\/por-quem-choram-as-nuvens\/\"]}]},{\"@type\":\"ImageObject\",\"inLanguage\":\"pt-BR\",\"@id\":\"https:\/\/radiolifefm.com.br\/noticias\/por-quem-choram-as-nuvens\/#primaryimage\",\"url\":\"https:\/\/radiolifefm.com.br\/noticias\/wp-content\/uploads\/2024\/04\/WhatsApp-Image-2024-04-07-at-19.08.32.jpeg\",\"contentUrl\":\"https:\/\/radiolifefm.com.br\/noticias\/wp-content\/uploads\/2024\/04\/WhatsApp-Image-2024-04-07-at-19.08.32.jpeg\",\"width\":1199,\"height\":1599,\"caption\":\"Solange Lisboa\"},{\"@type\":\"BreadcrumbList\",\"@id\":\"https:\/\/radiolifefm.com.br\/noticias\/por-quem-choram-as-nuvens\/#breadcrumb\",\"itemListElement\":[{\"@type\":\"ListItem\",\"position\":1,\"name\":\"In\u00edcio\",\"item\":\"https:\/\/radiolifefm.com.br\/noticias\/\"},{\"@type\":\"ListItem\",\"position\":2,\"name\":\"Por quem choram as Nuvens?\"}]},{\"@type\":\"WebSite\",\"@id\":\"https:\/\/radiolifefm.com.br\/noticias\/#website\",\"url\":\"https:\/\/radiolifefm.com.br\/noticias\/\",\"name\":\"R\u00e1dio Life FM\",\"description\":\"O Portal de Not\u00edcias de Adamantina\",\"publisher\":{\"@id\":\"https:\/\/radiolifefm.com.br\/noticias\/#organization\"},\"alternateName\":\"Life FM\",\"potentialAction\":[{\"@type\":\"SearchAction\",\"target\":{\"@type\":\"EntryPoint\",\"urlTemplate\":\"https:\/\/radiolifefm.com.br\/noticias\/?s={search_term_string}\"},\"query-input\":{\"@type\":\"PropertyValueSpecification\",\"valueRequired\":true,\"valueName\":\"search_term_string\"}}],\"inLanguage\":\"pt-BR\"},{\"@type\":\"Organization\",\"@id\":\"https:\/\/radiolifefm.com.br\/noticias\/#organization\",\"name\":\"R\u00e1dio Life FM\",\"alternateName\":\"Life FM\",\"url\":\"https:\/\/radiolifefm.com.br\/noticias\/\",\"logo\":{\"@type\":\"ImageObject\",\"inLanguage\":\"pt-BR\",\"@id\":\"https:\/\/radiolifefm.com.br\/noticias\/#\/schema\/logo\/image\/\",\"url\":\"https:\/\/static.radiolifefm.com.br\/noticias\/wp-content\/uploads\/2019\/10\/logo-lifefm.png\",\"contentUrl\":\"https:\/\/static.radiolifefm.com.br\/noticias\/wp-content\/uploads\/2019\/10\/logo-lifefm.png\",\"width\":196,\"height\":47,\"caption\":\"R\u00e1dio Life FM\"},\"image\":{\"@id\":\"https:\/\/radiolifefm.com.br\/noticias\/#\/schema\/logo\/image\/\"},\"sameAs\":[\"https:\/\/www.facebook.com\/radiolifefm\/\",\"https:\/\/www.instagram.com\/life1079fm\/\"]},{\"@type\":\"Person\",\"@id\":\"https:\/\/radiolifefm.com.br\/noticias\/#\/schema\/person\/6339b9fac59d12b071dec680d7375d87\",\"name\":\"ritanery\",\"image\":{\"@type\":\"ImageObject\",\"inLanguage\":\"pt-BR\",\"@id\":\"https:\/\/secure.gravatar.com\/avatar\/0e37bb19071f47c0b8a23f62a903df117c5a0e75f65a0c2901562f97cd41cf86?s=96&d=mm&r=g\",\"url\":\"https:\/\/secure.gravatar.com\/avatar\/0e37bb19071f47c0b8a23f62a903df117c5a0e75f65a0c2901562f97cd41cf86?s=96&d=mm&r=g\",\"contentUrl\":\"https:\/\/secure.gravatar.com\/avatar\/0e37bb19071f47c0b8a23f62a903df117c5a0e75f65a0c2901562f97cd41cf86?s=96&d=mm&r=g\",\"caption\":\"ritanery\"}}]}<\/script>\n<!-- \/ Yoast SEO plugin. -->","yoast_head_json":{"title":"Por quem choram as Nuvens? - R\u00e1dio Life FM","robots":{"index":"index","follow":"follow","max-snippet":"max-snippet:-1","max-image-preview":"max-image-preview:large","max-video-preview":"max-video-preview:-1"},"canonical":"https:\/\/radiolifefm.com.br\/noticias\/por-quem-choram-as-nuvens\/","og_locale":"pt_BR","og_type":"article","og_title":"Por quem choram as Nuvens? - R\u00e1dio Life FM","og_description":"Quando passas tristemente sem me ver, E meus olhos te seguem sem querer, Se ressente e se entristece toda a natureza, Mas caminhas indiferentes, com teu ar de nobreza! &nbsp; \u00c0s vezes penso que de meu amor, desconfias, E sorrateiramente e nas entrelinhas, me avalias, Quanto amor se derrama de meu olhar? Porque todas as [&hellip;]","og_url":"https:\/\/radiolifefm.com.br\/noticias\/por-quem-choram-as-nuvens\/","og_site_name":"R\u00e1dio Life FM","article_publisher":"https:\/\/www.facebook.com\/radiolifefm\/","article_published_time":"2024-04-08T11:10:11+00:00","article_modified_time":"2026-04-11T10:41:57+00:00","og_image":[{"width":1199,"height":1599,"url":"https:\/\/radiolifefm.com.br\/noticias\/wp-content\/uploads\/2024\/04\/WhatsApp-Image-2024-04-07-at-19.08.32.jpeg","type":"image\/jpeg"}],"author":"ritanery","twitter_card":"summary_large_image","twitter_misc":{"Escrito por":"ritanery","Est. tempo de leitura":"2 minutos"},"schema":{"@context":"https:\/\/schema.org","@graph":[{"@type":"Article","@id":"https:\/\/radiolifefm.com.br\/noticias\/por-quem-choram-as-nuvens\/#article","isPartOf":{"@id":"https:\/\/radiolifefm.com.br\/noticias\/por-quem-choram-as-nuvens\/"},"author":{"name":"ritanery","@id":"https:\/\/radiolifefm.com.br\/noticias\/#\/schema\/person\/6339b9fac59d12b071dec680d7375d87"},"headline":"Por quem choram as Nuvens?","datePublished":"2024-04-08T11:10:11+00:00","dateModified":"2026-04-11T10:41:57+00:00","mainEntityOfPage":{"@id":"https:\/\/radiolifefm.com.br\/noticias\/por-quem-choram-as-nuvens\/"},"wordCount":242,"publisher":{"@id":"https:\/\/radiolifefm.com.br\/noticias\/#organization"},"image":{"@id":"https:\/\/radiolifefm.com.br\/noticias\/por-quem-choram-as-nuvens\/#primaryimage"},"thumbnailUrl":"https:\/\/radiolifefm.com.br\/noticias\/wp-content\/uploads\/2024\/04\/WhatsApp-Image-2024-04-07-at-19.08.32.jpeg","articleSection":["Opini\u00e3o"],"inLanguage":"pt-BR"},{"@type":"WebPage","@id":"https:\/\/radiolifefm.com.br\/noticias\/por-quem-choram-as-nuvens\/","url":"https:\/\/radiolifefm.com.br\/noticias\/por-quem-choram-as-nuvens\/","name":"Por quem choram as Nuvens? - R\u00e1dio Life FM","isPartOf":{"@id":"https:\/\/radiolifefm.com.br\/noticias\/#website"},"primaryImageOfPage":{"@id":"https:\/\/radiolifefm.com.br\/noticias\/por-quem-choram-as-nuvens\/#primaryimage"},"image":{"@id":"https:\/\/radiolifefm.com.br\/noticias\/por-quem-choram-as-nuvens\/#primaryimage"},"thumbnailUrl":"https:\/\/radiolifefm.com.br\/noticias\/wp-content\/uploads\/2024\/04\/WhatsApp-Image-2024-04-07-at-19.08.32.jpeg","datePublished":"2024-04-08T11:10:11+00:00","dateModified":"2026-04-11T10:41:57+00:00","breadcrumb":{"@id":"https:\/\/radiolifefm.com.br\/noticias\/por-quem-choram-as-nuvens\/#breadcrumb"},"inLanguage":"pt-BR","potentialAction":[{"@type":"ReadAction","target":["https:\/\/radiolifefm.com.br\/noticias\/por-quem-choram-as-nuvens\/"]}]},{"@type":"ImageObject","inLanguage":"pt-BR","@id":"https:\/\/radiolifefm.com.br\/noticias\/por-quem-choram-as-nuvens\/#primaryimage","url":"https:\/\/radiolifefm.com.br\/noticias\/wp-content\/uploads\/2024\/04\/WhatsApp-Image-2024-04-07-at-19.08.32.jpeg","contentUrl":"https:\/\/radiolifefm.com.br\/noticias\/wp-content\/uploads\/2024\/04\/WhatsApp-Image-2024-04-07-at-19.08.32.jpeg","width":1199,"height":1599,"caption":"Solange Lisboa"},{"@type":"BreadcrumbList","@id":"https:\/\/radiolifefm.com.br\/noticias\/por-quem-choram-as-nuvens\/#breadcrumb","itemListElement":[{"@type":"ListItem","position":1,"name":"In\u00edcio","item":"https:\/\/radiolifefm.com.br\/noticias\/"},{"@type":"ListItem","position":2,"name":"Por quem choram as Nuvens?"}]},{"@type":"WebSite","@id":"https:\/\/radiolifefm.com.br\/noticias\/#website","url":"https:\/\/radiolifefm.com.br\/noticias\/","name":"R\u00e1dio Life FM","description":"O Portal de Not\u00edcias de Adamantina","publisher":{"@id":"https:\/\/radiolifefm.com.br\/noticias\/#organization"},"alternateName":"Life FM","potentialAction":[{"@type":"SearchAction","target":{"@type":"EntryPoint","urlTemplate":"https:\/\/radiolifefm.com.br\/noticias\/?s={search_term_string}"},"query-input":{"@type":"PropertyValueSpecification","valueRequired":true,"valueName":"search_term_string"}}],"inLanguage":"pt-BR"},{"@type":"Organization","@id":"https:\/\/radiolifefm.com.br\/noticias\/#organization","name":"R\u00e1dio Life FM","alternateName":"Life FM","url":"https:\/\/radiolifefm.com.br\/noticias\/","logo":{"@type":"ImageObject","inLanguage":"pt-BR","@id":"https:\/\/radiolifefm.com.br\/noticias\/#\/schema\/logo\/image\/","url":"https:\/\/static.radiolifefm.com.br\/noticias\/wp-content\/uploads\/2019\/10\/logo-lifefm.png","contentUrl":"https:\/\/static.radiolifefm.com.br\/noticias\/wp-content\/uploads\/2019\/10\/logo-lifefm.png","width":196,"height":47,"caption":"R\u00e1dio Life FM"},"image":{"@id":"https:\/\/radiolifefm.com.br\/noticias\/#\/schema\/logo\/image\/"},"sameAs":["https:\/\/www.facebook.com\/radiolifefm\/","https:\/\/www.instagram.com\/life1079fm\/"]},{"@type":"Person","@id":"https:\/\/radiolifefm.com.br\/noticias\/#\/schema\/person\/6339b9fac59d12b071dec680d7375d87","name":"ritanery","image":{"@type":"ImageObject","inLanguage":"pt-BR","@id":"https:\/\/secure.gravatar.com\/avatar\/0e37bb19071f47c0b8a23f62a903df117c5a0e75f65a0c2901562f97cd41cf86?s=96&d=mm&r=g","url":"https:\/\/secure.gravatar.com\/avatar\/0e37bb19071f47c0b8a23f62a903df117c5a0e75f65a0c2901562f97cd41cf86?s=96&d=mm&r=g","contentUrl":"https:\/\/secure.gravatar.com\/avatar\/0e37bb19071f47c0b8a23f62a903df117c5a0e75f65a0c2901562f97cd41cf86?s=96&d=mm&r=g","caption":"ritanery"}}]}},"amp_enabled":true,"_links":{"self":[{"href":"https:\/\/radiolifefm.com.br\/noticias\/wp-json\/wp\/v2\/posts\/85429","targetHints":{"allow":["GET"]}}],"collection":[{"href":"https:\/\/radiolifefm.com.br\/noticias\/wp-json\/wp\/v2\/posts"}],"about":[{"href":"https:\/\/radiolifefm.com.br\/noticias\/wp-json\/wp\/v2\/types\/post"}],"author":[{"embeddable":true,"href":"https:\/\/radiolifefm.com.br\/noticias\/wp-json\/wp\/v2\/users\/13"}],"replies":[{"embeddable":true,"href":"https:\/\/radiolifefm.com.br\/noticias\/wp-json\/wp\/v2\/comments?post=85429"}],"version-history":[{"count":1,"href":"https:\/\/radiolifefm.com.br\/noticias\/wp-json\/wp\/v2\/posts\/85429\/revisions"}],"predecessor-version":[{"id":85431,"href":"https:\/\/radiolifefm.com.br\/noticias\/wp-json\/wp\/v2\/posts\/85429\/revisions\/85431"}],"wp:featuredmedia":[{"embeddable":true,"href":"https:\/\/radiolifefm.com.br\/noticias\/wp-json\/wp\/v2\/media\/85430"}],"wp:attachment":[{"href":"https:\/\/radiolifefm.com.br\/noticias\/wp-json\/wp\/v2\/media?parent=85429"}],"wp:term":[{"taxonomy":"category","embeddable":true,"href":"https:\/\/radiolifefm.com.br\/noticias\/wp-json\/wp\/v2\/categories?post=85429"},{"taxonomy":"post_tag","embeddable":true,"href":"https:\/\/radiolifefm.com.br\/noticias\/wp-json\/wp\/v2\/tags?post=85429"}],"curies":[{"name":"wp","href":"https:\/\/api.w.org\/{rel}","templated":true}]}}