{"id":85276,"date":"2024-04-03T08:36:36","date_gmt":"2024-04-03T11:36:36","guid":{"rendered":"https:\/\/radiolifefm.com.br\/noticias\/?p=85276"},"modified":"2026-04-17T14:01:15","modified_gmt":"2026-04-17T17:01:15","slug":"um-desencontro-com-a-gramatica-neste-tempo-novo-tempo","status":"publish","type":"post","link":"https:\/\/radiolifefm.com.br\/noticias\/um-desencontro-com-a-gramatica-neste-tempo-novo-tempo\/","title":{"rendered":"UM DESENCONTRO COM A GRAM\u00c1TICA NESTE TEMPO NOVO TEMPO&#8230;"},"content":{"rendered":"<div id=\"fb-root\"><\/div>\n<p><em>\u00a0<\/em><\/p>\n<p><em>\u201cO dia descobre a terra; a noite descortina os c\u00e9us\u201d (Marqu\u00eas de Marica)<\/em><\/p>\n<p>&nbsp;<\/p>\n<p><strong><em>S\u00e9rgio Barbosa (*)\u00a0 <\/em><\/strong><\/p>\n<p>&nbsp;<\/p>\n<p>A reflex\u00e3o continua sendo o ponto de partida para muitas respostas neste mundo em ebuli\u00e7\u00e3o, quem sabe, uma delas possa explicar alguma coisa para os homens em guerra nos quatro cantos do planeta Terra&#8230;.<\/p>\n<p>O momento pode ser sublime para uma minoria, ainda assim, este grupo pode estar fechado em uma redoma de vidro blindado, assistindo de longe os desencontros dos seres terrestres em tempo de P\u00f3s-globaliza\u00e7\u00e3o Midi\u00e1tica&#8230;<\/p>\n<p>O que importa neste momento \u00e9 apenas um detalhe a mais ou at\u00e9 mesmo, um toque de classe aqui e deixando o depois para um talvez em meio aos ocasos de um talvez e ponto com interroga\u00e7\u00e3o&#8230;<\/p>\n<p>Na exclama\u00e7\u00e3o a pergunta sem resposta para as d\u00favidas de uma retic\u00eancia em vias de fato, talvez para tentar explicar aquele ponto e v\u00edrgula que ficou no meio da frase imperfeita para o texto inacabado&#8230;<\/p>\n<p>Tamb\u00e9m, quem sabe isto pode levar ao outro lado da pauta para uma v\u00edrgula que n\u00e3o existe, afinal, a l\u00edngua portuguesa \u00e9 complexa e simples ao mesmo tempo, basta levar em conta os verbos e suas variantes adversas ao costume popular neste cen\u00e1rio atual&#8230;<\/p>\n<p>Para isto e mais aquilo dois pontos podem ajudar a esclarecer o par\u00e1grafo em foco, todavia, n\u00e3o se pode ficar sem os predicados de um singular imperfeito do artigo, entretanto, os substantivos atendem as necessidades do momento subjuntivo&#8230;<\/p>\n<p>Os erros est\u00e3o em todos os lugares do texto, pode ser uma alternativa para o outro lado desta mesma gram\u00e1tica, claro, tudo pode acontecer neste meio sem in\u00edcio, esperando quem sabe o fim de uma frase imperfeita pela utiliza\u00e7\u00e3o incorreta do verbo no pret\u00e9rito imperfeito&#8230;<\/p>\n<p>Ah! Tamb\u00e9m, todavia, quem sabe, entretanto, pode ser e outro para uma explica\u00e7\u00e3o sem pergunta no tempo certo fica a imagina\u00e7\u00e3o e n\u00e3o a reflex\u00e3o sobre a f\u00f3rmula da linguagem inacabada para o momento e retic\u00eancias&#8230;<\/p>\n<p>As palavras atendem aos diversos significados para uma mesma interpreta\u00e7\u00e3o de um analfabeto qualquer, assim, pode-se ir ao encontro do desconhecido por meio de uma \u00fanica s\u00edlaba ou vogal&#8230;<\/p>\n<p>Os acentos ficam sob o comando de um ponto e v\u00edrgula qualquer, destoando o restante do ditado, tamb\u00e9m, as crases deixaram marcas pelo caminho de uma frase sem in\u00edcio, colocando todas as letras numa exclama\u00e7\u00e3o&#8230;<\/p>\n<p>Abrindo, ainda, desta forma, um asterisco para demarcar par\u00eanteses e travess\u00f5es do artigo infinito daquele verbo mais do que perfeito para um contexto imperfeito neste tempo novo tempo que se chama hoje&#8230;<\/p>\n<p><strong><em>________________________________<\/em><\/strong><\/p>\n<p><strong><em>(*) Jornalista profissional diplomado.<\/em><\/strong><\/p>\n<p><strong><em>e-mail: <\/em><\/strong><a href=\"mailto:barbosa.sebar@gmail.com\"><strong><em>barbosa.sebar@gmail.com<\/em><\/strong><\/a><\/p>\n<p>&nbsp;<\/p>\n","protected":false},"excerpt":{"rendered":"<p>\u00a0 \u201cO dia descobre a terra; a noite descortina os c\u00e9us\u201d (Marqu\u00eas de Marica) &nbsp; S\u00e9rgio Barbosa (*)\u00a0 &nbsp; A reflex\u00e3o continua sendo o ponto de partida para muitas respostas neste mundo em ebuli\u00e7\u00e3o, quem sabe, uma delas possa explicar alguma coisa para os homens em guerra nos quatro cantos do planeta Terra&#8230;. O momento [&hellip;]<\/p>\n","protected":false},"author":13,"featured_media":51988,"comment_status":"closed","ping_status":"open","sticky":false,"template":"","format":"standard","meta":{"_acf_changed":false,"_exactmetrics_skip_tracking":false,"_exactmetrics_sitenote_active":false,"_exactmetrics_sitenote_note":"","_exactmetrics_sitenote_category":0,"footnotes":""},"categories":[59],"tags":[],"class_list":["post-85276","post","type-post","status-publish","format-standard","has-post-thumbnail","hentry","category-opiniao"],"acf":[],"yoast_head":"<!-- This site is optimized with the Yoast SEO plugin v27.2 - https:\/\/yoast.com\/product\/yoast-seo-wordpress\/ -->\n<title>UM DESENCONTRO COM A GRAM\u00c1TICA NESTE TEMPO NOVO TEMPO... - R\u00e1dio Life FM<\/title>\n<meta name=\"robots\" content=\"index, follow, max-snippet:-1, max-image-preview:large, max-video-preview:-1\" \/>\n<link rel=\"canonical\" href=\"https:\/\/radiolifefm.com.br\/noticias\/um-desencontro-com-a-gramatica-neste-tempo-novo-tempo\/\" \/>\n<meta property=\"og:locale\" content=\"pt_BR\" \/>\n<meta property=\"og:type\" content=\"article\" \/>\n<meta property=\"og:title\" content=\"UM DESENCONTRO COM A GRAM\u00c1TICA NESTE TEMPO NOVO TEMPO... - R\u00e1dio Life FM\" \/>\n<meta property=\"og:description\" content=\"\u00a0 \u201cO dia descobre a terra; a noite descortina os c\u00e9us\u201d (Marqu\u00eas de Marica) &nbsp; S\u00e9rgio Barbosa (*)\u00a0 &nbsp; A reflex\u00e3o continua sendo o ponto de partida para muitas respostas neste mundo em ebuli\u00e7\u00e3o, quem sabe, uma delas possa explicar alguma coisa para os homens em guerra nos quatro cantos do planeta Terra&#8230;. O momento [&hellip;]\" \/>\n<meta property=\"og:url\" content=\"https:\/\/radiolifefm.com.br\/noticias\/um-desencontro-com-a-gramatica-neste-tempo-novo-tempo\/\" \/>\n<meta property=\"og:site_name\" content=\"R\u00e1dio Life FM\" \/>\n<meta property=\"article:publisher\" content=\"https:\/\/www.facebook.com\/radiolifefm\/\" \/>\n<meta property=\"article:published_time\" content=\"2024-04-03T11:36:36+00:00\" \/>\n<meta property=\"article:modified_time\" content=\"2026-04-17T17:01:15+00:00\" \/>\n<meta property=\"og:image\" content=\"https:\/\/radiolifefm.com.br\/noticias\/wp-content\/uploads\/2022\/04\/WhatsApp-Image-2022-04-10-at-18.43.02.jpeg\" \/>\n\t<meta property=\"og:image:width\" content=\"972\" \/>\n\t<meta property=\"og:image:height\" content=\"1296\" \/>\n\t<meta property=\"og:image:type\" content=\"image\/jpeg\" \/>\n<meta name=\"author\" content=\"ritanery\" \/>\n<meta name=\"twitter:card\" content=\"summary_large_image\" \/>\n<meta name=\"twitter:label1\" content=\"Escrito por\" \/>\n\t<meta name=\"twitter:data1\" content=\"ritanery\" \/>\n\t<meta name=\"twitter:label2\" content=\"Est. tempo de leitura\" \/>\n\t<meta name=\"twitter:data2\" content=\"3 minutos\" \/>\n<script type=\"application\/ld+json\" class=\"yoast-schema-graph\">{\"@context\":\"https:\/\/schema.org\",\"@graph\":[{\"@type\":\"Article\",\"@id\":\"https:\/\/radiolifefm.com.br\/noticias\/um-desencontro-com-a-gramatica-neste-tempo-novo-tempo\/#article\",\"isPartOf\":{\"@id\":\"https:\/\/radiolifefm.com.br\/noticias\/um-desencontro-com-a-gramatica-neste-tempo-novo-tempo\/\"},\"author\":{\"name\":\"ritanery\",\"@id\":\"https:\/\/radiolifefm.com.br\/noticias\/#\/schema\/person\/6339b9fac59d12b071dec680d7375d87\"},\"headline\":\"UM DESENCONTRO COM A GRAM\u00c1TICA NESTE TEMPO NOVO TEMPO&#8230;\",\"datePublished\":\"2024-04-03T11:36:36+00:00\",\"dateModified\":\"2026-04-17T17:01:15+00:00\",\"mainEntityOfPage\":{\"@id\":\"https:\/\/radiolifefm.com.br\/noticias\/um-desencontro-com-a-gramatica-neste-tempo-novo-tempo\/\"},\"wordCount\":473,\"publisher\":{\"@id\":\"https:\/\/radiolifefm.com.br\/noticias\/#organization\"},\"image\":{\"@id\":\"https:\/\/radiolifefm.com.br\/noticias\/um-desencontro-com-a-gramatica-neste-tempo-novo-tempo\/#primaryimage\"},\"thumbnailUrl\":\"https:\/\/radiolifefm.com.br\/noticias\/wp-content\/uploads\/2022\/04\/WhatsApp-Image-2022-04-10-at-18.43.02.jpeg\",\"articleSection\":[\"Opini\u00e3o\"],\"inLanguage\":\"pt-BR\"},{\"@type\":\"WebPage\",\"@id\":\"https:\/\/radiolifefm.com.br\/noticias\/um-desencontro-com-a-gramatica-neste-tempo-novo-tempo\/\",\"url\":\"https:\/\/radiolifefm.com.br\/noticias\/um-desencontro-com-a-gramatica-neste-tempo-novo-tempo\/\",\"name\":\"UM DESENCONTRO COM A GRAM\u00c1TICA NESTE TEMPO NOVO TEMPO... - R\u00e1dio Life FM\",\"isPartOf\":{\"@id\":\"https:\/\/radiolifefm.com.br\/noticias\/#website\"},\"primaryImageOfPage\":{\"@id\":\"https:\/\/radiolifefm.com.br\/noticias\/um-desencontro-com-a-gramatica-neste-tempo-novo-tempo\/#primaryimage\"},\"image\":{\"@id\":\"https:\/\/radiolifefm.com.br\/noticias\/um-desencontro-com-a-gramatica-neste-tempo-novo-tempo\/#primaryimage\"},\"thumbnailUrl\":\"https:\/\/radiolifefm.com.br\/noticias\/wp-content\/uploads\/2022\/04\/WhatsApp-Image-2022-04-10-at-18.43.02.jpeg\",\"datePublished\":\"2024-04-03T11:36:36+00:00\",\"dateModified\":\"2026-04-17T17:01:15+00:00\",\"breadcrumb\":{\"@id\":\"https:\/\/radiolifefm.com.br\/noticias\/um-desencontro-com-a-gramatica-neste-tempo-novo-tempo\/#breadcrumb\"},\"inLanguage\":\"pt-BR\",\"potentialAction\":[{\"@type\":\"ReadAction\",\"target\":[\"https:\/\/radiolifefm.com.br\/noticias\/um-desencontro-com-a-gramatica-neste-tempo-novo-tempo\/\"]}]},{\"@type\":\"ImageObject\",\"inLanguage\":\"pt-BR\",\"@id\":\"https:\/\/radiolifefm.com.br\/noticias\/um-desencontro-com-a-gramatica-neste-tempo-novo-tempo\/#primaryimage\",\"url\":\"https:\/\/radiolifefm.com.br\/noticias\/wp-content\/uploads\/2022\/04\/WhatsApp-Image-2022-04-10-at-18.43.02.jpeg\",\"contentUrl\":\"https:\/\/radiolifefm.com.br\/noticias\/wp-content\/uploads\/2022\/04\/WhatsApp-Image-2022-04-10-at-18.43.02.jpeg\",\"width\":972,\"height\":1296,\"caption\":\"S\u00e9rgio Barbosa\"},{\"@type\":\"BreadcrumbList\",\"@id\":\"https:\/\/radiolifefm.com.br\/noticias\/um-desencontro-com-a-gramatica-neste-tempo-novo-tempo\/#breadcrumb\",\"itemListElement\":[{\"@type\":\"ListItem\",\"position\":1,\"name\":\"In\u00edcio\",\"item\":\"https:\/\/radiolifefm.com.br\/noticias\/\"},{\"@type\":\"ListItem\",\"position\":2,\"name\":\"UM DESENCONTRO COM A GRAM\u00c1TICA NESTE TEMPO NOVO TEMPO&#8230;\"}]},{\"@type\":\"WebSite\",\"@id\":\"https:\/\/radiolifefm.com.br\/noticias\/#website\",\"url\":\"https:\/\/radiolifefm.com.br\/noticias\/\",\"name\":\"R\u00e1dio Life FM\",\"description\":\"O Portal de Not\u00edcias de Adamantina\",\"publisher\":{\"@id\":\"https:\/\/radiolifefm.com.br\/noticias\/#organization\"},\"alternateName\":\"Life FM\",\"potentialAction\":[{\"@type\":\"SearchAction\",\"target\":{\"@type\":\"EntryPoint\",\"urlTemplate\":\"https:\/\/radiolifefm.com.br\/noticias\/?s={search_term_string}\"},\"query-input\":{\"@type\":\"PropertyValueSpecification\",\"valueRequired\":true,\"valueName\":\"search_term_string\"}}],\"inLanguage\":\"pt-BR\"},{\"@type\":\"Organization\",\"@id\":\"https:\/\/radiolifefm.com.br\/noticias\/#organization\",\"name\":\"R\u00e1dio Life FM\",\"alternateName\":\"Life FM\",\"url\":\"https:\/\/radiolifefm.com.br\/noticias\/\",\"logo\":{\"@type\":\"ImageObject\",\"inLanguage\":\"pt-BR\",\"@id\":\"https:\/\/radiolifefm.com.br\/noticias\/#\/schema\/logo\/image\/\",\"url\":\"https:\/\/static.radiolifefm.com.br\/noticias\/wp-content\/uploads\/2019\/10\/logo-lifefm.png\",\"contentUrl\":\"https:\/\/static.radiolifefm.com.br\/noticias\/wp-content\/uploads\/2019\/10\/logo-lifefm.png\",\"width\":196,\"height\":47,\"caption\":\"R\u00e1dio Life FM\"},\"image\":{\"@id\":\"https:\/\/radiolifefm.com.br\/noticias\/#\/schema\/logo\/image\/\"},\"sameAs\":[\"https:\/\/www.facebook.com\/radiolifefm\/\",\"https:\/\/www.instagram.com\/life1079fm\/\"]},{\"@type\":\"Person\",\"@id\":\"https:\/\/radiolifefm.com.br\/noticias\/#\/schema\/person\/6339b9fac59d12b071dec680d7375d87\",\"name\":\"ritanery\",\"image\":{\"@type\":\"ImageObject\",\"inLanguage\":\"pt-BR\",\"@id\":\"https:\/\/secure.gravatar.com\/avatar\/0e37bb19071f47c0b8a23f62a903df117c5a0e75f65a0c2901562f97cd41cf86?s=96&d=mm&r=g\",\"url\":\"https:\/\/secure.gravatar.com\/avatar\/0e37bb19071f47c0b8a23f62a903df117c5a0e75f65a0c2901562f97cd41cf86?s=96&d=mm&r=g\",\"contentUrl\":\"https:\/\/secure.gravatar.com\/avatar\/0e37bb19071f47c0b8a23f62a903df117c5a0e75f65a0c2901562f97cd41cf86?s=96&d=mm&r=g\",\"caption\":\"ritanery\"}}]}<\/script>\n<!-- \/ Yoast SEO plugin. -->","yoast_head_json":{"title":"UM DESENCONTRO COM A GRAM\u00c1TICA NESTE TEMPO NOVO TEMPO... - R\u00e1dio Life FM","robots":{"index":"index","follow":"follow","max-snippet":"max-snippet:-1","max-image-preview":"max-image-preview:large","max-video-preview":"max-video-preview:-1"},"canonical":"https:\/\/radiolifefm.com.br\/noticias\/um-desencontro-com-a-gramatica-neste-tempo-novo-tempo\/","og_locale":"pt_BR","og_type":"article","og_title":"UM DESENCONTRO COM A GRAM\u00c1TICA NESTE TEMPO NOVO TEMPO... - R\u00e1dio Life FM","og_description":"\u00a0 \u201cO dia descobre a terra; a noite descortina os c\u00e9us\u201d (Marqu\u00eas de Marica) &nbsp; S\u00e9rgio Barbosa (*)\u00a0 &nbsp; A reflex\u00e3o continua sendo o ponto de partida para muitas respostas neste mundo em ebuli\u00e7\u00e3o, quem sabe, uma delas possa explicar alguma coisa para os homens em guerra nos quatro cantos do planeta Terra&#8230;. O momento [&hellip;]","og_url":"https:\/\/radiolifefm.com.br\/noticias\/um-desencontro-com-a-gramatica-neste-tempo-novo-tempo\/","og_site_name":"R\u00e1dio Life FM","article_publisher":"https:\/\/www.facebook.com\/radiolifefm\/","article_published_time":"2024-04-03T11:36:36+00:00","article_modified_time":"2026-04-17T17:01:15+00:00","og_image":[{"width":972,"height":1296,"url":"https:\/\/radiolifefm.com.br\/noticias\/wp-content\/uploads\/2022\/04\/WhatsApp-Image-2022-04-10-at-18.43.02.jpeg","type":"image\/jpeg"}],"author":"ritanery","twitter_card":"summary_large_image","twitter_misc":{"Escrito por":"ritanery","Est. tempo de leitura":"3 minutos"},"schema":{"@context":"https:\/\/schema.org","@graph":[{"@type":"Article","@id":"https:\/\/radiolifefm.com.br\/noticias\/um-desencontro-com-a-gramatica-neste-tempo-novo-tempo\/#article","isPartOf":{"@id":"https:\/\/radiolifefm.com.br\/noticias\/um-desencontro-com-a-gramatica-neste-tempo-novo-tempo\/"},"author":{"name":"ritanery","@id":"https:\/\/radiolifefm.com.br\/noticias\/#\/schema\/person\/6339b9fac59d12b071dec680d7375d87"},"headline":"UM DESENCONTRO COM A GRAM\u00c1TICA NESTE TEMPO NOVO TEMPO&#8230;","datePublished":"2024-04-03T11:36:36+00:00","dateModified":"2026-04-17T17:01:15+00:00","mainEntityOfPage":{"@id":"https:\/\/radiolifefm.com.br\/noticias\/um-desencontro-com-a-gramatica-neste-tempo-novo-tempo\/"},"wordCount":473,"publisher":{"@id":"https:\/\/radiolifefm.com.br\/noticias\/#organization"},"image":{"@id":"https:\/\/radiolifefm.com.br\/noticias\/um-desencontro-com-a-gramatica-neste-tempo-novo-tempo\/#primaryimage"},"thumbnailUrl":"https:\/\/radiolifefm.com.br\/noticias\/wp-content\/uploads\/2022\/04\/WhatsApp-Image-2022-04-10-at-18.43.02.jpeg","articleSection":["Opini\u00e3o"],"inLanguage":"pt-BR"},{"@type":"WebPage","@id":"https:\/\/radiolifefm.com.br\/noticias\/um-desencontro-com-a-gramatica-neste-tempo-novo-tempo\/","url":"https:\/\/radiolifefm.com.br\/noticias\/um-desencontro-com-a-gramatica-neste-tempo-novo-tempo\/","name":"UM DESENCONTRO COM A GRAM\u00c1TICA NESTE TEMPO NOVO TEMPO... - R\u00e1dio Life FM","isPartOf":{"@id":"https:\/\/radiolifefm.com.br\/noticias\/#website"},"primaryImageOfPage":{"@id":"https:\/\/radiolifefm.com.br\/noticias\/um-desencontro-com-a-gramatica-neste-tempo-novo-tempo\/#primaryimage"},"image":{"@id":"https:\/\/radiolifefm.com.br\/noticias\/um-desencontro-com-a-gramatica-neste-tempo-novo-tempo\/#primaryimage"},"thumbnailUrl":"https:\/\/radiolifefm.com.br\/noticias\/wp-content\/uploads\/2022\/04\/WhatsApp-Image-2022-04-10-at-18.43.02.jpeg","datePublished":"2024-04-03T11:36:36+00:00","dateModified":"2026-04-17T17:01:15+00:00","breadcrumb":{"@id":"https:\/\/radiolifefm.com.br\/noticias\/um-desencontro-com-a-gramatica-neste-tempo-novo-tempo\/#breadcrumb"},"inLanguage":"pt-BR","potentialAction":[{"@type":"ReadAction","target":["https:\/\/radiolifefm.com.br\/noticias\/um-desencontro-com-a-gramatica-neste-tempo-novo-tempo\/"]}]},{"@type":"ImageObject","inLanguage":"pt-BR","@id":"https:\/\/radiolifefm.com.br\/noticias\/um-desencontro-com-a-gramatica-neste-tempo-novo-tempo\/#primaryimage","url":"https:\/\/radiolifefm.com.br\/noticias\/wp-content\/uploads\/2022\/04\/WhatsApp-Image-2022-04-10-at-18.43.02.jpeg","contentUrl":"https:\/\/radiolifefm.com.br\/noticias\/wp-content\/uploads\/2022\/04\/WhatsApp-Image-2022-04-10-at-18.43.02.jpeg","width":972,"height":1296,"caption":"S\u00e9rgio Barbosa"},{"@type":"BreadcrumbList","@id":"https:\/\/radiolifefm.com.br\/noticias\/um-desencontro-com-a-gramatica-neste-tempo-novo-tempo\/#breadcrumb","itemListElement":[{"@type":"ListItem","position":1,"name":"In\u00edcio","item":"https:\/\/radiolifefm.com.br\/noticias\/"},{"@type":"ListItem","position":2,"name":"UM DESENCONTRO COM A GRAM\u00c1TICA NESTE TEMPO NOVO TEMPO&#8230;"}]},{"@type":"WebSite","@id":"https:\/\/radiolifefm.com.br\/noticias\/#website","url":"https:\/\/radiolifefm.com.br\/noticias\/","name":"R\u00e1dio Life FM","description":"O Portal de Not\u00edcias de Adamantina","publisher":{"@id":"https:\/\/radiolifefm.com.br\/noticias\/#organization"},"alternateName":"Life FM","potentialAction":[{"@type":"SearchAction","target":{"@type":"EntryPoint","urlTemplate":"https:\/\/radiolifefm.com.br\/noticias\/?s={search_term_string}"},"query-input":{"@type":"PropertyValueSpecification","valueRequired":true,"valueName":"search_term_string"}}],"inLanguage":"pt-BR"},{"@type":"Organization","@id":"https:\/\/radiolifefm.com.br\/noticias\/#organization","name":"R\u00e1dio Life FM","alternateName":"Life FM","url":"https:\/\/radiolifefm.com.br\/noticias\/","logo":{"@type":"ImageObject","inLanguage":"pt-BR","@id":"https:\/\/radiolifefm.com.br\/noticias\/#\/schema\/logo\/image\/","url":"https:\/\/static.radiolifefm.com.br\/noticias\/wp-content\/uploads\/2019\/10\/logo-lifefm.png","contentUrl":"https:\/\/static.radiolifefm.com.br\/noticias\/wp-content\/uploads\/2019\/10\/logo-lifefm.png","width":196,"height":47,"caption":"R\u00e1dio Life FM"},"image":{"@id":"https:\/\/radiolifefm.com.br\/noticias\/#\/schema\/logo\/image\/"},"sameAs":["https:\/\/www.facebook.com\/radiolifefm\/","https:\/\/www.instagram.com\/life1079fm\/"]},{"@type":"Person","@id":"https:\/\/radiolifefm.com.br\/noticias\/#\/schema\/person\/6339b9fac59d12b071dec680d7375d87","name":"ritanery","image":{"@type":"ImageObject","inLanguage":"pt-BR","@id":"https:\/\/secure.gravatar.com\/avatar\/0e37bb19071f47c0b8a23f62a903df117c5a0e75f65a0c2901562f97cd41cf86?s=96&d=mm&r=g","url":"https:\/\/secure.gravatar.com\/avatar\/0e37bb19071f47c0b8a23f62a903df117c5a0e75f65a0c2901562f97cd41cf86?s=96&d=mm&r=g","contentUrl":"https:\/\/secure.gravatar.com\/avatar\/0e37bb19071f47c0b8a23f62a903df117c5a0e75f65a0c2901562f97cd41cf86?s=96&d=mm&r=g","caption":"ritanery"}}]}},"amp_enabled":true,"_links":{"self":[{"href":"https:\/\/radiolifefm.com.br\/noticias\/wp-json\/wp\/v2\/posts\/85276","targetHints":{"allow":["GET"]}}],"collection":[{"href":"https:\/\/radiolifefm.com.br\/noticias\/wp-json\/wp\/v2\/posts"}],"about":[{"href":"https:\/\/radiolifefm.com.br\/noticias\/wp-json\/wp\/v2\/types\/post"}],"author":[{"embeddable":true,"href":"https:\/\/radiolifefm.com.br\/noticias\/wp-json\/wp\/v2\/users\/13"}],"replies":[{"embeddable":true,"href":"https:\/\/radiolifefm.com.br\/noticias\/wp-json\/wp\/v2\/comments?post=85276"}],"version-history":[{"count":1,"href":"https:\/\/radiolifefm.com.br\/noticias\/wp-json\/wp\/v2\/posts\/85276\/revisions"}],"predecessor-version":[{"id":85277,"href":"https:\/\/radiolifefm.com.br\/noticias\/wp-json\/wp\/v2\/posts\/85276\/revisions\/85277"}],"wp:featuredmedia":[{"embeddable":true,"href":"https:\/\/radiolifefm.com.br\/noticias\/wp-json\/wp\/v2\/media\/51988"}],"wp:attachment":[{"href":"https:\/\/radiolifefm.com.br\/noticias\/wp-json\/wp\/v2\/media?parent=85276"}],"wp:term":[{"taxonomy":"category","embeddable":true,"href":"https:\/\/radiolifefm.com.br\/noticias\/wp-json\/wp\/v2\/categories?post=85276"},{"taxonomy":"post_tag","embeddable":true,"href":"https:\/\/radiolifefm.com.br\/noticias\/wp-json\/wp\/v2\/tags?post=85276"}],"curies":[{"name":"wp","href":"https:\/\/api.w.org\/{rel}","templated":true}]}}