{"id":84809,"date":"2024-03-25T08:54:10","date_gmt":"2024-03-25T11:54:10","guid":{"rendered":"https:\/\/radiolifefm.com.br\/noticias\/?p=84809"},"modified":"2026-04-02T11:02:44","modified_gmt":"2026-04-02T14:02:44","slug":"pensando-nas-coisas-do-outro-tempo-do-tempo-neste-tempo-novo-tempo-2","status":"publish","type":"post","link":"https:\/\/radiolifefm.com.br\/noticias\/pensando-nas-coisas-do-outro-tempo-do-tempo-neste-tempo-novo-tempo-2\/","title":{"rendered":"PENSANDO NAS COISAS DO OUTRO TEMPO DO TEMPO NESTE TEMPO NOVO TEMPO&#8230;"},"content":{"rendered":"<div id=\"fb-root\"><\/div>\n<p>&nbsp;<\/p>\n<p>&nbsp;<\/p>\n<p><em>\u201cTeus olhos devem olhar a frente, para que a tua vista preceda os teus passos\u201d. (Salom\u00e3o)<\/em><\/p>\n<p>&nbsp;<\/p>\n<p><strong>S\u00e9rgio Barbosa (*)<\/strong><\/p>\n<p>&nbsp;<\/p>\n<p>Neste novo tempo n\u00e3o tem mais como ficar com a cabe\u00e7a escondida aqui ou ali, tal qual uma avestruz, portanto, cada um deve saber onde para onde caminhar, se bem que, na atual conjuntura prevalece aquele velho dito popular, a saber: \u201dse ficar o bicho come, se correr o bicho pega\u201d&#8230;<\/p>\n<p>Entre os ocasos de um talvez, se bem que isto pode ser isso tamb\u00e9m, tem ainda a outra, ou seja, isso por ser isto e ponto quase final para uma reflex\u00e3o sobre os desencontros do tempo com o tempo deste tempo&#8230;<\/p>\n<p>O momento diz um pouco do tudo em meio ao nada, entretanto, as pessoas continuam perdidas em si mesmas, destoando o seu \u201ceu\u201d para um olhar mais adiante do \u201cn\u00f3s\u201d e no final deste in\u00edcio de t\u00fanel as coisas se perdem no esquecimento do futuro sem presente para os simples mortais&#8230;<\/p>\n<p>O profeta maior do cristianismo deixou a sua mensagem para os seguidores da f\u00e9 acima de tudo e de todos, assim, os outros profetas ficam patinando nas indaga\u00e7\u00f5es do passado para uma aventura na religiosidade profanada pela vida al\u00e9m da morte&#8230;<\/p>\n<p>A humanidade continua buscando a idolatria de um Moises sem as t\u00e1buas da salva\u00e7\u00e3o, portanto, a verdade n\u00e3o existe neste caso em pauta, por\u00e9m, a profecia \u00e9 a mesma desde aquele outro tempo, quando o mestre afirmou que um dia voltaria para salvar os pecadores do sagrado&#8230;<\/p>\n<p>N\u00e3o se pode deixar de registrar neste cen\u00e1rio divino, as muitas b\u00ean\u00e7\u00e3os do ca\u00e7ador de imagens sacras, al\u00e9m do mais, o messias ficou na mem\u00f3ria do antigo testamento para uma aproxima\u00e7\u00e3o com o novo testamento&#8230;<\/p>\n<p>As testemunhas dizem coisas al\u00e9m da v\u00e3 imagina\u00e7\u00e3o sobre as profecias do pecador para uma afirma\u00e7\u00e3o sem compromisso com as mentiras de uma \u00fanica verdade neste tempo novo tempo que se chama hoje&#8230;<\/p>\n<p><strong><em>______________________________________<\/em><\/strong><\/p>\n<p><strong><em>(*) Jornalista profissional diplomado.<\/em><\/strong><\/p>\n<p><strong><em>e-mail: <a href=\"mailto:barbosa.sebar@gmail.com\">barbosa.sebar@gmail.com<\/a><\/em><\/strong><\/p>\n","protected":false},"excerpt":{"rendered":"<p>&nbsp; &nbsp; \u201cTeus olhos devem olhar a frente, para que a tua vista preceda os teus passos\u201d. (Salom\u00e3o) &nbsp; S\u00e9rgio Barbosa (*) &nbsp; Neste novo tempo n\u00e3o tem mais como ficar com a cabe\u00e7a escondida aqui ou ali, tal qual uma avestruz, portanto, cada um deve saber onde para onde caminhar, se bem que, na [&hellip;]<\/p>\n","protected":false},"author":13,"featured_media":51988,"comment_status":"closed","ping_status":"open","sticky":false,"template":"","format":"standard","meta":{"_acf_changed":false,"_exactmetrics_skip_tracking":false,"_exactmetrics_sitenote_active":false,"_exactmetrics_sitenote_note":"","_exactmetrics_sitenote_category":0,"footnotes":""},"categories":[59],"tags":[],"class_list":["post-84809","post","type-post","status-publish","format-standard","has-post-thumbnail","hentry","category-opiniao"],"acf":[],"yoast_head":"<!-- This site is optimized with the Yoast SEO plugin v27.2 - https:\/\/yoast.com\/product\/yoast-seo-wordpress\/ -->\n<title>PENSANDO NAS COISAS DO OUTRO TEMPO DO TEMPO NESTE TEMPO NOVO TEMPO... - R\u00e1dio Life FM<\/title>\n<meta name=\"robots\" content=\"index, follow, max-snippet:-1, max-image-preview:large, max-video-preview:-1\" \/>\n<link rel=\"canonical\" href=\"https:\/\/radiolifefm.com.br\/noticias\/pensando-nas-coisas-do-outro-tempo-do-tempo-neste-tempo-novo-tempo-2\/\" \/>\n<meta property=\"og:locale\" content=\"pt_BR\" \/>\n<meta property=\"og:type\" content=\"article\" \/>\n<meta property=\"og:title\" content=\"PENSANDO NAS COISAS DO OUTRO TEMPO DO TEMPO NESTE TEMPO NOVO TEMPO... - R\u00e1dio Life FM\" \/>\n<meta property=\"og:description\" content=\"&nbsp; &nbsp; \u201cTeus olhos devem olhar a frente, para que a tua vista preceda os teus passos\u201d. (Salom\u00e3o) &nbsp; S\u00e9rgio Barbosa (*) &nbsp; Neste novo tempo n\u00e3o tem mais como ficar com a cabe\u00e7a escondida aqui ou ali, tal qual uma avestruz, portanto, cada um deve saber onde para onde caminhar, se bem que, na [&hellip;]\" \/>\n<meta property=\"og:url\" content=\"https:\/\/radiolifefm.com.br\/noticias\/pensando-nas-coisas-do-outro-tempo-do-tempo-neste-tempo-novo-tempo-2\/\" \/>\n<meta property=\"og:site_name\" content=\"R\u00e1dio Life FM\" \/>\n<meta property=\"article:publisher\" content=\"https:\/\/www.facebook.com\/radiolifefm\/\" \/>\n<meta property=\"article:published_time\" content=\"2024-03-25T11:54:10+00:00\" \/>\n<meta property=\"article:modified_time\" content=\"2026-04-02T14:02:44+00:00\" \/>\n<meta property=\"og:image\" content=\"https:\/\/radiolifefm.com.br\/noticias\/wp-content\/uploads\/2022\/04\/WhatsApp-Image-2022-04-10-at-18.43.02.jpeg\" \/>\n\t<meta property=\"og:image:width\" content=\"972\" \/>\n\t<meta property=\"og:image:height\" content=\"1296\" \/>\n\t<meta property=\"og:image:type\" content=\"image\/jpeg\" \/>\n<meta name=\"author\" content=\"ritanery\" \/>\n<meta name=\"twitter:card\" content=\"summary_large_image\" \/>\n<meta name=\"twitter:label1\" content=\"Escrito por\" \/>\n\t<meta name=\"twitter:data1\" content=\"ritanery\" \/>\n\t<meta name=\"twitter:label2\" content=\"Est. tempo de leitura\" \/>\n\t<meta name=\"twitter:data2\" content=\"2 minutos\" \/>\n<script type=\"application\/ld+json\" class=\"yoast-schema-graph\">{\"@context\":\"https:\/\/schema.org\",\"@graph\":[{\"@type\":\"Article\",\"@id\":\"https:\/\/radiolifefm.com.br\/noticias\/pensando-nas-coisas-do-outro-tempo-do-tempo-neste-tempo-novo-tempo-2\/#article\",\"isPartOf\":{\"@id\":\"https:\/\/radiolifefm.com.br\/noticias\/pensando-nas-coisas-do-outro-tempo-do-tempo-neste-tempo-novo-tempo-2\/\"},\"author\":{\"name\":\"ritanery\",\"@id\":\"https:\/\/radiolifefm.com.br\/noticias\/#\/schema\/person\/6339b9fac59d12b071dec680d7375d87\"},\"headline\":\"PENSANDO NAS COISAS DO OUTRO TEMPO DO TEMPO NESTE TEMPO NOVO TEMPO&#8230;\",\"datePublished\":\"2024-03-25T11:54:10+00:00\",\"dateModified\":\"2026-04-02T14:02:44+00:00\",\"mainEntityOfPage\":{\"@id\":\"https:\/\/radiolifefm.com.br\/noticias\/pensando-nas-coisas-do-outro-tempo-do-tempo-neste-tempo-novo-tempo-2\/\"},\"wordCount\":366,\"publisher\":{\"@id\":\"https:\/\/radiolifefm.com.br\/noticias\/#organization\"},\"image\":{\"@id\":\"https:\/\/radiolifefm.com.br\/noticias\/pensando-nas-coisas-do-outro-tempo-do-tempo-neste-tempo-novo-tempo-2\/#primaryimage\"},\"thumbnailUrl\":\"https:\/\/radiolifefm.com.br\/noticias\/wp-content\/uploads\/2022\/04\/WhatsApp-Image-2022-04-10-at-18.43.02.jpeg\",\"articleSection\":[\"Opini\u00e3o\"],\"inLanguage\":\"pt-BR\"},{\"@type\":\"WebPage\",\"@id\":\"https:\/\/radiolifefm.com.br\/noticias\/pensando-nas-coisas-do-outro-tempo-do-tempo-neste-tempo-novo-tempo-2\/\",\"url\":\"https:\/\/radiolifefm.com.br\/noticias\/pensando-nas-coisas-do-outro-tempo-do-tempo-neste-tempo-novo-tempo-2\/\",\"name\":\"PENSANDO NAS COISAS DO OUTRO TEMPO DO TEMPO NESTE TEMPO NOVO TEMPO... - R\u00e1dio Life FM\",\"isPartOf\":{\"@id\":\"https:\/\/radiolifefm.com.br\/noticias\/#website\"},\"primaryImageOfPage\":{\"@id\":\"https:\/\/radiolifefm.com.br\/noticias\/pensando-nas-coisas-do-outro-tempo-do-tempo-neste-tempo-novo-tempo-2\/#primaryimage\"},\"image\":{\"@id\":\"https:\/\/radiolifefm.com.br\/noticias\/pensando-nas-coisas-do-outro-tempo-do-tempo-neste-tempo-novo-tempo-2\/#primaryimage\"},\"thumbnailUrl\":\"https:\/\/radiolifefm.com.br\/noticias\/wp-content\/uploads\/2022\/04\/WhatsApp-Image-2022-04-10-at-18.43.02.jpeg\",\"datePublished\":\"2024-03-25T11:54:10+00:00\",\"dateModified\":\"2026-04-02T14:02:44+00:00\",\"breadcrumb\":{\"@id\":\"https:\/\/radiolifefm.com.br\/noticias\/pensando-nas-coisas-do-outro-tempo-do-tempo-neste-tempo-novo-tempo-2\/#breadcrumb\"},\"inLanguage\":\"pt-BR\",\"potentialAction\":[{\"@type\":\"ReadAction\",\"target\":[\"https:\/\/radiolifefm.com.br\/noticias\/pensando-nas-coisas-do-outro-tempo-do-tempo-neste-tempo-novo-tempo-2\/\"]}]},{\"@type\":\"ImageObject\",\"inLanguage\":\"pt-BR\",\"@id\":\"https:\/\/radiolifefm.com.br\/noticias\/pensando-nas-coisas-do-outro-tempo-do-tempo-neste-tempo-novo-tempo-2\/#primaryimage\",\"url\":\"https:\/\/radiolifefm.com.br\/noticias\/wp-content\/uploads\/2022\/04\/WhatsApp-Image-2022-04-10-at-18.43.02.jpeg\",\"contentUrl\":\"https:\/\/radiolifefm.com.br\/noticias\/wp-content\/uploads\/2022\/04\/WhatsApp-Image-2022-04-10-at-18.43.02.jpeg\",\"width\":972,\"height\":1296,\"caption\":\"S\u00e9rgio Barbosa\"},{\"@type\":\"BreadcrumbList\",\"@id\":\"https:\/\/radiolifefm.com.br\/noticias\/pensando-nas-coisas-do-outro-tempo-do-tempo-neste-tempo-novo-tempo-2\/#breadcrumb\",\"itemListElement\":[{\"@type\":\"ListItem\",\"position\":1,\"name\":\"In\u00edcio\",\"item\":\"https:\/\/radiolifefm.com.br\/noticias\/\"},{\"@type\":\"ListItem\",\"position\":2,\"name\":\"PENSANDO NAS COISAS DO OUTRO TEMPO DO TEMPO NESTE TEMPO NOVO TEMPO&#8230;\"}]},{\"@type\":\"WebSite\",\"@id\":\"https:\/\/radiolifefm.com.br\/noticias\/#website\",\"url\":\"https:\/\/radiolifefm.com.br\/noticias\/\",\"name\":\"R\u00e1dio Life FM\",\"description\":\"O Portal de Not\u00edcias de Adamantina\",\"publisher\":{\"@id\":\"https:\/\/radiolifefm.com.br\/noticias\/#organization\"},\"alternateName\":\"Life FM\",\"potentialAction\":[{\"@type\":\"SearchAction\",\"target\":{\"@type\":\"EntryPoint\",\"urlTemplate\":\"https:\/\/radiolifefm.com.br\/noticias\/?s={search_term_string}\"},\"query-input\":{\"@type\":\"PropertyValueSpecification\",\"valueRequired\":true,\"valueName\":\"search_term_string\"}}],\"inLanguage\":\"pt-BR\"},{\"@type\":\"Organization\",\"@id\":\"https:\/\/radiolifefm.com.br\/noticias\/#organization\",\"name\":\"R\u00e1dio Life FM\",\"alternateName\":\"Life FM\",\"url\":\"https:\/\/radiolifefm.com.br\/noticias\/\",\"logo\":{\"@type\":\"ImageObject\",\"inLanguage\":\"pt-BR\",\"@id\":\"https:\/\/radiolifefm.com.br\/noticias\/#\/schema\/logo\/image\/\",\"url\":\"https:\/\/static.radiolifefm.com.br\/noticias\/wp-content\/uploads\/2019\/10\/logo-lifefm.png\",\"contentUrl\":\"https:\/\/static.radiolifefm.com.br\/noticias\/wp-content\/uploads\/2019\/10\/logo-lifefm.png\",\"width\":196,\"height\":47,\"caption\":\"R\u00e1dio Life FM\"},\"image\":{\"@id\":\"https:\/\/radiolifefm.com.br\/noticias\/#\/schema\/logo\/image\/\"},\"sameAs\":[\"https:\/\/www.facebook.com\/radiolifefm\/\",\"https:\/\/www.instagram.com\/life1079fm\/\"]},{\"@type\":\"Person\",\"@id\":\"https:\/\/radiolifefm.com.br\/noticias\/#\/schema\/person\/6339b9fac59d12b071dec680d7375d87\",\"name\":\"ritanery\",\"image\":{\"@type\":\"ImageObject\",\"inLanguage\":\"pt-BR\",\"@id\":\"https:\/\/secure.gravatar.com\/avatar\/0e37bb19071f47c0b8a23f62a903df117c5a0e75f65a0c2901562f97cd41cf86?s=96&d=mm&r=g\",\"url\":\"https:\/\/secure.gravatar.com\/avatar\/0e37bb19071f47c0b8a23f62a903df117c5a0e75f65a0c2901562f97cd41cf86?s=96&d=mm&r=g\",\"contentUrl\":\"https:\/\/secure.gravatar.com\/avatar\/0e37bb19071f47c0b8a23f62a903df117c5a0e75f65a0c2901562f97cd41cf86?s=96&d=mm&r=g\",\"caption\":\"ritanery\"}}]}<\/script>\n<!-- \/ Yoast SEO plugin. -->","yoast_head_json":{"title":"PENSANDO NAS COISAS DO OUTRO TEMPO DO TEMPO NESTE TEMPO NOVO TEMPO... - R\u00e1dio Life FM","robots":{"index":"index","follow":"follow","max-snippet":"max-snippet:-1","max-image-preview":"max-image-preview:large","max-video-preview":"max-video-preview:-1"},"canonical":"https:\/\/radiolifefm.com.br\/noticias\/pensando-nas-coisas-do-outro-tempo-do-tempo-neste-tempo-novo-tempo-2\/","og_locale":"pt_BR","og_type":"article","og_title":"PENSANDO NAS COISAS DO OUTRO TEMPO DO TEMPO NESTE TEMPO NOVO TEMPO... - R\u00e1dio Life FM","og_description":"&nbsp; &nbsp; \u201cTeus olhos devem olhar a frente, para que a tua vista preceda os teus passos\u201d. (Salom\u00e3o) &nbsp; S\u00e9rgio Barbosa (*) &nbsp; Neste novo tempo n\u00e3o tem mais como ficar com a cabe\u00e7a escondida aqui ou ali, tal qual uma avestruz, portanto, cada um deve saber onde para onde caminhar, se bem que, na [&hellip;]","og_url":"https:\/\/radiolifefm.com.br\/noticias\/pensando-nas-coisas-do-outro-tempo-do-tempo-neste-tempo-novo-tempo-2\/","og_site_name":"R\u00e1dio Life FM","article_publisher":"https:\/\/www.facebook.com\/radiolifefm\/","article_published_time":"2024-03-25T11:54:10+00:00","article_modified_time":"2026-04-02T14:02:44+00:00","og_image":[{"width":972,"height":1296,"url":"https:\/\/radiolifefm.com.br\/noticias\/wp-content\/uploads\/2022\/04\/WhatsApp-Image-2022-04-10-at-18.43.02.jpeg","type":"image\/jpeg"}],"author":"ritanery","twitter_card":"summary_large_image","twitter_misc":{"Escrito por":"ritanery","Est. tempo de leitura":"2 minutos"},"schema":{"@context":"https:\/\/schema.org","@graph":[{"@type":"Article","@id":"https:\/\/radiolifefm.com.br\/noticias\/pensando-nas-coisas-do-outro-tempo-do-tempo-neste-tempo-novo-tempo-2\/#article","isPartOf":{"@id":"https:\/\/radiolifefm.com.br\/noticias\/pensando-nas-coisas-do-outro-tempo-do-tempo-neste-tempo-novo-tempo-2\/"},"author":{"name":"ritanery","@id":"https:\/\/radiolifefm.com.br\/noticias\/#\/schema\/person\/6339b9fac59d12b071dec680d7375d87"},"headline":"PENSANDO NAS COISAS DO OUTRO TEMPO DO TEMPO NESTE TEMPO NOVO TEMPO&#8230;","datePublished":"2024-03-25T11:54:10+00:00","dateModified":"2026-04-02T14:02:44+00:00","mainEntityOfPage":{"@id":"https:\/\/radiolifefm.com.br\/noticias\/pensando-nas-coisas-do-outro-tempo-do-tempo-neste-tempo-novo-tempo-2\/"},"wordCount":366,"publisher":{"@id":"https:\/\/radiolifefm.com.br\/noticias\/#organization"},"image":{"@id":"https:\/\/radiolifefm.com.br\/noticias\/pensando-nas-coisas-do-outro-tempo-do-tempo-neste-tempo-novo-tempo-2\/#primaryimage"},"thumbnailUrl":"https:\/\/radiolifefm.com.br\/noticias\/wp-content\/uploads\/2022\/04\/WhatsApp-Image-2022-04-10-at-18.43.02.jpeg","articleSection":["Opini\u00e3o"],"inLanguage":"pt-BR"},{"@type":"WebPage","@id":"https:\/\/radiolifefm.com.br\/noticias\/pensando-nas-coisas-do-outro-tempo-do-tempo-neste-tempo-novo-tempo-2\/","url":"https:\/\/radiolifefm.com.br\/noticias\/pensando-nas-coisas-do-outro-tempo-do-tempo-neste-tempo-novo-tempo-2\/","name":"PENSANDO NAS COISAS DO OUTRO TEMPO DO TEMPO NESTE TEMPO NOVO TEMPO... - R\u00e1dio Life FM","isPartOf":{"@id":"https:\/\/radiolifefm.com.br\/noticias\/#website"},"primaryImageOfPage":{"@id":"https:\/\/radiolifefm.com.br\/noticias\/pensando-nas-coisas-do-outro-tempo-do-tempo-neste-tempo-novo-tempo-2\/#primaryimage"},"image":{"@id":"https:\/\/radiolifefm.com.br\/noticias\/pensando-nas-coisas-do-outro-tempo-do-tempo-neste-tempo-novo-tempo-2\/#primaryimage"},"thumbnailUrl":"https:\/\/radiolifefm.com.br\/noticias\/wp-content\/uploads\/2022\/04\/WhatsApp-Image-2022-04-10-at-18.43.02.jpeg","datePublished":"2024-03-25T11:54:10+00:00","dateModified":"2026-04-02T14:02:44+00:00","breadcrumb":{"@id":"https:\/\/radiolifefm.com.br\/noticias\/pensando-nas-coisas-do-outro-tempo-do-tempo-neste-tempo-novo-tempo-2\/#breadcrumb"},"inLanguage":"pt-BR","potentialAction":[{"@type":"ReadAction","target":["https:\/\/radiolifefm.com.br\/noticias\/pensando-nas-coisas-do-outro-tempo-do-tempo-neste-tempo-novo-tempo-2\/"]}]},{"@type":"ImageObject","inLanguage":"pt-BR","@id":"https:\/\/radiolifefm.com.br\/noticias\/pensando-nas-coisas-do-outro-tempo-do-tempo-neste-tempo-novo-tempo-2\/#primaryimage","url":"https:\/\/radiolifefm.com.br\/noticias\/wp-content\/uploads\/2022\/04\/WhatsApp-Image-2022-04-10-at-18.43.02.jpeg","contentUrl":"https:\/\/radiolifefm.com.br\/noticias\/wp-content\/uploads\/2022\/04\/WhatsApp-Image-2022-04-10-at-18.43.02.jpeg","width":972,"height":1296,"caption":"S\u00e9rgio Barbosa"},{"@type":"BreadcrumbList","@id":"https:\/\/radiolifefm.com.br\/noticias\/pensando-nas-coisas-do-outro-tempo-do-tempo-neste-tempo-novo-tempo-2\/#breadcrumb","itemListElement":[{"@type":"ListItem","position":1,"name":"In\u00edcio","item":"https:\/\/radiolifefm.com.br\/noticias\/"},{"@type":"ListItem","position":2,"name":"PENSANDO NAS COISAS DO OUTRO TEMPO DO TEMPO NESTE TEMPO NOVO TEMPO&#8230;"}]},{"@type":"WebSite","@id":"https:\/\/radiolifefm.com.br\/noticias\/#website","url":"https:\/\/radiolifefm.com.br\/noticias\/","name":"R\u00e1dio Life FM","description":"O Portal de Not\u00edcias de Adamantina","publisher":{"@id":"https:\/\/radiolifefm.com.br\/noticias\/#organization"},"alternateName":"Life FM","potentialAction":[{"@type":"SearchAction","target":{"@type":"EntryPoint","urlTemplate":"https:\/\/radiolifefm.com.br\/noticias\/?s={search_term_string}"},"query-input":{"@type":"PropertyValueSpecification","valueRequired":true,"valueName":"search_term_string"}}],"inLanguage":"pt-BR"},{"@type":"Organization","@id":"https:\/\/radiolifefm.com.br\/noticias\/#organization","name":"R\u00e1dio Life FM","alternateName":"Life FM","url":"https:\/\/radiolifefm.com.br\/noticias\/","logo":{"@type":"ImageObject","inLanguage":"pt-BR","@id":"https:\/\/radiolifefm.com.br\/noticias\/#\/schema\/logo\/image\/","url":"https:\/\/static.radiolifefm.com.br\/noticias\/wp-content\/uploads\/2019\/10\/logo-lifefm.png","contentUrl":"https:\/\/static.radiolifefm.com.br\/noticias\/wp-content\/uploads\/2019\/10\/logo-lifefm.png","width":196,"height":47,"caption":"R\u00e1dio Life FM"},"image":{"@id":"https:\/\/radiolifefm.com.br\/noticias\/#\/schema\/logo\/image\/"},"sameAs":["https:\/\/www.facebook.com\/radiolifefm\/","https:\/\/www.instagram.com\/life1079fm\/"]},{"@type":"Person","@id":"https:\/\/radiolifefm.com.br\/noticias\/#\/schema\/person\/6339b9fac59d12b071dec680d7375d87","name":"ritanery","image":{"@type":"ImageObject","inLanguage":"pt-BR","@id":"https:\/\/secure.gravatar.com\/avatar\/0e37bb19071f47c0b8a23f62a903df117c5a0e75f65a0c2901562f97cd41cf86?s=96&d=mm&r=g","url":"https:\/\/secure.gravatar.com\/avatar\/0e37bb19071f47c0b8a23f62a903df117c5a0e75f65a0c2901562f97cd41cf86?s=96&d=mm&r=g","contentUrl":"https:\/\/secure.gravatar.com\/avatar\/0e37bb19071f47c0b8a23f62a903df117c5a0e75f65a0c2901562f97cd41cf86?s=96&d=mm&r=g","caption":"ritanery"}}]}},"amp_enabled":true,"_links":{"self":[{"href":"https:\/\/radiolifefm.com.br\/noticias\/wp-json\/wp\/v2\/posts\/84809","targetHints":{"allow":["GET"]}}],"collection":[{"href":"https:\/\/radiolifefm.com.br\/noticias\/wp-json\/wp\/v2\/posts"}],"about":[{"href":"https:\/\/radiolifefm.com.br\/noticias\/wp-json\/wp\/v2\/types\/post"}],"author":[{"embeddable":true,"href":"https:\/\/radiolifefm.com.br\/noticias\/wp-json\/wp\/v2\/users\/13"}],"replies":[{"embeddable":true,"href":"https:\/\/radiolifefm.com.br\/noticias\/wp-json\/wp\/v2\/comments?post=84809"}],"version-history":[{"count":1,"href":"https:\/\/radiolifefm.com.br\/noticias\/wp-json\/wp\/v2\/posts\/84809\/revisions"}],"predecessor-version":[{"id":84810,"href":"https:\/\/radiolifefm.com.br\/noticias\/wp-json\/wp\/v2\/posts\/84809\/revisions\/84810"}],"wp:featuredmedia":[{"embeddable":true,"href":"https:\/\/radiolifefm.com.br\/noticias\/wp-json\/wp\/v2\/media\/51988"}],"wp:attachment":[{"href":"https:\/\/radiolifefm.com.br\/noticias\/wp-json\/wp\/v2\/media?parent=84809"}],"wp:term":[{"taxonomy":"category","embeddable":true,"href":"https:\/\/radiolifefm.com.br\/noticias\/wp-json\/wp\/v2\/categories?post=84809"},{"taxonomy":"post_tag","embeddable":true,"href":"https:\/\/radiolifefm.com.br\/noticias\/wp-json\/wp\/v2\/tags?post=84809"}],"curies":[{"name":"wp","href":"https:\/\/api.w.org\/{rel}","templated":true}]}}