{"id":84476,"date":"2024-03-20T08:41:41","date_gmt":"2024-03-20T11:41:41","guid":{"rendered":"https:\/\/radiolifefm.com.br\/noticias\/?p=84476"},"modified":"2026-04-19T01:45:15","modified_gmt":"2026-04-19T04:45:15","slug":"midia-e-metacomunicacao-em-nivel-glocal","status":"publish","type":"post","link":"https:\/\/radiolifefm.com.br\/noticias\/midia-e-metacomunicacao-em-nivel-glocal\/","title":{"rendered":"M\u00cdDIA E METACOMUNICA\u00c7\u00c3O EM N\u00cdVEL GLOCAL&#8230;"},"content":{"rendered":"<div id=\"fb-root\"><\/div>\n<p><em>\u00a0\u201c\u00c0s vezes, a \u00fanica coisa verdadeira num jornal \u00e9 a data\u201d<\/em><\/p>\n<p>&nbsp;<\/p>\n<p><strong><em>S\u00e9rgio Barbosa (*) <\/em><\/strong><\/p>\n<p>&nbsp;<\/p>\n<p>A m\u00eddia continua divulgando fatos relacionados com as novas propostas do atual governo brasileiro, bem como, o cen\u00e1rio mundial em pr\u00e9-temporada de mudan\u00e7as para diversas \u00e1reas de interesse do mercado glocal, ou seja, do global para o local&#8230;<\/p>\n<p>Interessante acompanhar os meios de comunica\u00e7\u00e3o nesta empreitada, pois, os fatos acabam enrolando as not\u00edcias e vice-versa, ainda bem que neste caso espec\u00edfico, sempre aparece algum interlocutor para amenizar o impacto da reportagem em meio aos desencontros de uma mesma informa\u00e7\u00e3o&#8230;<\/p>\n<p>Para tentar entender os c\u00f3digos desta metacomunica\u00e7\u00e3o \u00e9 preciso estar em dia com a hist\u00f3ria dos velhos tempos, principalmente no caos desta verdadeira batalha pelo furo jornal\u00edstico em tempo de p\u00f3s-globaliza\u00e7\u00e3o midi\u00e1tica&#8230;<\/p>\n<p>A denominada grande imprensa continua buscando alternativas para comercializar a mat\u00e9ria prima do jornalismo como meio e n\u00e3o fim do processo, criando desta forma, um sistema viciado e perigoso ao mesmo tempo para o receptor&#8230;<\/p>\n<p>Os processos midi\u00e1ticos contempor\u00e2neos est\u00e3o na pauta das grandes corpora\u00e7\u00f5es de m\u00eddia em n\u00edvel mundial, proporcionando novas propostas em n\u00edvel Organizacional&#8230;<\/p>\n<p>No final dos anos 90, o pesquisador Denis Moraes, denominou como \u201cPlaneta M\u00eddia\u201d, assim, os meios acabaram se transformando pelas descobertas decorrentes da inform\u00e1tica na \u00e1rea comunicacional, quando tudo se transforma em segundos pelas fibras \u00f3ticas ou um toque no teclado do computador&#8230;<\/p>\n<p>\u00c9 preciso estar na rede, se poss\u00edvel, em conex\u00e3o com tais mudan\u00e7as que chegam sem pedir licen\u00e7a e sob a bandeira da p\u00f3s-globaliza\u00e7\u00e3o Midi\u00e1tica como in\u00edcio, meio e quase fim dos processos tecnol\u00f3gicos em evolu\u00e7\u00e3o constante pela capacidade das descobertas Tecnol\u00f3gicas e utiliza\u00e7\u00e3o das denominadas Plataformas Digitais em n\u00edvel GLOCAL&#8230;<\/p>\n<p>Nestes Processos Midi\u00e1ticos, \u201cquase\u201d tudo \u00e9 permitido e n\u00e3o existe um padr\u00e3o moral para as descobertas deste s\u00e9culo, tendo em vista que as quest\u00f5es est\u00e3o em cima da mesa informatizada, isso \u00e9, pela vontade de sair e se poss\u00edvel, estar sempre na frente dos demais, tais como: documentos \u201csecretos\u201d, genoma, transg\u00eanicos, atentados terroristas, guerras, golpes, revolu\u00e7\u00e3o, greves, movimentos, clones e outros desencontros&#8230;<\/p>\n<p>Para a m\u00eddia GLOCAL, ou seja, do GLOBAL para o LOCAL, continua valendo uma das frases m\u00e1ximas da publicidade, a saber: \u201cnada se cria, tudo se copia\u201d, ou ent\u00e3o, \u201cos meios justificam os fins\u201d&#8230;<\/p>\n<p>Nestes ocasos, antes de qualquer coisa, \u00e9 preciso descobrir quem manda em quem, isso \u00e9, para quem sabe e depois, tentar entender ou at\u00e9 mesmo, estar a servi\u00e7o do poder midi\u00e1tico para levar adiante o discurso do \u201cquarto poder\u201d como bandeira midi\u00e1tica em tempo de p\u00f3s-globaliza\u00e7\u00e3o&#8230;<\/p>\n<p>A imprensa em geral, n\u00e3o est\u00e1 preocupada com quest\u00f5es relacionadas com a decodifica\u00e7\u00e3o da mensagem, isso \u00e9, o c\u00f3digo utilizado neste caso est\u00e1 al\u00e9m do entendimento pelo receptor, criando um v\u00e1cuo entre emissor e receptor desta mesma mensagem&#8230;<\/p>\n<p><strong><em>_____________________________________<\/em><\/strong><\/p>\n<p><strong><em>(*) Jornalista profissional diplomado.<\/em><\/strong><\/p>\n<p><strong><em>e-mail: <a href=\"mailto:barbosa.sebar@gmail.com\">barbosa.sebar@gmail.com<\/a><\/em><\/strong><\/p>\n<p><em>\u00a0<\/em><\/p>\n","protected":false},"excerpt":{"rendered":"<p>\u00a0\u201c\u00c0s vezes, a \u00fanica coisa verdadeira num jornal \u00e9 a data\u201d &nbsp; S\u00e9rgio Barbosa (*) &nbsp; A m\u00eddia continua divulgando fatos relacionados com as novas propostas do atual governo brasileiro, bem como, o cen\u00e1rio mundial em pr\u00e9-temporada de mudan\u00e7as para diversas \u00e1reas de interesse do mercado glocal, ou seja, do global para o local&#8230; Interessante [&hellip;]<\/p>\n","protected":false},"author":13,"featured_media":51988,"comment_status":"closed","ping_status":"open","sticky":false,"template":"","format":"standard","meta":{"_acf_changed":false,"_exactmetrics_skip_tracking":false,"_exactmetrics_sitenote_active":false,"_exactmetrics_sitenote_note":"","_exactmetrics_sitenote_category":0,"footnotes":""},"categories":[59],"tags":[],"class_list":["post-84476","post","type-post","status-publish","format-standard","has-post-thumbnail","hentry","category-opiniao"],"acf":[],"yoast_head":"<!-- This site is optimized with the Yoast SEO plugin v27.2 - https:\/\/yoast.com\/product\/yoast-seo-wordpress\/ -->\n<title>M\u00cdDIA E METACOMUNICA\u00c7\u00c3O EM N\u00cdVEL GLOCAL... - R\u00e1dio Life FM<\/title>\n<meta name=\"robots\" content=\"index, follow, max-snippet:-1, max-image-preview:large, max-video-preview:-1\" \/>\n<link rel=\"canonical\" href=\"https:\/\/radiolifefm.com.br\/noticias\/midia-e-metacomunicacao-em-nivel-glocal\/\" \/>\n<meta property=\"og:locale\" content=\"pt_BR\" \/>\n<meta property=\"og:type\" content=\"article\" \/>\n<meta property=\"og:title\" content=\"M\u00cdDIA E METACOMUNICA\u00c7\u00c3O EM N\u00cdVEL GLOCAL... - R\u00e1dio Life FM\" \/>\n<meta property=\"og:description\" content=\"\u00a0\u201c\u00c0s vezes, a \u00fanica coisa verdadeira num jornal \u00e9 a data\u201d &nbsp; S\u00e9rgio Barbosa (*) &nbsp; A m\u00eddia continua divulgando fatos relacionados com as novas propostas do atual governo brasileiro, bem como, o cen\u00e1rio mundial em pr\u00e9-temporada de mudan\u00e7as para diversas \u00e1reas de interesse do mercado glocal, ou seja, do global para o local&#8230; Interessante [&hellip;]\" \/>\n<meta property=\"og:url\" content=\"https:\/\/radiolifefm.com.br\/noticias\/midia-e-metacomunicacao-em-nivel-glocal\/\" \/>\n<meta property=\"og:site_name\" content=\"R\u00e1dio Life FM\" \/>\n<meta property=\"article:publisher\" content=\"https:\/\/www.facebook.com\/radiolifefm\/\" \/>\n<meta property=\"article:published_time\" content=\"2024-03-20T11:41:41+00:00\" \/>\n<meta property=\"article:modified_time\" content=\"2026-04-19T04:45:15+00:00\" \/>\n<meta property=\"og:image\" content=\"https:\/\/radiolifefm.com.br\/noticias\/wp-content\/uploads\/2022\/04\/WhatsApp-Image-2022-04-10-at-18.43.02.jpeg\" \/>\n\t<meta property=\"og:image:width\" content=\"972\" \/>\n\t<meta property=\"og:image:height\" content=\"1296\" \/>\n\t<meta property=\"og:image:type\" content=\"image\/jpeg\" \/>\n<meta name=\"author\" content=\"ritanery\" \/>\n<meta name=\"twitter:card\" content=\"summary_large_image\" \/>\n<meta name=\"twitter:label1\" content=\"Escrito por\" \/>\n\t<meta name=\"twitter:data1\" content=\"ritanery\" \/>\n\t<meta name=\"twitter:label2\" content=\"Est. tempo de leitura\" \/>\n\t<meta name=\"twitter:data2\" content=\"3 minutos\" \/>\n<script type=\"application\/ld+json\" class=\"yoast-schema-graph\">{\"@context\":\"https:\/\/schema.org\",\"@graph\":[{\"@type\":\"Article\",\"@id\":\"https:\/\/radiolifefm.com.br\/noticias\/midia-e-metacomunicacao-em-nivel-glocal\/#article\",\"isPartOf\":{\"@id\":\"https:\/\/radiolifefm.com.br\/noticias\/midia-e-metacomunicacao-em-nivel-glocal\/\"},\"author\":{\"name\":\"ritanery\",\"@id\":\"https:\/\/radiolifefm.com.br\/noticias\/#\/schema\/person\/6339b9fac59d12b071dec680d7375d87\"},\"headline\":\"M\u00cdDIA E METACOMUNICA\u00c7\u00c3O EM N\u00cdVEL GLOCAL&#8230;\",\"datePublished\":\"2024-03-20T11:41:41+00:00\",\"dateModified\":\"2026-04-19T04:45:15+00:00\",\"mainEntityOfPage\":{\"@id\":\"https:\/\/radiolifefm.com.br\/noticias\/midia-e-metacomunicacao-em-nivel-glocal\/\"},\"wordCount\":526,\"publisher\":{\"@id\":\"https:\/\/radiolifefm.com.br\/noticias\/#organization\"},\"image\":{\"@id\":\"https:\/\/radiolifefm.com.br\/noticias\/midia-e-metacomunicacao-em-nivel-glocal\/#primaryimage\"},\"thumbnailUrl\":\"https:\/\/radiolifefm.com.br\/noticias\/wp-content\/uploads\/2022\/04\/WhatsApp-Image-2022-04-10-at-18.43.02.jpeg\",\"articleSection\":[\"Opini\u00e3o\"],\"inLanguage\":\"pt-BR\"},{\"@type\":\"WebPage\",\"@id\":\"https:\/\/radiolifefm.com.br\/noticias\/midia-e-metacomunicacao-em-nivel-glocal\/\",\"url\":\"https:\/\/radiolifefm.com.br\/noticias\/midia-e-metacomunicacao-em-nivel-glocal\/\",\"name\":\"M\u00cdDIA E METACOMUNICA\u00c7\u00c3O EM N\u00cdVEL GLOCAL... - R\u00e1dio Life FM\",\"isPartOf\":{\"@id\":\"https:\/\/radiolifefm.com.br\/noticias\/#website\"},\"primaryImageOfPage\":{\"@id\":\"https:\/\/radiolifefm.com.br\/noticias\/midia-e-metacomunicacao-em-nivel-glocal\/#primaryimage\"},\"image\":{\"@id\":\"https:\/\/radiolifefm.com.br\/noticias\/midia-e-metacomunicacao-em-nivel-glocal\/#primaryimage\"},\"thumbnailUrl\":\"https:\/\/radiolifefm.com.br\/noticias\/wp-content\/uploads\/2022\/04\/WhatsApp-Image-2022-04-10-at-18.43.02.jpeg\",\"datePublished\":\"2024-03-20T11:41:41+00:00\",\"dateModified\":\"2026-04-19T04:45:15+00:00\",\"breadcrumb\":{\"@id\":\"https:\/\/radiolifefm.com.br\/noticias\/midia-e-metacomunicacao-em-nivel-glocal\/#breadcrumb\"},\"inLanguage\":\"pt-BR\",\"potentialAction\":[{\"@type\":\"ReadAction\",\"target\":[\"https:\/\/radiolifefm.com.br\/noticias\/midia-e-metacomunicacao-em-nivel-glocal\/\"]}]},{\"@type\":\"ImageObject\",\"inLanguage\":\"pt-BR\",\"@id\":\"https:\/\/radiolifefm.com.br\/noticias\/midia-e-metacomunicacao-em-nivel-glocal\/#primaryimage\",\"url\":\"https:\/\/radiolifefm.com.br\/noticias\/wp-content\/uploads\/2022\/04\/WhatsApp-Image-2022-04-10-at-18.43.02.jpeg\",\"contentUrl\":\"https:\/\/radiolifefm.com.br\/noticias\/wp-content\/uploads\/2022\/04\/WhatsApp-Image-2022-04-10-at-18.43.02.jpeg\",\"width\":972,\"height\":1296,\"caption\":\"S\u00e9rgio Barbosa\"},{\"@type\":\"BreadcrumbList\",\"@id\":\"https:\/\/radiolifefm.com.br\/noticias\/midia-e-metacomunicacao-em-nivel-glocal\/#breadcrumb\",\"itemListElement\":[{\"@type\":\"ListItem\",\"position\":1,\"name\":\"In\u00edcio\",\"item\":\"https:\/\/radiolifefm.com.br\/noticias\/\"},{\"@type\":\"ListItem\",\"position\":2,\"name\":\"M\u00cdDIA E METACOMUNICA\u00c7\u00c3O EM N\u00cdVEL GLOCAL&#8230;\"}]},{\"@type\":\"WebSite\",\"@id\":\"https:\/\/radiolifefm.com.br\/noticias\/#website\",\"url\":\"https:\/\/radiolifefm.com.br\/noticias\/\",\"name\":\"R\u00e1dio Life FM\",\"description\":\"O Portal de Not\u00edcias de Adamantina\",\"publisher\":{\"@id\":\"https:\/\/radiolifefm.com.br\/noticias\/#organization\"},\"alternateName\":\"Life FM\",\"potentialAction\":[{\"@type\":\"SearchAction\",\"target\":{\"@type\":\"EntryPoint\",\"urlTemplate\":\"https:\/\/radiolifefm.com.br\/noticias\/?s={search_term_string}\"},\"query-input\":{\"@type\":\"PropertyValueSpecification\",\"valueRequired\":true,\"valueName\":\"search_term_string\"}}],\"inLanguage\":\"pt-BR\"},{\"@type\":\"Organization\",\"@id\":\"https:\/\/radiolifefm.com.br\/noticias\/#organization\",\"name\":\"R\u00e1dio Life FM\",\"alternateName\":\"Life FM\",\"url\":\"https:\/\/radiolifefm.com.br\/noticias\/\",\"logo\":{\"@type\":\"ImageObject\",\"inLanguage\":\"pt-BR\",\"@id\":\"https:\/\/radiolifefm.com.br\/noticias\/#\/schema\/logo\/image\/\",\"url\":\"https:\/\/static.radiolifefm.com.br\/noticias\/wp-content\/uploads\/2019\/10\/logo-lifefm.png\",\"contentUrl\":\"https:\/\/static.radiolifefm.com.br\/noticias\/wp-content\/uploads\/2019\/10\/logo-lifefm.png\",\"width\":196,\"height\":47,\"caption\":\"R\u00e1dio Life FM\"},\"image\":{\"@id\":\"https:\/\/radiolifefm.com.br\/noticias\/#\/schema\/logo\/image\/\"},\"sameAs\":[\"https:\/\/www.facebook.com\/radiolifefm\/\",\"https:\/\/www.instagram.com\/life1079fm\/\"]},{\"@type\":\"Person\",\"@id\":\"https:\/\/radiolifefm.com.br\/noticias\/#\/schema\/person\/6339b9fac59d12b071dec680d7375d87\",\"name\":\"ritanery\",\"image\":{\"@type\":\"ImageObject\",\"inLanguage\":\"pt-BR\",\"@id\":\"https:\/\/secure.gravatar.com\/avatar\/0e37bb19071f47c0b8a23f62a903df117c5a0e75f65a0c2901562f97cd41cf86?s=96&d=mm&r=g\",\"url\":\"https:\/\/secure.gravatar.com\/avatar\/0e37bb19071f47c0b8a23f62a903df117c5a0e75f65a0c2901562f97cd41cf86?s=96&d=mm&r=g\",\"contentUrl\":\"https:\/\/secure.gravatar.com\/avatar\/0e37bb19071f47c0b8a23f62a903df117c5a0e75f65a0c2901562f97cd41cf86?s=96&d=mm&r=g\",\"caption\":\"ritanery\"}}]}<\/script>\n<!-- \/ Yoast SEO plugin. -->","yoast_head_json":{"title":"M\u00cdDIA E METACOMUNICA\u00c7\u00c3O EM N\u00cdVEL GLOCAL... - R\u00e1dio Life FM","robots":{"index":"index","follow":"follow","max-snippet":"max-snippet:-1","max-image-preview":"max-image-preview:large","max-video-preview":"max-video-preview:-1"},"canonical":"https:\/\/radiolifefm.com.br\/noticias\/midia-e-metacomunicacao-em-nivel-glocal\/","og_locale":"pt_BR","og_type":"article","og_title":"M\u00cdDIA E METACOMUNICA\u00c7\u00c3O EM N\u00cdVEL GLOCAL... - R\u00e1dio Life FM","og_description":"\u00a0\u201c\u00c0s vezes, a \u00fanica coisa verdadeira num jornal \u00e9 a data\u201d &nbsp; S\u00e9rgio Barbosa (*) &nbsp; A m\u00eddia continua divulgando fatos relacionados com as novas propostas do atual governo brasileiro, bem como, o cen\u00e1rio mundial em pr\u00e9-temporada de mudan\u00e7as para diversas \u00e1reas de interesse do mercado glocal, ou seja, do global para o local&#8230; Interessante [&hellip;]","og_url":"https:\/\/radiolifefm.com.br\/noticias\/midia-e-metacomunicacao-em-nivel-glocal\/","og_site_name":"R\u00e1dio Life FM","article_publisher":"https:\/\/www.facebook.com\/radiolifefm\/","article_published_time":"2024-03-20T11:41:41+00:00","article_modified_time":"2026-04-19T04:45:15+00:00","og_image":[{"width":972,"height":1296,"url":"https:\/\/radiolifefm.com.br\/noticias\/wp-content\/uploads\/2022\/04\/WhatsApp-Image-2022-04-10-at-18.43.02.jpeg","type":"image\/jpeg"}],"author":"ritanery","twitter_card":"summary_large_image","twitter_misc":{"Escrito por":"ritanery","Est. tempo de leitura":"3 minutos"},"schema":{"@context":"https:\/\/schema.org","@graph":[{"@type":"Article","@id":"https:\/\/radiolifefm.com.br\/noticias\/midia-e-metacomunicacao-em-nivel-glocal\/#article","isPartOf":{"@id":"https:\/\/radiolifefm.com.br\/noticias\/midia-e-metacomunicacao-em-nivel-glocal\/"},"author":{"name":"ritanery","@id":"https:\/\/radiolifefm.com.br\/noticias\/#\/schema\/person\/6339b9fac59d12b071dec680d7375d87"},"headline":"M\u00cdDIA E METACOMUNICA\u00c7\u00c3O EM N\u00cdVEL GLOCAL&#8230;","datePublished":"2024-03-20T11:41:41+00:00","dateModified":"2026-04-19T04:45:15+00:00","mainEntityOfPage":{"@id":"https:\/\/radiolifefm.com.br\/noticias\/midia-e-metacomunicacao-em-nivel-glocal\/"},"wordCount":526,"publisher":{"@id":"https:\/\/radiolifefm.com.br\/noticias\/#organization"},"image":{"@id":"https:\/\/radiolifefm.com.br\/noticias\/midia-e-metacomunicacao-em-nivel-glocal\/#primaryimage"},"thumbnailUrl":"https:\/\/radiolifefm.com.br\/noticias\/wp-content\/uploads\/2022\/04\/WhatsApp-Image-2022-04-10-at-18.43.02.jpeg","articleSection":["Opini\u00e3o"],"inLanguage":"pt-BR"},{"@type":"WebPage","@id":"https:\/\/radiolifefm.com.br\/noticias\/midia-e-metacomunicacao-em-nivel-glocal\/","url":"https:\/\/radiolifefm.com.br\/noticias\/midia-e-metacomunicacao-em-nivel-glocal\/","name":"M\u00cdDIA E METACOMUNICA\u00c7\u00c3O EM N\u00cdVEL GLOCAL... - R\u00e1dio Life FM","isPartOf":{"@id":"https:\/\/radiolifefm.com.br\/noticias\/#website"},"primaryImageOfPage":{"@id":"https:\/\/radiolifefm.com.br\/noticias\/midia-e-metacomunicacao-em-nivel-glocal\/#primaryimage"},"image":{"@id":"https:\/\/radiolifefm.com.br\/noticias\/midia-e-metacomunicacao-em-nivel-glocal\/#primaryimage"},"thumbnailUrl":"https:\/\/radiolifefm.com.br\/noticias\/wp-content\/uploads\/2022\/04\/WhatsApp-Image-2022-04-10-at-18.43.02.jpeg","datePublished":"2024-03-20T11:41:41+00:00","dateModified":"2026-04-19T04:45:15+00:00","breadcrumb":{"@id":"https:\/\/radiolifefm.com.br\/noticias\/midia-e-metacomunicacao-em-nivel-glocal\/#breadcrumb"},"inLanguage":"pt-BR","potentialAction":[{"@type":"ReadAction","target":["https:\/\/radiolifefm.com.br\/noticias\/midia-e-metacomunicacao-em-nivel-glocal\/"]}]},{"@type":"ImageObject","inLanguage":"pt-BR","@id":"https:\/\/radiolifefm.com.br\/noticias\/midia-e-metacomunicacao-em-nivel-glocal\/#primaryimage","url":"https:\/\/radiolifefm.com.br\/noticias\/wp-content\/uploads\/2022\/04\/WhatsApp-Image-2022-04-10-at-18.43.02.jpeg","contentUrl":"https:\/\/radiolifefm.com.br\/noticias\/wp-content\/uploads\/2022\/04\/WhatsApp-Image-2022-04-10-at-18.43.02.jpeg","width":972,"height":1296,"caption":"S\u00e9rgio Barbosa"},{"@type":"BreadcrumbList","@id":"https:\/\/radiolifefm.com.br\/noticias\/midia-e-metacomunicacao-em-nivel-glocal\/#breadcrumb","itemListElement":[{"@type":"ListItem","position":1,"name":"In\u00edcio","item":"https:\/\/radiolifefm.com.br\/noticias\/"},{"@type":"ListItem","position":2,"name":"M\u00cdDIA E METACOMUNICA\u00c7\u00c3O EM N\u00cdVEL GLOCAL&#8230;"}]},{"@type":"WebSite","@id":"https:\/\/radiolifefm.com.br\/noticias\/#website","url":"https:\/\/radiolifefm.com.br\/noticias\/","name":"R\u00e1dio Life FM","description":"O Portal de Not\u00edcias de Adamantina","publisher":{"@id":"https:\/\/radiolifefm.com.br\/noticias\/#organization"},"alternateName":"Life FM","potentialAction":[{"@type":"SearchAction","target":{"@type":"EntryPoint","urlTemplate":"https:\/\/radiolifefm.com.br\/noticias\/?s={search_term_string}"},"query-input":{"@type":"PropertyValueSpecification","valueRequired":true,"valueName":"search_term_string"}}],"inLanguage":"pt-BR"},{"@type":"Organization","@id":"https:\/\/radiolifefm.com.br\/noticias\/#organization","name":"R\u00e1dio Life FM","alternateName":"Life FM","url":"https:\/\/radiolifefm.com.br\/noticias\/","logo":{"@type":"ImageObject","inLanguage":"pt-BR","@id":"https:\/\/radiolifefm.com.br\/noticias\/#\/schema\/logo\/image\/","url":"https:\/\/static.radiolifefm.com.br\/noticias\/wp-content\/uploads\/2019\/10\/logo-lifefm.png","contentUrl":"https:\/\/static.radiolifefm.com.br\/noticias\/wp-content\/uploads\/2019\/10\/logo-lifefm.png","width":196,"height":47,"caption":"R\u00e1dio Life FM"},"image":{"@id":"https:\/\/radiolifefm.com.br\/noticias\/#\/schema\/logo\/image\/"},"sameAs":["https:\/\/www.facebook.com\/radiolifefm\/","https:\/\/www.instagram.com\/life1079fm\/"]},{"@type":"Person","@id":"https:\/\/radiolifefm.com.br\/noticias\/#\/schema\/person\/6339b9fac59d12b071dec680d7375d87","name":"ritanery","image":{"@type":"ImageObject","inLanguage":"pt-BR","@id":"https:\/\/secure.gravatar.com\/avatar\/0e37bb19071f47c0b8a23f62a903df117c5a0e75f65a0c2901562f97cd41cf86?s=96&d=mm&r=g","url":"https:\/\/secure.gravatar.com\/avatar\/0e37bb19071f47c0b8a23f62a903df117c5a0e75f65a0c2901562f97cd41cf86?s=96&d=mm&r=g","contentUrl":"https:\/\/secure.gravatar.com\/avatar\/0e37bb19071f47c0b8a23f62a903df117c5a0e75f65a0c2901562f97cd41cf86?s=96&d=mm&r=g","caption":"ritanery"}}]}},"amp_enabled":true,"_links":{"self":[{"href":"https:\/\/radiolifefm.com.br\/noticias\/wp-json\/wp\/v2\/posts\/84476","targetHints":{"allow":["GET"]}}],"collection":[{"href":"https:\/\/radiolifefm.com.br\/noticias\/wp-json\/wp\/v2\/posts"}],"about":[{"href":"https:\/\/radiolifefm.com.br\/noticias\/wp-json\/wp\/v2\/types\/post"}],"author":[{"embeddable":true,"href":"https:\/\/radiolifefm.com.br\/noticias\/wp-json\/wp\/v2\/users\/13"}],"replies":[{"embeddable":true,"href":"https:\/\/radiolifefm.com.br\/noticias\/wp-json\/wp\/v2\/comments?post=84476"}],"version-history":[{"count":1,"href":"https:\/\/radiolifefm.com.br\/noticias\/wp-json\/wp\/v2\/posts\/84476\/revisions"}],"predecessor-version":[{"id":84477,"href":"https:\/\/radiolifefm.com.br\/noticias\/wp-json\/wp\/v2\/posts\/84476\/revisions\/84477"}],"wp:featuredmedia":[{"embeddable":true,"href":"https:\/\/radiolifefm.com.br\/noticias\/wp-json\/wp\/v2\/media\/51988"}],"wp:attachment":[{"href":"https:\/\/radiolifefm.com.br\/noticias\/wp-json\/wp\/v2\/media?parent=84476"}],"wp:term":[{"taxonomy":"category","embeddable":true,"href":"https:\/\/radiolifefm.com.br\/noticias\/wp-json\/wp\/v2\/categories?post=84476"},{"taxonomy":"post_tag","embeddable":true,"href":"https:\/\/radiolifefm.com.br\/noticias\/wp-json\/wp\/v2\/tags?post=84476"}],"curies":[{"name":"wp","href":"https:\/\/api.w.org\/{rel}","templated":true}]}}