{"id":84329,"date":"2024-03-15T09:06:45","date_gmt":"2024-03-15T12:06:45","guid":{"rendered":"https:\/\/radiolifefm.com.br\/noticias\/?p=84329"},"modified":"2026-01-03T08:38:36","modified_gmt":"2026-01-03T11:38:36","slug":"amigos-da-onca-ou-onca-sem-amigos-na-nesta-provincia-do-faz-de-conta","status":"publish","type":"post","link":"https:\/\/radiolifefm.com.br\/noticias\/amigos-da-onca-ou-onca-sem-amigos-na-nesta-provincia-do-faz-de-conta\/","title":{"rendered":"AMIGOS DA ON\u00c7A OU ON\u00c7A SEM AMIGOS NA NESTA PROV\u00cdNCIA DO FAZ DE CONTA&#8230;"},"content":{"rendered":"<div id=\"fb-root\"><\/div>\n<p>&nbsp;<\/p>\n<p>&nbsp;<\/p>\n<p><em>\u201cComo sempre, a imprensa tinha raz\u00e3o&#8230;\u201d <\/em><em>(Henry Kissinger)<\/em><\/p>\n<p>&nbsp;<\/p>\n<p><strong><em>By seb@r.<\/em><\/strong><\/p>\n<p>&nbsp;<\/p>\n<p>As coisas, pelo andar da carruagem andam de mal a pior para algumas figuras do mundo mais do que animal neste novo tempo novo que se chama hoje em terras provincianas, entre os quais, aqueles amigos de sempre, isto \u00e9, da on\u00e7a \u00e9 claro!!!<\/p>\n<p>Por isto e mais aquilo, o lado selvagem do dito mais do que cujo anda mal das pernas, desculpe, das patas, afinal, depois de ficar mais de quatro anos treinando \u201ctiro ao alvo\u201d, acabou sem mais e sem menos ficando sem o alvo e o pior nesta est\u00f3ria provinciana, na reta final tiraram o alvo do \u201camigo da on\u00e7a\u201d e a\u00ed, bom, nada disto e daquilo, at\u00e9 mesmo ficou como \u201co amigo da on\u00e7a que nem a on\u00e7a o quer por perto\u201d&#8230;<\/p>\n<p>\u00c9 isso a\u00ed leitor, \u201ccada louco com sua mania\u201d, afinal de contas, cada um carrega a mala que deseja nestas viagens de muitas idas e poucas vindas para o lado do consenso neste cen\u00e1rio al\u00e9m do p\u00fablico ou privado&#8230;<\/p>\n<p>Os \u201camigos da on\u00e7a\u201d continuam rondando os lados de uma, quem sabe, duas ou mais moedas, afinal disto ou daquilo est\u00e1 do lado do amigo sem on\u00e7a agora, resta saber se o dito sem cujo sabe da sua situa\u00e7\u00e3o no meio que circula sem mais e sem menos&#8230;<\/p>\n<p>As not\u00edcias correm como o vento pelas esquinas de uma prov\u00edncia qualquer, assim, dizem que as on\u00e7as est\u00e3o em extin\u00e7\u00e3o animal, resta saber se as outras, aquelas travestidas de pele de cordeiro, por\u00e9m, com dentes de lobo noturno, isso mesmo leitor, costumam circular na calada da noite, buscando um ataque pelas costas do criador da criatura e nada mais para um desencontro em tempo de p\u00f3s-globaliza\u00e7\u00e3o organizacional&#8230;<\/p>\n<p>Os fatos de uma mesma hist\u00f3ria est\u00e3o na pauta para refor\u00e7ar outros temas, entre os quais, tem\u00e1tica relacionada com o cristianismo, disto pode-se levar em conta o lado da religi\u00e3o, mesmo num mundo irracional, quem sabe, uma negociata para estar no poder para um acerto de contas ou para, finalmente, depois de anos pegar nas r\u00e9deas de um jeito ou de outro&#8230;<\/p>\n<p>Ah! Sim, o cristianismo tem o seu lado nesta est\u00f3ria provinciana, quando aparecem num mesmo circo provinciano, Judas e o tal \u201camigo da on\u00e7a\u201d, por isto e aquilo o poder acaba prevalecendo para uns e outros ficam na torcida, para o bem ou para o mal de uma mesma conquista al\u00e9m da prov\u00edncia&#8230;<\/p>\n<p>Tamb\u00e9m, todo mundo tem um pre\u00e7o quando est\u00e1 em jogo o poder pelo poder e nada a declarar neste jogo da pseudoverdade em meio aos boatos disseminados pelos \u201camigos da on\u00e7a ou on\u00e7as sem amigo\u201d daqui pra frente neste mundo animal ou seria animal do mundo???<\/p>\n<p>QUEM SOBREVIVER VAI SABER&#8230;<\/p>\n<p><em>\u00a0<\/em><\/p>\n<p><em>\u00a0<\/em><\/p>\n<p><strong><em>e-mail: <\/em><\/strong><a href=\"mailto:barbosa.sebar@gmail.com\"><strong><em>barbosa.sebar@gmail.com<\/em><\/strong><\/a><\/p>\n","protected":false},"excerpt":{"rendered":"<p>&nbsp; &nbsp; \u201cComo sempre, a imprensa tinha raz\u00e3o&#8230;\u201d (Henry Kissinger) &nbsp; By seb@r. &nbsp; As coisas, pelo andar da carruagem andam de mal a pior para algumas figuras do mundo mais do que animal neste novo tempo novo que se chama hoje em terras provincianas, entre os quais, aqueles amigos de sempre, isto \u00e9, da [&hellip;]<\/p>\n","protected":false},"author":13,"featured_media":51988,"comment_status":"closed","ping_status":"open","sticky":false,"template":"","format":"standard","meta":{"_acf_changed":false,"_exactmetrics_skip_tracking":false,"_exactmetrics_sitenote_active":false,"_exactmetrics_sitenote_note":"","_exactmetrics_sitenote_category":0,"footnotes":""},"categories":[59],"tags":[],"class_list":["post-84329","post","type-post","status-publish","format-standard","has-post-thumbnail","hentry","category-opiniao"],"acf":[],"yoast_head":"<!-- This site is optimized with the Yoast SEO plugin v27.2 - https:\/\/yoast.com\/product\/yoast-seo-wordpress\/ -->\n<title>AMIGOS DA ON\u00c7A OU ON\u00c7A SEM AMIGOS NA NESTA PROV\u00cdNCIA DO FAZ DE CONTA... - R\u00e1dio Life FM<\/title>\n<meta name=\"robots\" content=\"index, follow, max-snippet:-1, max-image-preview:large, max-video-preview:-1\" \/>\n<link rel=\"canonical\" href=\"https:\/\/radiolifefm.com.br\/noticias\/amigos-da-onca-ou-onca-sem-amigos-na-nesta-provincia-do-faz-de-conta\/\" \/>\n<meta property=\"og:locale\" content=\"pt_BR\" \/>\n<meta property=\"og:type\" content=\"article\" \/>\n<meta property=\"og:title\" content=\"AMIGOS DA ON\u00c7A OU ON\u00c7A SEM AMIGOS NA NESTA PROV\u00cdNCIA DO FAZ DE CONTA... - R\u00e1dio Life FM\" \/>\n<meta property=\"og:description\" content=\"&nbsp; &nbsp; \u201cComo sempre, a imprensa tinha raz\u00e3o&#8230;\u201d (Henry Kissinger) &nbsp; By seb@r. &nbsp; As coisas, pelo andar da carruagem andam de mal a pior para algumas figuras do mundo mais do que animal neste novo tempo novo que se chama hoje em terras provincianas, entre os quais, aqueles amigos de sempre, isto \u00e9, da [&hellip;]\" \/>\n<meta property=\"og:url\" content=\"https:\/\/radiolifefm.com.br\/noticias\/amigos-da-onca-ou-onca-sem-amigos-na-nesta-provincia-do-faz-de-conta\/\" \/>\n<meta property=\"og:site_name\" content=\"R\u00e1dio Life FM\" \/>\n<meta property=\"article:publisher\" content=\"https:\/\/www.facebook.com\/radiolifefm\/\" \/>\n<meta property=\"article:published_time\" content=\"2024-03-15T12:06:45+00:00\" \/>\n<meta property=\"article:modified_time\" content=\"2026-01-03T11:38:36+00:00\" \/>\n<meta property=\"og:image\" content=\"https:\/\/radiolifefm.com.br\/noticias\/wp-content\/uploads\/2022\/04\/WhatsApp-Image-2022-04-10-at-18.43.02.jpeg\" \/>\n\t<meta property=\"og:image:width\" content=\"972\" \/>\n\t<meta property=\"og:image:height\" content=\"1296\" \/>\n\t<meta property=\"og:image:type\" content=\"image\/jpeg\" \/>\n<meta name=\"author\" content=\"ritanery\" \/>\n<meta name=\"twitter:card\" content=\"summary_large_image\" \/>\n<meta name=\"twitter:label1\" content=\"Escrito por\" \/>\n\t<meta name=\"twitter:data1\" content=\"ritanery\" \/>\n\t<meta name=\"twitter:label2\" content=\"Est. tempo de leitura\" \/>\n\t<meta name=\"twitter:data2\" content=\"3 minutos\" \/>\n<script type=\"application\/ld+json\" class=\"yoast-schema-graph\">{\"@context\":\"https:\/\/schema.org\",\"@graph\":[{\"@type\":\"Article\",\"@id\":\"https:\/\/radiolifefm.com.br\/noticias\/amigos-da-onca-ou-onca-sem-amigos-na-nesta-provincia-do-faz-de-conta\/#article\",\"isPartOf\":{\"@id\":\"https:\/\/radiolifefm.com.br\/noticias\/amigos-da-onca-ou-onca-sem-amigos-na-nesta-provincia-do-faz-de-conta\/\"},\"author\":{\"name\":\"ritanery\",\"@id\":\"https:\/\/radiolifefm.com.br\/noticias\/#\/schema\/person\/6339b9fac59d12b071dec680d7375d87\"},\"headline\":\"AMIGOS DA ON\u00c7A OU ON\u00c7A SEM AMIGOS NA NESTA PROV\u00cdNCIA DO FAZ DE CONTA&#8230;\",\"datePublished\":\"2024-03-15T12:06:45+00:00\",\"dateModified\":\"2026-01-03T11:38:36+00:00\",\"mainEntityOfPage\":{\"@id\":\"https:\/\/radiolifefm.com.br\/noticias\/amigos-da-onca-ou-onca-sem-amigos-na-nesta-provincia-do-faz-de-conta\/\"},\"wordCount\":513,\"publisher\":{\"@id\":\"https:\/\/radiolifefm.com.br\/noticias\/#organization\"},\"image\":{\"@id\":\"https:\/\/radiolifefm.com.br\/noticias\/amigos-da-onca-ou-onca-sem-amigos-na-nesta-provincia-do-faz-de-conta\/#primaryimage\"},\"thumbnailUrl\":\"https:\/\/radiolifefm.com.br\/noticias\/wp-content\/uploads\/2022\/04\/WhatsApp-Image-2022-04-10-at-18.43.02.jpeg\",\"articleSection\":[\"Opini\u00e3o\"],\"inLanguage\":\"pt-BR\"},{\"@type\":\"WebPage\",\"@id\":\"https:\/\/radiolifefm.com.br\/noticias\/amigos-da-onca-ou-onca-sem-amigos-na-nesta-provincia-do-faz-de-conta\/\",\"url\":\"https:\/\/radiolifefm.com.br\/noticias\/amigos-da-onca-ou-onca-sem-amigos-na-nesta-provincia-do-faz-de-conta\/\",\"name\":\"AMIGOS DA ON\u00c7A OU ON\u00c7A SEM AMIGOS NA NESTA PROV\u00cdNCIA DO FAZ DE CONTA... - R\u00e1dio Life FM\",\"isPartOf\":{\"@id\":\"https:\/\/radiolifefm.com.br\/noticias\/#website\"},\"primaryImageOfPage\":{\"@id\":\"https:\/\/radiolifefm.com.br\/noticias\/amigos-da-onca-ou-onca-sem-amigos-na-nesta-provincia-do-faz-de-conta\/#primaryimage\"},\"image\":{\"@id\":\"https:\/\/radiolifefm.com.br\/noticias\/amigos-da-onca-ou-onca-sem-amigos-na-nesta-provincia-do-faz-de-conta\/#primaryimage\"},\"thumbnailUrl\":\"https:\/\/radiolifefm.com.br\/noticias\/wp-content\/uploads\/2022\/04\/WhatsApp-Image-2022-04-10-at-18.43.02.jpeg\",\"datePublished\":\"2024-03-15T12:06:45+00:00\",\"dateModified\":\"2026-01-03T11:38:36+00:00\",\"breadcrumb\":{\"@id\":\"https:\/\/radiolifefm.com.br\/noticias\/amigos-da-onca-ou-onca-sem-amigos-na-nesta-provincia-do-faz-de-conta\/#breadcrumb\"},\"inLanguage\":\"pt-BR\",\"potentialAction\":[{\"@type\":\"ReadAction\",\"target\":[\"https:\/\/radiolifefm.com.br\/noticias\/amigos-da-onca-ou-onca-sem-amigos-na-nesta-provincia-do-faz-de-conta\/\"]}]},{\"@type\":\"ImageObject\",\"inLanguage\":\"pt-BR\",\"@id\":\"https:\/\/radiolifefm.com.br\/noticias\/amigos-da-onca-ou-onca-sem-amigos-na-nesta-provincia-do-faz-de-conta\/#primaryimage\",\"url\":\"https:\/\/radiolifefm.com.br\/noticias\/wp-content\/uploads\/2022\/04\/WhatsApp-Image-2022-04-10-at-18.43.02.jpeg\",\"contentUrl\":\"https:\/\/radiolifefm.com.br\/noticias\/wp-content\/uploads\/2022\/04\/WhatsApp-Image-2022-04-10-at-18.43.02.jpeg\",\"width\":972,\"height\":1296,\"caption\":\"S\u00e9rgio Barbosa\"},{\"@type\":\"BreadcrumbList\",\"@id\":\"https:\/\/radiolifefm.com.br\/noticias\/amigos-da-onca-ou-onca-sem-amigos-na-nesta-provincia-do-faz-de-conta\/#breadcrumb\",\"itemListElement\":[{\"@type\":\"ListItem\",\"position\":1,\"name\":\"In\u00edcio\",\"item\":\"https:\/\/radiolifefm.com.br\/noticias\/\"},{\"@type\":\"ListItem\",\"position\":2,\"name\":\"AMIGOS DA ON\u00c7A OU ON\u00c7A SEM AMIGOS NA NESTA PROV\u00cdNCIA DO FAZ DE CONTA&#8230;\"}]},{\"@type\":\"WebSite\",\"@id\":\"https:\/\/radiolifefm.com.br\/noticias\/#website\",\"url\":\"https:\/\/radiolifefm.com.br\/noticias\/\",\"name\":\"R\u00e1dio Life FM\",\"description\":\"O Portal de Not\u00edcias de Adamantina\",\"publisher\":{\"@id\":\"https:\/\/radiolifefm.com.br\/noticias\/#organization\"},\"alternateName\":\"Life FM\",\"potentialAction\":[{\"@type\":\"SearchAction\",\"target\":{\"@type\":\"EntryPoint\",\"urlTemplate\":\"https:\/\/radiolifefm.com.br\/noticias\/?s={search_term_string}\"},\"query-input\":{\"@type\":\"PropertyValueSpecification\",\"valueRequired\":true,\"valueName\":\"search_term_string\"}}],\"inLanguage\":\"pt-BR\"},{\"@type\":\"Organization\",\"@id\":\"https:\/\/radiolifefm.com.br\/noticias\/#organization\",\"name\":\"R\u00e1dio Life FM\",\"alternateName\":\"Life FM\",\"url\":\"https:\/\/radiolifefm.com.br\/noticias\/\",\"logo\":{\"@type\":\"ImageObject\",\"inLanguage\":\"pt-BR\",\"@id\":\"https:\/\/radiolifefm.com.br\/noticias\/#\/schema\/logo\/image\/\",\"url\":\"https:\/\/static.radiolifefm.com.br\/noticias\/wp-content\/uploads\/2019\/10\/logo-lifefm.png\",\"contentUrl\":\"https:\/\/static.radiolifefm.com.br\/noticias\/wp-content\/uploads\/2019\/10\/logo-lifefm.png\",\"width\":196,\"height\":47,\"caption\":\"R\u00e1dio Life FM\"},\"image\":{\"@id\":\"https:\/\/radiolifefm.com.br\/noticias\/#\/schema\/logo\/image\/\"},\"sameAs\":[\"https:\/\/www.facebook.com\/radiolifefm\/\",\"https:\/\/www.instagram.com\/life1079fm\/\"]},{\"@type\":\"Person\",\"@id\":\"https:\/\/radiolifefm.com.br\/noticias\/#\/schema\/person\/6339b9fac59d12b071dec680d7375d87\",\"name\":\"ritanery\",\"image\":{\"@type\":\"ImageObject\",\"inLanguage\":\"pt-BR\",\"@id\":\"https:\/\/secure.gravatar.com\/avatar\/0e37bb19071f47c0b8a23f62a903df117c5a0e75f65a0c2901562f97cd41cf86?s=96&d=mm&r=g\",\"url\":\"https:\/\/secure.gravatar.com\/avatar\/0e37bb19071f47c0b8a23f62a903df117c5a0e75f65a0c2901562f97cd41cf86?s=96&d=mm&r=g\",\"contentUrl\":\"https:\/\/secure.gravatar.com\/avatar\/0e37bb19071f47c0b8a23f62a903df117c5a0e75f65a0c2901562f97cd41cf86?s=96&d=mm&r=g\",\"caption\":\"ritanery\"}}]}<\/script>\n<!-- \/ Yoast SEO plugin. -->","yoast_head_json":{"title":"AMIGOS DA ON\u00c7A OU ON\u00c7A SEM AMIGOS NA NESTA PROV\u00cdNCIA DO FAZ DE CONTA... - R\u00e1dio Life FM","robots":{"index":"index","follow":"follow","max-snippet":"max-snippet:-1","max-image-preview":"max-image-preview:large","max-video-preview":"max-video-preview:-1"},"canonical":"https:\/\/radiolifefm.com.br\/noticias\/amigos-da-onca-ou-onca-sem-amigos-na-nesta-provincia-do-faz-de-conta\/","og_locale":"pt_BR","og_type":"article","og_title":"AMIGOS DA ON\u00c7A OU ON\u00c7A SEM AMIGOS NA NESTA PROV\u00cdNCIA DO FAZ DE CONTA... - R\u00e1dio Life FM","og_description":"&nbsp; &nbsp; \u201cComo sempre, a imprensa tinha raz\u00e3o&#8230;\u201d (Henry Kissinger) &nbsp; By seb@r. &nbsp; As coisas, pelo andar da carruagem andam de mal a pior para algumas figuras do mundo mais do que animal neste novo tempo novo que se chama hoje em terras provincianas, entre os quais, aqueles amigos de sempre, isto \u00e9, da [&hellip;]","og_url":"https:\/\/radiolifefm.com.br\/noticias\/amigos-da-onca-ou-onca-sem-amigos-na-nesta-provincia-do-faz-de-conta\/","og_site_name":"R\u00e1dio Life FM","article_publisher":"https:\/\/www.facebook.com\/radiolifefm\/","article_published_time":"2024-03-15T12:06:45+00:00","article_modified_time":"2026-01-03T11:38:36+00:00","og_image":[{"width":972,"height":1296,"url":"https:\/\/radiolifefm.com.br\/noticias\/wp-content\/uploads\/2022\/04\/WhatsApp-Image-2022-04-10-at-18.43.02.jpeg","type":"image\/jpeg"}],"author":"ritanery","twitter_card":"summary_large_image","twitter_misc":{"Escrito por":"ritanery","Est. tempo de leitura":"3 minutos"},"schema":{"@context":"https:\/\/schema.org","@graph":[{"@type":"Article","@id":"https:\/\/radiolifefm.com.br\/noticias\/amigos-da-onca-ou-onca-sem-amigos-na-nesta-provincia-do-faz-de-conta\/#article","isPartOf":{"@id":"https:\/\/radiolifefm.com.br\/noticias\/amigos-da-onca-ou-onca-sem-amigos-na-nesta-provincia-do-faz-de-conta\/"},"author":{"name":"ritanery","@id":"https:\/\/radiolifefm.com.br\/noticias\/#\/schema\/person\/6339b9fac59d12b071dec680d7375d87"},"headline":"AMIGOS DA ON\u00c7A OU ON\u00c7A SEM AMIGOS NA NESTA PROV\u00cdNCIA DO FAZ DE CONTA&#8230;","datePublished":"2024-03-15T12:06:45+00:00","dateModified":"2026-01-03T11:38:36+00:00","mainEntityOfPage":{"@id":"https:\/\/radiolifefm.com.br\/noticias\/amigos-da-onca-ou-onca-sem-amigos-na-nesta-provincia-do-faz-de-conta\/"},"wordCount":513,"publisher":{"@id":"https:\/\/radiolifefm.com.br\/noticias\/#organization"},"image":{"@id":"https:\/\/radiolifefm.com.br\/noticias\/amigos-da-onca-ou-onca-sem-amigos-na-nesta-provincia-do-faz-de-conta\/#primaryimage"},"thumbnailUrl":"https:\/\/radiolifefm.com.br\/noticias\/wp-content\/uploads\/2022\/04\/WhatsApp-Image-2022-04-10-at-18.43.02.jpeg","articleSection":["Opini\u00e3o"],"inLanguage":"pt-BR"},{"@type":"WebPage","@id":"https:\/\/radiolifefm.com.br\/noticias\/amigos-da-onca-ou-onca-sem-amigos-na-nesta-provincia-do-faz-de-conta\/","url":"https:\/\/radiolifefm.com.br\/noticias\/amigos-da-onca-ou-onca-sem-amigos-na-nesta-provincia-do-faz-de-conta\/","name":"AMIGOS DA ON\u00c7A OU ON\u00c7A SEM AMIGOS NA NESTA PROV\u00cdNCIA DO FAZ DE CONTA... - R\u00e1dio Life FM","isPartOf":{"@id":"https:\/\/radiolifefm.com.br\/noticias\/#website"},"primaryImageOfPage":{"@id":"https:\/\/radiolifefm.com.br\/noticias\/amigos-da-onca-ou-onca-sem-amigos-na-nesta-provincia-do-faz-de-conta\/#primaryimage"},"image":{"@id":"https:\/\/radiolifefm.com.br\/noticias\/amigos-da-onca-ou-onca-sem-amigos-na-nesta-provincia-do-faz-de-conta\/#primaryimage"},"thumbnailUrl":"https:\/\/radiolifefm.com.br\/noticias\/wp-content\/uploads\/2022\/04\/WhatsApp-Image-2022-04-10-at-18.43.02.jpeg","datePublished":"2024-03-15T12:06:45+00:00","dateModified":"2026-01-03T11:38:36+00:00","breadcrumb":{"@id":"https:\/\/radiolifefm.com.br\/noticias\/amigos-da-onca-ou-onca-sem-amigos-na-nesta-provincia-do-faz-de-conta\/#breadcrumb"},"inLanguage":"pt-BR","potentialAction":[{"@type":"ReadAction","target":["https:\/\/radiolifefm.com.br\/noticias\/amigos-da-onca-ou-onca-sem-amigos-na-nesta-provincia-do-faz-de-conta\/"]}]},{"@type":"ImageObject","inLanguage":"pt-BR","@id":"https:\/\/radiolifefm.com.br\/noticias\/amigos-da-onca-ou-onca-sem-amigos-na-nesta-provincia-do-faz-de-conta\/#primaryimage","url":"https:\/\/radiolifefm.com.br\/noticias\/wp-content\/uploads\/2022\/04\/WhatsApp-Image-2022-04-10-at-18.43.02.jpeg","contentUrl":"https:\/\/radiolifefm.com.br\/noticias\/wp-content\/uploads\/2022\/04\/WhatsApp-Image-2022-04-10-at-18.43.02.jpeg","width":972,"height":1296,"caption":"S\u00e9rgio Barbosa"},{"@type":"BreadcrumbList","@id":"https:\/\/radiolifefm.com.br\/noticias\/amigos-da-onca-ou-onca-sem-amigos-na-nesta-provincia-do-faz-de-conta\/#breadcrumb","itemListElement":[{"@type":"ListItem","position":1,"name":"In\u00edcio","item":"https:\/\/radiolifefm.com.br\/noticias\/"},{"@type":"ListItem","position":2,"name":"AMIGOS DA ON\u00c7A OU ON\u00c7A SEM AMIGOS NA NESTA PROV\u00cdNCIA DO FAZ DE CONTA&#8230;"}]},{"@type":"WebSite","@id":"https:\/\/radiolifefm.com.br\/noticias\/#website","url":"https:\/\/radiolifefm.com.br\/noticias\/","name":"R\u00e1dio Life FM","description":"O Portal de Not\u00edcias de Adamantina","publisher":{"@id":"https:\/\/radiolifefm.com.br\/noticias\/#organization"},"alternateName":"Life FM","potentialAction":[{"@type":"SearchAction","target":{"@type":"EntryPoint","urlTemplate":"https:\/\/radiolifefm.com.br\/noticias\/?s={search_term_string}"},"query-input":{"@type":"PropertyValueSpecification","valueRequired":true,"valueName":"search_term_string"}}],"inLanguage":"pt-BR"},{"@type":"Organization","@id":"https:\/\/radiolifefm.com.br\/noticias\/#organization","name":"R\u00e1dio Life FM","alternateName":"Life FM","url":"https:\/\/radiolifefm.com.br\/noticias\/","logo":{"@type":"ImageObject","inLanguage":"pt-BR","@id":"https:\/\/radiolifefm.com.br\/noticias\/#\/schema\/logo\/image\/","url":"https:\/\/static.radiolifefm.com.br\/noticias\/wp-content\/uploads\/2019\/10\/logo-lifefm.png","contentUrl":"https:\/\/static.radiolifefm.com.br\/noticias\/wp-content\/uploads\/2019\/10\/logo-lifefm.png","width":196,"height":47,"caption":"R\u00e1dio Life FM"},"image":{"@id":"https:\/\/radiolifefm.com.br\/noticias\/#\/schema\/logo\/image\/"},"sameAs":["https:\/\/www.facebook.com\/radiolifefm\/","https:\/\/www.instagram.com\/life1079fm\/"]},{"@type":"Person","@id":"https:\/\/radiolifefm.com.br\/noticias\/#\/schema\/person\/6339b9fac59d12b071dec680d7375d87","name":"ritanery","image":{"@type":"ImageObject","inLanguage":"pt-BR","@id":"https:\/\/secure.gravatar.com\/avatar\/0e37bb19071f47c0b8a23f62a903df117c5a0e75f65a0c2901562f97cd41cf86?s=96&d=mm&r=g","url":"https:\/\/secure.gravatar.com\/avatar\/0e37bb19071f47c0b8a23f62a903df117c5a0e75f65a0c2901562f97cd41cf86?s=96&d=mm&r=g","contentUrl":"https:\/\/secure.gravatar.com\/avatar\/0e37bb19071f47c0b8a23f62a903df117c5a0e75f65a0c2901562f97cd41cf86?s=96&d=mm&r=g","caption":"ritanery"}}]}},"amp_enabled":true,"_links":{"self":[{"href":"https:\/\/radiolifefm.com.br\/noticias\/wp-json\/wp\/v2\/posts\/84329","targetHints":{"allow":["GET"]}}],"collection":[{"href":"https:\/\/radiolifefm.com.br\/noticias\/wp-json\/wp\/v2\/posts"}],"about":[{"href":"https:\/\/radiolifefm.com.br\/noticias\/wp-json\/wp\/v2\/types\/post"}],"author":[{"embeddable":true,"href":"https:\/\/radiolifefm.com.br\/noticias\/wp-json\/wp\/v2\/users\/13"}],"replies":[{"embeddable":true,"href":"https:\/\/radiolifefm.com.br\/noticias\/wp-json\/wp\/v2\/comments?post=84329"}],"version-history":[{"count":1,"href":"https:\/\/radiolifefm.com.br\/noticias\/wp-json\/wp\/v2\/posts\/84329\/revisions"}],"predecessor-version":[{"id":84330,"href":"https:\/\/radiolifefm.com.br\/noticias\/wp-json\/wp\/v2\/posts\/84329\/revisions\/84330"}],"wp:featuredmedia":[{"embeddable":true,"href":"https:\/\/radiolifefm.com.br\/noticias\/wp-json\/wp\/v2\/media\/51988"}],"wp:attachment":[{"href":"https:\/\/radiolifefm.com.br\/noticias\/wp-json\/wp\/v2\/media?parent=84329"}],"wp:term":[{"taxonomy":"category","embeddable":true,"href":"https:\/\/radiolifefm.com.br\/noticias\/wp-json\/wp\/v2\/categories?post=84329"},{"taxonomy":"post_tag","embeddable":true,"href":"https:\/\/radiolifefm.com.br\/noticias\/wp-json\/wp\/v2\/tags?post=84329"}],"curies":[{"name":"wp","href":"https:\/\/api.w.org\/{rel}","templated":true}]}}