{"id":84157,"date":"2024-03-13T10:54:33","date_gmt":"2024-03-13T13:54:33","guid":{"rendered":"https:\/\/radiolifefm.com.br\/noticias\/?p=84157"},"modified":"2026-04-13T00:25:57","modified_gmt":"2026-04-13T03:25:57","slug":"mcluhan-o-profeta-da-midia-global-3","status":"publish","type":"post","link":"https:\/\/radiolifefm.com.br\/noticias\/mcluhan-o-profeta-da-midia-global-3\/","title":{"rendered":"McLUHAN: O PROFETA DA M\u00cdDIA GLOBAL&#8230;"},"content":{"rendered":"<div id=\"fb-root\"><\/div>\n<p>&nbsp;<\/p>\n<p><em>\u00a0\u201cO mundo \u00e9 uma aldeia global\u201d (Marshall McLuhan)<\/em><\/p>\n<p><strong><em>S\u00e9rgio Barbosa (*)<\/em><\/strong><\/p>\n<p>Os anos 60 j\u00e1 se foram, para muitos, as saudades de um tempo se perderam em meio aos desencontros de uma d\u00e9cada com muitas descobertas para todas as \u00e1reas do saber acad\u00eamico e das pesquisas cient\u00edficas&#8230;<\/p>\n<p>Neste contexto, entre meados dos anos 50 e in\u00edcio dos anos 70, ficou a marca registrada dos anos 60, pois, foram dez anos com muitos registros sobre v\u00e1rias \u00e1reas, entre as quais, podemos citar: comunica\u00e7\u00e3o, educa\u00e7\u00e3o, cultura e pol\u00edtica&#8230;<\/p>\n<p>Neste meio sem in\u00edcio, por\u00e9m, com um final quase feliz pode-se dizer, quando o movimento <em>Paz e Amor<\/em> passeavam com suas bandeiras pelo livre arb\u00edtrio do momento solene, nas buscas pelas ruas e avenidas de uma capital qualquer, desde que a mesma tivesse uma identifica\u00e7\u00e3o com nossas cren\u00e7as ou utopias visando ou quem sabe, prenunciando um novo tempo para a humanidade neste planeta Terra&#8230;<\/p>\n<p>Foi nesta d\u00e9cada que surgiu do nada para o tudo, um profeta, antes de tudo, um pesquisador preocupado com os conceitos da comunica\u00e7\u00e3o em tempo de <em>Paz e Amor<\/em>, nem tanto, j\u00e1 que estava ficando sem controle para\u00a0 <em>Tio Sam<\/em> o envolvimento dos norte-americanos na Guerra do Vietn\u00e3 em condi\u00e7\u00f5es alheias para o todo poderoso ex\u00e9rcito vencedor na II Guerra Mundial (1939-1945)&#8230;<\/p>\n<p>Para um entendimento sobre a import\u00e2ncia de <em>Marshall McLuhan<\/em> neste cen\u00e1rio mais do que p\u00f3s-moderno, \u00e9 preciso voltar ao tempo, isso mesmo, no per\u00edodo da inven\u00e7\u00e3o da imprensa por Gutenberg, ao mesmo tempo, ressaltar a import\u00e2ncia da p\u00e1gina impressa, j\u00e1 que a mesma foi o pren\u00fancio das tecnologias dos s\u00e9culos seguintes, mais precisamente no s\u00e9culo XX, quando aconteceram as maiores inven\u00e7\u00f5es em \u00e1reas afins aos interesses do homem enquanto ser social&#8230;<\/p>\n<p>Em 1500, a inven\u00e7\u00e3o da escrita deixava suas marcas em muitas \u00e1reas deste pequeno mundo, isso \u00e9, foi quando um pensador, Erasmo, percebeu a import\u00e2ncia desta descoberta e buscou a sua aplica\u00e7\u00e3o por meio dos estudos acad\u00eamicos, fortalecendo assim, a cria\u00e7\u00e3o e organiza\u00e7\u00e3o das escolas prim\u00e1rias da sua \u00e9poca&#8230;<\/p>\n<p>N\u00e3o demorou muito e apareceu o livro impresso, com isso, l\u00e1 se foram mais de dois mil anos de cultura manuscrita, neste cen\u00e1rio de transforma\u00e7\u00e3o, <em>Erasmo<\/em> foi se envolvendo de forma efetiva e eficaz, visando a cria\u00e7\u00e3o das novas op\u00e7\u00f5es para o aprimoramento desta descoberta, bem como, apresentando mais e mais alternativas compat\u00edveis com aquele novo tempo, tais como: estudante solit\u00e1rio e a fixa\u00e7\u00e3o da norma da interpreta\u00e7\u00e3o privada contra o debate p\u00fablico&#8230;<\/p>\n<p>Hoje, os projetos tendem a seguir outras normas, isso \u00e9, dependendo sempre dos interesses incultos do poder institucionalizado pela pseudodemocracia ocidental ou ent\u00e3o, pelos donos do sistema autorit\u00e1rio existente em alguns pa\u00edses, quando a chamada for\u00e7a determina como e em que quais condi\u00e7\u00f5es poder\u00e1 acontecer a mudan\u00e7a interna e externa desta ou daquela sociedade em tempo de p\u00f3s-globaliza\u00e7\u00e3o midi\u00e1tica&#8230;<\/p>\n<p>Desta forma, fica compreens\u00edvel o acontecimento daqueles anos p\u00f3s-s\u00e9culo XV, sem mencionar que, depois vieram aqueles anos de trevas mediados pelo per\u00edodo medieval, sob a tutela incondicional do <em>poder sacralizado<\/em> da Igreja em meio \u00e0s neuroses do ser humano, perdido em suas contradi\u00e7\u00f5es, entre <em>salva\u00e7\u00e3o e pecado<\/em> num tempo obscuro e controlado pelas escrituras sagradas, por\u00e9m, mediado pelo homem como representante i<em>n loco<\/em> do <em>Deus Todo Poderoso, <\/em>aquele que est\u00e1 acima de tudo e de todos\/as&#8230;<\/p>\n<p>Por\u00e9m, o objetivo deste texto \u00e9 ressaltar a import\u00e2ncia do Profeta da M\u00eddia Global, <em>Marshall McLuhan<\/em> em tempo de p\u00f3s-globaliza\u00e7\u00e3o midi\u00e1tica, quando nos anos 60 apareceu naquele <em>contexto multicultural<\/em> em todos os sentidos, apresentando pesquisas e an\u00e1lises na \u00e1rea comunicacional&#8230;<\/p>\n<p>Portanto, \u00a0faz-se necess\u00e1rio estar sempre em conex\u00e3o com McLuhan neste tempo novo tempo, tendo em vista que continua sendo um dos principais te\u00f3ricos da comunica\u00e7\u00e3o neste cen\u00e1rio mediado pelas denominadas Plataformas digitais, afinal, <em>O mundo \u00e9 uma aldeia global<\/em>&#8230;<\/p>\n<p><em>Ave Marshall McLuhan!<\/em><\/p>\n<p><strong><em>__________________________________<\/em><\/strong><\/p>\n<p><strong><em>(*) Jornalista profissional diplomado, Pesquisador da C\u00e1tedra UNESCO\/UMESP de Comunica\u00e7\u00e3o para o Desenvolvimento Regional e Consultor na \u00c1rea de M\u00eddia Organizacional.<\/em><\/strong><\/p>\n<p><strong><em>e-mail: <a href=\"mailto:barbosa.sebar@gmail.com\">barbosa.sebar@gmail.com<\/a><\/em><\/strong><\/p>\n","protected":false},"excerpt":{"rendered":"<p>&nbsp; \u00a0\u201cO mundo \u00e9 uma aldeia global\u201d (Marshall McLuhan) S\u00e9rgio Barbosa (*) Os anos 60 j\u00e1 se foram, para muitos, as saudades de um tempo se perderam em meio aos desencontros de uma d\u00e9cada com muitas descobertas para todas as \u00e1reas do saber acad\u00eamico e das pesquisas cient\u00edficas&#8230; Neste contexto, entre meados dos anos 50 [&hellip;]<\/p>\n","protected":false},"author":13,"featured_media":51988,"comment_status":"closed","ping_status":"open","sticky":false,"template":"","format":"standard","meta":{"_acf_changed":false,"_exactmetrics_skip_tracking":false,"_exactmetrics_sitenote_active":false,"_exactmetrics_sitenote_note":"","_exactmetrics_sitenote_category":0,"footnotes":""},"categories":[59],"tags":[],"class_list":["post-84157","post","type-post","status-publish","format-standard","has-post-thumbnail","hentry","category-opiniao"],"acf":[],"yoast_head":"<!-- This site is optimized with the Yoast SEO plugin v27.2 - https:\/\/yoast.com\/product\/yoast-seo-wordpress\/ -->\n<title>McLUHAN: O PROFETA DA M\u00cdDIA GLOBAL... - R\u00e1dio Life FM<\/title>\n<meta name=\"robots\" content=\"index, follow, max-snippet:-1, max-image-preview:large, max-video-preview:-1\" \/>\n<link rel=\"canonical\" href=\"https:\/\/radiolifefm.com.br\/noticias\/mcluhan-o-profeta-da-midia-global-3\/\" \/>\n<meta property=\"og:locale\" content=\"pt_BR\" \/>\n<meta property=\"og:type\" content=\"article\" \/>\n<meta property=\"og:title\" content=\"McLUHAN: O PROFETA DA M\u00cdDIA GLOBAL... - R\u00e1dio Life FM\" \/>\n<meta property=\"og:description\" content=\"&nbsp; \u00a0\u201cO mundo \u00e9 uma aldeia global\u201d (Marshall McLuhan) S\u00e9rgio Barbosa (*) Os anos 60 j\u00e1 se foram, para muitos, as saudades de um tempo se perderam em meio aos desencontros de uma d\u00e9cada com muitas descobertas para todas as \u00e1reas do saber acad\u00eamico e das pesquisas cient\u00edficas&#8230; Neste contexto, entre meados dos anos 50 [&hellip;]\" \/>\n<meta property=\"og:url\" content=\"https:\/\/radiolifefm.com.br\/noticias\/mcluhan-o-profeta-da-midia-global-3\/\" \/>\n<meta property=\"og:site_name\" content=\"R\u00e1dio Life FM\" \/>\n<meta property=\"article:publisher\" content=\"https:\/\/www.facebook.com\/radiolifefm\/\" \/>\n<meta property=\"article:published_time\" content=\"2024-03-13T13:54:33+00:00\" \/>\n<meta property=\"article:modified_time\" content=\"2026-04-13T03:25:57+00:00\" \/>\n<meta property=\"og:image\" content=\"https:\/\/radiolifefm.com.br\/noticias\/wp-content\/uploads\/2022\/04\/WhatsApp-Image-2022-04-10-at-18.43.02.jpeg\" \/>\n\t<meta property=\"og:image:width\" content=\"972\" \/>\n\t<meta property=\"og:image:height\" content=\"1296\" \/>\n\t<meta property=\"og:image:type\" content=\"image\/jpeg\" \/>\n<meta name=\"author\" content=\"ritanery\" \/>\n<meta name=\"twitter:card\" content=\"summary_large_image\" \/>\n<meta name=\"twitter:label1\" content=\"Escrito por\" \/>\n\t<meta name=\"twitter:data1\" content=\"ritanery\" \/>\n\t<meta name=\"twitter:label2\" content=\"Est. tempo de leitura\" \/>\n\t<meta name=\"twitter:data2\" content=\"4 minutos\" \/>\n<script type=\"application\/ld+json\" class=\"yoast-schema-graph\">{\"@context\":\"https:\/\/schema.org\",\"@graph\":[{\"@type\":\"Article\",\"@id\":\"https:\/\/radiolifefm.com.br\/noticias\/mcluhan-o-profeta-da-midia-global-3\/#article\",\"isPartOf\":{\"@id\":\"https:\/\/radiolifefm.com.br\/noticias\/mcluhan-o-profeta-da-midia-global-3\/\"},\"author\":{\"name\":\"ritanery\",\"@id\":\"https:\/\/radiolifefm.com.br\/noticias\/#\/schema\/person\/6339b9fac59d12b071dec680d7375d87\"},\"headline\":\"McLUHAN: O PROFETA DA M\u00cdDIA GLOBAL&#8230;\",\"datePublished\":\"2024-03-13T13:54:33+00:00\",\"dateModified\":\"2026-04-13T03:25:57+00:00\",\"mainEntityOfPage\":{\"@id\":\"https:\/\/radiolifefm.com.br\/noticias\/mcluhan-o-profeta-da-midia-global-3\/\"},\"wordCount\":721,\"publisher\":{\"@id\":\"https:\/\/radiolifefm.com.br\/noticias\/#organization\"},\"image\":{\"@id\":\"https:\/\/radiolifefm.com.br\/noticias\/mcluhan-o-profeta-da-midia-global-3\/#primaryimage\"},\"thumbnailUrl\":\"https:\/\/radiolifefm.com.br\/noticias\/wp-content\/uploads\/2022\/04\/WhatsApp-Image-2022-04-10-at-18.43.02.jpeg\",\"articleSection\":[\"Opini\u00e3o\"],\"inLanguage\":\"pt-BR\"},{\"@type\":\"WebPage\",\"@id\":\"https:\/\/radiolifefm.com.br\/noticias\/mcluhan-o-profeta-da-midia-global-3\/\",\"url\":\"https:\/\/radiolifefm.com.br\/noticias\/mcluhan-o-profeta-da-midia-global-3\/\",\"name\":\"McLUHAN: O PROFETA DA M\u00cdDIA GLOBAL... - R\u00e1dio Life FM\",\"isPartOf\":{\"@id\":\"https:\/\/radiolifefm.com.br\/noticias\/#website\"},\"primaryImageOfPage\":{\"@id\":\"https:\/\/radiolifefm.com.br\/noticias\/mcluhan-o-profeta-da-midia-global-3\/#primaryimage\"},\"image\":{\"@id\":\"https:\/\/radiolifefm.com.br\/noticias\/mcluhan-o-profeta-da-midia-global-3\/#primaryimage\"},\"thumbnailUrl\":\"https:\/\/radiolifefm.com.br\/noticias\/wp-content\/uploads\/2022\/04\/WhatsApp-Image-2022-04-10-at-18.43.02.jpeg\",\"datePublished\":\"2024-03-13T13:54:33+00:00\",\"dateModified\":\"2026-04-13T03:25:57+00:00\",\"breadcrumb\":{\"@id\":\"https:\/\/radiolifefm.com.br\/noticias\/mcluhan-o-profeta-da-midia-global-3\/#breadcrumb\"},\"inLanguage\":\"pt-BR\",\"potentialAction\":[{\"@type\":\"ReadAction\",\"target\":[\"https:\/\/radiolifefm.com.br\/noticias\/mcluhan-o-profeta-da-midia-global-3\/\"]}]},{\"@type\":\"ImageObject\",\"inLanguage\":\"pt-BR\",\"@id\":\"https:\/\/radiolifefm.com.br\/noticias\/mcluhan-o-profeta-da-midia-global-3\/#primaryimage\",\"url\":\"https:\/\/radiolifefm.com.br\/noticias\/wp-content\/uploads\/2022\/04\/WhatsApp-Image-2022-04-10-at-18.43.02.jpeg\",\"contentUrl\":\"https:\/\/radiolifefm.com.br\/noticias\/wp-content\/uploads\/2022\/04\/WhatsApp-Image-2022-04-10-at-18.43.02.jpeg\",\"width\":972,\"height\":1296,\"caption\":\"S\u00e9rgio Barbosa\"},{\"@type\":\"BreadcrumbList\",\"@id\":\"https:\/\/radiolifefm.com.br\/noticias\/mcluhan-o-profeta-da-midia-global-3\/#breadcrumb\",\"itemListElement\":[{\"@type\":\"ListItem\",\"position\":1,\"name\":\"In\u00edcio\",\"item\":\"https:\/\/radiolifefm.com.br\/noticias\/\"},{\"@type\":\"ListItem\",\"position\":2,\"name\":\"McLUHAN: O PROFETA DA M\u00cdDIA GLOBAL&#8230;\"}]},{\"@type\":\"WebSite\",\"@id\":\"https:\/\/radiolifefm.com.br\/noticias\/#website\",\"url\":\"https:\/\/radiolifefm.com.br\/noticias\/\",\"name\":\"R\u00e1dio Life FM\",\"description\":\"O Portal de Not\u00edcias de Adamantina\",\"publisher\":{\"@id\":\"https:\/\/radiolifefm.com.br\/noticias\/#organization\"},\"alternateName\":\"Life FM\",\"potentialAction\":[{\"@type\":\"SearchAction\",\"target\":{\"@type\":\"EntryPoint\",\"urlTemplate\":\"https:\/\/radiolifefm.com.br\/noticias\/?s={search_term_string}\"},\"query-input\":{\"@type\":\"PropertyValueSpecification\",\"valueRequired\":true,\"valueName\":\"search_term_string\"}}],\"inLanguage\":\"pt-BR\"},{\"@type\":\"Organization\",\"@id\":\"https:\/\/radiolifefm.com.br\/noticias\/#organization\",\"name\":\"R\u00e1dio Life FM\",\"alternateName\":\"Life FM\",\"url\":\"https:\/\/radiolifefm.com.br\/noticias\/\",\"logo\":{\"@type\":\"ImageObject\",\"inLanguage\":\"pt-BR\",\"@id\":\"https:\/\/radiolifefm.com.br\/noticias\/#\/schema\/logo\/image\/\",\"url\":\"https:\/\/static.radiolifefm.com.br\/noticias\/wp-content\/uploads\/2019\/10\/logo-lifefm.png\",\"contentUrl\":\"https:\/\/static.radiolifefm.com.br\/noticias\/wp-content\/uploads\/2019\/10\/logo-lifefm.png\",\"width\":196,\"height\":47,\"caption\":\"R\u00e1dio Life FM\"},\"image\":{\"@id\":\"https:\/\/radiolifefm.com.br\/noticias\/#\/schema\/logo\/image\/\"},\"sameAs\":[\"https:\/\/www.facebook.com\/radiolifefm\/\",\"https:\/\/www.instagram.com\/life1079fm\/\"]},{\"@type\":\"Person\",\"@id\":\"https:\/\/radiolifefm.com.br\/noticias\/#\/schema\/person\/6339b9fac59d12b071dec680d7375d87\",\"name\":\"ritanery\",\"image\":{\"@type\":\"ImageObject\",\"inLanguage\":\"pt-BR\",\"@id\":\"https:\/\/secure.gravatar.com\/avatar\/0e37bb19071f47c0b8a23f62a903df117c5a0e75f65a0c2901562f97cd41cf86?s=96&d=mm&r=g\",\"url\":\"https:\/\/secure.gravatar.com\/avatar\/0e37bb19071f47c0b8a23f62a903df117c5a0e75f65a0c2901562f97cd41cf86?s=96&d=mm&r=g\",\"contentUrl\":\"https:\/\/secure.gravatar.com\/avatar\/0e37bb19071f47c0b8a23f62a903df117c5a0e75f65a0c2901562f97cd41cf86?s=96&d=mm&r=g\",\"caption\":\"ritanery\"}}]}<\/script>\n<!-- \/ Yoast SEO plugin. -->","yoast_head_json":{"title":"McLUHAN: O PROFETA DA M\u00cdDIA GLOBAL... - R\u00e1dio Life FM","robots":{"index":"index","follow":"follow","max-snippet":"max-snippet:-1","max-image-preview":"max-image-preview:large","max-video-preview":"max-video-preview:-1"},"canonical":"https:\/\/radiolifefm.com.br\/noticias\/mcluhan-o-profeta-da-midia-global-3\/","og_locale":"pt_BR","og_type":"article","og_title":"McLUHAN: O PROFETA DA M\u00cdDIA GLOBAL... - R\u00e1dio Life FM","og_description":"&nbsp; \u00a0\u201cO mundo \u00e9 uma aldeia global\u201d (Marshall McLuhan) S\u00e9rgio Barbosa (*) Os anos 60 j\u00e1 se foram, para muitos, as saudades de um tempo se perderam em meio aos desencontros de uma d\u00e9cada com muitas descobertas para todas as \u00e1reas do saber acad\u00eamico e das pesquisas cient\u00edficas&#8230; Neste contexto, entre meados dos anos 50 [&hellip;]","og_url":"https:\/\/radiolifefm.com.br\/noticias\/mcluhan-o-profeta-da-midia-global-3\/","og_site_name":"R\u00e1dio Life FM","article_publisher":"https:\/\/www.facebook.com\/radiolifefm\/","article_published_time":"2024-03-13T13:54:33+00:00","article_modified_time":"2026-04-13T03:25:57+00:00","og_image":[{"width":972,"height":1296,"url":"https:\/\/radiolifefm.com.br\/noticias\/wp-content\/uploads\/2022\/04\/WhatsApp-Image-2022-04-10-at-18.43.02.jpeg","type":"image\/jpeg"}],"author":"ritanery","twitter_card":"summary_large_image","twitter_misc":{"Escrito por":"ritanery","Est. tempo de leitura":"4 minutos"},"schema":{"@context":"https:\/\/schema.org","@graph":[{"@type":"Article","@id":"https:\/\/radiolifefm.com.br\/noticias\/mcluhan-o-profeta-da-midia-global-3\/#article","isPartOf":{"@id":"https:\/\/radiolifefm.com.br\/noticias\/mcluhan-o-profeta-da-midia-global-3\/"},"author":{"name":"ritanery","@id":"https:\/\/radiolifefm.com.br\/noticias\/#\/schema\/person\/6339b9fac59d12b071dec680d7375d87"},"headline":"McLUHAN: O PROFETA DA M\u00cdDIA GLOBAL&#8230;","datePublished":"2024-03-13T13:54:33+00:00","dateModified":"2026-04-13T03:25:57+00:00","mainEntityOfPage":{"@id":"https:\/\/radiolifefm.com.br\/noticias\/mcluhan-o-profeta-da-midia-global-3\/"},"wordCount":721,"publisher":{"@id":"https:\/\/radiolifefm.com.br\/noticias\/#organization"},"image":{"@id":"https:\/\/radiolifefm.com.br\/noticias\/mcluhan-o-profeta-da-midia-global-3\/#primaryimage"},"thumbnailUrl":"https:\/\/radiolifefm.com.br\/noticias\/wp-content\/uploads\/2022\/04\/WhatsApp-Image-2022-04-10-at-18.43.02.jpeg","articleSection":["Opini\u00e3o"],"inLanguage":"pt-BR"},{"@type":"WebPage","@id":"https:\/\/radiolifefm.com.br\/noticias\/mcluhan-o-profeta-da-midia-global-3\/","url":"https:\/\/radiolifefm.com.br\/noticias\/mcluhan-o-profeta-da-midia-global-3\/","name":"McLUHAN: O PROFETA DA M\u00cdDIA GLOBAL... - R\u00e1dio Life FM","isPartOf":{"@id":"https:\/\/radiolifefm.com.br\/noticias\/#website"},"primaryImageOfPage":{"@id":"https:\/\/radiolifefm.com.br\/noticias\/mcluhan-o-profeta-da-midia-global-3\/#primaryimage"},"image":{"@id":"https:\/\/radiolifefm.com.br\/noticias\/mcluhan-o-profeta-da-midia-global-3\/#primaryimage"},"thumbnailUrl":"https:\/\/radiolifefm.com.br\/noticias\/wp-content\/uploads\/2022\/04\/WhatsApp-Image-2022-04-10-at-18.43.02.jpeg","datePublished":"2024-03-13T13:54:33+00:00","dateModified":"2026-04-13T03:25:57+00:00","breadcrumb":{"@id":"https:\/\/radiolifefm.com.br\/noticias\/mcluhan-o-profeta-da-midia-global-3\/#breadcrumb"},"inLanguage":"pt-BR","potentialAction":[{"@type":"ReadAction","target":["https:\/\/radiolifefm.com.br\/noticias\/mcluhan-o-profeta-da-midia-global-3\/"]}]},{"@type":"ImageObject","inLanguage":"pt-BR","@id":"https:\/\/radiolifefm.com.br\/noticias\/mcluhan-o-profeta-da-midia-global-3\/#primaryimage","url":"https:\/\/radiolifefm.com.br\/noticias\/wp-content\/uploads\/2022\/04\/WhatsApp-Image-2022-04-10-at-18.43.02.jpeg","contentUrl":"https:\/\/radiolifefm.com.br\/noticias\/wp-content\/uploads\/2022\/04\/WhatsApp-Image-2022-04-10-at-18.43.02.jpeg","width":972,"height":1296,"caption":"S\u00e9rgio Barbosa"},{"@type":"BreadcrumbList","@id":"https:\/\/radiolifefm.com.br\/noticias\/mcluhan-o-profeta-da-midia-global-3\/#breadcrumb","itemListElement":[{"@type":"ListItem","position":1,"name":"In\u00edcio","item":"https:\/\/radiolifefm.com.br\/noticias\/"},{"@type":"ListItem","position":2,"name":"McLUHAN: O PROFETA DA M\u00cdDIA GLOBAL&#8230;"}]},{"@type":"WebSite","@id":"https:\/\/radiolifefm.com.br\/noticias\/#website","url":"https:\/\/radiolifefm.com.br\/noticias\/","name":"R\u00e1dio Life FM","description":"O Portal de Not\u00edcias de Adamantina","publisher":{"@id":"https:\/\/radiolifefm.com.br\/noticias\/#organization"},"alternateName":"Life FM","potentialAction":[{"@type":"SearchAction","target":{"@type":"EntryPoint","urlTemplate":"https:\/\/radiolifefm.com.br\/noticias\/?s={search_term_string}"},"query-input":{"@type":"PropertyValueSpecification","valueRequired":true,"valueName":"search_term_string"}}],"inLanguage":"pt-BR"},{"@type":"Organization","@id":"https:\/\/radiolifefm.com.br\/noticias\/#organization","name":"R\u00e1dio Life FM","alternateName":"Life FM","url":"https:\/\/radiolifefm.com.br\/noticias\/","logo":{"@type":"ImageObject","inLanguage":"pt-BR","@id":"https:\/\/radiolifefm.com.br\/noticias\/#\/schema\/logo\/image\/","url":"https:\/\/static.radiolifefm.com.br\/noticias\/wp-content\/uploads\/2019\/10\/logo-lifefm.png","contentUrl":"https:\/\/static.radiolifefm.com.br\/noticias\/wp-content\/uploads\/2019\/10\/logo-lifefm.png","width":196,"height":47,"caption":"R\u00e1dio Life FM"},"image":{"@id":"https:\/\/radiolifefm.com.br\/noticias\/#\/schema\/logo\/image\/"},"sameAs":["https:\/\/www.facebook.com\/radiolifefm\/","https:\/\/www.instagram.com\/life1079fm\/"]},{"@type":"Person","@id":"https:\/\/radiolifefm.com.br\/noticias\/#\/schema\/person\/6339b9fac59d12b071dec680d7375d87","name":"ritanery","image":{"@type":"ImageObject","inLanguage":"pt-BR","@id":"https:\/\/secure.gravatar.com\/avatar\/0e37bb19071f47c0b8a23f62a903df117c5a0e75f65a0c2901562f97cd41cf86?s=96&d=mm&r=g","url":"https:\/\/secure.gravatar.com\/avatar\/0e37bb19071f47c0b8a23f62a903df117c5a0e75f65a0c2901562f97cd41cf86?s=96&d=mm&r=g","contentUrl":"https:\/\/secure.gravatar.com\/avatar\/0e37bb19071f47c0b8a23f62a903df117c5a0e75f65a0c2901562f97cd41cf86?s=96&d=mm&r=g","caption":"ritanery"}}]}},"amp_enabled":true,"_links":{"self":[{"href":"https:\/\/radiolifefm.com.br\/noticias\/wp-json\/wp\/v2\/posts\/84157","targetHints":{"allow":["GET"]}}],"collection":[{"href":"https:\/\/radiolifefm.com.br\/noticias\/wp-json\/wp\/v2\/posts"}],"about":[{"href":"https:\/\/radiolifefm.com.br\/noticias\/wp-json\/wp\/v2\/types\/post"}],"author":[{"embeddable":true,"href":"https:\/\/radiolifefm.com.br\/noticias\/wp-json\/wp\/v2\/users\/13"}],"replies":[{"embeddable":true,"href":"https:\/\/radiolifefm.com.br\/noticias\/wp-json\/wp\/v2\/comments?post=84157"}],"version-history":[{"count":1,"href":"https:\/\/radiolifefm.com.br\/noticias\/wp-json\/wp\/v2\/posts\/84157\/revisions"}],"predecessor-version":[{"id":84158,"href":"https:\/\/radiolifefm.com.br\/noticias\/wp-json\/wp\/v2\/posts\/84157\/revisions\/84158"}],"wp:featuredmedia":[{"embeddable":true,"href":"https:\/\/radiolifefm.com.br\/noticias\/wp-json\/wp\/v2\/media\/51988"}],"wp:attachment":[{"href":"https:\/\/radiolifefm.com.br\/noticias\/wp-json\/wp\/v2\/media?parent=84157"}],"wp:term":[{"taxonomy":"category","embeddable":true,"href":"https:\/\/radiolifefm.com.br\/noticias\/wp-json\/wp\/v2\/categories?post=84157"},{"taxonomy":"post_tag","embeddable":true,"href":"https:\/\/radiolifefm.com.br\/noticias\/wp-json\/wp\/v2\/tags?post=84157"}],"curies":[{"name":"wp","href":"https:\/\/api.w.org\/{rel}","templated":true}]}}