{"id":83996,"date":"2024-03-11T09:35:30","date_gmt":"2024-03-11T12:35:30","guid":{"rendered":"https:\/\/radiolifefm.com.br\/noticias\/?p=83996"},"modified":"2026-04-18T02:02:37","modified_gmt":"2026-04-18T05:02:37","slug":"provincia-pinoquio-e-paredes-alvas","status":"publish","type":"post","link":"https:\/\/radiolifefm.com.br\/noticias\/provincia-pinoquio-e-paredes-alvas\/","title":{"rendered":"Prov\u00edncia, Pin\u00f3quio e Paredes alvas&#8230;"},"content":{"rendered":"<div id=\"fb-root\"><\/div>\n<p>&nbsp;<\/p>\n<p><strong><em>\u00a0\u201cPecar pelo sil\u00eancio, quando se deveria protestar, transforma homens em covardes.\u201d (<\/em><\/strong><a href=\"https:\/\/www.pensador.com\/autor\/ella_wheeler_wilcox\/\"><strong><em>Ella Wheeler Wilcox<\/em><\/strong><\/a><strong><em>)<\/em><\/strong><\/p>\n<p><strong><em>\u00a0<\/em><\/strong><\/p>\n<p><strong><em>\u201c\u00c0s vezes nos sentimos fracos. Que n\u00e3o fazemos diferen\u00e7a. Nos esquecemos que um grande protesto, se inicia com uma primeira pessoa.\u201d (<\/em><\/strong><a href=\"https:\/\/www.pensador.com\/autor\/eric_ventura\/\"><strong><em>Eric Ventura<\/em><\/strong><\/a><strong><em>)<\/em><\/strong><\/p>\n<p><strong><em>\u00a0<\/em><\/strong><\/p>\n<p><strong><em>Ao JEAN \u201cColega\u201d e funcion\u00e1rios\/as das Paredes Alvas, dedico!<\/em><\/strong><\/p>\n<p><strong>by seb@r.<\/strong><\/p>\n<p>Nesta semana, alguns fatos um tanto quanto DESENCONTGRADOS ocorreram nesta PROV\u00cdNCIA DO FAZ DE CONTA, como sempre, s\u00e3o fatos que trazem o PASSADO de volta ao PRESENTE e ponto quase final&#8230;<\/p>\n<p>Por exemplo, quantas PROMESSAS N\u00c3O CUMPRIDAS est\u00e3o no atual CEN\u00c1RIO PROVINCIANO, ainda, que o dito cujo travestido de PIN\u00d3QUIO est\u00e1 devendo desde a sua primeira ELEI\u00c7\u00c3O, bem como, quando esteve na dire\u00e7\u00e3o das PAREDES ALVAS e assim por diante&#8230;<\/p>\n<p>As MANIFESTA\u00c7\u00d5ES patrocinadas pelos\/as FUNCION\u00c1RIOS\/AS das PAREDES ALVAS nesta segunda-feira, 4, no campus 2 da institui\u00e7\u00e3o, s\u00e3o mais do que V\u00c1LIDAS, tendo em vista os FATOS relatados e relacionados com o PLANO DE SA\u00daDE destes SERVIDORES\/AS&#8230;<\/p>\n<p>Portanto, torna-se LAMENT\u00c1VEL que o PODER EXECUTIVO esteja BOICOTANDO tal PROJETO enviado pela atual REITORIA desde o ano passado, por\u00e9m, o mesmo continua no mesmo lugar e nada de enviar para o LEGISLATIVO PROVINCIANO&#8230;<\/p>\n<p>Entretanto, nestes OCASOS que envolvem o CONTEXTO PLURAL com proposta de SINGULAR \u00a0para as PAREDES ALVAS por parte do EXECUTIVO, pode-se afirmar que MEIA PALAVRA BASTA, al\u00e9m do mais em meio ao tudo de menos quando se trata deste PIN\u00d3QUIO PROVINCIANO e sua turma de ALOPRADOS\/AS&#8230;<\/p>\n<p>Tamb\u00e9m, entendo que o LEGISLATIVO deixa a muito desejar nestas A\u00c7\u00d5ES DE APOIO, considerando que os VEREADORES representam a COMUNIDADE frente aos DESMANDOS do PODER EXECUTIVO local&#8230;<\/p>\n<p>Quase sempre, s\u00e3o os mesmos LEGISLADORES PROVINCIANOS que continuam marcando presen\u00e7a nestas QUEST\u00d5ES PROVINCIANAS, haja vista que nestes casos espec\u00edficos, o BEM MAIOR deve sempre prevalecer frente aos interesses limitados pelo APOIO ao EXECUTIVO&#8230;<\/p>\n<p>Outra coisa desta mesma coisa, tendo em vista que as denominadas MENTES MED\u00cdOCRES continuam agitando aqui e ali, haja vista, aquela turma da DIREITA VOLVER com suas a\u00e7\u00f5es em nome dos interesses de sempre, ou seja, PERDERAM MAN\u00c9S!<\/p>\n<p>Que tal MANIFESTA\u00c7\u00c3O DEMOCR\u00c1TICA em nome do BEM ESTAR que envolve a PREVEN\u00c7\u00c3O que um PLANO DE SA\u00daDE proporciona para todos\/as, possa servir de ALERTA nos lados das PAREDES ALVAS para o EXECUTIVO neste primeiro momento, tamb\u00e9m, para a REITORIA&#8230;<\/p>\n<p>QUEM SOBREVIVER VAI SABER&#8230;<\/p>\n<p>&nbsp;<\/p>\n<p><strong><sup>_________________________________<\/sup><\/strong><\/p>\n<p><strong><sup>e-mail: <\/sup><\/strong><a href=\"mailto:barbosa.sebar@gmail.com\"><strong><sup>barbosa.sebar@gmail.com<\/sup><\/strong><\/a><\/p>\n<p>&nbsp;<\/p>\n<p>&nbsp;<\/p>\n","protected":false},"excerpt":{"rendered":"<p>&nbsp; \u00a0\u201cPecar pelo sil\u00eancio, quando se deveria protestar, transforma homens em covardes.\u201d (Ella Wheeler Wilcox) \u00a0 \u201c\u00c0s vezes nos sentimos fracos. Que n\u00e3o fazemos diferen\u00e7a. Nos esquecemos que um grande protesto, se inicia com uma primeira pessoa.\u201d (Eric Ventura) \u00a0 Ao JEAN \u201cColega\u201d e funcion\u00e1rios\/as das Paredes Alvas, dedico! by seb@r. Nesta semana, alguns fatos [&hellip;]<\/p>\n","protected":false},"author":13,"featured_media":51988,"comment_status":"closed","ping_status":"open","sticky":false,"template":"","format":"standard","meta":{"_acf_changed":false,"_exactmetrics_skip_tracking":false,"_exactmetrics_sitenote_active":false,"_exactmetrics_sitenote_note":"","_exactmetrics_sitenote_category":0,"footnotes":""},"categories":[59],"tags":[],"class_list":["post-83996","post","type-post","status-publish","format-standard","has-post-thumbnail","hentry","category-opiniao"],"acf":[],"yoast_head":"<!-- This site is optimized with the Yoast SEO plugin v27.2 - https:\/\/yoast.com\/product\/yoast-seo-wordpress\/ -->\n<title>Prov\u00edncia, Pin\u00f3quio e Paredes alvas... - R\u00e1dio Life FM<\/title>\n<meta name=\"robots\" content=\"index, follow, max-snippet:-1, max-image-preview:large, max-video-preview:-1\" \/>\n<link rel=\"canonical\" href=\"https:\/\/radiolifefm.com.br\/noticias\/provincia-pinoquio-e-paredes-alvas\/\" \/>\n<meta property=\"og:locale\" content=\"pt_BR\" \/>\n<meta property=\"og:type\" content=\"article\" \/>\n<meta property=\"og:title\" content=\"Prov\u00edncia, Pin\u00f3quio e Paredes alvas... - R\u00e1dio Life FM\" \/>\n<meta property=\"og:description\" content=\"&nbsp; \u00a0\u201cPecar pelo sil\u00eancio, quando se deveria protestar, transforma homens em covardes.\u201d (Ella Wheeler Wilcox) \u00a0 \u201c\u00c0s vezes nos sentimos fracos. Que n\u00e3o fazemos diferen\u00e7a. Nos esquecemos que um grande protesto, se inicia com uma primeira pessoa.\u201d (Eric Ventura) \u00a0 Ao JEAN \u201cColega\u201d e funcion\u00e1rios\/as das Paredes Alvas, dedico! by seb@r. Nesta semana, alguns fatos [&hellip;]\" \/>\n<meta property=\"og:url\" content=\"https:\/\/radiolifefm.com.br\/noticias\/provincia-pinoquio-e-paredes-alvas\/\" \/>\n<meta property=\"og:site_name\" content=\"R\u00e1dio Life FM\" \/>\n<meta property=\"article:publisher\" content=\"https:\/\/www.facebook.com\/radiolifefm\/\" \/>\n<meta property=\"article:published_time\" content=\"2024-03-11T12:35:30+00:00\" \/>\n<meta property=\"article:modified_time\" content=\"2026-04-18T05:02:37+00:00\" \/>\n<meta property=\"og:image\" content=\"https:\/\/radiolifefm.com.br\/noticias\/wp-content\/uploads\/2022\/04\/WhatsApp-Image-2022-04-10-at-18.43.02.jpeg\" \/>\n\t<meta property=\"og:image:width\" content=\"972\" \/>\n\t<meta property=\"og:image:height\" content=\"1296\" \/>\n\t<meta property=\"og:image:type\" content=\"image\/jpeg\" \/>\n<meta name=\"author\" content=\"ritanery\" \/>\n<meta name=\"twitter:card\" content=\"summary_large_image\" \/>\n<meta name=\"twitter:label1\" content=\"Escrito por\" \/>\n\t<meta name=\"twitter:data1\" content=\"ritanery\" \/>\n\t<meta name=\"twitter:label2\" content=\"Est. tempo de leitura\" \/>\n\t<meta name=\"twitter:data2\" content=\"3 minutos\" \/>\n<script type=\"application\/ld+json\" class=\"yoast-schema-graph\">{\"@context\":\"https:\/\/schema.org\",\"@graph\":[{\"@type\":\"Article\",\"@id\":\"https:\/\/radiolifefm.com.br\/noticias\/provincia-pinoquio-e-paredes-alvas\/#article\",\"isPartOf\":{\"@id\":\"https:\/\/radiolifefm.com.br\/noticias\/provincia-pinoquio-e-paredes-alvas\/\"},\"author\":{\"name\":\"ritanery\",\"@id\":\"https:\/\/radiolifefm.com.br\/noticias\/#\/schema\/person\/6339b9fac59d12b071dec680d7375d87\"},\"headline\":\"Prov\u00edncia, Pin\u00f3quio e Paredes alvas&#8230;\",\"datePublished\":\"2024-03-11T12:35:30+00:00\",\"dateModified\":\"2026-04-18T05:02:37+00:00\",\"mainEntityOfPage\":{\"@id\":\"https:\/\/radiolifefm.com.br\/noticias\/provincia-pinoquio-e-paredes-alvas\/\"},\"wordCount\":434,\"publisher\":{\"@id\":\"https:\/\/radiolifefm.com.br\/noticias\/#organization\"},\"image\":{\"@id\":\"https:\/\/radiolifefm.com.br\/noticias\/provincia-pinoquio-e-paredes-alvas\/#primaryimage\"},\"thumbnailUrl\":\"https:\/\/radiolifefm.com.br\/noticias\/wp-content\/uploads\/2022\/04\/WhatsApp-Image-2022-04-10-at-18.43.02.jpeg\",\"articleSection\":[\"Opini\u00e3o\"],\"inLanguage\":\"pt-BR\"},{\"@type\":\"WebPage\",\"@id\":\"https:\/\/radiolifefm.com.br\/noticias\/provincia-pinoquio-e-paredes-alvas\/\",\"url\":\"https:\/\/radiolifefm.com.br\/noticias\/provincia-pinoquio-e-paredes-alvas\/\",\"name\":\"Prov\u00edncia, Pin\u00f3quio e Paredes alvas... - R\u00e1dio Life FM\",\"isPartOf\":{\"@id\":\"https:\/\/radiolifefm.com.br\/noticias\/#website\"},\"primaryImageOfPage\":{\"@id\":\"https:\/\/radiolifefm.com.br\/noticias\/provincia-pinoquio-e-paredes-alvas\/#primaryimage\"},\"image\":{\"@id\":\"https:\/\/radiolifefm.com.br\/noticias\/provincia-pinoquio-e-paredes-alvas\/#primaryimage\"},\"thumbnailUrl\":\"https:\/\/radiolifefm.com.br\/noticias\/wp-content\/uploads\/2022\/04\/WhatsApp-Image-2022-04-10-at-18.43.02.jpeg\",\"datePublished\":\"2024-03-11T12:35:30+00:00\",\"dateModified\":\"2026-04-18T05:02:37+00:00\",\"breadcrumb\":{\"@id\":\"https:\/\/radiolifefm.com.br\/noticias\/provincia-pinoquio-e-paredes-alvas\/#breadcrumb\"},\"inLanguage\":\"pt-BR\",\"potentialAction\":[{\"@type\":\"ReadAction\",\"target\":[\"https:\/\/radiolifefm.com.br\/noticias\/provincia-pinoquio-e-paredes-alvas\/\"]}]},{\"@type\":\"ImageObject\",\"inLanguage\":\"pt-BR\",\"@id\":\"https:\/\/radiolifefm.com.br\/noticias\/provincia-pinoquio-e-paredes-alvas\/#primaryimage\",\"url\":\"https:\/\/radiolifefm.com.br\/noticias\/wp-content\/uploads\/2022\/04\/WhatsApp-Image-2022-04-10-at-18.43.02.jpeg\",\"contentUrl\":\"https:\/\/radiolifefm.com.br\/noticias\/wp-content\/uploads\/2022\/04\/WhatsApp-Image-2022-04-10-at-18.43.02.jpeg\",\"width\":972,\"height\":1296,\"caption\":\"S\u00e9rgio Barbosa\"},{\"@type\":\"BreadcrumbList\",\"@id\":\"https:\/\/radiolifefm.com.br\/noticias\/provincia-pinoquio-e-paredes-alvas\/#breadcrumb\",\"itemListElement\":[{\"@type\":\"ListItem\",\"position\":1,\"name\":\"In\u00edcio\",\"item\":\"https:\/\/radiolifefm.com.br\/noticias\/\"},{\"@type\":\"ListItem\",\"position\":2,\"name\":\"Prov\u00edncia, Pin\u00f3quio e Paredes alvas&#8230;\"}]},{\"@type\":\"WebSite\",\"@id\":\"https:\/\/radiolifefm.com.br\/noticias\/#website\",\"url\":\"https:\/\/radiolifefm.com.br\/noticias\/\",\"name\":\"R\u00e1dio Life FM\",\"description\":\"O Portal de Not\u00edcias de Adamantina\",\"publisher\":{\"@id\":\"https:\/\/radiolifefm.com.br\/noticias\/#organization\"},\"alternateName\":\"Life FM\",\"potentialAction\":[{\"@type\":\"SearchAction\",\"target\":{\"@type\":\"EntryPoint\",\"urlTemplate\":\"https:\/\/radiolifefm.com.br\/noticias\/?s={search_term_string}\"},\"query-input\":{\"@type\":\"PropertyValueSpecification\",\"valueRequired\":true,\"valueName\":\"search_term_string\"}}],\"inLanguage\":\"pt-BR\"},{\"@type\":\"Organization\",\"@id\":\"https:\/\/radiolifefm.com.br\/noticias\/#organization\",\"name\":\"R\u00e1dio Life FM\",\"alternateName\":\"Life FM\",\"url\":\"https:\/\/radiolifefm.com.br\/noticias\/\",\"logo\":{\"@type\":\"ImageObject\",\"inLanguage\":\"pt-BR\",\"@id\":\"https:\/\/radiolifefm.com.br\/noticias\/#\/schema\/logo\/image\/\",\"url\":\"https:\/\/static.radiolifefm.com.br\/noticias\/wp-content\/uploads\/2019\/10\/logo-lifefm.png\",\"contentUrl\":\"https:\/\/static.radiolifefm.com.br\/noticias\/wp-content\/uploads\/2019\/10\/logo-lifefm.png\",\"width\":196,\"height\":47,\"caption\":\"R\u00e1dio Life FM\"},\"image\":{\"@id\":\"https:\/\/radiolifefm.com.br\/noticias\/#\/schema\/logo\/image\/\"},\"sameAs\":[\"https:\/\/www.facebook.com\/radiolifefm\/\",\"https:\/\/www.instagram.com\/life1079fm\/\"]},{\"@type\":\"Person\",\"@id\":\"https:\/\/radiolifefm.com.br\/noticias\/#\/schema\/person\/6339b9fac59d12b071dec680d7375d87\",\"name\":\"ritanery\",\"image\":{\"@type\":\"ImageObject\",\"inLanguage\":\"pt-BR\",\"@id\":\"https:\/\/secure.gravatar.com\/avatar\/0e37bb19071f47c0b8a23f62a903df117c5a0e75f65a0c2901562f97cd41cf86?s=96&d=mm&r=g\",\"url\":\"https:\/\/secure.gravatar.com\/avatar\/0e37bb19071f47c0b8a23f62a903df117c5a0e75f65a0c2901562f97cd41cf86?s=96&d=mm&r=g\",\"contentUrl\":\"https:\/\/secure.gravatar.com\/avatar\/0e37bb19071f47c0b8a23f62a903df117c5a0e75f65a0c2901562f97cd41cf86?s=96&d=mm&r=g\",\"caption\":\"ritanery\"}}]}<\/script>\n<!-- \/ Yoast SEO plugin. -->","yoast_head_json":{"title":"Prov\u00edncia, Pin\u00f3quio e Paredes alvas... - R\u00e1dio Life FM","robots":{"index":"index","follow":"follow","max-snippet":"max-snippet:-1","max-image-preview":"max-image-preview:large","max-video-preview":"max-video-preview:-1"},"canonical":"https:\/\/radiolifefm.com.br\/noticias\/provincia-pinoquio-e-paredes-alvas\/","og_locale":"pt_BR","og_type":"article","og_title":"Prov\u00edncia, Pin\u00f3quio e Paredes alvas... - R\u00e1dio Life FM","og_description":"&nbsp; \u00a0\u201cPecar pelo sil\u00eancio, quando se deveria protestar, transforma homens em covardes.\u201d (Ella Wheeler Wilcox) \u00a0 \u201c\u00c0s vezes nos sentimos fracos. Que n\u00e3o fazemos diferen\u00e7a. Nos esquecemos que um grande protesto, se inicia com uma primeira pessoa.\u201d (Eric Ventura) \u00a0 Ao JEAN \u201cColega\u201d e funcion\u00e1rios\/as das Paredes Alvas, dedico! by seb@r. Nesta semana, alguns fatos [&hellip;]","og_url":"https:\/\/radiolifefm.com.br\/noticias\/provincia-pinoquio-e-paredes-alvas\/","og_site_name":"R\u00e1dio Life FM","article_publisher":"https:\/\/www.facebook.com\/radiolifefm\/","article_published_time":"2024-03-11T12:35:30+00:00","article_modified_time":"2026-04-18T05:02:37+00:00","og_image":[{"width":972,"height":1296,"url":"https:\/\/radiolifefm.com.br\/noticias\/wp-content\/uploads\/2022\/04\/WhatsApp-Image-2022-04-10-at-18.43.02.jpeg","type":"image\/jpeg"}],"author":"ritanery","twitter_card":"summary_large_image","twitter_misc":{"Escrito por":"ritanery","Est. tempo de leitura":"3 minutos"},"schema":{"@context":"https:\/\/schema.org","@graph":[{"@type":"Article","@id":"https:\/\/radiolifefm.com.br\/noticias\/provincia-pinoquio-e-paredes-alvas\/#article","isPartOf":{"@id":"https:\/\/radiolifefm.com.br\/noticias\/provincia-pinoquio-e-paredes-alvas\/"},"author":{"name":"ritanery","@id":"https:\/\/radiolifefm.com.br\/noticias\/#\/schema\/person\/6339b9fac59d12b071dec680d7375d87"},"headline":"Prov\u00edncia, Pin\u00f3quio e Paredes alvas&#8230;","datePublished":"2024-03-11T12:35:30+00:00","dateModified":"2026-04-18T05:02:37+00:00","mainEntityOfPage":{"@id":"https:\/\/radiolifefm.com.br\/noticias\/provincia-pinoquio-e-paredes-alvas\/"},"wordCount":434,"publisher":{"@id":"https:\/\/radiolifefm.com.br\/noticias\/#organization"},"image":{"@id":"https:\/\/radiolifefm.com.br\/noticias\/provincia-pinoquio-e-paredes-alvas\/#primaryimage"},"thumbnailUrl":"https:\/\/radiolifefm.com.br\/noticias\/wp-content\/uploads\/2022\/04\/WhatsApp-Image-2022-04-10-at-18.43.02.jpeg","articleSection":["Opini\u00e3o"],"inLanguage":"pt-BR"},{"@type":"WebPage","@id":"https:\/\/radiolifefm.com.br\/noticias\/provincia-pinoquio-e-paredes-alvas\/","url":"https:\/\/radiolifefm.com.br\/noticias\/provincia-pinoquio-e-paredes-alvas\/","name":"Prov\u00edncia, Pin\u00f3quio e Paredes alvas... - R\u00e1dio Life FM","isPartOf":{"@id":"https:\/\/radiolifefm.com.br\/noticias\/#website"},"primaryImageOfPage":{"@id":"https:\/\/radiolifefm.com.br\/noticias\/provincia-pinoquio-e-paredes-alvas\/#primaryimage"},"image":{"@id":"https:\/\/radiolifefm.com.br\/noticias\/provincia-pinoquio-e-paredes-alvas\/#primaryimage"},"thumbnailUrl":"https:\/\/radiolifefm.com.br\/noticias\/wp-content\/uploads\/2022\/04\/WhatsApp-Image-2022-04-10-at-18.43.02.jpeg","datePublished":"2024-03-11T12:35:30+00:00","dateModified":"2026-04-18T05:02:37+00:00","breadcrumb":{"@id":"https:\/\/radiolifefm.com.br\/noticias\/provincia-pinoquio-e-paredes-alvas\/#breadcrumb"},"inLanguage":"pt-BR","potentialAction":[{"@type":"ReadAction","target":["https:\/\/radiolifefm.com.br\/noticias\/provincia-pinoquio-e-paredes-alvas\/"]}]},{"@type":"ImageObject","inLanguage":"pt-BR","@id":"https:\/\/radiolifefm.com.br\/noticias\/provincia-pinoquio-e-paredes-alvas\/#primaryimage","url":"https:\/\/radiolifefm.com.br\/noticias\/wp-content\/uploads\/2022\/04\/WhatsApp-Image-2022-04-10-at-18.43.02.jpeg","contentUrl":"https:\/\/radiolifefm.com.br\/noticias\/wp-content\/uploads\/2022\/04\/WhatsApp-Image-2022-04-10-at-18.43.02.jpeg","width":972,"height":1296,"caption":"S\u00e9rgio Barbosa"},{"@type":"BreadcrumbList","@id":"https:\/\/radiolifefm.com.br\/noticias\/provincia-pinoquio-e-paredes-alvas\/#breadcrumb","itemListElement":[{"@type":"ListItem","position":1,"name":"In\u00edcio","item":"https:\/\/radiolifefm.com.br\/noticias\/"},{"@type":"ListItem","position":2,"name":"Prov\u00edncia, Pin\u00f3quio e Paredes alvas&#8230;"}]},{"@type":"WebSite","@id":"https:\/\/radiolifefm.com.br\/noticias\/#website","url":"https:\/\/radiolifefm.com.br\/noticias\/","name":"R\u00e1dio Life FM","description":"O Portal de Not\u00edcias de Adamantina","publisher":{"@id":"https:\/\/radiolifefm.com.br\/noticias\/#organization"},"alternateName":"Life FM","potentialAction":[{"@type":"SearchAction","target":{"@type":"EntryPoint","urlTemplate":"https:\/\/radiolifefm.com.br\/noticias\/?s={search_term_string}"},"query-input":{"@type":"PropertyValueSpecification","valueRequired":true,"valueName":"search_term_string"}}],"inLanguage":"pt-BR"},{"@type":"Organization","@id":"https:\/\/radiolifefm.com.br\/noticias\/#organization","name":"R\u00e1dio Life FM","alternateName":"Life FM","url":"https:\/\/radiolifefm.com.br\/noticias\/","logo":{"@type":"ImageObject","inLanguage":"pt-BR","@id":"https:\/\/radiolifefm.com.br\/noticias\/#\/schema\/logo\/image\/","url":"https:\/\/static.radiolifefm.com.br\/noticias\/wp-content\/uploads\/2019\/10\/logo-lifefm.png","contentUrl":"https:\/\/static.radiolifefm.com.br\/noticias\/wp-content\/uploads\/2019\/10\/logo-lifefm.png","width":196,"height":47,"caption":"R\u00e1dio Life FM"},"image":{"@id":"https:\/\/radiolifefm.com.br\/noticias\/#\/schema\/logo\/image\/"},"sameAs":["https:\/\/www.facebook.com\/radiolifefm\/","https:\/\/www.instagram.com\/life1079fm\/"]},{"@type":"Person","@id":"https:\/\/radiolifefm.com.br\/noticias\/#\/schema\/person\/6339b9fac59d12b071dec680d7375d87","name":"ritanery","image":{"@type":"ImageObject","inLanguage":"pt-BR","@id":"https:\/\/secure.gravatar.com\/avatar\/0e37bb19071f47c0b8a23f62a903df117c5a0e75f65a0c2901562f97cd41cf86?s=96&d=mm&r=g","url":"https:\/\/secure.gravatar.com\/avatar\/0e37bb19071f47c0b8a23f62a903df117c5a0e75f65a0c2901562f97cd41cf86?s=96&d=mm&r=g","contentUrl":"https:\/\/secure.gravatar.com\/avatar\/0e37bb19071f47c0b8a23f62a903df117c5a0e75f65a0c2901562f97cd41cf86?s=96&d=mm&r=g","caption":"ritanery"}}]}},"amp_enabled":true,"_links":{"self":[{"href":"https:\/\/radiolifefm.com.br\/noticias\/wp-json\/wp\/v2\/posts\/83996","targetHints":{"allow":["GET"]}}],"collection":[{"href":"https:\/\/radiolifefm.com.br\/noticias\/wp-json\/wp\/v2\/posts"}],"about":[{"href":"https:\/\/radiolifefm.com.br\/noticias\/wp-json\/wp\/v2\/types\/post"}],"author":[{"embeddable":true,"href":"https:\/\/radiolifefm.com.br\/noticias\/wp-json\/wp\/v2\/users\/13"}],"replies":[{"embeddable":true,"href":"https:\/\/radiolifefm.com.br\/noticias\/wp-json\/wp\/v2\/comments?post=83996"}],"version-history":[{"count":1,"href":"https:\/\/radiolifefm.com.br\/noticias\/wp-json\/wp\/v2\/posts\/83996\/revisions"}],"predecessor-version":[{"id":83997,"href":"https:\/\/radiolifefm.com.br\/noticias\/wp-json\/wp\/v2\/posts\/83996\/revisions\/83997"}],"wp:featuredmedia":[{"embeddable":true,"href":"https:\/\/radiolifefm.com.br\/noticias\/wp-json\/wp\/v2\/media\/51988"}],"wp:attachment":[{"href":"https:\/\/radiolifefm.com.br\/noticias\/wp-json\/wp\/v2\/media?parent=83996"}],"wp:term":[{"taxonomy":"category","embeddable":true,"href":"https:\/\/radiolifefm.com.br\/noticias\/wp-json\/wp\/v2\/categories?post=83996"},{"taxonomy":"post_tag","embeddable":true,"href":"https:\/\/radiolifefm.com.br\/noticias\/wp-json\/wp\/v2\/tags?post=83996"}],"curies":[{"name":"wp","href":"https:\/\/api.w.org\/{rel}","templated":true}]}}