{"id":83944,"date":"2024-03-08T10:34:35","date_gmt":"2024-03-08T13:34:35","guid":{"rendered":"https:\/\/radiolifefm.com.br\/noticias\/?p=83944"},"modified":"2026-03-22T21:00:08","modified_gmt":"2026-03-23T00:00:08","slug":"dia-internacional-das-mulhereres","status":"publish","type":"post","link":"https:\/\/radiolifefm.com.br\/noticias\/dia-internacional-das-mulhereres\/","title":{"rendered":"DIA INTERNACIONAL DAS MULHERERES&#8230;"},"content":{"rendered":"<div id=\"fb-root\"><\/div>\n<p><em>\u00a0<\/em><\/p>\n<p><em>\u201cO ideal de homem para mim \u00e9 o que n\u00e3o se importasse de ser esposa tamb\u00e9m. Quero ser o pai, que chega e encontra a casa limpa, comida e pega as crian\u00e7as trocadas, no seu melhor momento.\u201d (Linda Fiorentino, atriz)<\/em><\/p>\n<p>&nbsp;<\/p>\n<p><strong><em>By seb@r\u00a0 <\/em><\/strong><\/p>\n<p>&nbsp;<\/p>\n<p>Nesta semana, 8 de mar\u00e7o, sexta-feira, comemora-se o \u201cDia Internacional da Mulher\u201d em n\u00edvel mundial, um fato a mais no calend\u00e1rio anual dos homens, claro, das mulheres tamb\u00e9m, por\u00e9m, elas sabem das coisas, enquanto que os homens, bom, estes, como sempre, ficam naquela conversa sem mais e sem menos quando o tema em pauta \u00e9 a mulher deste novo tempo novo que se chama hoje&#8230;<\/p>\n<p>N\u00e3o \u00e9 f\u00e1cil escrever sobre esta mulher que aparece do nada em meio ao tudo e transforma o cotidiano do homem sem o mesmo, querendo e conseguindo ao mesmo tempo marcar presen\u00e7a com responsabilidade frente aos desencontros deste cen\u00e1rio atual&#8230;<\/p>\n<p>Quero mais \u00e9 que elas fa\u00e7am acontecer neste mundo, quando o homem pensa que manda, coitados, est\u00e3o mais perdidos que \u201ccego em tiroteio\u201d, ainda n\u00e3o se deram conta que o tempo passou e eles ficaram \u201ca ver navios\u201d&#8230;<\/p>\n<p>Os ventos da p\u00f3s-globaliza\u00e7\u00e3o est\u00e3o mostrando um novo cen\u00e1rio para o planeta e as mulheres, como sempre, continuam demonstrando aquele algo mais neste contexto glocal, ou seja, do global para o local&#8230;<\/p>\n<p>O chamado universo feminino anda mais agitado do que nunca neste contexto plural para as MULHERES, assim, cada qual, do seu jeito fica parado num mesmo tempo, quem sabe, esperando pelo passado, ao mesmo tempo, ruminando como um animal irracional pela Am\u00e9lia do outro tempo deste tempo&#8230;<\/p>\n<p>Creio que, hoje, os homens pensam de um jeito e agem de outro, sonhando com aquela mulher do outro mundo para um desencontro a mais, por\u00e9m, antes de tudo, faz-se necess\u00e1rio estar em conex\u00e3o com as propostas mediadas pela atualidade dos fatos em meio aos desafetos e assim por diante&#8230;<\/p>\n<p>Dizem que a \u201cverdade d\u00f3i\u201d, por isto e mais aquilo o homem continua sua busca sem fim, haja vista, os fatos hist\u00f3ricos como impasse do momento e tamb\u00e9m, uma fuga da realidade feminina&#8230;<\/p>\n<p>N\u00e3o adianta, as MULHERES est\u00e3o em todos os lugares, basta um olhar e pronto, l\u00e1 est\u00e1 marcando mais do que uma presen\u00e7a no espa\u00e7o do pseudo homem, tamb\u00e9m, foram tantos desencontros que ocorreram deste lado que se perderam no tempo do seu tempo sem o tempo&#8230;<\/p>\n<p>O diferente assusta os homens neste tempo mais do que finito, entretanto, infinito para todas as MULHERES que \u00a0continuam com seus objetivos mais do que definidos neste projeto amplo, geral e irrestrito&#8230;<\/p>\n<p>O homem est\u00e1 devendo tudo e mais alguma coisa para as MULHERES que continuam lutando e marcando presen\u00e7a em todas as \u00e1reas do MERCADO por meio da qualifica\u00e7\u00e3o e da compet\u00eancia, portanto, que as VIT\u00d3RIAS sejam laureadas com a consolida\u00e7\u00e3o do ESPA\u00c7O FEMININO neste tempo novo tempo&#8230;<\/p>\n<p>&nbsp;<\/p>\n<p><em>______________________________________<\/em><\/p>\n<p><em>e-mail: barbosa<a href=\"mailto:sebar@gmail.com\">sebar@gmail.com<\/a><\/em><\/p>\n<p>&nbsp;<\/p>\n","protected":false},"excerpt":{"rendered":"<p>\u00a0 \u201cO ideal de homem para mim \u00e9 o que n\u00e3o se importasse de ser esposa tamb\u00e9m. Quero ser o pai, que chega e encontra a casa limpa, comida e pega as crian\u00e7as trocadas, no seu melhor momento.\u201d (Linda Fiorentino, atriz) &nbsp; By seb@r\u00a0 &nbsp; Nesta semana, 8 de mar\u00e7o, sexta-feira, comemora-se o \u201cDia Internacional [&hellip;]<\/p>\n","protected":false},"author":13,"featured_media":51988,"comment_status":"closed","ping_status":"open","sticky":false,"template":"","format":"standard","meta":{"_acf_changed":false,"_exactmetrics_skip_tracking":false,"_exactmetrics_sitenote_active":false,"_exactmetrics_sitenote_note":"","_exactmetrics_sitenote_category":0,"footnotes":""},"categories":[59],"tags":[],"class_list":["post-83944","post","type-post","status-publish","format-standard","has-post-thumbnail","hentry","category-opiniao"],"acf":[],"yoast_head":"<!-- This site is optimized with the Yoast SEO plugin v27.2 - https:\/\/yoast.com\/product\/yoast-seo-wordpress\/ -->\n<title>DIA INTERNACIONAL DAS MULHERERES... - R\u00e1dio Life FM<\/title>\n<meta name=\"robots\" content=\"index, follow, max-snippet:-1, max-image-preview:large, max-video-preview:-1\" \/>\n<link rel=\"canonical\" href=\"https:\/\/radiolifefm.com.br\/noticias\/dia-internacional-das-mulhereres\/\" \/>\n<meta property=\"og:locale\" content=\"pt_BR\" \/>\n<meta property=\"og:type\" content=\"article\" \/>\n<meta property=\"og:title\" content=\"DIA INTERNACIONAL DAS MULHERERES... - R\u00e1dio Life FM\" \/>\n<meta property=\"og:description\" content=\"\u00a0 \u201cO ideal de homem para mim \u00e9 o que n\u00e3o se importasse de ser esposa tamb\u00e9m. Quero ser o pai, que chega e encontra a casa limpa, comida e pega as crian\u00e7as trocadas, no seu melhor momento.\u201d (Linda Fiorentino, atriz) &nbsp; By seb@r\u00a0 &nbsp; Nesta semana, 8 de mar\u00e7o, sexta-feira, comemora-se o \u201cDia Internacional [&hellip;]\" \/>\n<meta property=\"og:url\" content=\"https:\/\/radiolifefm.com.br\/noticias\/dia-internacional-das-mulhereres\/\" \/>\n<meta property=\"og:site_name\" content=\"R\u00e1dio Life FM\" \/>\n<meta property=\"article:publisher\" content=\"https:\/\/www.facebook.com\/radiolifefm\/\" \/>\n<meta property=\"article:published_time\" content=\"2024-03-08T13:34:35+00:00\" \/>\n<meta property=\"article:modified_time\" content=\"2026-03-23T00:00:08+00:00\" \/>\n<meta property=\"og:image\" content=\"https:\/\/radiolifefm.com.br\/noticias\/wp-content\/uploads\/2022\/04\/WhatsApp-Image-2022-04-10-at-18.43.02.jpeg\" \/>\n\t<meta property=\"og:image:width\" content=\"972\" \/>\n\t<meta property=\"og:image:height\" content=\"1296\" \/>\n\t<meta property=\"og:image:type\" content=\"image\/jpeg\" \/>\n<meta name=\"author\" content=\"ritanery\" \/>\n<meta name=\"twitter:card\" content=\"summary_large_image\" \/>\n<meta name=\"twitter:label1\" content=\"Escrito por\" \/>\n\t<meta name=\"twitter:data1\" content=\"ritanery\" \/>\n\t<meta name=\"twitter:label2\" content=\"Est. tempo de leitura\" \/>\n\t<meta name=\"twitter:data2\" content=\"3 minutos\" \/>\n<script type=\"application\/ld+json\" class=\"yoast-schema-graph\">{\"@context\":\"https:\/\/schema.org\",\"@graph\":[{\"@type\":\"Article\",\"@id\":\"https:\/\/radiolifefm.com.br\/noticias\/dia-internacional-das-mulhereres\/#article\",\"isPartOf\":{\"@id\":\"https:\/\/radiolifefm.com.br\/noticias\/dia-internacional-das-mulhereres\/\"},\"author\":{\"name\":\"ritanery\",\"@id\":\"https:\/\/radiolifefm.com.br\/noticias\/#\/schema\/person\/6339b9fac59d12b071dec680d7375d87\"},\"headline\":\"DIA INTERNACIONAL DAS MULHERERES&#8230;\",\"datePublished\":\"2024-03-08T13:34:35+00:00\",\"dateModified\":\"2026-03-23T00:00:08+00:00\",\"mainEntityOfPage\":{\"@id\":\"https:\/\/radiolifefm.com.br\/noticias\/dia-internacional-das-mulhereres\/\"},\"wordCount\":517,\"publisher\":{\"@id\":\"https:\/\/radiolifefm.com.br\/noticias\/#organization\"},\"image\":{\"@id\":\"https:\/\/radiolifefm.com.br\/noticias\/dia-internacional-das-mulhereres\/#primaryimage\"},\"thumbnailUrl\":\"https:\/\/radiolifefm.com.br\/noticias\/wp-content\/uploads\/2022\/04\/WhatsApp-Image-2022-04-10-at-18.43.02.jpeg\",\"articleSection\":[\"Opini\u00e3o\"],\"inLanguage\":\"pt-BR\"},{\"@type\":\"WebPage\",\"@id\":\"https:\/\/radiolifefm.com.br\/noticias\/dia-internacional-das-mulhereres\/\",\"url\":\"https:\/\/radiolifefm.com.br\/noticias\/dia-internacional-das-mulhereres\/\",\"name\":\"DIA INTERNACIONAL DAS MULHERERES... - R\u00e1dio Life FM\",\"isPartOf\":{\"@id\":\"https:\/\/radiolifefm.com.br\/noticias\/#website\"},\"primaryImageOfPage\":{\"@id\":\"https:\/\/radiolifefm.com.br\/noticias\/dia-internacional-das-mulhereres\/#primaryimage\"},\"image\":{\"@id\":\"https:\/\/radiolifefm.com.br\/noticias\/dia-internacional-das-mulhereres\/#primaryimage\"},\"thumbnailUrl\":\"https:\/\/radiolifefm.com.br\/noticias\/wp-content\/uploads\/2022\/04\/WhatsApp-Image-2022-04-10-at-18.43.02.jpeg\",\"datePublished\":\"2024-03-08T13:34:35+00:00\",\"dateModified\":\"2026-03-23T00:00:08+00:00\",\"breadcrumb\":{\"@id\":\"https:\/\/radiolifefm.com.br\/noticias\/dia-internacional-das-mulhereres\/#breadcrumb\"},\"inLanguage\":\"pt-BR\",\"potentialAction\":[{\"@type\":\"ReadAction\",\"target\":[\"https:\/\/radiolifefm.com.br\/noticias\/dia-internacional-das-mulhereres\/\"]}]},{\"@type\":\"ImageObject\",\"inLanguage\":\"pt-BR\",\"@id\":\"https:\/\/radiolifefm.com.br\/noticias\/dia-internacional-das-mulhereres\/#primaryimage\",\"url\":\"https:\/\/radiolifefm.com.br\/noticias\/wp-content\/uploads\/2022\/04\/WhatsApp-Image-2022-04-10-at-18.43.02.jpeg\",\"contentUrl\":\"https:\/\/radiolifefm.com.br\/noticias\/wp-content\/uploads\/2022\/04\/WhatsApp-Image-2022-04-10-at-18.43.02.jpeg\",\"width\":972,\"height\":1296,\"caption\":\"S\u00e9rgio Barbosa\"},{\"@type\":\"BreadcrumbList\",\"@id\":\"https:\/\/radiolifefm.com.br\/noticias\/dia-internacional-das-mulhereres\/#breadcrumb\",\"itemListElement\":[{\"@type\":\"ListItem\",\"position\":1,\"name\":\"In\u00edcio\",\"item\":\"https:\/\/radiolifefm.com.br\/noticias\/\"},{\"@type\":\"ListItem\",\"position\":2,\"name\":\"DIA INTERNACIONAL DAS MULHERERES&#8230;\"}]},{\"@type\":\"WebSite\",\"@id\":\"https:\/\/radiolifefm.com.br\/noticias\/#website\",\"url\":\"https:\/\/radiolifefm.com.br\/noticias\/\",\"name\":\"R\u00e1dio Life FM\",\"description\":\"O Portal de Not\u00edcias de Adamantina\",\"publisher\":{\"@id\":\"https:\/\/radiolifefm.com.br\/noticias\/#organization\"},\"alternateName\":\"Life FM\",\"potentialAction\":[{\"@type\":\"SearchAction\",\"target\":{\"@type\":\"EntryPoint\",\"urlTemplate\":\"https:\/\/radiolifefm.com.br\/noticias\/?s={search_term_string}\"},\"query-input\":{\"@type\":\"PropertyValueSpecification\",\"valueRequired\":true,\"valueName\":\"search_term_string\"}}],\"inLanguage\":\"pt-BR\"},{\"@type\":\"Organization\",\"@id\":\"https:\/\/radiolifefm.com.br\/noticias\/#organization\",\"name\":\"R\u00e1dio Life FM\",\"alternateName\":\"Life FM\",\"url\":\"https:\/\/radiolifefm.com.br\/noticias\/\",\"logo\":{\"@type\":\"ImageObject\",\"inLanguage\":\"pt-BR\",\"@id\":\"https:\/\/radiolifefm.com.br\/noticias\/#\/schema\/logo\/image\/\",\"url\":\"https:\/\/static.radiolifefm.com.br\/noticias\/wp-content\/uploads\/2019\/10\/logo-lifefm.png\",\"contentUrl\":\"https:\/\/static.radiolifefm.com.br\/noticias\/wp-content\/uploads\/2019\/10\/logo-lifefm.png\",\"width\":196,\"height\":47,\"caption\":\"R\u00e1dio Life FM\"},\"image\":{\"@id\":\"https:\/\/radiolifefm.com.br\/noticias\/#\/schema\/logo\/image\/\"},\"sameAs\":[\"https:\/\/www.facebook.com\/radiolifefm\/\",\"https:\/\/www.instagram.com\/life1079fm\/\"]},{\"@type\":\"Person\",\"@id\":\"https:\/\/radiolifefm.com.br\/noticias\/#\/schema\/person\/6339b9fac59d12b071dec680d7375d87\",\"name\":\"ritanery\",\"image\":{\"@type\":\"ImageObject\",\"inLanguage\":\"pt-BR\",\"@id\":\"https:\/\/secure.gravatar.com\/avatar\/0e37bb19071f47c0b8a23f62a903df117c5a0e75f65a0c2901562f97cd41cf86?s=96&d=mm&r=g\",\"url\":\"https:\/\/secure.gravatar.com\/avatar\/0e37bb19071f47c0b8a23f62a903df117c5a0e75f65a0c2901562f97cd41cf86?s=96&d=mm&r=g\",\"contentUrl\":\"https:\/\/secure.gravatar.com\/avatar\/0e37bb19071f47c0b8a23f62a903df117c5a0e75f65a0c2901562f97cd41cf86?s=96&d=mm&r=g\",\"caption\":\"ritanery\"}}]}<\/script>\n<!-- \/ Yoast SEO plugin. -->","yoast_head_json":{"title":"DIA INTERNACIONAL DAS MULHERERES... - R\u00e1dio Life FM","robots":{"index":"index","follow":"follow","max-snippet":"max-snippet:-1","max-image-preview":"max-image-preview:large","max-video-preview":"max-video-preview:-1"},"canonical":"https:\/\/radiolifefm.com.br\/noticias\/dia-internacional-das-mulhereres\/","og_locale":"pt_BR","og_type":"article","og_title":"DIA INTERNACIONAL DAS MULHERERES... - R\u00e1dio Life FM","og_description":"\u00a0 \u201cO ideal de homem para mim \u00e9 o que n\u00e3o se importasse de ser esposa tamb\u00e9m. Quero ser o pai, que chega e encontra a casa limpa, comida e pega as crian\u00e7as trocadas, no seu melhor momento.\u201d (Linda Fiorentino, atriz) &nbsp; By seb@r\u00a0 &nbsp; Nesta semana, 8 de mar\u00e7o, sexta-feira, comemora-se o \u201cDia Internacional [&hellip;]","og_url":"https:\/\/radiolifefm.com.br\/noticias\/dia-internacional-das-mulhereres\/","og_site_name":"R\u00e1dio Life FM","article_publisher":"https:\/\/www.facebook.com\/radiolifefm\/","article_published_time":"2024-03-08T13:34:35+00:00","article_modified_time":"2026-03-23T00:00:08+00:00","og_image":[{"width":972,"height":1296,"url":"https:\/\/radiolifefm.com.br\/noticias\/wp-content\/uploads\/2022\/04\/WhatsApp-Image-2022-04-10-at-18.43.02.jpeg","type":"image\/jpeg"}],"author":"ritanery","twitter_card":"summary_large_image","twitter_misc":{"Escrito por":"ritanery","Est. tempo de leitura":"3 minutos"},"schema":{"@context":"https:\/\/schema.org","@graph":[{"@type":"Article","@id":"https:\/\/radiolifefm.com.br\/noticias\/dia-internacional-das-mulhereres\/#article","isPartOf":{"@id":"https:\/\/radiolifefm.com.br\/noticias\/dia-internacional-das-mulhereres\/"},"author":{"name":"ritanery","@id":"https:\/\/radiolifefm.com.br\/noticias\/#\/schema\/person\/6339b9fac59d12b071dec680d7375d87"},"headline":"DIA INTERNACIONAL DAS MULHERERES&#8230;","datePublished":"2024-03-08T13:34:35+00:00","dateModified":"2026-03-23T00:00:08+00:00","mainEntityOfPage":{"@id":"https:\/\/radiolifefm.com.br\/noticias\/dia-internacional-das-mulhereres\/"},"wordCount":517,"publisher":{"@id":"https:\/\/radiolifefm.com.br\/noticias\/#organization"},"image":{"@id":"https:\/\/radiolifefm.com.br\/noticias\/dia-internacional-das-mulhereres\/#primaryimage"},"thumbnailUrl":"https:\/\/radiolifefm.com.br\/noticias\/wp-content\/uploads\/2022\/04\/WhatsApp-Image-2022-04-10-at-18.43.02.jpeg","articleSection":["Opini\u00e3o"],"inLanguage":"pt-BR"},{"@type":"WebPage","@id":"https:\/\/radiolifefm.com.br\/noticias\/dia-internacional-das-mulhereres\/","url":"https:\/\/radiolifefm.com.br\/noticias\/dia-internacional-das-mulhereres\/","name":"DIA INTERNACIONAL DAS MULHERERES... - R\u00e1dio Life FM","isPartOf":{"@id":"https:\/\/radiolifefm.com.br\/noticias\/#website"},"primaryImageOfPage":{"@id":"https:\/\/radiolifefm.com.br\/noticias\/dia-internacional-das-mulhereres\/#primaryimage"},"image":{"@id":"https:\/\/radiolifefm.com.br\/noticias\/dia-internacional-das-mulhereres\/#primaryimage"},"thumbnailUrl":"https:\/\/radiolifefm.com.br\/noticias\/wp-content\/uploads\/2022\/04\/WhatsApp-Image-2022-04-10-at-18.43.02.jpeg","datePublished":"2024-03-08T13:34:35+00:00","dateModified":"2026-03-23T00:00:08+00:00","breadcrumb":{"@id":"https:\/\/radiolifefm.com.br\/noticias\/dia-internacional-das-mulhereres\/#breadcrumb"},"inLanguage":"pt-BR","potentialAction":[{"@type":"ReadAction","target":["https:\/\/radiolifefm.com.br\/noticias\/dia-internacional-das-mulhereres\/"]}]},{"@type":"ImageObject","inLanguage":"pt-BR","@id":"https:\/\/radiolifefm.com.br\/noticias\/dia-internacional-das-mulhereres\/#primaryimage","url":"https:\/\/radiolifefm.com.br\/noticias\/wp-content\/uploads\/2022\/04\/WhatsApp-Image-2022-04-10-at-18.43.02.jpeg","contentUrl":"https:\/\/radiolifefm.com.br\/noticias\/wp-content\/uploads\/2022\/04\/WhatsApp-Image-2022-04-10-at-18.43.02.jpeg","width":972,"height":1296,"caption":"S\u00e9rgio Barbosa"},{"@type":"BreadcrumbList","@id":"https:\/\/radiolifefm.com.br\/noticias\/dia-internacional-das-mulhereres\/#breadcrumb","itemListElement":[{"@type":"ListItem","position":1,"name":"In\u00edcio","item":"https:\/\/radiolifefm.com.br\/noticias\/"},{"@type":"ListItem","position":2,"name":"DIA INTERNACIONAL DAS MULHERERES&#8230;"}]},{"@type":"WebSite","@id":"https:\/\/radiolifefm.com.br\/noticias\/#website","url":"https:\/\/radiolifefm.com.br\/noticias\/","name":"R\u00e1dio Life FM","description":"O Portal de Not\u00edcias de Adamantina","publisher":{"@id":"https:\/\/radiolifefm.com.br\/noticias\/#organization"},"alternateName":"Life FM","potentialAction":[{"@type":"SearchAction","target":{"@type":"EntryPoint","urlTemplate":"https:\/\/radiolifefm.com.br\/noticias\/?s={search_term_string}"},"query-input":{"@type":"PropertyValueSpecification","valueRequired":true,"valueName":"search_term_string"}}],"inLanguage":"pt-BR"},{"@type":"Organization","@id":"https:\/\/radiolifefm.com.br\/noticias\/#organization","name":"R\u00e1dio Life FM","alternateName":"Life FM","url":"https:\/\/radiolifefm.com.br\/noticias\/","logo":{"@type":"ImageObject","inLanguage":"pt-BR","@id":"https:\/\/radiolifefm.com.br\/noticias\/#\/schema\/logo\/image\/","url":"https:\/\/static.radiolifefm.com.br\/noticias\/wp-content\/uploads\/2019\/10\/logo-lifefm.png","contentUrl":"https:\/\/static.radiolifefm.com.br\/noticias\/wp-content\/uploads\/2019\/10\/logo-lifefm.png","width":196,"height":47,"caption":"R\u00e1dio Life FM"},"image":{"@id":"https:\/\/radiolifefm.com.br\/noticias\/#\/schema\/logo\/image\/"},"sameAs":["https:\/\/www.facebook.com\/radiolifefm\/","https:\/\/www.instagram.com\/life1079fm\/"]},{"@type":"Person","@id":"https:\/\/radiolifefm.com.br\/noticias\/#\/schema\/person\/6339b9fac59d12b071dec680d7375d87","name":"ritanery","image":{"@type":"ImageObject","inLanguage":"pt-BR","@id":"https:\/\/secure.gravatar.com\/avatar\/0e37bb19071f47c0b8a23f62a903df117c5a0e75f65a0c2901562f97cd41cf86?s=96&d=mm&r=g","url":"https:\/\/secure.gravatar.com\/avatar\/0e37bb19071f47c0b8a23f62a903df117c5a0e75f65a0c2901562f97cd41cf86?s=96&d=mm&r=g","contentUrl":"https:\/\/secure.gravatar.com\/avatar\/0e37bb19071f47c0b8a23f62a903df117c5a0e75f65a0c2901562f97cd41cf86?s=96&d=mm&r=g","caption":"ritanery"}}]}},"amp_enabled":true,"_links":{"self":[{"href":"https:\/\/radiolifefm.com.br\/noticias\/wp-json\/wp\/v2\/posts\/83944","targetHints":{"allow":["GET"]}}],"collection":[{"href":"https:\/\/radiolifefm.com.br\/noticias\/wp-json\/wp\/v2\/posts"}],"about":[{"href":"https:\/\/radiolifefm.com.br\/noticias\/wp-json\/wp\/v2\/types\/post"}],"author":[{"embeddable":true,"href":"https:\/\/radiolifefm.com.br\/noticias\/wp-json\/wp\/v2\/users\/13"}],"replies":[{"embeddable":true,"href":"https:\/\/radiolifefm.com.br\/noticias\/wp-json\/wp\/v2\/comments?post=83944"}],"version-history":[{"count":1,"href":"https:\/\/radiolifefm.com.br\/noticias\/wp-json\/wp\/v2\/posts\/83944\/revisions"}],"predecessor-version":[{"id":83945,"href":"https:\/\/radiolifefm.com.br\/noticias\/wp-json\/wp\/v2\/posts\/83944\/revisions\/83945"}],"wp:featuredmedia":[{"embeddable":true,"href":"https:\/\/radiolifefm.com.br\/noticias\/wp-json\/wp\/v2\/media\/51988"}],"wp:attachment":[{"href":"https:\/\/radiolifefm.com.br\/noticias\/wp-json\/wp\/v2\/media?parent=83944"}],"wp:term":[{"taxonomy":"category","embeddable":true,"href":"https:\/\/radiolifefm.com.br\/noticias\/wp-json\/wp\/v2\/categories?post=83944"},{"taxonomy":"post_tag","embeddable":true,"href":"https:\/\/radiolifefm.com.br\/noticias\/wp-json\/wp\/v2\/tags?post=83944"}],"curies":[{"name":"wp","href":"https:\/\/api.w.org\/{rel}","templated":true}]}}