{"id":83463,"date":"2024-02-28T08:44:39","date_gmt":"2024-02-28T11:44:39","guid":{"rendered":"https:\/\/radiolifefm.com.br\/noticias\/?p=83463"},"modified":"2026-04-12T20:05:59","modified_gmt":"2026-04-12T23:05:59","slug":"gallipoli-o-fato-como-memoria-historica-3","status":"publish","type":"post","link":"https:\/\/radiolifefm.com.br\/noticias\/gallipoli-o-fato-como-memoria-historica-3\/","title":{"rendered":"GALLIPOLI: O FATO COMO MEM\u00d3RIA HIST\u00d3RICA!"},"content":{"rendered":"<div id=\"fb-root\"><\/div>\n<p><em>\u00a0<\/em><\/p>\n<p><em>\u201cO jornalista tem que ser inconveniente deve ser inquieto por natureza\u201d <\/em><\/p>\n<p><em>(Juarez Soares)<\/em><\/p>\n<p><strong><em>S\u00e9rgio Barbosa (*)<\/em><\/strong><\/p>\n<p>&nbsp;<\/p>\n<p>Entre as muitas atividades desenvolvidas pelo olhar do jornalista neste novo tempo que se chama globaliza\u00e7\u00e3o, est\u00e1 a reflex\u00e3o frente aos acontecimentos em n\u00edvel mundial, tais como: guerras, revolu\u00e7\u00f5es, golpes, repress\u00e3o, tortura e outros&#8230;<\/p>\n<p>O in\u00edcio do s\u00e9culo XX foi um marco para a hist\u00f3ria contempor\u00e2nea, haja vista, a chamada \u201cBelle Epoque\u201d, isso \u00e9, viver e deixar viver pelo mesmo tema, afinal, era uma bela \u00e9poca para o mundo, principalmente no continente europeu&#8230;<\/p>\n<p>Mas nem tudo s\u00e3o flores neste contexto, eis que acontece um assassinato por meio de um ato terrorista em plena rua da bela \u00e9poca e pronto, tem in\u00edcio a chamada I Guerra Mundial, conhecida como a \u201cguerra das trincheiras\u201d envolvendo dezenas de pa\u00edses num conflito sem precedentes para os povos envolvidos no processo b\u00e9lico&#8230;<\/p>\n<p>O jornal \u201cO Estado de S.Paulo\u201d conhecido como \u201cO Estad\u00e3o\u201d , faz alguns anos, publicou mercado editorial, material de primeira linha e abordando o tema em pauta, isto \u00e9, a I Guerra Mundial sob o olhar de \u201cJulio Mesquita\u201d, jornalista brasileiro que cobriu a guerra para o jornal durante os quatro anos (1914-1918) e respondeu pelo jornal entre nos anos 1891-1927&#8230;<\/p>\n<p>N\u00e3o \u00e9 uma tarefa f\u00e1cil executar a cobertura de uma guerra como jornalista, o perigo \u00e9 uma companhia constante nesta atividade, basta rever o trabalho da imprensa nos grandes conflitos depois da II Guerra Mundial, quando os profissionais desta \u00e1rea foram respons\u00e1veis pela finaliza\u00e7\u00e3o sob press\u00e3o da sociedade norte-americana da Guerra do Vietn\u00e3 que movimentou os anos 60 e 70&#8230;<\/p>\n<p>Durante a realiza\u00e7\u00e3o da I Guerra Mundial (1914-1918) aconteceram, como sempre, centenas de combates pelos campos de batalha em meio \u00e0 agonia de uma trincheira qualquer, assim, registra-se neste texto, um fato como tantos outros, por\u00e9m, \u201cin memoriam\u201d daqueles que l\u00e1 estiveram e morreram pela causa de um poder qualquer ou uma bandeira sem mastro&#8230;<\/p>\n<p>A mem\u00f3ria enquanto hist\u00f3ria se faz presente para delimitar at\u00e9 onde o homem levanta sua convic\u00e7\u00e3o patri\u00f3tica, visando assim, o bem estar dos outros, ainda mais em tempo de guerra&#8230;<\/p>\n<p>Numa manh\u00e3, 25 de abril de 1915, num lugar chamado Gallipoli, as tropas australianas formadas pela elite jovem do pa\u00eds, desembarcam nesta praia sob fogo constante do ex\u00e9rcito turco&#8230;<\/p>\n<p>O tempo se chama hoje para aqueles jovens australianos na pen\u00ednsula de Gallipoli que contavam com o fator surpresa, por\u00e9m, nem sempre as coisas acontecem da melhor forma poss\u00edvel, assim, o desembarque da Unidade Militar Australiana com aux\u00edlio das tropas da Nova Zel\u00e2ndia deixou a desejar no confronto com os turcos&#8230;<\/p>\n<p>Os ex\u00e9rcitos permaneceram oito meses em Gallipoli, os soldados australianos e neozelandeses sucumbiram sob as balas do inimigo comum, tamb\u00e9m, pelas doen\u00e7as pr\u00f3prias de uma guerra sem trincheira para ambos os lados; deixando um rastro de destrui\u00e7\u00e3o neste per\u00edodo&#8230;<\/p>\n<p>O total da carnificina deixou 7.594 mortos, al\u00e9m de mais 20 mil feridos e mutilados em nome da causa perdida nesta primeira grande guerra do s\u00e9culo XX, registra-se ainda que, 1\/5 dos soldados australianos n\u00e3o passavam dos 21 anos&#8230;<\/p>\n<p><strong>_________________________________<\/strong><\/p>\n<p><strong>(*) Jornalista profissional diplomado e pesquisador da c\u00e1tedra unesco\/umesp de comunica\u00e7\u00e3o para o desenvolvimento regional.<\/strong><\/p>\n<p><strong>e-mail: <a href=\"mailto:barbosa.sebar@gmail.com\">barbosa.sebar@gmail.com<\/a><\/strong><\/p>\n<p>&nbsp;<\/p>\n<p>&nbsp;<\/p>\n","protected":false},"excerpt":{"rendered":"<p>\u00a0 \u201cO jornalista tem que ser inconveniente deve ser inquieto por natureza\u201d (Juarez Soares) S\u00e9rgio Barbosa (*) &nbsp; Entre as muitas atividades desenvolvidas pelo olhar do jornalista neste novo tempo que se chama globaliza\u00e7\u00e3o, est\u00e1 a reflex\u00e3o frente aos acontecimentos em n\u00edvel mundial, tais como: guerras, revolu\u00e7\u00f5es, golpes, repress\u00e3o, tortura e outros&#8230; O in\u00edcio do [&hellip;]<\/p>\n","protected":false},"author":13,"featured_media":51988,"comment_status":"closed","ping_status":"open","sticky":false,"template":"","format":"standard","meta":{"_acf_changed":false,"_exactmetrics_skip_tracking":false,"_exactmetrics_sitenote_active":false,"_exactmetrics_sitenote_note":"","_exactmetrics_sitenote_category":0,"footnotes":""},"categories":[59],"tags":[],"class_list":["post-83463","post","type-post","status-publish","format-standard","has-post-thumbnail","hentry","category-opiniao"],"acf":[],"yoast_head":"<!-- This site is optimized with the Yoast SEO plugin v27.2 - https:\/\/yoast.com\/product\/yoast-seo-wordpress\/ -->\n<title>GALLIPOLI: O FATO COMO MEM\u00d3RIA HIST\u00d3RICA! - R\u00e1dio Life FM<\/title>\n<meta name=\"robots\" content=\"index, follow, max-snippet:-1, max-image-preview:large, max-video-preview:-1\" \/>\n<link rel=\"canonical\" href=\"https:\/\/radiolifefm.com.br\/noticias\/gallipoli-o-fato-como-memoria-historica-3\/\" \/>\n<meta property=\"og:locale\" content=\"pt_BR\" \/>\n<meta property=\"og:type\" content=\"article\" \/>\n<meta property=\"og:title\" content=\"GALLIPOLI: O FATO COMO MEM\u00d3RIA HIST\u00d3RICA! - R\u00e1dio Life FM\" \/>\n<meta property=\"og:description\" content=\"\u00a0 \u201cO jornalista tem que ser inconveniente deve ser inquieto por natureza\u201d (Juarez Soares) S\u00e9rgio Barbosa (*) &nbsp; Entre as muitas atividades desenvolvidas pelo olhar do jornalista neste novo tempo que se chama globaliza\u00e7\u00e3o, est\u00e1 a reflex\u00e3o frente aos acontecimentos em n\u00edvel mundial, tais como: guerras, revolu\u00e7\u00f5es, golpes, repress\u00e3o, tortura e outros&#8230; O in\u00edcio do [&hellip;]\" \/>\n<meta property=\"og:url\" content=\"https:\/\/radiolifefm.com.br\/noticias\/gallipoli-o-fato-como-memoria-historica-3\/\" \/>\n<meta property=\"og:site_name\" content=\"R\u00e1dio Life FM\" \/>\n<meta property=\"article:publisher\" content=\"https:\/\/www.facebook.com\/radiolifefm\/\" \/>\n<meta property=\"article:published_time\" content=\"2024-02-28T11:44:39+00:00\" \/>\n<meta property=\"article:modified_time\" content=\"2026-04-12T23:05:59+00:00\" \/>\n<meta property=\"og:image\" content=\"https:\/\/radiolifefm.com.br\/noticias\/wp-content\/uploads\/2022\/04\/WhatsApp-Image-2022-04-10-at-18.43.02.jpeg\" \/>\n\t<meta property=\"og:image:width\" content=\"972\" \/>\n\t<meta property=\"og:image:height\" content=\"1296\" \/>\n\t<meta property=\"og:image:type\" content=\"image\/jpeg\" \/>\n<meta name=\"author\" content=\"ritanery\" \/>\n<meta name=\"twitter:card\" content=\"summary_large_image\" \/>\n<meta name=\"twitter:label1\" content=\"Escrito por\" \/>\n\t<meta name=\"twitter:data1\" content=\"ritanery\" \/>\n\t<meta name=\"twitter:label2\" content=\"Est. tempo de leitura\" \/>\n\t<meta name=\"twitter:data2\" content=\"3 minutos\" \/>\n<script type=\"application\/ld+json\" class=\"yoast-schema-graph\">{\"@context\":\"https:\/\/schema.org\",\"@graph\":[{\"@type\":\"Article\",\"@id\":\"https:\/\/radiolifefm.com.br\/noticias\/gallipoli-o-fato-como-memoria-historica-3\/#article\",\"isPartOf\":{\"@id\":\"https:\/\/radiolifefm.com.br\/noticias\/gallipoli-o-fato-como-memoria-historica-3\/\"},\"author\":{\"name\":\"ritanery\",\"@id\":\"https:\/\/radiolifefm.com.br\/noticias\/#\/schema\/person\/6339b9fac59d12b071dec680d7375d87\"},\"headline\":\"GALLIPOLI: O FATO COMO MEM\u00d3RIA HIST\u00d3RICA!\",\"datePublished\":\"2024-02-28T11:44:39+00:00\",\"dateModified\":\"2026-04-12T23:05:59+00:00\",\"mainEntityOfPage\":{\"@id\":\"https:\/\/radiolifefm.com.br\/noticias\/gallipoli-o-fato-como-memoria-historica-3\/\"},\"wordCount\":568,\"publisher\":{\"@id\":\"https:\/\/radiolifefm.com.br\/noticias\/#organization\"},\"image\":{\"@id\":\"https:\/\/radiolifefm.com.br\/noticias\/gallipoli-o-fato-como-memoria-historica-3\/#primaryimage\"},\"thumbnailUrl\":\"https:\/\/radiolifefm.com.br\/noticias\/wp-content\/uploads\/2022\/04\/WhatsApp-Image-2022-04-10-at-18.43.02.jpeg\",\"articleSection\":[\"Opini\u00e3o\"],\"inLanguage\":\"pt-BR\"},{\"@type\":\"WebPage\",\"@id\":\"https:\/\/radiolifefm.com.br\/noticias\/gallipoli-o-fato-como-memoria-historica-3\/\",\"url\":\"https:\/\/radiolifefm.com.br\/noticias\/gallipoli-o-fato-como-memoria-historica-3\/\",\"name\":\"GALLIPOLI: O FATO COMO MEM\u00d3RIA HIST\u00d3RICA! - R\u00e1dio Life FM\",\"isPartOf\":{\"@id\":\"https:\/\/radiolifefm.com.br\/noticias\/#website\"},\"primaryImageOfPage\":{\"@id\":\"https:\/\/radiolifefm.com.br\/noticias\/gallipoli-o-fato-como-memoria-historica-3\/#primaryimage\"},\"image\":{\"@id\":\"https:\/\/radiolifefm.com.br\/noticias\/gallipoli-o-fato-como-memoria-historica-3\/#primaryimage\"},\"thumbnailUrl\":\"https:\/\/radiolifefm.com.br\/noticias\/wp-content\/uploads\/2022\/04\/WhatsApp-Image-2022-04-10-at-18.43.02.jpeg\",\"datePublished\":\"2024-02-28T11:44:39+00:00\",\"dateModified\":\"2026-04-12T23:05:59+00:00\",\"breadcrumb\":{\"@id\":\"https:\/\/radiolifefm.com.br\/noticias\/gallipoli-o-fato-como-memoria-historica-3\/#breadcrumb\"},\"inLanguage\":\"pt-BR\",\"potentialAction\":[{\"@type\":\"ReadAction\",\"target\":[\"https:\/\/radiolifefm.com.br\/noticias\/gallipoli-o-fato-como-memoria-historica-3\/\"]}]},{\"@type\":\"ImageObject\",\"inLanguage\":\"pt-BR\",\"@id\":\"https:\/\/radiolifefm.com.br\/noticias\/gallipoli-o-fato-como-memoria-historica-3\/#primaryimage\",\"url\":\"https:\/\/radiolifefm.com.br\/noticias\/wp-content\/uploads\/2022\/04\/WhatsApp-Image-2022-04-10-at-18.43.02.jpeg\",\"contentUrl\":\"https:\/\/radiolifefm.com.br\/noticias\/wp-content\/uploads\/2022\/04\/WhatsApp-Image-2022-04-10-at-18.43.02.jpeg\",\"width\":972,\"height\":1296,\"caption\":\"S\u00e9rgio Barbosa\"},{\"@type\":\"BreadcrumbList\",\"@id\":\"https:\/\/radiolifefm.com.br\/noticias\/gallipoli-o-fato-como-memoria-historica-3\/#breadcrumb\",\"itemListElement\":[{\"@type\":\"ListItem\",\"position\":1,\"name\":\"In\u00edcio\",\"item\":\"https:\/\/radiolifefm.com.br\/noticias\/\"},{\"@type\":\"ListItem\",\"position\":2,\"name\":\"GALLIPOLI: O FATO COMO MEM\u00d3RIA HIST\u00d3RICA!\"}]},{\"@type\":\"WebSite\",\"@id\":\"https:\/\/radiolifefm.com.br\/noticias\/#website\",\"url\":\"https:\/\/radiolifefm.com.br\/noticias\/\",\"name\":\"R\u00e1dio Life FM\",\"description\":\"O Portal de Not\u00edcias de Adamantina\",\"publisher\":{\"@id\":\"https:\/\/radiolifefm.com.br\/noticias\/#organization\"},\"alternateName\":\"Life FM\",\"potentialAction\":[{\"@type\":\"SearchAction\",\"target\":{\"@type\":\"EntryPoint\",\"urlTemplate\":\"https:\/\/radiolifefm.com.br\/noticias\/?s={search_term_string}\"},\"query-input\":{\"@type\":\"PropertyValueSpecification\",\"valueRequired\":true,\"valueName\":\"search_term_string\"}}],\"inLanguage\":\"pt-BR\"},{\"@type\":\"Organization\",\"@id\":\"https:\/\/radiolifefm.com.br\/noticias\/#organization\",\"name\":\"R\u00e1dio Life FM\",\"alternateName\":\"Life FM\",\"url\":\"https:\/\/radiolifefm.com.br\/noticias\/\",\"logo\":{\"@type\":\"ImageObject\",\"inLanguage\":\"pt-BR\",\"@id\":\"https:\/\/radiolifefm.com.br\/noticias\/#\/schema\/logo\/image\/\",\"url\":\"https:\/\/static.radiolifefm.com.br\/noticias\/wp-content\/uploads\/2019\/10\/logo-lifefm.png\",\"contentUrl\":\"https:\/\/static.radiolifefm.com.br\/noticias\/wp-content\/uploads\/2019\/10\/logo-lifefm.png\",\"width\":196,\"height\":47,\"caption\":\"R\u00e1dio Life FM\"},\"image\":{\"@id\":\"https:\/\/radiolifefm.com.br\/noticias\/#\/schema\/logo\/image\/\"},\"sameAs\":[\"https:\/\/www.facebook.com\/radiolifefm\/\",\"https:\/\/www.instagram.com\/life1079fm\/\"]},{\"@type\":\"Person\",\"@id\":\"https:\/\/radiolifefm.com.br\/noticias\/#\/schema\/person\/6339b9fac59d12b071dec680d7375d87\",\"name\":\"ritanery\",\"image\":{\"@type\":\"ImageObject\",\"inLanguage\":\"pt-BR\",\"@id\":\"https:\/\/secure.gravatar.com\/avatar\/0e37bb19071f47c0b8a23f62a903df117c5a0e75f65a0c2901562f97cd41cf86?s=96&d=mm&r=g\",\"url\":\"https:\/\/secure.gravatar.com\/avatar\/0e37bb19071f47c0b8a23f62a903df117c5a0e75f65a0c2901562f97cd41cf86?s=96&d=mm&r=g\",\"contentUrl\":\"https:\/\/secure.gravatar.com\/avatar\/0e37bb19071f47c0b8a23f62a903df117c5a0e75f65a0c2901562f97cd41cf86?s=96&d=mm&r=g\",\"caption\":\"ritanery\"}}]}<\/script>\n<!-- \/ Yoast SEO plugin. -->","yoast_head_json":{"title":"GALLIPOLI: O FATO COMO MEM\u00d3RIA HIST\u00d3RICA! - R\u00e1dio Life FM","robots":{"index":"index","follow":"follow","max-snippet":"max-snippet:-1","max-image-preview":"max-image-preview:large","max-video-preview":"max-video-preview:-1"},"canonical":"https:\/\/radiolifefm.com.br\/noticias\/gallipoli-o-fato-como-memoria-historica-3\/","og_locale":"pt_BR","og_type":"article","og_title":"GALLIPOLI: O FATO COMO MEM\u00d3RIA HIST\u00d3RICA! - R\u00e1dio Life FM","og_description":"\u00a0 \u201cO jornalista tem que ser inconveniente deve ser inquieto por natureza\u201d (Juarez Soares) S\u00e9rgio Barbosa (*) &nbsp; Entre as muitas atividades desenvolvidas pelo olhar do jornalista neste novo tempo que se chama globaliza\u00e7\u00e3o, est\u00e1 a reflex\u00e3o frente aos acontecimentos em n\u00edvel mundial, tais como: guerras, revolu\u00e7\u00f5es, golpes, repress\u00e3o, tortura e outros&#8230; O in\u00edcio do [&hellip;]","og_url":"https:\/\/radiolifefm.com.br\/noticias\/gallipoli-o-fato-como-memoria-historica-3\/","og_site_name":"R\u00e1dio Life FM","article_publisher":"https:\/\/www.facebook.com\/radiolifefm\/","article_published_time":"2024-02-28T11:44:39+00:00","article_modified_time":"2026-04-12T23:05:59+00:00","og_image":[{"width":972,"height":1296,"url":"https:\/\/radiolifefm.com.br\/noticias\/wp-content\/uploads\/2022\/04\/WhatsApp-Image-2022-04-10-at-18.43.02.jpeg","type":"image\/jpeg"}],"author":"ritanery","twitter_card":"summary_large_image","twitter_misc":{"Escrito por":"ritanery","Est. tempo de leitura":"3 minutos"},"schema":{"@context":"https:\/\/schema.org","@graph":[{"@type":"Article","@id":"https:\/\/radiolifefm.com.br\/noticias\/gallipoli-o-fato-como-memoria-historica-3\/#article","isPartOf":{"@id":"https:\/\/radiolifefm.com.br\/noticias\/gallipoli-o-fato-como-memoria-historica-3\/"},"author":{"name":"ritanery","@id":"https:\/\/radiolifefm.com.br\/noticias\/#\/schema\/person\/6339b9fac59d12b071dec680d7375d87"},"headline":"GALLIPOLI: O FATO COMO MEM\u00d3RIA HIST\u00d3RICA!","datePublished":"2024-02-28T11:44:39+00:00","dateModified":"2026-04-12T23:05:59+00:00","mainEntityOfPage":{"@id":"https:\/\/radiolifefm.com.br\/noticias\/gallipoli-o-fato-como-memoria-historica-3\/"},"wordCount":568,"publisher":{"@id":"https:\/\/radiolifefm.com.br\/noticias\/#organization"},"image":{"@id":"https:\/\/radiolifefm.com.br\/noticias\/gallipoli-o-fato-como-memoria-historica-3\/#primaryimage"},"thumbnailUrl":"https:\/\/radiolifefm.com.br\/noticias\/wp-content\/uploads\/2022\/04\/WhatsApp-Image-2022-04-10-at-18.43.02.jpeg","articleSection":["Opini\u00e3o"],"inLanguage":"pt-BR"},{"@type":"WebPage","@id":"https:\/\/radiolifefm.com.br\/noticias\/gallipoli-o-fato-como-memoria-historica-3\/","url":"https:\/\/radiolifefm.com.br\/noticias\/gallipoli-o-fato-como-memoria-historica-3\/","name":"GALLIPOLI: O FATO COMO MEM\u00d3RIA HIST\u00d3RICA! - R\u00e1dio Life FM","isPartOf":{"@id":"https:\/\/radiolifefm.com.br\/noticias\/#website"},"primaryImageOfPage":{"@id":"https:\/\/radiolifefm.com.br\/noticias\/gallipoli-o-fato-como-memoria-historica-3\/#primaryimage"},"image":{"@id":"https:\/\/radiolifefm.com.br\/noticias\/gallipoli-o-fato-como-memoria-historica-3\/#primaryimage"},"thumbnailUrl":"https:\/\/radiolifefm.com.br\/noticias\/wp-content\/uploads\/2022\/04\/WhatsApp-Image-2022-04-10-at-18.43.02.jpeg","datePublished":"2024-02-28T11:44:39+00:00","dateModified":"2026-04-12T23:05:59+00:00","breadcrumb":{"@id":"https:\/\/radiolifefm.com.br\/noticias\/gallipoli-o-fato-como-memoria-historica-3\/#breadcrumb"},"inLanguage":"pt-BR","potentialAction":[{"@type":"ReadAction","target":["https:\/\/radiolifefm.com.br\/noticias\/gallipoli-o-fato-como-memoria-historica-3\/"]}]},{"@type":"ImageObject","inLanguage":"pt-BR","@id":"https:\/\/radiolifefm.com.br\/noticias\/gallipoli-o-fato-como-memoria-historica-3\/#primaryimage","url":"https:\/\/radiolifefm.com.br\/noticias\/wp-content\/uploads\/2022\/04\/WhatsApp-Image-2022-04-10-at-18.43.02.jpeg","contentUrl":"https:\/\/radiolifefm.com.br\/noticias\/wp-content\/uploads\/2022\/04\/WhatsApp-Image-2022-04-10-at-18.43.02.jpeg","width":972,"height":1296,"caption":"S\u00e9rgio Barbosa"},{"@type":"BreadcrumbList","@id":"https:\/\/radiolifefm.com.br\/noticias\/gallipoli-o-fato-como-memoria-historica-3\/#breadcrumb","itemListElement":[{"@type":"ListItem","position":1,"name":"In\u00edcio","item":"https:\/\/radiolifefm.com.br\/noticias\/"},{"@type":"ListItem","position":2,"name":"GALLIPOLI: O FATO COMO MEM\u00d3RIA HIST\u00d3RICA!"}]},{"@type":"WebSite","@id":"https:\/\/radiolifefm.com.br\/noticias\/#website","url":"https:\/\/radiolifefm.com.br\/noticias\/","name":"R\u00e1dio Life FM","description":"O Portal de Not\u00edcias de Adamantina","publisher":{"@id":"https:\/\/radiolifefm.com.br\/noticias\/#organization"},"alternateName":"Life FM","potentialAction":[{"@type":"SearchAction","target":{"@type":"EntryPoint","urlTemplate":"https:\/\/radiolifefm.com.br\/noticias\/?s={search_term_string}"},"query-input":{"@type":"PropertyValueSpecification","valueRequired":true,"valueName":"search_term_string"}}],"inLanguage":"pt-BR"},{"@type":"Organization","@id":"https:\/\/radiolifefm.com.br\/noticias\/#organization","name":"R\u00e1dio Life FM","alternateName":"Life FM","url":"https:\/\/radiolifefm.com.br\/noticias\/","logo":{"@type":"ImageObject","inLanguage":"pt-BR","@id":"https:\/\/radiolifefm.com.br\/noticias\/#\/schema\/logo\/image\/","url":"https:\/\/static.radiolifefm.com.br\/noticias\/wp-content\/uploads\/2019\/10\/logo-lifefm.png","contentUrl":"https:\/\/static.radiolifefm.com.br\/noticias\/wp-content\/uploads\/2019\/10\/logo-lifefm.png","width":196,"height":47,"caption":"R\u00e1dio Life FM"},"image":{"@id":"https:\/\/radiolifefm.com.br\/noticias\/#\/schema\/logo\/image\/"},"sameAs":["https:\/\/www.facebook.com\/radiolifefm\/","https:\/\/www.instagram.com\/life1079fm\/"]},{"@type":"Person","@id":"https:\/\/radiolifefm.com.br\/noticias\/#\/schema\/person\/6339b9fac59d12b071dec680d7375d87","name":"ritanery","image":{"@type":"ImageObject","inLanguage":"pt-BR","@id":"https:\/\/secure.gravatar.com\/avatar\/0e37bb19071f47c0b8a23f62a903df117c5a0e75f65a0c2901562f97cd41cf86?s=96&d=mm&r=g","url":"https:\/\/secure.gravatar.com\/avatar\/0e37bb19071f47c0b8a23f62a903df117c5a0e75f65a0c2901562f97cd41cf86?s=96&d=mm&r=g","contentUrl":"https:\/\/secure.gravatar.com\/avatar\/0e37bb19071f47c0b8a23f62a903df117c5a0e75f65a0c2901562f97cd41cf86?s=96&d=mm&r=g","caption":"ritanery"}}]}},"amp_enabled":true,"_links":{"self":[{"href":"https:\/\/radiolifefm.com.br\/noticias\/wp-json\/wp\/v2\/posts\/83463","targetHints":{"allow":["GET"]}}],"collection":[{"href":"https:\/\/radiolifefm.com.br\/noticias\/wp-json\/wp\/v2\/posts"}],"about":[{"href":"https:\/\/radiolifefm.com.br\/noticias\/wp-json\/wp\/v2\/types\/post"}],"author":[{"embeddable":true,"href":"https:\/\/radiolifefm.com.br\/noticias\/wp-json\/wp\/v2\/users\/13"}],"replies":[{"embeddable":true,"href":"https:\/\/radiolifefm.com.br\/noticias\/wp-json\/wp\/v2\/comments?post=83463"}],"version-history":[{"count":1,"href":"https:\/\/radiolifefm.com.br\/noticias\/wp-json\/wp\/v2\/posts\/83463\/revisions"}],"predecessor-version":[{"id":83464,"href":"https:\/\/radiolifefm.com.br\/noticias\/wp-json\/wp\/v2\/posts\/83463\/revisions\/83464"}],"wp:featuredmedia":[{"embeddable":true,"href":"https:\/\/radiolifefm.com.br\/noticias\/wp-json\/wp\/v2\/media\/51988"}],"wp:attachment":[{"href":"https:\/\/radiolifefm.com.br\/noticias\/wp-json\/wp\/v2\/media?parent=83463"}],"wp:term":[{"taxonomy":"category","embeddable":true,"href":"https:\/\/radiolifefm.com.br\/noticias\/wp-json\/wp\/v2\/categories?post=83463"},{"taxonomy":"post_tag","embeddable":true,"href":"https:\/\/radiolifefm.com.br\/noticias\/wp-json\/wp\/v2\/tags?post=83463"}],"curies":[{"name":"wp","href":"https:\/\/api.w.org\/{rel}","templated":true}]}}