{"id":83367,"date":"2024-02-26T08:07:03","date_gmt":"2024-02-26T11:07:03","guid":{"rendered":"https:\/\/radiolifefm.com.br\/noticias\/?p=83367"},"modified":"2026-01-07T20:30:42","modified_gmt":"2026-01-07T23:30:42","slug":"nos-codigos-religiosos-do-tempo-com-o-tempo-deste-tempo-novo-tempo","status":"publish","type":"post","link":"https:\/\/radiolifefm.com.br\/noticias\/nos-codigos-religiosos-do-tempo-com-o-tempo-deste-tempo-novo-tempo\/","title":{"rendered":"NOS C\u00d3DIGOS RELIGIOSOS DO TEMPO COM O TEMPO DESTE TEMPO NOVO TEMPO&#8230;"},"content":{"rendered":"<div id=\"fb-root\"><\/div>\n<p>&nbsp;<\/p>\n<p><em>\u00a0\u201c\u00c8 f\u00e1cil decidir o que fazer. O dif\u00edcil \u00e9 decidir o que n\u00e3o fazer.\u201d (Michael Dell)<\/em><\/p>\n<p>&nbsp;<\/p>\n<p><strong><em>S\u00e9rgio Barbosa (*)<\/em><\/strong><\/p>\n<p>&nbsp;<\/p>\n<p>Os s\u00e9culos passam como anos pelo tempo do tempo em meio ao tempo deste mesmo tempo, assim, afirmou o profeta do outro tempo, quando os desencontros em busca deste mesmo tempo levaram o tempo sem tempo para o tempo&#8230;<\/p>\n<p>N\u00e3o se pode ficar alheio ao tempo, ainda mais quando a religi\u00e3o continua dando as cartas num jogo viciado pelo poder eclesi\u00e1stico desta ou daquela Igreja ou denomina\u00e7\u00e3o, se bem que, pode ser pensar em demoniza\u00e7\u00e3o do sagrado pelo profano ou seria o inverso?<\/p>\n<p>Os c\u00f3digos a serem decifrados pelos donos do sabe religioso se perdem nas catatumbas do passado mediado pelo presente por meio das trocas acorrentadas dos milagres do outro tempo para um olhar distante do pecado da falsa imagem do santo ou da santa.<\/p>\n<p>Os falsos profetas est\u00e3o em busca do seu tempo, por\u00e9m, ficam perambulando pelas igrejas perdidas do homem sem Deus num abismo calado pelas mentiras travestidas de verdades, ou seja, a imoralidade de uma mesma moral com v\u00edcios alados do ser humano e suas d\u00favidas frente ao infinito do tempo.<\/p>\n<p>As denominadas belas hist\u00f3rias passam pelas est\u00f3rias do homem e suas neuroses com o tempo do tempo, criando outras criaturas para o bem comum da inconsci\u00eancia coletiva, possibilitando a individualidade social frente aos descaminhos da humanidade profanada pela seculariza\u00e7\u00e3o da cria\u00e7\u00e3o dos deuses.<\/p>\n<p>Todos sofrem pela mesma falsidade do profeta calado pela compra dos votos da castidade aben\u00e7oada pela maldi\u00e7\u00e3o do homem com a cria\u00e7\u00e3o suprema, por\u00e9m, deixa-se o futuro para pensar apenas no presente sem passado.<\/p>\n<p>O meio neste caso em pauta n\u00e3o \u00e9 a mensagem e muito menos aparece o receptor, mesmo assim, um c\u00f3digo pode fazer a diferen\u00e7a como informa\u00e7\u00e3o sem a comunica\u00e7\u00e3o dos c\u00e9us, neste momento, os ru\u00eddos do tempo pressionam o emissor na busca do outro tempo para outros desafios al\u00e9m da temporalidade divina.<\/p>\n<p>Os segredos desta ou daquela religi\u00e3o afirma o contexto simb\u00f3lico do ser humano e seus deuses para um apocalipse sem Jo\u00e3o, talvez, mediado por algum Judas qualquer, al\u00e9m do mais, o cristianismo se perdeu no tempo de uma idade medieval.<\/p>\n<p>As doutrinas permanecem neste cen\u00e1rio mediado pelo sagrado e dominado pelo profano, criando as condi\u00e7\u00f5es necess\u00e1rias para a domina\u00e7\u00e3o sacramental do criador frente \u00e0s criaturas de uma natureza sem vida.<\/p>\n<p>O al\u00e9m mar continua trazendo suas ondas para terras com males envoltos nos parasitas da humanidade entediada pela mediocridade do ser humano e suas virtudes escondidas pelo tempo do tempo.<\/p>\n<p><strong><em>____________________________________<\/em><\/strong><\/p>\n<p><strong><em>(*) Jornalista profissional diplomado, Mestre em Ci\u00eancias da Religi\u00e3o\/Sociologia da Religi\u00e3o e Pesquisador da C\u00e1tedra UNESCO\/UMESP de Comunica\u00e7\u00e3o para o Desenvolvimento Regional e Consultor na \u00c1rea da M\u00eddia Organizacional.<\/em><\/strong><\/p>\n<p><strong><em>e-mail: <a href=\"mailto:barbosa.sebar@gmail.com\">barbosa.sebar@gmail.com<\/a><\/em><\/strong><\/p>\n<p><em>\u00a0<\/em><\/p>\n","protected":false},"excerpt":{"rendered":"<p>&nbsp; \u00a0\u201c\u00c8 f\u00e1cil decidir o que fazer. O dif\u00edcil \u00e9 decidir o que n\u00e3o fazer.\u201d (Michael Dell) &nbsp; S\u00e9rgio Barbosa (*) &nbsp; Os s\u00e9culos passam como anos pelo tempo do tempo em meio ao tempo deste mesmo tempo, assim, afirmou o profeta do outro tempo, quando os desencontros em busca deste mesmo tempo levaram o [&hellip;]<\/p>\n","protected":false},"author":13,"featured_media":51988,"comment_status":"closed","ping_status":"open","sticky":false,"template":"","format":"standard","meta":{"_acf_changed":false,"_exactmetrics_skip_tracking":false,"_exactmetrics_sitenote_active":false,"_exactmetrics_sitenote_note":"","_exactmetrics_sitenote_category":0,"footnotes":""},"categories":[59],"tags":[],"class_list":["post-83367","post","type-post","status-publish","format-standard","has-post-thumbnail","hentry","category-opiniao"],"acf":[],"yoast_head":"<!-- This site is optimized with the Yoast SEO plugin v27.2 - https:\/\/yoast.com\/product\/yoast-seo-wordpress\/ -->\n<title>NOS C\u00d3DIGOS RELIGIOSOS DO TEMPO COM O TEMPO DESTE TEMPO NOVO TEMPO... - R\u00e1dio Life FM<\/title>\n<meta name=\"robots\" content=\"index, follow, max-snippet:-1, max-image-preview:large, max-video-preview:-1\" \/>\n<link rel=\"canonical\" href=\"https:\/\/radiolifefm.com.br\/noticias\/nos-codigos-religiosos-do-tempo-com-o-tempo-deste-tempo-novo-tempo\/\" \/>\n<meta property=\"og:locale\" content=\"pt_BR\" \/>\n<meta property=\"og:type\" content=\"article\" \/>\n<meta property=\"og:title\" content=\"NOS C\u00d3DIGOS RELIGIOSOS DO TEMPO COM O TEMPO DESTE TEMPO NOVO TEMPO... - R\u00e1dio Life FM\" \/>\n<meta property=\"og:description\" content=\"&nbsp; \u00a0\u201c\u00c8 f\u00e1cil decidir o que fazer. O dif\u00edcil \u00e9 decidir o que n\u00e3o fazer.\u201d (Michael Dell) &nbsp; S\u00e9rgio Barbosa (*) &nbsp; Os s\u00e9culos passam como anos pelo tempo do tempo em meio ao tempo deste mesmo tempo, assim, afirmou o profeta do outro tempo, quando os desencontros em busca deste mesmo tempo levaram o [&hellip;]\" \/>\n<meta property=\"og:url\" content=\"https:\/\/radiolifefm.com.br\/noticias\/nos-codigos-religiosos-do-tempo-com-o-tempo-deste-tempo-novo-tempo\/\" \/>\n<meta property=\"og:site_name\" content=\"R\u00e1dio Life FM\" \/>\n<meta property=\"article:publisher\" content=\"https:\/\/www.facebook.com\/radiolifefm\/\" \/>\n<meta property=\"article:published_time\" content=\"2024-02-26T11:07:03+00:00\" \/>\n<meta property=\"article:modified_time\" content=\"2026-01-07T23:30:42+00:00\" \/>\n<meta property=\"og:image\" content=\"https:\/\/radiolifefm.com.br\/noticias\/wp-content\/uploads\/2022\/04\/WhatsApp-Image-2022-04-10-at-18.43.02.jpeg\" \/>\n\t<meta property=\"og:image:width\" content=\"972\" \/>\n\t<meta property=\"og:image:height\" content=\"1296\" \/>\n\t<meta property=\"og:image:type\" content=\"image\/jpeg\" \/>\n<meta name=\"author\" content=\"ritanery\" \/>\n<meta name=\"twitter:card\" content=\"summary_large_image\" \/>\n<meta name=\"twitter:label1\" content=\"Escrito por\" \/>\n\t<meta name=\"twitter:data1\" content=\"ritanery\" \/>\n\t<meta name=\"twitter:label2\" content=\"Est. tempo de leitura\" \/>\n\t<meta name=\"twitter:data2\" content=\"3 minutos\" \/>\n<script type=\"application\/ld+json\" class=\"yoast-schema-graph\">{\"@context\":\"https:\/\/schema.org\",\"@graph\":[{\"@type\":\"Article\",\"@id\":\"https:\/\/radiolifefm.com.br\/noticias\/nos-codigos-religiosos-do-tempo-com-o-tempo-deste-tempo-novo-tempo\/#article\",\"isPartOf\":{\"@id\":\"https:\/\/radiolifefm.com.br\/noticias\/nos-codigos-religiosos-do-tempo-com-o-tempo-deste-tempo-novo-tempo\/\"},\"author\":{\"name\":\"ritanery\",\"@id\":\"https:\/\/radiolifefm.com.br\/noticias\/#\/schema\/person\/6339b9fac59d12b071dec680d7375d87\"},\"headline\":\"NOS C\u00d3DIGOS RELIGIOSOS DO TEMPO COM O TEMPO DESTE TEMPO NOVO TEMPO&#8230;\",\"datePublished\":\"2024-02-26T11:07:03+00:00\",\"dateModified\":\"2026-01-07T23:30:42+00:00\",\"mainEntityOfPage\":{\"@id\":\"https:\/\/radiolifefm.com.br\/noticias\/nos-codigos-religiosos-do-tempo-com-o-tempo-deste-tempo-novo-tempo\/\"},\"wordCount\":517,\"publisher\":{\"@id\":\"https:\/\/radiolifefm.com.br\/noticias\/#organization\"},\"image\":{\"@id\":\"https:\/\/radiolifefm.com.br\/noticias\/nos-codigos-religiosos-do-tempo-com-o-tempo-deste-tempo-novo-tempo\/#primaryimage\"},\"thumbnailUrl\":\"https:\/\/radiolifefm.com.br\/noticias\/wp-content\/uploads\/2022\/04\/WhatsApp-Image-2022-04-10-at-18.43.02.jpeg\",\"articleSection\":[\"Opini\u00e3o\"],\"inLanguage\":\"pt-BR\"},{\"@type\":\"WebPage\",\"@id\":\"https:\/\/radiolifefm.com.br\/noticias\/nos-codigos-religiosos-do-tempo-com-o-tempo-deste-tempo-novo-tempo\/\",\"url\":\"https:\/\/radiolifefm.com.br\/noticias\/nos-codigos-religiosos-do-tempo-com-o-tempo-deste-tempo-novo-tempo\/\",\"name\":\"NOS C\u00d3DIGOS RELIGIOSOS DO TEMPO COM O TEMPO DESTE TEMPO NOVO TEMPO... - R\u00e1dio Life FM\",\"isPartOf\":{\"@id\":\"https:\/\/radiolifefm.com.br\/noticias\/#website\"},\"primaryImageOfPage\":{\"@id\":\"https:\/\/radiolifefm.com.br\/noticias\/nos-codigos-religiosos-do-tempo-com-o-tempo-deste-tempo-novo-tempo\/#primaryimage\"},\"image\":{\"@id\":\"https:\/\/radiolifefm.com.br\/noticias\/nos-codigos-religiosos-do-tempo-com-o-tempo-deste-tempo-novo-tempo\/#primaryimage\"},\"thumbnailUrl\":\"https:\/\/radiolifefm.com.br\/noticias\/wp-content\/uploads\/2022\/04\/WhatsApp-Image-2022-04-10-at-18.43.02.jpeg\",\"datePublished\":\"2024-02-26T11:07:03+00:00\",\"dateModified\":\"2026-01-07T23:30:42+00:00\",\"breadcrumb\":{\"@id\":\"https:\/\/radiolifefm.com.br\/noticias\/nos-codigos-religiosos-do-tempo-com-o-tempo-deste-tempo-novo-tempo\/#breadcrumb\"},\"inLanguage\":\"pt-BR\",\"potentialAction\":[{\"@type\":\"ReadAction\",\"target\":[\"https:\/\/radiolifefm.com.br\/noticias\/nos-codigos-religiosos-do-tempo-com-o-tempo-deste-tempo-novo-tempo\/\"]}]},{\"@type\":\"ImageObject\",\"inLanguage\":\"pt-BR\",\"@id\":\"https:\/\/radiolifefm.com.br\/noticias\/nos-codigos-religiosos-do-tempo-com-o-tempo-deste-tempo-novo-tempo\/#primaryimage\",\"url\":\"https:\/\/radiolifefm.com.br\/noticias\/wp-content\/uploads\/2022\/04\/WhatsApp-Image-2022-04-10-at-18.43.02.jpeg\",\"contentUrl\":\"https:\/\/radiolifefm.com.br\/noticias\/wp-content\/uploads\/2022\/04\/WhatsApp-Image-2022-04-10-at-18.43.02.jpeg\",\"width\":972,\"height\":1296,\"caption\":\"S\u00e9rgio Barbosa\"},{\"@type\":\"BreadcrumbList\",\"@id\":\"https:\/\/radiolifefm.com.br\/noticias\/nos-codigos-religiosos-do-tempo-com-o-tempo-deste-tempo-novo-tempo\/#breadcrumb\",\"itemListElement\":[{\"@type\":\"ListItem\",\"position\":1,\"name\":\"In\u00edcio\",\"item\":\"https:\/\/radiolifefm.com.br\/noticias\/\"},{\"@type\":\"ListItem\",\"position\":2,\"name\":\"NOS C\u00d3DIGOS RELIGIOSOS DO TEMPO COM O TEMPO DESTE TEMPO NOVO TEMPO&#8230;\"}]},{\"@type\":\"WebSite\",\"@id\":\"https:\/\/radiolifefm.com.br\/noticias\/#website\",\"url\":\"https:\/\/radiolifefm.com.br\/noticias\/\",\"name\":\"R\u00e1dio Life FM\",\"description\":\"O Portal de Not\u00edcias de Adamantina\",\"publisher\":{\"@id\":\"https:\/\/radiolifefm.com.br\/noticias\/#organization\"},\"alternateName\":\"Life FM\",\"potentialAction\":[{\"@type\":\"SearchAction\",\"target\":{\"@type\":\"EntryPoint\",\"urlTemplate\":\"https:\/\/radiolifefm.com.br\/noticias\/?s={search_term_string}\"},\"query-input\":{\"@type\":\"PropertyValueSpecification\",\"valueRequired\":true,\"valueName\":\"search_term_string\"}}],\"inLanguage\":\"pt-BR\"},{\"@type\":\"Organization\",\"@id\":\"https:\/\/radiolifefm.com.br\/noticias\/#organization\",\"name\":\"R\u00e1dio Life FM\",\"alternateName\":\"Life FM\",\"url\":\"https:\/\/radiolifefm.com.br\/noticias\/\",\"logo\":{\"@type\":\"ImageObject\",\"inLanguage\":\"pt-BR\",\"@id\":\"https:\/\/radiolifefm.com.br\/noticias\/#\/schema\/logo\/image\/\",\"url\":\"https:\/\/static.radiolifefm.com.br\/noticias\/wp-content\/uploads\/2019\/10\/logo-lifefm.png\",\"contentUrl\":\"https:\/\/static.radiolifefm.com.br\/noticias\/wp-content\/uploads\/2019\/10\/logo-lifefm.png\",\"width\":196,\"height\":47,\"caption\":\"R\u00e1dio Life FM\"},\"image\":{\"@id\":\"https:\/\/radiolifefm.com.br\/noticias\/#\/schema\/logo\/image\/\"},\"sameAs\":[\"https:\/\/www.facebook.com\/radiolifefm\/\",\"https:\/\/www.instagram.com\/life1079fm\/\"]},{\"@type\":\"Person\",\"@id\":\"https:\/\/radiolifefm.com.br\/noticias\/#\/schema\/person\/6339b9fac59d12b071dec680d7375d87\",\"name\":\"ritanery\",\"image\":{\"@type\":\"ImageObject\",\"inLanguage\":\"pt-BR\",\"@id\":\"https:\/\/secure.gravatar.com\/avatar\/0e37bb19071f47c0b8a23f62a903df117c5a0e75f65a0c2901562f97cd41cf86?s=96&d=mm&r=g\",\"url\":\"https:\/\/secure.gravatar.com\/avatar\/0e37bb19071f47c0b8a23f62a903df117c5a0e75f65a0c2901562f97cd41cf86?s=96&d=mm&r=g\",\"contentUrl\":\"https:\/\/secure.gravatar.com\/avatar\/0e37bb19071f47c0b8a23f62a903df117c5a0e75f65a0c2901562f97cd41cf86?s=96&d=mm&r=g\",\"caption\":\"ritanery\"}}]}<\/script>\n<!-- \/ Yoast SEO plugin. -->","yoast_head_json":{"title":"NOS C\u00d3DIGOS RELIGIOSOS DO TEMPO COM O TEMPO DESTE TEMPO NOVO TEMPO... - R\u00e1dio Life FM","robots":{"index":"index","follow":"follow","max-snippet":"max-snippet:-1","max-image-preview":"max-image-preview:large","max-video-preview":"max-video-preview:-1"},"canonical":"https:\/\/radiolifefm.com.br\/noticias\/nos-codigos-religiosos-do-tempo-com-o-tempo-deste-tempo-novo-tempo\/","og_locale":"pt_BR","og_type":"article","og_title":"NOS C\u00d3DIGOS RELIGIOSOS DO TEMPO COM O TEMPO DESTE TEMPO NOVO TEMPO... - R\u00e1dio Life FM","og_description":"&nbsp; \u00a0\u201c\u00c8 f\u00e1cil decidir o que fazer. O dif\u00edcil \u00e9 decidir o que n\u00e3o fazer.\u201d (Michael Dell) &nbsp; S\u00e9rgio Barbosa (*) &nbsp; Os s\u00e9culos passam como anos pelo tempo do tempo em meio ao tempo deste mesmo tempo, assim, afirmou o profeta do outro tempo, quando os desencontros em busca deste mesmo tempo levaram o [&hellip;]","og_url":"https:\/\/radiolifefm.com.br\/noticias\/nos-codigos-religiosos-do-tempo-com-o-tempo-deste-tempo-novo-tempo\/","og_site_name":"R\u00e1dio Life FM","article_publisher":"https:\/\/www.facebook.com\/radiolifefm\/","article_published_time":"2024-02-26T11:07:03+00:00","article_modified_time":"2026-01-07T23:30:42+00:00","og_image":[{"width":972,"height":1296,"url":"https:\/\/radiolifefm.com.br\/noticias\/wp-content\/uploads\/2022\/04\/WhatsApp-Image-2022-04-10-at-18.43.02.jpeg","type":"image\/jpeg"}],"author":"ritanery","twitter_card":"summary_large_image","twitter_misc":{"Escrito por":"ritanery","Est. tempo de leitura":"3 minutos"},"schema":{"@context":"https:\/\/schema.org","@graph":[{"@type":"Article","@id":"https:\/\/radiolifefm.com.br\/noticias\/nos-codigos-religiosos-do-tempo-com-o-tempo-deste-tempo-novo-tempo\/#article","isPartOf":{"@id":"https:\/\/radiolifefm.com.br\/noticias\/nos-codigos-religiosos-do-tempo-com-o-tempo-deste-tempo-novo-tempo\/"},"author":{"name":"ritanery","@id":"https:\/\/radiolifefm.com.br\/noticias\/#\/schema\/person\/6339b9fac59d12b071dec680d7375d87"},"headline":"NOS C\u00d3DIGOS RELIGIOSOS DO TEMPO COM O TEMPO DESTE TEMPO NOVO TEMPO&#8230;","datePublished":"2024-02-26T11:07:03+00:00","dateModified":"2026-01-07T23:30:42+00:00","mainEntityOfPage":{"@id":"https:\/\/radiolifefm.com.br\/noticias\/nos-codigos-religiosos-do-tempo-com-o-tempo-deste-tempo-novo-tempo\/"},"wordCount":517,"publisher":{"@id":"https:\/\/radiolifefm.com.br\/noticias\/#organization"},"image":{"@id":"https:\/\/radiolifefm.com.br\/noticias\/nos-codigos-religiosos-do-tempo-com-o-tempo-deste-tempo-novo-tempo\/#primaryimage"},"thumbnailUrl":"https:\/\/radiolifefm.com.br\/noticias\/wp-content\/uploads\/2022\/04\/WhatsApp-Image-2022-04-10-at-18.43.02.jpeg","articleSection":["Opini\u00e3o"],"inLanguage":"pt-BR"},{"@type":"WebPage","@id":"https:\/\/radiolifefm.com.br\/noticias\/nos-codigos-religiosos-do-tempo-com-o-tempo-deste-tempo-novo-tempo\/","url":"https:\/\/radiolifefm.com.br\/noticias\/nos-codigos-religiosos-do-tempo-com-o-tempo-deste-tempo-novo-tempo\/","name":"NOS C\u00d3DIGOS RELIGIOSOS DO TEMPO COM O TEMPO DESTE TEMPO NOVO TEMPO... - R\u00e1dio Life FM","isPartOf":{"@id":"https:\/\/radiolifefm.com.br\/noticias\/#website"},"primaryImageOfPage":{"@id":"https:\/\/radiolifefm.com.br\/noticias\/nos-codigos-religiosos-do-tempo-com-o-tempo-deste-tempo-novo-tempo\/#primaryimage"},"image":{"@id":"https:\/\/radiolifefm.com.br\/noticias\/nos-codigos-religiosos-do-tempo-com-o-tempo-deste-tempo-novo-tempo\/#primaryimage"},"thumbnailUrl":"https:\/\/radiolifefm.com.br\/noticias\/wp-content\/uploads\/2022\/04\/WhatsApp-Image-2022-04-10-at-18.43.02.jpeg","datePublished":"2024-02-26T11:07:03+00:00","dateModified":"2026-01-07T23:30:42+00:00","breadcrumb":{"@id":"https:\/\/radiolifefm.com.br\/noticias\/nos-codigos-religiosos-do-tempo-com-o-tempo-deste-tempo-novo-tempo\/#breadcrumb"},"inLanguage":"pt-BR","potentialAction":[{"@type":"ReadAction","target":["https:\/\/radiolifefm.com.br\/noticias\/nos-codigos-religiosos-do-tempo-com-o-tempo-deste-tempo-novo-tempo\/"]}]},{"@type":"ImageObject","inLanguage":"pt-BR","@id":"https:\/\/radiolifefm.com.br\/noticias\/nos-codigos-religiosos-do-tempo-com-o-tempo-deste-tempo-novo-tempo\/#primaryimage","url":"https:\/\/radiolifefm.com.br\/noticias\/wp-content\/uploads\/2022\/04\/WhatsApp-Image-2022-04-10-at-18.43.02.jpeg","contentUrl":"https:\/\/radiolifefm.com.br\/noticias\/wp-content\/uploads\/2022\/04\/WhatsApp-Image-2022-04-10-at-18.43.02.jpeg","width":972,"height":1296,"caption":"S\u00e9rgio Barbosa"},{"@type":"BreadcrumbList","@id":"https:\/\/radiolifefm.com.br\/noticias\/nos-codigos-religiosos-do-tempo-com-o-tempo-deste-tempo-novo-tempo\/#breadcrumb","itemListElement":[{"@type":"ListItem","position":1,"name":"In\u00edcio","item":"https:\/\/radiolifefm.com.br\/noticias\/"},{"@type":"ListItem","position":2,"name":"NOS C\u00d3DIGOS RELIGIOSOS DO TEMPO COM O TEMPO DESTE TEMPO NOVO TEMPO&#8230;"}]},{"@type":"WebSite","@id":"https:\/\/radiolifefm.com.br\/noticias\/#website","url":"https:\/\/radiolifefm.com.br\/noticias\/","name":"R\u00e1dio Life FM","description":"O Portal de Not\u00edcias de Adamantina","publisher":{"@id":"https:\/\/radiolifefm.com.br\/noticias\/#organization"},"alternateName":"Life FM","potentialAction":[{"@type":"SearchAction","target":{"@type":"EntryPoint","urlTemplate":"https:\/\/radiolifefm.com.br\/noticias\/?s={search_term_string}"},"query-input":{"@type":"PropertyValueSpecification","valueRequired":true,"valueName":"search_term_string"}}],"inLanguage":"pt-BR"},{"@type":"Organization","@id":"https:\/\/radiolifefm.com.br\/noticias\/#organization","name":"R\u00e1dio Life FM","alternateName":"Life FM","url":"https:\/\/radiolifefm.com.br\/noticias\/","logo":{"@type":"ImageObject","inLanguage":"pt-BR","@id":"https:\/\/radiolifefm.com.br\/noticias\/#\/schema\/logo\/image\/","url":"https:\/\/static.radiolifefm.com.br\/noticias\/wp-content\/uploads\/2019\/10\/logo-lifefm.png","contentUrl":"https:\/\/static.radiolifefm.com.br\/noticias\/wp-content\/uploads\/2019\/10\/logo-lifefm.png","width":196,"height":47,"caption":"R\u00e1dio Life FM"},"image":{"@id":"https:\/\/radiolifefm.com.br\/noticias\/#\/schema\/logo\/image\/"},"sameAs":["https:\/\/www.facebook.com\/radiolifefm\/","https:\/\/www.instagram.com\/life1079fm\/"]},{"@type":"Person","@id":"https:\/\/radiolifefm.com.br\/noticias\/#\/schema\/person\/6339b9fac59d12b071dec680d7375d87","name":"ritanery","image":{"@type":"ImageObject","inLanguage":"pt-BR","@id":"https:\/\/secure.gravatar.com\/avatar\/0e37bb19071f47c0b8a23f62a903df117c5a0e75f65a0c2901562f97cd41cf86?s=96&d=mm&r=g","url":"https:\/\/secure.gravatar.com\/avatar\/0e37bb19071f47c0b8a23f62a903df117c5a0e75f65a0c2901562f97cd41cf86?s=96&d=mm&r=g","contentUrl":"https:\/\/secure.gravatar.com\/avatar\/0e37bb19071f47c0b8a23f62a903df117c5a0e75f65a0c2901562f97cd41cf86?s=96&d=mm&r=g","caption":"ritanery"}}]}},"amp_enabled":true,"_links":{"self":[{"href":"https:\/\/radiolifefm.com.br\/noticias\/wp-json\/wp\/v2\/posts\/83367","targetHints":{"allow":["GET"]}}],"collection":[{"href":"https:\/\/radiolifefm.com.br\/noticias\/wp-json\/wp\/v2\/posts"}],"about":[{"href":"https:\/\/radiolifefm.com.br\/noticias\/wp-json\/wp\/v2\/types\/post"}],"author":[{"embeddable":true,"href":"https:\/\/radiolifefm.com.br\/noticias\/wp-json\/wp\/v2\/users\/13"}],"replies":[{"embeddable":true,"href":"https:\/\/radiolifefm.com.br\/noticias\/wp-json\/wp\/v2\/comments?post=83367"}],"version-history":[{"count":1,"href":"https:\/\/radiolifefm.com.br\/noticias\/wp-json\/wp\/v2\/posts\/83367\/revisions"}],"predecessor-version":[{"id":83368,"href":"https:\/\/radiolifefm.com.br\/noticias\/wp-json\/wp\/v2\/posts\/83367\/revisions\/83368"}],"wp:featuredmedia":[{"embeddable":true,"href":"https:\/\/radiolifefm.com.br\/noticias\/wp-json\/wp\/v2\/media\/51988"}],"wp:attachment":[{"href":"https:\/\/radiolifefm.com.br\/noticias\/wp-json\/wp\/v2\/media?parent=83367"}],"wp:term":[{"taxonomy":"category","embeddable":true,"href":"https:\/\/radiolifefm.com.br\/noticias\/wp-json\/wp\/v2\/categories?post=83367"},{"taxonomy":"post_tag","embeddable":true,"href":"https:\/\/radiolifefm.com.br\/noticias\/wp-json\/wp\/v2\/tags?post=83367"}],"curies":[{"name":"wp","href":"https:\/\/api.w.org\/{rel}","templated":true}]}}