{"id":83306,"date":"2024-02-23T09:25:34","date_gmt":"2024-02-23T12:25:34","guid":{"rendered":"https:\/\/radiolifefm.com.br\/noticias\/?p=83306"},"modified":"2026-04-19T17:55:35","modified_gmt":"2026-04-19T20:55:35","slug":"provincia-escola-e-eleicoes","status":"publish","type":"post","link":"https:\/\/radiolifefm.com.br\/noticias\/provincia-escola-e-eleicoes\/","title":{"rendered":"Prov\u00edncia, Escola e elei\u00e7\u00f5es&#8230;"},"content":{"rendered":"<div id=\"fb-root\"><\/div>\n<p>&nbsp;<\/p>\n<p><strong><em>\u00a0\u201cChamamos de \u00e9tica o conjunto de coisas que as pessoas fazem quando todos est\u00e3o olhando. O conjunto de coisas que as pessoas fazem quando ningu\u00e9m est\u00e1 olhando chamamos de car\u00e1ter.\u201d (<\/em><\/strong><a href=\"https:\/\/www.pensador.com\/autor\/oscar_wilde\/\"><strong><em>Oscar Wilde<\/em><\/strong><\/a><strong><em>)<\/em><\/strong><\/p>\n<p><strong><em>\u00a0<\/em><\/strong><\/p>\n<p><strong>By seb@r.<\/strong><\/p>\n<p>Na semana passada, a M\u00cdDIA PROVINCIANA destacou uma destas ESCOLAS, por\u00e9m, ditas MILITARES travestidas de proposta PEDAG\u00d3GICA em benef\u00edcio das CRIAN\u00c7AS E ADOLESCENTES&#8230;<\/p>\n<p>Entretanto, como diz aquele velho dito popular, ou seja, DE BOAS INTEN\u00c7\u00d5ES O INFERNOS EST\u00c1 CHEIO e assim por diante, portanto, n\u00e3o se pode deixar de lado aqueles ANOS DE CHUMBO de um passado n\u00e3o t\u00e3o distante neste PA\u00cdS DO FAZ DE CONTA&#8230;<\/p>\n<p>Al\u00e9m do mais em meio ao tudo de menos, tais FATOS tiveram ECOS em terras provincianas com isto e mais aquilo, desta forma, tais PROPOSTAS est\u00e3o um tanto quanto FORA DOS EIXOS neste atual cen\u00e1rio DEMOCR\u00c1TICO e ponto quase final&#8230;<\/p>\n<p>Se bem que, com tantas MENTES MED\u00cdOCRES dispersas nesta PROV\u00cdNCIA DO FAZ DE CONTA, ainda, que continuam seguindo o BERRANTE e se negando e entenderem que PERDERAM MAN\u00c9S!<\/p>\n<p>Por\u00e9m, n\u00e3o se pode esperar muito desta TURMA DE ALOPRADOS\/AS PROVINCIANOS\/AS, haja vista que os\/as mesmos\/as continuam teimando em VOLTAR AO PASSADO, todavia, TODO CUIDADO \u00c9 POUCO com essa CAMBADA travestidos\/as de PROFESSORES\/AS preocupados com o BEM ESTAR EDUCACIONAL&#8230;<\/p>\n<p>Mesmo assim, faz-se necess\u00e1rio estar em SINTONIA com o outro lado da HIST\u00d3RIA, isso \u00e9, n\u00e3o o lado OFICIAL que \u00e9 sempre registrado pelos GOLPISTAS de sempre; por isso e mais aquilo, a melhor escolha pra essa turma de MENTES MED\u00cdOCRES PROVINCIANAS \u00e9 continua PESQUISANDO (sic), ainda, sobre PROPOSTAS PEDAG\u00d3GICAS e se poss\u00edvel, tentar LER E ENTENDER o patrono da EDUCA\u00c7\u00c3O, isso mesmo, aquele do M\u00c9TODO PAULO FREIRE&#8230;<\/p>\n<p>Mas, acredito que \u00e9 pedir demais para tais MENTES MED\u00cdOCRES, assim, os\/as mesmos\/as est\u00e3o embalados pelo TOQUE DO BERRANTE com posi\u00e7\u00e3o de DIREITA VOLVER nesta PROV\u00cdNCIA DO FAZ DE CONTA&#8230;<\/p>\n<p>As ELEI\u00c7\u00d5ES em n\u00edvel MUNICIPAL est\u00e3o se aproximando, portanto, TODO CUIDADO \u00c9 POUCO com os famigerados CANTOS DAS SEREIAS que j\u00e1 est\u00e3o nos quatro cantos PROVINCIANOS, tamb\u00e9m, at\u00e9 o momento o que se pode perceber \u00e9 O SUJO FALANDO DO MAL LAVADO, tal qual aquela frase da LUCIANA&#8230;<\/p>\n<p>Pelo andar da CARRUAGEM PROVINCIANA, tudo indica que vai ser a MESMICE DE SEMPRE, por isso, n\u00e3o se pode esperar que o PODER possa mudar deste lado para o outro lado, tendo em vista que sempre fica do mesmo lado&#8230;<\/p>\n<p>Espero que o CEN\u00c1RIO PROVINCIANO at\u00e9 o meio do ano esteja mais de acordo com o esperado quando aos tais pr\u00e9-candidatos\/as ao EXECUTIVO, bem como, LEGISLATIVO e tempo ao tempo para este tempo novo tempo que se chama hoje&#8230;<\/p>\n<p>QUEM SOBREVIVER VAI SABER&#8230;<\/p>\n","protected":false},"excerpt":{"rendered":"<p>&nbsp; \u00a0\u201cChamamos de \u00e9tica o conjunto de coisas que as pessoas fazem quando todos est\u00e3o olhando. O conjunto de coisas que as pessoas fazem quando ningu\u00e9m est\u00e1 olhando chamamos de car\u00e1ter.\u201d (Oscar Wilde) \u00a0 By seb@r. Na semana passada, a M\u00cdDIA PROVINCIANA destacou uma destas ESCOLAS, por\u00e9m, ditas MILITARES travestidas de proposta PEDAG\u00d3GICA em benef\u00edcio [&hellip;]<\/p>\n","protected":false},"author":13,"featured_media":51988,"comment_status":"closed","ping_status":"open","sticky":false,"template":"","format":"standard","meta":{"_acf_changed":false,"_exactmetrics_skip_tracking":false,"_exactmetrics_sitenote_active":false,"_exactmetrics_sitenote_note":"","_exactmetrics_sitenote_category":0,"footnotes":""},"categories":[59],"tags":[],"class_list":["post-83306","post","type-post","status-publish","format-standard","has-post-thumbnail","hentry","category-opiniao"],"acf":[],"yoast_head":"<!-- This site is optimized with the Yoast SEO plugin v27.2 - https:\/\/yoast.com\/product\/yoast-seo-wordpress\/ -->\n<title>Prov\u00edncia, Escola e elei\u00e7\u00f5es... - R\u00e1dio Life FM<\/title>\n<meta name=\"robots\" content=\"index, follow, max-snippet:-1, max-image-preview:large, max-video-preview:-1\" \/>\n<link rel=\"canonical\" href=\"https:\/\/radiolifefm.com.br\/noticias\/provincia-escola-e-eleicoes\/\" \/>\n<meta property=\"og:locale\" content=\"pt_BR\" \/>\n<meta property=\"og:type\" content=\"article\" \/>\n<meta property=\"og:title\" content=\"Prov\u00edncia, Escola e elei\u00e7\u00f5es... - R\u00e1dio Life FM\" \/>\n<meta property=\"og:description\" content=\"&nbsp; \u00a0\u201cChamamos de \u00e9tica o conjunto de coisas que as pessoas fazem quando todos est\u00e3o olhando. O conjunto de coisas que as pessoas fazem quando ningu\u00e9m est\u00e1 olhando chamamos de car\u00e1ter.\u201d (Oscar Wilde) \u00a0 By seb@r. Na semana passada, a M\u00cdDIA PROVINCIANA destacou uma destas ESCOLAS, por\u00e9m, ditas MILITARES travestidas de proposta PEDAG\u00d3GICA em benef\u00edcio [&hellip;]\" \/>\n<meta property=\"og:url\" content=\"https:\/\/radiolifefm.com.br\/noticias\/provincia-escola-e-eleicoes\/\" \/>\n<meta property=\"og:site_name\" content=\"R\u00e1dio Life FM\" \/>\n<meta property=\"article:publisher\" content=\"https:\/\/www.facebook.com\/radiolifefm\/\" \/>\n<meta property=\"article:published_time\" content=\"2024-02-23T12:25:34+00:00\" \/>\n<meta property=\"article:modified_time\" content=\"2026-04-19T20:55:35+00:00\" \/>\n<meta property=\"og:image\" content=\"https:\/\/radiolifefm.com.br\/noticias\/wp-content\/uploads\/2022\/04\/WhatsApp-Image-2022-04-10-at-18.43.02.jpeg\" \/>\n\t<meta property=\"og:image:width\" content=\"972\" \/>\n\t<meta property=\"og:image:height\" content=\"1296\" \/>\n\t<meta property=\"og:image:type\" content=\"image\/jpeg\" \/>\n<meta name=\"author\" content=\"ritanery\" \/>\n<meta name=\"twitter:card\" content=\"summary_large_image\" \/>\n<meta name=\"twitter:label1\" content=\"Escrito por\" \/>\n\t<meta name=\"twitter:data1\" content=\"ritanery\" \/>\n\t<meta name=\"twitter:label2\" content=\"Est. tempo de leitura\" \/>\n\t<meta name=\"twitter:data2\" content=\"3 minutos\" \/>\n<script type=\"application\/ld+json\" class=\"yoast-schema-graph\">{\"@context\":\"https:\/\/schema.org\",\"@graph\":[{\"@type\":\"Article\",\"@id\":\"https:\/\/radiolifefm.com.br\/noticias\/provincia-escola-e-eleicoes\/#article\",\"isPartOf\":{\"@id\":\"https:\/\/radiolifefm.com.br\/noticias\/provincia-escola-e-eleicoes\/\"},\"author\":{\"name\":\"ritanery\",\"@id\":\"https:\/\/radiolifefm.com.br\/noticias\/#\/schema\/person\/6339b9fac59d12b071dec680d7375d87\"},\"headline\":\"Prov\u00edncia, Escola e elei\u00e7\u00f5es&#8230;\",\"datePublished\":\"2024-02-23T12:25:34+00:00\",\"dateModified\":\"2026-04-19T20:55:35+00:00\",\"mainEntityOfPage\":{\"@id\":\"https:\/\/radiolifefm.com.br\/noticias\/provincia-escola-e-eleicoes\/\"},\"wordCount\":488,\"publisher\":{\"@id\":\"https:\/\/radiolifefm.com.br\/noticias\/#organization\"},\"image\":{\"@id\":\"https:\/\/radiolifefm.com.br\/noticias\/provincia-escola-e-eleicoes\/#primaryimage\"},\"thumbnailUrl\":\"https:\/\/radiolifefm.com.br\/noticias\/wp-content\/uploads\/2022\/04\/WhatsApp-Image-2022-04-10-at-18.43.02.jpeg\",\"articleSection\":[\"Opini\u00e3o\"],\"inLanguage\":\"pt-BR\"},{\"@type\":\"WebPage\",\"@id\":\"https:\/\/radiolifefm.com.br\/noticias\/provincia-escola-e-eleicoes\/\",\"url\":\"https:\/\/radiolifefm.com.br\/noticias\/provincia-escola-e-eleicoes\/\",\"name\":\"Prov\u00edncia, Escola e elei\u00e7\u00f5es... - R\u00e1dio Life FM\",\"isPartOf\":{\"@id\":\"https:\/\/radiolifefm.com.br\/noticias\/#website\"},\"primaryImageOfPage\":{\"@id\":\"https:\/\/radiolifefm.com.br\/noticias\/provincia-escola-e-eleicoes\/#primaryimage\"},\"image\":{\"@id\":\"https:\/\/radiolifefm.com.br\/noticias\/provincia-escola-e-eleicoes\/#primaryimage\"},\"thumbnailUrl\":\"https:\/\/radiolifefm.com.br\/noticias\/wp-content\/uploads\/2022\/04\/WhatsApp-Image-2022-04-10-at-18.43.02.jpeg\",\"datePublished\":\"2024-02-23T12:25:34+00:00\",\"dateModified\":\"2026-04-19T20:55:35+00:00\",\"breadcrumb\":{\"@id\":\"https:\/\/radiolifefm.com.br\/noticias\/provincia-escola-e-eleicoes\/#breadcrumb\"},\"inLanguage\":\"pt-BR\",\"potentialAction\":[{\"@type\":\"ReadAction\",\"target\":[\"https:\/\/radiolifefm.com.br\/noticias\/provincia-escola-e-eleicoes\/\"]}]},{\"@type\":\"ImageObject\",\"inLanguage\":\"pt-BR\",\"@id\":\"https:\/\/radiolifefm.com.br\/noticias\/provincia-escola-e-eleicoes\/#primaryimage\",\"url\":\"https:\/\/radiolifefm.com.br\/noticias\/wp-content\/uploads\/2022\/04\/WhatsApp-Image-2022-04-10-at-18.43.02.jpeg\",\"contentUrl\":\"https:\/\/radiolifefm.com.br\/noticias\/wp-content\/uploads\/2022\/04\/WhatsApp-Image-2022-04-10-at-18.43.02.jpeg\",\"width\":972,\"height\":1296,\"caption\":\"S\u00e9rgio Barbosa\"},{\"@type\":\"BreadcrumbList\",\"@id\":\"https:\/\/radiolifefm.com.br\/noticias\/provincia-escola-e-eleicoes\/#breadcrumb\",\"itemListElement\":[{\"@type\":\"ListItem\",\"position\":1,\"name\":\"In\u00edcio\",\"item\":\"https:\/\/radiolifefm.com.br\/noticias\/\"},{\"@type\":\"ListItem\",\"position\":2,\"name\":\"Prov\u00edncia, Escola e elei\u00e7\u00f5es&#8230;\"}]},{\"@type\":\"WebSite\",\"@id\":\"https:\/\/radiolifefm.com.br\/noticias\/#website\",\"url\":\"https:\/\/radiolifefm.com.br\/noticias\/\",\"name\":\"R\u00e1dio Life FM\",\"description\":\"O Portal de Not\u00edcias de Adamantina\",\"publisher\":{\"@id\":\"https:\/\/radiolifefm.com.br\/noticias\/#organization\"},\"alternateName\":\"Life FM\",\"potentialAction\":[{\"@type\":\"SearchAction\",\"target\":{\"@type\":\"EntryPoint\",\"urlTemplate\":\"https:\/\/radiolifefm.com.br\/noticias\/?s={search_term_string}\"},\"query-input\":{\"@type\":\"PropertyValueSpecification\",\"valueRequired\":true,\"valueName\":\"search_term_string\"}}],\"inLanguage\":\"pt-BR\"},{\"@type\":\"Organization\",\"@id\":\"https:\/\/radiolifefm.com.br\/noticias\/#organization\",\"name\":\"R\u00e1dio Life FM\",\"alternateName\":\"Life FM\",\"url\":\"https:\/\/radiolifefm.com.br\/noticias\/\",\"logo\":{\"@type\":\"ImageObject\",\"inLanguage\":\"pt-BR\",\"@id\":\"https:\/\/radiolifefm.com.br\/noticias\/#\/schema\/logo\/image\/\",\"url\":\"https:\/\/static.radiolifefm.com.br\/noticias\/wp-content\/uploads\/2019\/10\/logo-lifefm.png\",\"contentUrl\":\"https:\/\/static.radiolifefm.com.br\/noticias\/wp-content\/uploads\/2019\/10\/logo-lifefm.png\",\"width\":196,\"height\":47,\"caption\":\"R\u00e1dio Life FM\"},\"image\":{\"@id\":\"https:\/\/radiolifefm.com.br\/noticias\/#\/schema\/logo\/image\/\"},\"sameAs\":[\"https:\/\/www.facebook.com\/radiolifefm\/\",\"https:\/\/www.instagram.com\/life1079fm\/\"]},{\"@type\":\"Person\",\"@id\":\"https:\/\/radiolifefm.com.br\/noticias\/#\/schema\/person\/6339b9fac59d12b071dec680d7375d87\",\"name\":\"ritanery\",\"image\":{\"@type\":\"ImageObject\",\"inLanguage\":\"pt-BR\",\"@id\":\"https:\/\/secure.gravatar.com\/avatar\/0e37bb19071f47c0b8a23f62a903df117c5a0e75f65a0c2901562f97cd41cf86?s=96&d=mm&r=g\",\"url\":\"https:\/\/secure.gravatar.com\/avatar\/0e37bb19071f47c0b8a23f62a903df117c5a0e75f65a0c2901562f97cd41cf86?s=96&d=mm&r=g\",\"contentUrl\":\"https:\/\/secure.gravatar.com\/avatar\/0e37bb19071f47c0b8a23f62a903df117c5a0e75f65a0c2901562f97cd41cf86?s=96&d=mm&r=g\",\"caption\":\"ritanery\"}}]}<\/script>\n<!-- \/ Yoast SEO plugin. -->","yoast_head_json":{"title":"Prov\u00edncia, Escola e elei\u00e7\u00f5es... - R\u00e1dio Life FM","robots":{"index":"index","follow":"follow","max-snippet":"max-snippet:-1","max-image-preview":"max-image-preview:large","max-video-preview":"max-video-preview:-1"},"canonical":"https:\/\/radiolifefm.com.br\/noticias\/provincia-escola-e-eleicoes\/","og_locale":"pt_BR","og_type":"article","og_title":"Prov\u00edncia, Escola e elei\u00e7\u00f5es... - R\u00e1dio Life FM","og_description":"&nbsp; \u00a0\u201cChamamos de \u00e9tica o conjunto de coisas que as pessoas fazem quando todos est\u00e3o olhando. O conjunto de coisas que as pessoas fazem quando ningu\u00e9m est\u00e1 olhando chamamos de car\u00e1ter.\u201d (Oscar Wilde) \u00a0 By seb@r. Na semana passada, a M\u00cdDIA PROVINCIANA destacou uma destas ESCOLAS, por\u00e9m, ditas MILITARES travestidas de proposta PEDAG\u00d3GICA em benef\u00edcio [&hellip;]","og_url":"https:\/\/radiolifefm.com.br\/noticias\/provincia-escola-e-eleicoes\/","og_site_name":"R\u00e1dio Life FM","article_publisher":"https:\/\/www.facebook.com\/radiolifefm\/","article_published_time":"2024-02-23T12:25:34+00:00","article_modified_time":"2026-04-19T20:55:35+00:00","og_image":[{"width":972,"height":1296,"url":"https:\/\/radiolifefm.com.br\/noticias\/wp-content\/uploads\/2022\/04\/WhatsApp-Image-2022-04-10-at-18.43.02.jpeg","type":"image\/jpeg"}],"author":"ritanery","twitter_card":"summary_large_image","twitter_misc":{"Escrito por":"ritanery","Est. tempo de leitura":"3 minutos"},"schema":{"@context":"https:\/\/schema.org","@graph":[{"@type":"Article","@id":"https:\/\/radiolifefm.com.br\/noticias\/provincia-escola-e-eleicoes\/#article","isPartOf":{"@id":"https:\/\/radiolifefm.com.br\/noticias\/provincia-escola-e-eleicoes\/"},"author":{"name":"ritanery","@id":"https:\/\/radiolifefm.com.br\/noticias\/#\/schema\/person\/6339b9fac59d12b071dec680d7375d87"},"headline":"Prov\u00edncia, Escola e elei\u00e7\u00f5es&#8230;","datePublished":"2024-02-23T12:25:34+00:00","dateModified":"2026-04-19T20:55:35+00:00","mainEntityOfPage":{"@id":"https:\/\/radiolifefm.com.br\/noticias\/provincia-escola-e-eleicoes\/"},"wordCount":488,"publisher":{"@id":"https:\/\/radiolifefm.com.br\/noticias\/#organization"},"image":{"@id":"https:\/\/radiolifefm.com.br\/noticias\/provincia-escola-e-eleicoes\/#primaryimage"},"thumbnailUrl":"https:\/\/radiolifefm.com.br\/noticias\/wp-content\/uploads\/2022\/04\/WhatsApp-Image-2022-04-10-at-18.43.02.jpeg","articleSection":["Opini\u00e3o"],"inLanguage":"pt-BR"},{"@type":"WebPage","@id":"https:\/\/radiolifefm.com.br\/noticias\/provincia-escola-e-eleicoes\/","url":"https:\/\/radiolifefm.com.br\/noticias\/provincia-escola-e-eleicoes\/","name":"Prov\u00edncia, Escola e elei\u00e7\u00f5es... - R\u00e1dio Life FM","isPartOf":{"@id":"https:\/\/radiolifefm.com.br\/noticias\/#website"},"primaryImageOfPage":{"@id":"https:\/\/radiolifefm.com.br\/noticias\/provincia-escola-e-eleicoes\/#primaryimage"},"image":{"@id":"https:\/\/radiolifefm.com.br\/noticias\/provincia-escola-e-eleicoes\/#primaryimage"},"thumbnailUrl":"https:\/\/radiolifefm.com.br\/noticias\/wp-content\/uploads\/2022\/04\/WhatsApp-Image-2022-04-10-at-18.43.02.jpeg","datePublished":"2024-02-23T12:25:34+00:00","dateModified":"2026-04-19T20:55:35+00:00","breadcrumb":{"@id":"https:\/\/radiolifefm.com.br\/noticias\/provincia-escola-e-eleicoes\/#breadcrumb"},"inLanguage":"pt-BR","potentialAction":[{"@type":"ReadAction","target":["https:\/\/radiolifefm.com.br\/noticias\/provincia-escola-e-eleicoes\/"]}]},{"@type":"ImageObject","inLanguage":"pt-BR","@id":"https:\/\/radiolifefm.com.br\/noticias\/provincia-escola-e-eleicoes\/#primaryimage","url":"https:\/\/radiolifefm.com.br\/noticias\/wp-content\/uploads\/2022\/04\/WhatsApp-Image-2022-04-10-at-18.43.02.jpeg","contentUrl":"https:\/\/radiolifefm.com.br\/noticias\/wp-content\/uploads\/2022\/04\/WhatsApp-Image-2022-04-10-at-18.43.02.jpeg","width":972,"height":1296,"caption":"S\u00e9rgio Barbosa"},{"@type":"BreadcrumbList","@id":"https:\/\/radiolifefm.com.br\/noticias\/provincia-escola-e-eleicoes\/#breadcrumb","itemListElement":[{"@type":"ListItem","position":1,"name":"In\u00edcio","item":"https:\/\/radiolifefm.com.br\/noticias\/"},{"@type":"ListItem","position":2,"name":"Prov\u00edncia, Escola e elei\u00e7\u00f5es&#8230;"}]},{"@type":"WebSite","@id":"https:\/\/radiolifefm.com.br\/noticias\/#website","url":"https:\/\/radiolifefm.com.br\/noticias\/","name":"R\u00e1dio Life FM","description":"O Portal de Not\u00edcias de Adamantina","publisher":{"@id":"https:\/\/radiolifefm.com.br\/noticias\/#organization"},"alternateName":"Life FM","potentialAction":[{"@type":"SearchAction","target":{"@type":"EntryPoint","urlTemplate":"https:\/\/radiolifefm.com.br\/noticias\/?s={search_term_string}"},"query-input":{"@type":"PropertyValueSpecification","valueRequired":true,"valueName":"search_term_string"}}],"inLanguage":"pt-BR"},{"@type":"Organization","@id":"https:\/\/radiolifefm.com.br\/noticias\/#organization","name":"R\u00e1dio Life FM","alternateName":"Life FM","url":"https:\/\/radiolifefm.com.br\/noticias\/","logo":{"@type":"ImageObject","inLanguage":"pt-BR","@id":"https:\/\/radiolifefm.com.br\/noticias\/#\/schema\/logo\/image\/","url":"https:\/\/static.radiolifefm.com.br\/noticias\/wp-content\/uploads\/2019\/10\/logo-lifefm.png","contentUrl":"https:\/\/static.radiolifefm.com.br\/noticias\/wp-content\/uploads\/2019\/10\/logo-lifefm.png","width":196,"height":47,"caption":"R\u00e1dio Life FM"},"image":{"@id":"https:\/\/radiolifefm.com.br\/noticias\/#\/schema\/logo\/image\/"},"sameAs":["https:\/\/www.facebook.com\/radiolifefm\/","https:\/\/www.instagram.com\/life1079fm\/"]},{"@type":"Person","@id":"https:\/\/radiolifefm.com.br\/noticias\/#\/schema\/person\/6339b9fac59d12b071dec680d7375d87","name":"ritanery","image":{"@type":"ImageObject","inLanguage":"pt-BR","@id":"https:\/\/secure.gravatar.com\/avatar\/0e37bb19071f47c0b8a23f62a903df117c5a0e75f65a0c2901562f97cd41cf86?s=96&d=mm&r=g","url":"https:\/\/secure.gravatar.com\/avatar\/0e37bb19071f47c0b8a23f62a903df117c5a0e75f65a0c2901562f97cd41cf86?s=96&d=mm&r=g","contentUrl":"https:\/\/secure.gravatar.com\/avatar\/0e37bb19071f47c0b8a23f62a903df117c5a0e75f65a0c2901562f97cd41cf86?s=96&d=mm&r=g","caption":"ritanery"}}]}},"amp_enabled":true,"_links":{"self":[{"href":"https:\/\/radiolifefm.com.br\/noticias\/wp-json\/wp\/v2\/posts\/83306","targetHints":{"allow":["GET"]}}],"collection":[{"href":"https:\/\/radiolifefm.com.br\/noticias\/wp-json\/wp\/v2\/posts"}],"about":[{"href":"https:\/\/radiolifefm.com.br\/noticias\/wp-json\/wp\/v2\/types\/post"}],"author":[{"embeddable":true,"href":"https:\/\/radiolifefm.com.br\/noticias\/wp-json\/wp\/v2\/users\/13"}],"replies":[{"embeddable":true,"href":"https:\/\/radiolifefm.com.br\/noticias\/wp-json\/wp\/v2\/comments?post=83306"}],"version-history":[{"count":1,"href":"https:\/\/radiolifefm.com.br\/noticias\/wp-json\/wp\/v2\/posts\/83306\/revisions"}],"predecessor-version":[{"id":83307,"href":"https:\/\/radiolifefm.com.br\/noticias\/wp-json\/wp\/v2\/posts\/83306\/revisions\/83307"}],"wp:featuredmedia":[{"embeddable":true,"href":"https:\/\/radiolifefm.com.br\/noticias\/wp-json\/wp\/v2\/media\/51988"}],"wp:attachment":[{"href":"https:\/\/radiolifefm.com.br\/noticias\/wp-json\/wp\/v2\/media?parent=83306"}],"wp:term":[{"taxonomy":"category","embeddable":true,"href":"https:\/\/radiolifefm.com.br\/noticias\/wp-json\/wp\/v2\/categories?post=83306"},{"taxonomy":"post_tag","embeddable":true,"href":"https:\/\/radiolifefm.com.br\/noticias\/wp-json\/wp\/v2\/tags?post=83306"}],"curies":[{"name":"wp","href":"https:\/\/api.w.org\/{rel}","templated":true}]}}