{"id":82992,"date":"2024-02-16T09:47:01","date_gmt":"2024-02-16T12:47:01","guid":{"rendered":"https:\/\/radiolifefm.com.br\/noticias\/?p=82992"},"modified":"2026-04-20T15:03:04","modified_gmt":"2026-04-20T18:03:04","slug":"provincia-aloprados-as-e-politiqueiros-as","status":"publish","type":"post","link":"https:\/\/radiolifefm.com.br\/noticias\/provincia-aloprados-as-e-politiqueiros-as\/","title":{"rendered":"Prov\u00edncia, Aloprados\/as e Politiqueiros\/as&#8230;"},"content":{"rendered":"<div id=\"fb-root\"><\/div>\n<p><strong>\u00a0<\/strong><\/p>\n<p><strong><em>\u201cA maneira mais eficaz para destruir as pessoas \u00e9 negar e destruir a sua pr\u00f3pria compreens\u00e3o de sua hist\u00f3ria.\u201d (<\/em><\/strong><a href=\"https:\/\/www.pensador.com\/autor\/george_orwell\/\"><strong><em>George Orwell<\/em><\/strong><\/a><strong><em>)<\/em><\/strong><\/p>\n<p><strong><em>\u00a0<\/em><\/strong><\/p>\n<p><strong><em>\u201cH\u00e1 tr\u00eas esp\u00e9cies de c\u00e9rebros: uns entendem por si pr\u00f3prios; os outros discernem o que os primeiros entendem; e os terceiros n\u00e3o entendem nem por si pr\u00f3prios nem pelos outros; os primeiros s\u00e3o excelent\u00edssimos; os segundos excelentes; e os terceiros totalmente in\u00fateis.\u201d (<\/em><\/strong><a href=\"https:\/\/www.pensador.com\/autor\/maquiavel\/\"><strong><em>Maquiavel<\/em><\/strong><\/a><strong><em>)<\/em><\/strong><\/p>\n<p><strong>\u00a0<\/strong><\/p>\n<p><strong>By seb@r.<\/strong><\/p>\n<p>Nesta quarta-feira, p\u00f3s-carnaval, deve-se considerar que o CEN\u00c1RIO PROVINCIANO continua o mesmo dos anos anteriores, isso \u00e9, quando se trata da MESMICE DE SEMPRE e ponto quase final&#8230;<\/p>\n<p>Nos lados das denominadas PAREDES ALVAS, pelo visto daquilo que n\u00e3o pode ser visto, tudo indica que NEM TUDO QUE RELUZ \u00c9 OURO e assim por diante&#8230;<\/p>\n<p>Todavia, talvez as IDAS com poucas VINDAS do COMANDO ATUAL, possa de um jeito ou de outro dar a volta por cima de EL PIN\u00d3QUIO PROVINCIANO, ou seja, aquele que se coloca acima de TUDO e de TODOS\/AS em nome dos seus INTERESSES espec\u00edficos&#8230;<\/p>\n<p>Por\u00e9m, como diz aquele outro dito popular, NADA COMO UM DIA DEPOIS DO OUTRO, pode ser que o DITO SEM CUJO esteja apenas tentando dar o BOTE pra cima dos menos desavisados neste JOGO VICIADO nesta PROV\u00cdNCIA DO FAZ DE CONTA&#8230;<\/p>\n<p>Entretanto, pelas NOT\u00cdCIAS veiculadas pela M\u00cdDIA PROVINCIANA quanto aos PRENOMES para o EXECUTIVO, ainda, para o LEGISLATIVO, pode ser aquilo que nunca foi e tendo em vista que existem muitos NOMES que servem como BODES ou CABRITAS ESPIAT\u00d3RIOS\/AS&#8230;<\/p>\n<p>Deste lado, bem como, do outro lado de um mesmo lado,\u00a0 o que pode ocorrer daqui pra frente s\u00e3o as TROCAS NADA SIMB\u00d3LICAS patrocinadas pelo PODER ECON\u00d4MICO frente as demandas da COMUNIDADE PROVINCIANA&#8230;<\/p>\n<p>Al\u00e9m aquilo que se espera quando se trata de POL\u00cdTICA LOCAL, nada pode ser como antes e assim por diante, haja vista que MUDAM AS MOSCAS, MAS A M&#8230; \u00c9 SEMPRE A MESMA&#8230;<\/p>\n<p>N\u00e3o se pode deixar de lado as denominadas MENTES MED\u00cdOCRES que continuam seguindo o BERRANTE do INELEG\u00cdVEL, por\u00e9m, s\u00e3o GENOCIDAS travestidos\/as de BONS PROVINCIANOS\/AS&#8230;<\/p>\n<p>Recomendo para os\/as interessados\/as na REFLEX\u00c3O CR\u00cdTICA nesta atual conjuntura, os cl\u00e1ssicos, a saber: 1984 e A REVOLU\u00c7\u00c3O DOS BICHOS de GEORGE ORWELL, ainda, O PRINC\u00cdPE de MAQUI\u00c1VEL, entretanto, n\u00e3o confundir com aquele outro PRINC\u00cdPE, ou seja, O PEQUENO&#8230;<\/p>\n<p>Pra finalizar o que n\u00e3o tem como fechar neste momento, torna-se necess\u00e1rio ficar com os OLHOS ABERTOS, bem como, os OUVIDOS em estado de alerta com as DESINFORMA\u00c7\u00d5ES patrocinadas pelos eternos DONOS DO PODER em busca do PODER em nome do PODER&#8230;<\/p>\n<p>QUEM SOBBRE VIVER VAI SABER&#8230;<\/p>\n<p><strong>_______________________<\/strong><\/p>\n<p><strong>e-mail: <\/strong><a href=\"mailto:barbosa.sebar@gmail.com\"><strong>barbosa.sebar@gmail.com<\/strong><\/a><\/p>\n<p>&nbsp;<\/p>\n","protected":false},"excerpt":{"rendered":"<p>\u00a0 \u201cA maneira mais eficaz para destruir as pessoas \u00e9 negar e destruir a sua pr\u00f3pria compreens\u00e3o de sua hist\u00f3ria.\u201d (George Orwell) \u00a0 \u201cH\u00e1 tr\u00eas esp\u00e9cies de c\u00e9rebros: uns entendem por si pr\u00f3prios; os outros discernem o que os primeiros entendem; e os terceiros n\u00e3o entendem nem por si pr\u00f3prios nem pelos outros; os primeiros [&hellip;]<\/p>\n","protected":false},"author":13,"featured_media":51988,"comment_status":"closed","ping_status":"open","sticky":false,"template":"","format":"standard","meta":{"_acf_changed":false,"_exactmetrics_skip_tracking":false,"_exactmetrics_sitenote_active":false,"_exactmetrics_sitenote_note":"","_exactmetrics_sitenote_category":0,"footnotes":""},"categories":[59],"tags":[],"class_list":["post-82992","post","type-post","status-publish","format-standard","has-post-thumbnail","hentry","category-opiniao"],"acf":[],"yoast_head":"<!-- This site is optimized with the Yoast SEO plugin v27.2 - https:\/\/yoast.com\/product\/yoast-seo-wordpress\/ -->\n<title>Prov\u00edncia, Aloprados\/as e Politiqueiros\/as... - R\u00e1dio Life FM<\/title>\n<meta name=\"robots\" content=\"index, follow, max-snippet:-1, max-image-preview:large, max-video-preview:-1\" \/>\n<link rel=\"canonical\" href=\"https:\/\/radiolifefm.com.br\/noticias\/provincia-aloprados-as-e-politiqueiros-as\/\" \/>\n<meta property=\"og:locale\" content=\"pt_BR\" \/>\n<meta property=\"og:type\" content=\"article\" \/>\n<meta property=\"og:title\" content=\"Prov\u00edncia, Aloprados\/as e Politiqueiros\/as... - R\u00e1dio Life FM\" \/>\n<meta property=\"og:description\" content=\"\u00a0 \u201cA maneira mais eficaz para destruir as pessoas \u00e9 negar e destruir a sua pr\u00f3pria compreens\u00e3o de sua hist\u00f3ria.\u201d (George Orwell) \u00a0 \u201cH\u00e1 tr\u00eas esp\u00e9cies de c\u00e9rebros: uns entendem por si pr\u00f3prios; os outros discernem o que os primeiros entendem; e os terceiros n\u00e3o entendem nem por si pr\u00f3prios nem pelos outros; os primeiros [&hellip;]\" \/>\n<meta property=\"og:url\" content=\"https:\/\/radiolifefm.com.br\/noticias\/provincia-aloprados-as-e-politiqueiros-as\/\" \/>\n<meta property=\"og:site_name\" content=\"R\u00e1dio Life FM\" \/>\n<meta property=\"article:publisher\" content=\"https:\/\/www.facebook.com\/radiolifefm\/\" \/>\n<meta property=\"article:published_time\" content=\"2024-02-16T12:47:01+00:00\" \/>\n<meta property=\"article:modified_time\" content=\"2026-04-20T18:03:04+00:00\" \/>\n<meta property=\"og:image\" content=\"https:\/\/radiolifefm.com.br\/noticias\/wp-content\/uploads\/2022\/04\/WhatsApp-Image-2022-04-10-at-18.43.02.jpeg\" \/>\n\t<meta property=\"og:image:width\" content=\"972\" \/>\n\t<meta property=\"og:image:height\" content=\"1296\" \/>\n\t<meta property=\"og:image:type\" content=\"image\/jpeg\" \/>\n<meta name=\"author\" content=\"ritanery\" \/>\n<meta name=\"twitter:card\" content=\"summary_large_image\" \/>\n<meta name=\"twitter:label1\" content=\"Escrito por\" \/>\n\t<meta name=\"twitter:data1\" content=\"ritanery\" \/>\n\t<meta name=\"twitter:label2\" content=\"Est. tempo de leitura\" \/>\n\t<meta name=\"twitter:data2\" content=\"3 minutos\" \/>\n<script type=\"application\/ld+json\" class=\"yoast-schema-graph\">{\"@context\":\"https:\/\/schema.org\",\"@graph\":[{\"@type\":\"Article\",\"@id\":\"https:\/\/radiolifefm.com.br\/noticias\/provincia-aloprados-as-e-politiqueiros-as\/#article\",\"isPartOf\":{\"@id\":\"https:\/\/radiolifefm.com.br\/noticias\/provincia-aloprados-as-e-politiqueiros-as\/\"},\"author\":{\"name\":\"ritanery\",\"@id\":\"https:\/\/radiolifefm.com.br\/noticias\/#\/schema\/person\/6339b9fac59d12b071dec680d7375d87\"},\"headline\":\"Prov\u00edncia, Aloprados\/as e Politiqueiros\/as&#8230;\",\"datePublished\":\"2024-02-16T12:47:01+00:00\",\"dateModified\":\"2026-04-20T18:03:04+00:00\",\"mainEntityOfPage\":{\"@id\":\"https:\/\/radiolifefm.com.br\/noticias\/provincia-aloprados-as-e-politiqueiros-as\/\"},\"wordCount\":478,\"publisher\":{\"@id\":\"https:\/\/radiolifefm.com.br\/noticias\/#organization\"},\"image\":{\"@id\":\"https:\/\/radiolifefm.com.br\/noticias\/provincia-aloprados-as-e-politiqueiros-as\/#primaryimage\"},\"thumbnailUrl\":\"https:\/\/radiolifefm.com.br\/noticias\/wp-content\/uploads\/2022\/04\/WhatsApp-Image-2022-04-10-at-18.43.02.jpeg\",\"articleSection\":[\"Opini\u00e3o\"],\"inLanguage\":\"pt-BR\"},{\"@type\":\"WebPage\",\"@id\":\"https:\/\/radiolifefm.com.br\/noticias\/provincia-aloprados-as-e-politiqueiros-as\/\",\"url\":\"https:\/\/radiolifefm.com.br\/noticias\/provincia-aloprados-as-e-politiqueiros-as\/\",\"name\":\"Prov\u00edncia, Aloprados\/as e Politiqueiros\/as... - R\u00e1dio Life FM\",\"isPartOf\":{\"@id\":\"https:\/\/radiolifefm.com.br\/noticias\/#website\"},\"primaryImageOfPage\":{\"@id\":\"https:\/\/radiolifefm.com.br\/noticias\/provincia-aloprados-as-e-politiqueiros-as\/#primaryimage\"},\"image\":{\"@id\":\"https:\/\/radiolifefm.com.br\/noticias\/provincia-aloprados-as-e-politiqueiros-as\/#primaryimage\"},\"thumbnailUrl\":\"https:\/\/radiolifefm.com.br\/noticias\/wp-content\/uploads\/2022\/04\/WhatsApp-Image-2022-04-10-at-18.43.02.jpeg\",\"datePublished\":\"2024-02-16T12:47:01+00:00\",\"dateModified\":\"2026-04-20T18:03:04+00:00\",\"breadcrumb\":{\"@id\":\"https:\/\/radiolifefm.com.br\/noticias\/provincia-aloprados-as-e-politiqueiros-as\/#breadcrumb\"},\"inLanguage\":\"pt-BR\",\"potentialAction\":[{\"@type\":\"ReadAction\",\"target\":[\"https:\/\/radiolifefm.com.br\/noticias\/provincia-aloprados-as-e-politiqueiros-as\/\"]}]},{\"@type\":\"ImageObject\",\"inLanguage\":\"pt-BR\",\"@id\":\"https:\/\/radiolifefm.com.br\/noticias\/provincia-aloprados-as-e-politiqueiros-as\/#primaryimage\",\"url\":\"https:\/\/radiolifefm.com.br\/noticias\/wp-content\/uploads\/2022\/04\/WhatsApp-Image-2022-04-10-at-18.43.02.jpeg\",\"contentUrl\":\"https:\/\/radiolifefm.com.br\/noticias\/wp-content\/uploads\/2022\/04\/WhatsApp-Image-2022-04-10-at-18.43.02.jpeg\",\"width\":972,\"height\":1296,\"caption\":\"S\u00e9rgio Barbosa\"},{\"@type\":\"BreadcrumbList\",\"@id\":\"https:\/\/radiolifefm.com.br\/noticias\/provincia-aloprados-as-e-politiqueiros-as\/#breadcrumb\",\"itemListElement\":[{\"@type\":\"ListItem\",\"position\":1,\"name\":\"In\u00edcio\",\"item\":\"https:\/\/radiolifefm.com.br\/noticias\/\"},{\"@type\":\"ListItem\",\"position\":2,\"name\":\"Prov\u00edncia, Aloprados\/as e Politiqueiros\/as&#8230;\"}]},{\"@type\":\"WebSite\",\"@id\":\"https:\/\/radiolifefm.com.br\/noticias\/#website\",\"url\":\"https:\/\/radiolifefm.com.br\/noticias\/\",\"name\":\"R\u00e1dio Life FM\",\"description\":\"O Portal de Not\u00edcias de Adamantina\",\"publisher\":{\"@id\":\"https:\/\/radiolifefm.com.br\/noticias\/#organization\"},\"alternateName\":\"Life FM\",\"potentialAction\":[{\"@type\":\"SearchAction\",\"target\":{\"@type\":\"EntryPoint\",\"urlTemplate\":\"https:\/\/radiolifefm.com.br\/noticias\/?s={search_term_string}\"},\"query-input\":{\"@type\":\"PropertyValueSpecification\",\"valueRequired\":true,\"valueName\":\"search_term_string\"}}],\"inLanguage\":\"pt-BR\"},{\"@type\":\"Organization\",\"@id\":\"https:\/\/radiolifefm.com.br\/noticias\/#organization\",\"name\":\"R\u00e1dio Life FM\",\"alternateName\":\"Life FM\",\"url\":\"https:\/\/radiolifefm.com.br\/noticias\/\",\"logo\":{\"@type\":\"ImageObject\",\"inLanguage\":\"pt-BR\",\"@id\":\"https:\/\/radiolifefm.com.br\/noticias\/#\/schema\/logo\/image\/\",\"url\":\"https:\/\/static.radiolifefm.com.br\/noticias\/wp-content\/uploads\/2019\/10\/logo-lifefm.png\",\"contentUrl\":\"https:\/\/static.radiolifefm.com.br\/noticias\/wp-content\/uploads\/2019\/10\/logo-lifefm.png\",\"width\":196,\"height\":47,\"caption\":\"R\u00e1dio Life FM\"},\"image\":{\"@id\":\"https:\/\/radiolifefm.com.br\/noticias\/#\/schema\/logo\/image\/\"},\"sameAs\":[\"https:\/\/www.facebook.com\/radiolifefm\/\",\"https:\/\/www.instagram.com\/life1079fm\/\"]},{\"@type\":\"Person\",\"@id\":\"https:\/\/radiolifefm.com.br\/noticias\/#\/schema\/person\/6339b9fac59d12b071dec680d7375d87\",\"name\":\"ritanery\",\"image\":{\"@type\":\"ImageObject\",\"inLanguage\":\"pt-BR\",\"@id\":\"https:\/\/secure.gravatar.com\/avatar\/0e37bb19071f47c0b8a23f62a903df117c5a0e75f65a0c2901562f97cd41cf86?s=96&d=mm&r=g\",\"url\":\"https:\/\/secure.gravatar.com\/avatar\/0e37bb19071f47c0b8a23f62a903df117c5a0e75f65a0c2901562f97cd41cf86?s=96&d=mm&r=g\",\"contentUrl\":\"https:\/\/secure.gravatar.com\/avatar\/0e37bb19071f47c0b8a23f62a903df117c5a0e75f65a0c2901562f97cd41cf86?s=96&d=mm&r=g\",\"caption\":\"ritanery\"}}]}<\/script>\n<!-- \/ Yoast SEO plugin. -->","yoast_head_json":{"title":"Prov\u00edncia, Aloprados\/as e Politiqueiros\/as... - R\u00e1dio Life FM","robots":{"index":"index","follow":"follow","max-snippet":"max-snippet:-1","max-image-preview":"max-image-preview:large","max-video-preview":"max-video-preview:-1"},"canonical":"https:\/\/radiolifefm.com.br\/noticias\/provincia-aloprados-as-e-politiqueiros-as\/","og_locale":"pt_BR","og_type":"article","og_title":"Prov\u00edncia, Aloprados\/as e Politiqueiros\/as... - R\u00e1dio Life FM","og_description":"\u00a0 \u201cA maneira mais eficaz para destruir as pessoas \u00e9 negar e destruir a sua pr\u00f3pria compreens\u00e3o de sua hist\u00f3ria.\u201d (George Orwell) \u00a0 \u201cH\u00e1 tr\u00eas esp\u00e9cies de c\u00e9rebros: uns entendem por si pr\u00f3prios; os outros discernem o que os primeiros entendem; e os terceiros n\u00e3o entendem nem por si pr\u00f3prios nem pelos outros; os primeiros [&hellip;]","og_url":"https:\/\/radiolifefm.com.br\/noticias\/provincia-aloprados-as-e-politiqueiros-as\/","og_site_name":"R\u00e1dio Life FM","article_publisher":"https:\/\/www.facebook.com\/radiolifefm\/","article_published_time":"2024-02-16T12:47:01+00:00","article_modified_time":"2026-04-20T18:03:04+00:00","og_image":[{"width":972,"height":1296,"url":"https:\/\/radiolifefm.com.br\/noticias\/wp-content\/uploads\/2022\/04\/WhatsApp-Image-2022-04-10-at-18.43.02.jpeg","type":"image\/jpeg"}],"author":"ritanery","twitter_card":"summary_large_image","twitter_misc":{"Escrito por":"ritanery","Est. tempo de leitura":"3 minutos"},"schema":{"@context":"https:\/\/schema.org","@graph":[{"@type":"Article","@id":"https:\/\/radiolifefm.com.br\/noticias\/provincia-aloprados-as-e-politiqueiros-as\/#article","isPartOf":{"@id":"https:\/\/radiolifefm.com.br\/noticias\/provincia-aloprados-as-e-politiqueiros-as\/"},"author":{"name":"ritanery","@id":"https:\/\/radiolifefm.com.br\/noticias\/#\/schema\/person\/6339b9fac59d12b071dec680d7375d87"},"headline":"Prov\u00edncia, Aloprados\/as e Politiqueiros\/as&#8230;","datePublished":"2024-02-16T12:47:01+00:00","dateModified":"2026-04-20T18:03:04+00:00","mainEntityOfPage":{"@id":"https:\/\/radiolifefm.com.br\/noticias\/provincia-aloprados-as-e-politiqueiros-as\/"},"wordCount":478,"publisher":{"@id":"https:\/\/radiolifefm.com.br\/noticias\/#organization"},"image":{"@id":"https:\/\/radiolifefm.com.br\/noticias\/provincia-aloprados-as-e-politiqueiros-as\/#primaryimage"},"thumbnailUrl":"https:\/\/radiolifefm.com.br\/noticias\/wp-content\/uploads\/2022\/04\/WhatsApp-Image-2022-04-10-at-18.43.02.jpeg","articleSection":["Opini\u00e3o"],"inLanguage":"pt-BR"},{"@type":"WebPage","@id":"https:\/\/radiolifefm.com.br\/noticias\/provincia-aloprados-as-e-politiqueiros-as\/","url":"https:\/\/radiolifefm.com.br\/noticias\/provincia-aloprados-as-e-politiqueiros-as\/","name":"Prov\u00edncia, Aloprados\/as e Politiqueiros\/as... - R\u00e1dio Life FM","isPartOf":{"@id":"https:\/\/radiolifefm.com.br\/noticias\/#website"},"primaryImageOfPage":{"@id":"https:\/\/radiolifefm.com.br\/noticias\/provincia-aloprados-as-e-politiqueiros-as\/#primaryimage"},"image":{"@id":"https:\/\/radiolifefm.com.br\/noticias\/provincia-aloprados-as-e-politiqueiros-as\/#primaryimage"},"thumbnailUrl":"https:\/\/radiolifefm.com.br\/noticias\/wp-content\/uploads\/2022\/04\/WhatsApp-Image-2022-04-10-at-18.43.02.jpeg","datePublished":"2024-02-16T12:47:01+00:00","dateModified":"2026-04-20T18:03:04+00:00","breadcrumb":{"@id":"https:\/\/radiolifefm.com.br\/noticias\/provincia-aloprados-as-e-politiqueiros-as\/#breadcrumb"},"inLanguage":"pt-BR","potentialAction":[{"@type":"ReadAction","target":["https:\/\/radiolifefm.com.br\/noticias\/provincia-aloprados-as-e-politiqueiros-as\/"]}]},{"@type":"ImageObject","inLanguage":"pt-BR","@id":"https:\/\/radiolifefm.com.br\/noticias\/provincia-aloprados-as-e-politiqueiros-as\/#primaryimage","url":"https:\/\/radiolifefm.com.br\/noticias\/wp-content\/uploads\/2022\/04\/WhatsApp-Image-2022-04-10-at-18.43.02.jpeg","contentUrl":"https:\/\/radiolifefm.com.br\/noticias\/wp-content\/uploads\/2022\/04\/WhatsApp-Image-2022-04-10-at-18.43.02.jpeg","width":972,"height":1296,"caption":"S\u00e9rgio Barbosa"},{"@type":"BreadcrumbList","@id":"https:\/\/radiolifefm.com.br\/noticias\/provincia-aloprados-as-e-politiqueiros-as\/#breadcrumb","itemListElement":[{"@type":"ListItem","position":1,"name":"In\u00edcio","item":"https:\/\/radiolifefm.com.br\/noticias\/"},{"@type":"ListItem","position":2,"name":"Prov\u00edncia, Aloprados\/as e Politiqueiros\/as&#8230;"}]},{"@type":"WebSite","@id":"https:\/\/radiolifefm.com.br\/noticias\/#website","url":"https:\/\/radiolifefm.com.br\/noticias\/","name":"R\u00e1dio Life FM","description":"O Portal de Not\u00edcias de Adamantina","publisher":{"@id":"https:\/\/radiolifefm.com.br\/noticias\/#organization"},"alternateName":"Life FM","potentialAction":[{"@type":"SearchAction","target":{"@type":"EntryPoint","urlTemplate":"https:\/\/radiolifefm.com.br\/noticias\/?s={search_term_string}"},"query-input":{"@type":"PropertyValueSpecification","valueRequired":true,"valueName":"search_term_string"}}],"inLanguage":"pt-BR"},{"@type":"Organization","@id":"https:\/\/radiolifefm.com.br\/noticias\/#organization","name":"R\u00e1dio Life FM","alternateName":"Life FM","url":"https:\/\/radiolifefm.com.br\/noticias\/","logo":{"@type":"ImageObject","inLanguage":"pt-BR","@id":"https:\/\/radiolifefm.com.br\/noticias\/#\/schema\/logo\/image\/","url":"https:\/\/static.radiolifefm.com.br\/noticias\/wp-content\/uploads\/2019\/10\/logo-lifefm.png","contentUrl":"https:\/\/static.radiolifefm.com.br\/noticias\/wp-content\/uploads\/2019\/10\/logo-lifefm.png","width":196,"height":47,"caption":"R\u00e1dio Life FM"},"image":{"@id":"https:\/\/radiolifefm.com.br\/noticias\/#\/schema\/logo\/image\/"},"sameAs":["https:\/\/www.facebook.com\/radiolifefm\/","https:\/\/www.instagram.com\/life1079fm\/"]},{"@type":"Person","@id":"https:\/\/radiolifefm.com.br\/noticias\/#\/schema\/person\/6339b9fac59d12b071dec680d7375d87","name":"ritanery","image":{"@type":"ImageObject","inLanguage":"pt-BR","@id":"https:\/\/secure.gravatar.com\/avatar\/0e37bb19071f47c0b8a23f62a903df117c5a0e75f65a0c2901562f97cd41cf86?s=96&d=mm&r=g","url":"https:\/\/secure.gravatar.com\/avatar\/0e37bb19071f47c0b8a23f62a903df117c5a0e75f65a0c2901562f97cd41cf86?s=96&d=mm&r=g","contentUrl":"https:\/\/secure.gravatar.com\/avatar\/0e37bb19071f47c0b8a23f62a903df117c5a0e75f65a0c2901562f97cd41cf86?s=96&d=mm&r=g","caption":"ritanery"}}]}},"amp_enabled":true,"_links":{"self":[{"href":"https:\/\/radiolifefm.com.br\/noticias\/wp-json\/wp\/v2\/posts\/82992","targetHints":{"allow":["GET"]}}],"collection":[{"href":"https:\/\/radiolifefm.com.br\/noticias\/wp-json\/wp\/v2\/posts"}],"about":[{"href":"https:\/\/radiolifefm.com.br\/noticias\/wp-json\/wp\/v2\/types\/post"}],"author":[{"embeddable":true,"href":"https:\/\/radiolifefm.com.br\/noticias\/wp-json\/wp\/v2\/users\/13"}],"replies":[{"embeddable":true,"href":"https:\/\/radiolifefm.com.br\/noticias\/wp-json\/wp\/v2\/comments?post=82992"}],"version-history":[{"count":1,"href":"https:\/\/radiolifefm.com.br\/noticias\/wp-json\/wp\/v2\/posts\/82992\/revisions"}],"predecessor-version":[{"id":82993,"href":"https:\/\/radiolifefm.com.br\/noticias\/wp-json\/wp\/v2\/posts\/82992\/revisions\/82993"}],"wp:featuredmedia":[{"embeddable":true,"href":"https:\/\/radiolifefm.com.br\/noticias\/wp-json\/wp\/v2\/media\/51988"}],"wp:attachment":[{"href":"https:\/\/radiolifefm.com.br\/noticias\/wp-json\/wp\/v2\/media?parent=82992"}],"wp:term":[{"taxonomy":"category","embeddable":true,"href":"https:\/\/radiolifefm.com.br\/noticias\/wp-json\/wp\/v2\/categories?post=82992"},{"taxonomy":"post_tag","embeddable":true,"href":"https:\/\/radiolifefm.com.br\/noticias\/wp-json\/wp\/v2\/tags?post=82992"}],"curies":[{"name":"wp","href":"https:\/\/api.w.org\/{rel}","templated":true}]}}