{"id":82912,"date":"2024-02-14T09:33:04","date_gmt":"2024-02-14T12:33:04","guid":{"rendered":"https:\/\/radiolifefm.com.br\/noticias\/?p=82912"},"modified":"2025-12-16T00:05:46","modified_gmt":"2025-12-16T03:05:46","slug":"em-busca-da-imaginacao-do-eu-neste-tempo-do-tempo-2","status":"publish","type":"post","link":"https:\/\/radiolifefm.com.br\/noticias\/em-busca-da-imaginacao-do-eu-neste-tempo-do-tempo-2\/","title":{"rendered":"EM busca da Imagina\u00e7\u00e3o do EU neste tempo do tempo&#8230;"},"content":{"rendered":"<div id=\"fb-root\"><\/div>\n<p><strong><em>\u00a0\u201cQuando tudo o resto falhar ou faltar resta-nos a imagina\u00e7\u00e3o.\u201d (<\/em><\/strong><a href=\"https:\/\/www.pensador.com\/autor\/albert_einstein\/\"><strong><em>Albert Einstein<\/em><\/strong><\/a><strong><em>)<\/em><\/strong><\/p>\n<p>&nbsp;<\/p>\n<p><strong><em>\u00c0 ANA V., dedico!<\/em><\/strong><\/p>\n<p><strong>By seb@r.<\/strong><\/p>\n<p>Outro dia fiquei aqui pensando com os meus bot\u00f5es, se bem que s\u00f3 uso camisetas, mesmo assim, a imagina\u00e7\u00e3o pode ir longe e na maioria das vezes nem quer voltar ao lugar de onde saiu&#8230;<\/p>\n<p>Ent\u00e3o, tais desencontros com os pensamentos nos levam para lugares que nunca fizeram parte da sua vida, por isso o fato de IMAGINAR pode servir para muitas possibilidades quando se quer sair do lugar pra n\u00e3o voltar&#8230;<\/p>\n<p>Talvez, se bem que pode ser ou n\u00e3o, depende sempre daquele momento em que VOC\u00ca est\u00e1 perdido com o seu EU, assim, todas as escolhas s\u00e3o v\u00e1lidas neste jogo um tanto quanto silencioso&#8230;<\/p>\n<p>Do mesmo jeito que tudo come\u00e7ou pela IMAGINA\u00c7\u00c3O, pode-se pensar em outras portas desta CASA na qual o EU se encontra para muitas viagens no mesmo lugar de sempre&#8230;<\/p>\n<p>Se existe aquele outro lado do horizonte que todos buscam por meio das suas NEUROSES, deve-se acreditar que a for\u00e7a do seu PENSAMENTO pode determinar aquilo que VOC\u00ca deixou de lado na outra IMAGINA\u00c7\u00c3O&#8230;<\/p>\n<p>O que pode ser daquilo que nunca deixou de ser neste meio do CAMINHO, por\u00e9m, a IMAIGNA\u00c7\u00c3O deve continuar sempre de acordo com as LINHAS da UTOP\u00cdA para uma aproxima\u00e7\u00e3o com o EU&#8230;<\/p>\n<p>Estar com o nosso SER pode trazer todas as angustias do outro tempo, todavia, pode de um jeito ou de outro mostrar que VOC\u00ca continua com a mesma CULPA do passado&#8230;<\/p>\n<p>Cada qual, bem como, do seu jeito de levar suas preocupa\u00e7\u00f5es quanto aos fatos do cotidiano, deve saber como sair do seu senso comum para outras tentativas em busca de SI MESMO&#8230;<\/p>\n<p>Existem diversas PORTAS neste universo sem fim, por\u00e9m, apenas VOC\u00ca pode escolher qual caminho vai seguir nesta estrada que exige apenas a sua IMAGINA\u00c7\u00c3O e ponto quase final&#8230;<\/p>\n<p>Outra quest\u00e3o est\u00e1 de acordo com o PENSAMENTO que pode trazer uma outra IMAGINA\u00c7\u00c3O e assim por diante, entretanto, s\u00f3 o seu EU ou o meu EU vai estar em conex\u00e3o com aquela outra IMAGINA\u00c7\u00c3O que se perdeu no outro tempo do tempo&#8230;<\/p>\n<p>Voltando aos meus BOT\u00d5ES, mas, como escrevi, s\u00f3 uso e abuso das CAMISETAS, todas as nossas ESCOLHAS est\u00e3o sintonizadas com aquilo que VOC\u00ca acredita que pode existir neste cen\u00e1rio que est\u00e1 al\u00e9m da IMAGINA\u00c7\u00c3O&#8230;<\/p>\n<p>S\u00d3 QUEM ESTEVE NESTE TEMPO PODE IMAGINAR O OUTRO TEMPO DO TEMPO&#8230;<\/p>\n<p>&nbsp;<\/p>\n<p><strong>_____________________<\/strong><\/p>\n<p><strong>e-mail: <\/strong><a href=\"mailto:barbosa.sebar@gmail.com\"><strong>barbosa.sebar@gmail.com<\/strong><\/a><\/p>\n","protected":false},"excerpt":{"rendered":"<p>\u00a0\u201cQuando tudo o resto falhar ou faltar resta-nos a imagina\u00e7\u00e3o.\u201d (Albert Einstein) &nbsp; \u00c0 ANA V., dedico! By seb@r. Outro dia fiquei aqui pensando com os meus bot\u00f5es, se bem que s\u00f3 uso camisetas, mesmo assim, a imagina\u00e7\u00e3o pode ir longe e na maioria das vezes nem quer voltar ao lugar de onde saiu&#8230; Ent\u00e3o, [&hellip;]<\/p>\n","protected":false},"author":13,"featured_media":51988,"comment_status":"closed","ping_status":"open","sticky":false,"template":"","format":"standard","meta":{"_acf_changed":false,"_exactmetrics_skip_tracking":false,"_exactmetrics_sitenote_active":false,"_exactmetrics_sitenote_note":"","_exactmetrics_sitenote_category":0,"footnotes":""},"categories":[59],"tags":[],"class_list":["post-82912","post","type-post","status-publish","format-standard","has-post-thumbnail","hentry","category-opiniao"],"acf":[],"yoast_head":"<!-- This site is optimized with the Yoast SEO plugin v27.2 - https:\/\/yoast.com\/product\/yoast-seo-wordpress\/ -->\n<title>EM busca da Imagina\u00e7\u00e3o do EU neste tempo do tempo... - R\u00e1dio Life FM<\/title>\n<meta name=\"robots\" content=\"index, follow, max-snippet:-1, max-image-preview:large, max-video-preview:-1\" \/>\n<link rel=\"canonical\" href=\"https:\/\/radiolifefm.com.br\/noticias\/em-busca-da-imaginacao-do-eu-neste-tempo-do-tempo-2\/\" \/>\n<meta property=\"og:locale\" content=\"pt_BR\" \/>\n<meta property=\"og:type\" content=\"article\" \/>\n<meta property=\"og:title\" content=\"EM busca da Imagina\u00e7\u00e3o do EU neste tempo do tempo... - R\u00e1dio Life FM\" \/>\n<meta property=\"og:description\" content=\"\u00a0\u201cQuando tudo o resto falhar ou faltar resta-nos a imagina\u00e7\u00e3o.\u201d (Albert Einstein) &nbsp; \u00c0 ANA V., dedico! By seb@r. Outro dia fiquei aqui pensando com os meus bot\u00f5es, se bem que s\u00f3 uso camisetas, mesmo assim, a imagina\u00e7\u00e3o pode ir longe e na maioria das vezes nem quer voltar ao lugar de onde saiu&#8230; Ent\u00e3o, [&hellip;]\" \/>\n<meta property=\"og:url\" content=\"https:\/\/radiolifefm.com.br\/noticias\/em-busca-da-imaginacao-do-eu-neste-tempo-do-tempo-2\/\" \/>\n<meta property=\"og:site_name\" content=\"R\u00e1dio Life FM\" \/>\n<meta property=\"article:publisher\" content=\"https:\/\/www.facebook.com\/radiolifefm\/\" \/>\n<meta property=\"article:published_time\" content=\"2024-02-14T12:33:04+00:00\" \/>\n<meta property=\"article:modified_time\" content=\"2025-12-16T03:05:46+00:00\" \/>\n<meta property=\"og:image\" content=\"https:\/\/radiolifefm.com.br\/noticias\/wp-content\/uploads\/2022\/04\/WhatsApp-Image-2022-04-10-at-18.43.02.jpeg\" \/>\n\t<meta property=\"og:image:width\" content=\"972\" \/>\n\t<meta property=\"og:image:height\" content=\"1296\" \/>\n\t<meta property=\"og:image:type\" content=\"image\/jpeg\" \/>\n<meta name=\"author\" content=\"ritanery\" \/>\n<meta name=\"twitter:card\" content=\"summary_large_image\" \/>\n<meta name=\"twitter:label1\" content=\"Escrito por\" \/>\n\t<meta name=\"twitter:data1\" content=\"ritanery\" \/>\n\t<meta name=\"twitter:label2\" content=\"Est. tempo de leitura\" \/>\n\t<meta name=\"twitter:data2\" content=\"3 minutos\" \/>\n<script type=\"application\/ld+json\" class=\"yoast-schema-graph\">{\"@context\":\"https:\/\/schema.org\",\"@graph\":[{\"@type\":\"Article\",\"@id\":\"https:\/\/radiolifefm.com.br\/noticias\/em-busca-da-imaginacao-do-eu-neste-tempo-do-tempo-2\/#article\",\"isPartOf\":{\"@id\":\"https:\/\/radiolifefm.com.br\/noticias\/em-busca-da-imaginacao-do-eu-neste-tempo-do-tempo-2\/\"},\"author\":{\"name\":\"ritanery\",\"@id\":\"https:\/\/radiolifefm.com.br\/noticias\/#\/schema\/person\/6339b9fac59d12b071dec680d7375d87\"},\"headline\":\"EM busca da Imagina\u00e7\u00e3o do EU neste tempo do tempo&#8230;\",\"datePublished\":\"2024-02-14T12:33:04+00:00\",\"dateModified\":\"2025-12-16T03:05:46+00:00\",\"mainEntityOfPage\":{\"@id\":\"https:\/\/radiolifefm.com.br\/noticias\/em-busca-da-imaginacao-do-eu-neste-tempo-do-tempo-2\/\"},\"wordCount\":445,\"publisher\":{\"@id\":\"https:\/\/radiolifefm.com.br\/noticias\/#organization\"},\"image\":{\"@id\":\"https:\/\/radiolifefm.com.br\/noticias\/em-busca-da-imaginacao-do-eu-neste-tempo-do-tempo-2\/#primaryimage\"},\"thumbnailUrl\":\"https:\/\/radiolifefm.com.br\/noticias\/wp-content\/uploads\/2022\/04\/WhatsApp-Image-2022-04-10-at-18.43.02.jpeg\",\"articleSection\":[\"Opini\u00e3o\"],\"inLanguage\":\"pt-BR\"},{\"@type\":\"WebPage\",\"@id\":\"https:\/\/radiolifefm.com.br\/noticias\/em-busca-da-imaginacao-do-eu-neste-tempo-do-tempo-2\/\",\"url\":\"https:\/\/radiolifefm.com.br\/noticias\/em-busca-da-imaginacao-do-eu-neste-tempo-do-tempo-2\/\",\"name\":\"EM busca da Imagina\u00e7\u00e3o do EU neste tempo do tempo... - R\u00e1dio Life FM\",\"isPartOf\":{\"@id\":\"https:\/\/radiolifefm.com.br\/noticias\/#website\"},\"primaryImageOfPage\":{\"@id\":\"https:\/\/radiolifefm.com.br\/noticias\/em-busca-da-imaginacao-do-eu-neste-tempo-do-tempo-2\/#primaryimage\"},\"image\":{\"@id\":\"https:\/\/radiolifefm.com.br\/noticias\/em-busca-da-imaginacao-do-eu-neste-tempo-do-tempo-2\/#primaryimage\"},\"thumbnailUrl\":\"https:\/\/radiolifefm.com.br\/noticias\/wp-content\/uploads\/2022\/04\/WhatsApp-Image-2022-04-10-at-18.43.02.jpeg\",\"datePublished\":\"2024-02-14T12:33:04+00:00\",\"dateModified\":\"2025-12-16T03:05:46+00:00\",\"breadcrumb\":{\"@id\":\"https:\/\/radiolifefm.com.br\/noticias\/em-busca-da-imaginacao-do-eu-neste-tempo-do-tempo-2\/#breadcrumb\"},\"inLanguage\":\"pt-BR\",\"potentialAction\":[{\"@type\":\"ReadAction\",\"target\":[\"https:\/\/radiolifefm.com.br\/noticias\/em-busca-da-imaginacao-do-eu-neste-tempo-do-tempo-2\/\"]}]},{\"@type\":\"ImageObject\",\"inLanguage\":\"pt-BR\",\"@id\":\"https:\/\/radiolifefm.com.br\/noticias\/em-busca-da-imaginacao-do-eu-neste-tempo-do-tempo-2\/#primaryimage\",\"url\":\"https:\/\/radiolifefm.com.br\/noticias\/wp-content\/uploads\/2022\/04\/WhatsApp-Image-2022-04-10-at-18.43.02.jpeg\",\"contentUrl\":\"https:\/\/radiolifefm.com.br\/noticias\/wp-content\/uploads\/2022\/04\/WhatsApp-Image-2022-04-10-at-18.43.02.jpeg\",\"width\":972,\"height\":1296,\"caption\":\"S\u00e9rgio Barbosa\"},{\"@type\":\"BreadcrumbList\",\"@id\":\"https:\/\/radiolifefm.com.br\/noticias\/em-busca-da-imaginacao-do-eu-neste-tempo-do-tempo-2\/#breadcrumb\",\"itemListElement\":[{\"@type\":\"ListItem\",\"position\":1,\"name\":\"In\u00edcio\",\"item\":\"https:\/\/radiolifefm.com.br\/noticias\/\"},{\"@type\":\"ListItem\",\"position\":2,\"name\":\"EM busca da Imagina\u00e7\u00e3o do EU neste tempo do tempo&#8230;\"}]},{\"@type\":\"WebSite\",\"@id\":\"https:\/\/radiolifefm.com.br\/noticias\/#website\",\"url\":\"https:\/\/radiolifefm.com.br\/noticias\/\",\"name\":\"R\u00e1dio Life FM\",\"description\":\"O Portal de Not\u00edcias de Adamantina\",\"publisher\":{\"@id\":\"https:\/\/radiolifefm.com.br\/noticias\/#organization\"},\"alternateName\":\"Life FM\",\"potentialAction\":[{\"@type\":\"SearchAction\",\"target\":{\"@type\":\"EntryPoint\",\"urlTemplate\":\"https:\/\/radiolifefm.com.br\/noticias\/?s={search_term_string}\"},\"query-input\":{\"@type\":\"PropertyValueSpecification\",\"valueRequired\":true,\"valueName\":\"search_term_string\"}}],\"inLanguage\":\"pt-BR\"},{\"@type\":\"Organization\",\"@id\":\"https:\/\/radiolifefm.com.br\/noticias\/#organization\",\"name\":\"R\u00e1dio Life FM\",\"alternateName\":\"Life FM\",\"url\":\"https:\/\/radiolifefm.com.br\/noticias\/\",\"logo\":{\"@type\":\"ImageObject\",\"inLanguage\":\"pt-BR\",\"@id\":\"https:\/\/radiolifefm.com.br\/noticias\/#\/schema\/logo\/image\/\",\"url\":\"https:\/\/static.radiolifefm.com.br\/noticias\/wp-content\/uploads\/2019\/10\/logo-lifefm.png\",\"contentUrl\":\"https:\/\/static.radiolifefm.com.br\/noticias\/wp-content\/uploads\/2019\/10\/logo-lifefm.png\",\"width\":196,\"height\":47,\"caption\":\"R\u00e1dio Life FM\"},\"image\":{\"@id\":\"https:\/\/radiolifefm.com.br\/noticias\/#\/schema\/logo\/image\/\"},\"sameAs\":[\"https:\/\/www.facebook.com\/radiolifefm\/\",\"https:\/\/www.instagram.com\/life1079fm\/\"]},{\"@type\":\"Person\",\"@id\":\"https:\/\/radiolifefm.com.br\/noticias\/#\/schema\/person\/6339b9fac59d12b071dec680d7375d87\",\"name\":\"ritanery\",\"image\":{\"@type\":\"ImageObject\",\"inLanguage\":\"pt-BR\",\"@id\":\"https:\/\/secure.gravatar.com\/avatar\/0e37bb19071f47c0b8a23f62a903df117c5a0e75f65a0c2901562f97cd41cf86?s=96&d=mm&r=g\",\"url\":\"https:\/\/secure.gravatar.com\/avatar\/0e37bb19071f47c0b8a23f62a903df117c5a0e75f65a0c2901562f97cd41cf86?s=96&d=mm&r=g\",\"contentUrl\":\"https:\/\/secure.gravatar.com\/avatar\/0e37bb19071f47c0b8a23f62a903df117c5a0e75f65a0c2901562f97cd41cf86?s=96&d=mm&r=g\",\"caption\":\"ritanery\"}}]}<\/script>\n<!-- \/ Yoast SEO plugin. -->","yoast_head_json":{"title":"EM busca da Imagina\u00e7\u00e3o do EU neste tempo do tempo... - R\u00e1dio Life FM","robots":{"index":"index","follow":"follow","max-snippet":"max-snippet:-1","max-image-preview":"max-image-preview:large","max-video-preview":"max-video-preview:-1"},"canonical":"https:\/\/radiolifefm.com.br\/noticias\/em-busca-da-imaginacao-do-eu-neste-tempo-do-tempo-2\/","og_locale":"pt_BR","og_type":"article","og_title":"EM busca da Imagina\u00e7\u00e3o do EU neste tempo do tempo... - R\u00e1dio Life FM","og_description":"\u00a0\u201cQuando tudo o resto falhar ou faltar resta-nos a imagina\u00e7\u00e3o.\u201d (Albert Einstein) &nbsp; \u00c0 ANA V., dedico! By seb@r. Outro dia fiquei aqui pensando com os meus bot\u00f5es, se bem que s\u00f3 uso camisetas, mesmo assim, a imagina\u00e7\u00e3o pode ir longe e na maioria das vezes nem quer voltar ao lugar de onde saiu&#8230; Ent\u00e3o, [&hellip;]","og_url":"https:\/\/radiolifefm.com.br\/noticias\/em-busca-da-imaginacao-do-eu-neste-tempo-do-tempo-2\/","og_site_name":"R\u00e1dio Life FM","article_publisher":"https:\/\/www.facebook.com\/radiolifefm\/","article_published_time":"2024-02-14T12:33:04+00:00","article_modified_time":"2025-12-16T03:05:46+00:00","og_image":[{"width":972,"height":1296,"url":"https:\/\/radiolifefm.com.br\/noticias\/wp-content\/uploads\/2022\/04\/WhatsApp-Image-2022-04-10-at-18.43.02.jpeg","type":"image\/jpeg"}],"author":"ritanery","twitter_card":"summary_large_image","twitter_misc":{"Escrito por":"ritanery","Est. tempo de leitura":"3 minutos"},"schema":{"@context":"https:\/\/schema.org","@graph":[{"@type":"Article","@id":"https:\/\/radiolifefm.com.br\/noticias\/em-busca-da-imaginacao-do-eu-neste-tempo-do-tempo-2\/#article","isPartOf":{"@id":"https:\/\/radiolifefm.com.br\/noticias\/em-busca-da-imaginacao-do-eu-neste-tempo-do-tempo-2\/"},"author":{"name":"ritanery","@id":"https:\/\/radiolifefm.com.br\/noticias\/#\/schema\/person\/6339b9fac59d12b071dec680d7375d87"},"headline":"EM busca da Imagina\u00e7\u00e3o do EU neste tempo do tempo&#8230;","datePublished":"2024-02-14T12:33:04+00:00","dateModified":"2025-12-16T03:05:46+00:00","mainEntityOfPage":{"@id":"https:\/\/radiolifefm.com.br\/noticias\/em-busca-da-imaginacao-do-eu-neste-tempo-do-tempo-2\/"},"wordCount":445,"publisher":{"@id":"https:\/\/radiolifefm.com.br\/noticias\/#organization"},"image":{"@id":"https:\/\/radiolifefm.com.br\/noticias\/em-busca-da-imaginacao-do-eu-neste-tempo-do-tempo-2\/#primaryimage"},"thumbnailUrl":"https:\/\/radiolifefm.com.br\/noticias\/wp-content\/uploads\/2022\/04\/WhatsApp-Image-2022-04-10-at-18.43.02.jpeg","articleSection":["Opini\u00e3o"],"inLanguage":"pt-BR"},{"@type":"WebPage","@id":"https:\/\/radiolifefm.com.br\/noticias\/em-busca-da-imaginacao-do-eu-neste-tempo-do-tempo-2\/","url":"https:\/\/radiolifefm.com.br\/noticias\/em-busca-da-imaginacao-do-eu-neste-tempo-do-tempo-2\/","name":"EM busca da Imagina\u00e7\u00e3o do EU neste tempo do tempo... - R\u00e1dio Life FM","isPartOf":{"@id":"https:\/\/radiolifefm.com.br\/noticias\/#website"},"primaryImageOfPage":{"@id":"https:\/\/radiolifefm.com.br\/noticias\/em-busca-da-imaginacao-do-eu-neste-tempo-do-tempo-2\/#primaryimage"},"image":{"@id":"https:\/\/radiolifefm.com.br\/noticias\/em-busca-da-imaginacao-do-eu-neste-tempo-do-tempo-2\/#primaryimage"},"thumbnailUrl":"https:\/\/radiolifefm.com.br\/noticias\/wp-content\/uploads\/2022\/04\/WhatsApp-Image-2022-04-10-at-18.43.02.jpeg","datePublished":"2024-02-14T12:33:04+00:00","dateModified":"2025-12-16T03:05:46+00:00","breadcrumb":{"@id":"https:\/\/radiolifefm.com.br\/noticias\/em-busca-da-imaginacao-do-eu-neste-tempo-do-tempo-2\/#breadcrumb"},"inLanguage":"pt-BR","potentialAction":[{"@type":"ReadAction","target":["https:\/\/radiolifefm.com.br\/noticias\/em-busca-da-imaginacao-do-eu-neste-tempo-do-tempo-2\/"]}]},{"@type":"ImageObject","inLanguage":"pt-BR","@id":"https:\/\/radiolifefm.com.br\/noticias\/em-busca-da-imaginacao-do-eu-neste-tempo-do-tempo-2\/#primaryimage","url":"https:\/\/radiolifefm.com.br\/noticias\/wp-content\/uploads\/2022\/04\/WhatsApp-Image-2022-04-10-at-18.43.02.jpeg","contentUrl":"https:\/\/radiolifefm.com.br\/noticias\/wp-content\/uploads\/2022\/04\/WhatsApp-Image-2022-04-10-at-18.43.02.jpeg","width":972,"height":1296,"caption":"S\u00e9rgio Barbosa"},{"@type":"BreadcrumbList","@id":"https:\/\/radiolifefm.com.br\/noticias\/em-busca-da-imaginacao-do-eu-neste-tempo-do-tempo-2\/#breadcrumb","itemListElement":[{"@type":"ListItem","position":1,"name":"In\u00edcio","item":"https:\/\/radiolifefm.com.br\/noticias\/"},{"@type":"ListItem","position":2,"name":"EM busca da Imagina\u00e7\u00e3o do EU neste tempo do tempo&#8230;"}]},{"@type":"WebSite","@id":"https:\/\/radiolifefm.com.br\/noticias\/#website","url":"https:\/\/radiolifefm.com.br\/noticias\/","name":"R\u00e1dio Life FM","description":"O Portal de Not\u00edcias de Adamantina","publisher":{"@id":"https:\/\/radiolifefm.com.br\/noticias\/#organization"},"alternateName":"Life FM","potentialAction":[{"@type":"SearchAction","target":{"@type":"EntryPoint","urlTemplate":"https:\/\/radiolifefm.com.br\/noticias\/?s={search_term_string}"},"query-input":{"@type":"PropertyValueSpecification","valueRequired":true,"valueName":"search_term_string"}}],"inLanguage":"pt-BR"},{"@type":"Organization","@id":"https:\/\/radiolifefm.com.br\/noticias\/#organization","name":"R\u00e1dio Life FM","alternateName":"Life FM","url":"https:\/\/radiolifefm.com.br\/noticias\/","logo":{"@type":"ImageObject","inLanguage":"pt-BR","@id":"https:\/\/radiolifefm.com.br\/noticias\/#\/schema\/logo\/image\/","url":"https:\/\/static.radiolifefm.com.br\/noticias\/wp-content\/uploads\/2019\/10\/logo-lifefm.png","contentUrl":"https:\/\/static.radiolifefm.com.br\/noticias\/wp-content\/uploads\/2019\/10\/logo-lifefm.png","width":196,"height":47,"caption":"R\u00e1dio Life FM"},"image":{"@id":"https:\/\/radiolifefm.com.br\/noticias\/#\/schema\/logo\/image\/"},"sameAs":["https:\/\/www.facebook.com\/radiolifefm\/","https:\/\/www.instagram.com\/life1079fm\/"]},{"@type":"Person","@id":"https:\/\/radiolifefm.com.br\/noticias\/#\/schema\/person\/6339b9fac59d12b071dec680d7375d87","name":"ritanery","image":{"@type":"ImageObject","inLanguage":"pt-BR","@id":"https:\/\/secure.gravatar.com\/avatar\/0e37bb19071f47c0b8a23f62a903df117c5a0e75f65a0c2901562f97cd41cf86?s=96&d=mm&r=g","url":"https:\/\/secure.gravatar.com\/avatar\/0e37bb19071f47c0b8a23f62a903df117c5a0e75f65a0c2901562f97cd41cf86?s=96&d=mm&r=g","contentUrl":"https:\/\/secure.gravatar.com\/avatar\/0e37bb19071f47c0b8a23f62a903df117c5a0e75f65a0c2901562f97cd41cf86?s=96&d=mm&r=g","caption":"ritanery"}}]}},"amp_enabled":true,"_links":{"self":[{"href":"https:\/\/radiolifefm.com.br\/noticias\/wp-json\/wp\/v2\/posts\/82912","targetHints":{"allow":["GET"]}}],"collection":[{"href":"https:\/\/radiolifefm.com.br\/noticias\/wp-json\/wp\/v2\/posts"}],"about":[{"href":"https:\/\/radiolifefm.com.br\/noticias\/wp-json\/wp\/v2\/types\/post"}],"author":[{"embeddable":true,"href":"https:\/\/radiolifefm.com.br\/noticias\/wp-json\/wp\/v2\/users\/13"}],"replies":[{"embeddable":true,"href":"https:\/\/radiolifefm.com.br\/noticias\/wp-json\/wp\/v2\/comments?post=82912"}],"version-history":[{"count":1,"href":"https:\/\/radiolifefm.com.br\/noticias\/wp-json\/wp\/v2\/posts\/82912\/revisions"}],"predecessor-version":[{"id":82913,"href":"https:\/\/radiolifefm.com.br\/noticias\/wp-json\/wp\/v2\/posts\/82912\/revisions\/82913"}],"wp:featuredmedia":[{"embeddable":true,"href":"https:\/\/radiolifefm.com.br\/noticias\/wp-json\/wp\/v2\/media\/51988"}],"wp:attachment":[{"href":"https:\/\/radiolifefm.com.br\/noticias\/wp-json\/wp\/v2\/media?parent=82912"}],"wp:term":[{"taxonomy":"category","embeddable":true,"href":"https:\/\/radiolifefm.com.br\/noticias\/wp-json\/wp\/v2\/categories?post=82912"},{"taxonomy":"post_tag","embeddable":true,"href":"https:\/\/radiolifefm.com.br\/noticias\/wp-json\/wp\/v2\/tags?post=82912"}],"curies":[{"name":"wp","href":"https:\/\/api.w.org\/{rel}","templated":true}]}}