{"id":82892,"date":"2024-02-14T08:06:24","date_gmt":"2024-02-14T11:06:24","guid":{"rendered":"https:\/\/radiolifefm.com.br\/noticias\/?p=82892"},"modified":"2026-04-07T07:43:26","modified_gmt":"2026-04-07T10:43:26","slug":"o-professor-e-o-jornalista-diplomado-2","status":"publish","type":"post","link":"https:\/\/radiolifefm.com.br\/noticias\/o-professor-e-o-jornalista-diplomado-2\/","title":{"rendered":"O PROFESSOR E O JORNALISTA DIPLOMADO&#8230;"},"content":{"rendered":"<div id=\"fb-root\"><\/div>\n<p>&nbsp;<\/p>\n<p><em>\u00a0\u201cO jornalista \u00e9\u00a0 historiador do presente\u201d (fjrp\/umesp)<\/em><\/p>\n<p>&nbsp;<\/p>\n<p><strong>Ao professor D\u00e9cio Neves (in memoriam), dedico! <\/strong><\/p>\n<p><strong>By seb@r. <\/strong><\/p>\n<p>&nbsp;<\/p>\n<p>Os anos passam e o tempo continua implac\u00e1vel com a sua espada abaixo do equador em tempo de globaliza\u00e7\u00e3o, assim, de vento em popa, o mundo segue o seu caminho pelas estradas de um passado sem presente, por\u00e9m, a hist\u00f3ria continua sendo o centro dos acontecimentos neste cen\u00e1rio atual&#8230;<\/p>\n<p>A morte, como sempre, aparece pelas janelas de uma casa qualquer, n\u00e3o pede licen\u00e7a para entrar, assim, muitas vezes adentra o lugar sem avisar da sua chegada, criando um nevoa no lugar, ou seja, do barulho para o sil\u00eancio&#8230;<\/p>\n<p>Algumas pessoas passam pelo mundo terreno e deixam marcas da sua presen\u00e7a humana, mesmo depois da morte, alguns alegam ser o esp\u00edrito da pessoa que ali ficou, outros dizem que partiu para o lar celestial, por\u00e9m, neste caso em especial, o que importa \u00e9 a lembran\u00e7a daquele que partiu para o outro lado e ponto quase final&#8230;<\/p>\n<p>Os contatos com o professor foram poucos, mas deu pra sentir que o mesmo possu\u00eda um amor imenso pela prov\u00edncia, acreditava ainda, que um dia tudo iria mudar, claro, para melhor, por isto e mais aquilo, o jornalista procurara sempre ouvir a voz do historiador do outro tempo do tempo&#8230;<\/p>\n<p>Nos poucos encontros que aconteceram para os dois lados, o jornalista aprendeu muito sobre a hist\u00f3ria provinciana em meio \u00e0s outras est\u00f3rias creditadas aos donos do poder local, quando os vencidos foram engolidos pelos vencedores de sempre&#8230;<\/p>\n<p>O professor gostava de contar os causos relacionados com a \u201cProv\u00edncia do faz de conta\u201d, criando desta forma, muitos cen\u00e1rios pitorescos para um lugar comum, haja vista, o olhar do historiador frente aos acontecimentos do presente, ao mesmo tempo, com saudades do passado, aquele que n\u00e3o volta nunca mais, ainda mais agora, sua partida deixa um vazio no meio das muitas conversas efetivadas com o jornalista de plant\u00e3o em terras provincianas&#8230;<\/p>\n<p>Nos encontros, os temas eram, quase sempre, os mesmos para uma recorda\u00e7\u00e3o dos velhos e bons tempos na regi\u00e3o da alta paulista, quando os trilhos de uma ferrovia imperavam soberanos pelas estradas de ferro do progresso via interior do interior paulista&#8230;<\/p>\n<p>Dizia categ\u00f3rico que a hist\u00f3ria da prov\u00edncia, ainda estava para ser escrita, desejando desta forma, uma nova proposta em n\u00edvel hist\u00f3rico, para esta confirma\u00e7\u00e3o, basta reler os muitos textos e artigos publicados na m\u00eddia local sobre fatos relacionados com o passado provinciano&#8230;<\/p>\n<p>Assim, cada qual, do seu jeito, busca os detalhes de um passado para entender o presente, desta forma, o melhor \u00e9 sair em busca do outro lado para um desencontro em meio \u00e0s descobertas nos anais da hist\u00f3ria sob a \u00f3tica de um professor que deixou marcas para uma pesquisa acad\u00eamica frente \u00e0s muitas est\u00f3rias de uma \u00fanica hist\u00f3ria ou vice-versa&#8230;<\/p>\n<p>Neste contexto, fica a saudade das muitas conversas nas esquinas de uma prov\u00edncia qualquer, como sempre dizia, \u201cquem sabe, um dia, a prov\u00edncia siga o seu caminho&#8230;\u201d ou ent\u00e3o, \u201c\u00e9 como o senhor diz nos textos, este \u00e9 o \u2018pa\u00eds do faz de conta mesmo&#8230;\u201d ou ent\u00e3o, \u201cclaro, somos todos tupiniquins&#8230;\u201d.<\/p>\n<p>Ave professor D\u00e9cio Neves!<\/p>\n<p><strong><em>_____________________________________<\/em><\/strong><\/p>\n<p><strong><em>e-mail: <a href=\"mailto:barbosa.sebar@gmail.com\">barbosa.sebar@gmail.com<\/a><\/em><\/strong><\/p>\n<p>&nbsp;<\/p>\n","protected":false},"excerpt":{"rendered":"<p>&nbsp; \u00a0\u201cO jornalista \u00e9\u00a0 historiador do presente\u201d (fjrp\/umesp) &nbsp; Ao professor D\u00e9cio Neves (in memoriam), dedico! By seb@r. &nbsp; Os anos passam e o tempo continua implac\u00e1vel com a sua espada abaixo do equador em tempo de globaliza\u00e7\u00e3o, assim, de vento em popa, o mundo segue o seu caminho pelas estradas de um passado sem [&hellip;]<\/p>\n","protected":false},"author":13,"featured_media":51988,"comment_status":"closed","ping_status":"open","sticky":false,"template":"","format":"standard","meta":{"_acf_changed":false,"_exactmetrics_skip_tracking":false,"_exactmetrics_sitenote_active":false,"_exactmetrics_sitenote_note":"","_exactmetrics_sitenote_category":0,"footnotes":""},"categories":[59],"tags":[],"class_list":["post-82892","post","type-post","status-publish","format-standard","has-post-thumbnail","hentry","category-opiniao"],"acf":[],"yoast_head":"<!-- This site is optimized with the Yoast SEO plugin v27.2 - https:\/\/yoast.com\/product\/yoast-seo-wordpress\/ -->\n<title>O PROFESSOR E O JORNALISTA DIPLOMADO... - R\u00e1dio Life FM<\/title>\n<meta name=\"robots\" content=\"index, follow, max-snippet:-1, max-image-preview:large, max-video-preview:-1\" \/>\n<link rel=\"canonical\" href=\"https:\/\/radiolifefm.com.br\/noticias\/o-professor-e-o-jornalista-diplomado-2\/\" \/>\n<meta property=\"og:locale\" content=\"pt_BR\" \/>\n<meta property=\"og:type\" content=\"article\" \/>\n<meta property=\"og:title\" content=\"O PROFESSOR E O JORNALISTA DIPLOMADO... - R\u00e1dio Life FM\" \/>\n<meta property=\"og:description\" content=\"&nbsp; \u00a0\u201cO jornalista \u00e9\u00a0 historiador do presente\u201d (fjrp\/umesp) &nbsp; Ao professor D\u00e9cio Neves (in memoriam), dedico! By seb@r. &nbsp; Os anos passam e o tempo continua implac\u00e1vel com a sua espada abaixo do equador em tempo de globaliza\u00e7\u00e3o, assim, de vento em popa, o mundo segue o seu caminho pelas estradas de um passado sem [&hellip;]\" \/>\n<meta property=\"og:url\" content=\"https:\/\/radiolifefm.com.br\/noticias\/o-professor-e-o-jornalista-diplomado-2\/\" \/>\n<meta property=\"og:site_name\" content=\"R\u00e1dio Life FM\" \/>\n<meta property=\"article:publisher\" content=\"https:\/\/www.facebook.com\/radiolifefm\/\" \/>\n<meta property=\"article:published_time\" content=\"2024-02-14T11:06:24+00:00\" \/>\n<meta property=\"article:modified_time\" content=\"2026-04-07T10:43:26+00:00\" \/>\n<meta property=\"og:image\" content=\"https:\/\/radiolifefm.com.br\/noticias\/wp-content\/uploads\/2022\/04\/WhatsApp-Image-2022-04-10-at-18.43.02.jpeg\" \/>\n\t<meta property=\"og:image:width\" content=\"972\" \/>\n\t<meta property=\"og:image:height\" content=\"1296\" \/>\n\t<meta property=\"og:image:type\" content=\"image\/jpeg\" \/>\n<meta name=\"author\" content=\"ritanery\" \/>\n<meta name=\"twitter:card\" content=\"summary_large_image\" \/>\n<meta name=\"twitter:label1\" content=\"Escrito por\" \/>\n\t<meta name=\"twitter:data1\" content=\"ritanery\" \/>\n\t<meta name=\"twitter:label2\" content=\"Est. tempo de leitura\" \/>\n\t<meta name=\"twitter:data2\" content=\"3 minutos\" \/>\n<script type=\"application\/ld+json\" class=\"yoast-schema-graph\">{\"@context\":\"https:\/\/schema.org\",\"@graph\":[{\"@type\":\"Article\",\"@id\":\"https:\/\/radiolifefm.com.br\/noticias\/o-professor-e-o-jornalista-diplomado-2\/#article\",\"isPartOf\":{\"@id\":\"https:\/\/radiolifefm.com.br\/noticias\/o-professor-e-o-jornalista-diplomado-2\/\"},\"author\":{\"name\":\"ritanery\",\"@id\":\"https:\/\/radiolifefm.com.br\/noticias\/#\/schema\/person\/6339b9fac59d12b071dec680d7375d87\"},\"headline\":\"O PROFESSOR E O JORNALISTA DIPLOMADO&#8230;\",\"datePublished\":\"2024-02-14T11:06:24+00:00\",\"dateModified\":\"2026-04-07T10:43:26+00:00\",\"mainEntityOfPage\":{\"@id\":\"https:\/\/radiolifefm.com.br\/noticias\/o-professor-e-o-jornalista-diplomado-2\/\"},\"wordCount\":570,\"publisher\":{\"@id\":\"https:\/\/radiolifefm.com.br\/noticias\/#organization\"},\"image\":{\"@id\":\"https:\/\/radiolifefm.com.br\/noticias\/o-professor-e-o-jornalista-diplomado-2\/#primaryimage\"},\"thumbnailUrl\":\"https:\/\/radiolifefm.com.br\/noticias\/wp-content\/uploads\/2022\/04\/WhatsApp-Image-2022-04-10-at-18.43.02.jpeg\",\"articleSection\":[\"Opini\u00e3o\"],\"inLanguage\":\"pt-BR\"},{\"@type\":\"WebPage\",\"@id\":\"https:\/\/radiolifefm.com.br\/noticias\/o-professor-e-o-jornalista-diplomado-2\/\",\"url\":\"https:\/\/radiolifefm.com.br\/noticias\/o-professor-e-o-jornalista-diplomado-2\/\",\"name\":\"O PROFESSOR E O JORNALISTA DIPLOMADO... - R\u00e1dio Life FM\",\"isPartOf\":{\"@id\":\"https:\/\/radiolifefm.com.br\/noticias\/#website\"},\"primaryImageOfPage\":{\"@id\":\"https:\/\/radiolifefm.com.br\/noticias\/o-professor-e-o-jornalista-diplomado-2\/#primaryimage\"},\"image\":{\"@id\":\"https:\/\/radiolifefm.com.br\/noticias\/o-professor-e-o-jornalista-diplomado-2\/#primaryimage\"},\"thumbnailUrl\":\"https:\/\/radiolifefm.com.br\/noticias\/wp-content\/uploads\/2022\/04\/WhatsApp-Image-2022-04-10-at-18.43.02.jpeg\",\"datePublished\":\"2024-02-14T11:06:24+00:00\",\"dateModified\":\"2026-04-07T10:43:26+00:00\",\"breadcrumb\":{\"@id\":\"https:\/\/radiolifefm.com.br\/noticias\/o-professor-e-o-jornalista-diplomado-2\/#breadcrumb\"},\"inLanguage\":\"pt-BR\",\"potentialAction\":[{\"@type\":\"ReadAction\",\"target\":[\"https:\/\/radiolifefm.com.br\/noticias\/o-professor-e-o-jornalista-diplomado-2\/\"]}]},{\"@type\":\"ImageObject\",\"inLanguage\":\"pt-BR\",\"@id\":\"https:\/\/radiolifefm.com.br\/noticias\/o-professor-e-o-jornalista-diplomado-2\/#primaryimage\",\"url\":\"https:\/\/radiolifefm.com.br\/noticias\/wp-content\/uploads\/2022\/04\/WhatsApp-Image-2022-04-10-at-18.43.02.jpeg\",\"contentUrl\":\"https:\/\/radiolifefm.com.br\/noticias\/wp-content\/uploads\/2022\/04\/WhatsApp-Image-2022-04-10-at-18.43.02.jpeg\",\"width\":972,\"height\":1296,\"caption\":\"S\u00e9rgio Barbosa\"},{\"@type\":\"BreadcrumbList\",\"@id\":\"https:\/\/radiolifefm.com.br\/noticias\/o-professor-e-o-jornalista-diplomado-2\/#breadcrumb\",\"itemListElement\":[{\"@type\":\"ListItem\",\"position\":1,\"name\":\"In\u00edcio\",\"item\":\"https:\/\/radiolifefm.com.br\/noticias\/\"},{\"@type\":\"ListItem\",\"position\":2,\"name\":\"O PROFESSOR E O JORNALISTA DIPLOMADO&#8230;\"}]},{\"@type\":\"WebSite\",\"@id\":\"https:\/\/radiolifefm.com.br\/noticias\/#website\",\"url\":\"https:\/\/radiolifefm.com.br\/noticias\/\",\"name\":\"R\u00e1dio Life FM\",\"description\":\"O Portal de Not\u00edcias de Adamantina\",\"publisher\":{\"@id\":\"https:\/\/radiolifefm.com.br\/noticias\/#organization\"},\"alternateName\":\"Life FM\",\"potentialAction\":[{\"@type\":\"SearchAction\",\"target\":{\"@type\":\"EntryPoint\",\"urlTemplate\":\"https:\/\/radiolifefm.com.br\/noticias\/?s={search_term_string}\"},\"query-input\":{\"@type\":\"PropertyValueSpecification\",\"valueRequired\":true,\"valueName\":\"search_term_string\"}}],\"inLanguage\":\"pt-BR\"},{\"@type\":\"Organization\",\"@id\":\"https:\/\/radiolifefm.com.br\/noticias\/#organization\",\"name\":\"R\u00e1dio Life FM\",\"alternateName\":\"Life FM\",\"url\":\"https:\/\/radiolifefm.com.br\/noticias\/\",\"logo\":{\"@type\":\"ImageObject\",\"inLanguage\":\"pt-BR\",\"@id\":\"https:\/\/radiolifefm.com.br\/noticias\/#\/schema\/logo\/image\/\",\"url\":\"https:\/\/static.radiolifefm.com.br\/noticias\/wp-content\/uploads\/2019\/10\/logo-lifefm.png\",\"contentUrl\":\"https:\/\/static.radiolifefm.com.br\/noticias\/wp-content\/uploads\/2019\/10\/logo-lifefm.png\",\"width\":196,\"height\":47,\"caption\":\"R\u00e1dio Life FM\"},\"image\":{\"@id\":\"https:\/\/radiolifefm.com.br\/noticias\/#\/schema\/logo\/image\/\"},\"sameAs\":[\"https:\/\/www.facebook.com\/radiolifefm\/\",\"https:\/\/www.instagram.com\/life1079fm\/\"]},{\"@type\":\"Person\",\"@id\":\"https:\/\/radiolifefm.com.br\/noticias\/#\/schema\/person\/6339b9fac59d12b071dec680d7375d87\",\"name\":\"ritanery\",\"image\":{\"@type\":\"ImageObject\",\"inLanguage\":\"pt-BR\",\"@id\":\"https:\/\/secure.gravatar.com\/avatar\/0e37bb19071f47c0b8a23f62a903df117c5a0e75f65a0c2901562f97cd41cf86?s=96&d=mm&r=g\",\"url\":\"https:\/\/secure.gravatar.com\/avatar\/0e37bb19071f47c0b8a23f62a903df117c5a0e75f65a0c2901562f97cd41cf86?s=96&d=mm&r=g\",\"contentUrl\":\"https:\/\/secure.gravatar.com\/avatar\/0e37bb19071f47c0b8a23f62a903df117c5a0e75f65a0c2901562f97cd41cf86?s=96&d=mm&r=g\",\"caption\":\"ritanery\"}}]}<\/script>\n<!-- \/ Yoast SEO plugin. -->","yoast_head_json":{"title":"O PROFESSOR E O JORNALISTA DIPLOMADO... - R\u00e1dio Life FM","robots":{"index":"index","follow":"follow","max-snippet":"max-snippet:-1","max-image-preview":"max-image-preview:large","max-video-preview":"max-video-preview:-1"},"canonical":"https:\/\/radiolifefm.com.br\/noticias\/o-professor-e-o-jornalista-diplomado-2\/","og_locale":"pt_BR","og_type":"article","og_title":"O PROFESSOR E O JORNALISTA DIPLOMADO... - R\u00e1dio Life FM","og_description":"&nbsp; \u00a0\u201cO jornalista \u00e9\u00a0 historiador do presente\u201d (fjrp\/umesp) &nbsp; Ao professor D\u00e9cio Neves (in memoriam), dedico! By seb@r. &nbsp; Os anos passam e o tempo continua implac\u00e1vel com a sua espada abaixo do equador em tempo de globaliza\u00e7\u00e3o, assim, de vento em popa, o mundo segue o seu caminho pelas estradas de um passado sem [&hellip;]","og_url":"https:\/\/radiolifefm.com.br\/noticias\/o-professor-e-o-jornalista-diplomado-2\/","og_site_name":"R\u00e1dio Life FM","article_publisher":"https:\/\/www.facebook.com\/radiolifefm\/","article_published_time":"2024-02-14T11:06:24+00:00","article_modified_time":"2026-04-07T10:43:26+00:00","og_image":[{"width":972,"height":1296,"url":"https:\/\/radiolifefm.com.br\/noticias\/wp-content\/uploads\/2022\/04\/WhatsApp-Image-2022-04-10-at-18.43.02.jpeg","type":"image\/jpeg"}],"author":"ritanery","twitter_card":"summary_large_image","twitter_misc":{"Escrito por":"ritanery","Est. tempo de leitura":"3 minutos"},"schema":{"@context":"https:\/\/schema.org","@graph":[{"@type":"Article","@id":"https:\/\/radiolifefm.com.br\/noticias\/o-professor-e-o-jornalista-diplomado-2\/#article","isPartOf":{"@id":"https:\/\/radiolifefm.com.br\/noticias\/o-professor-e-o-jornalista-diplomado-2\/"},"author":{"name":"ritanery","@id":"https:\/\/radiolifefm.com.br\/noticias\/#\/schema\/person\/6339b9fac59d12b071dec680d7375d87"},"headline":"O PROFESSOR E O JORNALISTA DIPLOMADO&#8230;","datePublished":"2024-02-14T11:06:24+00:00","dateModified":"2026-04-07T10:43:26+00:00","mainEntityOfPage":{"@id":"https:\/\/radiolifefm.com.br\/noticias\/o-professor-e-o-jornalista-diplomado-2\/"},"wordCount":570,"publisher":{"@id":"https:\/\/radiolifefm.com.br\/noticias\/#organization"},"image":{"@id":"https:\/\/radiolifefm.com.br\/noticias\/o-professor-e-o-jornalista-diplomado-2\/#primaryimage"},"thumbnailUrl":"https:\/\/radiolifefm.com.br\/noticias\/wp-content\/uploads\/2022\/04\/WhatsApp-Image-2022-04-10-at-18.43.02.jpeg","articleSection":["Opini\u00e3o"],"inLanguage":"pt-BR"},{"@type":"WebPage","@id":"https:\/\/radiolifefm.com.br\/noticias\/o-professor-e-o-jornalista-diplomado-2\/","url":"https:\/\/radiolifefm.com.br\/noticias\/o-professor-e-o-jornalista-diplomado-2\/","name":"O PROFESSOR E O JORNALISTA DIPLOMADO... - R\u00e1dio Life FM","isPartOf":{"@id":"https:\/\/radiolifefm.com.br\/noticias\/#website"},"primaryImageOfPage":{"@id":"https:\/\/radiolifefm.com.br\/noticias\/o-professor-e-o-jornalista-diplomado-2\/#primaryimage"},"image":{"@id":"https:\/\/radiolifefm.com.br\/noticias\/o-professor-e-o-jornalista-diplomado-2\/#primaryimage"},"thumbnailUrl":"https:\/\/radiolifefm.com.br\/noticias\/wp-content\/uploads\/2022\/04\/WhatsApp-Image-2022-04-10-at-18.43.02.jpeg","datePublished":"2024-02-14T11:06:24+00:00","dateModified":"2026-04-07T10:43:26+00:00","breadcrumb":{"@id":"https:\/\/radiolifefm.com.br\/noticias\/o-professor-e-o-jornalista-diplomado-2\/#breadcrumb"},"inLanguage":"pt-BR","potentialAction":[{"@type":"ReadAction","target":["https:\/\/radiolifefm.com.br\/noticias\/o-professor-e-o-jornalista-diplomado-2\/"]}]},{"@type":"ImageObject","inLanguage":"pt-BR","@id":"https:\/\/radiolifefm.com.br\/noticias\/o-professor-e-o-jornalista-diplomado-2\/#primaryimage","url":"https:\/\/radiolifefm.com.br\/noticias\/wp-content\/uploads\/2022\/04\/WhatsApp-Image-2022-04-10-at-18.43.02.jpeg","contentUrl":"https:\/\/radiolifefm.com.br\/noticias\/wp-content\/uploads\/2022\/04\/WhatsApp-Image-2022-04-10-at-18.43.02.jpeg","width":972,"height":1296,"caption":"S\u00e9rgio Barbosa"},{"@type":"BreadcrumbList","@id":"https:\/\/radiolifefm.com.br\/noticias\/o-professor-e-o-jornalista-diplomado-2\/#breadcrumb","itemListElement":[{"@type":"ListItem","position":1,"name":"In\u00edcio","item":"https:\/\/radiolifefm.com.br\/noticias\/"},{"@type":"ListItem","position":2,"name":"O PROFESSOR E O JORNALISTA DIPLOMADO&#8230;"}]},{"@type":"WebSite","@id":"https:\/\/radiolifefm.com.br\/noticias\/#website","url":"https:\/\/radiolifefm.com.br\/noticias\/","name":"R\u00e1dio Life FM","description":"O Portal de Not\u00edcias de Adamantina","publisher":{"@id":"https:\/\/radiolifefm.com.br\/noticias\/#organization"},"alternateName":"Life FM","potentialAction":[{"@type":"SearchAction","target":{"@type":"EntryPoint","urlTemplate":"https:\/\/radiolifefm.com.br\/noticias\/?s={search_term_string}"},"query-input":{"@type":"PropertyValueSpecification","valueRequired":true,"valueName":"search_term_string"}}],"inLanguage":"pt-BR"},{"@type":"Organization","@id":"https:\/\/radiolifefm.com.br\/noticias\/#organization","name":"R\u00e1dio Life FM","alternateName":"Life FM","url":"https:\/\/radiolifefm.com.br\/noticias\/","logo":{"@type":"ImageObject","inLanguage":"pt-BR","@id":"https:\/\/radiolifefm.com.br\/noticias\/#\/schema\/logo\/image\/","url":"https:\/\/static.radiolifefm.com.br\/noticias\/wp-content\/uploads\/2019\/10\/logo-lifefm.png","contentUrl":"https:\/\/static.radiolifefm.com.br\/noticias\/wp-content\/uploads\/2019\/10\/logo-lifefm.png","width":196,"height":47,"caption":"R\u00e1dio Life FM"},"image":{"@id":"https:\/\/radiolifefm.com.br\/noticias\/#\/schema\/logo\/image\/"},"sameAs":["https:\/\/www.facebook.com\/radiolifefm\/","https:\/\/www.instagram.com\/life1079fm\/"]},{"@type":"Person","@id":"https:\/\/radiolifefm.com.br\/noticias\/#\/schema\/person\/6339b9fac59d12b071dec680d7375d87","name":"ritanery","image":{"@type":"ImageObject","inLanguage":"pt-BR","@id":"https:\/\/secure.gravatar.com\/avatar\/0e37bb19071f47c0b8a23f62a903df117c5a0e75f65a0c2901562f97cd41cf86?s=96&d=mm&r=g","url":"https:\/\/secure.gravatar.com\/avatar\/0e37bb19071f47c0b8a23f62a903df117c5a0e75f65a0c2901562f97cd41cf86?s=96&d=mm&r=g","contentUrl":"https:\/\/secure.gravatar.com\/avatar\/0e37bb19071f47c0b8a23f62a903df117c5a0e75f65a0c2901562f97cd41cf86?s=96&d=mm&r=g","caption":"ritanery"}}]}},"amp_enabled":true,"_links":{"self":[{"href":"https:\/\/radiolifefm.com.br\/noticias\/wp-json\/wp\/v2\/posts\/82892","targetHints":{"allow":["GET"]}}],"collection":[{"href":"https:\/\/radiolifefm.com.br\/noticias\/wp-json\/wp\/v2\/posts"}],"about":[{"href":"https:\/\/radiolifefm.com.br\/noticias\/wp-json\/wp\/v2\/types\/post"}],"author":[{"embeddable":true,"href":"https:\/\/radiolifefm.com.br\/noticias\/wp-json\/wp\/v2\/users\/13"}],"replies":[{"embeddable":true,"href":"https:\/\/radiolifefm.com.br\/noticias\/wp-json\/wp\/v2\/comments?post=82892"}],"version-history":[{"count":1,"href":"https:\/\/radiolifefm.com.br\/noticias\/wp-json\/wp\/v2\/posts\/82892\/revisions"}],"predecessor-version":[{"id":82893,"href":"https:\/\/radiolifefm.com.br\/noticias\/wp-json\/wp\/v2\/posts\/82892\/revisions\/82893"}],"wp:featuredmedia":[{"embeddable":true,"href":"https:\/\/radiolifefm.com.br\/noticias\/wp-json\/wp\/v2\/media\/51988"}],"wp:attachment":[{"href":"https:\/\/radiolifefm.com.br\/noticias\/wp-json\/wp\/v2\/media?parent=82892"}],"wp:term":[{"taxonomy":"category","embeddable":true,"href":"https:\/\/radiolifefm.com.br\/noticias\/wp-json\/wp\/v2\/categories?post=82892"},{"taxonomy":"post_tag","embeddable":true,"href":"https:\/\/radiolifefm.com.br\/noticias\/wp-json\/wp\/v2\/tags?post=82892"}],"curies":[{"name":"wp","href":"https:\/\/api.w.org\/{rel}","templated":true}]}}