{"id":82830,"date":"2024-02-09T07:59:28","date_gmt":"2024-02-09T10:59:28","guid":{"rendered":"https:\/\/radiolifefm.com.br\/noticias\/?p=82830"},"modified":"2026-02-06T07:17:06","modified_gmt":"2026-02-06T10:17:06","slug":"provincia-mentes-mediocres-e-politica","status":"publish","type":"post","link":"https:\/\/radiolifefm.com.br\/noticias\/provincia-mentes-mediocres-e-politica\/","title":{"rendered":"PROV\u00cdNCIA, MENTES MED\u00cdOCRES E POL\u00cdTICA&#8230;"},"content":{"rendered":"<div id=\"fb-root\"><\/div>\n<p><em>\u00a0<\/em><\/p>\n<p><em>\u201c\u00c9 a intelig\u00eancia e n\u00e3o a idade que serve para se achar a sabedoria\u201d. (Publilius <\/em>Siro)<\/p>\n<p>&nbsp;<\/p>\n<p><strong><em>By seb@r.<\/em><\/strong><\/p>\n<p>&nbsp;<\/p>\n<p>O palco de um teatro qualquer pode representar muitos atos nas apresenta\u00e7\u00f5es de uma pe\u00e7a simples e complicada ao mesmo tempo, claro, depende sempre do olhar de cada pessoa frente ao enredo apresentado para um p\u00fablico calado pela press\u00e3o da emo\u00e7\u00e3o em tempo de P\u00d3S-GLOBALIZA\u00c7\u00c3O MIDI\u00c1TICA&#8230;<\/p>\n<p>Neste contexto teatral tudo pode acontecer de um momento para outro, assim, quando menos se espera o cen\u00e1rio muda de lugar e a cena vista j\u00e1 n\u00e3o \u00e9 mais a mesma do segundo anterior, portanto, \u00e9 preciso ficar atento ao jogo de cena da apresenta\u00e7\u00e3o art\u00edstica em meio aos DESENCONTROS PROVINCIANOS&#8230;<\/p>\n<p>O artista \u00e9 senhor de si quando demonstra em cena o seu potencial para uma plat\u00e9ia fascinada pela arte da representa\u00e7\u00e3o teatral em meio ao gestual inusitado da apresenta\u00e7\u00e3o teatral nesta PROV\u00cdNCIA DO FAZ DE CONTA&#8230;<\/p>\n<p>A arte proporciona o momento daquele prazer, ao mesmo tempo, traz a beleza do gestual e das palavras colocadas de forma precisa, em outras oportunidades, por meio das famosas met\u00e1foras que a l\u00edngua tupiniquim proporciona aos artistas desta arte milenar&#8230;<\/p>\n<p>Por\u00e9m, os anos passam e as pessoas continuam repetindo a mesma coisa de sempre, isso \u00e9, \u201csentadas num mesmo lugar\u201d como diz o dito mais do que popular tupiniquim, ou, como afirmou um provinciano, \u201cvendo a boiada passar pelas ruas de outrora&#8230;\u201d, em ambos os casos, \u00e9 a mesmice de sempre em terras provincianas, talvez, cada qual, do seu jeito bronco, esperando as nuvens de um c\u00e9u de brigadeiro se dispersarem para uma \u201cchuva\u201d a mais nas centenas de buracos espalhados pelas ruas desta PROV\u00cdNCIA DO FAZ DE CONTA&#8230;<\/p>\n<p>Tudo, na realidade, se resume num mero jogo de cartas, ainda mais em tempo de elei\u00e7\u00f5es, desta vez, com m\u00faltiplas escolhas para o eleitor menos desavisado quanto aos candidatos da regi\u00e3o, se poss\u00edvel, sem \u201c\u00e1lcool em mim\u201d, mas, pode ser correr outros riscos, por exemplo, comprar, ou melhor, votar em lebres e ter que engolir sapos e mais sapos, n\u00e3o t\u00e3o barbudos como da outra vez, todavia, bem aparados para muitos DESENCONTROS mediados e PATROCINADOS pelo PODER em nome do PODER&#8230;<\/p>\n<p>Entre muitas MENTES MED\u00cdOCRES, as portas de um jardim zool\u00f3gico est\u00e3o ABERTAS, como num passe de m\u00e1gica, \u201cabrem-se \u00e0s alas para o pr\u00e9-carnaval provinciano\u201d, agora, empanturrados disto ou daquilo, ainda, em busca da HIBERNA\u00c7\u00c3O POL\u00cdTICA, claro, quem sabe, neste caso, um retorno nada infeliz para a toca do outro, ainda, depois da ressaca das \u00daLTIMAS ELEI\u00c7\u00d5ES neste PA\u00cdS DO FAZ DE CONTA e agora, com um TODO PODEROSO E IDOLATRADO, PRIMEIRO MINISTRO na C\u00c2MARA DOS DEPUTADOS no Planalto central&#8230;<\/p>\n<p>Nada contra isto ou aquilo, ainda, muito pelo contr\u00e1rio, entretanto, as palavras se perdem no vazio quando ditas ao vento de uma esquina qualquer, como sempre, a prov\u00edncia tem seus locos preferidos para tais indaga\u00e7\u00f5es dos ouvintes que falam mais do que matraca perdida nas m\u00e3os do homem do sinal da frente ressalta-se aqui, aquela \u201cest\u00f3ria de quem vai colocar o tal do guizo no pesco\u00e7o do gato&#8230;\u201d.<\/p>\n<p>Mas, se de rato n\u00e3o se pode ir, pensa-se nas \u201cratazanas provincianas\u201d em meio ao caos das doen\u00e7as patrocinadas pelo homem com o homem neste novo tempo, afinal de contas, quem est\u00e1 preocupado com tais doen\u00e7as provincianas?<\/p>\n<p>Todos podem de um jeito ou de outro, tentar chegar ao topo de uma carreira sem mais e sem menos, quem sabe, procurando o lugar do outro para dar o golpe de mestre, se poss\u00edvel, pelas costas como manda o figurino do passado&#8230;<\/p>\n<p>QUEM SOBREVIVER VAI SABER&#8230;<\/p>\n","protected":false},"excerpt":{"rendered":"<p>\u00a0 \u201c\u00c9 a intelig\u00eancia e n\u00e3o a idade que serve para se achar a sabedoria\u201d. (Publilius Siro) &nbsp; By seb@r. &nbsp; O palco de um teatro qualquer pode representar muitos atos nas apresenta\u00e7\u00f5es de uma pe\u00e7a simples e complicada ao mesmo tempo, claro, depende sempre do olhar de cada pessoa frente ao enredo apresentado para [&hellip;]<\/p>\n","protected":false},"author":13,"featured_media":51988,"comment_status":"closed","ping_status":"open","sticky":false,"template":"","format":"standard","meta":{"_acf_changed":false,"_exactmetrics_skip_tracking":false,"_exactmetrics_sitenote_active":false,"_exactmetrics_sitenote_note":"","_exactmetrics_sitenote_category":0,"footnotes":""},"categories":[59],"tags":[],"class_list":["post-82830","post","type-post","status-publish","format-standard","has-post-thumbnail","hentry","category-opiniao"],"acf":[],"yoast_head":"<!-- This site is optimized with the Yoast SEO plugin v27.2 - https:\/\/yoast.com\/product\/yoast-seo-wordpress\/ -->\n<title>PROV\u00cdNCIA, MENTES MED\u00cdOCRES E POL\u00cdTICA... - R\u00e1dio Life FM<\/title>\n<meta name=\"robots\" content=\"index, follow, max-snippet:-1, max-image-preview:large, max-video-preview:-1\" \/>\n<link rel=\"canonical\" href=\"https:\/\/radiolifefm.com.br\/noticias\/provincia-mentes-mediocres-e-politica\/\" \/>\n<meta property=\"og:locale\" content=\"pt_BR\" \/>\n<meta property=\"og:type\" content=\"article\" \/>\n<meta property=\"og:title\" content=\"PROV\u00cdNCIA, MENTES MED\u00cdOCRES E POL\u00cdTICA... - R\u00e1dio Life FM\" \/>\n<meta property=\"og:description\" content=\"\u00a0 \u201c\u00c9 a intelig\u00eancia e n\u00e3o a idade que serve para se achar a sabedoria\u201d. (Publilius Siro) &nbsp; By seb@r. &nbsp; O palco de um teatro qualquer pode representar muitos atos nas apresenta\u00e7\u00f5es de uma pe\u00e7a simples e complicada ao mesmo tempo, claro, depende sempre do olhar de cada pessoa frente ao enredo apresentado para [&hellip;]\" \/>\n<meta property=\"og:url\" content=\"https:\/\/radiolifefm.com.br\/noticias\/provincia-mentes-mediocres-e-politica\/\" \/>\n<meta property=\"og:site_name\" content=\"R\u00e1dio Life FM\" \/>\n<meta property=\"article:publisher\" content=\"https:\/\/www.facebook.com\/radiolifefm\/\" \/>\n<meta property=\"article:published_time\" content=\"2024-02-09T10:59:28+00:00\" \/>\n<meta property=\"article:modified_time\" content=\"2026-02-06T10:17:06+00:00\" \/>\n<meta property=\"og:image\" content=\"https:\/\/radiolifefm.com.br\/noticias\/wp-content\/uploads\/2022\/04\/WhatsApp-Image-2022-04-10-at-18.43.02.jpeg\" \/>\n\t<meta property=\"og:image:width\" content=\"972\" \/>\n\t<meta property=\"og:image:height\" content=\"1296\" \/>\n\t<meta property=\"og:image:type\" content=\"image\/jpeg\" \/>\n<meta name=\"author\" content=\"ritanery\" \/>\n<meta name=\"twitter:card\" content=\"summary_large_image\" \/>\n<meta name=\"twitter:label1\" content=\"Escrito por\" \/>\n\t<meta name=\"twitter:data1\" content=\"ritanery\" \/>\n\t<meta name=\"twitter:label2\" content=\"Est. tempo de leitura\" \/>\n\t<meta name=\"twitter:data2\" content=\"4 minutos\" \/>\n<script type=\"application\/ld+json\" class=\"yoast-schema-graph\">{\"@context\":\"https:\/\/schema.org\",\"@graph\":[{\"@type\":\"Article\",\"@id\":\"https:\/\/radiolifefm.com.br\/noticias\/provincia-mentes-mediocres-e-politica\/#article\",\"isPartOf\":{\"@id\":\"https:\/\/radiolifefm.com.br\/noticias\/provincia-mentes-mediocres-e-politica\/\"},\"author\":{\"name\":\"ritanery\",\"@id\":\"https:\/\/radiolifefm.com.br\/noticias\/#\/schema\/person\/6339b9fac59d12b071dec680d7375d87\"},\"headline\":\"PROV\u00cdNCIA, MENTES MED\u00cdOCRES E POL\u00cdTICA&#8230;\",\"datePublished\":\"2024-02-09T10:59:28+00:00\",\"dateModified\":\"2026-02-06T10:17:06+00:00\",\"mainEntityOfPage\":{\"@id\":\"https:\/\/radiolifefm.com.br\/noticias\/provincia-mentes-mediocres-e-politica\/\"},\"wordCount\":646,\"publisher\":{\"@id\":\"https:\/\/radiolifefm.com.br\/noticias\/#organization\"},\"image\":{\"@id\":\"https:\/\/radiolifefm.com.br\/noticias\/provincia-mentes-mediocres-e-politica\/#primaryimage\"},\"thumbnailUrl\":\"https:\/\/radiolifefm.com.br\/noticias\/wp-content\/uploads\/2022\/04\/WhatsApp-Image-2022-04-10-at-18.43.02.jpeg\",\"articleSection\":[\"Opini\u00e3o\"],\"inLanguage\":\"pt-BR\"},{\"@type\":\"WebPage\",\"@id\":\"https:\/\/radiolifefm.com.br\/noticias\/provincia-mentes-mediocres-e-politica\/\",\"url\":\"https:\/\/radiolifefm.com.br\/noticias\/provincia-mentes-mediocres-e-politica\/\",\"name\":\"PROV\u00cdNCIA, MENTES MED\u00cdOCRES E POL\u00cdTICA... - R\u00e1dio Life FM\",\"isPartOf\":{\"@id\":\"https:\/\/radiolifefm.com.br\/noticias\/#website\"},\"primaryImageOfPage\":{\"@id\":\"https:\/\/radiolifefm.com.br\/noticias\/provincia-mentes-mediocres-e-politica\/#primaryimage\"},\"image\":{\"@id\":\"https:\/\/radiolifefm.com.br\/noticias\/provincia-mentes-mediocres-e-politica\/#primaryimage\"},\"thumbnailUrl\":\"https:\/\/radiolifefm.com.br\/noticias\/wp-content\/uploads\/2022\/04\/WhatsApp-Image-2022-04-10-at-18.43.02.jpeg\",\"datePublished\":\"2024-02-09T10:59:28+00:00\",\"dateModified\":\"2026-02-06T10:17:06+00:00\",\"breadcrumb\":{\"@id\":\"https:\/\/radiolifefm.com.br\/noticias\/provincia-mentes-mediocres-e-politica\/#breadcrumb\"},\"inLanguage\":\"pt-BR\",\"potentialAction\":[{\"@type\":\"ReadAction\",\"target\":[\"https:\/\/radiolifefm.com.br\/noticias\/provincia-mentes-mediocres-e-politica\/\"]}]},{\"@type\":\"ImageObject\",\"inLanguage\":\"pt-BR\",\"@id\":\"https:\/\/radiolifefm.com.br\/noticias\/provincia-mentes-mediocres-e-politica\/#primaryimage\",\"url\":\"https:\/\/radiolifefm.com.br\/noticias\/wp-content\/uploads\/2022\/04\/WhatsApp-Image-2022-04-10-at-18.43.02.jpeg\",\"contentUrl\":\"https:\/\/radiolifefm.com.br\/noticias\/wp-content\/uploads\/2022\/04\/WhatsApp-Image-2022-04-10-at-18.43.02.jpeg\",\"width\":972,\"height\":1296,\"caption\":\"S\u00e9rgio Barbosa\"},{\"@type\":\"BreadcrumbList\",\"@id\":\"https:\/\/radiolifefm.com.br\/noticias\/provincia-mentes-mediocres-e-politica\/#breadcrumb\",\"itemListElement\":[{\"@type\":\"ListItem\",\"position\":1,\"name\":\"In\u00edcio\",\"item\":\"https:\/\/radiolifefm.com.br\/noticias\/\"},{\"@type\":\"ListItem\",\"position\":2,\"name\":\"PROV\u00cdNCIA, MENTES MED\u00cdOCRES E POL\u00cdTICA&#8230;\"}]},{\"@type\":\"WebSite\",\"@id\":\"https:\/\/radiolifefm.com.br\/noticias\/#website\",\"url\":\"https:\/\/radiolifefm.com.br\/noticias\/\",\"name\":\"R\u00e1dio Life FM\",\"description\":\"O Portal de Not\u00edcias de Adamantina\",\"publisher\":{\"@id\":\"https:\/\/radiolifefm.com.br\/noticias\/#organization\"},\"alternateName\":\"Life FM\",\"potentialAction\":[{\"@type\":\"SearchAction\",\"target\":{\"@type\":\"EntryPoint\",\"urlTemplate\":\"https:\/\/radiolifefm.com.br\/noticias\/?s={search_term_string}\"},\"query-input\":{\"@type\":\"PropertyValueSpecification\",\"valueRequired\":true,\"valueName\":\"search_term_string\"}}],\"inLanguage\":\"pt-BR\"},{\"@type\":\"Organization\",\"@id\":\"https:\/\/radiolifefm.com.br\/noticias\/#organization\",\"name\":\"R\u00e1dio Life FM\",\"alternateName\":\"Life FM\",\"url\":\"https:\/\/radiolifefm.com.br\/noticias\/\",\"logo\":{\"@type\":\"ImageObject\",\"inLanguage\":\"pt-BR\",\"@id\":\"https:\/\/radiolifefm.com.br\/noticias\/#\/schema\/logo\/image\/\",\"url\":\"https:\/\/static.radiolifefm.com.br\/noticias\/wp-content\/uploads\/2019\/10\/logo-lifefm.png\",\"contentUrl\":\"https:\/\/static.radiolifefm.com.br\/noticias\/wp-content\/uploads\/2019\/10\/logo-lifefm.png\",\"width\":196,\"height\":47,\"caption\":\"R\u00e1dio Life FM\"},\"image\":{\"@id\":\"https:\/\/radiolifefm.com.br\/noticias\/#\/schema\/logo\/image\/\"},\"sameAs\":[\"https:\/\/www.facebook.com\/radiolifefm\/\",\"https:\/\/www.instagram.com\/life1079fm\/\"]},{\"@type\":\"Person\",\"@id\":\"https:\/\/radiolifefm.com.br\/noticias\/#\/schema\/person\/6339b9fac59d12b071dec680d7375d87\",\"name\":\"ritanery\",\"image\":{\"@type\":\"ImageObject\",\"inLanguage\":\"pt-BR\",\"@id\":\"https:\/\/secure.gravatar.com\/avatar\/0e37bb19071f47c0b8a23f62a903df117c5a0e75f65a0c2901562f97cd41cf86?s=96&d=mm&r=g\",\"url\":\"https:\/\/secure.gravatar.com\/avatar\/0e37bb19071f47c0b8a23f62a903df117c5a0e75f65a0c2901562f97cd41cf86?s=96&d=mm&r=g\",\"contentUrl\":\"https:\/\/secure.gravatar.com\/avatar\/0e37bb19071f47c0b8a23f62a903df117c5a0e75f65a0c2901562f97cd41cf86?s=96&d=mm&r=g\",\"caption\":\"ritanery\"}}]}<\/script>\n<!-- \/ Yoast SEO plugin. -->","yoast_head_json":{"title":"PROV\u00cdNCIA, MENTES MED\u00cdOCRES E POL\u00cdTICA... - R\u00e1dio Life FM","robots":{"index":"index","follow":"follow","max-snippet":"max-snippet:-1","max-image-preview":"max-image-preview:large","max-video-preview":"max-video-preview:-1"},"canonical":"https:\/\/radiolifefm.com.br\/noticias\/provincia-mentes-mediocres-e-politica\/","og_locale":"pt_BR","og_type":"article","og_title":"PROV\u00cdNCIA, MENTES MED\u00cdOCRES E POL\u00cdTICA... - R\u00e1dio Life FM","og_description":"\u00a0 \u201c\u00c9 a intelig\u00eancia e n\u00e3o a idade que serve para se achar a sabedoria\u201d. (Publilius Siro) &nbsp; By seb@r. &nbsp; O palco de um teatro qualquer pode representar muitos atos nas apresenta\u00e7\u00f5es de uma pe\u00e7a simples e complicada ao mesmo tempo, claro, depende sempre do olhar de cada pessoa frente ao enredo apresentado para [&hellip;]","og_url":"https:\/\/radiolifefm.com.br\/noticias\/provincia-mentes-mediocres-e-politica\/","og_site_name":"R\u00e1dio Life FM","article_publisher":"https:\/\/www.facebook.com\/radiolifefm\/","article_published_time":"2024-02-09T10:59:28+00:00","article_modified_time":"2026-02-06T10:17:06+00:00","og_image":[{"width":972,"height":1296,"url":"https:\/\/radiolifefm.com.br\/noticias\/wp-content\/uploads\/2022\/04\/WhatsApp-Image-2022-04-10-at-18.43.02.jpeg","type":"image\/jpeg"}],"author":"ritanery","twitter_card":"summary_large_image","twitter_misc":{"Escrito por":"ritanery","Est. tempo de leitura":"4 minutos"},"schema":{"@context":"https:\/\/schema.org","@graph":[{"@type":"Article","@id":"https:\/\/radiolifefm.com.br\/noticias\/provincia-mentes-mediocres-e-politica\/#article","isPartOf":{"@id":"https:\/\/radiolifefm.com.br\/noticias\/provincia-mentes-mediocres-e-politica\/"},"author":{"name":"ritanery","@id":"https:\/\/radiolifefm.com.br\/noticias\/#\/schema\/person\/6339b9fac59d12b071dec680d7375d87"},"headline":"PROV\u00cdNCIA, MENTES MED\u00cdOCRES E POL\u00cdTICA&#8230;","datePublished":"2024-02-09T10:59:28+00:00","dateModified":"2026-02-06T10:17:06+00:00","mainEntityOfPage":{"@id":"https:\/\/radiolifefm.com.br\/noticias\/provincia-mentes-mediocres-e-politica\/"},"wordCount":646,"publisher":{"@id":"https:\/\/radiolifefm.com.br\/noticias\/#organization"},"image":{"@id":"https:\/\/radiolifefm.com.br\/noticias\/provincia-mentes-mediocres-e-politica\/#primaryimage"},"thumbnailUrl":"https:\/\/radiolifefm.com.br\/noticias\/wp-content\/uploads\/2022\/04\/WhatsApp-Image-2022-04-10-at-18.43.02.jpeg","articleSection":["Opini\u00e3o"],"inLanguage":"pt-BR"},{"@type":"WebPage","@id":"https:\/\/radiolifefm.com.br\/noticias\/provincia-mentes-mediocres-e-politica\/","url":"https:\/\/radiolifefm.com.br\/noticias\/provincia-mentes-mediocres-e-politica\/","name":"PROV\u00cdNCIA, MENTES MED\u00cdOCRES E POL\u00cdTICA... - R\u00e1dio Life FM","isPartOf":{"@id":"https:\/\/radiolifefm.com.br\/noticias\/#website"},"primaryImageOfPage":{"@id":"https:\/\/radiolifefm.com.br\/noticias\/provincia-mentes-mediocres-e-politica\/#primaryimage"},"image":{"@id":"https:\/\/radiolifefm.com.br\/noticias\/provincia-mentes-mediocres-e-politica\/#primaryimage"},"thumbnailUrl":"https:\/\/radiolifefm.com.br\/noticias\/wp-content\/uploads\/2022\/04\/WhatsApp-Image-2022-04-10-at-18.43.02.jpeg","datePublished":"2024-02-09T10:59:28+00:00","dateModified":"2026-02-06T10:17:06+00:00","breadcrumb":{"@id":"https:\/\/radiolifefm.com.br\/noticias\/provincia-mentes-mediocres-e-politica\/#breadcrumb"},"inLanguage":"pt-BR","potentialAction":[{"@type":"ReadAction","target":["https:\/\/radiolifefm.com.br\/noticias\/provincia-mentes-mediocres-e-politica\/"]}]},{"@type":"ImageObject","inLanguage":"pt-BR","@id":"https:\/\/radiolifefm.com.br\/noticias\/provincia-mentes-mediocres-e-politica\/#primaryimage","url":"https:\/\/radiolifefm.com.br\/noticias\/wp-content\/uploads\/2022\/04\/WhatsApp-Image-2022-04-10-at-18.43.02.jpeg","contentUrl":"https:\/\/radiolifefm.com.br\/noticias\/wp-content\/uploads\/2022\/04\/WhatsApp-Image-2022-04-10-at-18.43.02.jpeg","width":972,"height":1296,"caption":"S\u00e9rgio Barbosa"},{"@type":"BreadcrumbList","@id":"https:\/\/radiolifefm.com.br\/noticias\/provincia-mentes-mediocres-e-politica\/#breadcrumb","itemListElement":[{"@type":"ListItem","position":1,"name":"In\u00edcio","item":"https:\/\/radiolifefm.com.br\/noticias\/"},{"@type":"ListItem","position":2,"name":"PROV\u00cdNCIA, MENTES MED\u00cdOCRES E POL\u00cdTICA&#8230;"}]},{"@type":"WebSite","@id":"https:\/\/radiolifefm.com.br\/noticias\/#website","url":"https:\/\/radiolifefm.com.br\/noticias\/","name":"R\u00e1dio Life FM","description":"O Portal de Not\u00edcias de Adamantina","publisher":{"@id":"https:\/\/radiolifefm.com.br\/noticias\/#organization"},"alternateName":"Life FM","potentialAction":[{"@type":"SearchAction","target":{"@type":"EntryPoint","urlTemplate":"https:\/\/radiolifefm.com.br\/noticias\/?s={search_term_string}"},"query-input":{"@type":"PropertyValueSpecification","valueRequired":true,"valueName":"search_term_string"}}],"inLanguage":"pt-BR"},{"@type":"Organization","@id":"https:\/\/radiolifefm.com.br\/noticias\/#organization","name":"R\u00e1dio Life FM","alternateName":"Life FM","url":"https:\/\/radiolifefm.com.br\/noticias\/","logo":{"@type":"ImageObject","inLanguage":"pt-BR","@id":"https:\/\/radiolifefm.com.br\/noticias\/#\/schema\/logo\/image\/","url":"https:\/\/static.radiolifefm.com.br\/noticias\/wp-content\/uploads\/2019\/10\/logo-lifefm.png","contentUrl":"https:\/\/static.radiolifefm.com.br\/noticias\/wp-content\/uploads\/2019\/10\/logo-lifefm.png","width":196,"height":47,"caption":"R\u00e1dio Life FM"},"image":{"@id":"https:\/\/radiolifefm.com.br\/noticias\/#\/schema\/logo\/image\/"},"sameAs":["https:\/\/www.facebook.com\/radiolifefm\/","https:\/\/www.instagram.com\/life1079fm\/"]},{"@type":"Person","@id":"https:\/\/radiolifefm.com.br\/noticias\/#\/schema\/person\/6339b9fac59d12b071dec680d7375d87","name":"ritanery","image":{"@type":"ImageObject","inLanguage":"pt-BR","@id":"https:\/\/secure.gravatar.com\/avatar\/0e37bb19071f47c0b8a23f62a903df117c5a0e75f65a0c2901562f97cd41cf86?s=96&d=mm&r=g","url":"https:\/\/secure.gravatar.com\/avatar\/0e37bb19071f47c0b8a23f62a903df117c5a0e75f65a0c2901562f97cd41cf86?s=96&d=mm&r=g","contentUrl":"https:\/\/secure.gravatar.com\/avatar\/0e37bb19071f47c0b8a23f62a903df117c5a0e75f65a0c2901562f97cd41cf86?s=96&d=mm&r=g","caption":"ritanery"}}]}},"amp_enabled":true,"_links":{"self":[{"href":"https:\/\/radiolifefm.com.br\/noticias\/wp-json\/wp\/v2\/posts\/82830","targetHints":{"allow":["GET"]}}],"collection":[{"href":"https:\/\/radiolifefm.com.br\/noticias\/wp-json\/wp\/v2\/posts"}],"about":[{"href":"https:\/\/radiolifefm.com.br\/noticias\/wp-json\/wp\/v2\/types\/post"}],"author":[{"embeddable":true,"href":"https:\/\/radiolifefm.com.br\/noticias\/wp-json\/wp\/v2\/users\/13"}],"replies":[{"embeddable":true,"href":"https:\/\/radiolifefm.com.br\/noticias\/wp-json\/wp\/v2\/comments?post=82830"}],"version-history":[{"count":1,"href":"https:\/\/radiolifefm.com.br\/noticias\/wp-json\/wp\/v2\/posts\/82830\/revisions"}],"predecessor-version":[{"id":82831,"href":"https:\/\/radiolifefm.com.br\/noticias\/wp-json\/wp\/v2\/posts\/82830\/revisions\/82831"}],"wp:featuredmedia":[{"embeddable":true,"href":"https:\/\/radiolifefm.com.br\/noticias\/wp-json\/wp\/v2\/media\/51988"}],"wp:attachment":[{"href":"https:\/\/radiolifefm.com.br\/noticias\/wp-json\/wp\/v2\/media?parent=82830"}],"wp:term":[{"taxonomy":"category","embeddable":true,"href":"https:\/\/radiolifefm.com.br\/noticias\/wp-json\/wp\/v2\/categories?post=82830"},{"taxonomy":"post_tag","embeddable":true,"href":"https:\/\/radiolifefm.com.br\/noticias\/wp-json\/wp\/v2\/tags?post=82830"}],"curies":[{"name":"wp","href":"https:\/\/api.w.org\/{rel}","templated":true}]}}