{"id":82760,"date":"2024-02-08T13:56:25","date_gmt":"2024-02-08T16:56:25","guid":{"rendered":"https:\/\/radiolifefm.com.br\/noticias\/?p=82760"},"modified":"2025-11-21T15:28:16","modified_gmt":"2025-11-21T18:28:16","slug":"quando-usar-fantasias","status":"publish","type":"post","link":"https:\/\/radiolifefm.com.br\/noticias\/quando-usar-fantasias\/","title":{"rendered":"Quando usar Fantasias?"},"content":{"rendered":"<div id=\"fb-root\"><\/div>\n<p>O carnaval, est\u00e1 chegando, ou melhor, j\u00e1 chegou,<\/p>\n<p>hora de usar ou retirar as m\u00e1scaras,<\/p>\n<p>vestir fantasias ou deixar de lado, aquela que usamos o tempo todo, durante o ano, talvez para nos proteger, ou quem sabe, para nos esconder da dura realidade!<\/p>\n<p>O fato \u00e9\u00a0 que fingida ou n\u00e3o, deixamos a alegria escapar<\/p>\n<p>sair as ruas, cantar bem alto,<\/p>\n<p>sambar,<\/p>\n<p>a vida \u00e9 hoje e n\u00e3o pode esperar!<\/p>\n<p>Eu nunca soube esperar por momentos especiais,<\/p>\n<p>Quero logo dizer o que meu cora\u00e7\u00e3o sente,<\/p>\n<p>N\u00e3o consigo guardar palavras para dizer \u201cpost mortem\u201d,<\/p>\n<p>N\u00e3o! Quero dizer hoje!<\/p>\n<p>Quero que as pessoas saibam agora, no presente!<\/p>\n<p>Nunca sabemos se haver\u00e1 amanh\u00e3.<\/p>\n<p>E por essas caracter\u00edsticas, j\u00e1 fui chamada de:<\/p>\n<p>Precipitada, exagerada e incorrig\u00edvel rom\u00e2ntica.<\/p>\n<p>Sou ansiosa!<\/p>\n<p>N\u00e3o tenho transtorno de ansiedade, massa tenho pressa,<\/p>\n<p>A vida n\u00e3o anda devagar, tudo muda num segundo, e perdermos ocasi\u00f5es singulares,<\/p>\n<p>De dizer ou fazer coisas que nunca mais teremos a mesma oportunidade.<\/p>\n<p>Por isso, sempre como um peda\u00e7o do queijo, antes de torrar o p\u00e3o,<\/p>\n<p>Belisco a sobremesa antes do almo\u00e7o,<\/p>\n<p>Visto as roupas e o cal\u00e7o os saltos na frente do espelho antes do dia da festa.<\/p>\n<p>Abro pacotes e cartas a mim endere\u00e7ados, no exato momento que chegam,<\/p>\n<p>Digo que amo, gosto ou admiro, na cara das pessoas.<\/p>\n<p>Carrego os bichos no colo.<\/p>\n<p>Corro risco de ser mal interpretada<\/p>\n<p>E levar uma dentada.<\/p>\n<p>N\u00e3o consigo arrumar s\u00f3 os cabelos e fazer a maquiagem, preciso vestir uma roupa e cal\u00e7ar os sapatos, para um v\u00eddeo onde s\u00f3 se ver\u00e1 o meu rosto.<\/p>\n<p>Tenho pressa.<\/p>\n<p>E \u00e9 por isso, que n\u00e3o posso esperar um baile para usar as minhas fantasias:<\/p>\n<p>Visto-as todos os dias!<\/p>\n<p>&nbsp;<\/p>\n<p>Ps.: n\u00e3o pude esperar para postar amanh\u00e3!<\/p>\n<p>&nbsp;<\/p>\n<p>Solange Lisboa<\/p>\n<p>08\/02\/2024<\/p>\n<p>Escritora\/Poeta<\/p>\n<p>@solnlisboa<\/p>\n<p>solangeserrao3@gmail.com<\/p>\n<p>&nbsp;<\/p>\n<p>&nbsp;<\/p>\n<p>&nbsp;<\/p>\n<p>&nbsp;<\/p>\n<p>&nbsp;<\/p>\n<p>&nbsp;<\/p>\n<p>&nbsp;<\/p>\n<p>&nbsp;<\/p>\n","protected":false},"excerpt":{"rendered":"<p>O carnaval, est\u00e1 chegando, ou melhor, j\u00e1 chegou, hora de usar ou retirar as m\u00e1scaras, vestir fantasias ou deixar de lado, aquela que usamos o tempo todo, durante o ano, talvez para nos proteger, ou quem sabe, para nos esconder da dura realidade! O fato \u00e9\u00a0 que fingida ou n\u00e3o, deixamos a alegria escapar sair [&hellip;]<\/p>\n","protected":false},"author":13,"featured_media":79029,"comment_status":"closed","ping_status":"open","sticky":false,"template":"","format":"standard","meta":{"_acf_changed":false,"_exactmetrics_skip_tracking":false,"_exactmetrics_sitenote_active":false,"_exactmetrics_sitenote_note":"","_exactmetrics_sitenote_category":0,"footnotes":""},"categories":[59],"tags":[],"class_list":["post-82760","post","type-post","status-publish","format-standard","has-post-thumbnail","hentry","category-opiniao"],"acf":[],"yoast_head":"<!-- This site is optimized with the Yoast SEO plugin v27.2 - https:\/\/yoast.com\/product\/yoast-seo-wordpress\/ -->\n<title>Quando usar Fantasias? - R\u00e1dio Life FM<\/title>\n<meta name=\"robots\" content=\"index, follow, max-snippet:-1, max-image-preview:large, max-video-preview:-1\" \/>\n<link rel=\"canonical\" href=\"https:\/\/radiolifefm.com.br\/noticias\/quando-usar-fantasias\/\" \/>\n<meta property=\"og:locale\" content=\"pt_BR\" \/>\n<meta property=\"og:type\" content=\"article\" \/>\n<meta property=\"og:title\" content=\"Quando usar Fantasias? - R\u00e1dio Life FM\" \/>\n<meta property=\"og:description\" content=\"O carnaval, est\u00e1 chegando, ou melhor, j\u00e1 chegou, hora de usar ou retirar as m\u00e1scaras, vestir fantasias ou deixar de lado, aquela que usamos o tempo todo, durante o ano, talvez para nos proteger, ou quem sabe, para nos esconder da dura realidade! O fato \u00e9\u00a0 que fingida ou n\u00e3o, deixamos a alegria escapar sair [&hellip;]\" \/>\n<meta property=\"og:url\" content=\"https:\/\/radiolifefm.com.br\/noticias\/quando-usar-fantasias\/\" \/>\n<meta property=\"og:site_name\" content=\"R\u00e1dio Life FM\" \/>\n<meta property=\"article:publisher\" content=\"https:\/\/www.facebook.com\/radiolifefm\/\" \/>\n<meta property=\"article:published_time\" content=\"2024-02-08T16:56:25+00:00\" \/>\n<meta property=\"article:modified_time\" content=\"2025-11-21T18:28:16+00:00\" \/>\n<meta property=\"og:image\" content=\"https:\/\/static.radiolifefm.com.br\/noticias\/wp-content\/uploads\/2023\/11\/WhatsApp-Image-2023-11-17-at-22.04.27.jpeg\" \/>\n\t<meta property=\"og:image:width\" content=\"966\" \/>\n\t<meta property=\"og:image:height\" content=\"1288\" \/>\n\t<meta property=\"og:image:type\" content=\"image\/jpeg\" \/>\n<meta name=\"author\" content=\"ritanery\" \/>\n<meta name=\"twitter:card\" content=\"summary_large_image\" \/>\n<meta name=\"twitter:label1\" content=\"Escrito por\" \/>\n\t<meta name=\"twitter:data1\" content=\"ritanery\" \/>\n\t<meta name=\"twitter:label2\" content=\"Est. tempo de leitura\" \/>\n\t<meta name=\"twitter:data2\" content=\"2 minutos\" \/>\n<script type=\"application\/ld+json\" class=\"yoast-schema-graph\">{\"@context\":\"https:\/\/schema.org\",\"@graph\":[{\"@type\":\"Article\",\"@id\":\"https:\/\/radiolifefm.com.br\/noticias\/quando-usar-fantasias\/#article\",\"isPartOf\":{\"@id\":\"https:\/\/radiolifefm.com.br\/noticias\/quando-usar-fantasias\/\"},\"author\":{\"name\":\"ritanery\",\"@id\":\"https:\/\/radiolifefm.com.br\/noticias\/#\/schema\/person\/6339b9fac59d12b071dec680d7375d87\"},\"headline\":\"Quando usar Fantasias?\",\"datePublished\":\"2024-02-08T16:56:25+00:00\",\"dateModified\":\"2025-11-21T18:28:16+00:00\",\"mainEntityOfPage\":{\"@id\":\"https:\/\/radiolifefm.com.br\/noticias\/quando-usar-fantasias\/\"},\"wordCount\":326,\"publisher\":{\"@id\":\"https:\/\/radiolifefm.com.br\/noticias\/#organization\"},\"image\":{\"@id\":\"https:\/\/radiolifefm.com.br\/noticias\/quando-usar-fantasias\/#primaryimage\"},\"thumbnailUrl\":\"https:\/\/radiolifefm.com.br\/noticias\/wp-content\/uploads\/2023\/11\/WhatsApp-Image-2023-11-17-at-22.04.27.jpeg\",\"articleSection\":[\"Opini\u00e3o\"],\"inLanguage\":\"pt-BR\"},{\"@type\":\"WebPage\",\"@id\":\"https:\/\/radiolifefm.com.br\/noticias\/quando-usar-fantasias\/\",\"url\":\"https:\/\/radiolifefm.com.br\/noticias\/quando-usar-fantasias\/\",\"name\":\"Quando usar Fantasias? - R\u00e1dio Life FM\",\"isPartOf\":{\"@id\":\"https:\/\/radiolifefm.com.br\/noticias\/#website\"},\"primaryImageOfPage\":{\"@id\":\"https:\/\/radiolifefm.com.br\/noticias\/quando-usar-fantasias\/#primaryimage\"},\"image\":{\"@id\":\"https:\/\/radiolifefm.com.br\/noticias\/quando-usar-fantasias\/#primaryimage\"},\"thumbnailUrl\":\"https:\/\/radiolifefm.com.br\/noticias\/wp-content\/uploads\/2023\/11\/WhatsApp-Image-2023-11-17-at-22.04.27.jpeg\",\"datePublished\":\"2024-02-08T16:56:25+00:00\",\"dateModified\":\"2025-11-21T18:28:16+00:00\",\"breadcrumb\":{\"@id\":\"https:\/\/radiolifefm.com.br\/noticias\/quando-usar-fantasias\/#breadcrumb\"},\"inLanguage\":\"pt-BR\",\"potentialAction\":[{\"@type\":\"ReadAction\",\"target\":[\"https:\/\/radiolifefm.com.br\/noticias\/quando-usar-fantasias\/\"]}]},{\"@type\":\"ImageObject\",\"inLanguage\":\"pt-BR\",\"@id\":\"https:\/\/radiolifefm.com.br\/noticias\/quando-usar-fantasias\/#primaryimage\",\"url\":\"https:\/\/radiolifefm.com.br\/noticias\/wp-content\/uploads\/2023\/11\/WhatsApp-Image-2023-11-17-at-22.04.27.jpeg\",\"contentUrl\":\"https:\/\/radiolifefm.com.br\/noticias\/wp-content\/uploads\/2023\/11\/WhatsApp-Image-2023-11-17-at-22.04.27.jpeg\",\"width\":966,\"height\":1288,\"caption\":\"SOLANGE LISBOA\"},{\"@type\":\"BreadcrumbList\",\"@id\":\"https:\/\/radiolifefm.com.br\/noticias\/quando-usar-fantasias\/#breadcrumb\",\"itemListElement\":[{\"@type\":\"ListItem\",\"position\":1,\"name\":\"In\u00edcio\",\"item\":\"https:\/\/radiolifefm.com.br\/noticias\/\"},{\"@type\":\"ListItem\",\"position\":2,\"name\":\"Quando usar Fantasias?\"}]},{\"@type\":\"WebSite\",\"@id\":\"https:\/\/radiolifefm.com.br\/noticias\/#website\",\"url\":\"https:\/\/radiolifefm.com.br\/noticias\/\",\"name\":\"R\u00e1dio Life FM\",\"description\":\"O Portal de Not\u00edcias de Adamantina\",\"publisher\":{\"@id\":\"https:\/\/radiolifefm.com.br\/noticias\/#organization\"},\"alternateName\":\"Life FM\",\"potentialAction\":[{\"@type\":\"SearchAction\",\"target\":{\"@type\":\"EntryPoint\",\"urlTemplate\":\"https:\/\/radiolifefm.com.br\/noticias\/?s={search_term_string}\"},\"query-input\":{\"@type\":\"PropertyValueSpecification\",\"valueRequired\":true,\"valueName\":\"search_term_string\"}}],\"inLanguage\":\"pt-BR\"},{\"@type\":\"Organization\",\"@id\":\"https:\/\/radiolifefm.com.br\/noticias\/#organization\",\"name\":\"R\u00e1dio Life FM\",\"alternateName\":\"Life FM\",\"url\":\"https:\/\/radiolifefm.com.br\/noticias\/\",\"logo\":{\"@type\":\"ImageObject\",\"inLanguage\":\"pt-BR\",\"@id\":\"https:\/\/radiolifefm.com.br\/noticias\/#\/schema\/logo\/image\/\",\"url\":\"https:\/\/static.radiolifefm.com.br\/noticias\/wp-content\/uploads\/2019\/10\/logo-lifefm.png\",\"contentUrl\":\"https:\/\/static.radiolifefm.com.br\/noticias\/wp-content\/uploads\/2019\/10\/logo-lifefm.png\",\"width\":196,\"height\":47,\"caption\":\"R\u00e1dio Life FM\"},\"image\":{\"@id\":\"https:\/\/radiolifefm.com.br\/noticias\/#\/schema\/logo\/image\/\"},\"sameAs\":[\"https:\/\/www.facebook.com\/radiolifefm\/\",\"https:\/\/www.instagram.com\/life1079fm\/\"]},{\"@type\":\"Person\",\"@id\":\"https:\/\/radiolifefm.com.br\/noticias\/#\/schema\/person\/6339b9fac59d12b071dec680d7375d87\",\"name\":\"ritanery\",\"image\":{\"@type\":\"ImageObject\",\"inLanguage\":\"pt-BR\",\"@id\":\"https:\/\/secure.gravatar.com\/avatar\/0e37bb19071f47c0b8a23f62a903df117c5a0e75f65a0c2901562f97cd41cf86?s=96&d=mm&r=g\",\"url\":\"https:\/\/secure.gravatar.com\/avatar\/0e37bb19071f47c0b8a23f62a903df117c5a0e75f65a0c2901562f97cd41cf86?s=96&d=mm&r=g\",\"contentUrl\":\"https:\/\/secure.gravatar.com\/avatar\/0e37bb19071f47c0b8a23f62a903df117c5a0e75f65a0c2901562f97cd41cf86?s=96&d=mm&r=g\",\"caption\":\"ritanery\"}}]}<\/script>\n<!-- \/ Yoast SEO plugin. -->","yoast_head_json":{"title":"Quando usar Fantasias? - R\u00e1dio Life FM","robots":{"index":"index","follow":"follow","max-snippet":"max-snippet:-1","max-image-preview":"max-image-preview:large","max-video-preview":"max-video-preview:-1"},"canonical":"https:\/\/radiolifefm.com.br\/noticias\/quando-usar-fantasias\/","og_locale":"pt_BR","og_type":"article","og_title":"Quando usar Fantasias? - R\u00e1dio Life FM","og_description":"O carnaval, est\u00e1 chegando, ou melhor, j\u00e1 chegou, hora de usar ou retirar as m\u00e1scaras, vestir fantasias ou deixar de lado, aquela que usamos o tempo todo, durante o ano, talvez para nos proteger, ou quem sabe, para nos esconder da dura realidade! O fato \u00e9\u00a0 que fingida ou n\u00e3o, deixamos a alegria escapar sair [&hellip;]","og_url":"https:\/\/radiolifefm.com.br\/noticias\/quando-usar-fantasias\/","og_site_name":"R\u00e1dio Life FM","article_publisher":"https:\/\/www.facebook.com\/radiolifefm\/","article_published_time":"2024-02-08T16:56:25+00:00","article_modified_time":"2025-11-21T18:28:16+00:00","og_image":[{"width":966,"height":1288,"url":"https:\/\/static.radiolifefm.com.br\/noticias\/wp-content\/uploads\/2023\/11\/WhatsApp-Image-2023-11-17-at-22.04.27.jpeg","type":"image\/jpeg"}],"author":"ritanery","twitter_card":"summary_large_image","twitter_misc":{"Escrito por":"ritanery","Est. tempo de leitura":"2 minutos"},"schema":{"@context":"https:\/\/schema.org","@graph":[{"@type":"Article","@id":"https:\/\/radiolifefm.com.br\/noticias\/quando-usar-fantasias\/#article","isPartOf":{"@id":"https:\/\/radiolifefm.com.br\/noticias\/quando-usar-fantasias\/"},"author":{"name":"ritanery","@id":"https:\/\/radiolifefm.com.br\/noticias\/#\/schema\/person\/6339b9fac59d12b071dec680d7375d87"},"headline":"Quando usar Fantasias?","datePublished":"2024-02-08T16:56:25+00:00","dateModified":"2025-11-21T18:28:16+00:00","mainEntityOfPage":{"@id":"https:\/\/radiolifefm.com.br\/noticias\/quando-usar-fantasias\/"},"wordCount":326,"publisher":{"@id":"https:\/\/radiolifefm.com.br\/noticias\/#organization"},"image":{"@id":"https:\/\/radiolifefm.com.br\/noticias\/quando-usar-fantasias\/#primaryimage"},"thumbnailUrl":"https:\/\/radiolifefm.com.br\/noticias\/wp-content\/uploads\/2023\/11\/WhatsApp-Image-2023-11-17-at-22.04.27.jpeg","articleSection":["Opini\u00e3o"],"inLanguage":"pt-BR"},{"@type":"WebPage","@id":"https:\/\/radiolifefm.com.br\/noticias\/quando-usar-fantasias\/","url":"https:\/\/radiolifefm.com.br\/noticias\/quando-usar-fantasias\/","name":"Quando usar Fantasias? - R\u00e1dio Life FM","isPartOf":{"@id":"https:\/\/radiolifefm.com.br\/noticias\/#website"},"primaryImageOfPage":{"@id":"https:\/\/radiolifefm.com.br\/noticias\/quando-usar-fantasias\/#primaryimage"},"image":{"@id":"https:\/\/radiolifefm.com.br\/noticias\/quando-usar-fantasias\/#primaryimage"},"thumbnailUrl":"https:\/\/radiolifefm.com.br\/noticias\/wp-content\/uploads\/2023\/11\/WhatsApp-Image-2023-11-17-at-22.04.27.jpeg","datePublished":"2024-02-08T16:56:25+00:00","dateModified":"2025-11-21T18:28:16+00:00","breadcrumb":{"@id":"https:\/\/radiolifefm.com.br\/noticias\/quando-usar-fantasias\/#breadcrumb"},"inLanguage":"pt-BR","potentialAction":[{"@type":"ReadAction","target":["https:\/\/radiolifefm.com.br\/noticias\/quando-usar-fantasias\/"]}]},{"@type":"ImageObject","inLanguage":"pt-BR","@id":"https:\/\/radiolifefm.com.br\/noticias\/quando-usar-fantasias\/#primaryimage","url":"https:\/\/radiolifefm.com.br\/noticias\/wp-content\/uploads\/2023\/11\/WhatsApp-Image-2023-11-17-at-22.04.27.jpeg","contentUrl":"https:\/\/radiolifefm.com.br\/noticias\/wp-content\/uploads\/2023\/11\/WhatsApp-Image-2023-11-17-at-22.04.27.jpeg","width":966,"height":1288,"caption":"SOLANGE LISBOA"},{"@type":"BreadcrumbList","@id":"https:\/\/radiolifefm.com.br\/noticias\/quando-usar-fantasias\/#breadcrumb","itemListElement":[{"@type":"ListItem","position":1,"name":"In\u00edcio","item":"https:\/\/radiolifefm.com.br\/noticias\/"},{"@type":"ListItem","position":2,"name":"Quando usar Fantasias?"}]},{"@type":"WebSite","@id":"https:\/\/radiolifefm.com.br\/noticias\/#website","url":"https:\/\/radiolifefm.com.br\/noticias\/","name":"R\u00e1dio Life FM","description":"O Portal de Not\u00edcias de Adamantina","publisher":{"@id":"https:\/\/radiolifefm.com.br\/noticias\/#organization"},"alternateName":"Life FM","potentialAction":[{"@type":"SearchAction","target":{"@type":"EntryPoint","urlTemplate":"https:\/\/radiolifefm.com.br\/noticias\/?s={search_term_string}"},"query-input":{"@type":"PropertyValueSpecification","valueRequired":true,"valueName":"search_term_string"}}],"inLanguage":"pt-BR"},{"@type":"Organization","@id":"https:\/\/radiolifefm.com.br\/noticias\/#organization","name":"R\u00e1dio Life FM","alternateName":"Life FM","url":"https:\/\/radiolifefm.com.br\/noticias\/","logo":{"@type":"ImageObject","inLanguage":"pt-BR","@id":"https:\/\/radiolifefm.com.br\/noticias\/#\/schema\/logo\/image\/","url":"https:\/\/static.radiolifefm.com.br\/noticias\/wp-content\/uploads\/2019\/10\/logo-lifefm.png","contentUrl":"https:\/\/static.radiolifefm.com.br\/noticias\/wp-content\/uploads\/2019\/10\/logo-lifefm.png","width":196,"height":47,"caption":"R\u00e1dio Life FM"},"image":{"@id":"https:\/\/radiolifefm.com.br\/noticias\/#\/schema\/logo\/image\/"},"sameAs":["https:\/\/www.facebook.com\/radiolifefm\/","https:\/\/www.instagram.com\/life1079fm\/"]},{"@type":"Person","@id":"https:\/\/radiolifefm.com.br\/noticias\/#\/schema\/person\/6339b9fac59d12b071dec680d7375d87","name":"ritanery","image":{"@type":"ImageObject","inLanguage":"pt-BR","@id":"https:\/\/secure.gravatar.com\/avatar\/0e37bb19071f47c0b8a23f62a903df117c5a0e75f65a0c2901562f97cd41cf86?s=96&d=mm&r=g","url":"https:\/\/secure.gravatar.com\/avatar\/0e37bb19071f47c0b8a23f62a903df117c5a0e75f65a0c2901562f97cd41cf86?s=96&d=mm&r=g","contentUrl":"https:\/\/secure.gravatar.com\/avatar\/0e37bb19071f47c0b8a23f62a903df117c5a0e75f65a0c2901562f97cd41cf86?s=96&d=mm&r=g","caption":"ritanery"}}]}},"amp_enabled":true,"_links":{"self":[{"href":"https:\/\/radiolifefm.com.br\/noticias\/wp-json\/wp\/v2\/posts\/82760","targetHints":{"allow":["GET"]}}],"collection":[{"href":"https:\/\/radiolifefm.com.br\/noticias\/wp-json\/wp\/v2\/posts"}],"about":[{"href":"https:\/\/radiolifefm.com.br\/noticias\/wp-json\/wp\/v2\/types\/post"}],"author":[{"embeddable":true,"href":"https:\/\/radiolifefm.com.br\/noticias\/wp-json\/wp\/v2\/users\/13"}],"replies":[{"embeddable":true,"href":"https:\/\/radiolifefm.com.br\/noticias\/wp-json\/wp\/v2\/comments?post=82760"}],"version-history":[{"count":1,"href":"https:\/\/radiolifefm.com.br\/noticias\/wp-json\/wp\/v2\/posts\/82760\/revisions"}],"predecessor-version":[{"id":82761,"href":"https:\/\/radiolifefm.com.br\/noticias\/wp-json\/wp\/v2\/posts\/82760\/revisions\/82761"}],"wp:featuredmedia":[{"embeddable":true,"href":"https:\/\/radiolifefm.com.br\/noticias\/wp-json\/wp\/v2\/media\/79029"}],"wp:attachment":[{"href":"https:\/\/radiolifefm.com.br\/noticias\/wp-json\/wp\/v2\/media?parent=82760"}],"wp:term":[{"taxonomy":"category","embeddable":true,"href":"https:\/\/radiolifefm.com.br\/noticias\/wp-json\/wp\/v2\/categories?post=82760"},{"taxonomy":"post_tag","embeddable":true,"href":"https:\/\/radiolifefm.com.br\/noticias\/wp-json\/wp\/v2\/tags?post=82760"}],"curies":[{"name":"wp","href":"https:\/\/api.w.org\/{rel}","templated":true}]}}