{"id":82566,"date":"2024-02-05T14:15:19","date_gmt":"2024-02-05T17:15:19","guid":{"rendered":"https:\/\/radiolifefm.com.br\/noticias\/?p=82566"},"modified":"2025-12-12T17:57:48","modified_gmt":"2025-12-12T20:57:48","slug":"relacoes-afetivas-em-tempo-de-pos-globalizacao-midiatica-2","status":"publish","type":"post","link":"https:\/\/radiolifefm.com.br\/noticias\/relacoes-afetivas-em-tempo-de-pos-globalizacao-midiatica-2\/","title":{"rendered":"RELA\u00c7\u00d5ES AFETIVAS EM TEMPO DE P\u00d3S-GLOBALIZA\u00c7\u00c3O MIDI\u00c1TICA&#8230;"},"content":{"rendered":"<div id=\"fb-root\"><\/div>\n<p>&nbsp;<\/p>\n<p><strong><em>\u00a0\u201cpessoas sofridas s\u00e3o perigosas, elas mostram que podem sobreviver<\/em><\/strong><strong><em>&#8230;\u201d<\/em><\/strong><em> ( do FILME in Perdas e Danos)<\/em><\/p>\n<p>&nbsp;<\/p>\n<p><strong><em>S\u00e9rgio Barbosa (*)<\/em><\/strong><\/p>\n<p>&nbsp;<\/p>\n<p>A denominada p\u00f3s-globaliza\u00e7\u00e3o est\u00e1 navegando no \u201cPlaneta M\u00eddia\u201d desde a d\u00e9cada de 60, quando o te\u00f3rico da comunica\u00e7\u00e3o McLuhan apresentou ao mundo a sua \u201cAldeia Global\u201d pela proposta do \u201cmeio \u00e9 a mensagem\u201d, assim, mudaram-se as rela\u00e7\u00f5es entre emissor e receptor por meio da mensagem, no realinhamento midi\u00e1tico p\u00f3s teoria funcionalista da d\u00e9cada de 30 em terras do \u201cTio Sam\u201d&#8230;<\/p>\n<p>Devem-se levar em considera\u00e7\u00e3o outras teorias desta mesma comunica\u00e7\u00e3o, entretanto, as ci\u00eancias sociais apresentam outras propostas neste mesmo contexto pela pluralidade do social frente ao individual&#8230;<\/p>\n<p>Entretanto, neste caso em pauta, nem sempre a comunica\u00e7\u00e3o pode determinar o meio como mensagem, tendo em vista a proposta mediada pela informa\u00e7\u00e3o como ru\u00eddo para propor uma ou mais teorias, entre as quais, do caos social em tempo de p\u00f3s-globaliza\u00e7\u00e3o midi\u00e1tica&#8230;<\/p>\n<p>A recep\u00e7\u00e3o nas redes tecnol\u00f3gicas neste novo cen\u00e1rio midi\u00e1tico apresenta variantes de uma mesma proposta te\u00f3rica, por\u00e9m, o emissor pr\u00e9-determina outros fatores para um p\u00fablico alvo espec\u00edfico, possibilitando diversas alternativas para o mercado comunicacional&#8230;<\/p>\n<p>As perdas s\u00e3o decorrentes dos ru\u00eddos inseridos nesta mensagem que se apresenta como tecnologia glocal, ou seja, do global para o local para uma inser\u00e7\u00e3o al\u00e9m das barreiras geogr\u00e1ficas do \u201cPlaneta M\u00eddia\u201d&#8230;<\/p>\n<p>A TV brasileira ocupa lugar de destaque no cen\u00e1rio mundial pela proposta entre o lazer e o entretenimento para o telespectador, pode-se, ainda, determinar outros lados de uma mesma moeda televisiva, haja vista, o compromisso desta m\u00eddia com os interesses mercadol\u00f3gicos do capital com o lucro&#8230;<\/p>\n<p>As rela\u00e7\u00f5es humanas est\u00e3o em estado de decomposi\u00e7\u00e3o da vida al\u00e9m da morte, neste caso, o que menos interessa para o mercado \u00e9 o lado emocional destas rela\u00e7\u00f5es sociais, espera-se a proposta que vem com a racionalidade do momento em que acontece o fato de interesse para um destes lados na disputa exclusivamente da audi\u00eancia, se poss\u00edvel, em hor\u00e1rio nobre&#8230;<\/p>\n<p>Os elementos s\u00e3o muitos para uma \u00fanica reflex\u00e3o te\u00f3rica, entretanto, no universo das rela\u00e7\u00f5es humanas, as pessoas tendem a buscar o seu infinito na esperan\u00e7a de uma salva\u00e7\u00e3o midi\u00e1tica que pode aparecer pela \u201ctelinha\u201d, \u201cmonitor de um computador\u201d ou \u201ccelular\u201d e outros meios&#8230;<\/p>\n<p>Destacaram-se neste texto, as perdas de uma universalidade al\u00e9m do emocional, de qualquer forma, os danos causados pelo ru\u00eddo podem trazer outras conseq\u00fc\u00eancias pela racionalidade do ser humano neste contexto das rela\u00e7\u00f5es afetivas inseridas pela proposta da p\u00f3s-globaliza\u00e7\u00e3o midi\u00e1tica&#8230;<\/p>\n<p>&nbsp;<\/p>\n<p><strong><em>___________________________________<\/em><\/strong><\/p>\n<p><strong><em>(*) Jornalista diplomado e Pesquisador da C\u00e1tedra UNESCO\/UMESP de Comunica\u00e7\u00e3o para o Desenvolvimento Regional.<\/em><\/strong><\/p>\n<p><strong><em>e-mail: <a href=\"mailto:barbosa.sebar@gmail.com\">barbosa.sebar@gmail.com<\/a><\/em><\/strong><\/p>\n<p><em>\u00a0<\/em><\/p>\n","protected":false},"excerpt":{"rendered":"<p>&nbsp; \u00a0\u201cpessoas sofridas s\u00e3o perigosas, elas mostram que podem sobreviver&#8230;\u201d ( do FILME in Perdas e Danos) &nbsp; S\u00e9rgio Barbosa (*) &nbsp; A denominada p\u00f3s-globaliza\u00e7\u00e3o est\u00e1 navegando no \u201cPlaneta M\u00eddia\u201d desde a d\u00e9cada de 60, quando o te\u00f3rico da comunica\u00e7\u00e3o McLuhan apresentou ao mundo a sua \u201cAldeia Global\u201d pela proposta do \u201cmeio \u00e9 a mensagem\u201d, [&hellip;]<\/p>\n","protected":false},"author":13,"featured_media":51988,"comment_status":"closed","ping_status":"open","sticky":false,"template":"","format":"standard","meta":{"_acf_changed":false,"_exactmetrics_skip_tracking":false,"_exactmetrics_sitenote_active":false,"_exactmetrics_sitenote_note":"","_exactmetrics_sitenote_category":0,"footnotes":""},"categories":[59],"tags":[],"class_list":["post-82566","post","type-post","status-publish","format-standard","has-post-thumbnail","hentry","category-opiniao"],"acf":[],"yoast_head":"<!-- This site is optimized with the Yoast SEO plugin v27.2 - https:\/\/yoast.com\/product\/yoast-seo-wordpress\/ -->\n<title>RELA\u00c7\u00d5ES AFETIVAS EM TEMPO DE P\u00d3S-GLOBALIZA\u00c7\u00c3O MIDI\u00c1TICA... - R\u00e1dio Life FM<\/title>\n<meta name=\"robots\" content=\"index, follow, max-snippet:-1, max-image-preview:large, max-video-preview:-1\" \/>\n<link rel=\"canonical\" href=\"https:\/\/radiolifefm.com.br\/noticias\/relacoes-afetivas-em-tempo-de-pos-globalizacao-midiatica-2\/\" \/>\n<meta property=\"og:locale\" content=\"pt_BR\" \/>\n<meta property=\"og:type\" content=\"article\" \/>\n<meta property=\"og:title\" content=\"RELA\u00c7\u00d5ES AFETIVAS EM TEMPO DE P\u00d3S-GLOBALIZA\u00c7\u00c3O MIDI\u00c1TICA... - R\u00e1dio Life FM\" \/>\n<meta property=\"og:description\" content=\"&nbsp; \u00a0\u201cpessoas sofridas s\u00e3o perigosas, elas mostram que podem sobreviver&#8230;\u201d ( do FILME in Perdas e Danos) &nbsp; S\u00e9rgio Barbosa (*) &nbsp; A denominada p\u00f3s-globaliza\u00e7\u00e3o est\u00e1 navegando no \u201cPlaneta M\u00eddia\u201d desde a d\u00e9cada de 60, quando o te\u00f3rico da comunica\u00e7\u00e3o McLuhan apresentou ao mundo a sua \u201cAldeia Global\u201d pela proposta do \u201cmeio \u00e9 a mensagem\u201d, [&hellip;]\" \/>\n<meta property=\"og:url\" content=\"https:\/\/radiolifefm.com.br\/noticias\/relacoes-afetivas-em-tempo-de-pos-globalizacao-midiatica-2\/\" \/>\n<meta property=\"og:site_name\" content=\"R\u00e1dio Life FM\" \/>\n<meta property=\"article:publisher\" content=\"https:\/\/www.facebook.com\/radiolifefm\/\" \/>\n<meta property=\"article:published_time\" content=\"2024-02-05T17:15:19+00:00\" \/>\n<meta property=\"article:modified_time\" content=\"2025-12-12T20:57:48+00:00\" \/>\n<meta property=\"og:image\" content=\"https:\/\/radiolifefm.com.br\/noticias\/wp-content\/uploads\/2022\/04\/WhatsApp-Image-2022-04-10-at-18.43.02.jpeg\" \/>\n\t<meta property=\"og:image:width\" content=\"972\" \/>\n\t<meta property=\"og:image:height\" content=\"1296\" \/>\n\t<meta property=\"og:image:type\" content=\"image\/jpeg\" \/>\n<meta name=\"author\" content=\"ritanery\" \/>\n<meta name=\"twitter:card\" content=\"summary_large_image\" \/>\n<meta name=\"twitter:label1\" content=\"Escrito por\" \/>\n\t<meta name=\"twitter:data1\" content=\"ritanery\" \/>\n\t<meta name=\"twitter:label2\" content=\"Est. tempo de leitura\" \/>\n\t<meta name=\"twitter:data2\" content=\"3 minutos\" \/>\n<script type=\"application\/ld+json\" class=\"yoast-schema-graph\">{\"@context\":\"https:\/\/schema.org\",\"@graph\":[{\"@type\":\"Article\",\"@id\":\"https:\/\/radiolifefm.com.br\/noticias\/relacoes-afetivas-em-tempo-de-pos-globalizacao-midiatica-2\/#article\",\"isPartOf\":{\"@id\":\"https:\/\/radiolifefm.com.br\/noticias\/relacoes-afetivas-em-tempo-de-pos-globalizacao-midiatica-2\/\"},\"author\":{\"name\":\"ritanery\",\"@id\":\"https:\/\/radiolifefm.com.br\/noticias\/#\/schema\/person\/6339b9fac59d12b071dec680d7375d87\"},\"headline\":\"RELA\u00c7\u00d5ES AFETIVAS EM TEMPO DE P\u00d3S-GLOBALIZA\u00c7\u00c3O MIDI\u00c1TICA&#8230;\",\"datePublished\":\"2024-02-05T17:15:19+00:00\",\"dateModified\":\"2025-12-12T20:57:48+00:00\",\"mainEntityOfPage\":{\"@id\":\"https:\/\/radiolifefm.com.br\/noticias\/relacoes-afetivas-em-tempo-de-pos-globalizacao-midiatica-2\/\"},\"wordCount\":492,\"publisher\":{\"@id\":\"https:\/\/radiolifefm.com.br\/noticias\/#organization\"},\"image\":{\"@id\":\"https:\/\/radiolifefm.com.br\/noticias\/relacoes-afetivas-em-tempo-de-pos-globalizacao-midiatica-2\/#primaryimage\"},\"thumbnailUrl\":\"https:\/\/radiolifefm.com.br\/noticias\/wp-content\/uploads\/2022\/04\/WhatsApp-Image-2022-04-10-at-18.43.02.jpeg\",\"articleSection\":[\"Opini\u00e3o\"],\"inLanguage\":\"pt-BR\"},{\"@type\":\"WebPage\",\"@id\":\"https:\/\/radiolifefm.com.br\/noticias\/relacoes-afetivas-em-tempo-de-pos-globalizacao-midiatica-2\/\",\"url\":\"https:\/\/radiolifefm.com.br\/noticias\/relacoes-afetivas-em-tempo-de-pos-globalizacao-midiatica-2\/\",\"name\":\"RELA\u00c7\u00d5ES AFETIVAS EM TEMPO DE P\u00d3S-GLOBALIZA\u00c7\u00c3O MIDI\u00c1TICA... - R\u00e1dio Life FM\",\"isPartOf\":{\"@id\":\"https:\/\/radiolifefm.com.br\/noticias\/#website\"},\"primaryImageOfPage\":{\"@id\":\"https:\/\/radiolifefm.com.br\/noticias\/relacoes-afetivas-em-tempo-de-pos-globalizacao-midiatica-2\/#primaryimage\"},\"image\":{\"@id\":\"https:\/\/radiolifefm.com.br\/noticias\/relacoes-afetivas-em-tempo-de-pos-globalizacao-midiatica-2\/#primaryimage\"},\"thumbnailUrl\":\"https:\/\/radiolifefm.com.br\/noticias\/wp-content\/uploads\/2022\/04\/WhatsApp-Image-2022-04-10-at-18.43.02.jpeg\",\"datePublished\":\"2024-02-05T17:15:19+00:00\",\"dateModified\":\"2025-12-12T20:57:48+00:00\",\"breadcrumb\":{\"@id\":\"https:\/\/radiolifefm.com.br\/noticias\/relacoes-afetivas-em-tempo-de-pos-globalizacao-midiatica-2\/#breadcrumb\"},\"inLanguage\":\"pt-BR\",\"potentialAction\":[{\"@type\":\"ReadAction\",\"target\":[\"https:\/\/radiolifefm.com.br\/noticias\/relacoes-afetivas-em-tempo-de-pos-globalizacao-midiatica-2\/\"]}]},{\"@type\":\"ImageObject\",\"inLanguage\":\"pt-BR\",\"@id\":\"https:\/\/radiolifefm.com.br\/noticias\/relacoes-afetivas-em-tempo-de-pos-globalizacao-midiatica-2\/#primaryimage\",\"url\":\"https:\/\/radiolifefm.com.br\/noticias\/wp-content\/uploads\/2022\/04\/WhatsApp-Image-2022-04-10-at-18.43.02.jpeg\",\"contentUrl\":\"https:\/\/radiolifefm.com.br\/noticias\/wp-content\/uploads\/2022\/04\/WhatsApp-Image-2022-04-10-at-18.43.02.jpeg\",\"width\":972,\"height\":1296,\"caption\":\"S\u00e9rgio Barbosa\"},{\"@type\":\"BreadcrumbList\",\"@id\":\"https:\/\/radiolifefm.com.br\/noticias\/relacoes-afetivas-em-tempo-de-pos-globalizacao-midiatica-2\/#breadcrumb\",\"itemListElement\":[{\"@type\":\"ListItem\",\"position\":1,\"name\":\"In\u00edcio\",\"item\":\"https:\/\/radiolifefm.com.br\/noticias\/\"},{\"@type\":\"ListItem\",\"position\":2,\"name\":\"RELA\u00c7\u00d5ES AFETIVAS EM TEMPO DE P\u00d3S-GLOBALIZA\u00c7\u00c3O MIDI\u00c1TICA&#8230;\"}]},{\"@type\":\"WebSite\",\"@id\":\"https:\/\/radiolifefm.com.br\/noticias\/#website\",\"url\":\"https:\/\/radiolifefm.com.br\/noticias\/\",\"name\":\"R\u00e1dio Life FM\",\"description\":\"O Portal de Not\u00edcias de Adamantina\",\"publisher\":{\"@id\":\"https:\/\/radiolifefm.com.br\/noticias\/#organization\"},\"alternateName\":\"Life FM\",\"potentialAction\":[{\"@type\":\"SearchAction\",\"target\":{\"@type\":\"EntryPoint\",\"urlTemplate\":\"https:\/\/radiolifefm.com.br\/noticias\/?s={search_term_string}\"},\"query-input\":{\"@type\":\"PropertyValueSpecification\",\"valueRequired\":true,\"valueName\":\"search_term_string\"}}],\"inLanguage\":\"pt-BR\"},{\"@type\":\"Organization\",\"@id\":\"https:\/\/radiolifefm.com.br\/noticias\/#organization\",\"name\":\"R\u00e1dio Life FM\",\"alternateName\":\"Life FM\",\"url\":\"https:\/\/radiolifefm.com.br\/noticias\/\",\"logo\":{\"@type\":\"ImageObject\",\"inLanguage\":\"pt-BR\",\"@id\":\"https:\/\/radiolifefm.com.br\/noticias\/#\/schema\/logo\/image\/\",\"url\":\"https:\/\/static.radiolifefm.com.br\/noticias\/wp-content\/uploads\/2019\/10\/logo-lifefm.png\",\"contentUrl\":\"https:\/\/static.radiolifefm.com.br\/noticias\/wp-content\/uploads\/2019\/10\/logo-lifefm.png\",\"width\":196,\"height\":47,\"caption\":\"R\u00e1dio Life FM\"},\"image\":{\"@id\":\"https:\/\/radiolifefm.com.br\/noticias\/#\/schema\/logo\/image\/\"},\"sameAs\":[\"https:\/\/www.facebook.com\/radiolifefm\/\",\"https:\/\/www.instagram.com\/life1079fm\/\"]},{\"@type\":\"Person\",\"@id\":\"https:\/\/radiolifefm.com.br\/noticias\/#\/schema\/person\/6339b9fac59d12b071dec680d7375d87\",\"name\":\"ritanery\",\"image\":{\"@type\":\"ImageObject\",\"inLanguage\":\"pt-BR\",\"@id\":\"https:\/\/secure.gravatar.com\/avatar\/0e37bb19071f47c0b8a23f62a903df117c5a0e75f65a0c2901562f97cd41cf86?s=96&d=mm&r=g\",\"url\":\"https:\/\/secure.gravatar.com\/avatar\/0e37bb19071f47c0b8a23f62a903df117c5a0e75f65a0c2901562f97cd41cf86?s=96&d=mm&r=g\",\"contentUrl\":\"https:\/\/secure.gravatar.com\/avatar\/0e37bb19071f47c0b8a23f62a903df117c5a0e75f65a0c2901562f97cd41cf86?s=96&d=mm&r=g\",\"caption\":\"ritanery\"}}]}<\/script>\n<!-- \/ Yoast SEO plugin. -->","yoast_head_json":{"title":"RELA\u00c7\u00d5ES AFETIVAS EM TEMPO DE P\u00d3S-GLOBALIZA\u00c7\u00c3O MIDI\u00c1TICA... - R\u00e1dio Life FM","robots":{"index":"index","follow":"follow","max-snippet":"max-snippet:-1","max-image-preview":"max-image-preview:large","max-video-preview":"max-video-preview:-1"},"canonical":"https:\/\/radiolifefm.com.br\/noticias\/relacoes-afetivas-em-tempo-de-pos-globalizacao-midiatica-2\/","og_locale":"pt_BR","og_type":"article","og_title":"RELA\u00c7\u00d5ES AFETIVAS EM TEMPO DE P\u00d3S-GLOBALIZA\u00c7\u00c3O MIDI\u00c1TICA... - R\u00e1dio Life FM","og_description":"&nbsp; \u00a0\u201cpessoas sofridas s\u00e3o perigosas, elas mostram que podem sobreviver&#8230;\u201d ( do FILME in Perdas e Danos) &nbsp; S\u00e9rgio Barbosa (*) &nbsp; A denominada p\u00f3s-globaliza\u00e7\u00e3o est\u00e1 navegando no \u201cPlaneta M\u00eddia\u201d desde a d\u00e9cada de 60, quando o te\u00f3rico da comunica\u00e7\u00e3o McLuhan apresentou ao mundo a sua \u201cAldeia Global\u201d pela proposta do \u201cmeio \u00e9 a mensagem\u201d, [&hellip;]","og_url":"https:\/\/radiolifefm.com.br\/noticias\/relacoes-afetivas-em-tempo-de-pos-globalizacao-midiatica-2\/","og_site_name":"R\u00e1dio Life FM","article_publisher":"https:\/\/www.facebook.com\/radiolifefm\/","article_published_time":"2024-02-05T17:15:19+00:00","article_modified_time":"2025-12-12T20:57:48+00:00","og_image":[{"width":972,"height":1296,"url":"https:\/\/radiolifefm.com.br\/noticias\/wp-content\/uploads\/2022\/04\/WhatsApp-Image-2022-04-10-at-18.43.02.jpeg","type":"image\/jpeg"}],"author":"ritanery","twitter_card":"summary_large_image","twitter_misc":{"Escrito por":"ritanery","Est. tempo de leitura":"3 minutos"},"schema":{"@context":"https:\/\/schema.org","@graph":[{"@type":"Article","@id":"https:\/\/radiolifefm.com.br\/noticias\/relacoes-afetivas-em-tempo-de-pos-globalizacao-midiatica-2\/#article","isPartOf":{"@id":"https:\/\/radiolifefm.com.br\/noticias\/relacoes-afetivas-em-tempo-de-pos-globalizacao-midiatica-2\/"},"author":{"name":"ritanery","@id":"https:\/\/radiolifefm.com.br\/noticias\/#\/schema\/person\/6339b9fac59d12b071dec680d7375d87"},"headline":"RELA\u00c7\u00d5ES AFETIVAS EM TEMPO DE P\u00d3S-GLOBALIZA\u00c7\u00c3O MIDI\u00c1TICA&#8230;","datePublished":"2024-02-05T17:15:19+00:00","dateModified":"2025-12-12T20:57:48+00:00","mainEntityOfPage":{"@id":"https:\/\/radiolifefm.com.br\/noticias\/relacoes-afetivas-em-tempo-de-pos-globalizacao-midiatica-2\/"},"wordCount":492,"publisher":{"@id":"https:\/\/radiolifefm.com.br\/noticias\/#organization"},"image":{"@id":"https:\/\/radiolifefm.com.br\/noticias\/relacoes-afetivas-em-tempo-de-pos-globalizacao-midiatica-2\/#primaryimage"},"thumbnailUrl":"https:\/\/radiolifefm.com.br\/noticias\/wp-content\/uploads\/2022\/04\/WhatsApp-Image-2022-04-10-at-18.43.02.jpeg","articleSection":["Opini\u00e3o"],"inLanguage":"pt-BR"},{"@type":"WebPage","@id":"https:\/\/radiolifefm.com.br\/noticias\/relacoes-afetivas-em-tempo-de-pos-globalizacao-midiatica-2\/","url":"https:\/\/radiolifefm.com.br\/noticias\/relacoes-afetivas-em-tempo-de-pos-globalizacao-midiatica-2\/","name":"RELA\u00c7\u00d5ES AFETIVAS EM TEMPO DE P\u00d3S-GLOBALIZA\u00c7\u00c3O MIDI\u00c1TICA... - R\u00e1dio Life FM","isPartOf":{"@id":"https:\/\/radiolifefm.com.br\/noticias\/#website"},"primaryImageOfPage":{"@id":"https:\/\/radiolifefm.com.br\/noticias\/relacoes-afetivas-em-tempo-de-pos-globalizacao-midiatica-2\/#primaryimage"},"image":{"@id":"https:\/\/radiolifefm.com.br\/noticias\/relacoes-afetivas-em-tempo-de-pos-globalizacao-midiatica-2\/#primaryimage"},"thumbnailUrl":"https:\/\/radiolifefm.com.br\/noticias\/wp-content\/uploads\/2022\/04\/WhatsApp-Image-2022-04-10-at-18.43.02.jpeg","datePublished":"2024-02-05T17:15:19+00:00","dateModified":"2025-12-12T20:57:48+00:00","breadcrumb":{"@id":"https:\/\/radiolifefm.com.br\/noticias\/relacoes-afetivas-em-tempo-de-pos-globalizacao-midiatica-2\/#breadcrumb"},"inLanguage":"pt-BR","potentialAction":[{"@type":"ReadAction","target":["https:\/\/radiolifefm.com.br\/noticias\/relacoes-afetivas-em-tempo-de-pos-globalizacao-midiatica-2\/"]}]},{"@type":"ImageObject","inLanguage":"pt-BR","@id":"https:\/\/radiolifefm.com.br\/noticias\/relacoes-afetivas-em-tempo-de-pos-globalizacao-midiatica-2\/#primaryimage","url":"https:\/\/radiolifefm.com.br\/noticias\/wp-content\/uploads\/2022\/04\/WhatsApp-Image-2022-04-10-at-18.43.02.jpeg","contentUrl":"https:\/\/radiolifefm.com.br\/noticias\/wp-content\/uploads\/2022\/04\/WhatsApp-Image-2022-04-10-at-18.43.02.jpeg","width":972,"height":1296,"caption":"S\u00e9rgio Barbosa"},{"@type":"BreadcrumbList","@id":"https:\/\/radiolifefm.com.br\/noticias\/relacoes-afetivas-em-tempo-de-pos-globalizacao-midiatica-2\/#breadcrumb","itemListElement":[{"@type":"ListItem","position":1,"name":"In\u00edcio","item":"https:\/\/radiolifefm.com.br\/noticias\/"},{"@type":"ListItem","position":2,"name":"RELA\u00c7\u00d5ES AFETIVAS EM TEMPO DE P\u00d3S-GLOBALIZA\u00c7\u00c3O MIDI\u00c1TICA&#8230;"}]},{"@type":"WebSite","@id":"https:\/\/radiolifefm.com.br\/noticias\/#website","url":"https:\/\/radiolifefm.com.br\/noticias\/","name":"R\u00e1dio Life FM","description":"O Portal de Not\u00edcias de Adamantina","publisher":{"@id":"https:\/\/radiolifefm.com.br\/noticias\/#organization"},"alternateName":"Life FM","potentialAction":[{"@type":"SearchAction","target":{"@type":"EntryPoint","urlTemplate":"https:\/\/radiolifefm.com.br\/noticias\/?s={search_term_string}"},"query-input":{"@type":"PropertyValueSpecification","valueRequired":true,"valueName":"search_term_string"}}],"inLanguage":"pt-BR"},{"@type":"Organization","@id":"https:\/\/radiolifefm.com.br\/noticias\/#organization","name":"R\u00e1dio Life FM","alternateName":"Life FM","url":"https:\/\/radiolifefm.com.br\/noticias\/","logo":{"@type":"ImageObject","inLanguage":"pt-BR","@id":"https:\/\/radiolifefm.com.br\/noticias\/#\/schema\/logo\/image\/","url":"https:\/\/static.radiolifefm.com.br\/noticias\/wp-content\/uploads\/2019\/10\/logo-lifefm.png","contentUrl":"https:\/\/static.radiolifefm.com.br\/noticias\/wp-content\/uploads\/2019\/10\/logo-lifefm.png","width":196,"height":47,"caption":"R\u00e1dio Life FM"},"image":{"@id":"https:\/\/radiolifefm.com.br\/noticias\/#\/schema\/logo\/image\/"},"sameAs":["https:\/\/www.facebook.com\/radiolifefm\/","https:\/\/www.instagram.com\/life1079fm\/"]},{"@type":"Person","@id":"https:\/\/radiolifefm.com.br\/noticias\/#\/schema\/person\/6339b9fac59d12b071dec680d7375d87","name":"ritanery","image":{"@type":"ImageObject","inLanguage":"pt-BR","@id":"https:\/\/secure.gravatar.com\/avatar\/0e37bb19071f47c0b8a23f62a903df117c5a0e75f65a0c2901562f97cd41cf86?s=96&d=mm&r=g","url":"https:\/\/secure.gravatar.com\/avatar\/0e37bb19071f47c0b8a23f62a903df117c5a0e75f65a0c2901562f97cd41cf86?s=96&d=mm&r=g","contentUrl":"https:\/\/secure.gravatar.com\/avatar\/0e37bb19071f47c0b8a23f62a903df117c5a0e75f65a0c2901562f97cd41cf86?s=96&d=mm&r=g","caption":"ritanery"}}]}},"amp_enabled":true,"_links":{"self":[{"href":"https:\/\/radiolifefm.com.br\/noticias\/wp-json\/wp\/v2\/posts\/82566","targetHints":{"allow":["GET"]}}],"collection":[{"href":"https:\/\/radiolifefm.com.br\/noticias\/wp-json\/wp\/v2\/posts"}],"about":[{"href":"https:\/\/radiolifefm.com.br\/noticias\/wp-json\/wp\/v2\/types\/post"}],"author":[{"embeddable":true,"href":"https:\/\/radiolifefm.com.br\/noticias\/wp-json\/wp\/v2\/users\/13"}],"replies":[{"embeddable":true,"href":"https:\/\/radiolifefm.com.br\/noticias\/wp-json\/wp\/v2\/comments?post=82566"}],"version-history":[{"count":1,"href":"https:\/\/radiolifefm.com.br\/noticias\/wp-json\/wp\/v2\/posts\/82566\/revisions"}],"predecessor-version":[{"id":82567,"href":"https:\/\/radiolifefm.com.br\/noticias\/wp-json\/wp\/v2\/posts\/82566\/revisions\/82567"}],"wp:featuredmedia":[{"embeddable":true,"href":"https:\/\/radiolifefm.com.br\/noticias\/wp-json\/wp\/v2\/media\/51988"}],"wp:attachment":[{"href":"https:\/\/radiolifefm.com.br\/noticias\/wp-json\/wp\/v2\/media?parent=82566"}],"wp:term":[{"taxonomy":"category","embeddable":true,"href":"https:\/\/radiolifefm.com.br\/noticias\/wp-json\/wp\/v2\/categories?post=82566"},{"taxonomy":"post_tag","embeddable":true,"href":"https:\/\/radiolifefm.com.br\/noticias\/wp-json\/wp\/v2\/tags?post=82566"}],"curies":[{"name":"wp","href":"https:\/\/api.w.org\/{rel}","templated":true}]}}