{"id":82356,"date":"2024-01-30T08:00:00","date_gmt":"2024-01-30T11:00:00","guid":{"rendered":"https:\/\/radiolifefm.com.br\/noticias\/?p=82356"},"modified":"2025-11-12T09:06:32","modified_gmt":"2025-11-12T12:06:32","slug":"a-velha-arvore-e-a-casinha-branca-solange-lisboa","status":"publish","type":"post","link":"https:\/\/radiolifefm.com.br\/noticias\/a-velha-arvore-e-a-casinha-branca-solange-lisboa\/","title":{"rendered":"A velha \u00c1rvore e a Casinha Branca Solange Lisboa"},"content":{"rendered":"<div id=\"fb-root\"><\/div>\n<p>Eu era uma pequena \u00e1rvore, ainda muito jovem, quando ergueram voc\u00ea aqui. Primeiro cavaram para os alicerces, tiveram cuidado para n\u00e3o danificar minhas ra\u00edzes, planejaram o telhado, levantaram as paredes, prepararam janelas e portas, fizeram uma cerca branquinha, logo veio um casal morar, cuidar de voc\u00ea, pintar suas paredes; a senhora plantou flores no jardim, e ent\u00e3o as borboletas apareceram enfim.<\/p>\n<p>\u00c0s vezes eu temia que me cortassem ou me tirassem daqui, por conta da bagun\u00e7a que eu fazia: eu n\u00e3o podia controlar a queda das minhas folhas, nem impedir que voassem, e acabavam por sujar todo o jardim. Tentava me segurar quando chegava o outono, mas era imposs\u00edvel, pois o meu processo natural \u00e9 perder as folhas para que se renovem.<\/p>\n<p>E assim, ap\u00f3s um tempo, nasceram os filhos do casal: um menininho; dois anos depois, duas garotinhas g\u00eameas e finalmente, ap\u00f3s um pequeno per\u00edodo, mais um garotinho.<\/p>\n<p>Com o tempo, perdi o medo de ser inc\u00f4moda, pois percebia que meus ramos e minhas folhagens faziam uma sombra e traziam refrig\u00e9rio para a minha fam\u00edlia, era assim que me sentia, como parte da vida daquelas pessoas; sempre as protegia do sol e minhas flores deixavam um aroma de primavera, quando vinham os passarinhos, que faziam seus ninhos e cantavam suas belas cantigas e isso era motivo de alegria para todos da casa.<\/p>\n<p>Sentia que gostavam da minha presen\u00e7a; os pequenos brincavam ao redor, se escondiam em volta de mim, e cresceram assim. T\u00e3o depressa que nem percebi.<\/p>\n<p>De repente eram jovens, mo\u00e7as e rapazes e quando tristes ou chateados se abrigavam em minhas sombras, ouvia suas conversas, conhecia-lhes os segredos, suas paix\u00f5es de adolescentes. Tenho muitos cora\u00e7\u00f5es desenhados em meu caule.<\/p>\n<p>Quando viajavam nas f\u00e9rias, eu ficava ansiosa esperando o retorno, as hist\u00f3rias eram sempre contadas \u00e0 minha sombra nos finais de tarde, e at\u00e9 arrumavam a mesa para uma ceia, e se alegravam at\u00e9 aparecerem as primeiras estrelas.<\/p>\n<p>Mas o tempo passou, eles cresceram, foram estudar longe, conheceram outros amigos e confidentes e eu fiquei aqui; s\u00f3 nas f\u00e9rias da escola eles estavam em casa, mas saiam para festas e conheceram seus futuros esposos e esposas, casaram-se e foram morar distante. O casal mudou-se para um apartamento, segundo eles, mais seguro.<\/p>\n<p>Eu fiquei aqui, presa nesse ch\u00e3o, com todas as hist\u00f3rias ouvidas e vividas com eles, que fizeram parte dessa casinha, das minhas sombras, de tantas mudas de folhas durante as esta\u00e7\u00f5es.<\/p>\n<p>A casa est\u00e1 vazia, as janelas n\u00e3o se abrem mais pela manh\u00e3, o sol n\u00e3o faz mais sombras pela sala e as minhas folhas acumuladas apodrecem no que um dia foi um jardim de borboletas e joaninhas.<\/p>\n<p>A casinha muda e solit\u00e1ria, sem os sorrisos, as brincadeiras, sem os varais cheios de roupa de todas as cores; o velho tapete, que antes t\u00e3o desejado, foi esquecido no meio da sala cheia de m\u00f3veis que tamb\u00e9m ficaram, por n\u00e3o haver lugar para eles na nova morada.<\/p>\n<p>Agora nas esta\u00e7\u00f5es chuvosas, com suas paredes desbotadas e o tristonho telhado, precisando de reparos, n\u00f3s olhamos com do\u00e7ura, a casa por guardar as lembran\u00e7as com tanta ternura, e eu por guardar no meu tronco, os cora\u00e7\u00f5es de todas aquelas paix\u00f5es e infantis aventuras!!<\/p>\n<p><strong>Solange Lisboa 20\/11\/2023<\/strong><\/p>\n<p><strong>Escritora\/Poeta<\/strong><\/p>\n<p><strong>@solnlisboa<\/strong><\/p>\n<p><strong>Solangeserrao3@gmail.com<\/strong><\/p>\n<p>&nbsp;<\/p>\n","protected":false},"excerpt":{"rendered":"<p>Eu era uma pequena \u00e1rvore, ainda muito jovem, quando ergueram voc\u00ea aqui. Primeiro cavaram para os alicerces, tiveram cuidado para n\u00e3o danificar minhas ra\u00edzes, planejaram o telhado, levantaram as paredes, prepararam janelas e portas, fizeram uma cerca branquinha, logo veio um casal morar, cuidar de voc\u00ea, pintar suas paredes; a senhora plantou flores no jardim, [&hellip;]<\/p>\n","protected":false},"author":13,"featured_media":82357,"comment_status":"closed","ping_status":"open","sticky":false,"template":"","format":"standard","meta":{"_acf_changed":false,"_exactmetrics_skip_tracking":false,"_exactmetrics_sitenote_active":false,"_exactmetrics_sitenote_note":"","_exactmetrics_sitenote_category":0,"footnotes":""},"categories":[59],"tags":[],"class_list":["post-82356","post","type-post","status-publish","format-standard","has-post-thumbnail","hentry","category-opiniao"],"acf":[],"yoast_head":"<!-- This site is optimized with the Yoast SEO plugin v27.2 - https:\/\/yoast.com\/product\/yoast-seo-wordpress\/ -->\n<title>A velha \u00c1rvore e a Casinha Branca Solange Lisboa - R\u00e1dio Life FM<\/title>\n<meta name=\"robots\" content=\"index, follow, max-snippet:-1, max-image-preview:large, max-video-preview:-1\" \/>\n<link rel=\"canonical\" href=\"https:\/\/radiolifefm.com.br\/noticias\/a-velha-arvore-e-a-casinha-branca-solange-lisboa\/\" \/>\n<meta property=\"og:locale\" content=\"pt_BR\" \/>\n<meta property=\"og:type\" content=\"article\" \/>\n<meta property=\"og:title\" content=\"A velha \u00c1rvore e a Casinha Branca Solange Lisboa - R\u00e1dio Life FM\" \/>\n<meta property=\"og:description\" content=\"Eu era uma pequena \u00e1rvore, ainda muito jovem, quando ergueram voc\u00ea aqui. Primeiro cavaram para os alicerces, tiveram cuidado para n\u00e3o danificar minhas ra\u00edzes, planejaram o telhado, levantaram as paredes, prepararam janelas e portas, fizeram uma cerca branquinha, logo veio um casal morar, cuidar de voc\u00ea, pintar suas paredes; a senhora plantou flores no jardim, [&hellip;]\" \/>\n<meta property=\"og:url\" content=\"https:\/\/radiolifefm.com.br\/noticias\/a-velha-arvore-e-a-casinha-branca-solange-lisboa\/\" \/>\n<meta property=\"og:site_name\" content=\"R\u00e1dio Life FM\" \/>\n<meta property=\"article:publisher\" content=\"https:\/\/www.facebook.com\/radiolifefm\/\" \/>\n<meta property=\"article:published_time\" content=\"2024-01-30T11:00:00+00:00\" \/>\n<meta property=\"article:modified_time\" content=\"2025-11-12T12:06:32+00:00\" \/>\n<meta property=\"og:image\" content=\"https:\/\/static.radiolifefm.com.br\/noticias\/wp-content\/uploads\/2024\/01\/cats-40.jpg\" \/>\n\t<meta property=\"og:image:width\" content=\"408\" \/>\n\t<meta property=\"og:image:height\" content=\"314\" \/>\n\t<meta property=\"og:image:type\" content=\"image\/jpeg\" \/>\n<meta name=\"author\" content=\"ritanery\" \/>\n<meta name=\"twitter:card\" content=\"summary_large_image\" \/>\n<meta name=\"twitter:label1\" content=\"Escrito por\" \/>\n\t<meta name=\"twitter:data1\" content=\"ritanery\" \/>\n\t<meta name=\"twitter:label2\" content=\"Est. tempo de leitura\" \/>\n\t<meta name=\"twitter:data2\" content=\"3 minutos\" \/>\n<script type=\"application\/ld+json\" class=\"yoast-schema-graph\">{\"@context\":\"https:\/\/schema.org\",\"@graph\":[{\"@type\":\"Article\",\"@id\":\"https:\/\/radiolifefm.com.br\/noticias\/a-velha-arvore-e-a-casinha-branca-solange-lisboa\/#article\",\"isPartOf\":{\"@id\":\"https:\/\/radiolifefm.com.br\/noticias\/a-velha-arvore-e-a-casinha-branca-solange-lisboa\/\"},\"author\":{\"name\":\"ritanery\",\"@id\":\"https:\/\/radiolifefm.com.br\/noticias\/#\/schema\/person\/6339b9fac59d12b071dec680d7375d87\"},\"headline\":\"A velha \u00c1rvore e a Casinha Branca Solange Lisboa\",\"datePublished\":\"2024-01-30T11:00:00+00:00\",\"dateModified\":\"2025-11-12T12:06:32+00:00\",\"mainEntityOfPage\":{\"@id\":\"https:\/\/radiolifefm.com.br\/noticias\/a-velha-arvore-e-a-casinha-branca-solange-lisboa\/\"},\"wordCount\":586,\"publisher\":{\"@id\":\"https:\/\/radiolifefm.com.br\/noticias\/#organization\"},\"image\":{\"@id\":\"https:\/\/radiolifefm.com.br\/noticias\/a-velha-arvore-e-a-casinha-branca-solange-lisboa\/#primaryimage\"},\"thumbnailUrl\":\"https:\/\/radiolifefm.com.br\/noticias\/wp-content\/uploads\/2024\/01\/cats-40.jpg\",\"articleSection\":[\"Opini\u00e3o\"],\"inLanguage\":\"pt-BR\"},{\"@type\":\"WebPage\",\"@id\":\"https:\/\/radiolifefm.com.br\/noticias\/a-velha-arvore-e-a-casinha-branca-solange-lisboa\/\",\"url\":\"https:\/\/radiolifefm.com.br\/noticias\/a-velha-arvore-e-a-casinha-branca-solange-lisboa\/\",\"name\":\"A velha \u00c1rvore e a Casinha Branca Solange Lisboa - R\u00e1dio Life FM\",\"isPartOf\":{\"@id\":\"https:\/\/radiolifefm.com.br\/noticias\/#website\"},\"primaryImageOfPage\":{\"@id\":\"https:\/\/radiolifefm.com.br\/noticias\/a-velha-arvore-e-a-casinha-branca-solange-lisboa\/#primaryimage\"},\"image\":{\"@id\":\"https:\/\/radiolifefm.com.br\/noticias\/a-velha-arvore-e-a-casinha-branca-solange-lisboa\/#primaryimage\"},\"thumbnailUrl\":\"https:\/\/radiolifefm.com.br\/noticias\/wp-content\/uploads\/2024\/01\/cats-40.jpg\",\"datePublished\":\"2024-01-30T11:00:00+00:00\",\"dateModified\":\"2025-11-12T12:06:32+00:00\",\"breadcrumb\":{\"@id\":\"https:\/\/radiolifefm.com.br\/noticias\/a-velha-arvore-e-a-casinha-branca-solange-lisboa\/#breadcrumb\"},\"inLanguage\":\"pt-BR\",\"potentialAction\":[{\"@type\":\"ReadAction\",\"target\":[\"https:\/\/radiolifefm.com.br\/noticias\/a-velha-arvore-e-a-casinha-branca-solange-lisboa\/\"]}]},{\"@type\":\"ImageObject\",\"inLanguage\":\"pt-BR\",\"@id\":\"https:\/\/radiolifefm.com.br\/noticias\/a-velha-arvore-e-a-casinha-branca-solange-lisboa\/#primaryimage\",\"url\":\"https:\/\/radiolifefm.com.br\/noticias\/wp-content\/uploads\/2024\/01\/cats-40.jpg\",\"contentUrl\":\"https:\/\/radiolifefm.com.br\/noticias\/wp-content\/uploads\/2024\/01\/cats-40.jpg\",\"width\":408,\"height\":314},{\"@type\":\"BreadcrumbList\",\"@id\":\"https:\/\/radiolifefm.com.br\/noticias\/a-velha-arvore-e-a-casinha-branca-solange-lisboa\/#breadcrumb\",\"itemListElement\":[{\"@type\":\"ListItem\",\"position\":1,\"name\":\"In\u00edcio\",\"item\":\"https:\/\/radiolifefm.com.br\/noticias\/\"},{\"@type\":\"ListItem\",\"position\":2,\"name\":\"A velha \u00c1rvore e a Casinha Branca Solange Lisboa\"}]},{\"@type\":\"WebSite\",\"@id\":\"https:\/\/radiolifefm.com.br\/noticias\/#website\",\"url\":\"https:\/\/radiolifefm.com.br\/noticias\/\",\"name\":\"R\u00e1dio Life FM\",\"description\":\"O Portal de Not\u00edcias de Adamantina\",\"publisher\":{\"@id\":\"https:\/\/radiolifefm.com.br\/noticias\/#organization\"},\"alternateName\":\"Life FM\",\"potentialAction\":[{\"@type\":\"SearchAction\",\"target\":{\"@type\":\"EntryPoint\",\"urlTemplate\":\"https:\/\/radiolifefm.com.br\/noticias\/?s={search_term_string}\"},\"query-input\":{\"@type\":\"PropertyValueSpecification\",\"valueRequired\":true,\"valueName\":\"search_term_string\"}}],\"inLanguage\":\"pt-BR\"},{\"@type\":\"Organization\",\"@id\":\"https:\/\/radiolifefm.com.br\/noticias\/#organization\",\"name\":\"R\u00e1dio Life FM\",\"alternateName\":\"Life FM\",\"url\":\"https:\/\/radiolifefm.com.br\/noticias\/\",\"logo\":{\"@type\":\"ImageObject\",\"inLanguage\":\"pt-BR\",\"@id\":\"https:\/\/radiolifefm.com.br\/noticias\/#\/schema\/logo\/image\/\",\"url\":\"https:\/\/static.radiolifefm.com.br\/noticias\/wp-content\/uploads\/2019\/10\/logo-lifefm.png\",\"contentUrl\":\"https:\/\/static.radiolifefm.com.br\/noticias\/wp-content\/uploads\/2019\/10\/logo-lifefm.png\",\"width\":196,\"height\":47,\"caption\":\"R\u00e1dio Life FM\"},\"image\":{\"@id\":\"https:\/\/radiolifefm.com.br\/noticias\/#\/schema\/logo\/image\/\"},\"sameAs\":[\"https:\/\/www.facebook.com\/radiolifefm\/\",\"https:\/\/www.instagram.com\/life1079fm\/\"]},{\"@type\":\"Person\",\"@id\":\"https:\/\/radiolifefm.com.br\/noticias\/#\/schema\/person\/6339b9fac59d12b071dec680d7375d87\",\"name\":\"ritanery\",\"image\":{\"@type\":\"ImageObject\",\"inLanguage\":\"pt-BR\",\"@id\":\"https:\/\/secure.gravatar.com\/avatar\/0e37bb19071f47c0b8a23f62a903df117c5a0e75f65a0c2901562f97cd41cf86?s=96&d=mm&r=g\",\"url\":\"https:\/\/secure.gravatar.com\/avatar\/0e37bb19071f47c0b8a23f62a903df117c5a0e75f65a0c2901562f97cd41cf86?s=96&d=mm&r=g\",\"contentUrl\":\"https:\/\/secure.gravatar.com\/avatar\/0e37bb19071f47c0b8a23f62a903df117c5a0e75f65a0c2901562f97cd41cf86?s=96&d=mm&r=g\",\"caption\":\"ritanery\"}}]}<\/script>\n<!-- \/ Yoast SEO plugin. -->","yoast_head_json":{"title":"A velha \u00c1rvore e a Casinha Branca Solange Lisboa - R\u00e1dio Life FM","robots":{"index":"index","follow":"follow","max-snippet":"max-snippet:-1","max-image-preview":"max-image-preview:large","max-video-preview":"max-video-preview:-1"},"canonical":"https:\/\/radiolifefm.com.br\/noticias\/a-velha-arvore-e-a-casinha-branca-solange-lisboa\/","og_locale":"pt_BR","og_type":"article","og_title":"A velha \u00c1rvore e a Casinha Branca Solange Lisboa - R\u00e1dio Life FM","og_description":"Eu era uma pequena \u00e1rvore, ainda muito jovem, quando ergueram voc\u00ea aqui. Primeiro cavaram para os alicerces, tiveram cuidado para n\u00e3o danificar minhas ra\u00edzes, planejaram o telhado, levantaram as paredes, prepararam janelas e portas, fizeram uma cerca branquinha, logo veio um casal morar, cuidar de voc\u00ea, pintar suas paredes; a senhora plantou flores no jardim, [&hellip;]","og_url":"https:\/\/radiolifefm.com.br\/noticias\/a-velha-arvore-e-a-casinha-branca-solange-lisboa\/","og_site_name":"R\u00e1dio Life FM","article_publisher":"https:\/\/www.facebook.com\/radiolifefm\/","article_published_time":"2024-01-30T11:00:00+00:00","article_modified_time":"2025-11-12T12:06:32+00:00","og_image":[{"width":408,"height":314,"url":"https:\/\/static.radiolifefm.com.br\/noticias\/wp-content\/uploads\/2024\/01\/cats-40.jpg","type":"image\/jpeg"}],"author":"ritanery","twitter_card":"summary_large_image","twitter_misc":{"Escrito por":"ritanery","Est. tempo de leitura":"3 minutos"},"schema":{"@context":"https:\/\/schema.org","@graph":[{"@type":"Article","@id":"https:\/\/radiolifefm.com.br\/noticias\/a-velha-arvore-e-a-casinha-branca-solange-lisboa\/#article","isPartOf":{"@id":"https:\/\/radiolifefm.com.br\/noticias\/a-velha-arvore-e-a-casinha-branca-solange-lisboa\/"},"author":{"name":"ritanery","@id":"https:\/\/radiolifefm.com.br\/noticias\/#\/schema\/person\/6339b9fac59d12b071dec680d7375d87"},"headline":"A velha \u00c1rvore e a Casinha Branca Solange Lisboa","datePublished":"2024-01-30T11:00:00+00:00","dateModified":"2025-11-12T12:06:32+00:00","mainEntityOfPage":{"@id":"https:\/\/radiolifefm.com.br\/noticias\/a-velha-arvore-e-a-casinha-branca-solange-lisboa\/"},"wordCount":586,"publisher":{"@id":"https:\/\/radiolifefm.com.br\/noticias\/#organization"},"image":{"@id":"https:\/\/radiolifefm.com.br\/noticias\/a-velha-arvore-e-a-casinha-branca-solange-lisboa\/#primaryimage"},"thumbnailUrl":"https:\/\/radiolifefm.com.br\/noticias\/wp-content\/uploads\/2024\/01\/cats-40.jpg","articleSection":["Opini\u00e3o"],"inLanguage":"pt-BR"},{"@type":"WebPage","@id":"https:\/\/radiolifefm.com.br\/noticias\/a-velha-arvore-e-a-casinha-branca-solange-lisboa\/","url":"https:\/\/radiolifefm.com.br\/noticias\/a-velha-arvore-e-a-casinha-branca-solange-lisboa\/","name":"A velha \u00c1rvore e a Casinha Branca Solange Lisboa - R\u00e1dio Life FM","isPartOf":{"@id":"https:\/\/radiolifefm.com.br\/noticias\/#website"},"primaryImageOfPage":{"@id":"https:\/\/radiolifefm.com.br\/noticias\/a-velha-arvore-e-a-casinha-branca-solange-lisboa\/#primaryimage"},"image":{"@id":"https:\/\/radiolifefm.com.br\/noticias\/a-velha-arvore-e-a-casinha-branca-solange-lisboa\/#primaryimage"},"thumbnailUrl":"https:\/\/radiolifefm.com.br\/noticias\/wp-content\/uploads\/2024\/01\/cats-40.jpg","datePublished":"2024-01-30T11:00:00+00:00","dateModified":"2025-11-12T12:06:32+00:00","breadcrumb":{"@id":"https:\/\/radiolifefm.com.br\/noticias\/a-velha-arvore-e-a-casinha-branca-solange-lisboa\/#breadcrumb"},"inLanguage":"pt-BR","potentialAction":[{"@type":"ReadAction","target":["https:\/\/radiolifefm.com.br\/noticias\/a-velha-arvore-e-a-casinha-branca-solange-lisboa\/"]}]},{"@type":"ImageObject","inLanguage":"pt-BR","@id":"https:\/\/radiolifefm.com.br\/noticias\/a-velha-arvore-e-a-casinha-branca-solange-lisboa\/#primaryimage","url":"https:\/\/radiolifefm.com.br\/noticias\/wp-content\/uploads\/2024\/01\/cats-40.jpg","contentUrl":"https:\/\/radiolifefm.com.br\/noticias\/wp-content\/uploads\/2024\/01\/cats-40.jpg","width":408,"height":314},{"@type":"BreadcrumbList","@id":"https:\/\/radiolifefm.com.br\/noticias\/a-velha-arvore-e-a-casinha-branca-solange-lisboa\/#breadcrumb","itemListElement":[{"@type":"ListItem","position":1,"name":"In\u00edcio","item":"https:\/\/radiolifefm.com.br\/noticias\/"},{"@type":"ListItem","position":2,"name":"A velha \u00c1rvore e a Casinha Branca Solange Lisboa"}]},{"@type":"WebSite","@id":"https:\/\/radiolifefm.com.br\/noticias\/#website","url":"https:\/\/radiolifefm.com.br\/noticias\/","name":"R\u00e1dio Life FM","description":"O Portal de Not\u00edcias de Adamantina","publisher":{"@id":"https:\/\/radiolifefm.com.br\/noticias\/#organization"},"alternateName":"Life FM","potentialAction":[{"@type":"SearchAction","target":{"@type":"EntryPoint","urlTemplate":"https:\/\/radiolifefm.com.br\/noticias\/?s={search_term_string}"},"query-input":{"@type":"PropertyValueSpecification","valueRequired":true,"valueName":"search_term_string"}}],"inLanguage":"pt-BR"},{"@type":"Organization","@id":"https:\/\/radiolifefm.com.br\/noticias\/#organization","name":"R\u00e1dio Life FM","alternateName":"Life FM","url":"https:\/\/radiolifefm.com.br\/noticias\/","logo":{"@type":"ImageObject","inLanguage":"pt-BR","@id":"https:\/\/radiolifefm.com.br\/noticias\/#\/schema\/logo\/image\/","url":"https:\/\/static.radiolifefm.com.br\/noticias\/wp-content\/uploads\/2019\/10\/logo-lifefm.png","contentUrl":"https:\/\/static.radiolifefm.com.br\/noticias\/wp-content\/uploads\/2019\/10\/logo-lifefm.png","width":196,"height":47,"caption":"R\u00e1dio Life FM"},"image":{"@id":"https:\/\/radiolifefm.com.br\/noticias\/#\/schema\/logo\/image\/"},"sameAs":["https:\/\/www.facebook.com\/radiolifefm\/","https:\/\/www.instagram.com\/life1079fm\/"]},{"@type":"Person","@id":"https:\/\/radiolifefm.com.br\/noticias\/#\/schema\/person\/6339b9fac59d12b071dec680d7375d87","name":"ritanery","image":{"@type":"ImageObject","inLanguage":"pt-BR","@id":"https:\/\/secure.gravatar.com\/avatar\/0e37bb19071f47c0b8a23f62a903df117c5a0e75f65a0c2901562f97cd41cf86?s=96&d=mm&r=g","url":"https:\/\/secure.gravatar.com\/avatar\/0e37bb19071f47c0b8a23f62a903df117c5a0e75f65a0c2901562f97cd41cf86?s=96&d=mm&r=g","contentUrl":"https:\/\/secure.gravatar.com\/avatar\/0e37bb19071f47c0b8a23f62a903df117c5a0e75f65a0c2901562f97cd41cf86?s=96&d=mm&r=g","caption":"ritanery"}}]}},"amp_enabled":true,"_links":{"self":[{"href":"https:\/\/radiolifefm.com.br\/noticias\/wp-json\/wp\/v2\/posts\/82356","targetHints":{"allow":["GET"]}}],"collection":[{"href":"https:\/\/radiolifefm.com.br\/noticias\/wp-json\/wp\/v2\/posts"}],"about":[{"href":"https:\/\/radiolifefm.com.br\/noticias\/wp-json\/wp\/v2\/types\/post"}],"author":[{"embeddable":true,"href":"https:\/\/radiolifefm.com.br\/noticias\/wp-json\/wp\/v2\/users\/13"}],"replies":[{"embeddable":true,"href":"https:\/\/radiolifefm.com.br\/noticias\/wp-json\/wp\/v2\/comments?post=82356"}],"version-history":[{"count":1,"href":"https:\/\/radiolifefm.com.br\/noticias\/wp-json\/wp\/v2\/posts\/82356\/revisions"}],"predecessor-version":[{"id":82358,"href":"https:\/\/radiolifefm.com.br\/noticias\/wp-json\/wp\/v2\/posts\/82356\/revisions\/82358"}],"wp:featuredmedia":[{"embeddable":true,"href":"https:\/\/radiolifefm.com.br\/noticias\/wp-json\/wp\/v2\/media\/82357"}],"wp:attachment":[{"href":"https:\/\/radiolifefm.com.br\/noticias\/wp-json\/wp\/v2\/media?parent=82356"}],"wp:term":[{"taxonomy":"category","embeddable":true,"href":"https:\/\/radiolifefm.com.br\/noticias\/wp-json\/wp\/v2\/categories?post=82356"},{"taxonomy":"post_tag","embeddable":true,"href":"https:\/\/radiolifefm.com.br\/noticias\/wp-json\/wp\/v2\/tags?post=82356"}],"curies":[{"name":"wp","href":"https:\/\/api.w.org\/{rel}","templated":true}]}}