{"id":82037,"date":"2024-01-22T08:03:58","date_gmt":"2024-01-22T11:03:58","guid":{"rendered":"https:\/\/radiolifefm.com.br\/noticias\/?p=82037"},"modified":"2026-04-09T00:06:53","modified_gmt":"2026-04-09T03:06:53","slug":"eles-estavam-aqui-sao-donos-da-terra-nao-imigrantes-ou-refugiados","status":"publish","type":"post","link":"https:\/\/radiolifefm.com.br\/noticias\/eles-estavam-aqui-sao-donos-da-terra-nao-imigrantes-ou-refugiados\/","title":{"rendered":"Eles estavam aqui. S\u00e3o donos da terra, n\u00e3o imigrantes ou refugiados!"},"content":{"rendered":"<div id=\"fb-root\"><\/div>\n<p>Deixo registrada aqui, minhas palavras, hoje, n\u00e3o como escritora, n\u00e3o como poeta, mas como brasileira, paraense, belenense, filha da Amaz\u00f4nia, descendente, como todo brasileiro, de povos ind\u00edgenas, pretos, portugueses, espanh\u00f3is, italianos e alem\u00e3es. Em rela\u00e7\u00e3o aos povos asi\u00e1ticos, podemos destacar japoneses, s\u00edrios e libaneses.<\/p>\n<p>Ent\u00e3o aqui, somos um povo miscigenado, que muitas vezes, esquecemos nossas origens e menosprezamos nossos ancestrais.<\/p>\n<p>Os nossos ind\u00edgenas habitavam o Brasil; estavam aqui quando chegaram as caravelas de Cabral e hoje, acertadamente, tem sido discutido o termo \u201cDescobrimento\u201d, posto que esse termo deve ser usado para o lugar aonde n\u00e3o h\u00e1 habitantes, o que n\u00e3o \u00e9 nosso caso.<\/p>\n<p>Quando da chegada dos portugueses ao Brasil com a expedi\u00e7\u00e3o de Cabral, composta por 13 embarca\u00e7\u00f5es e cerca de 1200 homens, O primeiro ponto avistado pelos portugueses foi a regi\u00e3o do Monte Pascoal, na Bahia, no dia 22 de abril de 1500, <strong>o litoral baiano era ocupado pelos \u00edndios Tupinamb\u00e1s e Tupiniquins, enquanto no interior viviam os Aimor\u00e9s<\/strong>, ou seja, ningu\u00e9m precisa provar nada, a hist\u00f3ria nos conta que eles habitavam o Brasil e que sua vida, seus costumes e cultura, desde o in\u00edcio foram amea\u00e7ados e alterados pela atua\u00e7\u00e3o dos homens brancos que aqui chegaram.<\/p>\n<p>&#8220;O relato de Pero Vaz de Caminha sobre eles, afirmou que \u201ceram pardos, todos nus, sem coisa alguma que lhes cobrisse o corpo. Traziam nas m\u00e3os arcos e flechas\u201d.<\/p>\n<p>Essa primeira expedi\u00e7\u00e3o que marcou os contatos iniciais entre portugueses e nativos foi comandada por Nicolau Coelho. Ele e outros homens foram enviados para as margens da praia, em um bote, para estabelecer uma rela\u00e7\u00e3o com os ind\u00edgenas, e esses contatos, naturalmente, foram pac\u00edficos.<\/p>\n<p>&nbsp;<\/p>\n<p>Em uma outra passagem sobre os nativos, Pero Vaz de Caminha afirma que:<\/p>\n<p><em>\u201cA fei\u00e7\u00e3o deles \u00e9 parda, algo avermelhada; de bons rostos e bons narizes. Em geral s\u00e3o bem-feitos.\u00a0 Ambos traziam o l\u00e1bio de baixo furado e metido nele um osso branco e realmente osso, do comprimento de uma m\u00e3o travessa, e da grossura de um fuso de algod\u00e3o, agudo na ponta como um furador. Metem-nos pela parte de dentro do l\u00e1bio, e a parte que fica entre o l\u00e1bio e os dentes \u00e9 feita \u00e0 roque de xadrez, ali encaixado de maneira a n\u00e3o prejudicar o falar, o comer e o beber.&#8221;<\/em><\/p>\n<p>\u201cA Carta faz um relato muito circunstanciado dos costumes dos habitantes da terra, o seu comportamento pac\u00edfico, mesmo d\u00f3cil, suas casas, alimenta\u00e7\u00e3o, vestu\u00e1rio, v\u00e1rios utens\u00edlios como arcos, setas, machados, aves, a cor da terra, os densos arvoredos, a inexist\u00eancia de animais dom\u00e9sticos.<\/p>\n<p>\u00c9 tamb\u00e9m de real\u00e7ar como, Caminha se refere aos \u00edndios: \u201c<em>a tr\u00eas s\u00e9culos de Rousseau, vemos o olhar maravilhado perante o seu bom primitivismo, a sua ingenuidade, a sua inoc\u00eancia. \u00c9 como que a antecipa\u00e7\u00e3o do mito do bom selvagem, que Rousseau teorizou e que originou obras como \u00c1tala e Ren\u00e9, de Chateaubriand, ou o Guarani, do brasileiro Alencar\u201d.<\/em><\/p>\n<p>Com todos os dados hist\u00f3ricos fornecidos por livros, almanaques e cartas da \u00e9poca, incluindo a famosa carta de Pero Vaz de Caminha ao Rei D. Manoel.( Atualmente, a carta est\u00e1 no Arquivo da Torre do Tombo, a qual \u00e9 o Arquivo Nacional de Portugal.), ainda assim, vergonhosamente, nossos povos origin\u00e1rios, tem sido tratados como se refugiados fossem, e que precisassem comprovar datas de sua exist\u00eancia (Marco Temporal- PL 490), o nefasto desejo de tomar pela for\u00e7a da lei, as terras que a eles pertencem.<\/p>\n<p>N\u00e3o bastasse todas as injusti\u00e7as e atrocidades cometidas contra esse povo, ao longo desses 523 anos, por meio de invas\u00f5es de suas terras, queimada de suas lavouras, contamina\u00e7\u00e3o de sua \u00e1gua, explora\u00e7\u00e3o de sua terra mediante garimpos de toda sorte de mercen\u00e1rios, que negociam com sua inoc\u00eancia e ingenuidade e miseravelmente, estupram e matam.<\/p>\n<p>Ent\u00e3o diante de tudo isso, eu como filha dessas terras, descendente de miscigena\u00e7\u00e3o, n\u00e3o posso me calar e simplesmente fechar os olhos diante de situa\u00e7\u00f5es que ningu\u00e9m aguenta mais, como esse Tal Marco Temporal, que com certeza apoiado por gente ambiciosa, nociva e funesta e que enriqueceu nos garimpos \u00e0 custa de vidas de tantos inocentes.<\/p>\n<p>N\u00e3o posso aqui, me furtar a lembran\u00e7a de Dom Phillips e Bruno Pereira que eram profissionais reconhecidos em suas \u00e1reas e compartilhavam a paix\u00e3o pela Amaz\u00f4nia e pela preserva\u00e7\u00e3o da natureza e dos povos origin\u00e1rios da regi\u00e3o.<\/p>\n<p>Bruno Pereira orientava moradores do Vale do Javari a denunciar irregularidades cometidas em reserva ind\u00edgena e o jornalista estrangeiro acompanhava o trabalho para registrar em livro que pretendia escrever.<\/p>\n<p>E por causa desse amor \u00e0 Amaz\u00f4nia e aos povos primitivos, e de suas atua\u00e7\u00f5es para proteg\u00ea-los, foram cruelmente assassinados, esquartejados e tiveram seus restos mortais queimados.<\/p>\n<p>At\u00e9 quando vamos nos calar diante do sofrimento dessa \u201cnossa gente\u201d que aqui vou representar com o nome dos Yanomamis, que tem sido dizimados pela maldade e ambi\u00e7\u00e3o? Suas crian\u00e7as desnutridas s\u00e3o atingidas por toda sorte de doen\u00e7as e um dano psicol\u00f3gico irrevers\u00edvel \u00e9 causado em suas mentes, posto que, acuados em seu pr\u00f3prio habitat natural, indefesos e vulner\u00e1veis.<\/p>\n<p><strong><em>Solange Lisboa<\/em><\/strong><\/p>\n<p><strong><em>@solnlisboa<\/em><\/strong><\/p>\n<p><strong><em>Solange serrao3@gmail.com<\/em><\/strong><\/p>\n<p>Refer\u00eancias:<\/p>\n<p><a href=\"https:\/\/brasilescola.uol.com.br\/historiab\/descobrimentobrasil.htm\">https:\/\/brasilescola.uol.com.br\/historiab\/descobrimentobrasil.htm<\/a><\/p>\n<p><a href=\"https:\/\/www.terra.com.br\/noticias\/quem-eram-dom-phillips-e-bruno-pereira-assassinados-na-amazonia,217edd13e1d7e8ad385d5fd93330ceb2gxodooav.html?utm_source=clipboard\">https:\/\/www.terra.com.br\/noticias\/quem-eram-dom-phillips-e-bruno-pereira-assassinados-na-amazonia,217edd13e1d7e8ad385d5fd93330ceb2gxodooav.html?utm_source=clipboard<\/a>.<\/p>\n<p><a href=\"https:\/\/www.terra.com.br\/noticias\/quem-eram-dom-phillips-e-bruno-pereira-assassinados-na-\">https:\/\/www.terra.com.br\/noticias\/quem-eram-dom-phillips-e-bruno-pereira-assassinados-na-<\/a><\/p>\n<p><a href=\"https:\/\/www.survivalbrasil.org\/povos\/yanomami\">https:\/\/www.survivalbrasil.org\/povos\/yanomami<\/a><\/p>\n<p>&nbsp;<\/p>\n","protected":false},"excerpt":{"rendered":"<p>Deixo registrada aqui, minhas palavras, hoje, n\u00e3o como escritora, n\u00e3o como poeta, mas como brasileira, paraense, belenense, filha da Amaz\u00f4nia, descendente, como todo brasileiro, de povos ind\u00edgenas, pretos, portugueses, espanh\u00f3is, italianos e alem\u00e3es. Em rela\u00e7\u00e3o aos povos asi\u00e1ticos, podemos destacar japoneses, s\u00edrios e libaneses. Ent\u00e3o aqui, somos um povo miscigenado, que muitas vezes, esquecemos nossas [&hellip;]<\/p>\n","protected":false},"author":13,"featured_media":82038,"comment_status":"closed","ping_status":"open","sticky":false,"template":"","format":"standard","meta":{"_acf_changed":false,"_exactmetrics_skip_tracking":false,"_exactmetrics_sitenote_active":false,"_exactmetrics_sitenote_note":"","_exactmetrics_sitenote_category":0,"footnotes":""},"categories":[59],"tags":[],"class_list":["post-82037","post","type-post","status-publish","format-standard","has-post-thumbnail","hentry","category-opiniao"],"acf":[],"yoast_head":"<!-- This site is optimized with the Yoast SEO plugin v27.2 - https:\/\/yoast.com\/product\/yoast-seo-wordpress\/ -->\n<title>Eles estavam aqui. S\u00e3o donos da terra, n\u00e3o imigrantes ou refugiados! - R\u00e1dio Life FM<\/title>\n<meta name=\"robots\" content=\"index, follow, max-snippet:-1, max-image-preview:large, max-video-preview:-1\" \/>\n<link rel=\"canonical\" href=\"https:\/\/radiolifefm.com.br\/noticias\/eles-estavam-aqui-sao-donos-da-terra-nao-imigrantes-ou-refugiados\/\" \/>\n<meta property=\"og:locale\" content=\"pt_BR\" \/>\n<meta property=\"og:type\" content=\"article\" \/>\n<meta property=\"og:title\" content=\"Eles estavam aqui. S\u00e3o donos da terra, n\u00e3o imigrantes ou refugiados! - R\u00e1dio Life FM\" \/>\n<meta property=\"og:description\" content=\"Deixo registrada aqui, minhas palavras, hoje, n\u00e3o como escritora, n\u00e3o como poeta, mas como brasileira, paraense, belenense, filha da Amaz\u00f4nia, descendente, como todo brasileiro, de povos ind\u00edgenas, pretos, portugueses, espanh\u00f3is, italianos e alem\u00e3es. Em rela\u00e7\u00e3o aos povos asi\u00e1ticos, podemos destacar japoneses, s\u00edrios e libaneses. Ent\u00e3o aqui, somos um povo miscigenado, que muitas vezes, esquecemos nossas [&hellip;]\" \/>\n<meta property=\"og:url\" content=\"https:\/\/radiolifefm.com.br\/noticias\/eles-estavam-aqui-sao-donos-da-terra-nao-imigrantes-ou-refugiados\/\" \/>\n<meta property=\"og:site_name\" content=\"R\u00e1dio Life FM\" \/>\n<meta property=\"article:publisher\" content=\"https:\/\/www.facebook.com\/radiolifefm\/\" \/>\n<meta property=\"article:published_time\" content=\"2024-01-22T11:03:58+00:00\" \/>\n<meta property=\"article:modified_time\" content=\"2026-04-09T03:06:53+00:00\" \/>\n<meta property=\"og:image\" content=\"https:\/\/radiolifefm.com.br\/noticias\/wp-content\/uploads\/2024\/01\/cats-27.jpg\" \/>\n\t<meta property=\"og:image:width\" content=\"567\" \/>\n\t<meta property=\"og:image:height\" content=\"382\" \/>\n\t<meta property=\"og:image:type\" content=\"image\/jpeg\" \/>\n<meta name=\"author\" content=\"ritanery\" \/>\n<meta name=\"twitter:card\" content=\"summary_large_image\" \/>\n<meta name=\"twitter:label1\" content=\"Escrito por\" \/>\n\t<meta name=\"twitter:data1\" content=\"ritanery\" \/>\n\t<meta name=\"twitter:label2\" content=\"Est. tempo de leitura\" \/>\n\t<meta name=\"twitter:data2\" content=\"5 minutos\" \/>\n<script type=\"application\/ld+json\" class=\"yoast-schema-graph\">{\"@context\":\"https:\/\/schema.org\",\"@graph\":[{\"@type\":\"Article\",\"@id\":\"https:\/\/radiolifefm.com.br\/noticias\/eles-estavam-aqui-sao-donos-da-terra-nao-imigrantes-ou-refugiados\/#article\",\"isPartOf\":{\"@id\":\"https:\/\/radiolifefm.com.br\/noticias\/eles-estavam-aqui-sao-donos-da-terra-nao-imigrantes-ou-refugiados\/\"},\"author\":{\"name\":\"ritanery\",\"@id\":\"https:\/\/radiolifefm.com.br\/noticias\/#\/schema\/person\/6339b9fac59d12b071dec680d7375d87\"},\"headline\":\"Eles estavam aqui. S\u00e3o donos da terra, n\u00e3o imigrantes ou refugiados!\",\"datePublished\":\"2024-01-22T11:03:58+00:00\",\"dateModified\":\"2026-04-09T03:06:53+00:00\",\"mainEntityOfPage\":{\"@id\":\"https:\/\/radiolifefm.com.br\/noticias\/eles-estavam-aqui-sao-donos-da-terra-nao-imigrantes-ou-refugiados\/\"},\"wordCount\":957,\"publisher\":{\"@id\":\"https:\/\/radiolifefm.com.br\/noticias\/#organization\"},\"image\":{\"@id\":\"https:\/\/radiolifefm.com.br\/noticias\/eles-estavam-aqui-sao-donos-da-terra-nao-imigrantes-ou-refugiados\/#primaryimage\"},\"thumbnailUrl\":\"https:\/\/radiolifefm.com.br\/noticias\/wp-content\/uploads\/2024\/01\/cats-27.jpg\",\"articleSection\":[\"Opini\u00e3o\"],\"inLanguage\":\"pt-BR\"},{\"@type\":\"WebPage\",\"@id\":\"https:\/\/radiolifefm.com.br\/noticias\/eles-estavam-aqui-sao-donos-da-terra-nao-imigrantes-ou-refugiados\/\",\"url\":\"https:\/\/radiolifefm.com.br\/noticias\/eles-estavam-aqui-sao-donos-da-terra-nao-imigrantes-ou-refugiados\/\",\"name\":\"Eles estavam aqui. S\u00e3o donos da terra, n\u00e3o imigrantes ou refugiados! - R\u00e1dio Life FM\",\"isPartOf\":{\"@id\":\"https:\/\/radiolifefm.com.br\/noticias\/#website\"},\"primaryImageOfPage\":{\"@id\":\"https:\/\/radiolifefm.com.br\/noticias\/eles-estavam-aqui-sao-donos-da-terra-nao-imigrantes-ou-refugiados\/#primaryimage\"},\"image\":{\"@id\":\"https:\/\/radiolifefm.com.br\/noticias\/eles-estavam-aqui-sao-donos-da-terra-nao-imigrantes-ou-refugiados\/#primaryimage\"},\"thumbnailUrl\":\"https:\/\/radiolifefm.com.br\/noticias\/wp-content\/uploads\/2024\/01\/cats-27.jpg\",\"datePublished\":\"2024-01-22T11:03:58+00:00\",\"dateModified\":\"2026-04-09T03:06:53+00:00\",\"breadcrumb\":{\"@id\":\"https:\/\/radiolifefm.com.br\/noticias\/eles-estavam-aqui-sao-donos-da-terra-nao-imigrantes-ou-refugiados\/#breadcrumb\"},\"inLanguage\":\"pt-BR\",\"potentialAction\":[{\"@type\":\"ReadAction\",\"target\":[\"https:\/\/radiolifefm.com.br\/noticias\/eles-estavam-aqui-sao-donos-da-terra-nao-imigrantes-ou-refugiados\/\"]}]},{\"@type\":\"ImageObject\",\"inLanguage\":\"pt-BR\",\"@id\":\"https:\/\/radiolifefm.com.br\/noticias\/eles-estavam-aqui-sao-donos-da-terra-nao-imigrantes-ou-refugiados\/#primaryimage\",\"url\":\"https:\/\/radiolifefm.com.br\/noticias\/wp-content\/uploads\/2024\/01\/cats-27.jpg\",\"contentUrl\":\"https:\/\/radiolifefm.com.br\/noticias\/wp-content\/uploads\/2024\/01\/cats-27.jpg\",\"width\":567,\"height\":382},{\"@type\":\"BreadcrumbList\",\"@id\":\"https:\/\/radiolifefm.com.br\/noticias\/eles-estavam-aqui-sao-donos-da-terra-nao-imigrantes-ou-refugiados\/#breadcrumb\",\"itemListElement\":[{\"@type\":\"ListItem\",\"position\":1,\"name\":\"In\u00edcio\",\"item\":\"https:\/\/radiolifefm.com.br\/noticias\/\"},{\"@type\":\"ListItem\",\"position\":2,\"name\":\"Eles estavam aqui. S\u00e3o donos da terra, n\u00e3o imigrantes ou refugiados!\"}]},{\"@type\":\"WebSite\",\"@id\":\"https:\/\/radiolifefm.com.br\/noticias\/#website\",\"url\":\"https:\/\/radiolifefm.com.br\/noticias\/\",\"name\":\"R\u00e1dio Life FM\",\"description\":\"O Portal de Not\u00edcias de Adamantina\",\"publisher\":{\"@id\":\"https:\/\/radiolifefm.com.br\/noticias\/#organization\"},\"alternateName\":\"Life FM\",\"potentialAction\":[{\"@type\":\"SearchAction\",\"target\":{\"@type\":\"EntryPoint\",\"urlTemplate\":\"https:\/\/radiolifefm.com.br\/noticias\/?s={search_term_string}\"},\"query-input\":{\"@type\":\"PropertyValueSpecification\",\"valueRequired\":true,\"valueName\":\"search_term_string\"}}],\"inLanguage\":\"pt-BR\"},{\"@type\":\"Organization\",\"@id\":\"https:\/\/radiolifefm.com.br\/noticias\/#organization\",\"name\":\"R\u00e1dio Life FM\",\"alternateName\":\"Life FM\",\"url\":\"https:\/\/radiolifefm.com.br\/noticias\/\",\"logo\":{\"@type\":\"ImageObject\",\"inLanguage\":\"pt-BR\",\"@id\":\"https:\/\/radiolifefm.com.br\/noticias\/#\/schema\/logo\/image\/\",\"url\":\"https:\/\/static.radiolifefm.com.br\/noticias\/wp-content\/uploads\/2019\/10\/logo-lifefm.png\",\"contentUrl\":\"https:\/\/static.radiolifefm.com.br\/noticias\/wp-content\/uploads\/2019\/10\/logo-lifefm.png\",\"width\":196,\"height\":47,\"caption\":\"R\u00e1dio Life FM\"},\"image\":{\"@id\":\"https:\/\/radiolifefm.com.br\/noticias\/#\/schema\/logo\/image\/\"},\"sameAs\":[\"https:\/\/www.facebook.com\/radiolifefm\/\",\"https:\/\/www.instagram.com\/life1079fm\/\"]},{\"@type\":\"Person\",\"@id\":\"https:\/\/radiolifefm.com.br\/noticias\/#\/schema\/person\/6339b9fac59d12b071dec680d7375d87\",\"name\":\"ritanery\",\"image\":{\"@type\":\"ImageObject\",\"inLanguage\":\"pt-BR\",\"@id\":\"https:\/\/secure.gravatar.com\/avatar\/0e37bb19071f47c0b8a23f62a903df117c5a0e75f65a0c2901562f97cd41cf86?s=96&d=mm&r=g\",\"url\":\"https:\/\/secure.gravatar.com\/avatar\/0e37bb19071f47c0b8a23f62a903df117c5a0e75f65a0c2901562f97cd41cf86?s=96&d=mm&r=g\",\"contentUrl\":\"https:\/\/secure.gravatar.com\/avatar\/0e37bb19071f47c0b8a23f62a903df117c5a0e75f65a0c2901562f97cd41cf86?s=96&d=mm&r=g\",\"caption\":\"ritanery\"}}]}<\/script>\n<!-- \/ Yoast SEO plugin. -->","yoast_head_json":{"title":"Eles estavam aqui. S\u00e3o donos da terra, n\u00e3o imigrantes ou refugiados! - R\u00e1dio Life FM","robots":{"index":"index","follow":"follow","max-snippet":"max-snippet:-1","max-image-preview":"max-image-preview:large","max-video-preview":"max-video-preview:-1"},"canonical":"https:\/\/radiolifefm.com.br\/noticias\/eles-estavam-aqui-sao-donos-da-terra-nao-imigrantes-ou-refugiados\/","og_locale":"pt_BR","og_type":"article","og_title":"Eles estavam aqui. S\u00e3o donos da terra, n\u00e3o imigrantes ou refugiados! - R\u00e1dio Life FM","og_description":"Deixo registrada aqui, minhas palavras, hoje, n\u00e3o como escritora, n\u00e3o como poeta, mas como brasileira, paraense, belenense, filha da Amaz\u00f4nia, descendente, como todo brasileiro, de povos ind\u00edgenas, pretos, portugueses, espanh\u00f3is, italianos e alem\u00e3es. Em rela\u00e7\u00e3o aos povos asi\u00e1ticos, podemos destacar japoneses, s\u00edrios e libaneses. Ent\u00e3o aqui, somos um povo miscigenado, que muitas vezes, esquecemos nossas [&hellip;]","og_url":"https:\/\/radiolifefm.com.br\/noticias\/eles-estavam-aqui-sao-donos-da-terra-nao-imigrantes-ou-refugiados\/","og_site_name":"R\u00e1dio Life FM","article_publisher":"https:\/\/www.facebook.com\/radiolifefm\/","article_published_time":"2024-01-22T11:03:58+00:00","article_modified_time":"2026-04-09T03:06:53+00:00","og_image":[{"width":567,"height":382,"url":"https:\/\/radiolifefm.com.br\/noticias\/wp-content\/uploads\/2024\/01\/cats-27.jpg","type":"image\/jpeg"}],"author":"ritanery","twitter_card":"summary_large_image","twitter_misc":{"Escrito por":"ritanery","Est. tempo de leitura":"5 minutos"},"schema":{"@context":"https:\/\/schema.org","@graph":[{"@type":"Article","@id":"https:\/\/radiolifefm.com.br\/noticias\/eles-estavam-aqui-sao-donos-da-terra-nao-imigrantes-ou-refugiados\/#article","isPartOf":{"@id":"https:\/\/radiolifefm.com.br\/noticias\/eles-estavam-aqui-sao-donos-da-terra-nao-imigrantes-ou-refugiados\/"},"author":{"name":"ritanery","@id":"https:\/\/radiolifefm.com.br\/noticias\/#\/schema\/person\/6339b9fac59d12b071dec680d7375d87"},"headline":"Eles estavam aqui. S\u00e3o donos da terra, n\u00e3o imigrantes ou refugiados!","datePublished":"2024-01-22T11:03:58+00:00","dateModified":"2026-04-09T03:06:53+00:00","mainEntityOfPage":{"@id":"https:\/\/radiolifefm.com.br\/noticias\/eles-estavam-aqui-sao-donos-da-terra-nao-imigrantes-ou-refugiados\/"},"wordCount":957,"publisher":{"@id":"https:\/\/radiolifefm.com.br\/noticias\/#organization"},"image":{"@id":"https:\/\/radiolifefm.com.br\/noticias\/eles-estavam-aqui-sao-donos-da-terra-nao-imigrantes-ou-refugiados\/#primaryimage"},"thumbnailUrl":"https:\/\/radiolifefm.com.br\/noticias\/wp-content\/uploads\/2024\/01\/cats-27.jpg","articleSection":["Opini\u00e3o"],"inLanguage":"pt-BR"},{"@type":"WebPage","@id":"https:\/\/radiolifefm.com.br\/noticias\/eles-estavam-aqui-sao-donos-da-terra-nao-imigrantes-ou-refugiados\/","url":"https:\/\/radiolifefm.com.br\/noticias\/eles-estavam-aqui-sao-donos-da-terra-nao-imigrantes-ou-refugiados\/","name":"Eles estavam aqui. S\u00e3o donos da terra, n\u00e3o imigrantes ou refugiados! - R\u00e1dio Life FM","isPartOf":{"@id":"https:\/\/radiolifefm.com.br\/noticias\/#website"},"primaryImageOfPage":{"@id":"https:\/\/radiolifefm.com.br\/noticias\/eles-estavam-aqui-sao-donos-da-terra-nao-imigrantes-ou-refugiados\/#primaryimage"},"image":{"@id":"https:\/\/radiolifefm.com.br\/noticias\/eles-estavam-aqui-sao-donos-da-terra-nao-imigrantes-ou-refugiados\/#primaryimage"},"thumbnailUrl":"https:\/\/radiolifefm.com.br\/noticias\/wp-content\/uploads\/2024\/01\/cats-27.jpg","datePublished":"2024-01-22T11:03:58+00:00","dateModified":"2026-04-09T03:06:53+00:00","breadcrumb":{"@id":"https:\/\/radiolifefm.com.br\/noticias\/eles-estavam-aqui-sao-donos-da-terra-nao-imigrantes-ou-refugiados\/#breadcrumb"},"inLanguage":"pt-BR","potentialAction":[{"@type":"ReadAction","target":["https:\/\/radiolifefm.com.br\/noticias\/eles-estavam-aqui-sao-donos-da-terra-nao-imigrantes-ou-refugiados\/"]}]},{"@type":"ImageObject","inLanguage":"pt-BR","@id":"https:\/\/radiolifefm.com.br\/noticias\/eles-estavam-aqui-sao-donos-da-terra-nao-imigrantes-ou-refugiados\/#primaryimage","url":"https:\/\/radiolifefm.com.br\/noticias\/wp-content\/uploads\/2024\/01\/cats-27.jpg","contentUrl":"https:\/\/radiolifefm.com.br\/noticias\/wp-content\/uploads\/2024\/01\/cats-27.jpg","width":567,"height":382},{"@type":"BreadcrumbList","@id":"https:\/\/radiolifefm.com.br\/noticias\/eles-estavam-aqui-sao-donos-da-terra-nao-imigrantes-ou-refugiados\/#breadcrumb","itemListElement":[{"@type":"ListItem","position":1,"name":"In\u00edcio","item":"https:\/\/radiolifefm.com.br\/noticias\/"},{"@type":"ListItem","position":2,"name":"Eles estavam aqui. S\u00e3o donos da terra, n\u00e3o imigrantes ou refugiados!"}]},{"@type":"WebSite","@id":"https:\/\/radiolifefm.com.br\/noticias\/#website","url":"https:\/\/radiolifefm.com.br\/noticias\/","name":"R\u00e1dio Life FM","description":"O Portal de Not\u00edcias de Adamantina","publisher":{"@id":"https:\/\/radiolifefm.com.br\/noticias\/#organization"},"alternateName":"Life FM","potentialAction":[{"@type":"SearchAction","target":{"@type":"EntryPoint","urlTemplate":"https:\/\/radiolifefm.com.br\/noticias\/?s={search_term_string}"},"query-input":{"@type":"PropertyValueSpecification","valueRequired":true,"valueName":"search_term_string"}}],"inLanguage":"pt-BR"},{"@type":"Organization","@id":"https:\/\/radiolifefm.com.br\/noticias\/#organization","name":"R\u00e1dio Life FM","alternateName":"Life FM","url":"https:\/\/radiolifefm.com.br\/noticias\/","logo":{"@type":"ImageObject","inLanguage":"pt-BR","@id":"https:\/\/radiolifefm.com.br\/noticias\/#\/schema\/logo\/image\/","url":"https:\/\/static.radiolifefm.com.br\/noticias\/wp-content\/uploads\/2019\/10\/logo-lifefm.png","contentUrl":"https:\/\/static.radiolifefm.com.br\/noticias\/wp-content\/uploads\/2019\/10\/logo-lifefm.png","width":196,"height":47,"caption":"R\u00e1dio Life FM"},"image":{"@id":"https:\/\/radiolifefm.com.br\/noticias\/#\/schema\/logo\/image\/"},"sameAs":["https:\/\/www.facebook.com\/radiolifefm\/","https:\/\/www.instagram.com\/life1079fm\/"]},{"@type":"Person","@id":"https:\/\/radiolifefm.com.br\/noticias\/#\/schema\/person\/6339b9fac59d12b071dec680d7375d87","name":"ritanery","image":{"@type":"ImageObject","inLanguage":"pt-BR","@id":"https:\/\/secure.gravatar.com\/avatar\/0e37bb19071f47c0b8a23f62a903df117c5a0e75f65a0c2901562f97cd41cf86?s=96&d=mm&r=g","url":"https:\/\/secure.gravatar.com\/avatar\/0e37bb19071f47c0b8a23f62a903df117c5a0e75f65a0c2901562f97cd41cf86?s=96&d=mm&r=g","contentUrl":"https:\/\/secure.gravatar.com\/avatar\/0e37bb19071f47c0b8a23f62a903df117c5a0e75f65a0c2901562f97cd41cf86?s=96&d=mm&r=g","caption":"ritanery"}}]}},"amp_enabled":true,"_links":{"self":[{"href":"https:\/\/radiolifefm.com.br\/noticias\/wp-json\/wp\/v2\/posts\/82037","targetHints":{"allow":["GET"]}}],"collection":[{"href":"https:\/\/radiolifefm.com.br\/noticias\/wp-json\/wp\/v2\/posts"}],"about":[{"href":"https:\/\/radiolifefm.com.br\/noticias\/wp-json\/wp\/v2\/types\/post"}],"author":[{"embeddable":true,"href":"https:\/\/radiolifefm.com.br\/noticias\/wp-json\/wp\/v2\/users\/13"}],"replies":[{"embeddable":true,"href":"https:\/\/radiolifefm.com.br\/noticias\/wp-json\/wp\/v2\/comments?post=82037"}],"version-history":[{"count":1,"href":"https:\/\/radiolifefm.com.br\/noticias\/wp-json\/wp\/v2\/posts\/82037\/revisions"}],"predecessor-version":[{"id":82039,"href":"https:\/\/radiolifefm.com.br\/noticias\/wp-json\/wp\/v2\/posts\/82037\/revisions\/82039"}],"wp:featuredmedia":[{"embeddable":true,"href":"https:\/\/radiolifefm.com.br\/noticias\/wp-json\/wp\/v2\/media\/82038"}],"wp:attachment":[{"href":"https:\/\/radiolifefm.com.br\/noticias\/wp-json\/wp\/v2\/media?parent=82037"}],"wp:term":[{"taxonomy":"category","embeddable":true,"href":"https:\/\/radiolifefm.com.br\/noticias\/wp-json\/wp\/v2\/categories?post=82037"},{"taxonomy":"post_tag","embeddable":true,"href":"https:\/\/radiolifefm.com.br\/noticias\/wp-json\/wp\/v2\/tags?post=82037"}],"curies":[{"name":"wp","href":"https:\/\/api.w.org\/{rel}","templated":true}]}}