{"id":82011,"date":"2024-01-19T09:04:48","date_gmt":"2024-01-19T12:04:48","guid":{"rendered":"https:\/\/radiolifefm.com.br\/noticias\/?p=82011"},"modified":"2026-03-27T18:27:38","modified_gmt":"2026-03-27T21:27:38","slug":"provincia-e-largada-pra-direita-da-direita-volver","status":"publish","type":"post","link":"https:\/\/radiolifefm.com.br\/noticias\/provincia-e-largada-pra-direita-da-direita-volver\/","title":{"rendered":"PROV\u00cdNCIA E LARGADA PRA DIREITA DA DIREITA VOLVER&#8230;"},"content":{"rendered":"<div id=\"fb-root\"><\/div>\n<p><strong><em>\u00a0\u201cDeus deve amar os homens med\u00edocres. Fez v\u00e1rios deles.\u201d (<\/em><\/strong><a href=\"https:\/\/www.pensador.com\/autor\/abraham_lincoln\/\"><strong><em>Abraham Lincoln<\/em><\/strong><\/a><strong><em>)<\/em><\/strong><\/p>\n<p><strong><em>\u00a0<\/em><\/strong><\/p>\n<p><strong><em>\u201cQuanto mais inteligente um homem \u00e9 mais originalidade encontra nos outros. Os med\u00edocres acham que todos s\u00e3o iguais.\u201d (<a href=\"https:\/\/www.pensador.com\/autor\/blaise_pascal\/\">Blaise Pascal<\/a>)<\/em><\/strong><\/p>\n<p><strong><em>\u00a0<\/em><\/strong><\/p>\n<p><strong>By seb@r.<\/strong><\/p>\n<p>Nada mais em meio ao nada menos do que uma LARGADA ELEITORAL nesta PROV\u00cdNCIA DO FAZ DE CONTA com aqueles velhos ares do PASSADO, ou seja, ruminando as mesmas frases de efeito para comandar as MENTES MED\u00cdOCRES em nome dos seus interesses e ponto quase final&#8230;<\/p>\n<p>Na realidade, tal qual aquela frase, a saber: MUDAM AS MOSCAS, MAS A M&#8230; \u00c9 A MESMA&#8230; portanto, faz anos e anos que os DESENCONTROS continuam ocorrendo em terras PROVINCIANAS para que o STATUS QUO continue do mesmo jeito de sempre e assim por diante&#8230;<\/p>\n<p>Por\u00e9m, ainda bem que existe aquela MINORIA que sabe o que est\u00e1 ocorrendo nesta PROV\u00cdNCIA DO FAZ DE CONTA, todavia, pelo TOQUE DA SEREIA nesta LARGADA ELEITORAL, deve-se considerar que o CEN\u00c1RIO deve ficar na mesmice de sempre&#8230;<\/p>\n<p>Al\u00e9m disto e daquilo, o PODER ECON\u00d4MICO deve continuar dando as cartas deste e do outro lado, haja vista as \u00faltimas elei\u00e7\u00f5es com o PIN\u00d3QUIO e seus ALOPRADOS que continuam comandando o QUINTO ANDAR&#8230;<\/p>\n<p>N\u00e3o se pode deixar de lado que existe neste meio tempo do tempo, as PAREDES ALVAS que continua despertando os interesses do GRUPO que est\u00e1 do lado de fora, por\u00e9m, como diz um outro dito popular, NADA \u00c9 PARA SEMPRE e vamos que vamos neste NOVO TEMPO NOVO que se chama hoje&#8230;<\/p>\n<p>O interessante \u00e9 que o DISCURSO continua mais VICIADO DO QUE NUNCA, ou seja, com as mesmas PALAVRAS utilizadas pelo GENOCIDA, isso mesmo, aquele que esteve por tr\u00e1s das mais de 700 mil mortes durante a PANDEMIA neste PA\u00cdS DO FAZ DE CONTA e com dezenas de MORTES nesta PROV\u00cdNCIA&#8230;<\/p>\n<p>Essas FRASES DE EFEITO sobre isto e mais aquilo, ainda, que se colocam acima de TUDO e de TODOS\/AS, bem como, usando e abusando do DIVINO (DEUS), pode ser aquilo que nunca foi, todavia, CADA QUAL COM SUAS ESCOLHAS&#8230;<\/p>\n<p>Tamb\u00e9m, tudo indica que o FILHOTE PINOQUIANO n\u00e3o deve sair do seu LUGAR COMUM, desta forma, pode aparecer neste meio tempo do tempo um outro PAU MANDADO para compor essa CHAPA que \u00e9 supera as PAREDES ALVAS em todos os sentidos desta COR que est\u00e1 muito al\u00e9m dos interesses que continuam MANIPULANDO o PODER pelo PODER em nome do PODER nesta PROV\u00cdNCIA DO FAZ DE CONTA&#8230;<\/p>\n<p>Pra essas MENTES MED\u00cdOCRES n\u00e3o esquecerem, refor\u00e7o com a frase de sempre, a saber: PERDERAM MAN\u00c9S!<\/p>\n<p>QUEM SOBREVIVER VAI SABER&#8230;<\/p>\n<p>&nbsp;<\/p>\n","protected":false},"excerpt":{"rendered":"<p>\u00a0\u201cDeus deve amar os homens med\u00edocres. Fez v\u00e1rios deles.\u201d (Abraham Lincoln) \u00a0 \u201cQuanto mais inteligente um homem \u00e9 mais originalidade encontra nos outros. Os med\u00edocres acham que todos s\u00e3o iguais.\u201d (Blaise Pascal) \u00a0 By seb@r. Nada mais em meio ao nada menos do que uma LARGADA ELEITORAL nesta PROV\u00cdNCIA DO FAZ DE CONTA com aqueles [&hellip;]<\/p>\n","protected":false},"author":13,"featured_media":51988,"comment_status":"closed","ping_status":"open","sticky":false,"template":"","format":"standard","meta":{"_acf_changed":false,"_exactmetrics_skip_tracking":false,"_exactmetrics_sitenote_active":false,"_exactmetrics_sitenote_note":"","_exactmetrics_sitenote_category":0,"footnotes":""},"categories":[59],"tags":[],"class_list":["post-82011","post","type-post","status-publish","format-standard","has-post-thumbnail","hentry","category-opiniao"],"acf":[],"yoast_head":"<!-- This site is optimized with the Yoast SEO plugin v27.2 - https:\/\/yoast.com\/product\/yoast-seo-wordpress\/ -->\n<title>PROV\u00cdNCIA E LARGADA PRA DIREITA DA DIREITA VOLVER... - R\u00e1dio Life FM<\/title>\n<meta name=\"robots\" content=\"index, follow, max-snippet:-1, max-image-preview:large, max-video-preview:-1\" \/>\n<link rel=\"canonical\" href=\"https:\/\/radiolifefm.com.br\/noticias\/provincia-e-largada-pra-direita-da-direita-volver\/\" \/>\n<meta property=\"og:locale\" content=\"pt_BR\" \/>\n<meta property=\"og:type\" content=\"article\" \/>\n<meta property=\"og:title\" content=\"PROV\u00cdNCIA E LARGADA PRA DIREITA DA DIREITA VOLVER... - R\u00e1dio Life FM\" \/>\n<meta property=\"og:description\" content=\"\u00a0\u201cDeus deve amar os homens med\u00edocres. Fez v\u00e1rios deles.\u201d (Abraham Lincoln) \u00a0 \u201cQuanto mais inteligente um homem \u00e9 mais originalidade encontra nos outros. Os med\u00edocres acham que todos s\u00e3o iguais.\u201d (Blaise Pascal) \u00a0 By seb@r. Nada mais em meio ao nada menos do que uma LARGADA ELEITORAL nesta PROV\u00cdNCIA DO FAZ DE CONTA com aqueles [&hellip;]\" \/>\n<meta property=\"og:url\" content=\"https:\/\/radiolifefm.com.br\/noticias\/provincia-e-largada-pra-direita-da-direita-volver\/\" \/>\n<meta property=\"og:site_name\" content=\"R\u00e1dio Life FM\" \/>\n<meta property=\"article:publisher\" content=\"https:\/\/www.facebook.com\/radiolifefm\/\" \/>\n<meta property=\"article:published_time\" content=\"2024-01-19T12:04:48+00:00\" \/>\n<meta property=\"article:modified_time\" content=\"2026-03-27T21:27:38+00:00\" \/>\n<meta property=\"og:image\" content=\"https:\/\/radiolifefm.com.br\/noticias\/wp-content\/uploads\/2022\/04\/WhatsApp-Image-2022-04-10-at-18.43.02.jpeg\" \/>\n\t<meta property=\"og:image:width\" content=\"972\" \/>\n\t<meta property=\"og:image:height\" content=\"1296\" \/>\n\t<meta property=\"og:image:type\" content=\"image\/jpeg\" \/>\n<meta name=\"author\" content=\"ritanery\" \/>\n<meta name=\"twitter:card\" content=\"summary_large_image\" \/>\n<meta name=\"twitter:label1\" content=\"Escrito por\" \/>\n\t<meta name=\"twitter:data1\" content=\"ritanery\" \/>\n\t<meta name=\"twitter:label2\" content=\"Est. tempo de leitura\" \/>\n\t<meta name=\"twitter:data2\" content=\"3 minutos\" \/>\n<script type=\"application\/ld+json\" class=\"yoast-schema-graph\">{\"@context\":\"https:\/\/schema.org\",\"@graph\":[{\"@type\":\"Article\",\"@id\":\"https:\/\/radiolifefm.com.br\/noticias\/provincia-e-largada-pra-direita-da-direita-volver\/#article\",\"isPartOf\":{\"@id\":\"https:\/\/radiolifefm.com.br\/noticias\/provincia-e-largada-pra-direita-da-direita-volver\/\"},\"author\":{\"name\":\"ritanery\",\"@id\":\"https:\/\/radiolifefm.com.br\/noticias\/#\/schema\/person\/6339b9fac59d12b071dec680d7375d87\"},\"headline\":\"PROV\u00cdNCIA E LARGADA PRA DIREITA DA DIREITA VOLVER&#8230;\",\"datePublished\":\"2024-01-19T12:04:48+00:00\",\"dateModified\":\"2026-03-27T21:27:38+00:00\",\"mainEntityOfPage\":{\"@id\":\"https:\/\/radiolifefm.com.br\/noticias\/provincia-e-largada-pra-direita-da-direita-volver\/\"},\"wordCount\":455,\"publisher\":{\"@id\":\"https:\/\/radiolifefm.com.br\/noticias\/#organization\"},\"image\":{\"@id\":\"https:\/\/radiolifefm.com.br\/noticias\/provincia-e-largada-pra-direita-da-direita-volver\/#primaryimage\"},\"thumbnailUrl\":\"https:\/\/radiolifefm.com.br\/noticias\/wp-content\/uploads\/2022\/04\/WhatsApp-Image-2022-04-10-at-18.43.02.jpeg\",\"articleSection\":[\"Opini\u00e3o\"],\"inLanguage\":\"pt-BR\"},{\"@type\":\"WebPage\",\"@id\":\"https:\/\/radiolifefm.com.br\/noticias\/provincia-e-largada-pra-direita-da-direita-volver\/\",\"url\":\"https:\/\/radiolifefm.com.br\/noticias\/provincia-e-largada-pra-direita-da-direita-volver\/\",\"name\":\"PROV\u00cdNCIA E LARGADA PRA DIREITA DA DIREITA VOLVER... - R\u00e1dio Life FM\",\"isPartOf\":{\"@id\":\"https:\/\/radiolifefm.com.br\/noticias\/#website\"},\"primaryImageOfPage\":{\"@id\":\"https:\/\/radiolifefm.com.br\/noticias\/provincia-e-largada-pra-direita-da-direita-volver\/#primaryimage\"},\"image\":{\"@id\":\"https:\/\/radiolifefm.com.br\/noticias\/provincia-e-largada-pra-direita-da-direita-volver\/#primaryimage\"},\"thumbnailUrl\":\"https:\/\/radiolifefm.com.br\/noticias\/wp-content\/uploads\/2022\/04\/WhatsApp-Image-2022-04-10-at-18.43.02.jpeg\",\"datePublished\":\"2024-01-19T12:04:48+00:00\",\"dateModified\":\"2026-03-27T21:27:38+00:00\",\"breadcrumb\":{\"@id\":\"https:\/\/radiolifefm.com.br\/noticias\/provincia-e-largada-pra-direita-da-direita-volver\/#breadcrumb\"},\"inLanguage\":\"pt-BR\",\"potentialAction\":[{\"@type\":\"ReadAction\",\"target\":[\"https:\/\/radiolifefm.com.br\/noticias\/provincia-e-largada-pra-direita-da-direita-volver\/\"]}]},{\"@type\":\"ImageObject\",\"inLanguage\":\"pt-BR\",\"@id\":\"https:\/\/radiolifefm.com.br\/noticias\/provincia-e-largada-pra-direita-da-direita-volver\/#primaryimage\",\"url\":\"https:\/\/radiolifefm.com.br\/noticias\/wp-content\/uploads\/2022\/04\/WhatsApp-Image-2022-04-10-at-18.43.02.jpeg\",\"contentUrl\":\"https:\/\/radiolifefm.com.br\/noticias\/wp-content\/uploads\/2022\/04\/WhatsApp-Image-2022-04-10-at-18.43.02.jpeg\",\"width\":972,\"height\":1296,\"caption\":\"S\u00e9rgio Barbosa\"},{\"@type\":\"BreadcrumbList\",\"@id\":\"https:\/\/radiolifefm.com.br\/noticias\/provincia-e-largada-pra-direita-da-direita-volver\/#breadcrumb\",\"itemListElement\":[{\"@type\":\"ListItem\",\"position\":1,\"name\":\"In\u00edcio\",\"item\":\"https:\/\/radiolifefm.com.br\/noticias\/\"},{\"@type\":\"ListItem\",\"position\":2,\"name\":\"PROV\u00cdNCIA E LARGADA PRA DIREITA DA DIREITA VOLVER&#8230;\"}]},{\"@type\":\"WebSite\",\"@id\":\"https:\/\/radiolifefm.com.br\/noticias\/#website\",\"url\":\"https:\/\/radiolifefm.com.br\/noticias\/\",\"name\":\"R\u00e1dio Life FM\",\"description\":\"O Portal de Not\u00edcias de Adamantina\",\"publisher\":{\"@id\":\"https:\/\/radiolifefm.com.br\/noticias\/#organization\"},\"alternateName\":\"Life FM\",\"potentialAction\":[{\"@type\":\"SearchAction\",\"target\":{\"@type\":\"EntryPoint\",\"urlTemplate\":\"https:\/\/radiolifefm.com.br\/noticias\/?s={search_term_string}\"},\"query-input\":{\"@type\":\"PropertyValueSpecification\",\"valueRequired\":true,\"valueName\":\"search_term_string\"}}],\"inLanguage\":\"pt-BR\"},{\"@type\":\"Organization\",\"@id\":\"https:\/\/radiolifefm.com.br\/noticias\/#organization\",\"name\":\"R\u00e1dio Life FM\",\"alternateName\":\"Life FM\",\"url\":\"https:\/\/radiolifefm.com.br\/noticias\/\",\"logo\":{\"@type\":\"ImageObject\",\"inLanguage\":\"pt-BR\",\"@id\":\"https:\/\/radiolifefm.com.br\/noticias\/#\/schema\/logo\/image\/\",\"url\":\"https:\/\/static.radiolifefm.com.br\/noticias\/wp-content\/uploads\/2019\/10\/logo-lifefm.png\",\"contentUrl\":\"https:\/\/static.radiolifefm.com.br\/noticias\/wp-content\/uploads\/2019\/10\/logo-lifefm.png\",\"width\":196,\"height\":47,\"caption\":\"R\u00e1dio Life FM\"},\"image\":{\"@id\":\"https:\/\/radiolifefm.com.br\/noticias\/#\/schema\/logo\/image\/\"},\"sameAs\":[\"https:\/\/www.facebook.com\/radiolifefm\/\",\"https:\/\/www.instagram.com\/life1079fm\/\"]},{\"@type\":\"Person\",\"@id\":\"https:\/\/radiolifefm.com.br\/noticias\/#\/schema\/person\/6339b9fac59d12b071dec680d7375d87\",\"name\":\"ritanery\",\"image\":{\"@type\":\"ImageObject\",\"inLanguage\":\"pt-BR\",\"@id\":\"https:\/\/secure.gravatar.com\/avatar\/0e37bb19071f47c0b8a23f62a903df117c5a0e75f65a0c2901562f97cd41cf86?s=96&d=mm&r=g\",\"url\":\"https:\/\/secure.gravatar.com\/avatar\/0e37bb19071f47c0b8a23f62a903df117c5a0e75f65a0c2901562f97cd41cf86?s=96&d=mm&r=g\",\"contentUrl\":\"https:\/\/secure.gravatar.com\/avatar\/0e37bb19071f47c0b8a23f62a903df117c5a0e75f65a0c2901562f97cd41cf86?s=96&d=mm&r=g\",\"caption\":\"ritanery\"}}]}<\/script>\n<!-- \/ Yoast SEO plugin. -->","yoast_head_json":{"title":"PROV\u00cdNCIA E LARGADA PRA DIREITA DA DIREITA VOLVER... - R\u00e1dio Life FM","robots":{"index":"index","follow":"follow","max-snippet":"max-snippet:-1","max-image-preview":"max-image-preview:large","max-video-preview":"max-video-preview:-1"},"canonical":"https:\/\/radiolifefm.com.br\/noticias\/provincia-e-largada-pra-direita-da-direita-volver\/","og_locale":"pt_BR","og_type":"article","og_title":"PROV\u00cdNCIA E LARGADA PRA DIREITA DA DIREITA VOLVER... - R\u00e1dio Life FM","og_description":"\u00a0\u201cDeus deve amar os homens med\u00edocres. Fez v\u00e1rios deles.\u201d (Abraham Lincoln) \u00a0 \u201cQuanto mais inteligente um homem \u00e9 mais originalidade encontra nos outros. Os med\u00edocres acham que todos s\u00e3o iguais.\u201d (Blaise Pascal) \u00a0 By seb@r. Nada mais em meio ao nada menos do que uma LARGADA ELEITORAL nesta PROV\u00cdNCIA DO FAZ DE CONTA com aqueles [&hellip;]","og_url":"https:\/\/radiolifefm.com.br\/noticias\/provincia-e-largada-pra-direita-da-direita-volver\/","og_site_name":"R\u00e1dio Life FM","article_publisher":"https:\/\/www.facebook.com\/radiolifefm\/","article_published_time":"2024-01-19T12:04:48+00:00","article_modified_time":"2026-03-27T21:27:38+00:00","og_image":[{"width":972,"height":1296,"url":"https:\/\/radiolifefm.com.br\/noticias\/wp-content\/uploads\/2022\/04\/WhatsApp-Image-2022-04-10-at-18.43.02.jpeg","type":"image\/jpeg"}],"author":"ritanery","twitter_card":"summary_large_image","twitter_misc":{"Escrito por":"ritanery","Est. tempo de leitura":"3 minutos"},"schema":{"@context":"https:\/\/schema.org","@graph":[{"@type":"Article","@id":"https:\/\/radiolifefm.com.br\/noticias\/provincia-e-largada-pra-direita-da-direita-volver\/#article","isPartOf":{"@id":"https:\/\/radiolifefm.com.br\/noticias\/provincia-e-largada-pra-direita-da-direita-volver\/"},"author":{"name":"ritanery","@id":"https:\/\/radiolifefm.com.br\/noticias\/#\/schema\/person\/6339b9fac59d12b071dec680d7375d87"},"headline":"PROV\u00cdNCIA E LARGADA PRA DIREITA DA DIREITA VOLVER&#8230;","datePublished":"2024-01-19T12:04:48+00:00","dateModified":"2026-03-27T21:27:38+00:00","mainEntityOfPage":{"@id":"https:\/\/radiolifefm.com.br\/noticias\/provincia-e-largada-pra-direita-da-direita-volver\/"},"wordCount":455,"publisher":{"@id":"https:\/\/radiolifefm.com.br\/noticias\/#organization"},"image":{"@id":"https:\/\/radiolifefm.com.br\/noticias\/provincia-e-largada-pra-direita-da-direita-volver\/#primaryimage"},"thumbnailUrl":"https:\/\/radiolifefm.com.br\/noticias\/wp-content\/uploads\/2022\/04\/WhatsApp-Image-2022-04-10-at-18.43.02.jpeg","articleSection":["Opini\u00e3o"],"inLanguage":"pt-BR"},{"@type":"WebPage","@id":"https:\/\/radiolifefm.com.br\/noticias\/provincia-e-largada-pra-direita-da-direita-volver\/","url":"https:\/\/radiolifefm.com.br\/noticias\/provincia-e-largada-pra-direita-da-direita-volver\/","name":"PROV\u00cdNCIA E LARGADA PRA DIREITA DA DIREITA VOLVER... - R\u00e1dio Life FM","isPartOf":{"@id":"https:\/\/radiolifefm.com.br\/noticias\/#website"},"primaryImageOfPage":{"@id":"https:\/\/radiolifefm.com.br\/noticias\/provincia-e-largada-pra-direita-da-direita-volver\/#primaryimage"},"image":{"@id":"https:\/\/radiolifefm.com.br\/noticias\/provincia-e-largada-pra-direita-da-direita-volver\/#primaryimage"},"thumbnailUrl":"https:\/\/radiolifefm.com.br\/noticias\/wp-content\/uploads\/2022\/04\/WhatsApp-Image-2022-04-10-at-18.43.02.jpeg","datePublished":"2024-01-19T12:04:48+00:00","dateModified":"2026-03-27T21:27:38+00:00","breadcrumb":{"@id":"https:\/\/radiolifefm.com.br\/noticias\/provincia-e-largada-pra-direita-da-direita-volver\/#breadcrumb"},"inLanguage":"pt-BR","potentialAction":[{"@type":"ReadAction","target":["https:\/\/radiolifefm.com.br\/noticias\/provincia-e-largada-pra-direita-da-direita-volver\/"]}]},{"@type":"ImageObject","inLanguage":"pt-BR","@id":"https:\/\/radiolifefm.com.br\/noticias\/provincia-e-largada-pra-direita-da-direita-volver\/#primaryimage","url":"https:\/\/radiolifefm.com.br\/noticias\/wp-content\/uploads\/2022\/04\/WhatsApp-Image-2022-04-10-at-18.43.02.jpeg","contentUrl":"https:\/\/radiolifefm.com.br\/noticias\/wp-content\/uploads\/2022\/04\/WhatsApp-Image-2022-04-10-at-18.43.02.jpeg","width":972,"height":1296,"caption":"S\u00e9rgio Barbosa"},{"@type":"BreadcrumbList","@id":"https:\/\/radiolifefm.com.br\/noticias\/provincia-e-largada-pra-direita-da-direita-volver\/#breadcrumb","itemListElement":[{"@type":"ListItem","position":1,"name":"In\u00edcio","item":"https:\/\/radiolifefm.com.br\/noticias\/"},{"@type":"ListItem","position":2,"name":"PROV\u00cdNCIA E LARGADA PRA DIREITA DA DIREITA VOLVER&#8230;"}]},{"@type":"WebSite","@id":"https:\/\/radiolifefm.com.br\/noticias\/#website","url":"https:\/\/radiolifefm.com.br\/noticias\/","name":"R\u00e1dio Life FM","description":"O Portal de Not\u00edcias de Adamantina","publisher":{"@id":"https:\/\/radiolifefm.com.br\/noticias\/#organization"},"alternateName":"Life FM","potentialAction":[{"@type":"SearchAction","target":{"@type":"EntryPoint","urlTemplate":"https:\/\/radiolifefm.com.br\/noticias\/?s={search_term_string}"},"query-input":{"@type":"PropertyValueSpecification","valueRequired":true,"valueName":"search_term_string"}}],"inLanguage":"pt-BR"},{"@type":"Organization","@id":"https:\/\/radiolifefm.com.br\/noticias\/#organization","name":"R\u00e1dio Life FM","alternateName":"Life FM","url":"https:\/\/radiolifefm.com.br\/noticias\/","logo":{"@type":"ImageObject","inLanguage":"pt-BR","@id":"https:\/\/radiolifefm.com.br\/noticias\/#\/schema\/logo\/image\/","url":"https:\/\/static.radiolifefm.com.br\/noticias\/wp-content\/uploads\/2019\/10\/logo-lifefm.png","contentUrl":"https:\/\/static.radiolifefm.com.br\/noticias\/wp-content\/uploads\/2019\/10\/logo-lifefm.png","width":196,"height":47,"caption":"R\u00e1dio Life FM"},"image":{"@id":"https:\/\/radiolifefm.com.br\/noticias\/#\/schema\/logo\/image\/"},"sameAs":["https:\/\/www.facebook.com\/radiolifefm\/","https:\/\/www.instagram.com\/life1079fm\/"]},{"@type":"Person","@id":"https:\/\/radiolifefm.com.br\/noticias\/#\/schema\/person\/6339b9fac59d12b071dec680d7375d87","name":"ritanery","image":{"@type":"ImageObject","inLanguage":"pt-BR","@id":"https:\/\/secure.gravatar.com\/avatar\/0e37bb19071f47c0b8a23f62a903df117c5a0e75f65a0c2901562f97cd41cf86?s=96&d=mm&r=g","url":"https:\/\/secure.gravatar.com\/avatar\/0e37bb19071f47c0b8a23f62a903df117c5a0e75f65a0c2901562f97cd41cf86?s=96&d=mm&r=g","contentUrl":"https:\/\/secure.gravatar.com\/avatar\/0e37bb19071f47c0b8a23f62a903df117c5a0e75f65a0c2901562f97cd41cf86?s=96&d=mm&r=g","caption":"ritanery"}}]}},"amp_enabled":true,"_links":{"self":[{"href":"https:\/\/radiolifefm.com.br\/noticias\/wp-json\/wp\/v2\/posts\/82011","targetHints":{"allow":["GET"]}}],"collection":[{"href":"https:\/\/radiolifefm.com.br\/noticias\/wp-json\/wp\/v2\/posts"}],"about":[{"href":"https:\/\/radiolifefm.com.br\/noticias\/wp-json\/wp\/v2\/types\/post"}],"author":[{"embeddable":true,"href":"https:\/\/radiolifefm.com.br\/noticias\/wp-json\/wp\/v2\/users\/13"}],"replies":[{"embeddable":true,"href":"https:\/\/radiolifefm.com.br\/noticias\/wp-json\/wp\/v2\/comments?post=82011"}],"version-history":[{"count":1,"href":"https:\/\/radiolifefm.com.br\/noticias\/wp-json\/wp\/v2\/posts\/82011\/revisions"}],"predecessor-version":[{"id":82012,"href":"https:\/\/radiolifefm.com.br\/noticias\/wp-json\/wp\/v2\/posts\/82011\/revisions\/82012"}],"wp:featuredmedia":[{"embeddable":true,"href":"https:\/\/radiolifefm.com.br\/noticias\/wp-json\/wp\/v2\/media\/51988"}],"wp:attachment":[{"href":"https:\/\/radiolifefm.com.br\/noticias\/wp-json\/wp\/v2\/media?parent=82011"}],"wp:term":[{"taxonomy":"category","embeddable":true,"href":"https:\/\/radiolifefm.com.br\/noticias\/wp-json\/wp\/v2\/categories?post=82011"},{"taxonomy":"post_tag","embeddable":true,"href":"https:\/\/radiolifefm.com.br\/noticias\/wp-json\/wp\/v2\/tags?post=82011"}],"curies":[{"name":"wp","href":"https:\/\/api.w.org\/{rel}","templated":true}]}}