{"id":81737,"date":"2024-01-14T22:24:59","date_gmt":"2024-01-15T01:24:59","guid":{"rendered":"https:\/\/radiolifefm.com.br\/noticias\/?p=81737"},"modified":"2026-04-30T01:26:31","modified_gmt":"2026-04-30T04:26:31","slug":"ciclista-tupaense-joao-vitor-faquim-morre-apos-acidente-na-estrada-dos-romeiros","status":"publish","type":"post","link":"https:\/\/radiolifefm.com.br\/noticias\/ciclista-tupaense-joao-vitor-faquim-morre-apos-acidente-na-estrada-dos-romeiros\/","title":{"rendered":"Ciclista tup\u00e3ense Jo\u00e3o Vitor Faquim morre ap\u00f3s acidente na Estrada dos Romeiros"},"content":{"rendered":"<div id=\"fb-root\"><\/div>\n<div id=\"mainContainer\" class=\"__reading__mode__extracted__article__body\">\n<div>\n<div class=\"col-lg-12\">\n<div class=\"axil-post-details\">\n<p>O advogado e ciclista tup\u00e3ense Jo\u00e3o Vitor Faquim, de 41 anos, faleceu\u00a0neste domingo (14) em um acidente na Estrada dos Romeiros, trecho bastante frequentado por ciclistas entre Campinas e Jundia\u00ed. Faquim estava em uma viagem em fam\u00edlia quando decidiu percorrer o trajeto de bicicleta.<\/p>\n<p>Segundo apurado pelo Tup\u00e3City, o acidente ocorreu pela manh\u00e3 enquanto Jo\u00e3o Vitor descia pela estrada. No incidente, ele colidiu com uma moto que se aproximava no sentido oposto. O condutor da motocicleta sofreu uma fratura na clav\u00edcula, enquanto o ciclista tup\u00e3ense, no momento do acidente, teve fraturas na perna e na bacia.<\/p>\n<p>Ap\u00f3s ser socorrido, Jo\u00e3o Vitor foi levado consciente para o hospital, mas infelizmente, enfrentou duas paradas card\u00edacas e n\u00e3o resistiu. Os procedimentos para o translado do corpo para Tup\u00e3 est\u00e3o em andamento, e as causas do acidente ser\u00e3o objeto de investiga\u00e7\u00e3o pelas autoridades competentes. Jo\u00e3o Vitor deixa a esposa e um filho. Informa\u00e7\u00f5es sobre vel\u00f3rio e sepultamento ser\u00e3o divulgadas em breve.<\/p>\n<p>&nbsp;<\/p>\n<\/div>\n<\/div>\n<\/div>\n<\/div>\n<div id=\"__reading__mode__content_end_mark_container_id\">\n<div id=\"mainContainer\" class=\"__reading__mode__extracted__article__body\">\n<div>\n<div class=\"col-lg-12\">\n<div class=\"axil-post-details\">\n<p>Fonte: Tupacity<\/p>\n<p>&nbsp;<\/p>\n<\/div>\n<\/div>\n<\/div>\n<\/div>\n<div id=\"__reading__mode__content_end_mark_container_id\"><\/div>\n<\/div>\n","protected":false},"excerpt":{"rendered":"<p>O advogado e ciclista tup\u00e3ense Jo\u00e3o Vitor Faquim, de 41 anos, faleceu\u00a0neste domingo (14) em um acidente na Estrada dos Romeiros, trecho bastante frequentado por ciclistas entre Campinas e Jundia\u00ed. Faquim estava em uma viagem em fam\u00edlia quando decidiu percorrer o trajeto de bicicleta. Segundo apurado pelo Tup\u00e3City, o acidente ocorreu pela manh\u00e3 enquanto Jo\u00e3o [&hellip;]<\/p>\n","protected":false},"author":13,"featured_media":81738,"comment_status":"closed","ping_status":"open","sticky":false,"template":"","format":"standard","meta":{"_acf_changed":false,"_exactmetrics_skip_tracking":false,"_exactmetrics_sitenote_active":false,"_exactmetrics_sitenote_note":"","_exactmetrics_sitenote_category":0,"footnotes":""},"categories":[24],"tags":[],"class_list":["post-81737","post","type-post","status-publish","format-standard","has-post-thumbnail","hentry","category-regiao"],"acf":[],"yoast_head":"<!-- This site is optimized with the Yoast SEO plugin v27.2 - https:\/\/yoast.com\/product\/yoast-seo-wordpress\/ -->\n<title>Ciclista tup\u00e3ense Jo\u00e3o Vitor Faquim morre ap\u00f3s acidente na Estrada dos Romeiros - R\u00e1dio Life FM<\/title>\n<meta name=\"robots\" content=\"index, follow, max-snippet:-1, max-image-preview:large, max-video-preview:-1\" \/>\n<link rel=\"canonical\" href=\"https:\/\/radiolifefm.com.br\/noticias\/ciclista-tupaense-joao-vitor-faquim-morre-apos-acidente-na-estrada-dos-romeiros\/\" \/>\n<meta property=\"og:locale\" content=\"pt_BR\" \/>\n<meta property=\"og:type\" content=\"article\" \/>\n<meta property=\"og:title\" content=\"Ciclista tup\u00e3ense Jo\u00e3o Vitor Faquim morre ap\u00f3s acidente na Estrada dos Romeiros - R\u00e1dio Life FM\" \/>\n<meta property=\"og:description\" content=\"O advogado e ciclista tup\u00e3ense Jo\u00e3o Vitor Faquim, de 41 anos, faleceu\u00a0neste domingo (14) em um acidente na Estrada dos Romeiros, trecho bastante frequentado por ciclistas entre Campinas e Jundia\u00ed. Faquim estava em uma viagem em fam\u00edlia quando decidiu percorrer o trajeto de bicicleta. Segundo apurado pelo Tup\u00e3City, o acidente ocorreu pela manh\u00e3 enquanto Jo\u00e3o [&hellip;]\" \/>\n<meta property=\"og:url\" content=\"https:\/\/radiolifefm.com.br\/noticias\/ciclista-tupaense-joao-vitor-faquim-morre-apos-acidente-na-estrada-dos-romeiros\/\" \/>\n<meta property=\"og:site_name\" content=\"R\u00e1dio Life FM\" \/>\n<meta property=\"article:publisher\" content=\"https:\/\/www.facebook.com\/radiolifefm\/\" \/>\n<meta property=\"article:published_time\" content=\"2024-01-15T01:24:59+00:00\" \/>\n<meta property=\"article:modified_time\" content=\"2026-04-30T04:26:31+00:00\" \/>\n<meta property=\"og:image\" content=\"https:\/\/radiolifefm.com.br\/noticias\/wp-content\/uploads\/2024\/01\/500-89.jpg\" \/>\n\t<meta property=\"og:image:width\" content=\"500\" \/>\n\t<meta property=\"og:image:height\" content=\"280\" \/>\n\t<meta property=\"og:image:type\" content=\"image\/jpeg\" \/>\n<meta name=\"author\" content=\"ritanery\" \/>\n<meta name=\"twitter:card\" content=\"summary_large_image\" \/>\n<meta name=\"twitter:label1\" content=\"Escrito por\" \/>\n\t<meta name=\"twitter:data1\" content=\"ritanery\" \/>\n\t<meta name=\"twitter:label2\" content=\"Est. tempo de leitura\" \/>\n\t<meta name=\"twitter:data2\" content=\"1 minuto\" \/>\n<script type=\"application\/ld+json\" class=\"yoast-schema-graph\">{\"@context\":\"https:\/\/schema.org\",\"@graph\":[{\"@type\":\"Article\",\"@id\":\"https:\/\/radiolifefm.com.br\/noticias\/ciclista-tupaense-joao-vitor-faquim-morre-apos-acidente-na-estrada-dos-romeiros\/#article\",\"isPartOf\":{\"@id\":\"https:\/\/radiolifefm.com.br\/noticias\/ciclista-tupaense-joao-vitor-faquim-morre-apos-acidente-na-estrada-dos-romeiros\/\"},\"author\":{\"name\":\"ritanery\",\"@id\":\"https:\/\/radiolifefm.com.br\/noticias\/#\/schema\/person\/6339b9fac59d12b071dec680d7375d87\"},\"headline\":\"Ciclista tup\u00e3ense Jo\u00e3o Vitor Faquim morre ap\u00f3s acidente na Estrada dos Romeiros\",\"datePublished\":\"2024-01-15T01:24:59+00:00\",\"dateModified\":\"2026-04-30T04:26:31+00:00\",\"mainEntityOfPage\":{\"@id\":\"https:\/\/radiolifefm.com.br\/noticias\/ciclista-tupaense-joao-vitor-faquim-morre-apos-acidente-na-estrada-dos-romeiros\/\"},\"wordCount\":193,\"publisher\":{\"@id\":\"https:\/\/radiolifefm.com.br\/noticias\/#organization\"},\"image\":{\"@id\":\"https:\/\/radiolifefm.com.br\/noticias\/ciclista-tupaense-joao-vitor-faquim-morre-apos-acidente-na-estrada-dos-romeiros\/#primaryimage\"},\"thumbnailUrl\":\"https:\/\/radiolifefm.com.br\/noticias\/wp-content\/uploads\/2024\/01\/500-89.jpg\",\"articleSection\":[\"Regi\u00e3o\"],\"inLanguage\":\"pt-BR\"},{\"@type\":\"WebPage\",\"@id\":\"https:\/\/radiolifefm.com.br\/noticias\/ciclista-tupaense-joao-vitor-faquim-morre-apos-acidente-na-estrada-dos-romeiros\/\",\"url\":\"https:\/\/radiolifefm.com.br\/noticias\/ciclista-tupaense-joao-vitor-faquim-morre-apos-acidente-na-estrada-dos-romeiros\/\",\"name\":\"Ciclista tup\u00e3ense Jo\u00e3o Vitor Faquim morre ap\u00f3s acidente na Estrada dos Romeiros - R\u00e1dio Life FM\",\"isPartOf\":{\"@id\":\"https:\/\/radiolifefm.com.br\/noticias\/#website\"},\"primaryImageOfPage\":{\"@id\":\"https:\/\/radiolifefm.com.br\/noticias\/ciclista-tupaense-joao-vitor-faquim-morre-apos-acidente-na-estrada-dos-romeiros\/#primaryimage\"},\"image\":{\"@id\":\"https:\/\/radiolifefm.com.br\/noticias\/ciclista-tupaense-joao-vitor-faquim-morre-apos-acidente-na-estrada-dos-romeiros\/#primaryimage\"},\"thumbnailUrl\":\"https:\/\/radiolifefm.com.br\/noticias\/wp-content\/uploads\/2024\/01\/500-89.jpg\",\"datePublished\":\"2024-01-15T01:24:59+00:00\",\"dateModified\":\"2026-04-30T04:26:31+00:00\",\"breadcrumb\":{\"@id\":\"https:\/\/radiolifefm.com.br\/noticias\/ciclista-tupaense-joao-vitor-faquim-morre-apos-acidente-na-estrada-dos-romeiros\/#breadcrumb\"},\"inLanguage\":\"pt-BR\",\"potentialAction\":[{\"@type\":\"ReadAction\",\"target\":[\"https:\/\/radiolifefm.com.br\/noticias\/ciclista-tupaense-joao-vitor-faquim-morre-apos-acidente-na-estrada-dos-romeiros\/\"]}]},{\"@type\":\"ImageObject\",\"inLanguage\":\"pt-BR\",\"@id\":\"https:\/\/radiolifefm.com.br\/noticias\/ciclista-tupaense-joao-vitor-faquim-morre-apos-acidente-na-estrada-dos-romeiros\/#primaryimage\",\"url\":\"https:\/\/radiolifefm.com.br\/noticias\/wp-content\/uploads\/2024\/01\/500-89.jpg\",\"contentUrl\":\"https:\/\/radiolifefm.com.br\/noticias\/wp-content\/uploads\/2024\/01\/500-89.jpg\",\"width\":500,\"height\":280,\"caption\":\"Ciclista colidiu contra uma moto e chegou a ser socorrido consciente, mas sofreu duas paradas card\u00edacas\"},{\"@type\":\"BreadcrumbList\",\"@id\":\"https:\/\/radiolifefm.com.br\/noticias\/ciclista-tupaense-joao-vitor-faquim-morre-apos-acidente-na-estrada-dos-romeiros\/#breadcrumb\",\"itemListElement\":[{\"@type\":\"ListItem\",\"position\":1,\"name\":\"In\u00edcio\",\"item\":\"https:\/\/radiolifefm.com.br\/noticias\/\"},{\"@type\":\"ListItem\",\"position\":2,\"name\":\"Ciclista tup\u00e3ense Jo\u00e3o Vitor Faquim morre ap\u00f3s acidente na Estrada dos Romeiros\"}]},{\"@type\":\"WebSite\",\"@id\":\"https:\/\/radiolifefm.com.br\/noticias\/#website\",\"url\":\"https:\/\/radiolifefm.com.br\/noticias\/\",\"name\":\"R\u00e1dio Life FM\",\"description\":\"O Portal de Not\u00edcias de Adamantina\",\"publisher\":{\"@id\":\"https:\/\/radiolifefm.com.br\/noticias\/#organization\"},\"alternateName\":\"Life FM\",\"potentialAction\":[{\"@type\":\"SearchAction\",\"target\":{\"@type\":\"EntryPoint\",\"urlTemplate\":\"https:\/\/radiolifefm.com.br\/noticias\/?s={search_term_string}\"},\"query-input\":{\"@type\":\"PropertyValueSpecification\",\"valueRequired\":true,\"valueName\":\"search_term_string\"}}],\"inLanguage\":\"pt-BR\"},{\"@type\":\"Organization\",\"@id\":\"https:\/\/radiolifefm.com.br\/noticias\/#organization\",\"name\":\"R\u00e1dio Life FM\",\"alternateName\":\"Life FM\",\"url\":\"https:\/\/radiolifefm.com.br\/noticias\/\",\"logo\":{\"@type\":\"ImageObject\",\"inLanguage\":\"pt-BR\",\"@id\":\"https:\/\/radiolifefm.com.br\/noticias\/#\/schema\/logo\/image\/\",\"url\":\"https:\/\/static.radiolifefm.com.br\/noticias\/wp-content\/uploads\/2019\/10\/logo-lifefm.png\",\"contentUrl\":\"https:\/\/static.radiolifefm.com.br\/noticias\/wp-content\/uploads\/2019\/10\/logo-lifefm.png\",\"width\":196,\"height\":47,\"caption\":\"R\u00e1dio Life FM\"},\"image\":{\"@id\":\"https:\/\/radiolifefm.com.br\/noticias\/#\/schema\/logo\/image\/\"},\"sameAs\":[\"https:\/\/www.facebook.com\/radiolifefm\/\",\"https:\/\/www.instagram.com\/life1079fm\/\"]},{\"@type\":\"Person\",\"@id\":\"https:\/\/radiolifefm.com.br\/noticias\/#\/schema\/person\/6339b9fac59d12b071dec680d7375d87\",\"name\":\"ritanery\",\"image\":{\"@type\":\"ImageObject\",\"inLanguage\":\"pt-BR\",\"@id\":\"https:\/\/secure.gravatar.com\/avatar\/0e37bb19071f47c0b8a23f62a903df117c5a0e75f65a0c2901562f97cd41cf86?s=96&d=mm&r=g\",\"url\":\"https:\/\/secure.gravatar.com\/avatar\/0e37bb19071f47c0b8a23f62a903df117c5a0e75f65a0c2901562f97cd41cf86?s=96&d=mm&r=g\",\"contentUrl\":\"https:\/\/secure.gravatar.com\/avatar\/0e37bb19071f47c0b8a23f62a903df117c5a0e75f65a0c2901562f97cd41cf86?s=96&d=mm&r=g\",\"caption\":\"ritanery\"}}]}<\/script>\n<!-- \/ Yoast SEO plugin. -->","yoast_head_json":{"title":"Ciclista tup\u00e3ense Jo\u00e3o Vitor Faquim morre ap\u00f3s acidente na Estrada dos Romeiros - R\u00e1dio Life FM","robots":{"index":"index","follow":"follow","max-snippet":"max-snippet:-1","max-image-preview":"max-image-preview:large","max-video-preview":"max-video-preview:-1"},"canonical":"https:\/\/radiolifefm.com.br\/noticias\/ciclista-tupaense-joao-vitor-faquim-morre-apos-acidente-na-estrada-dos-romeiros\/","og_locale":"pt_BR","og_type":"article","og_title":"Ciclista tup\u00e3ense Jo\u00e3o Vitor Faquim morre ap\u00f3s acidente na Estrada dos Romeiros - R\u00e1dio Life FM","og_description":"O advogado e ciclista tup\u00e3ense Jo\u00e3o Vitor Faquim, de 41 anos, faleceu\u00a0neste domingo (14) em um acidente na Estrada dos Romeiros, trecho bastante frequentado por ciclistas entre Campinas e Jundia\u00ed. Faquim estava em uma viagem em fam\u00edlia quando decidiu percorrer o trajeto de bicicleta. Segundo apurado pelo Tup\u00e3City, o acidente ocorreu pela manh\u00e3 enquanto Jo\u00e3o [&hellip;]","og_url":"https:\/\/radiolifefm.com.br\/noticias\/ciclista-tupaense-joao-vitor-faquim-morre-apos-acidente-na-estrada-dos-romeiros\/","og_site_name":"R\u00e1dio Life FM","article_publisher":"https:\/\/www.facebook.com\/radiolifefm\/","article_published_time":"2024-01-15T01:24:59+00:00","article_modified_time":"2026-04-30T04:26:31+00:00","og_image":[{"width":500,"height":280,"url":"https:\/\/radiolifefm.com.br\/noticias\/wp-content\/uploads\/2024\/01\/500-89.jpg","type":"image\/jpeg"}],"author":"ritanery","twitter_card":"summary_large_image","twitter_misc":{"Escrito por":"ritanery","Est. tempo de leitura":"1 minuto"},"schema":{"@context":"https:\/\/schema.org","@graph":[{"@type":"Article","@id":"https:\/\/radiolifefm.com.br\/noticias\/ciclista-tupaense-joao-vitor-faquim-morre-apos-acidente-na-estrada-dos-romeiros\/#article","isPartOf":{"@id":"https:\/\/radiolifefm.com.br\/noticias\/ciclista-tupaense-joao-vitor-faquim-morre-apos-acidente-na-estrada-dos-romeiros\/"},"author":{"name":"ritanery","@id":"https:\/\/radiolifefm.com.br\/noticias\/#\/schema\/person\/6339b9fac59d12b071dec680d7375d87"},"headline":"Ciclista tup\u00e3ense Jo\u00e3o Vitor Faquim morre ap\u00f3s acidente na Estrada dos Romeiros","datePublished":"2024-01-15T01:24:59+00:00","dateModified":"2026-04-30T04:26:31+00:00","mainEntityOfPage":{"@id":"https:\/\/radiolifefm.com.br\/noticias\/ciclista-tupaense-joao-vitor-faquim-morre-apos-acidente-na-estrada-dos-romeiros\/"},"wordCount":193,"publisher":{"@id":"https:\/\/radiolifefm.com.br\/noticias\/#organization"},"image":{"@id":"https:\/\/radiolifefm.com.br\/noticias\/ciclista-tupaense-joao-vitor-faquim-morre-apos-acidente-na-estrada-dos-romeiros\/#primaryimage"},"thumbnailUrl":"https:\/\/radiolifefm.com.br\/noticias\/wp-content\/uploads\/2024\/01\/500-89.jpg","articleSection":["Regi\u00e3o"],"inLanguage":"pt-BR"},{"@type":"WebPage","@id":"https:\/\/radiolifefm.com.br\/noticias\/ciclista-tupaense-joao-vitor-faquim-morre-apos-acidente-na-estrada-dos-romeiros\/","url":"https:\/\/radiolifefm.com.br\/noticias\/ciclista-tupaense-joao-vitor-faquim-morre-apos-acidente-na-estrada-dos-romeiros\/","name":"Ciclista tup\u00e3ense Jo\u00e3o Vitor Faquim morre ap\u00f3s acidente na Estrada dos Romeiros - R\u00e1dio Life FM","isPartOf":{"@id":"https:\/\/radiolifefm.com.br\/noticias\/#website"},"primaryImageOfPage":{"@id":"https:\/\/radiolifefm.com.br\/noticias\/ciclista-tupaense-joao-vitor-faquim-morre-apos-acidente-na-estrada-dos-romeiros\/#primaryimage"},"image":{"@id":"https:\/\/radiolifefm.com.br\/noticias\/ciclista-tupaense-joao-vitor-faquim-morre-apos-acidente-na-estrada-dos-romeiros\/#primaryimage"},"thumbnailUrl":"https:\/\/radiolifefm.com.br\/noticias\/wp-content\/uploads\/2024\/01\/500-89.jpg","datePublished":"2024-01-15T01:24:59+00:00","dateModified":"2026-04-30T04:26:31+00:00","breadcrumb":{"@id":"https:\/\/radiolifefm.com.br\/noticias\/ciclista-tupaense-joao-vitor-faquim-morre-apos-acidente-na-estrada-dos-romeiros\/#breadcrumb"},"inLanguage":"pt-BR","potentialAction":[{"@type":"ReadAction","target":["https:\/\/radiolifefm.com.br\/noticias\/ciclista-tupaense-joao-vitor-faquim-morre-apos-acidente-na-estrada-dos-romeiros\/"]}]},{"@type":"ImageObject","inLanguage":"pt-BR","@id":"https:\/\/radiolifefm.com.br\/noticias\/ciclista-tupaense-joao-vitor-faquim-morre-apos-acidente-na-estrada-dos-romeiros\/#primaryimage","url":"https:\/\/radiolifefm.com.br\/noticias\/wp-content\/uploads\/2024\/01\/500-89.jpg","contentUrl":"https:\/\/radiolifefm.com.br\/noticias\/wp-content\/uploads\/2024\/01\/500-89.jpg","width":500,"height":280,"caption":"Ciclista colidiu contra uma moto e chegou a ser socorrido consciente, mas sofreu duas paradas card\u00edacas"},{"@type":"BreadcrumbList","@id":"https:\/\/radiolifefm.com.br\/noticias\/ciclista-tupaense-joao-vitor-faquim-morre-apos-acidente-na-estrada-dos-romeiros\/#breadcrumb","itemListElement":[{"@type":"ListItem","position":1,"name":"In\u00edcio","item":"https:\/\/radiolifefm.com.br\/noticias\/"},{"@type":"ListItem","position":2,"name":"Ciclista tup\u00e3ense Jo\u00e3o Vitor Faquim morre ap\u00f3s acidente na Estrada dos Romeiros"}]},{"@type":"WebSite","@id":"https:\/\/radiolifefm.com.br\/noticias\/#website","url":"https:\/\/radiolifefm.com.br\/noticias\/","name":"R\u00e1dio Life FM","description":"O Portal de Not\u00edcias de Adamantina","publisher":{"@id":"https:\/\/radiolifefm.com.br\/noticias\/#organization"},"alternateName":"Life FM","potentialAction":[{"@type":"SearchAction","target":{"@type":"EntryPoint","urlTemplate":"https:\/\/radiolifefm.com.br\/noticias\/?s={search_term_string}"},"query-input":{"@type":"PropertyValueSpecification","valueRequired":true,"valueName":"search_term_string"}}],"inLanguage":"pt-BR"},{"@type":"Organization","@id":"https:\/\/radiolifefm.com.br\/noticias\/#organization","name":"R\u00e1dio Life FM","alternateName":"Life FM","url":"https:\/\/radiolifefm.com.br\/noticias\/","logo":{"@type":"ImageObject","inLanguage":"pt-BR","@id":"https:\/\/radiolifefm.com.br\/noticias\/#\/schema\/logo\/image\/","url":"https:\/\/static.radiolifefm.com.br\/noticias\/wp-content\/uploads\/2019\/10\/logo-lifefm.png","contentUrl":"https:\/\/static.radiolifefm.com.br\/noticias\/wp-content\/uploads\/2019\/10\/logo-lifefm.png","width":196,"height":47,"caption":"R\u00e1dio Life FM"},"image":{"@id":"https:\/\/radiolifefm.com.br\/noticias\/#\/schema\/logo\/image\/"},"sameAs":["https:\/\/www.facebook.com\/radiolifefm\/","https:\/\/www.instagram.com\/life1079fm\/"]},{"@type":"Person","@id":"https:\/\/radiolifefm.com.br\/noticias\/#\/schema\/person\/6339b9fac59d12b071dec680d7375d87","name":"ritanery","image":{"@type":"ImageObject","inLanguage":"pt-BR","@id":"https:\/\/secure.gravatar.com\/avatar\/0e37bb19071f47c0b8a23f62a903df117c5a0e75f65a0c2901562f97cd41cf86?s=96&d=mm&r=g","url":"https:\/\/secure.gravatar.com\/avatar\/0e37bb19071f47c0b8a23f62a903df117c5a0e75f65a0c2901562f97cd41cf86?s=96&d=mm&r=g","contentUrl":"https:\/\/secure.gravatar.com\/avatar\/0e37bb19071f47c0b8a23f62a903df117c5a0e75f65a0c2901562f97cd41cf86?s=96&d=mm&r=g","caption":"ritanery"}}]}},"amp_enabled":true,"_links":{"self":[{"href":"https:\/\/radiolifefm.com.br\/noticias\/wp-json\/wp\/v2\/posts\/81737","targetHints":{"allow":["GET"]}}],"collection":[{"href":"https:\/\/radiolifefm.com.br\/noticias\/wp-json\/wp\/v2\/posts"}],"about":[{"href":"https:\/\/radiolifefm.com.br\/noticias\/wp-json\/wp\/v2\/types\/post"}],"author":[{"embeddable":true,"href":"https:\/\/radiolifefm.com.br\/noticias\/wp-json\/wp\/v2\/users\/13"}],"replies":[{"embeddable":true,"href":"https:\/\/radiolifefm.com.br\/noticias\/wp-json\/wp\/v2\/comments?post=81737"}],"version-history":[{"count":2,"href":"https:\/\/radiolifefm.com.br\/noticias\/wp-json\/wp\/v2\/posts\/81737\/revisions"}],"predecessor-version":[{"id":81740,"href":"https:\/\/radiolifefm.com.br\/noticias\/wp-json\/wp\/v2\/posts\/81737\/revisions\/81740"}],"wp:featuredmedia":[{"embeddable":true,"href":"https:\/\/radiolifefm.com.br\/noticias\/wp-json\/wp\/v2\/media\/81738"}],"wp:attachment":[{"href":"https:\/\/radiolifefm.com.br\/noticias\/wp-json\/wp\/v2\/media?parent=81737"}],"wp:term":[{"taxonomy":"category","embeddable":true,"href":"https:\/\/radiolifefm.com.br\/noticias\/wp-json\/wp\/v2\/categories?post=81737"},{"taxonomy":"post_tag","embeddable":true,"href":"https:\/\/radiolifefm.com.br\/noticias\/wp-json\/wp\/v2\/tags?post=81737"}],"curies":[{"name":"wp","href":"https:\/\/api.w.org\/{rel}","templated":true}]}}