{"id":81441,"date":"2024-01-05T09:16:28","date_gmt":"2024-01-05T12:16:28","guid":{"rendered":"https:\/\/radiolifefm.com.br\/noticias\/?p=81441"},"modified":"2026-04-23T15:19:39","modified_gmt":"2026-04-23T18:19:39","slug":"a-lenda-do-homem-crocodilo-2","status":"publish","type":"post","link":"https:\/\/radiolifefm.com.br\/noticias\/a-lenda-do-homem-crocodilo-2\/","title":{"rendered":"\u201cA LENDA DO HOMEM CROCODILO\u201d"},"content":{"rendered":"<div id=\"fb-root\"><\/div>\n<p><em>\u00a0<\/em><\/p>\n<p><em>\u201cA vida \u00e9 tal qual uma com\u00e9dia teatral: ningu\u00e9m repara se foi longa ou curta, e sim se foi bem representada.\u201d (S\u00eaneca)<\/em><\/p>\n<p>&nbsp;<\/p>\n<p><strong><em>By seb@r.<\/em><\/strong><\/p>\n<p>&nbsp;<\/p>\n<p>Nestes desencontros deste NOVO TEMPO NOVO, bem como, entre outros DESAFIOS ACAD\u00caMICOS via PLATAFORMAS ON-LINE e outras possibilidades, pode-se pensar em alternativas para isto ou aquilo&#8230;<\/p>\n<p>Entre as quais, por exemplo, assistir TV aberta ou n\u00e3o, bem como, NETFLIX e assim por diante e de acordo com o hor\u00e1rio disponibilizado naquele momento de LAZER&#8230;<\/p>\n<p>Assim, como simples mortal acabei me perdendo em tardes infinitas pela \u201ctelinha magia\u201d, quem sabe, tentando um encontro com os velhos tempos de adolescente, quando passava tardes e mais tardes atr\u00e1s de um televisor assistindo os filmes e seriados dos anos 70&#8230;<\/p>\n<p>Mas, em pleno s\u00e9culo XXI, ainda \u00e9 poss\u00edvel, de vez em quando, encontrar pela frente alguns destes filmes ou seriado na \u201ctelinha m\u00e1gica\u201d, neste caso espec\u00edfico, momento de magia para os saudosistas de plant\u00e3o num dia qualquer da semana, at\u00e9 mesmos, finais de semana naquela nostalgia infinita pelo encontro com o passado em tempo de p\u00f3s-globaliza\u00e7\u00e3o midi\u00e1tica&#8230;<\/p>\n<p>Ent\u00e3o, foi numa destas tardes que acabei encontrando na \u201ctelinha m\u00e1gica\u201d um filme, como a maioria das produ\u00e7\u00f5es veiculadas pela televis\u00e3o brasileira, \u201cmade in USA\u201d, por\u00e9m, o mesmo acabou prendendo a minha aten\u00e7\u00e3o com o decorrer da trama&#8230;<\/p>\n<p>Ao mesmo tempo, trouxe de volta para mim uma \u201cmagia\u201d que andava esquecida que \u00e9 os fatos relacionados com \u201clendas\u201d, isso mesmo prezado leitor, fui sendo envolvido pelas lembran\u00e7as dos \u201ccausos\u201d do interior tupiniquim, entre os quais: mula sem cabe\u00e7a, lobisomem, bicho pap\u00e3o e outros&#8230;<\/p>\n<p>Um mundo com outra realidade para as crian\u00e7as de outra \u00e9poca, mas ainda \u00e9 poss\u00edvel levar adiante um \u201cmundo do faz de conta\u201d, basta entrar pelos olhos de uma crian\u00e7a, deixar a ilus\u00e3o tomar conta do nosso interior e nada mais do que isto para tornar o adulto uma crian\u00e7a pela \u00f3tica ilus\u00f3ria do passado no presente&#8230;<\/p>\n<p>Ainda bem que, nestes casos, as recorda\u00e7\u00f5es daqueles anos infantis e at\u00e9 mesmo, adolescentes, nos mostram outro lado das quest\u00f5es e abrem, assim, novas portas para o presente em meio \u00e0s novas descobertas do mundo mais do que adulto&#8230;<\/p>\n<p>Muitas pessoas fogem do passado como \u201co diabo foge da cruz\u201d, tamb\u00e9m, penso eu, nunca souberam aproveitar destes momentos como crian\u00e7as ou adolescentes, claro, as respostas s\u00e3o muitas e al\u00e9m do mais, cada caso \u00e9 um caso e n\u00e3o se podem generalizar tais questionamentos sobre as peraltices de cada ser humano naqueles tempos de outrora&#8230;<\/p>\n<p>Bom, relembrar faz parte do nosso ser interior, por isso, cada um deve saber das peraltices e dos pux\u00f5es nas orelhas como castigo exemplar aplicado pelos pais, assim mesmo, as lembran\u00e7as marcam os caminhos de cada um neste cen\u00e1rio infantil&#8230;<\/p>\n<p>Ah! Estava esquecendo-se de retornar para o filme em quest\u00e3o, que motivou o texto e as lembran\u00e7as dos tempos da inf\u00e2ncia e da adolesc\u00eancia sem culpa nas ruas sem asfalto e pelas vizinhan\u00e7as de uma vila com muitos nomes para um mesmo lugar, desta forma, fica registrado neste caso em especial, pelo menos o nome do filme: \u201cA LENDA DO HOMEM CROCODILO\u201d&#8230;<\/p>\n<p><strong><em>__________________________________<\/em><\/strong><\/p>\n<p><strong><em>e-mail: barbosa.sebar@gmail.com<\/em><\/strong><\/p>\n","protected":false},"excerpt":{"rendered":"<p>\u00a0 \u201cA vida \u00e9 tal qual uma com\u00e9dia teatral: ningu\u00e9m repara se foi longa ou curta, e sim se foi bem representada.\u201d (S\u00eaneca) &nbsp; By seb@r. &nbsp; Nestes desencontros deste NOVO TEMPO NOVO, bem como, entre outros DESAFIOS ACAD\u00caMICOS via PLATAFORMAS ON-LINE e outras possibilidades, pode-se pensar em alternativas para isto ou aquilo&#8230; Entre as [&hellip;]<\/p>\n","protected":false},"author":13,"featured_media":51988,"comment_status":"closed","ping_status":"open","sticky":false,"template":"","format":"standard","meta":{"_acf_changed":false,"_exactmetrics_skip_tracking":false,"_exactmetrics_sitenote_active":false,"_exactmetrics_sitenote_note":"","_exactmetrics_sitenote_category":0,"footnotes":""},"categories":[59],"tags":[],"class_list":["post-81441","post","type-post","status-publish","format-standard","has-post-thumbnail","hentry","category-opiniao"],"acf":[],"yoast_head":"<!-- This site is optimized with the Yoast SEO plugin v27.2 - https:\/\/yoast.com\/product\/yoast-seo-wordpress\/ -->\n<title>\u201cA LENDA DO HOMEM CROCODILO\u201d - R\u00e1dio Life FM<\/title>\n<meta name=\"robots\" content=\"index, follow, max-snippet:-1, max-image-preview:large, max-video-preview:-1\" \/>\n<link rel=\"canonical\" href=\"https:\/\/radiolifefm.com.br\/noticias\/a-lenda-do-homem-crocodilo-2\/\" \/>\n<meta property=\"og:locale\" content=\"pt_BR\" \/>\n<meta property=\"og:type\" content=\"article\" \/>\n<meta property=\"og:title\" content=\"\u201cA LENDA DO HOMEM CROCODILO\u201d - R\u00e1dio Life FM\" \/>\n<meta property=\"og:description\" content=\"\u00a0 \u201cA vida \u00e9 tal qual uma com\u00e9dia teatral: ningu\u00e9m repara se foi longa ou curta, e sim se foi bem representada.\u201d (S\u00eaneca) &nbsp; By seb@r. &nbsp; Nestes desencontros deste NOVO TEMPO NOVO, bem como, entre outros DESAFIOS ACAD\u00caMICOS via PLATAFORMAS ON-LINE e outras possibilidades, pode-se pensar em alternativas para isto ou aquilo&#8230; Entre as [&hellip;]\" \/>\n<meta property=\"og:url\" content=\"https:\/\/radiolifefm.com.br\/noticias\/a-lenda-do-homem-crocodilo-2\/\" \/>\n<meta property=\"og:site_name\" content=\"R\u00e1dio Life FM\" \/>\n<meta property=\"article:publisher\" content=\"https:\/\/www.facebook.com\/radiolifefm\/\" \/>\n<meta property=\"article:published_time\" content=\"2024-01-05T12:16:28+00:00\" \/>\n<meta property=\"article:modified_time\" content=\"2026-04-23T18:19:39+00:00\" \/>\n<meta property=\"og:image\" content=\"https:\/\/radiolifefm.com.br\/noticias\/wp-content\/uploads\/2022\/04\/WhatsApp-Image-2022-04-10-at-18.43.02.jpeg\" \/>\n\t<meta property=\"og:image:width\" content=\"972\" \/>\n\t<meta property=\"og:image:height\" content=\"1296\" \/>\n\t<meta property=\"og:image:type\" content=\"image\/jpeg\" \/>\n<meta name=\"author\" content=\"ritanery\" \/>\n<meta name=\"twitter:card\" content=\"summary_large_image\" \/>\n<meta name=\"twitter:label1\" content=\"Escrito por\" \/>\n\t<meta name=\"twitter:data1\" content=\"ritanery\" \/>\n\t<meta name=\"twitter:label2\" content=\"Est. tempo de leitura\" \/>\n\t<meta name=\"twitter:data2\" content=\"3 minutos\" \/>\n<script type=\"application\/ld+json\" class=\"yoast-schema-graph\">{\"@context\":\"https:\/\/schema.org\",\"@graph\":[{\"@type\":\"Article\",\"@id\":\"https:\/\/radiolifefm.com.br\/noticias\/a-lenda-do-homem-crocodilo-2\/#article\",\"isPartOf\":{\"@id\":\"https:\/\/radiolifefm.com.br\/noticias\/a-lenda-do-homem-crocodilo-2\/\"},\"author\":{\"name\":\"ritanery\",\"@id\":\"https:\/\/radiolifefm.com.br\/noticias\/#\/schema\/person\/6339b9fac59d12b071dec680d7375d87\"},\"headline\":\"\u201cA LENDA DO HOMEM CROCODILO\u201d\",\"datePublished\":\"2024-01-05T12:16:28+00:00\",\"dateModified\":\"2026-04-23T18:19:39+00:00\",\"mainEntityOfPage\":{\"@id\":\"https:\/\/radiolifefm.com.br\/noticias\/a-lenda-do-homem-crocodilo-2\/\"},\"wordCount\":565,\"publisher\":{\"@id\":\"https:\/\/radiolifefm.com.br\/noticias\/#organization\"},\"image\":{\"@id\":\"https:\/\/radiolifefm.com.br\/noticias\/a-lenda-do-homem-crocodilo-2\/#primaryimage\"},\"thumbnailUrl\":\"https:\/\/radiolifefm.com.br\/noticias\/wp-content\/uploads\/2022\/04\/WhatsApp-Image-2022-04-10-at-18.43.02.jpeg\",\"articleSection\":[\"Opini\u00e3o\"],\"inLanguage\":\"pt-BR\"},{\"@type\":\"WebPage\",\"@id\":\"https:\/\/radiolifefm.com.br\/noticias\/a-lenda-do-homem-crocodilo-2\/\",\"url\":\"https:\/\/radiolifefm.com.br\/noticias\/a-lenda-do-homem-crocodilo-2\/\",\"name\":\"\u201cA LENDA DO HOMEM CROCODILO\u201d - R\u00e1dio Life FM\",\"isPartOf\":{\"@id\":\"https:\/\/radiolifefm.com.br\/noticias\/#website\"},\"primaryImageOfPage\":{\"@id\":\"https:\/\/radiolifefm.com.br\/noticias\/a-lenda-do-homem-crocodilo-2\/#primaryimage\"},\"image\":{\"@id\":\"https:\/\/radiolifefm.com.br\/noticias\/a-lenda-do-homem-crocodilo-2\/#primaryimage\"},\"thumbnailUrl\":\"https:\/\/radiolifefm.com.br\/noticias\/wp-content\/uploads\/2022\/04\/WhatsApp-Image-2022-04-10-at-18.43.02.jpeg\",\"datePublished\":\"2024-01-05T12:16:28+00:00\",\"dateModified\":\"2026-04-23T18:19:39+00:00\",\"breadcrumb\":{\"@id\":\"https:\/\/radiolifefm.com.br\/noticias\/a-lenda-do-homem-crocodilo-2\/#breadcrumb\"},\"inLanguage\":\"pt-BR\",\"potentialAction\":[{\"@type\":\"ReadAction\",\"target\":[\"https:\/\/radiolifefm.com.br\/noticias\/a-lenda-do-homem-crocodilo-2\/\"]}]},{\"@type\":\"ImageObject\",\"inLanguage\":\"pt-BR\",\"@id\":\"https:\/\/radiolifefm.com.br\/noticias\/a-lenda-do-homem-crocodilo-2\/#primaryimage\",\"url\":\"https:\/\/radiolifefm.com.br\/noticias\/wp-content\/uploads\/2022\/04\/WhatsApp-Image-2022-04-10-at-18.43.02.jpeg\",\"contentUrl\":\"https:\/\/radiolifefm.com.br\/noticias\/wp-content\/uploads\/2022\/04\/WhatsApp-Image-2022-04-10-at-18.43.02.jpeg\",\"width\":972,\"height\":1296,\"caption\":\"S\u00e9rgio Barbosa\"},{\"@type\":\"BreadcrumbList\",\"@id\":\"https:\/\/radiolifefm.com.br\/noticias\/a-lenda-do-homem-crocodilo-2\/#breadcrumb\",\"itemListElement\":[{\"@type\":\"ListItem\",\"position\":1,\"name\":\"In\u00edcio\",\"item\":\"https:\/\/radiolifefm.com.br\/noticias\/\"},{\"@type\":\"ListItem\",\"position\":2,\"name\":\"\u201cA LENDA DO HOMEM CROCODILO\u201d\"}]},{\"@type\":\"WebSite\",\"@id\":\"https:\/\/radiolifefm.com.br\/noticias\/#website\",\"url\":\"https:\/\/radiolifefm.com.br\/noticias\/\",\"name\":\"R\u00e1dio Life FM\",\"description\":\"O Portal de Not\u00edcias de Adamantina\",\"publisher\":{\"@id\":\"https:\/\/radiolifefm.com.br\/noticias\/#organization\"},\"alternateName\":\"Life FM\",\"potentialAction\":[{\"@type\":\"SearchAction\",\"target\":{\"@type\":\"EntryPoint\",\"urlTemplate\":\"https:\/\/radiolifefm.com.br\/noticias\/?s={search_term_string}\"},\"query-input\":{\"@type\":\"PropertyValueSpecification\",\"valueRequired\":true,\"valueName\":\"search_term_string\"}}],\"inLanguage\":\"pt-BR\"},{\"@type\":\"Organization\",\"@id\":\"https:\/\/radiolifefm.com.br\/noticias\/#organization\",\"name\":\"R\u00e1dio Life FM\",\"alternateName\":\"Life FM\",\"url\":\"https:\/\/radiolifefm.com.br\/noticias\/\",\"logo\":{\"@type\":\"ImageObject\",\"inLanguage\":\"pt-BR\",\"@id\":\"https:\/\/radiolifefm.com.br\/noticias\/#\/schema\/logo\/image\/\",\"url\":\"https:\/\/static.radiolifefm.com.br\/noticias\/wp-content\/uploads\/2019\/10\/logo-lifefm.png\",\"contentUrl\":\"https:\/\/static.radiolifefm.com.br\/noticias\/wp-content\/uploads\/2019\/10\/logo-lifefm.png\",\"width\":196,\"height\":47,\"caption\":\"R\u00e1dio Life FM\"},\"image\":{\"@id\":\"https:\/\/radiolifefm.com.br\/noticias\/#\/schema\/logo\/image\/\"},\"sameAs\":[\"https:\/\/www.facebook.com\/radiolifefm\/\",\"https:\/\/www.instagram.com\/life1079fm\/\"]},{\"@type\":\"Person\",\"@id\":\"https:\/\/radiolifefm.com.br\/noticias\/#\/schema\/person\/6339b9fac59d12b071dec680d7375d87\",\"name\":\"ritanery\",\"image\":{\"@type\":\"ImageObject\",\"inLanguage\":\"pt-BR\",\"@id\":\"https:\/\/secure.gravatar.com\/avatar\/0e37bb19071f47c0b8a23f62a903df117c5a0e75f65a0c2901562f97cd41cf86?s=96&d=mm&r=g\",\"url\":\"https:\/\/secure.gravatar.com\/avatar\/0e37bb19071f47c0b8a23f62a903df117c5a0e75f65a0c2901562f97cd41cf86?s=96&d=mm&r=g\",\"contentUrl\":\"https:\/\/secure.gravatar.com\/avatar\/0e37bb19071f47c0b8a23f62a903df117c5a0e75f65a0c2901562f97cd41cf86?s=96&d=mm&r=g\",\"caption\":\"ritanery\"}}]}<\/script>\n<!-- \/ Yoast SEO plugin. -->","yoast_head_json":{"title":"\u201cA LENDA DO HOMEM CROCODILO\u201d - R\u00e1dio Life FM","robots":{"index":"index","follow":"follow","max-snippet":"max-snippet:-1","max-image-preview":"max-image-preview:large","max-video-preview":"max-video-preview:-1"},"canonical":"https:\/\/radiolifefm.com.br\/noticias\/a-lenda-do-homem-crocodilo-2\/","og_locale":"pt_BR","og_type":"article","og_title":"\u201cA LENDA DO HOMEM CROCODILO\u201d - R\u00e1dio Life FM","og_description":"\u00a0 \u201cA vida \u00e9 tal qual uma com\u00e9dia teatral: ningu\u00e9m repara se foi longa ou curta, e sim se foi bem representada.\u201d (S\u00eaneca) &nbsp; By seb@r. &nbsp; Nestes desencontros deste NOVO TEMPO NOVO, bem como, entre outros DESAFIOS ACAD\u00caMICOS via PLATAFORMAS ON-LINE e outras possibilidades, pode-se pensar em alternativas para isto ou aquilo&#8230; Entre as [&hellip;]","og_url":"https:\/\/radiolifefm.com.br\/noticias\/a-lenda-do-homem-crocodilo-2\/","og_site_name":"R\u00e1dio Life FM","article_publisher":"https:\/\/www.facebook.com\/radiolifefm\/","article_published_time":"2024-01-05T12:16:28+00:00","article_modified_time":"2026-04-23T18:19:39+00:00","og_image":[{"width":972,"height":1296,"url":"https:\/\/radiolifefm.com.br\/noticias\/wp-content\/uploads\/2022\/04\/WhatsApp-Image-2022-04-10-at-18.43.02.jpeg","type":"image\/jpeg"}],"author":"ritanery","twitter_card":"summary_large_image","twitter_misc":{"Escrito por":"ritanery","Est. tempo de leitura":"3 minutos"},"schema":{"@context":"https:\/\/schema.org","@graph":[{"@type":"Article","@id":"https:\/\/radiolifefm.com.br\/noticias\/a-lenda-do-homem-crocodilo-2\/#article","isPartOf":{"@id":"https:\/\/radiolifefm.com.br\/noticias\/a-lenda-do-homem-crocodilo-2\/"},"author":{"name":"ritanery","@id":"https:\/\/radiolifefm.com.br\/noticias\/#\/schema\/person\/6339b9fac59d12b071dec680d7375d87"},"headline":"\u201cA LENDA DO HOMEM CROCODILO\u201d","datePublished":"2024-01-05T12:16:28+00:00","dateModified":"2026-04-23T18:19:39+00:00","mainEntityOfPage":{"@id":"https:\/\/radiolifefm.com.br\/noticias\/a-lenda-do-homem-crocodilo-2\/"},"wordCount":565,"publisher":{"@id":"https:\/\/radiolifefm.com.br\/noticias\/#organization"},"image":{"@id":"https:\/\/radiolifefm.com.br\/noticias\/a-lenda-do-homem-crocodilo-2\/#primaryimage"},"thumbnailUrl":"https:\/\/radiolifefm.com.br\/noticias\/wp-content\/uploads\/2022\/04\/WhatsApp-Image-2022-04-10-at-18.43.02.jpeg","articleSection":["Opini\u00e3o"],"inLanguage":"pt-BR"},{"@type":"WebPage","@id":"https:\/\/radiolifefm.com.br\/noticias\/a-lenda-do-homem-crocodilo-2\/","url":"https:\/\/radiolifefm.com.br\/noticias\/a-lenda-do-homem-crocodilo-2\/","name":"\u201cA LENDA DO HOMEM CROCODILO\u201d - R\u00e1dio Life FM","isPartOf":{"@id":"https:\/\/radiolifefm.com.br\/noticias\/#website"},"primaryImageOfPage":{"@id":"https:\/\/radiolifefm.com.br\/noticias\/a-lenda-do-homem-crocodilo-2\/#primaryimage"},"image":{"@id":"https:\/\/radiolifefm.com.br\/noticias\/a-lenda-do-homem-crocodilo-2\/#primaryimage"},"thumbnailUrl":"https:\/\/radiolifefm.com.br\/noticias\/wp-content\/uploads\/2022\/04\/WhatsApp-Image-2022-04-10-at-18.43.02.jpeg","datePublished":"2024-01-05T12:16:28+00:00","dateModified":"2026-04-23T18:19:39+00:00","breadcrumb":{"@id":"https:\/\/radiolifefm.com.br\/noticias\/a-lenda-do-homem-crocodilo-2\/#breadcrumb"},"inLanguage":"pt-BR","potentialAction":[{"@type":"ReadAction","target":["https:\/\/radiolifefm.com.br\/noticias\/a-lenda-do-homem-crocodilo-2\/"]}]},{"@type":"ImageObject","inLanguage":"pt-BR","@id":"https:\/\/radiolifefm.com.br\/noticias\/a-lenda-do-homem-crocodilo-2\/#primaryimage","url":"https:\/\/radiolifefm.com.br\/noticias\/wp-content\/uploads\/2022\/04\/WhatsApp-Image-2022-04-10-at-18.43.02.jpeg","contentUrl":"https:\/\/radiolifefm.com.br\/noticias\/wp-content\/uploads\/2022\/04\/WhatsApp-Image-2022-04-10-at-18.43.02.jpeg","width":972,"height":1296,"caption":"S\u00e9rgio Barbosa"},{"@type":"BreadcrumbList","@id":"https:\/\/radiolifefm.com.br\/noticias\/a-lenda-do-homem-crocodilo-2\/#breadcrumb","itemListElement":[{"@type":"ListItem","position":1,"name":"In\u00edcio","item":"https:\/\/radiolifefm.com.br\/noticias\/"},{"@type":"ListItem","position":2,"name":"\u201cA LENDA DO HOMEM CROCODILO\u201d"}]},{"@type":"WebSite","@id":"https:\/\/radiolifefm.com.br\/noticias\/#website","url":"https:\/\/radiolifefm.com.br\/noticias\/","name":"R\u00e1dio Life FM","description":"O Portal de Not\u00edcias de Adamantina","publisher":{"@id":"https:\/\/radiolifefm.com.br\/noticias\/#organization"},"alternateName":"Life FM","potentialAction":[{"@type":"SearchAction","target":{"@type":"EntryPoint","urlTemplate":"https:\/\/radiolifefm.com.br\/noticias\/?s={search_term_string}"},"query-input":{"@type":"PropertyValueSpecification","valueRequired":true,"valueName":"search_term_string"}}],"inLanguage":"pt-BR"},{"@type":"Organization","@id":"https:\/\/radiolifefm.com.br\/noticias\/#organization","name":"R\u00e1dio Life FM","alternateName":"Life FM","url":"https:\/\/radiolifefm.com.br\/noticias\/","logo":{"@type":"ImageObject","inLanguage":"pt-BR","@id":"https:\/\/radiolifefm.com.br\/noticias\/#\/schema\/logo\/image\/","url":"https:\/\/static.radiolifefm.com.br\/noticias\/wp-content\/uploads\/2019\/10\/logo-lifefm.png","contentUrl":"https:\/\/static.radiolifefm.com.br\/noticias\/wp-content\/uploads\/2019\/10\/logo-lifefm.png","width":196,"height":47,"caption":"R\u00e1dio Life FM"},"image":{"@id":"https:\/\/radiolifefm.com.br\/noticias\/#\/schema\/logo\/image\/"},"sameAs":["https:\/\/www.facebook.com\/radiolifefm\/","https:\/\/www.instagram.com\/life1079fm\/"]},{"@type":"Person","@id":"https:\/\/radiolifefm.com.br\/noticias\/#\/schema\/person\/6339b9fac59d12b071dec680d7375d87","name":"ritanery","image":{"@type":"ImageObject","inLanguage":"pt-BR","@id":"https:\/\/secure.gravatar.com\/avatar\/0e37bb19071f47c0b8a23f62a903df117c5a0e75f65a0c2901562f97cd41cf86?s=96&d=mm&r=g","url":"https:\/\/secure.gravatar.com\/avatar\/0e37bb19071f47c0b8a23f62a903df117c5a0e75f65a0c2901562f97cd41cf86?s=96&d=mm&r=g","contentUrl":"https:\/\/secure.gravatar.com\/avatar\/0e37bb19071f47c0b8a23f62a903df117c5a0e75f65a0c2901562f97cd41cf86?s=96&d=mm&r=g","caption":"ritanery"}}]}},"amp_enabled":true,"_links":{"self":[{"href":"https:\/\/radiolifefm.com.br\/noticias\/wp-json\/wp\/v2\/posts\/81441","targetHints":{"allow":["GET"]}}],"collection":[{"href":"https:\/\/radiolifefm.com.br\/noticias\/wp-json\/wp\/v2\/posts"}],"about":[{"href":"https:\/\/radiolifefm.com.br\/noticias\/wp-json\/wp\/v2\/types\/post"}],"author":[{"embeddable":true,"href":"https:\/\/radiolifefm.com.br\/noticias\/wp-json\/wp\/v2\/users\/13"}],"replies":[{"embeddable":true,"href":"https:\/\/radiolifefm.com.br\/noticias\/wp-json\/wp\/v2\/comments?post=81441"}],"version-history":[{"count":1,"href":"https:\/\/radiolifefm.com.br\/noticias\/wp-json\/wp\/v2\/posts\/81441\/revisions"}],"predecessor-version":[{"id":81442,"href":"https:\/\/radiolifefm.com.br\/noticias\/wp-json\/wp\/v2\/posts\/81441\/revisions\/81442"}],"wp:featuredmedia":[{"embeddable":true,"href":"https:\/\/radiolifefm.com.br\/noticias\/wp-json\/wp\/v2\/media\/51988"}],"wp:attachment":[{"href":"https:\/\/radiolifefm.com.br\/noticias\/wp-json\/wp\/v2\/media?parent=81441"}],"wp:term":[{"taxonomy":"category","embeddable":true,"href":"https:\/\/radiolifefm.com.br\/noticias\/wp-json\/wp\/v2\/categories?post=81441"},{"taxonomy":"post_tag","embeddable":true,"href":"https:\/\/radiolifefm.com.br\/noticias\/wp-json\/wp\/v2\/tags?post=81441"}],"curies":[{"name":"wp","href":"https:\/\/api.w.org\/{rel}","templated":true}]}}