{"id":81380,"date":"2024-01-03T08:41:54","date_gmt":"2024-01-03T11:41:54","guid":{"rendered":"https:\/\/radiolifefm.com.br\/noticias\/?p=81380"},"modified":"2026-04-04T10:47:06","modified_gmt":"2026-04-04T13:47:06","slug":"farmalar-atendimento-mais-do-que-personalizado","status":"publish","type":"post","link":"https:\/\/radiolifefm.com.br\/noticias\/farmalar-atendimento-mais-do-que-personalizado\/","title":{"rendered":"FARMALAR: Atendimento mais do que personalizado&#8230;"},"content":{"rendered":"<div id=\"fb-root\"><\/div>\n<p>&nbsp;<\/p>\n<p><strong><em>\u00a0\u201cSer Farmac\u00eautico \u00e9 Ser do Natural Puro \u00e0 Extra\u00e7\u00e3o. \u00c9 Ser S\u00edntese, F\u00f3rmula ou Dispensa\u00e7\u00e3o. \u00c9 Ser Orienta\u00e7\u00e3o Racional \u00e0s Doses de Cura ou Conforto, sustentada pela responsabilidade de sua imprescind\u00edvel miss\u00e3o.\u201d (<\/em><\/strong><a href=\"https:\/\/www.pensador.com\/autor\/tatiane_dias_moura\/\"><strong><em>Tatiane Dias Moura<\/em><\/strong><\/a><strong><em>)<\/em><\/strong><\/p>\n<p>&nbsp;<\/p>\n<p><strong><em>S\u00e9rgio Barbosa \/ ACEA <\/em><\/strong><\/p>\n<p>A HIST\u00d3RIA sempre marca presen\u00e7a em todas as \u00e1reas do conhecimento, bem como, do MERCADO em geral, portanto, sempre que poss\u00edvel, torna-se necess\u00e1rio estar em conex\u00e3o com os fatos HIST\u00d3RICOS&#8230;<\/p>\n<p>Neste CEN\u00c1RIO local, ou seja, ADAMANTINA, deve-se considerar que existem diversas ORGANIZA\u00c7\u00d5ES que possuem aspectos relacionados com a HIST\u00d3RIA em sintonia com a cidade&#8230;<\/p>\n<p>Por exemplo, neste caso em especial, trata-se da FARMALAR, ou seja, uma FARM\u00c1CIA que se tornou uma REFER\u00caNCIA para a CLIENTELA nas \u00faltimas d\u00e9cadas de atua\u00e7\u00e3o no MERCADO&#8230;<\/p>\n<p>Portanto, ANTONIO LA\u00c9RCIO MAZO, assumiu a FARMALAR no ano de 1.997, por\u00e9m, j\u00e1 estava atuando na \u00e1rea farmac\u00eautica desd\u00e9m 1.961 como PR\u00c1TICO DE FARM\u00c1CIA&#8230;<\/p>\n<p>Respeitado como um excelente PROFISSIONAL nesta \u00e1rea, LA\u00c9RCIO \u00e9 casado com MARIA INEZ MAZZO GOMES e pais de MATEUS GOMES MAZO, casado com a Psic\u00f3loga, GLAUCIA ANDREOTI MAZO e o filho BENJAMIN A. MAZO, tamb\u00e9m, DANIELE LOPES MAZO, casada com ANDR\u00c9 BORTOLO e a filha J\u00daLIA MARIA BORTOLO&#8230;<\/p>\n<p>Neste caso em especial, ou seja, a FARMALAR tem atua\u00e7\u00e3o por meio da qualifica\u00e7\u00e3o familiar, pois, L\u00c1ERCIO, MATEUS e DANIELE, s\u00e3o DIPLOMADOS EM FARM\u00c1CIA, desta forma, est\u00e3o mais do que qualificados quanto a forma\u00e7\u00e3o acad\u00eamica, considerando que \u00e9 uma das exig\u00eancias para o desenvolvimento das atividades na \u00e1rea de atua\u00e7\u00e3o&#8230;<\/p>\n<p>Tamb\u00e9m, apesar da concorr\u00eancia com tantas ORGANIZA\u00c7\u00d5ES que atuam neste mesmo segmento na cidade, deve-se destacar que al\u00e9m de serem FARMAC\u00caUTICOS, contam com o apoio da EQUIPE no desenvolvimento das atividades com dedica\u00e7\u00e3o e compromisso com os\/as CLIENTES&#8230;<\/p>\n<p>Nestes quesitos, torna-se fundamental apresentar o titular da FAMALAR que \u00e9 o LA\u00c9RCIO, pois, o mesmo continua sendo uma REFER\u00caNCIA quando se trata de um PRONTO ATENDIMENTO, considerando que neste caso, a EXPERI\u00caNCIA de anos e anos, bem como, a DEDICA\u00c7\u00c3O para com a CLIENTELA, fizeram da FARMALAR mais do que uma simples FARM\u00c1CIA&#8230;<\/p>\n<p>Todas as REFER\u00caNCIAS s\u00e3o mais do que necess\u00e1rias na \u00e1rea da SA\u00daDE, portanto, nada mais envolvente do que ser atendido com DEDICA\u00c7\u00c3O ESPECIAL pela EQUIPE DA FARMALAR&#8230;<\/p>\n<p>Os DESAFIOS existem e fazem parte do MERCADO em todas as \u00e1reas, todavia, quando se trata do ATENDIMENTO que envolve PESSOAS com problemas relacionados com SA\u00daDE e neste meio, est\u00e3o os\/as M\u00c9DICOS\/AS, FARM\u00c1CIAS e REM\u00c9DIOS, deve-se destacar que o LADO HUMANO pode fazer a diferen\u00e7a para quem est\u00e1 do outro lado&#8230;<\/p>\n<p>LA\u00c9RCIO, MATEUS e DANIELE, juntamente com os COLABORADORES, est\u00e3o al\u00e9m do que se espera de uma ORGANIZA\u00c7\u00c3O, ou seja, atuam no MERCADO local como uma EQUIPE ESPECIALIZADA, ainda, oferecendo sempre um ATENDIMENTO ESPECIAL\u00a0 para todos\/as os\/as CLIENTES neste TEMPO NOVO TEMPO&#8230;<\/p>\n<div class='flex flex-wrap items-center -mx-1'>\r\n<a class='thumbnail gallery p-1 w-1\/2 md:w-1\/4' href='https:\/\/radiolifefm.com.br\/noticias\/wp-content\/uploads\/2024\/01\/WhatsApp-Image-2024-01-02-at-19.28.55-1.jpeg'><img class='border border-white' src='https:\/\/radiolifefm.com.br\/noticias\/wp-content\/uploads\/2024\/01\/WhatsApp-Image-2024-01-02-at-19.28.55-1-200x200.jpeg' alt='WhatsApp Image 2024 01 02 At 19.28.55 (1)' \/><\/a><a class='thumbnail gallery p-1 w-1\/2 md:w-1\/4' href='https:\/\/radiolifefm.com.br\/noticias\/wp-content\/uploads\/2024\/01\/WhatsApp-Image-2024-01-02-at-19.28.55.jpeg'><img class='border border-white' src='https:\/\/radiolifefm.com.br\/noticias\/wp-content\/uploads\/2024\/01\/WhatsApp-Image-2024-01-02-at-19.28.55-200x200.jpeg' alt='WhatsApp Image 2024 01 02 At 19.28.55' \/><\/a><a class='thumbnail gallery p-1 w-1\/2 md:w-1\/4' href='https:\/\/radiolifefm.com.br\/noticias\/wp-content\/uploads\/2024\/01\/WhatsApp-Image-2024-01-02-at-19.28.56-1-1.jpeg'><img class='border border-white' src='https:\/\/radiolifefm.com.br\/noticias\/wp-content\/uploads\/2024\/01\/WhatsApp-Image-2024-01-02-at-19.28.56-1-1-200x200.jpeg' alt='WhatsApp Image 2024 01 02 At 19.28.56 (1)' \/><\/a><a class='thumbnail gallery p-1 w-1\/2 md:w-1\/4' href='https:\/\/radiolifefm.com.br\/noticias\/wp-content\/uploads\/2024\/01\/WhatsApp-Image-2024-01-02-at-19.28.56.jpeg'><img class='border border-white' src='https:\/\/radiolifefm.com.br\/noticias\/wp-content\/uploads\/2024\/01\/WhatsApp-Image-2024-01-02-at-19.28.56-200x200.jpeg' alt='WhatsApp Image 2024 01 02 At 19.28.56' \/><\/a><\/div>\n<p>&nbsp;<\/p>\n","protected":false},"excerpt":{"rendered":"<p>&nbsp; \u00a0\u201cSer Farmac\u00eautico \u00e9 Ser do Natural Puro \u00e0 Extra\u00e7\u00e3o. \u00c9 Ser S\u00edntese, F\u00f3rmula ou Dispensa\u00e7\u00e3o. \u00c9 Ser Orienta\u00e7\u00e3o Racional \u00e0s Doses de Cura ou Conforto, sustentada pela responsabilidade de sua imprescind\u00edvel miss\u00e3o.\u201d (Tatiane Dias Moura) &nbsp; S\u00e9rgio Barbosa \/ ACEA A HIST\u00d3RIA sempre marca presen\u00e7a em todas as \u00e1reas do conhecimento, bem como, do [&hellip;]<\/p>\n","protected":false},"author":13,"featured_media":81381,"comment_status":"closed","ping_status":"open","sticky":false,"template":"","format":"standard","meta":{"_acf_changed":false,"_exactmetrics_skip_tracking":false,"_exactmetrics_sitenote_active":false,"_exactmetrics_sitenote_note":"","_exactmetrics_sitenote_category":0,"footnotes":""},"categories":[59],"tags":[],"class_list":["post-81380","post","type-post","status-publish","format-standard","has-post-thumbnail","hentry","category-opiniao"],"acf":[],"yoast_head":"<!-- This site is optimized with the Yoast SEO plugin v27.2 - https:\/\/yoast.com\/product\/yoast-seo-wordpress\/ -->\n<title>FARMALAR: Atendimento mais do que personalizado... - R\u00e1dio Life FM<\/title>\n<meta name=\"robots\" content=\"index, follow, max-snippet:-1, max-image-preview:large, max-video-preview:-1\" \/>\n<link rel=\"canonical\" href=\"https:\/\/radiolifefm.com.br\/noticias\/farmalar-atendimento-mais-do-que-personalizado\/\" \/>\n<meta property=\"og:locale\" content=\"pt_BR\" \/>\n<meta property=\"og:type\" content=\"article\" \/>\n<meta property=\"og:title\" content=\"FARMALAR: Atendimento mais do que personalizado... - R\u00e1dio Life FM\" \/>\n<meta property=\"og:description\" content=\"&nbsp; \u00a0\u201cSer Farmac\u00eautico \u00e9 Ser do Natural Puro \u00e0 Extra\u00e7\u00e3o. \u00c9 Ser S\u00edntese, F\u00f3rmula ou Dispensa\u00e7\u00e3o. \u00c9 Ser Orienta\u00e7\u00e3o Racional \u00e0s Doses de Cura ou Conforto, sustentada pela responsabilidade de sua imprescind\u00edvel miss\u00e3o.\u201d (Tatiane Dias Moura) &nbsp; S\u00e9rgio Barbosa \/ ACEA A HIST\u00d3RIA sempre marca presen\u00e7a em todas as \u00e1reas do conhecimento, bem como, do [&hellip;]\" \/>\n<meta property=\"og:url\" content=\"https:\/\/radiolifefm.com.br\/noticias\/farmalar-atendimento-mais-do-que-personalizado\/\" \/>\n<meta property=\"og:site_name\" content=\"R\u00e1dio Life FM\" \/>\n<meta property=\"article:publisher\" content=\"https:\/\/www.facebook.com\/radiolifefm\/\" \/>\n<meta property=\"article:published_time\" content=\"2024-01-03T11:41:54+00:00\" \/>\n<meta property=\"article:modified_time\" content=\"2026-04-04T13:47:06+00:00\" \/>\n<meta property=\"og:image\" content=\"https:\/\/radiolifefm.com.br\/noticias\/wp-content\/uploads\/2024\/01\/WhatsApp-Image-2024-01-02-at-19.28.56-1.jpeg\" \/>\n\t<meta property=\"og:image:width\" content=\"720\" \/>\n\t<meta property=\"og:image:height\" content=\"755\" \/>\n\t<meta property=\"og:image:type\" content=\"image\/jpeg\" \/>\n<meta name=\"author\" content=\"ritanery\" \/>\n<meta name=\"twitter:card\" content=\"summary_large_image\" \/>\n<meta name=\"twitter:label1\" content=\"Escrito por\" \/>\n\t<meta name=\"twitter:data1\" content=\"ritanery\" \/>\n\t<meta name=\"twitter:label2\" content=\"Est. tempo de leitura\" \/>\n\t<meta name=\"twitter:data2\" content=\"3 minutos\" \/>\n<script type=\"application\/ld+json\" class=\"yoast-schema-graph\">{\"@context\":\"https:\/\/schema.org\",\"@graph\":[{\"@type\":\"Article\",\"@id\":\"https:\/\/radiolifefm.com.br\/noticias\/farmalar-atendimento-mais-do-que-personalizado\/#article\",\"isPartOf\":{\"@id\":\"https:\/\/radiolifefm.com.br\/noticias\/farmalar-atendimento-mais-do-que-personalizado\/\"},\"author\":{\"name\":\"ritanery\",\"@id\":\"https:\/\/radiolifefm.com.br\/noticias\/#\/schema\/person\/6339b9fac59d12b071dec680d7375d87\"},\"headline\":\"FARMALAR: Atendimento mais do que personalizado&#8230;\",\"datePublished\":\"2024-01-03T11:41:54+00:00\",\"dateModified\":\"2026-04-04T13:47:06+00:00\",\"mainEntityOfPage\":{\"@id\":\"https:\/\/radiolifefm.com.br\/noticias\/farmalar-atendimento-mais-do-que-personalizado\/\"},\"wordCount\":528,\"publisher\":{\"@id\":\"https:\/\/radiolifefm.com.br\/noticias\/#organization\"},\"image\":{\"@id\":\"https:\/\/radiolifefm.com.br\/noticias\/farmalar-atendimento-mais-do-que-personalizado\/#primaryimage\"},\"thumbnailUrl\":\"https:\/\/radiolifefm.com.br\/noticias\/wp-content\/uploads\/2024\/01\/WhatsApp-Image-2024-01-02-at-19.28.56-1.jpeg\",\"articleSection\":[\"Opini\u00e3o\"],\"inLanguage\":\"pt-BR\"},{\"@type\":\"WebPage\",\"@id\":\"https:\/\/radiolifefm.com.br\/noticias\/farmalar-atendimento-mais-do-que-personalizado\/\",\"url\":\"https:\/\/radiolifefm.com.br\/noticias\/farmalar-atendimento-mais-do-que-personalizado\/\",\"name\":\"FARMALAR: Atendimento mais do que personalizado... - R\u00e1dio Life FM\",\"isPartOf\":{\"@id\":\"https:\/\/radiolifefm.com.br\/noticias\/#website\"},\"primaryImageOfPage\":{\"@id\":\"https:\/\/radiolifefm.com.br\/noticias\/farmalar-atendimento-mais-do-que-personalizado\/#primaryimage\"},\"image\":{\"@id\":\"https:\/\/radiolifefm.com.br\/noticias\/farmalar-atendimento-mais-do-que-personalizado\/#primaryimage\"},\"thumbnailUrl\":\"https:\/\/radiolifefm.com.br\/noticias\/wp-content\/uploads\/2024\/01\/WhatsApp-Image-2024-01-02-at-19.28.56-1.jpeg\",\"datePublished\":\"2024-01-03T11:41:54+00:00\",\"dateModified\":\"2026-04-04T13:47:06+00:00\",\"breadcrumb\":{\"@id\":\"https:\/\/radiolifefm.com.br\/noticias\/farmalar-atendimento-mais-do-que-personalizado\/#breadcrumb\"},\"inLanguage\":\"pt-BR\",\"potentialAction\":[{\"@type\":\"ReadAction\",\"target\":[\"https:\/\/radiolifefm.com.br\/noticias\/farmalar-atendimento-mais-do-que-personalizado\/\"]}]},{\"@type\":\"ImageObject\",\"inLanguage\":\"pt-BR\",\"@id\":\"https:\/\/radiolifefm.com.br\/noticias\/farmalar-atendimento-mais-do-que-personalizado\/#primaryimage\",\"url\":\"https:\/\/radiolifefm.com.br\/noticias\/wp-content\/uploads\/2024\/01\/WhatsApp-Image-2024-01-02-at-19.28.56-1.jpeg\",\"contentUrl\":\"https:\/\/radiolifefm.com.br\/noticias\/wp-content\/uploads\/2024\/01\/WhatsApp-Image-2024-01-02-at-19.28.56-1.jpeg\",\"width\":720,\"height\":755},{\"@type\":\"BreadcrumbList\",\"@id\":\"https:\/\/radiolifefm.com.br\/noticias\/farmalar-atendimento-mais-do-que-personalizado\/#breadcrumb\",\"itemListElement\":[{\"@type\":\"ListItem\",\"position\":1,\"name\":\"In\u00edcio\",\"item\":\"https:\/\/radiolifefm.com.br\/noticias\/\"},{\"@type\":\"ListItem\",\"position\":2,\"name\":\"FARMALAR: Atendimento mais do que personalizado&#8230;\"}]},{\"@type\":\"WebSite\",\"@id\":\"https:\/\/radiolifefm.com.br\/noticias\/#website\",\"url\":\"https:\/\/radiolifefm.com.br\/noticias\/\",\"name\":\"R\u00e1dio Life FM\",\"description\":\"O Portal de Not\u00edcias de Adamantina\",\"publisher\":{\"@id\":\"https:\/\/radiolifefm.com.br\/noticias\/#organization\"},\"alternateName\":\"Life FM\",\"potentialAction\":[{\"@type\":\"SearchAction\",\"target\":{\"@type\":\"EntryPoint\",\"urlTemplate\":\"https:\/\/radiolifefm.com.br\/noticias\/?s={search_term_string}\"},\"query-input\":{\"@type\":\"PropertyValueSpecification\",\"valueRequired\":true,\"valueName\":\"search_term_string\"}}],\"inLanguage\":\"pt-BR\"},{\"@type\":\"Organization\",\"@id\":\"https:\/\/radiolifefm.com.br\/noticias\/#organization\",\"name\":\"R\u00e1dio Life FM\",\"alternateName\":\"Life FM\",\"url\":\"https:\/\/radiolifefm.com.br\/noticias\/\",\"logo\":{\"@type\":\"ImageObject\",\"inLanguage\":\"pt-BR\",\"@id\":\"https:\/\/radiolifefm.com.br\/noticias\/#\/schema\/logo\/image\/\",\"url\":\"https:\/\/static.radiolifefm.com.br\/noticias\/wp-content\/uploads\/2019\/10\/logo-lifefm.png\",\"contentUrl\":\"https:\/\/static.radiolifefm.com.br\/noticias\/wp-content\/uploads\/2019\/10\/logo-lifefm.png\",\"width\":196,\"height\":47,\"caption\":\"R\u00e1dio Life FM\"},\"image\":{\"@id\":\"https:\/\/radiolifefm.com.br\/noticias\/#\/schema\/logo\/image\/\"},\"sameAs\":[\"https:\/\/www.facebook.com\/radiolifefm\/\",\"https:\/\/www.instagram.com\/life1079fm\/\"]},{\"@type\":\"Person\",\"@id\":\"https:\/\/radiolifefm.com.br\/noticias\/#\/schema\/person\/6339b9fac59d12b071dec680d7375d87\",\"name\":\"ritanery\",\"image\":{\"@type\":\"ImageObject\",\"inLanguage\":\"pt-BR\",\"@id\":\"https:\/\/secure.gravatar.com\/avatar\/0e37bb19071f47c0b8a23f62a903df117c5a0e75f65a0c2901562f97cd41cf86?s=96&d=mm&r=g\",\"url\":\"https:\/\/secure.gravatar.com\/avatar\/0e37bb19071f47c0b8a23f62a903df117c5a0e75f65a0c2901562f97cd41cf86?s=96&d=mm&r=g\",\"contentUrl\":\"https:\/\/secure.gravatar.com\/avatar\/0e37bb19071f47c0b8a23f62a903df117c5a0e75f65a0c2901562f97cd41cf86?s=96&d=mm&r=g\",\"caption\":\"ritanery\"}}]}<\/script>\n<!-- \/ Yoast SEO plugin. -->","yoast_head_json":{"title":"FARMALAR: Atendimento mais do que personalizado... - R\u00e1dio Life FM","robots":{"index":"index","follow":"follow","max-snippet":"max-snippet:-1","max-image-preview":"max-image-preview:large","max-video-preview":"max-video-preview:-1"},"canonical":"https:\/\/radiolifefm.com.br\/noticias\/farmalar-atendimento-mais-do-que-personalizado\/","og_locale":"pt_BR","og_type":"article","og_title":"FARMALAR: Atendimento mais do que personalizado... - R\u00e1dio Life FM","og_description":"&nbsp; \u00a0\u201cSer Farmac\u00eautico \u00e9 Ser do Natural Puro \u00e0 Extra\u00e7\u00e3o. \u00c9 Ser S\u00edntese, F\u00f3rmula ou Dispensa\u00e7\u00e3o. \u00c9 Ser Orienta\u00e7\u00e3o Racional \u00e0s Doses de Cura ou Conforto, sustentada pela responsabilidade de sua imprescind\u00edvel miss\u00e3o.\u201d (Tatiane Dias Moura) &nbsp; S\u00e9rgio Barbosa \/ ACEA A HIST\u00d3RIA sempre marca presen\u00e7a em todas as \u00e1reas do conhecimento, bem como, do [&hellip;]","og_url":"https:\/\/radiolifefm.com.br\/noticias\/farmalar-atendimento-mais-do-que-personalizado\/","og_site_name":"R\u00e1dio Life FM","article_publisher":"https:\/\/www.facebook.com\/radiolifefm\/","article_published_time":"2024-01-03T11:41:54+00:00","article_modified_time":"2026-04-04T13:47:06+00:00","og_image":[{"width":720,"height":755,"url":"https:\/\/radiolifefm.com.br\/noticias\/wp-content\/uploads\/2024\/01\/WhatsApp-Image-2024-01-02-at-19.28.56-1.jpeg","type":"image\/jpeg"}],"author":"ritanery","twitter_card":"summary_large_image","twitter_misc":{"Escrito por":"ritanery","Est. tempo de leitura":"3 minutos"},"schema":{"@context":"https:\/\/schema.org","@graph":[{"@type":"Article","@id":"https:\/\/radiolifefm.com.br\/noticias\/farmalar-atendimento-mais-do-que-personalizado\/#article","isPartOf":{"@id":"https:\/\/radiolifefm.com.br\/noticias\/farmalar-atendimento-mais-do-que-personalizado\/"},"author":{"name":"ritanery","@id":"https:\/\/radiolifefm.com.br\/noticias\/#\/schema\/person\/6339b9fac59d12b071dec680d7375d87"},"headline":"FARMALAR: Atendimento mais do que personalizado&#8230;","datePublished":"2024-01-03T11:41:54+00:00","dateModified":"2026-04-04T13:47:06+00:00","mainEntityOfPage":{"@id":"https:\/\/radiolifefm.com.br\/noticias\/farmalar-atendimento-mais-do-que-personalizado\/"},"wordCount":528,"publisher":{"@id":"https:\/\/radiolifefm.com.br\/noticias\/#organization"},"image":{"@id":"https:\/\/radiolifefm.com.br\/noticias\/farmalar-atendimento-mais-do-que-personalizado\/#primaryimage"},"thumbnailUrl":"https:\/\/radiolifefm.com.br\/noticias\/wp-content\/uploads\/2024\/01\/WhatsApp-Image-2024-01-02-at-19.28.56-1.jpeg","articleSection":["Opini\u00e3o"],"inLanguage":"pt-BR"},{"@type":"WebPage","@id":"https:\/\/radiolifefm.com.br\/noticias\/farmalar-atendimento-mais-do-que-personalizado\/","url":"https:\/\/radiolifefm.com.br\/noticias\/farmalar-atendimento-mais-do-que-personalizado\/","name":"FARMALAR: Atendimento mais do que personalizado... - R\u00e1dio Life FM","isPartOf":{"@id":"https:\/\/radiolifefm.com.br\/noticias\/#website"},"primaryImageOfPage":{"@id":"https:\/\/radiolifefm.com.br\/noticias\/farmalar-atendimento-mais-do-que-personalizado\/#primaryimage"},"image":{"@id":"https:\/\/radiolifefm.com.br\/noticias\/farmalar-atendimento-mais-do-que-personalizado\/#primaryimage"},"thumbnailUrl":"https:\/\/radiolifefm.com.br\/noticias\/wp-content\/uploads\/2024\/01\/WhatsApp-Image-2024-01-02-at-19.28.56-1.jpeg","datePublished":"2024-01-03T11:41:54+00:00","dateModified":"2026-04-04T13:47:06+00:00","breadcrumb":{"@id":"https:\/\/radiolifefm.com.br\/noticias\/farmalar-atendimento-mais-do-que-personalizado\/#breadcrumb"},"inLanguage":"pt-BR","potentialAction":[{"@type":"ReadAction","target":["https:\/\/radiolifefm.com.br\/noticias\/farmalar-atendimento-mais-do-que-personalizado\/"]}]},{"@type":"ImageObject","inLanguage":"pt-BR","@id":"https:\/\/radiolifefm.com.br\/noticias\/farmalar-atendimento-mais-do-que-personalizado\/#primaryimage","url":"https:\/\/radiolifefm.com.br\/noticias\/wp-content\/uploads\/2024\/01\/WhatsApp-Image-2024-01-02-at-19.28.56-1.jpeg","contentUrl":"https:\/\/radiolifefm.com.br\/noticias\/wp-content\/uploads\/2024\/01\/WhatsApp-Image-2024-01-02-at-19.28.56-1.jpeg","width":720,"height":755},{"@type":"BreadcrumbList","@id":"https:\/\/radiolifefm.com.br\/noticias\/farmalar-atendimento-mais-do-que-personalizado\/#breadcrumb","itemListElement":[{"@type":"ListItem","position":1,"name":"In\u00edcio","item":"https:\/\/radiolifefm.com.br\/noticias\/"},{"@type":"ListItem","position":2,"name":"FARMALAR: Atendimento mais do que personalizado&#8230;"}]},{"@type":"WebSite","@id":"https:\/\/radiolifefm.com.br\/noticias\/#website","url":"https:\/\/radiolifefm.com.br\/noticias\/","name":"R\u00e1dio Life FM","description":"O Portal de Not\u00edcias de Adamantina","publisher":{"@id":"https:\/\/radiolifefm.com.br\/noticias\/#organization"},"alternateName":"Life FM","potentialAction":[{"@type":"SearchAction","target":{"@type":"EntryPoint","urlTemplate":"https:\/\/radiolifefm.com.br\/noticias\/?s={search_term_string}"},"query-input":{"@type":"PropertyValueSpecification","valueRequired":true,"valueName":"search_term_string"}}],"inLanguage":"pt-BR"},{"@type":"Organization","@id":"https:\/\/radiolifefm.com.br\/noticias\/#organization","name":"R\u00e1dio Life FM","alternateName":"Life FM","url":"https:\/\/radiolifefm.com.br\/noticias\/","logo":{"@type":"ImageObject","inLanguage":"pt-BR","@id":"https:\/\/radiolifefm.com.br\/noticias\/#\/schema\/logo\/image\/","url":"https:\/\/static.radiolifefm.com.br\/noticias\/wp-content\/uploads\/2019\/10\/logo-lifefm.png","contentUrl":"https:\/\/static.radiolifefm.com.br\/noticias\/wp-content\/uploads\/2019\/10\/logo-lifefm.png","width":196,"height":47,"caption":"R\u00e1dio Life FM"},"image":{"@id":"https:\/\/radiolifefm.com.br\/noticias\/#\/schema\/logo\/image\/"},"sameAs":["https:\/\/www.facebook.com\/radiolifefm\/","https:\/\/www.instagram.com\/life1079fm\/"]},{"@type":"Person","@id":"https:\/\/radiolifefm.com.br\/noticias\/#\/schema\/person\/6339b9fac59d12b071dec680d7375d87","name":"ritanery","image":{"@type":"ImageObject","inLanguage":"pt-BR","@id":"https:\/\/secure.gravatar.com\/avatar\/0e37bb19071f47c0b8a23f62a903df117c5a0e75f65a0c2901562f97cd41cf86?s=96&d=mm&r=g","url":"https:\/\/secure.gravatar.com\/avatar\/0e37bb19071f47c0b8a23f62a903df117c5a0e75f65a0c2901562f97cd41cf86?s=96&d=mm&r=g","contentUrl":"https:\/\/secure.gravatar.com\/avatar\/0e37bb19071f47c0b8a23f62a903df117c5a0e75f65a0c2901562f97cd41cf86?s=96&d=mm&r=g","caption":"ritanery"}}]}},"amp_enabled":true,"_links":{"self":[{"href":"https:\/\/radiolifefm.com.br\/noticias\/wp-json\/wp\/v2\/posts\/81380","targetHints":{"allow":["GET"]}}],"collection":[{"href":"https:\/\/radiolifefm.com.br\/noticias\/wp-json\/wp\/v2\/posts"}],"about":[{"href":"https:\/\/radiolifefm.com.br\/noticias\/wp-json\/wp\/v2\/types\/post"}],"author":[{"embeddable":true,"href":"https:\/\/radiolifefm.com.br\/noticias\/wp-json\/wp\/v2\/users\/13"}],"replies":[{"embeddable":true,"href":"https:\/\/radiolifefm.com.br\/noticias\/wp-json\/wp\/v2\/comments?post=81380"}],"version-history":[{"count":1,"href":"https:\/\/radiolifefm.com.br\/noticias\/wp-json\/wp\/v2\/posts\/81380\/revisions"}],"predecessor-version":[{"id":81386,"href":"https:\/\/radiolifefm.com.br\/noticias\/wp-json\/wp\/v2\/posts\/81380\/revisions\/81386"}],"wp:featuredmedia":[{"embeddable":true,"href":"https:\/\/radiolifefm.com.br\/noticias\/wp-json\/wp\/v2\/media\/81381"}],"wp:attachment":[{"href":"https:\/\/radiolifefm.com.br\/noticias\/wp-json\/wp\/v2\/media?parent=81380"}],"wp:term":[{"taxonomy":"category","embeddable":true,"href":"https:\/\/radiolifefm.com.br\/noticias\/wp-json\/wp\/v2\/categories?post=81380"},{"taxonomy":"post_tag","embeddable":true,"href":"https:\/\/radiolifefm.com.br\/noticias\/wp-json\/wp\/v2\/tags?post=81380"}],"curies":[{"name":"wp","href":"https:\/\/api.w.org\/{rel}","templated":true}]}}