{"id":81372,"date":"2024-01-01T10:04:06","date_gmt":"2024-01-01T13:04:06","guid":{"rendered":"https:\/\/radiolifefm.com.br\/noticias\/?p=81372"},"modified":"2025-10-06T13:00:25","modified_gmt":"2025-10-06T16:00:25","slug":"caminhando-pelas-ruas-desta-provincia-do-faz-de-conta-em-2-005-2","status":"publish","type":"post","link":"https:\/\/radiolifefm.com.br\/noticias\/caminhando-pelas-ruas-desta-provincia-do-faz-de-conta-em-2-005-2\/","title":{"rendered":"CAMINHANDO PELAS RUAS DESTA PROV\u00cdNCIA DO FAZ DE CONTA EM 2.005&#8230;"},"content":{"rendered":"<div id=\"fb-root\"><\/div>\n<p>\u201cPra n\u00e3o dizer que n\u00e3o falei das flores&#8230;\u201d (Geraldo Vandr\u00e9)<\/p>\n<p>S\u00e9rgio Barbosa (*)<\/p>\n<p>Outro dia, algu\u00e9m disse alguma coisa sobre andar pelas ruas de uma cidade, assim, os pensamentos v\u00e3o e voltam pela mem\u00f3ria dos anos que passam e ficam apenas as lembran\u00e7as daquele lugar ou daquelas pessoas que um dia fizeram parte desta caminhada terrena&#8230;<br \/>\nAssim, observa-se que as ruas e avenidas desta cidade possuem \u00e1rvores diversas, bem como, outras virtudes escondidas em algum jardim ou pra\u00e7a p\u00fablica, embelezando o local privilegiado e outorgado pelas m\u00e3os do homem e agraciado pela natureza alada do universo dos\/as deuses\/as do Olimpo&#8230;<br \/>\nNeste vai e vem daquelas pessoas fascinadas pela beleza do lugar, bem como, outros que circulam neste para\u00edso terrestre, alguns, deixam transparecer a solidariedade para com o outro lado, possibilitando uma aproxima\u00e7\u00e3o fraternal neste novo tempo novo&#8230;<br \/>\nV\u00e1rios locais se destacam neste cen\u00e1rio multicolorido e agitado pelo vento da regi\u00e3o da Nova Alta Paulista no contexto plural da p\u00f3s-globaliza\u00e7\u00e3o para os simples mortais de uma cidade localizada na regi\u00e3o oeste do estado paulista&#8230;<br \/>\nAndando pelas ruas desta cidade, se pode encontrar muitas alternativas mais do que interessantes para alguns, para a maioria, nem tanto, por\u00e9m, registra-se aqui o olhar de um articulista solit\u00e1rio e solid\u00e1rio para com a simplicidade deste encontro agendado pelos desencontros da vida&#8230;<br \/>\nQuem nunca entrou no Kero Kero Pastel??? Um local acess\u00edvel e de bem com a vida, claro, neste caso, para os adolescentes e jovens, mas, um espa\u00e7o acolhedor e que possui algumas caracter\u00edsticas distintas dos demais, a saber: um tim\u00e3o de torcedores do porco, tamb\u00e9m, um atendimento prestativo e vip para os clientes sob o comando do sorridente Carl\u00e3o e sua equipe de apoio&#8230;<br \/>\nQue tal o Posto do \u201cZeca\u201d, um encontro fraternal com os clientes sempre com assessoria profissional daquele que sabe das coisas, ou seja, o \u201cZeca do Posto\u201d, que teima em querer fortalecer o lugar como \u201cPosto Progresso\u201d, mas, sem sucesso junto aos clientes e mercado local, bem como, regional, haja vista a presen\u00e7a do propriet\u00e1rio no circuito empresarial&#8230;<br \/>\nNas sextas-feiras, depois das aulas, nada melhor do que um encontro na Chopperia Trianda com amigos e amigas, raros, diga-se de passagem, por\u00e9m, vale a pena parar neste local para uns bebes e algumas por\u00e7\u00f5es que d\u00e3o aquele toque especial neste encontro por meio do desencontro&#8230;<br \/>\nAh! Aos domingos, sem muitas op\u00e7\u00f5es para sair de casa para um almo\u00e7o familiar, nada melhor do que o \u201cmarmitex\u201d do Restaurante do \u201cBeto\u201d, tamb\u00e9m, conhecido e registrado como Pir\u00e2mide&#8230;<br \/>\nAos s\u00e1bados, um tradicional encontro na base do revezamento para n\u00e3o dar problemas para os dois lados, um jantar com estilo no Restaurante Ip\u00ea sob a batuta do sempre atencioso \u201cEdinho e equipe\u201d, claro, sempre que poss\u00edvel, um vinho com safra especial e sugest\u00e3o da casa, boa m\u00fasica \u201cao vivo\u201d no fundo para um encontro mais do que agrad\u00e1vel nos finais de semana na cidade J\u00f3ia&#8230;<br \/>\nNo Restaurante Cartola, al\u00e9m do encontro semanal por meio do famigerado \u201calmo\u00e7o\u201d, o sempre atencioso \u201cJ\u00falio\u201d e seu time de funcion\u00e1rios deixam qualquer cliente em clima de festa, ainda mais neste caso, aqui, pelo menos, o dono \u00e9 corintiano, tamb\u00e9m, deve-se ter cuidado, tem \u201cbambi\u201d na \u00e1rea&#8230;<br \/>\nSemanalmente, \u00e9 necess\u00e1rio abastecer a casa com isto e mais aquilo, assim, nada melhor do que ter um Supermercado pr\u00f3ximo da resid\u00eancia para garantir o apoio em alimenta\u00e7\u00e3o e outros condimentos necess\u00e1rios para o \u201csaber viver\u201d, aqui, destaque para o Supermercado RAVAZZI, com um time de funcion\u00e1rios e funcion\u00e1rios na linha do atendimento prestativo e educado aos clientes&#8230;<br \/>\nQuando se fala em \u201cvinho e frios\u201d, tem que ser no VERDUR\u00c3O, hoje, EMP\u00d3RIO DE VINHOS E QUEIJOS, pr\u00f3ximo ao campus I da FAI, dizem que, \u201cquem vende, sabe das coisas\u201d, portanto, a propriet\u00e1ria deste estabelecimento, \u201cJ\u00f4 com assessoria da Rosa\u201d, oferece uma presta\u00e7\u00e3o de servi\u00e7o al\u00e9m do simples atendimento, indicando ao cliente as melhores op\u00e7\u00f5es, bem como, os pre\u00e7os mais acess\u00edveis ao bolso do\/a cliente&#8230;<br \/>\nDe vez em quando, tomar um sorvete \u00e9 mais do que necess\u00e1rio, tendo em vista o clima quente da cidade e regi\u00e3o, neste caso, uma parada obrigat\u00f3ria na CHERRY SORVETES da fam\u00edlia do \u201cFabi\u00e3o\u201d, atendimento vip para a turma apaixonada pelo tradicional sorvete em dias quentes para uma descontra\u00e7\u00e3o a mais nas tardes e noites adamantinenses&#8230;<br \/>\nNa presta\u00e7\u00e3o de outros servi\u00e7os, por exemplo, o atendimento personalizado da Tropical Foto Color e seus propriet\u00e1rios, neste caso, destaque especial para \u201cJorge\u201d e o atencioso funcion\u00e1rio \u201cGabriel\u201d, exemplo na cortesia e rapidez na entrega do servi\u00e7o solicitado&#8230;<br \/>\nNa \u00e1rea musical, visitar a Power Sound e ser atendido pelo \u201cF\u00e1bio\u201d, deixa qualquer fan\u00e1tico pelo Rock and Roll de frente com as melhores ofertas e lan\u00e7amentos musicais, bem como, estar em conex\u00e3o com os cl\u00e1ssicos do outro tempo&#8230;<br \/>\nPresentes para isto e mais aquilo, Micro Flor como ponte entre o desejo e o ser desejado, neste caso, dispensa-se comentar a vis\u00e3o do empreendedor \u201cHaddad\u201d frente aos desafios empresariais e o mercado local&#8230;<br \/>\nE a Banca do \u201cCarlitos\u201d, local de encontro semanal para muitas pessoas em busca desta ou daquela publica\u00e7\u00e3o, al\u00e9m de material diversificado pelas v\u00e1rias ofertas dos produtos disponibilizados da melhor forma poss\u00edvel nas estantes&#8230;<br \/>\nEstava deixando de lado, pra n\u00e3o dizer que n\u00e3o falei das flores, faz-se necess\u00e1rio um registro sobre os \u201cIp\u00eas\u201d localizados nas ruas da cidade num desabrochamento das flores amarelas, roxas, rosas e brancas, destoando da mesmice de sempre e estampando vitalidade pela beleza da natureza, proporcionando um encontro al\u00e9m da nossa imagina\u00e7\u00e3o&#8230;<br \/>\nAve Adamantina!<br \/>\n_________________________________________<br \/>\n(*) Natural da Prov\u00edncia de Ourinhos, SP, Capital da M\u00e9dia Sorocabana e residente na cidade de Adamantina (desde 1999).<\/p>\n","protected":false},"excerpt":{"rendered":"<p>\u201cPra n\u00e3o dizer que n\u00e3o falei das flores&#8230;\u201d (Geraldo Vandr\u00e9) S\u00e9rgio Barbosa (*) Outro dia, algu\u00e9m disse alguma coisa sobre andar pelas ruas de uma cidade, assim, os pensamentos v\u00e3o e voltam pela mem\u00f3ria dos anos que passam e ficam apenas as lembran\u00e7as daquele lugar ou daquelas pessoas que um dia fizeram parte desta caminhada [&hellip;]<\/p>\n","protected":false},"author":13,"featured_media":51988,"comment_status":"closed","ping_status":"open","sticky":false,"template":"","format":"standard","meta":{"_acf_changed":false,"_exactmetrics_skip_tracking":false,"_exactmetrics_sitenote_active":false,"_exactmetrics_sitenote_note":"","_exactmetrics_sitenote_category":0,"footnotes":""},"categories":[59],"tags":[],"class_list":["post-81372","post","type-post","status-publish","format-standard","has-post-thumbnail","hentry","category-opiniao"],"acf":[],"yoast_head":"<!-- This site is optimized with the Yoast SEO plugin v27.2 - https:\/\/yoast.com\/product\/yoast-seo-wordpress\/ -->\n<title>CAMINHANDO PELAS RUAS DESTA PROV\u00cdNCIA DO FAZ DE CONTA EM 2.005... - R\u00e1dio Life FM<\/title>\n<meta name=\"robots\" content=\"index, follow, max-snippet:-1, max-image-preview:large, max-video-preview:-1\" \/>\n<link rel=\"canonical\" href=\"https:\/\/radiolifefm.com.br\/noticias\/caminhando-pelas-ruas-desta-provincia-do-faz-de-conta-em-2-005-2\/\" \/>\n<meta property=\"og:locale\" content=\"pt_BR\" \/>\n<meta property=\"og:type\" content=\"article\" \/>\n<meta property=\"og:title\" content=\"CAMINHANDO PELAS RUAS DESTA PROV\u00cdNCIA DO FAZ DE CONTA EM 2.005... - R\u00e1dio Life FM\" \/>\n<meta property=\"og:description\" content=\"\u201cPra n\u00e3o dizer que n\u00e3o falei das flores&#8230;\u201d (Geraldo Vandr\u00e9) S\u00e9rgio Barbosa (*) Outro dia, algu\u00e9m disse alguma coisa sobre andar pelas ruas de uma cidade, assim, os pensamentos v\u00e3o e voltam pela mem\u00f3ria dos anos que passam e ficam apenas as lembran\u00e7as daquele lugar ou daquelas pessoas que um dia fizeram parte desta caminhada [&hellip;]\" \/>\n<meta property=\"og:url\" content=\"https:\/\/radiolifefm.com.br\/noticias\/caminhando-pelas-ruas-desta-provincia-do-faz-de-conta-em-2-005-2\/\" \/>\n<meta property=\"og:site_name\" content=\"R\u00e1dio Life FM\" \/>\n<meta property=\"article:publisher\" content=\"https:\/\/www.facebook.com\/radiolifefm\/\" \/>\n<meta property=\"article:published_time\" content=\"2024-01-01T13:04:06+00:00\" \/>\n<meta property=\"article:modified_time\" content=\"2025-10-06T16:00:25+00:00\" \/>\n<meta property=\"og:image\" content=\"https:\/\/static.radiolifefm.com.br\/noticias\/wp-content\/uploads\/2022\/04\/WhatsApp-Image-2022-04-10-at-18.43.02.jpeg\" \/>\n\t<meta property=\"og:image:width\" content=\"972\" \/>\n\t<meta property=\"og:image:height\" content=\"1296\" \/>\n\t<meta property=\"og:image:type\" content=\"image\/jpeg\" \/>\n<meta name=\"author\" content=\"ritanery\" \/>\n<meta name=\"twitter:card\" content=\"summary_large_image\" \/>\n<meta name=\"twitter:label1\" content=\"Escrito por\" \/>\n\t<meta name=\"twitter:data1\" content=\"ritanery\" \/>\n\t<meta name=\"twitter:label2\" content=\"Est. tempo de leitura\" \/>\n\t<meta name=\"twitter:data2\" content=\"6 minutos\" \/>\n<script type=\"application\/ld+json\" class=\"yoast-schema-graph\">{\"@context\":\"https:\/\/schema.org\",\"@graph\":[{\"@type\":\"Article\",\"@id\":\"https:\/\/radiolifefm.com.br\/noticias\/caminhando-pelas-ruas-desta-provincia-do-faz-de-conta-em-2-005-2\/#article\",\"isPartOf\":{\"@id\":\"https:\/\/radiolifefm.com.br\/noticias\/caminhando-pelas-ruas-desta-provincia-do-faz-de-conta-em-2-005-2\/\"},\"author\":{\"name\":\"ritanery\",\"@id\":\"https:\/\/radiolifefm.com.br\/noticias\/#\/schema\/person\/6339b9fac59d12b071dec680d7375d87\"},\"headline\":\"CAMINHANDO PELAS RUAS DESTA PROV\u00cdNCIA DO FAZ DE CONTA EM 2.005&#8230;\",\"datePublished\":\"2024-01-01T13:04:06+00:00\",\"dateModified\":\"2025-10-06T16:00:25+00:00\",\"mainEntityOfPage\":{\"@id\":\"https:\/\/radiolifefm.com.br\/noticias\/caminhando-pelas-ruas-desta-provincia-do-faz-de-conta-em-2-005-2\/\"},\"wordCount\":1027,\"publisher\":{\"@id\":\"https:\/\/radiolifefm.com.br\/noticias\/#organization\"},\"image\":{\"@id\":\"https:\/\/radiolifefm.com.br\/noticias\/caminhando-pelas-ruas-desta-provincia-do-faz-de-conta-em-2-005-2\/#primaryimage\"},\"thumbnailUrl\":\"https:\/\/radiolifefm.com.br\/noticias\/wp-content\/uploads\/2022\/04\/WhatsApp-Image-2022-04-10-at-18.43.02.jpeg\",\"articleSection\":[\"Opini\u00e3o\"],\"inLanguage\":\"pt-BR\"},{\"@type\":\"WebPage\",\"@id\":\"https:\/\/radiolifefm.com.br\/noticias\/caminhando-pelas-ruas-desta-provincia-do-faz-de-conta-em-2-005-2\/\",\"url\":\"https:\/\/radiolifefm.com.br\/noticias\/caminhando-pelas-ruas-desta-provincia-do-faz-de-conta-em-2-005-2\/\",\"name\":\"CAMINHANDO PELAS RUAS DESTA PROV\u00cdNCIA DO FAZ DE CONTA EM 2.005... - R\u00e1dio Life FM\",\"isPartOf\":{\"@id\":\"https:\/\/radiolifefm.com.br\/noticias\/#website\"},\"primaryImageOfPage\":{\"@id\":\"https:\/\/radiolifefm.com.br\/noticias\/caminhando-pelas-ruas-desta-provincia-do-faz-de-conta-em-2-005-2\/#primaryimage\"},\"image\":{\"@id\":\"https:\/\/radiolifefm.com.br\/noticias\/caminhando-pelas-ruas-desta-provincia-do-faz-de-conta-em-2-005-2\/#primaryimage\"},\"thumbnailUrl\":\"https:\/\/radiolifefm.com.br\/noticias\/wp-content\/uploads\/2022\/04\/WhatsApp-Image-2022-04-10-at-18.43.02.jpeg\",\"datePublished\":\"2024-01-01T13:04:06+00:00\",\"dateModified\":\"2025-10-06T16:00:25+00:00\",\"breadcrumb\":{\"@id\":\"https:\/\/radiolifefm.com.br\/noticias\/caminhando-pelas-ruas-desta-provincia-do-faz-de-conta-em-2-005-2\/#breadcrumb\"},\"inLanguage\":\"pt-BR\",\"potentialAction\":[{\"@type\":\"ReadAction\",\"target\":[\"https:\/\/radiolifefm.com.br\/noticias\/caminhando-pelas-ruas-desta-provincia-do-faz-de-conta-em-2-005-2\/\"]}]},{\"@type\":\"ImageObject\",\"inLanguage\":\"pt-BR\",\"@id\":\"https:\/\/radiolifefm.com.br\/noticias\/caminhando-pelas-ruas-desta-provincia-do-faz-de-conta-em-2-005-2\/#primaryimage\",\"url\":\"https:\/\/radiolifefm.com.br\/noticias\/wp-content\/uploads\/2022\/04\/WhatsApp-Image-2022-04-10-at-18.43.02.jpeg\",\"contentUrl\":\"https:\/\/radiolifefm.com.br\/noticias\/wp-content\/uploads\/2022\/04\/WhatsApp-Image-2022-04-10-at-18.43.02.jpeg\",\"width\":972,\"height\":1296,\"caption\":\"S\u00e9rgio Barbosa\"},{\"@type\":\"BreadcrumbList\",\"@id\":\"https:\/\/radiolifefm.com.br\/noticias\/caminhando-pelas-ruas-desta-provincia-do-faz-de-conta-em-2-005-2\/#breadcrumb\",\"itemListElement\":[{\"@type\":\"ListItem\",\"position\":1,\"name\":\"In\u00edcio\",\"item\":\"https:\/\/radiolifefm.com.br\/noticias\/\"},{\"@type\":\"ListItem\",\"position\":2,\"name\":\"CAMINHANDO PELAS RUAS DESTA PROV\u00cdNCIA DO FAZ DE CONTA EM 2.005&#8230;\"}]},{\"@type\":\"WebSite\",\"@id\":\"https:\/\/radiolifefm.com.br\/noticias\/#website\",\"url\":\"https:\/\/radiolifefm.com.br\/noticias\/\",\"name\":\"R\u00e1dio Life FM\",\"description\":\"O Portal de Not\u00edcias de Adamantina\",\"publisher\":{\"@id\":\"https:\/\/radiolifefm.com.br\/noticias\/#organization\"},\"alternateName\":\"Life FM\",\"potentialAction\":[{\"@type\":\"SearchAction\",\"target\":{\"@type\":\"EntryPoint\",\"urlTemplate\":\"https:\/\/radiolifefm.com.br\/noticias\/?s={search_term_string}\"},\"query-input\":{\"@type\":\"PropertyValueSpecification\",\"valueRequired\":true,\"valueName\":\"search_term_string\"}}],\"inLanguage\":\"pt-BR\"},{\"@type\":\"Organization\",\"@id\":\"https:\/\/radiolifefm.com.br\/noticias\/#organization\",\"name\":\"R\u00e1dio Life FM\",\"alternateName\":\"Life FM\",\"url\":\"https:\/\/radiolifefm.com.br\/noticias\/\",\"logo\":{\"@type\":\"ImageObject\",\"inLanguage\":\"pt-BR\",\"@id\":\"https:\/\/radiolifefm.com.br\/noticias\/#\/schema\/logo\/image\/\",\"url\":\"https:\/\/static.radiolifefm.com.br\/noticias\/wp-content\/uploads\/2019\/10\/logo-lifefm.png\",\"contentUrl\":\"https:\/\/static.radiolifefm.com.br\/noticias\/wp-content\/uploads\/2019\/10\/logo-lifefm.png\",\"width\":196,\"height\":47,\"caption\":\"R\u00e1dio Life FM\"},\"image\":{\"@id\":\"https:\/\/radiolifefm.com.br\/noticias\/#\/schema\/logo\/image\/\"},\"sameAs\":[\"https:\/\/www.facebook.com\/radiolifefm\/\",\"https:\/\/www.instagram.com\/life1079fm\/\"]},{\"@type\":\"Person\",\"@id\":\"https:\/\/radiolifefm.com.br\/noticias\/#\/schema\/person\/6339b9fac59d12b071dec680d7375d87\",\"name\":\"ritanery\",\"image\":{\"@type\":\"ImageObject\",\"inLanguage\":\"pt-BR\",\"@id\":\"https:\/\/secure.gravatar.com\/avatar\/0e37bb19071f47c0b8a23f62a903df117c5a0e75f65a0c2901562f97cd41cf86?s=96&d=mm&r=g\",\"url\":\"https:\/\/secure.gravatar.com\/avatar\/0e37bb19071f47c0b8a23f62a903df117c5a0e75f65a0c2901562f97cd41cf86?s=96&d=mm&r=g\",\"contentUrl\":\"https:\/\/secure.gravatar.com\/avatar\/0e37bb19071f47c0b8a23f62a903df117c5a0e75f65a0c2901562f97cd41cf86?s=96&d=mm&r=g\",\"caption\":\"ritanery\"}}]}<\/script>\n<!-- \/ Yoast SEO plugin. -->","yoast_head_json":{"title":"CAMINHANDO PELAS RUAS DESTA PROV\u00cdNCIA DO FAZ DE CONTA EM 2.005... - R\u00e1dio Life FM","robots":{"index":"index","follow":"follow","max-snippet":"max-snippet:-1","max-image-preview":"max-image-preview:large","max-video-preview":"max-video-preview:-1"},"canonical":"https:\/\/radiolifefm.com.br\/noticias\/caminhando-pelas-ruas-desta-provincia-do-faz-de-conta-em-2-005-2\/","og_locale":"pt_BR","og_type":"article","og_title":"CAMINHANDO PELAS RUAS DESTA PROV\u00cdNCIA DO FAZ DE CONTA EM 2.005... - R\u00e1dio Life FM","og_description":"\u201cPra n\u00e3o dizer que n\u00e3o falei das flores&#8230;\u201d (Geraldo Vandr\u00e9) S\u00e9rgio Barbosa (*) Outro dia, algu\u00e9m disse alguma coisa sobre andar pelas ruas de uma cidade, assim, os pensamentos v\u00e3o e voltam pela mem\u00f3ria dos anos que passam e ficam apenas as lembran\u00e7as daquele lugar ou daquelas pessoas que um dia fizeram parte desta caminhada [&hellip;]","og_url":"https:\/\/radiolifefm.com.br\/noticias\/caminhando-pelas-ruas-desta-provincia-do-faz-de-conta-em-2-005-2\/","og_site_name":"R\u00e1dio Life FM","article_publisher":"https:\/\/www.facebook.com\/radiolifefm\/","article_published_time":"2024-01-01T13:04:06+00:00","article_modified_time":"2025-10-06T16:00:25+00:00","og_image":[{"width":972,"height":1296,"url":"https:\/\/static.radiolifefm.com.br\/noticias\/wp-content\/uploads\/2022\/04\/WhatsApp-Image-2022-04-10-at-18.43.02.jpeg","type":"image\/jpeg"}],"author":"ritanery","twitter_card":"summary_large_image","twitter_misc":{"Escrito por":"ritanery","Est. tempo de leitura":"6 minutos"},"schema":{"@context":"https:\/\/schema.org","@graph":[{"@type":"Article","@id":"https:\/\/radiolifefm.com.br\/noticias\/caminhando-pelas-ruas-desta-provincia-do-faz-de-conta-em-2-005-2\/#article","isPartOf":{"@id":"https:\/\/radiolifefm.com.br\/noticias\/caminhando-pelas-ruas-desta-provincia-do-faz-de-conta-em-2-005-2\/"},"author":{"name":"ritanery","@id":"https:\/\/radiolifefm.com.br\/noticias\/#\/schema\/person\/6339b9fac59d12b071dec680d7375d87"},"headline":"CAMINHANDO PELAS RUAS DESTA PROV\u00cdNCIA DO FAZ DE CONTA EM 2.005&#8230;","datePublished":"2024-01-01T13:04:06+00:00","dateModified":"2025-10-06T16:00:25+00:00","mainEntityOfPage":{"@id":"https:\/\/radiolifefm.com.br\/noticias\/caminhando-pelas-ruas-desta-provincia-do-faz-de-conta-em-2-005-2\/"},"wordCount":1027,"publisher":{"@id":"https:\/\/radiolifefm.com.br\/noticias\/#organization"},"image":{"@id":"https:\/\/radiolifefm.com.br\/noticias\/caminhando-pelas-ruas-desta-provincia-do-faz-de-conta-em-2-005-2\/#primaryimage"},"thumbnailUrl":"https:\/\/radiolifefm.com.br\/noticias\/wp-content\/uploads\/2022\/04\/WhatsApp-Image-2022-04-10-at-18.43.02.jpeg","articleSection":["Opini\u00e3o"],"inLanguage":"pt-BR"},{"@type":"WebPage","@id":"https:\/\/radiolifefm.com.br\/noticias\/caminhando-pelas-ruas-desta-provincia-do-faz-de-conta-em-2-005-2\/","url":"https:\/\/radiolifefm.com.br\/noticias\/caminhando-pelas-ruas-desta-provincia-do-faz-de-conta-em-2-005-2\/","name":"CAMINHANDO PELAS RUAS DESTA PROV\u00cdNCIA DO FAZ DE CONTA EM 2.005... - R\u00e1dio Life FM","isPartOf":{"@id":"https:\/\/radiolifefm.com.br\/noticias\/#website"},"primaryImageOfPage":{"@id":"https:\/\/radiolifefm.com.br\/noticias\/caminhando-pelas-ruas-desta-provincia-do-faz-de-conta-em-2-005-2\/#primaryimage"},"image":{"@id":"https:\/\/radiolifefm.com.br\/noticias\/caminhando-pelas-ruas-desta-provincia-do-faz-de-conta-em-2-005-2\/#primaryimage"},"thumbnailUrl":"https:\/\/radiolifefm.com.br\/noticias\/wp-content\/uploads\/2022\/04\/WhatsApp-Image-2022-04-10-at-18.43.02.jpeg","datePublished":"2024-01-01T13:04:06+00:00","dateModified":"2025-10-06T16:00:25+00:00","breadcrumb":{"@id":"https:\/\/radiolifefm.com.br\/noticias\/caminhando-pelas-ruas-desta-provincia-do-faz-de-conta-em-2-005-2\/#breadcrumb"},"inLanguage":"pt-BR","potentialAction":[{"@type":"ReadAction","target":["https:\/\/radiolifefm.com.br\/noticias\/caminhando-pelas-ruas-desta-provincia-do-faz-de-conta-em-2-005-2\/"]}]},{"@type":"ImageObject","inLanguage":"pt-BR","@id":"https:\/\/radiolifefm.com.br\/noticias\/caminhando-pelas-ruas-desta-provincia-do-faz-de-conta-em-2-005-2\/#primaryimage","url":"https:\/\/radiolifefm.com.br\/noticias\/wp-content\/uploads\/2022\/04\/WhatsApp-Image-2022-04-10-at-18.43.02.jpeg","contentUrl":"https:\/\/radiolifefm.com.br\/noticias\/wp-content\/uploads\/2022\/04\/WhatsApp-Image-2022-04-10-at-18.43.02.jpeg","width":972,"height":1296,"caption":"S\u00e9rgio Barbosa"},{"@type":"BreadcrumbList","@id":"https:\/\/radiolifefm.com.br\/noticias\/caminhando-pelas-ruas-desta-provincia-do-faz-de-conta-em-2-005-2\/#breadcrumb","itemListElement":[{"@type":"ListItem","position":1,"name":"In\u00edcio","item":"https:\/\/radiolifefm.com.br\/noticias\/"},{"@type":"ListItem","position":2,"name":"CAMINHANDO PELAS RUAS DESTA PROV\u00cdNCIA DO FAZ DE CONTA EM 2.005&#8230;"}]},{"@type":"WebSite","@id":"https:\/\/radiolifefm.com.br\/noticias\/#website","url":"https:\/\/radiolifefm.com.br\/noticias\/","name":"R\u00e1dio Life FM","description":"O Portal de Not\u00edcias de Adamantina","publisher":{"@id":"https:\/\/radiolifefm.com.br\/noticias\/#organization"},"alternateName":"Life FM","potentialAction":[{"@type":"SearchAction","target":{"@type":"EntryPoint","urlTemplate":"https:\/\/radiolifefm.com.br\/noticias\/?s={search_term_string}"},"query-input":{"@type":"PropertyValueSpecification","valueRequired":true,"valueName":"search_term_string"}}],"inLanguage":"pt-BR"},{"@type":"Organization","@id":"https:\/\/radiolifefm.com.br\/noticias\/#organization","name":"R\u00e1dio Life FM","alternateName":"Life FM","url":"https:\/\/radiolifefm.com.br\/noticias\/","logo":{"@type":"ImageObject","inLanguage":"pt-BR","@id":"https:\/\/radiolifefm.com.br\/noticias\/#\/schema\/logo\/image\/","url":"https:\/\/static.radiolifefm.com.br\/noticias\/wp-content\/uploads\/2019\/10\/logo-lifefm.png","contentUrl":"https:\/\/static.radiolifefm.com.br\/noticias\/wp-content\/uploads\/2019\/10\/logo-lifefm.png","width":196,"height":47,"caption":"R\u00e1dio Life FM"},"image":{"@id":"https:\/\/radiolifefm.com.br\/noticias\/#\/schema\/logo\/image\/"},"sameAs":["https:\/\/www.facebook.com\/radiolifefm\/","https:\/\/www.instagram.com\/life1079fm\/"]},{"@type":"Person","@id":"https:\/\/radiolifefm.com.br\/noticias\/#\/schema\/person\/6339b9fac59d12b071dec680d7375d87","name":"ritanery","image":{"@type":"ImageObject","inLanguage":"pt-BR","@id":"https:\/\/secure.gravatar.com\/avatar\/0e37bb19071f47c0b8a23f62a903df117c5a0e75f65a0c2901562f97cd41cf86?s=96&d=mm&r=g","url":"https:\/\/secure.gravatar.com\/avatar\/0e37bb19071f47c0b8a23f62a903df117c5a0e75f65a0c2901562f97cd41cf86?s=96&d=mm&r=g","contentUrl":"https:\/\/secure.gravatar.com\/avatar\/0e37bb19071f47c0b8a23f62a903df117c5a0e75f65a0c2901562f97cd41cf86?s=96&d=mm&r=g","caption":"ritanery"}}]}},"amp_enabled":true,"_links":{"self":[{"href":"https:\/\/radiolifefm.com.br\/noticias\/wp-json\/wp\/v2\/posts\/81372","targetHints":{"allow":["GET"]}}],"collection":[{"href":"https:\/\/radiolifefm.com.br\/noticias\/wp-json\/wp\/v2\/posts"}],"about":[{"href":"https:\/\/radiolifefm.com.br\/noticias\/wp-json\/wp\/v2\/types\/post"}],"author":[{"embeddable":true,"href":"https:\/\/radiolifefm.com.br\/noticias\/wp-json\/wp\/v2\/users\/13"}],"replies":[{"embeddable":true,"href":"https:\/\/radiolifefm.com.br\/noticias\/wp-json\/wp\/v2\/comments?post=81372"}],"version-history":[{"count":1,"href":"https:\/\/radiolifefm.com.br\/noticias\/wp-json\/wp\/v2\/posts\/81372\/revisions"}],"predecessor-version":[{"id":81373,"href":"https:\/\/radiolifefm.com.br\/noticias\/wp-json\/wp\/v2\/posts\/81372\/revisions\/81373"}],"wp:featuredmedia":[{"embeddable":true,"href":"https:\/\/radiolifefm.com.br\/noticias\/wp-json\/wp\/v2\/media\/51988"}],"wp:attachment":[{"href":"https:\/\/radiolifefm.com.br\/noticias\/wp-json\/wp\/v2\/media?parent=81372"}],"wp:term":[{"taxonomy":"category","embeddable":true,"href":"https:\/\/radiolifefm.com.br\/noticias\/wp-json\/wp\/v2\/categories?post=81372"},{"taxonomy":"post_tag","embeddable":true,"href":"https:\/\/radiolifefm.com.br\/noticias\/wp-json\/wp\/v2\/tags?post=81372"}],"curies":[{"name":"wp","href":"https:\/\/api.w.org\/{rel}","templated":true}]}}