{"id":81284,"date":"2023-12-29T08:31:09","date_gmt":"2023-12-29T11:31:09","guid":{"rendered":"https:\/\/radiolifefm.com.br\/noticias\/?p=81284"},"modified":"2025-11-17T17:42:29","modified_gmt":"2025-11-17T20:42:29","slug":"final-de-ano-nesta-provincia-do-faz-de-conta-2","status":"publish","type":"post","link":"https:\/\/radiolifefm.com.br\/noticias\/final-de-ano-nesta-provincia-do-faz-de-conta-2\/","title":{"rendered":"Final de ANO nesta PROV\u00cdNCIA DO FAZ DE CONTA&#8230;"},"content":{"rendered":"<div id=\"fb-root\"><\/div>\n<p><strong><em>\u00a0\u201c\u00c9 a pr\u00f3pria mente de um homem, e n\u00e3o seu inimigo ou advers\u00e1rio, que o seduz para caminhos mal\u00e9ficos.\u201d (<\/em><\/strong><a href=\"https:\/\/www.pensador.com\/autor\/buda\/\"><strong><em>Buda<\/em><\/strong><\/a><strong><em>)<\/em><\/strong><\/p>\n<p><strong>\u00a0<\/strong><\/p>\n<p><strong>By seb@r.<\/strong><\/p>\n<p>Na semana passada, o tal GESTOR P\u00daBLICO concedeu uma ENTREVISTA para a m\u00eddia local, todavia, como sempre, apenas o DITO CUJO fala e responde ao mesmo tempo, haja vista que o mesmo continua mais PIN\u00d3QUIO do que nunca&#8230;<\/p>\n<p>Pra variar, se colocou acima de TUDO e de TODOS\/AS, por\u00e9m, se esquece do outro TEMPO DO TEMPO e assim por diante, por\u00e9m, NADA COMO UM DIA DEPOIS DO OUTRO neste cen\u00e1rio mais do que PROVINCIANO&#8230;<\/p>\n<p>Na realidade, n\u00e3o se pode esperar muito deste PIN\u00d3QUIO PROVINCIANO que est\u00e1 no pseudo PODER local, entretanto, TODO CUIDADO \u00c9 POUCO daqui pra frente, al\u00e9m do mais em meio ao tudo de menos, QUANDO O INIMIGO \u00c9 COMUM, os demais ININIGOS SE JUNTAM e a PIZZA est\u00e1 mais do que finalizada&#8230;<\/p>\n<p>Tamb\u00e9m, pelas IDAS e VINDAS deste e do outro LADO de um mesmo LADO, o DITO CUJO n\u00e3o conseguiu emplacar o seu FILHOTE e deu no que deu, assim, muitas CONVERSAS por meio das ETERNAS TROCAS NADA SIMB\u00d3LICAS devem, ainda, acontecer por debaixo deste ou daquele TAPETE em algum LOCAL, se poss\u00edvel, sem GPS&#8230;<\/p>\n<p>Em meio as LUZES NATALINAS que est\u00e3o nas ruas e avenidas PROVINCIANAS, pode ser o que nunca aconteceu nos anos passados quanto ao QUINTO ANDAR, mesmo assim, existem sempre alguns NOMES que podem fazer a diferen\u00e7a quanto ao PODER INSTITUCIONALIZADO nesta PROV\u00cdNCIA DO FAZ DE CONTA&#8230;<\/p>\n<p>N\u00e3o se pode deixar de lado aquela TURMA, ou melhor, CAMBADA DE ALOPRADOS\/AS das MENTES MED\u00cdOCRES, tendo em vista que os\/as mesmos\/as continuam circulando e repassando muitas DESINFORMA\u00c7\u00d5ES por meio das REDES SOCIAIS&#8230;<\/p>\n<p>Espera-se que o BOM SENSO possa se fazer presente neste final de mais um ANO para um NOVO ANO NOVO, por\u00e9m, considerando que existe sempre aquela MINORIA que determina isto ou daquilo para a MAIORIA dos\/as PROVINCIANOS\/AS; fica sempre a m\u00e1xima de sempre, ou seja, TODO CUIDADO \u00c9 POUCO, bem como, SE VOC\u00ca PENSA QUE T\u00c1 RUIM, PODE PIORAR&#8230;<\/p>\n<p>Mas, as ESCOLHAS determinam para que lado estes DESENCONTROS estar\u00e3o conduzindo as denominadas MENTES MED\u00cdOCRES PROVINCIANAS&#8230;<\/p>\n<p>Ainda, PERDERAM MAN\u00c9S!<\/p>\n<p>QUEM SOBREVIVER VAI SABER&#8230;<\/p>\n","protected":false},"excerpt":{"rendered":"<p>\u00a0\u201c\u00c9 a pr\u00f3pria mente de um homem, e n\u00e3o seu inimigo ou advers\u00e1rio, que o seduz para caminhos mal\u00e9ficos.\u201d (Buda) \u00a0 By seb@r. Na semana passada, o tal GESTOR P\u00daBLICO concedeu uma ENTREVISTA para a m\u00eddia local, todavia, como sempre, apenas o DITO CUJO fala e responde ao mesmo tempo, haja vista que o mesmo [&hellip;]<\/p>\n","protected":false},"author":13,"featured_media":51988,"comment_status":"closed","ping_status":"open","sticky":false,"template":"","format":"standard","meta":{"_acf_changed":false,"_exactmetrics_skip_tracking":false,"_exactmetrics_sitenote_active":false,"_exactmetrics_sitenote_note":"","_exactmetrics_sitenote_category":0,"footnotes":""},"categories":[59],"tags":[],"class_list":["post-81284","post","type-post","status-publish","format-standard","has-post-thumbnail","hentry","category-opiniao"],"acf":[],"yoast_head":"<!-- This site is optimized with the Yoast SEO plugin v27.2 - https:\/\/yoast.com\/product\/yoast-seo-wordpress\/ -->\n<title>Final de ANO nesta PROV\u00cdNCIA DO FAZ DE CONTA... - R\u00e1dio Life FM<\/title>\n<meta name=\"robots\" content=\"index, follow, max-snippet:-1, max-image-preview:large, max-video-preview:-1\" \/>\n<link rel=\"canonical\" href=\"https:\/\/radiolifefm.com.br\/noticias\/final-de-ano-nesta-provincia-do-faz-de-conta-2\/\" \/>\n<meta property=\"og:locale\" content=\"pt_BR\" \/>\n<meta property=\"og:type\" content=\"article\" \/>\n<meta property=\"og:title\" content=\"Final de ANO nesta PROV\u00cdNCIA DO FAZ DE CONTA... - R\u00e1dio Life FM\" \/>\n<meta property=\"og:description\" content=\"\u00a0\u201c\u00c9 a pr\u00f3pria mente de um homem, e n\u00e3o seu inimigo ou advers\u00e1rio, que o seduz para caminhos mal\u00e9ficos.\u201d (Buda) \u00a0 By seb@r. Na semana passada, o tal GESTOR P\u00daBLICO concedeu uma ENTREVISTA para a m\u00eddia local, todavia, como sempre, apenas o DITO CUJO fala e responde ao mesmo tempo, haja vista que o mesmo [&hellip;]\" \/>\n<meta property=\"og:url\" content=\"https:\/\/radiolifefm.com.br\/noticias\/final-de-ano-nesta-provincia-do-faz-de-conta-2\/\" \/>\n<meta property=\"og:site_name\" content=\"R\u00e1dio Life FM\" \/>\n<meta property=\"article:publisher\" content=\"https:\/\/www.facebook.com\/radiolifefm\/\" \/>\n<meta property=\"article:published_time\" content=\"2023-12-29T11:31:09+00:00\" \/>\n<meta property=\"article:modified_time\" content=\"2025-11-17T20:42:29+00:00\" \/>\n<meta property=\"og:image\" content=\"https:\/\/static.radiolifefm.com.br\/noticias\/wp-content\/uploads\/2022\/04\/WhatsApp-Image-2022-04-10-at-18.43.02.jpeg\" \/>\n\t<meta property=\"og:image:width\" content=\"972\" \/>\n\t<meta property=\"og:image:height\" content=\"1296\" \/>\n\t<meta property=\"og:image:type\" content=\"image\/jpeg\" \/>\n<meta name=\"author\" content=\"ritanery\" \/>\n<meta name=\"twitter:card\" content=\"summary_large_image\" \/>\n<meta name=\"twitter:label1\" content=\"Escrito por\" \/>\n\t<meta name=\"twitter:data1\" content=\"ritanery\" \/>\n\t<meta name=\"twitter:label2\" content=\"Est. tempo de leitura\" \/>\n\t<meta name=\"twitter:data2\" content=\"2 minutos\" \/>\n<script type=\"application\/ld+json\" class=\"yoast-schema-graph\">{\"@context\":\"https:\/\/schema.org\",\"@graph\":[{\"@type\":\"Article\",\"@id\":\"https:\/\/radiolifefm.com.br\/noticias\/final-de-ano-nesta-provincia-do-faz-de-conta-2\/#article\",\"isPartOf\":{\"@id\":\"https:\/\/radiolifefm.com.br\/noticias\/final-de-ano-nesta-provincia-do-faz-de-conta-2\/\"},\"author\":{\"name\":\"ritanery\",\"@id\":\"https:\/\/radiolifefm.com.br\/noticias\/#\/schema\/person\/6339b9fac59d12b071dec680d7375d87\"},\"headline\":\"Final de ANO nesta PROV\u00cdNCIA DO FAZ DE CONTA&#8230;\",\"datePublished\":\"2023-12-29T11:31:09+00:00\",\"dateModified\":\"2025-11-17T20:42:29+00:00\",\"mainEntityOfPage\":{\"@id\":\"https:\/\/radiolifefm.com.br\/noticias\/final-de-ano-nesta-provincia-do-faz-de-conta-2\/\"},\"wordCount\":403,\"publisher\":{\"@id\":\"https:\/\/radiolifefm.com.br\/noticias\/#organization\"},\"image\":{\"@id\":\"https:\/\/radiolifefm.com.br\/noticias\/final-de-ano-nesta-provincia-do-faz-de-conta-2\/#primaryimage\"},\"thumbnailUrl\":\"https:\/\/radiolifefm.com.br\/noticias\/wp-content\/uploads\/2022\/04\/WhatsApp-Image-2022-04-10-at-18.43.02.jpeg\",\"articleSection\":[\"Opini\u00e3o\"],\"inLanguage\":\"pt-BR\"},{\"@type\":\"WebPage\",\"@id\":\"https:\/\/radiolifefm.com.br\/noticias\/final-de-ano-nesta-provincia-do-faz-de-conta-2\/\",\"url\":\"https:\/\/radiolifefm.com.br\/noticias\/final-de-ano-nesta-provincia-do-faz-de-conta-2\/\",\"name\":\"Final de ANO nesta PROV\u00cdNCIA DO FAZ DE CONTA... - R\u00e1dio Life FM\",\"isPartOf\":{\"@id\":\"https:\/\/radiolifefm.com.br\/noticias\/#website\"},\"primaryImageOfPage\":{\"@id\":\"https:\/\/radiolifefm.com.br\/noticias\/final-de-ano-nesta-provincia-do-faz-de-conta-2\/#primaryimage\"},\"image\":{\"@id\":\"https:\/\/radiolifefm.com.br\/noticias\/final-de-ano-nesta-provincia-do-faz-de-conta-2\/#primaryimage\"},\"thumbnailUrl\":\"https:\/\/radiolifefm.com.br\/noticias\/wp-content\/uploads\/2022\/04\/WhatsApp-Image-2022-04-10-at-18.43.02.jpeg\",\"datePublished\":\"2023-12-29T11:31:09+00:00\",\"dateModified\":\"2025-11-17T20:42:29+00:00\",\"breadcrumb\":{\"@id\":\"https:\/\/radiolifefm.com.br\/noticias\/final-de-ano-nesta-provincia-do-faz-de-conta-2\/#breadcrumb\"},\"inLanguage\":\"pt-BR\",\"potentialAction\":[{\"@type\":\"ReadAction\",\"target\":[\"https:\/\/radiolifefm.com.br\/noticias\/final-de-ano-nesta-provincia-do-faz-de-conta-2\/\"]}]},{\"@type\":\"ImageObject\",\"inLanguage\":\"pt-BR\",\"@id\":\"https:\/\/radiolifefm.com.br\/noticias\/final-de-ano-nesta-provincia-do-faz-de-conta-2\/#primaryimage\",\"url\":\"https:\/\/radiolifefm.com.br\/noticias\/wp-content\/uploads\/2022\/04\/WhatsApp-Image-2022-04-10-at-18.43.02.jpeg\",\"contentUrl\":\"https:\/\/radiolifefm.com.br\/noticias\/wp-content\/uploads\/2022\/04\/WhatsApp-Image-2022-04-10-at-18.43.02.jpeg\",\"width\":972,\"height\":1296,\"caption\":\"S\u00e9rgio Barbosa\"},{\"@type\":\"BreadcrumbList\",\"@id\":\"https:\/\/radiolifefm.com.br\/noticias\/final-de-ano-nesta-provincia-do-faz-de-conta-2\/#breadcrumb\",\"itemListElement\":[{\"@type\":\"ListItem\",\"position\":1,\"name\":\"In\u00edcio\",\"item\":\"https:\/\/radiolifefm.com.br\/noticias\/\"},{\"@type\":\"ListItem\",\"position\":2,\"name\":\"Final de ANO nesta PROV\u00cdNCIA DO FAZ DE CONTA&#8230;\"}]},{\"@type\":\"WebSite\",\"@id\":\"https:\/\/radiolifefm.com.br\/noticias\/#website\",\"url\":\"https:\/\/radiolifefm.com.br\/noticias\/\",\"name\":\"R\u00e1dio Life FM\",\"description\":\"O Portal de Not\u00edcias de Adamantina\",\"publisher\":{\"@id\":\"https:\/\/radiolifefm.com.br\/noticias\/#organization\"},\"alternateName\":\"Life FM\",\"potentialAction\":[{\"@type\":\"SearchAction\",\"target\":{\"@type\":\"EntryPoint\",\"urlTemplate\":\"https:\/\/radiolifefm.com.br\/noticias\/?s={search_term_string}\"},\"query-input\":{\"@type\":\"PropertyValueSpecification\",\"valueRequired\":true,\"valueName\":\"search_term_string\"}}],\"inLanguage\":\"pt-BR\"},{\"@type\":\"Organization\",\"@id\":\"https:\/\/radiolifefm.com.br\/noticias\/#organization\",\"name\":\"R\u00e1dio Life FM\",\"alternateName\":\"Life FM\",\"url\":\"https:\/\/radiolifefm.com.br\/noticias\/\",\"logo\":{\"@type\":\"ImageObject\",\"inLanguage\":\"pt-BR\",\"@id\":\"https:\/\/radiolifefm.com.br\/noticias\/#\/schema\/logo\/image\/\",\"url\":\"https:\/\/static.radiolifefm.com.br\/noticias\/wp-content\/uploads\/2019\/10\/logo-lifefm.png\",\"contentUrl\":\"https:\/\/static.radiolifefm.com.br\/noticias\/wp-content\/uploads\/2019\/10\/logo-lifefm.png\",\"width\":196,\"height\":47,\"caption\":\"R\u00e1dio Life FM\"},\"image\":{\"@id\":\"https:\/\/radiolifefm.com.br\/noticias\/#\/schema\/logo\/image\/\"},\"sameAs\":[\"https:\/\/www.facebook.com\/radiolifefm\/\",\"https:\/\/www.instagram.com\/life1079fm\/\"]},{\"@type\":\"Person\",\"@id\":\"https:\/\/radiolifefm.com.br\/noticias\/#\/schema\/person\/6339b9fac59d12b071dec680d7375d87\",\"name\":\"ritanery\",\"image\":{\"@type\":\"ImageObject\",\"inLanguage\":\"pt-BR\",\"@id\":\"https:\/\/secure.gravatar.com\/avatar\/0e37bb19071f47c0b8a23f62a903df117c5a0e75f65a0c2901562f97cd41cf86?s=96&d=mm&r=g\",\"url\":\"https:\/\/secure.gravatar.com\/avatar\/0e37bb19071f47c0b8a23f62a903df117c5a0e75f65a0c2901562f97cd41cf86?s=96&d=mm&r=g\",\"contentUrl\":\"https:\/\/secure.gravatar.com\/avatar\/0e37bb19071f47c0b8a23f62a903df117c5a0e75f65a0c2901562f97cd41cf86?s=96&d=mm&r=g\",\"caption\":\"ritanery\"}}]}<\/script>\n<!-- \/ Yoast SEO plugin. -->","yoast_head_json":{"title":"Final de ANO nesta PROV\u00cdNCIA DO FAZ DE CONTA... - R\u00e1dio Life FM","robots":{"index":"index","follow":"follow","max-snippet":"max-snippet:-1","max-image-preview":"max-image-preview:large","max-video-preview":"max-video-preview:-1"},"canonical":"https:\/\/radiolifefm.com.br\/noticias\/final-de-ano-nesta-provincia-do-faz-de-conta-2\/","og_locale":"pt_BR","og_type":"article","og_title":"Final de ANO nesta PROV\u00cdNCIA DO FAZ DE CONTA... - R\u00e1dio Life FM","og_description":"\u00a0\u201c\u00c9 a pr\u00f3pria mente de um homem, e n\u00e3o seu inimigo ou advers\u00e1rio, que o seduz para caminhos mal\u00e9ficos.\u201d (Buda) \u00a0 By seb@r. Na semana passada, o tal GESTOR P\u00daBLICO concedeu uma ENTREVISTA para a m\u00eddia local, todavia, como sempre, apenas o DITO CUJO fala e responde ao mesmo tempo, haja vista que o mesmo [&hellip;]","og_url":"https:\/\/radiolifefm.com.br\/noticias\/final-de-ano-nesta-provincia-do-faz-de-conta-2\/","og_site_name":"R\u00e1dio Life FM","article_publisher":"https:\/\/www.facebook.com\/radiolifefm\/","article_published_time":"2023-12-29T11:31:09+00:00","article_modified_time":"2025-11-17T20:42:29+00:00","og_image":[{"width":972,"height":1296,"url":"https:\/\/static.radiolifefm.com.br\/noticias\/wp-content\/uploads\/2022\/04\/WhatsApp-Image-2022-04-10-at-18.43.02.jpeg","type":"image\/jpeg"}],"author":"ritanery","twitter_card":"summary_large_image","twitter_misc":{"Escrito por":"ritanery","Est. tempo de leitura":"2 minutos"},"schema":{"@context":"https:\/\/schema.org","@graph":[{"@type":"Article","@id":"https:\/\/radiolifefm.com.br\/noticias\/final-de-ano-nesta-provincia-do-faz-de-conta-2\/#article","isPartOf":{"@id":"https:\/\/radiolifefm.com.br\/noticias\/final-de-ano-nesta-provincia-do-faz-de-conta-2\/"},"author":{"name":"ritanery","@id":"https:\/\/radiolifefm.com.br\/noticias\/#\/schema\/person\/6339b9fac59d12b071dec680d7375d87"},"headline":"Final de ANO nesta PROV\u00cdNCIA DO FAZ DE CONTA&#8230;","datePublished":"2023-12-29T11:31:09+00:00","dateModified":"2025-11-17T20:42:29+00:00","mainEntityOfPage":{"@id":"https:\/\/radiolifefm.com.br\/noticias\/final-de-ano-nesta-provincia-do-faz-de-conta-2\/"},"wordCount":403,"publisher":{"@id":"https:\/\/radiolifefm.com.br\/noticias\/#organization"},"image":{"@id":"https:\/\/radiolifefm.com.br\/noticias\/final-de-ano-nesta-provincia-do-faz-de-conta-2\/#primaryimage"},"thumbnailUrl":"https:\/\/radiolifefm.com.br\/noticias\/wp-content\/uploads\/2022\/04\/WhatsApp-Image-2022-04-10-at-18.43.02.jpeg","articleSection":["Opini\u00e3o"],"inLanguage":"pt-BR"},{"@type":"WebPage","@id":"https:\/\/radiolifefm.com.br\/noticias\/final-de-ano-nesta-provincia-do-faz-de-conta-2\/","url":"https:\/\/radiolifefm.com.br\/noticias\/final-de-ano-nesta-provincia-do-faz-de-conta-2\/","name":"Final de ANO nesta PROV\u00cdNCIA DO FAZ DE CONTA... - R\u00e1dio Life FM","isPartOf":{"@id":"https:\/\/radiolifefm.com.br\/noticias\/#website"},"primaryImageOfPage":{"@id":"https:\/\/radiolifefm.com.br\/noticias\/final-de-ano-nesta-provincia-do-faz-de-conta-2\/#primaryimage"},"image":{"@id":"https:\/\/radiolifefm.com.br\/noticias\/final-de-ano-nesta-provincia-do-faz-de-conta-2\/#primaryimage"},"thumbnailUrl":"https:\/\/radiolifefm.com.br\/noticias\/wp-content\/uploads\/2022\/04\/WhatsApp-Image-2022-04-10-at-18.43.02.jpeg","datePublished":"2023-12-29T11:31:09+00:00","dateModified":"2025-11-17T20:42:29+00:00","breadcrumb":{"@id":"https:\/\/radiolifefm.com.br\/noticias\/final-de-ano-nesta-provincia-do-faz-de-conta-2\/#breadcrumb"},"inLanguage":"pt-BR","potentialAction":[{"@type":"ReadAction","target":["https:\/\/radiolifefm.com.br\/noticias\/final-de-ano-nesta-provincia-do-faz-de-conta-2\/"]}]},{"@type":"ImageObject","inLanguage":"pt-BR","@id":"https:\/\/radiolifefm.com.br\/noticias\/final-de-ano-nesta-provincia-do-faz-de-conta-2\/#primaryimage","url":"https:\/\/radiolifefm.com.br\/noticias\/wp-content\/uploads\/2022\/04\/WhatsApp-Image-2022-04-10-at-18.43.02.jpeg","contentUrl":"https:\/\/radiolifefm.com.br\/noticias\/wp-content\/uploads\/2022\/04\/WhatsApp-Image-2022-04-10-at-18.43.02.jpeg","width":972,"height":1296,"caption":"S\u00e9rgio Barbosa"},{"@type":"BreadcrumbList","@id":"https:\/\/radiolifefm.com.br\/noticias\/final-de-ano-nesta-provincia-do-faz-de-conta-2\/#breadcrumb","itemListElement":[{"@type":"ListItem","position":1,"name":"In\u00edcio","item":"https:\/\/radiolifefm.com.br\/noticias\/"},{"@type":"ListItem","position":2,"name":"Final de ANO nesta PROV\u00cdNCIA DO FAZ DE CONTA&#8230;"}]},{"@type":"WebSite","@id":"https:\/\/radiolifefm.com.br\/noticias\/#website","url":"https:\/\/radiolifefm.com.br\/noticias\/","name":"R\u00e1dio Life FM","description":"O Portal de Not\u00edcias de Adamantina","publisher":{"@id":"https:\/\/radiolifefm.com.br\/noticias\/#organization"},"alternateName":"Life FM","potentialAction":[{"@type":"SearchAction","target":{"@type":"EntryPoint","urlTemplate":"https:\/\/radiolifefm.com.br\/noticias\/?s={search_term_string}"},"query-input":{"@type":"PropertyValueSpecification","valueRequired":true,"valueName":"search_term_string"}}],"inLanguage":"pt-BR"},{"@type":"Organization","@id":"https:\/\/radiolifefm.com.br\/noticias\/#organization","name":"R\u00e1dio Life FM","alternateName":"Life FM","url":"https:\/\/radiolifefm.com.br\/noticias\/","logo":{"@type":"ImageObject","inLanguage":"pt-BR","@id":"https:\/\/radiolifefm.com.br\/noticias\/#\/schema\/logo\/image\/","url":"https:\/\/static.radiolifefm.com.br\/noticias\/wp-content\/uploads\/2019\/10\/logo-lifefm.png","contentUrl":"https:\/\/static.radiolifefm.com.br\/noticias\/wp-content\/uploads\/2019\/10\/logo-lifefm.png","width":196,"height":47,"caption":"R\u00e1dio Life FM"},"image":{"@id":"https:\/\/radiolifefm.com.br\/noticias\/#\/schema\/logo\/image\/"},"sameAs":["https:\/\/www.facebook.com\/radiolifefm\/","https:\/\/www.instagram.com\/life1079fm\/"]},{"@type":"Person","@id":"https:\/\/radiolifefm.com.br\/noticias\/#\/schema\/person\/6339b9fac59d12b071dec680d7375d87","name":"ritanery","image":{"@type":"ImageObject","inLanguage":"pt-BR","@id":"https:\/\/secure.gravatar.com\/avatar\/0e37bb19071f47c0b8a23f62a903df117c5a0e75f65a0c2901562f97cd41cf86?s=96&d=mm&r=g","url":"https:\/\/secure.gravatar.com\/avatar\/0e37bb19071f47c0b8a23f62a903df117c5a0e75f65a0c2901562f97cd41cf86?s=96&d=mm&r=g","contentUrl":"https:\/\/secure.gravatar.com\/avatar\/0e37bb19071f47c0b8a23f62a903df117c5a0e75f65a0c2901562f97cd41cf86?s=96&d=mm&r=g","caption":"ritanery"}}]}},"amp_enabled":true,"_links":{"self":[{"href":"https:\/\/radiolifefm.com.br\/noticias\/wp-json\/wp\/v2\/posts\/81284","targetHints":{"allow":["GET"]}}],"collection":[{"href":"https:\/\/radiolifefm.com.br\/noticias\/wp-json\/wp\/v2\/posts"}],"about":[{"href":"https:\/\/radiolifefm.com.br\/noticias\/wp-json\/wp\/v2\/types\/post"}],"author":[{"embeddable":true,"href":"https:\/\/radiolifefm.com.br\/noticias\/wp-json\/wp\/v2\/users\/13"}],"replies":[{"embeddable":true,"href":"https:\/\/radiolifefm.com.br\/noticias\/wp-json\/wp\/v2\/comments?post=81284"}],"version-history":[{"count":1,"href":"https:\/\/radiolifefm.com.br\/noticias\/wp-json\/wp\/v2\/posts\/81284\/revisions"}],"predecessor-version":[{"id":81285,"href":"https:\/\/radiolifefm.com.br\/noticias\/wp-json\/wp\/v2\/posts\/81284\/revisions\/81285"}],"wp:featuredmedia":[{"embeddable":true,"href":"https:\/\/radiolifefm.com.br\/noticias\/wp-json\/wp\/v2\/media\/51988"}],"wp:attachment":[{"href":"https:\/\/radiolifefm.com.br\/noticias\/wp-json\/wp\/v2\/media?parent=81284"}],"wp:term":[{"taxonomy":"category","embeddable":true,"href":"https:\/\/radiolifefm.com.br\/noticias\/wp-json\/wp\/v2\/categories?post=81284"},{"taxonomy":"post_tag","embeddable":true,"href":"https:\/\/radiolifefm.com.br\/noticias\/wp-json\/wp\/v2\/tags?post=81284"}],"curies":[{"name":"wp","href":"https:\/\/api.w.org\/{rel}","templated":true}]}}