{"id":81170,"date":"2023-12-27T08:32:21","date_gmt":"2023-12-27T11:32:21","guid":{"rendered":"https:\/\/radiolifefm.com.br\/noticias\/?p=81170"},"modified":"2026-04-09T11:39:55","modified_gmt":"2026-04-09T14:39:55","slug":"sem-preconceito-qual-a-cor","status":"publish","type":"post","link":"https:\/\/radiolifefm.com.br\/noticias\/sem-preconceito-qual-a-cor\/","title":{"rendered":"Sem preconceito &#8211; Qual a Cor?"},"content":{"rendered":"<div id=\"fb-root\"><\/div>\n<p>Usamos branco em algumas datas espec\u00edficas: para esperar o novo ano, quando batizamos ou nos casamos. Vestimos nossos beb\u00eas de azul, rosa e no s\u00e9timo dia de vida: vermelho para dar sorte&#8230; Nunca sabemos por que, mas essas crendices persistem e atravessam gera\u00e7\u00f5es.<\/p>\n<p>Todas as mulheres t\u00eam em seu arm\u00e1rio, um ou mais pretinhos b\u00e1sicos (ou n\u00e3o), indispens\u00e1veis, para certas ocasi\u00f5es (n\u00e3o sendo a madrinha do casamento, pode usar sem problemas).<\/p>\n<p>Aqui no Norte, temos at\u00e9 algumas piadas sobre as contradi\u00e7\u00f5es utilizando cores, como:<\/p>\n<p>O milho-verde \u00e9 amarelo, o quadro-negro \u00e9 verde, o Halls preto, \u00e9 branco.<\/p>\n<p>Sobre o milho-verde:\u00a0 na verdade,\u00a0o termo n\u00e3o tem a ver com a cor, e sim com a matura\u00e7\u00e3o: o milho ainda est\u00e1 \u201cverde\u201d, ou seja, n\u00e3o est\u00e1 maduro. At\u00e9 ficar no ponto certo para ser colhido verde, o milho leva, em m\u00e9dia, de 90 a 100 dias desde o plantio.<\/p>\n<p>Sobre o quadro-negro: no\u00a0final do s\u00e9culo XVIII e in\u00edcio do s\u00e9culo XIX,\u00a0a lousa era feita de folhas finas de ard\u00f3sia, rocha de cor preta ou cinza escuro, da\u00ed o nome quadro-negro.<\/p>\n<p>&nbsp;<\/p>\n<p>Sobre o Halls Preto ser branco: n\u00e3o\u00a0tem a ver com a cor da bala, mas da embalagem. Voc\u00ea j\u00e1 deve ter reparado que\u00a0os Halls s\u00e3o classificados em tipos, sendo que cada sabor est\u00e1 associado a uma cor.<\/p>\n<p>Enfim, as cores em geral t\u00eam presen\u00e7a marcante em nossa vida em todos os lugares praticamente: no tr\u00e2nsito (dispensa coment\u00e1rios);<\/p>\n<p>Nos hospitais, as fitinhas (cores variadas) que colocam no seu bra\u00e7o, podem determinar um r\u00e1pido atendimento, uma urg\u00eancia, gravidade ou n\u00e3o.<\/p>\n<p>No entanto, no meu caso, \u00e9 preciso muito cuidado ao tentar identificar coisas ou situa\u00e7\u00f5es pela cor. Sou dalt\u00f4nica, (Se voc\u00ea for dalt\u00f4nico, ter\u00e1 dificuldade em distinguir certas cores, como azul e amarelo ou vermelho e verde.)<\/p>\n<p>Pois \u00e9, nesse Natal, senti na pele o tal problema com as cores, e a decep\u00e7\u00e3o foi grande.<\/p>\n<p>Li em sites de moda, que as cores da esta\u00e7\u00e3o esse final de ano, no Natal, seria o cenoura fechado e o verde (o tal verde-esperan\u00e7a).<\/p>\n<p>Ent\u00e3o, ainda no m\u00eas de outubro, tratei de comprar uma cal\u00e7a social cenoura e uma blusa off White (branco indeciso), como n\u00e3o apareceu nenhuma ocasi\u00e3o para us\u00e1-las, foram ficando no closet e nas v\u00e9speras de Natal, me arrumei com a dita cal\u00e7a cenoura e blusa off; minha filha trouxe para Bel\u00e9m, a meu pedido, um scarpin cenoura.<\/p>\n<p>A minha sorte \u00e9 que tenho bom humor e que acabei levando para me arrumar um sapato preto; quando sai do quarto com a minha cal\u00e7a cenoura (top da moda), minha filha olhou para mim e disse: mam\u00e3e, essa cal\u00e7a n\u00e3o \u00e9 cenoura, \u00e9 vermelha! (arrasada).<\/p>\n<p>Como assim? Olhava para mim mesma no espelho e era cenoura<\/p>\n<p>Fui para a festinha de anivers\u00e1rio da minha neta, usando a cal\u00e7a do papai Noel, mas de vez enquanto eu esquecia, pois nos meus olhos ela era realmente cenoura.<\/p>\n<p>Sempre soube que tinha esse problema com as cores, mas dessa vez eu tinha certeza de que a cor da roupa era de fato a que eu estava vendo.<\/p>\n<p>E assim passei a noite do dia 23 de dezembro, fazendo uma homenagem ao bom velhinho, (e rindo sozinha), tudo devido ao daltonismo!<\/p>\n<p>&nbsp;<\/p>\n<p>&nbsp;<\/p>\n<p>Solange Lisboa<\/p>\n<p>Poeta\/escritora<\/p>\n<p>@solnlisboa<\/p>\n<p>Solangeserrao3@gmail.com<\/p>\n<p>&nbsp;<\/p>\n<p><strong>\u00a0<\/strong><\/p>\n<p>&nbsp;<\/p>\n<p>&nbsp;<\/p>\n<p>&nbsp;<\/p>\n<p>&nbsp;<\/p>\n<p>&nbsp;<\/p>\n<p>&nbsp;<\/p>\n","protected":false},"excerpt":{"rendered":"<p>Usamos branco em algumas datas espec\u00edficas: para esperar o novo ano, quando batizamos ou nos casamos. Vestimos nossos beb\u00eas de azul, rosa e no s\u00e9timo dia de vida: vermelho para dar sorte&#8230; Nunca sabemos por que, mas essas crendices persistem e atravessam gera\u00e7\u00f5es. Todas as mulheres t\u00eam em seu arm\u00e1rio, um ou mais pretinhos b\u00e1sicos [&hellip;]<\/p>\n","protected":false},"author":13,"featured_media":79029,"comment_status":"closed","ping_status":"open","sticky":false,"template":"","format":"standard","meta":{"_acf_changed":false,"_exactmetrics_skip_tracking":false,"_exactmetrics_sitenote_active":false,"_exactmetrics_sitenote_note":"","_exactmetrics_sitenote_category":0,"footnotes":""},"categories":[59],"tags":[],"class_list":["post-81170","post","type-post","status-publish","format-standard","has-post-thumbnail","hentry","category-opiniao"],"acf":[],"yoast_head":"<!-- This site is optimized with the Yoast SEO plugin v27.2 - https:\/\/yoast.com\/product\/yoast-seo-wordpress\/ -->\n<title>Sem preconceito - Qual a Cor? - R\u00e1dio Life FM<\/title>\n<meta name=\"robots\" content=\"index, follow, max-snippet:-1, max-image-preview:large, max-video-preview:-1\" \/>\n<link rel=\"canonical\" href=\"https:\/\/radiolifefm.com.br\/noticias\/sem-preconceito-qual-a-cor\/\" \/>\n<meta property=\"og:locale\" content=\"pt_BR\" \/>\n<meta property=\"og:type\" content=\"article\" \/>\n<meta property=\"og:title\" content=\"Sem preconceito - Qual a Cor? - R\u00e1dio Life FM\" \/>\n<meta property=\"og:description\" content=\"Usamos branco em algumas datas espec\u00edficas: para esperar o novo ano, quando batizamos ou nos casamos. Vestimos nossos beb\u00eas de azul, rosa e no s\u00e9timo dia de vida: vermelho para dar sorte&#8230; Nunca sabemos por que, mas essas crendices persistem e atravessam gera\u00e7\u00f5es. Todas as mulheres t\u00eam em seu arm\u00e1rio, um ou mais pretinhos b\u00e1sicos [&hellip;]\" \/>\n<meta property=\"og:url\" content=\"https:\/\/radiolifefm.com.br\/noticias\/sem-preconceito-qual-a-cor\/\" \/>\n<meta property=\"og:site_name\" content=\"R\u00e1dio Life FM\" \/>\n<meta property=\"article:publisher\" content=\"https:\/\/www.facebook.com\/radiolifefm\/\" \/>\n<meta property=\"article:published_time\" content=\"2023-12-27T11:32:21+00:00\" \/>\n<meta property=\"article:modified_time\" content=\"2026-04-09T14:39:55+00:00\" \/>\n<meta property=\"og:image\" content=\"https:\/\/radiolifefm.com.br\/noticias\/wp-content\/uploads\/2023\/11\/WhatsApp-Image-2023-11-17-at-22.04.27.jpeg\" \/>\n\t<meta property=\"og:image:width\" content=\"966\" \/>\n\t<meta property=\"og:image:height\" content=\"1288\" \/>\n\t<meta property=\"og:image:type\" content=\"image\/jpeg\" \/>\n<meta name=\"author\" content=\"ritanery\" \/>\n<meta name=\"twitter:card\" content=\"summary_large_image\" \/>\n<meta name=\"twitter:label1\" content=\"Escrito por\" \/>\n\t<meta name=\"twitter:data1\" content=\"ritanery\" \/>\n\t<meta name=\"twitter:label2\" content=\"Est. tempo de leitura\" \/>\n\t<meta name=\"twitter:data2\" content=\"3 minutos\" \/>\n<script type=\"application\/ld+json\" class=\"yoast-schema-graph\">{\"@context\":\"https:\/\/schema.org\",\"@graph\":[{\"@type\":\"Article\",\"@id\":\"https:\/\/radiolifefm.com.br\/noticias\/sem-preconceito-qual-a-cor\/#article\",\"isPartOf\":{\"@id\":\"https:\/\/radiolifefm.com.br\/noticias\/sem-preconceito-qual-a-cor\/\"},\"author\":{\"name\":\"ritanery\",\"@id\":\"https:\/\/radiolifefm.com.br\/noticias\/#\/schema\/person\/6339b9fac59d12b071dec680d7375d87\"},\"headline\":\"Sem preconceito &#8211; Qual a Cor?\",\"datePublished\":\"2023-12-27T11:32:21+00:00\",\"dateModified\":\"2026-04-09T14:39:55+00:00\",\"mainEntityOfPage\":{\"@id\":\"https:\/\/radiolifefm.com.br\/noticias\/sem-preconceito-qual-a-cor\/\"},\"wordCount\":601,\"publisher\":{\"@id\":\"https:\/\/radiolifefm.com.br\/noticias\/#organization\"},\"image\":{\"@id\":\"https:\/\/radiolifefm.com.br\/noticias\/sem-preconceito-qual-a-cor\/#primaryimage\"},\"thumbnailUrl\":\"https:\/\/radiolifefm.com.br\/noticias\/wp-content\/uploads\/2023\/11\/WhatsApp-Image-2023-11-17-at-22.04.27.jpeg\",\"articleSection\":[\"Opini\u00e3o\"],\"inLanguage\":\"pt-BR\"},{\"@type\":\"WebPage\",\"@id\":\"https:\/\/radiolifefm.com.br\/noticias\/sem-preconceito-qual-a-cor\/\",\"url\":\"https:\/\/radiolifefm.com.br\/noticias\/sem-preconceito-qual-a-cor\/\",\"name\":\"Sem preconceito - Qual a Cor? - R\u00e1dio Life FM\",\"isPartOf\":{\"@id\":\"https:\/\/radiolifefm.com.br\/noticias\/#website\"},\"primaryImageOfPage\":{\"@id\":\"https:\/\/radiolifefm.com.br\/noticias\/sem-preconceito-qual-a-cor\/#primaryimage\"},\"image\":{\"@id\":\"https:\/\/radiolifefm.com.br\/noticias\/sem-preconceito-qual-a-cor\/#primaryimage\"},\"thumbnailUrl\":\"https:\/\/radiolifefm.com.br\/noticias\/wp-content\/uploads\/2023\/11\/WhatsApp-Image-2023-11-17-at-22.04.27.jpeg\",\"datePublished\":\"2023-12-27T11:32:21+00:00\",\"dateModified\":\"2026-04-09T14:39:55+00:00\",\"breadcrumb\":{\"@id\":\"https:\/\/radiolifefm.com.br\/noticias\/sem-preconceito-qual-a-cor\/#breadcrumb\"},\"inLanguage\":\"pt-BR\",\"potentialAction\":[{\"@type\":\"ReadAction\",\"target\":[\"https:\/\/radiolifefm.com.br\/noticias\/sem-preconceito-qual-a-cor\/\"]}]},{\"@type\":\"ImageObject\",\"inLanguage\":\"pt-BR\",\"@id\":\"https:\/\/radiolifefm.com.br\/noticias\/sem-preconceito-qual-a-cor\/#primaryimage\",\"url\":\"https:\/\/radiolifefm.com.br\/noticias\/wp-content\/uploads\/2023\/11\/WhatsApp-Image-2023-11-17-at-22.04.27.jpeg\",\"contentUrl\":\"https:\/\/radiolifefm.com.br\/noticias\/wp-content\/uploads\/2023\/11\/WhatsApp-Image-2023-11-17-at-22.04.27.jpeg\",\"width\":966,\"height\":1288,\"caption\":\"SOLANGE LISBOA\"},{\"@type\":\"BreadcrumbList\",\"@id\":\"https:\/\/radiolifefm.com.br\/noticias\/sem-preconceito-qual-a-cor\/#breadcrumb\",\"itemListElement\":[{\"@type\":\"ListItem\",\"position\":1,\"name\":\"In\u00edcio\",\"item\":\"https:\/\/radiolifefm.com.br\/noticias\/\"},{\"@type\":\"ListItem\",\"position\":2,\"name\":\"Sem preconceito &#8211; Qual a Cor?\"}]},{\"@type\":\"WebSite\",\"@id\":\"https:\/\/radiolifefm.com.br\/noticias\/#website\",\"url\":\"https:\/\/radiolifefm.com.br\/noticias\/\",\"name\":\"R\u00e1dio Life FM\",\"description\":\"O Portal de Not\u00edcias de Adamantina\",\"publisher\":{\"@id\":\"https:\/\/radiolifefm.com.br\/noticias\/#organization\"},\"alternateName\":\"Life FM\",\"potentialAction\":[{\"@type\":\"SearchAction\",\"target\":{\"@type\":\"EntryPoint\",\"urlTemplate\":\"https:\/\/radiolifefm.com.br\/noticias\/?s={search_term_string}\"},\"query-input\":{\"@type\":\"PropertyValueSpecification\",\"valueRequired\":true,\"valueName\":\"search_term_string\"}}],\"inLanguage\":\"pt-BR\"},{\"@type\":\"Organization\",\"@id\":\"https:\/\/radiolifefm.com.br\/noticias\/#organization\",\"name\":\"R\u00e1dio Life FM\",\"alternateName\":\"Life FM\",\"url\":\"https:\/\/radiolifefm.com.br\/noticias\/\",\"logo\":{\"@type\":\"ImageObject\",\"inLanguage\":\"pt-BR\",\"@id\":\"https:\/\/radiolifefm.com.br\/noticias\/#\/schema\/logo\/image\/\",\"url\":\"https:\/\/static.radiolifefm.com.br\/noticias\/wp-content\/uploads\/2019\/10\/logo-lifefm.png\",\"contentUrl\":\"https:\/\/static.radiolifefm.com.br\/noticias\/wp-content\/uploads\/2019\/10\/logo-lifefm.png\",\"width\":196,\"height\":47,\"caption\":\"R\u00e1dio Life FM\"},\"image\":{\"@id\":\"https:\/\/radiolifefm.com.br\/noticias\/#\/schema\/logo\/image\/\"},\"sameAs\":[\"https:\/\/www.facebook.com\/radiolifefm\/\",\"https:\/\/www.instagram.com\/life1079fm\/\"]},{\"@type\":\"Person\",\"@id\":\"https:\/\/radiolifefm.com.br\/noticias\/#\/schema\/person\/6339b9fac59d12b071dec680d7375d87\",\"name\":\"ritanery\",\"image\":{\"@type\":\"ImageObject\",\"inLanguage\":\"pt-BR\",\"@id\":\"https:\/\/secure.gravatar.com\/avatar\/0e37bb19071f47c0b8a23f62a903df117c5a0e75f65a0c2901562f97cd41cf86?s=96&d=mm&r=g\",\"url\":\"https:\/\/secure.gravatar.com\/avatar\/0e37bb19071f47c0b8a23f62a903df117c5a0e75f65a0c2901562f97cd41cf86?s=96&d=mm&r=g\",\"contentUrl\":\"https:\/\/secure.gravatar.com\/avatar\/0e37bb19071f47c0b8a23f62a903df117c5a0e75f65a0c2901562f97cd41cf86?s=96&d=mm&r=g\",\"caption\":\"ritanery\"}}]}<\/script>\n<!-- \/ Yoast SEO plugin. -->","yoast_head_json":{"title":"Sem preconceito - Qual a Cor? - R\u00e1dio Life FM","robots":{"index":"index","follow":"follow","max-snippet":"max-snippet:-1","max-image-preview":"max-image-preview:large","max-video-preview":"max-video-preview:-1"},"canonical":"https:\/\/radiolifefm.com.br\/noticias\/sem-preconceito-qual-a-cor\/","og_locale":"pt_BR","og_type":"article","og_title":"Sem preconceito - Qual a Cor? - R\u00e1dio Life FM","og_description":"Usamos branco em algumas datas espec\u00edficas: para esperar o novo ano, quando batizamos ou nos casamos. Vestimos nossos beb\u00eas de azul, rosa e no s\u00e9timo dia de vida: vermelho para dar sorte&#8230; Nunca sabemos por que, mas essas crendices persistem e atravessam gera\u00e7\u00f5es. Todas as mulheres t\u00eam em seu arm\u00e1rio, um ou mais pretinhos b\u00e1sicos [&hellip;]","og_url":"https:\/\/radiolifefm.com.br\/noticias\/sem-preconceito-qual-a-cor\/","og_site_name":"R\u00e1dio Life FM","article_publisher":"https:\/\/www.facebook.com\/radiolifefm\/","article_published_time":"2023-12-27T11:32:21+00:00","article_modified_time":"2026-04-09T14:39:55+00:00","og_image":[{"width":966,"height":1288,"url":"https:\/\/radiolifefm.com.br\/noticias\/wp-content\/uploads\/2023\/11\/WhatsApp-Image-2023-11-17-at-22.04.27.jpeg","type":"image\/jpeg"}],"author":"ritanery","twitter_card":"summary_large_image","twitter_misc":{"Escrito por":"ritanery","Est. tempo de leitura":"3 minutos"},"schema":{"@context":"https:\/\/schema.org","@graph":[{"@type":"Article","@id":"https:\/\/radiolifefm.com.br\/noticias\/sem-preconceito-qual-a-cor\/#article","isPartOf":{"@id":"https:\/\/radiolifefm.com.br\/noticias\/sem-preconceito-qual-a-cor\/"},"author":{"name":"ritanery","@id":"https:\/\/radiolifefm.com.br\/noticias\/#\/schema\/person\/6339b9fac59d12b071dec680d7375d87"},"headline":"Sem preconceito &#8211; Qual a Cor?","datePublished":"2023-12-27T11:32:21+00:00","dateModified":"2026-04-09T14:39:55+00:00","mainEntityOfPage":{"@id":"https:\/\/radiolifefm.com.br\/noticias\/sem-preconceito-qual-a-cor\/"},"wordCount":601,"publisher":{"@id":"https:\/\/radiolifefm.com.br\/noticias\/#organization"},"image":{"@id":"https:\/\/radiolifefm.com.br\/noticias\/sem-preconceito-qual-a-cor\/#primaryimage"},"thumbnailUrl":"https:\/\/radiolifefm.com.br\/noticias\/wp-content\/uploads\/2023\/11\/WhatsApp-Image-2023-11-17-at-22.04.27.jpeg","articleSection":["Opini\u00e3o"],"inLanguage":"pt-BR"},{"@type":"WebPage","@id":"https:\/\/radiolifefm.com.br\/noticias\/sem-preconceito-qual-a-cor\/","url":"https:\/\/radiolifefm.com.br\/noticias\/sem-preconceito-qual-a-cor\/","name":"Sem preconceito - Qual a Cor? - R\u00e1dio Life FM","isPartOf":{"@id":"https:\/\/radiolifefm.com.br\/noticias\/#website"},"primaryImageOfPage":{"@id":"https:\/\/radiolifefm.com.br\/noticias\/sem-preconceito-qual-a-cor\/#primaryimage"},"image":{"@id":"https:\/\/radiolifefm.com.br\/noticias\/sem-preconceito-qual-a-cor\/#primaryimage"},"thumbnailUrl":"https:\/\/radiolifefm.com.br\/noticias\/wp-content\/uploads\/2023\/11\/WhatsApp-Image-2023-11-17-at-22.04.27.jpeg","datePublished":"2023-12-27T11:32:21+00:00","dateModified":"2026-04-09T14:39:55+00:00","breadcrumb":{"@id":"https:\/\/radiolifefm.com.br\/noticias\/sem-preconceito-qual-a-cor\/#breadcrumb"},"inLanguage":"pt-BR","potentialAction":[{"@type":"ReadAction","target":["https:\/\/radiolifefm.com.br\/noticias\/sem-preconceito-qual-a-cor\/"]}]},{"@type":"ImageObject","inLanguage":"pt-BR","@id":"https:\/\/radiolifefm.com.br\/noticias\/sem-preconceito-qual-a-cor\/#primaryimage","url":"https:\/\/radiolifefm.com.br\/noticias\/wp-content\/uploads\/2023\/11\/WhatsApp-Image-2023-11-17-at-22.04.27.jpeg","contentUrl":"https:\/\/radiolifefm.com.br\/noticias\/wp-content\/uploads\/2023\/11\/WhatsApp-Image-2023-11-17-at-22.04.27.jpeg","width":966,"height":1288,"caption":"SOLANGE LISBOA"},{"@type":"BreadcrumbList","@id":"https:\/\/radiolifefm.com.br\/noticias\/sem-preconceito-qual-a-cor\/#breadcrumb","itemListElement":[{"@type":"ListItem","position":1,"name":"In\u00edcio","item":"https:\/\/radiolifefm.com.br\/noticias\/"},{"@type":"ListItem","position":2,"name":"Sem preconceito &#8211; Qual a Cor?"}]},{"@type":"WebSite","@id":"https:\/\/radiolifefm.com.br\/noticias\/#website","url":"https:\/\/radiolifefm.com.br\/noticias\/","name":"R\u00e1dio Life FM","description":"O Portal de Not\u00edcias de Adamantina","publisher":{"@id":"https:\/\/radiolifefm.com.br\/noticias\/#organization"},"alternateName":"Life FM","potentialAction":[{"@type":"SearchAction","target":{"@type":"EntryPoint","urlTemplate":"https:\/\/radiolifefm.com.br\/noticias\/?s={search_term_string}"},"query-input":{"@type":"PropertyValueSpecification","valueRequired":true,"valueName":"search_term_string"}}],"inLanguage":"pt-BR"},{"@type":"Organization","@id":"https:\/\/radiolifefm.com.br\/noticias\/#organization","name":"R\u00e1dio Life FM","alternateName":"Life FM","url":"https:\/\/radiolifefm.com.br\/noticias\/","logo":{"@type":"ImageObject","inLanguage":"pt-BR","@id":"https:\/\/radiolifefm.com.br\/noticias\/#\/schema\/logo\/image\/","url":"https:\/\/static.radiolifefm.com.br\/noticias\/wp-content\/uploads\/2019\/10\/logo-lifefm.png","contentUrl":"https:\/\/static.radiolifefm.com.br\/noticias\/wp-content\/uploads\/2019\/10\/logo-lifefm.png","width":196,"height":47,"caption":"R\u00e1dio Life FM"},"image":{"@id":"https:\/\/radiolifefm.com.br\/noticias\/#\/schema\/logo\/image\/"},"sameAs":["https:\/\/www.facebook.com\/radiolifefm\/","https:\/\/www.instagram.com\/life1079fm\/"]},{"@type":"Person","@id":"https:\/\/radiolifefm.com.br\/noticias\/#\/schema\/person\/6339b9fac59d12b071dec680d7375d87","name":"ritanery","image":{"@type":"ImageObject","inLanguage":"pt-BR","@id":"https:\/\/secure.gravatar.com\/avatar\/0e37bb19071f47c0b8a23f62a903df117c5a0e75f65a0c2901562f97cd41cf86?s=96&d=mm&r=g","url":"https:\/\/secure.gravatar.com\/avatar\/0e37bb19071f47c0b8a23f62a903df117c5a0e75f65a0c2901562f97cd41cf86?s=96&d=mm&r=g","contentUrl":"https:\/\/secure.gravatar.com\/avatar\/0e37bb19071f47c0b8a23f62a903df117c5a0e75f65a0c2901562f97cd41cf86?s=96&d=mm&r=g","caption":"ritanery"}}]}},"amp_enabled":true,"_links":{"self":[{"href":"https:\/\/radiolifefm.com.br\/noticias\/wp-json\/wp\/v2\/posts\/81170","targetHints":{"allow":["GET"]}}],"collection":[{"href":"https:\/\/radiolifefm.com.br\/noticias\/wp-json\/wp\/v2\/posts"}],"about":[{"href":"https:\/\/radiolifefm.com.br\/noticias\/wp-json\/wp\/v2\/types\/post"}],"author":[{"embeddable":true,"href":"https:\/\/radiolifefm.com.br\/noticias\/wp-json\/wp\/v2\/users\/13"}],"replies":[{"embeddable":true,"href":"https:\/\/radiolifefm.com.br\/noticias\/wp-json\/wp\/v2\/comments?post=81170"}],"version-history":[{"count":1,"href":"https:\/\/radiolifefm.com.br\/noticias\/wp-json\/wp\/v2\/posts\/81170\/revisions"}],"predecessor-version":[{"id":81171,"href":"https:\/\/radiolifefm.com.br\/noticias\/wp-json\/wp\/v2\/posts\/81170\/revisions\/81171"}],"wp:featuredmedia":[{"embeddable":true,"href":"https:\/\/radiolifefm.com.br\/noticias\/wp-json\/wp\/v2\/media\/79029"}],"wp:attachment":[{"href":"https:\/\/radiolifefm.com.br\/noticias\/wp-json\/wp\/v2\/media?parent=81170"}],"wp:term":[{"taxonomy":"category","embeddable":true,"href":"https:\/\/radiolifefm.com.br\/noticias\/wp-json\/wp\/v2\/categories?post=81170"},{"taxonomy":"post_tag","embeddable":true,"href":"https:\/\/radiolifefm.com.br\/noticias\/wp-json\/wp\/v2\/tags?post=81170"}],"curies":[{"name":"wp","href":"https:\/\/api.w.org\/{rel}","templated":true}]}}