{"id":81061,"date":"2023-12-22T12:20:19","date_gmt":"2023-12-22T15:20:19","guid":{"rendered":"https:\/\/radiolifefm.com.br\/noticias\/?p=81061"},"modified":"2026-04-11T06:35:47","modified_gmt":"2026-04-11T09:35:47","slug":"psicologa-vanessa-lheti-fala-sobre-os-comportamentos-compulsivos-e-impulsivos","status":"publish","type":"post","link":"https:\/\/radiolifefm.com.br\/noticias\/psicologa-vanessa-lheti-fala-sobre-os-comportamentos-compulsivos-e-impulsivos\/","title":{"rendered":"Psic\u00f3loga Vanessa Lheti fala sobre os  comportamentos compulsivos e impulsivos."},"content":{"rendered":"<div id=\"fb-root\"><\/div>\n<p>&nbsp;<\/p>\n<h1>O Universo dos Comportamentos Compulsivos: Uma An\u00e1lise no Programa Mente Saud\u00e1vel<\/h1>\n<p>O <em>Programa Mente Saud\u00e1vel<\/em> abordou de maneira clara e envolvente os <strong>&#8220;Comportamentos Compulsivos&#8221;<\/strong>:<\/p>\n<p>O momento do ano que estamos vivendo \u00e9 bem prop\u00edcio para falar sobre compuls\u00e3o, afinal mais bebidas, comidas, gastos e muito mais.<\/p>\n<div class='flex flex-wrap items-center -mx-1'>\r\n<a class='thumbnail gallery p-1 w-1\/2 md:w-1\/4' href='https:\/\/radiolifefm.com.br\/noticias\/wp-content\/uploads\/2023\/12\/WhatsApp-Image-2023-12-20-at-13.24.52-1.jpeg'><img class='border border-white' src='https:\/\/radiolifefm.com.br\/noticias\/wp-content\/uploads\/2023\/12\/WhatsApp-Image-2023-12-20-at-13.24.52-1-200x200.jpeg' alt='WhatsApp Image 2023 12 20 At 13.24.52 (1)' \/><\/a><a class='thumbnail gallery p-1 w-1\/2 md:w-1\/4' href='https:\/\/radiolifefm.com.br\/noticias\/wp-content\/uploads\/2023\/12\/WhatsApp-Image-2023-12-20-at-13.24.52-2.jpeg'><img class='border border-white' src='https:\/\/radiolifefm.com.br\/noticias\/wp-content\/uploads\/2023\/12\/WhatsApp-Image-2023-12-20-at-13.24.52-2-200x200.jpeg' alt='WhatsApp Image 2023 12 20 At 13.24.52 (2)' \/><\/a><\/div>\n<h2>A Entrevista com a Psic\u00f3loga Vanessa<\/h2>\n<p>Durante a conversa, a Psic\u00f3loga Vanessa explicou de forma simples a natureza repetitiva dos comportamentos compulsivos, mostrando como identificar esses padr\u00f5es que costumam surgir em resposta a emo\u00e7\u00f5es negativas. Ela destacou que esses comportamentos s\u00e3o comuns a todos, independentemente de g\u00eanero ou idade.<img loading=\"lazy\" decoding=\"async\" class=\"aligncenter size-medium wp-image-81069\" src=\"https:\/\/static.radiolifefm.com.br\/noticias\/wp-content\/uploads\/2023\/12\/WhatsApp-Image-2023-12-20-at-13.24.52-1-300x225.jpeg\" alt=\"\" width=\"300\" height=\"225\" srcset=\"https:\/\/radiolifefm.com.br\/noticias\/wp-content\/uploads\/2023\/12\/WhatsApp-Image-2023-12-20-at-13.24.52-1-300x225.jpeg 300w, https:\/\/radiolifefm.com.br\/noticias\/wp-content\/uploads\/2023\/12\/WhatsApp-Image-2023-12-20-at-13.24.52-1-1024x768.jpeg 1024w, https:\/\/radiolifefm.com.br\/noticias\/wp-content\/uploads\/2023\/12\/WhatsApp-Image-2023-12-20-at-13.24.52-1-768x576.jpeg 768w, https:\/\/radiolifefm.com.br\/noticias\/wp-content\/uploads\/2023\/12\/WhatsApp-Image-2023-12-20-at-13.24.52-1-1536x1152.jpeg 1536w, https:\/\/radiolifefm.com.br\/noticias\/wp-content\/uploads\/2023\/12\/WhatsApp-Image-2023-12-20-at-13.24.52-1.jpeg 1600w\" sizes=\"auto, (max-width: 300px) 100vw, 300px\" \/><\/p>\n<h3>Compreendendo a Diferen\u00e7a<\/h3>\n<p>A diferen\u00e7a entre comportamento compulsivo e impulsivo foi abordada de maneira f\u00e1cil de entender, com \u00eanfase no al\u00edvio tempor\u00e1rio proporcionado pelo primeiro diante de emo\u00e7\u00f5es negativas. Vanessa explicou tamb\u00e9m a diferen\u00e7a entre o <em>Transtorno Obsessivo-Compulsivo (TOC)<\/em> e os comportamentos compulsivos, oferecendo insights valiosos.<\/p>\n<div class='flex flex-wrap items-center -mx-1'>\r\n<a class='thumbnail gallery p-1 w-1\/2 md:w-1\/4' href='https:\/\/radiolifefm.com.br\/noticias\/wp-content\/uploads\/2023\/12\/WhatsApp-Image-2023-12-20-at-13.24.52-3.jpeg'><img class='border border-white' src='https:\/\/radiolifefm.com.br\/noticias\/wp-content\/uploads\/2023\/12\/WhatsApp-Image-2023-12-20-at-13.24.52-3-200x200.jpeg' alt='WhatsApp Image 2023 12 20 At 13.24.52 (3)' \/><\/a><a class='thumbnail gallery p-1 w-1\/2 md:w-1\/4' href='https:\/\/radiolifefm.com.br\/noticias\/wp-content\/uploads\/2023\/12\/WhatsApp-Image-2023-12-20-at-13.24.52-7.jpeg'><img class='border border-white' src='https:\/\/radiolifefm.com.br\/noticias\/wp-content\/uploads\/2023\/12\/WhatsApp-Image-2023-12-20-at-13.24.52-7-200x200.jpeg' alt='WhatsApp Image 2023 12 20 At 13.24.52 (7)' \/><\/a><\/div>\n<h3>Promovendo o Equil\u00edbrio e Autocontrole<\/h3>\n<p>Vanessa ressaltou a import\u00e2ncia de manter equil\u00edbrio para distinguir comportamentos saud\u00e1veis dos patol\u00f3gicos, oferecendo uma abordagem hol\u00edstica para cultivar uma rela\u00e7\u00e3o saud\u00e1vel com os pr\u00f3prios comportamentos e promover o autocontrole.<\/p>\n<h2>Desafios Compreens\u00edveis para Todos<\/h2>\n<p>A discuss\u00e3o incluiu exemplos simples, como compuls\u00f5es alimentares e rituais repetitivos, tornando os desafios compreens\u00edveis para todos. Vanessa trouxe \u00e0 tona casos comuns.<\/p>\n<p><!-- Inser\u00e7\u00e3o de imagem --><\/p>\n<figure><div class='flex flex-wrap items-center -mx-1'>\r\n<a class='thumbnail gallery p-1 w-1\/2 md:w-1\/4' href='https:\/\/radiolifefm.com.br\/noticias\/wp-content\/uploads\/2023\/12\/WhatsApp-Image-2023-12-20-at-13.24.52-8.jpeg'><img class='border border-white' src='https:\/\/radiolifefm.com.br\/noticias\/wp-content\/uploads\/2023\/12\/WhatsApp-Image-2023-12-20-at-13.24.52-8-200x200.jpeg' alt='WhatsApp Image 2023 12 20 At 13.24.52 (8)' \/><\/a><a class='thumbnail gallery p-1 w-1\/2 md:w-1\/4' href='https:\/\/radiolifefm.com.br\/noticias\/wp-content\/uploads\/2023\/12\/WhatsApp-Image-2023-12-20-at-13.24.52-5.jpeg'><img class='border border-white' src='https:\/\/radiolifefm.com.br\/noticias\/wp-content\/uploads\/2023\/12\/WhatsApp-Image-2023-12-20-at-13.24.52-5-200x200.jpeg' alt='WhatsApp Image 2023 12 20 At 13.24.52 (5)' \/><\/a><\/div><\/figure>\n<p>Para quem busca um entendimento mais profundo sobre comportamentos compulsivos, a entrevista completa est\u00e1 dispon\u00edvel <a href=\"link-para-entrevista.html\" target=\"_blank\" rel=\"noopener\">aqui<\/a>.<\/p>\n<p><iframe loading=\"lazy\" title=\"19\/12  Mente Saud\u00e1vel Tema do programa COMPORTAMENTOS COMPULSIVOS: A BUSCA PELO AUTOCONTROLE.\" width=\"500\" height=\"281\" src=\"https:\/\/www.youtube.com\/embed\/ZmQf8eRKbaM?list=PLV9vMfXOZP0TjNldWwdJuqg-HHSkcshYU\" frameborder=\"0\" allow=\"accelerometer; autoplay; clipboard-write; encrypted-media; gyroscope; picture-in-picture; web-share\" referrerpolicy=\"strict-origin-when-cross-origin\" allowfullscreen><\/iframe><\/p>\n","protected":false},"excerpt":{"rendered":"<p>&nbsp; O Universo dos Comportamentos Compulsivos: Uma An\u00e1lise no Programa Mente Saud\u00e1vel O Programa Mente Saud\u00e1vel abordou de maneira clara e envolvente os &#8220;Comportamentos Compulsivos&#8221;: O momento do ano que estamos vivendo \u00e9 bem prop\u00edcio para falar sobre compuls\u00e3o, afinal mais bebidas, comidas, gastos e muito mais. A Entrevista com a Psic\u00f3loga Vanessa Durante a [&hellip;]<\/p>\n","protected":false},"author":8,"featured_media":81070,"comment_status":"closed","ping_status":"open","sticky":false,"template":"","format":"standard","meta":{"_acf_changed":false,"_exactmetrics_skip_tracking":false,"_exactmetrics_sitenote_active":false,"_exactmetrics_sitenote_note":"","_exactmetrics_sitenote_category":0,"footnotes":""},"categories":[143],"tags":[],"class_list":["post-81061","post","type-post","status-publish","format-standard","has-post-thumbnail","hentry","category-mente-saudavel"],"acf":[],"yoast_head":"<!-- This site is optimized with the Yoast SEO plugin v27.2 - https:\/\/yoast.com\/product\/yoast-seo-wordpress\/ -->\n<title>Psic\u00f3loga Vanessa Lheti fala sobre os comportamentos compulsivos e impulsivos. - R\u00e1dio Life FM<\/title>\n<meta name=\"robots\" content=\"index, follow, max-snippet:-1, max-image-preview:large, max-video-preview:-1\" \/>\n<link rel=\"canonical\" href=\"https:\/\/radiolifefm.com.br\/noticias\/psicologa-vanessa-lheti-fala-sobre-os-comportamentos-compulsivos-e-impulsivos\/\" \/>\n<meta property=\"og:locale\" content=\"pt_BR\" \/>\n<meta property=\"og:type\" content=\"article\" \/>\n<meta property=\"og:title\" content=\"Psic\u00f3loga Vanessa Lheti fala sobre os comportamentos compulsivos e impulsivos. - R\u00e1dio Life FM\" \/>\n<meta property=\"og:description\" content=\"&nbsp; O Universo dos Comportamentos Compulsivos: Uma An\u00e1lise no Programa Mente Saud\u00e1vel O Programa Mente Saud\u00e1vel abordou de maneira clara e envolvente os &#8220;Comportamentos Compulsivos&#8221;: O momento do ano que estamos vivendo \u00e9 bem prop\u00edcio para falar sobre compuls\u00e3o, afinal mais bebidas, comidas, gastos e muito mais. A Entrevista com a Psic\u00f3loga Vanessa Durante a [&hellip;]\" \/>\n<meta property=\"og:url\" content=\"https:\/\/radiolifefm.com.br\/noticias\/psicologa-vanessa-lheti-fala-sobre-os-comportamentos-compulsivos-e-impulsivos\/\" \/>\n<meta property=\"og:site_name\" content=\"R\u00e1dio Life FM\" \/>\n<meta property=\"article:publisher\" content=\"https:\/\/www.facebook.com\/radiolifefm\/\" \/>\n<meta property=\"article:published_time\" content=\"2023-12-22T15:20:19+00:00\" \/>\n<meta property=\"article:modified_time\" content=\"2026-04-11T09:35:47+00:00\" \/>\n<meta property=\"og:image\" content=\"https:\/\/radiolifefm.com.br\/noticias\/wp-content\/uploads\/2023\/12\/WhatsApp-Image-2023-12-20-at-13.24.52.jpeg\" \/>\n\t<meta property=\"og:image:width\" content=\"1600\" \/>\n\t<meta property=\"og:image:height\" content=\"1200\" \/>\n\t<meta property=\"og:image:type\" content=\"image\/jpeg\" \/>\n<meta name=\"author\" content=\"joaograndao\" \/>\n<meta name=\"twitter:card\" content=\"summary_large_image\" \/>\n<meta name=\"twitter:label1\" content=\"Escrito por\" \/>\n\t<meta name=\"twitter:data1\" content=\"joaograndao\" \/>\n\t<meta name=\"twitter:label2\" content=\"Est. tempo de leitura\" \/>\n\t<meta name=\"twitter:data2\" content=\"2 minutos\" \/>\n<script type=\"application\/ld+json\" class=\"yoast-schema-graph\">{\"@context\":\"https:\/\/schema.org\",\"@graph\":[{\"@type\":\"Article\",\"@id\":\"https:\/\/radiolifefm.com.br\/noticias\/psicologa-vanessa-lheti-fala-sobre-os-comportamentos-compulsivos-e-impulsivos\/#article\",\"isPartOf\":{\"@id\":\"https:\/\/radiolifefm.com.br\/noticias\/psicologa-vanessa-lheti-fala-sobre-os-comportamentos-compulsivos-e-impulsivos\/\"},\"author\":{\"name\":\"joaograndao\",\"@id\":\"https:\/\/radiolifefm.com.br\/noticias\/#\/schema\/person\/6876e1240feffe6e1b63fd5cb85abf28\"},\"headline\":\"Psic\u00f3loga Vanessa Lheti fala sobre os comportamentos compulsivos e impulsivos.\",\"datePublished\":\"2023-12-22T15:20:19+00:00\",\"dateModified\":\"2026-04-11T09:35:47+00:00\",\"mainEntityOfPage\":{\"@id\":\"https:\/\/radiolifefm.com.br\/noticias\/psicologa-vanessa-lheti-fala-sobre-os-comportamentos-compulsivos-e-impulsivos\/\"},\"wordCount\":282,\"publisher\":{\"@id\":\"https:\/\/radiolifefm.com.br\/noticias\/#organization\"},\"image\":{\"@id\":\"https:\/\/radiolifefm.com.br\/noticias\/psicologa-vanessa-lheti-fala-sobre-os-comportamentos-compulsivos-e-impulsivos\/#primaryimage\"},\"thumbnailUrl\":\"https:\/\/radiolifefm.com.br\/noticias\/wp-content\/uploads\/2023\/12\/WhatsApp-Image-2023-12-20-at-13.24.52.jpeg\",\"articleSection\":[\"Mente Saudavel\"],\"inLanguage\":\"pt-BR\"},{\"@type\":\"WebPage\",\"@id\":\"https:\/\/radiolifefm.com.br\/noticias\/psicologa-vanessa-lheti-fala-sobre-os-comportamentos-compulsivos-e-impulsivos\/\",\"url\":\"https:\/\/radiolifefm.com.br\/noticias\/psicologa-vanessa-lheti-fala-sobre-os-comportamentos-compulsivos-e-impulsivos\/\",\"name\":\"Psic\u00f3loga Vanessa Lheti fala sobre os comportamentos compulsivos e impulsivos. - R\u00e1dio Life FM\",\"isPartOf\":{\"@id\":\"https:\/\/radiolifefm.com.br\/noticias\/#website\"},\"primaryImageOfPage\":{\"@id\":\"https:\/\/radiolifefm.com.br\/noticias\/psicologa-vanessa-lheti-fala-sobre-os-comportamentos-compulsivos-e-impulsivos\/#primaryimage\"},\"image\":{\"@id\":\"https:\/\/radiolifefm.com.br\/noticias\/psicologa-vanessa-lheti-fala-sobre-os-comportamentos-compulsivos-e-impulsivos\/#primaryimage\"},\"thumbnailUrl\":\"https:\/\/radiolifefm.com.br\/noticias\/wp-content\/uploads\/2023\/12\/WhatsApp-Image-2023-12-20-at-13.24.52.jpeg\",\"datePublished\":\"2023-12-22T15:20:19+00:00\",\"dateModified\":\"2026-04-11T09:35:47+00:00\",\"breadcrumb\":{\"@id\":\"https:\/\/radiolifefm.com.br\/noticias\/psicologa-vanessa-lheti-fala-sobre-os-comportamentos-compulsivos-e-impulsivos\/#breadcrumb\"},\"inLanguage\":\"pt-BR\",\"potentialAction\":[{\"@type\":\"ReadAction\",\"target\":[\"https:\/\/radiolifefm.com.br\/noticias\/psicologa-vanessa-lheti-fala-sobre-os-comportamentos-compulsivos-e-impulsivos\/\"]}]},{\"@type\":\"ImageObject\",\"inLanguage\":\"pt-BR\",\"@id\":\"https:\/\/radiolifefm.com.br\/noticias\/psicologa-vanessa-lheti-fala-sobre-os-comportamentos-compulsivos-e-impulsivos\/#primaryimage\",\"url\":\"https:\/\/radiolifefm.com.br\/noticias\/wp-content\/uploads\/2023\/12\/WhatsApp-Image-2023-12-20-at-13.24.52.jpeg\",\"contentUrl\":\"https:\/\/radiolifefm.com.br\/noticias\/wp-content\/uploads\/2023\/12\/WhatsApp-Image-2023-12-20-at-13.24.52.jpeg\",\"width\":1600,\"height\":1200},{\"@type\":\"BreadcrumbList\",\"@id\":\"https:\/\/radiolifefm.com.br\/noticias\/psicologa-vanessa-lheti-fala-sobre-os-comportamentos-compulsivos-e-impulsivos\/#breadcrumb\",\"itemListElement\":[{\"@type\":\"ListItem\",\"position\":1,\"name\":\"In\u00edcio\",\"item\":\"https:\/\/radiolifefm.com.br\/noticias\/\"},{\"@type\":\"ListItem\",\"position\":2,\"name\":\"Psic\u00f3loga Vanessa Lheti fala sobre os comportamentos compulsivos e impulsivos.\"}]},{\"@type\":\"WebSite\",\"@id\":\"https:\/\/radiolifefm.com.br\/noticias\/#website\",\"url\":\"https:\/\/radiolifefm.com.br\/noticias\/\",\"name\":\"R\u00e1dio Life FM\",\"description\":\"O Portal de Not\u00edcias de Adamantina\",\"publisher\":{\"@id\":\"https:\/\/radiolifefm.com.br\/noticias\/#organization\"},\"alternateName\":\"Life FM\",\"potentialAction\":[{\"@type\":\"SearchAction\",\"target\":{\"@type\":\"EntryPoint\",\"urlTemplate\":\"https:\/\/radiolifefm.com.br\/noticias\/?s={search_term_string}\"},\"query-input\":{\"@type\":\"PropertyValueSpecification\",\"valueRequired\":true,\"valueName\":\"search_term_string\"}}],\"inLanguage\":\"pt-BR\"},{\"@type\":\"Organization\",\"@id\":\"https:\/\/radiolifefm.com.br\/noticias\/#organization\",\"name\":\"R\u00e1dio Life FM\",\"alternateName\":\"Life FM\",\"url\":\"https:\/\/radiolifefm.com.br\/noticias\/\",\"logo\":{\"@type\":\"ImageObject\",\"inLanguage\":\"pt-BR\",\"@id\":\"https:\/\/radiolifefm.com.br\/noticias\/#\/schema\/logo\/image\/\",\"url\":\"https:\/\/static.radiolifefm.com.br\/noticias\/wp-content\/uploads\/2019\/10\/logo-lifefm.png\",\"contentUrl\":\"https:\/\/static.radiolifefm.com.br\/noticias\/wp-content\/uploads\/2019\/10\/logo-lifefm.png\",\"width\":196,\"height\":47,\"caption\":\"R\u00e1dio Life FM\"},\"image\":{\"@id\":\"https:\/\/radiolifefm.com.br\/noticias\/#\/schema\/logo\/image\/\"},\"sameAs\":[\"https:\/\/www.facebook.com\/radiolifefm\/\",\"https:\/\/www.instagram.com\/life1079fm\/\"]},{\"@type\":\"Person\",\"@id\":\"https:\/\/radiolifefm.com.br\/noticias\/#\/schema\/person\/6876e1240feffe6e1b63fd5cb85abf28\",\"name\":\"joaograndao\",\"image\":{\"@type\":\"ImageObject\",\"inLanguage\":\"pt-BR\",\"@id\":\"https:\/\/secure.gravatar.com\/avatar\/d5b1a3cf357ed9c50404e256a1294083aa8ab5d2a994001567302786016cb32c?s=96&d=mm&r=g\",\"url\":\"https:\/\/secure.gravatar.com\/avatar\/d5b1a3cf357ed9c50404e256a1294083aa8ab5d2a994001567302786016cb32c?s=96&d=mm&r=g\",\"contentUrl\":\"https:\/\/secure.gravatar.com\/avatar\/d5b1a3cf357ed9c50404e256a1294083aa8ab5d2a994001567302786016cb32c?s=96&d=mm&r=g\",\"caption\":\"joaograndao\"}}]}<\/script>\n<!-- \/ Yoast SEO plugin. -->","yoast_head_json":{"title":"Psic\u00f3loga Vanessa Lheti fala sobre os comportamentos compulsivos e impulsivos. - R\u00e1dio Life FM","robots":{"index":"index","follow":"follow","max-snippet":"max-snippet:-1","max-image-preview":"max-image-preview:large","max-video-preview":"max-video-preview:-1"},"canonical":"https:\/\/radiolifefm.com.br\/noticias\/psicologa-vanessa-lheti-fala-sobre-os-comportamentos-compulsivos-e-impulsivos\/","og_locale":"pt_BR","og_type":"article","og_title":"Psic\u00f3loga Vanessa Lheti fala sobre os comportamentos compulsivos e impulsivos. - R\u00e1dio Life FM","og_description":"&nbsp; O Universo dos Comportamentos Compulsivos: Uma An\u00e1lise no Programa Mente Saud\u00e1vel O Programa Mente Saud\u00e1vel abordou de maneira clara e envolvente os &#8220;Comportamentos Compulsivos&#8221;: O momento do ano que estamos vivendo \u00e9 bem prop\u00edcio para falar sobre compuls\u00e3o, afinal mais bebidas, comidas, gastos e muito mais. A Entrevista com a Psic\u00f3loga Vanessa Durante a [&hellip;]","og_url":"https:\/\/radiolifefm.com.br\/noticias\/psicologa-vanessa-lheti-fala-sobre-os-comportamentos-compulsivos-e-impulsivos\/","og_site_name":"R\u00e1dio Life FM","article_publisher":"https:\/\/www.facebook.com\/radiolifefm\/","article_published_time":"2023-12-22T15:20:19+00:00","article_modified_time":"2026-04-11T09:35:47+00:00","og_image":[{"width":1600,"height":1200,"url":"https:\/\/radiolifefm.com.br\/noticias\/wp-content\/uploads\/2023\/12\/WhatsApp-Image-2023-12-20-at-13.24.52.jpeg","type":"image\/jpeg"}],"author":"joaograndao","twitter_card":"summary_large_image","twitter_misc":{"Escrito por":"joaograndao","Est. tempo de leitura":"2 minutos"},"schema":{"@context":"https:\/\/schema.org","@graph":[{"@type":"Article","@id":"https:\/\/radiolifefm.com.br\/noticias\/psicologa-vanessa-lheti-fala-sobre-os-comportamentos-compulsivos-e-impulsivos\/#article","isPartOf":{"@id":"https:\/\/radiolifefm.com.br\/noticias\/psicologa-vanessa-lheti-fala-sobre-os-comportamentos-compulsivos-e-impulsivos\/"},"author":{"name":"joaograndao","@id":"https:\/\/radiolifefm.com.br\/noticias\/#\/schema\/person\/6876e1240feffe6e1b63fd5cb85abf28"},"headline":"Psic\u00f3loga Vanessa Lheti fala sobre os comportamentos compulsivos e impulsivos.","datePublished":"2023-12-22T15:20:19+00:00","dateModified":"2026-04-11T09:35:47+00:00","mainEntityOfPage":{"@id":"https:\/\/radiolifefm.com.br\/noticias\/psicologa-vanessa-lheti-fala-sobre-os-comportamentos-compulsivos-e-impulsivos\/"},"wordCount":282,"publisher":{"@id":"https:\/\/radiolifefm.com.br\/noticias\/#organization"},"image":{"@id":"https:\/\/radiolifefm.com.br\/noticias\/psicologa-vanessa-lheti-fala-sobre-os-comportamentos-compulsivos-e-impulsivos\/#primaryimage"},"thumbnailUrl":"https:\/\/radiolifefm.com.br\/noticias\/wp-content\/uploads\/2023\/12\/WhatsApp-Image-2023-12-20-at-13.24.52.jpeg","articleSection":["Mente Saudavel"],"inLanguage":"pt-BR"},{"@type":"WebPage","@id":"https:\/\/radiolifefm.com.br\/noticias\/psicologa-vanessa-lheti-fala-sobre-os-comportamentos-compulsivos-e-impulsivos\/","url":"https:\/\/radiolifefm.com.br\/noticias\/psicologa-vanessa-lheti-fala-sobre-os-comportamentos-compulsivos-e-impulsivos\/","name":"Psic\u00f3loga Vanessa Lheti fala sobre os comportamentos compulsivos e impulsivos. - R\u00e1dio Life FM","isPartOf":{"@id":"https:\/\/radiolifefm.com.br\/noticias\/#website"},"primaryImageOfPage":{"@id":"https:\/\/radiolifefm.com.br\/noticias\/psicologa-vanessa-lheti-fala-sobre-os-comportamentos-compulsivos-e-impulsivos\/#primaryimage"},"image":{"@id":"https:\/\/radiolifefm.com.br\/noticias\/psicologa-vanessa-lheti-fala-sobre-os-comportamentos-compulsivos-e-impulsivos\/#primaryimage"},"thumbnailUrl":"https:\/\/radiolifefm.com.br\/noticias\/wp-content\/uploads\/2023\/12\/WhatsApp-Image-2023-12-20-at-13.24.52.jpeg","datePublished":"2023-12-22T15:20:19+00:00","dateModified":"2026-04-11T09:35:47+00:00","breadcrumb":{"@id":"https:\/\/radiolifefm.com.br\/noticias\/psicologa-vanessa-lheti-fala-sobre-os-comportamentos-compulsivos-e-impulsivos\/#breadcrumb"},"inLanguage":"pt-BR","potentialAction":[{"@type":"ReadAction","target":["https:\/\/radiolifefm.com.br\/noticias\/psicologa-vanessa-lheti-fala-sobre-os-comportamentos-compulsivos-e-impulsivos\/"]}]},{"@type":"ImageObject","inLanguage":"pt-BR","@id":"https:\/\/radiolifefm.com.br\/noticias\/psicologa-vanessa-lheti-fala-sobre-os-comportamentos-compulsivos-e-impulsivos\/#primaryimage","url":"https:\/\/radiolifefm.com.br\/noticias\/wp-content\/uploads\/2023\/12\/WhatsApp-Image-2023-12-20-at-13.24.52.jpeg","contentUrl":"https:\/\/radiolifefm.com.br\/noticias\/wp-content\/uploads\/2023\/12\/WhatsApp-Image-2023-12-20-at-13.24.52.jpeg","width":1600,"height":1200},{"@type":"BreadcrumbList","@id":"https:\/\/radiolifefm.com.br\/noticias\/psicologa-vanessa-lheti-fala-sobre-os-comportamentos-compulsivos-e-impulsivos\/#breadcrumb","itemListElement":[{"@type":"ListItem","position":1,"name":"In\u00edcio","item":"https:\/\/radiolifefm.com.br\/noticias\/"},{"@type":"ListItem","position":2,"name":"Psic\u00f3loga Vanessa Lheti fala sobre os comportamentos compulsivos e impulsivos."}]},{"@type":"WebSite","@id":"https:\/\/radiolifefm.com.br\/noticias\/#website","url":"https:\/\/radiolifefm.com.br\/noticias\/","name":"R\u00e1dio Life FM","description":"O Portal de Not\u00edcias de Adamantina","publisher":{"@id":"https:\/\/radiolifefm.com.br\/noticias\/#organization"},"alternateName":"Life FM","potentialAction":[{"@type":"SearchAction","target":{"@type":"EntryPoint","urlTemplate":"https:\/\/radiolifefm.com.br\/noticias\/?s={search_term_string}"},"query-input":{"@type":"PropertyValueSpecification","valueRequired":true,"valueName":"search_term_string"}}],"inLanguage":"pt-BR"},{"@type":"Organization","@id":"https:\/\/radiolifefm.com.br\/noticias\/#organization","name":"R\u00e1dio Life FM","alternateName":"Life FM","url":"https:\/\/radiolifefm.com.br\/noticias\/","logo":{"@type":"ImageObject","inLanguage":"pt-BR","@id":"https:\/\/radiolifefm.com.br\/noticias\/#\/schema\/logo\/image\/","url":"https:\/\/static.radiolifefm.com.br\/noticias\/wp-content\/uploads\/2019\/10\/logo-lifefm.png","contentUrl":"https:\/\/static.radiolifefm.com.br\/noticias\/wp-content\/uploads\/2019\/10\/logo-lifefm.png","width":196,"height":47,"caption":"R\u00e1dio Life FM"},"image":{"@id":"https:\/\/radiolifefm.com.br\/noticias\/#\/schema\/logo\/image\/"},"sameAs":["https:\/\/www.facebook.com\/radiolifefm\/","https:\/\/www.instagram.com\/life1079fm\/"]},{"@type":"Person","@id":"https:\/\/radiolifefm.com.br\/noticias\/#\/schema\/person\/6876e1240feffe6e1b63fd5cb85abf28","name":"joaograndao","image":{"@type":"ImageObject","inLanguage":"pt-BR","@id":"https:\/\/secure.gravatar.com\/avatar\/d5b1a3cf357ed9c50404e256a1294083aa8ab5d2a994001567302786016cb32c?s=96&d=mm&r=g","url":"https:\/\/secure.gravatar.com\/avatar\/d5b1a3cf357ed9c50404e256a1294083aa8ab5d2a994001567302786016cb32c?s=96&d=mm&r=g","contentUrl":"https:\/\/secure.gravatar.com\/avatar\/d5b1a3cf357ed9c50404e256a1294083aa8ab5d2a994001567302786016cb32c?s=96&d=mm&r=g","caption":"joaograndao"}}]}},"amp_enabled":true,"_links":{"self":[{"href":"https:\/\/radiolifefm.com.br\/noticias\/wp-json\/wp\/v2\/posts\/81061","targetHints":{"allow":["GET"]}}],"collection":[{"href":"https:\/\/radiolifefm.com.br\/noticias\/wp-json\/wp\/v2\/posts"}],"about":[{"href":"https:\/\/radiolifefm.com.br\/noticias\/wp-json\/wp\/v2\/types\/post"}],"author":[{"embeddable":true,"href":"https:\/\/radiolifefm.com.br\/noticias\/wp-json\/wp\/v2\/users\/8"}],"replies":[{"embeddable":true,"href":"https:\/\/radiolifefm.com.br\/noticias\/wp-json\/wp\/v2\/comments?post=81061"}],"version-history":[{"count":1,"href":"https:\/\/radiolifefm.com.br\/noticias\/wp-json\/wp\/v2\/posts\/81061\/revisions"}],"predecessor-version":[{"id":81071,"href":"https:\/\/radiolifefm.com.br\/noticias\/wp-json\/wp\/v2\/posts\/81061\/revisions\/81071"}],"wp:featuredmedia":[{"embeddable":true,"href":"https:\/\/radiolifefm.com.br\/noticias\/wp-json\/wp\/v2\/media\/81070"}],"wp:attachment":[{"href":"https:\/\/radiolifefm.com.br\/noticias\/wp-json\/wp\/v2\/media?parent=81061"}],"wp:term":[{"taxonomy":"category","embeddable":true,"href":"https:\/\/radiolifefm.com.br\/noticias\/wp-json\/wp\/v2\/categories?post=81061"},{"taxonomy":"post_tag","embeddable":true,"href":"https:\/\/radiolifefm.com.br\/noticias\/wp-json\/wp\/v2\/tags?post=81061"}],"curies":[{"name":"wp","href":"https:\/\/api.w.org\/{rel}","templated":true}]}}