{"id":81009,"date":"2023-12-22T09:32:48","date_gmt":"2023-12-22T12:32:48","guid":{"rendered":"https:\/\/radiolifefm.com.br\/noticias\/?p=81009"},"modified":"2026-03-23T11:20:12","modified_gmt":"2026-03-23T14:20:12","slug":"das-ligas-camponesas-para-uma-provincia-do-faz-de-conta-em-ritmo-natalino","status":"publish","type":"post","link":"https:\/\/radiolifefm.com.br\/noticias\/das-ligas-camponesas-para-uma-provincia-do-faz-de-conta-em-ritmo-natalino\/","title":{"rendered":"Das LIGAS CAMPONESAS para uma PROV\u00cdNCIA DO FAZ DE CONTA em ritmo NATALINO&#8230;"},"content":{"rendered":"<div id=\"fb-root\"><\/div>\n<p>&nbsp;<\/p>\n<p><strong><em>&#8220;Nunca me preocupei com r\u00f3tulos. O r\u00f3tulo de radical, conciliador, n\u00e3o tem nenhum sentido para mim, como n\u00e3o tinha sentido me chamarem de comunista no passado. O que importa \u00e9 a pr\u00e1tica pol\u00edtica; o que importa s\u00e3o os posicionamentos que se tomam ao lado de determinadas camadas sociais em defesa de teses que interessam \u00e0 na\u00e7\u00e3o como um todo&#8221;. (Miguel Arraes\/1983)<\/em><\/strong><\/p>\n<p><strong>By seb@r.<\/strong><\/p>\n<p>Em tempo de per\u00edodo NATALINO, talvez possa ocorrer alguma coisa de interessante neste CEN\u00c1RIO PROVINCIANO, por\u00e9m, como sempre, TUDO PODE ACONTECER e assim por diante&#8230;<\/p>\n<p>Se bem que na semana passada, isso \u00e9, no s\u00e1bado, realizou-se a solenidade de posse da DIRETORIA DO PSB nesta PROV\u00cdNCIA DO FAZ DE CONTA, portanto, dependendo de cada OLHAR frente a mesmice de sempre, pode-se considerar que se trata de um FATO mais do que inusitado e ponto quase final&#8230;<\/p>\n<p>Todavia, ainda, deve-se levar em conta que em TERRAS PROVINCIANAS, tal proposta pol\u00edtica est\u00e1 al\u00e9m do esperado, ainda mais com tantas MENTES MED\u00cdOCRES soltas nos quatro cantos desta PROV\u00cdNCIA DO FAZ DE CONTA&#8230;<\/p>\n<p>Tamb\u00e9m, n\u00e3o se pode deixar de lado aquela CAMBADA DE ALOPRADOS\/AS que sempre est\u00e3o VIRANDO \u00c0 DIREITA VOLVER, haja vista que continuam acreditando que a TERRA \u00c9 PLANA em pleno s\u00e9culo XXI&#8230;<\/p>\n<p>Mesmo que seja BRASILEIRO, ou seja, o PARTIDO SOCIALISTA, bem como, com uma DIRETORIA que est\u00e1 al\u00e9m do SENSO COMUM em n\u00edvel GLOCAL, a saber: do GLOBAL para o LOCAL&#8230;<\/p>\n<p>Desta forma, tudo indica que o CEN\u00c1RIO POL\u00cdTICO local daqui pra frente pode apresentar NOVAS PROPOSTAS, por\u00e9m, TODO CUIDADO \u00c9 POUCO com as denominadas ALIAN\u00c7AS em nome desta ou daquela BANDEIRA PARTID\u00c1RIA com suas TROCAS NADA SIMB\u00d3LICAS&#8230;<\/p>\n<p>Tudo pode ser em meio aos DESENCONTROS mediados pelos interesses de sempre, principalmente aqueles que est\u00e3o por debaixo do TAPETE (sic) ou nos ACERTOS que ocorrem sempre nos BASTIDORES PROVINCIANOS&#8230;<\/p>\n<p>Na realidade, ainda, como diz o dito popular, MUITA \u00c1GUA VAI PASSAR POR DEBAIXO DESSA PONTE, tendo em vista que o PODER CORROMPE como afirmou o pensador do outro tempo deste tempo&#8230;<\/p>\n<p>Diversos nomes de fizeram presentes no s\u00e1bado para uma poss\u00edvel aproxima\u00e7\u00e3o com o PSB, assim, nada melhor do que esperar pelos pr\u00f3ximos passos do PARTIDO nesta PROV\u00cdNCIA DO FAZ DE CONTA, tendo em vista que os MAN\u00c9S PERDERAM em 2022 e continuam acreditando em TEORIAS CONSPIRAT\u00d3RIAS&#8230;<\/p>\n<p>A pergunta que ficar no ar, a saber: QUAL SERIA O LADO DE MIGUEL ARRAES nestes OCASOS patrocinados pelos interesses do PODER em busca do PODER em nome do PODER&#8230;<\/p>\n<p>Ah! Que neste NATAL tudo possa ser REPENSADO para muitas APROXIMA\u00c7\u00d5ES em nome da PAZ em n\u00edvel MUNDIAL&#8230;<\/p>\n<p>Finalizando, QUEM SOBREVIVER VAI SABER&#8230;<\/p>\n<p>AVE FRACISCO JULI\u00c3O!<\/p>\n<p>&nbsp;<\/p>\n","protected":false},"excerpt":{"rendered":"<p>&nbsp; &#8220;Nunca me preocupei com r\u00f3tulos. O r\u00f3tulo de radical, conciliador, n\u00e3o tem nenhum sentido para mim, como n\u00e3o tinha sentido me chamarem de comunista no passado. O que importa \u00e9 a pr\u00e1tica pol\u00edtica; o que importa s\u00e3o os posicionamentos que se tomam ao lado de determinadas camadas sociais em defesa de teses que interessam [&hellip;]<\/p>\n","protected":false},"author":13,"featured_media":51988,"comment_status":"closed","ping_status":"open","sticky":false,"template":"","format":"standard","meta":{"_acf_changed":false,"_exactmetrics_skip_tracking":false,"_exactmetrics_sitenote_active":false,"_exactmetrics_sitenote_note":"","_exactmetrics_sitenote_category":0,"footnotes":""},"categories":[59],"tags":[],"class_list":["post-81009","post","type-post","status-publish","format-standard","has-post-thumbnail","hentry","category-opiniao"],"acf":[],"yoast_head":"<!-- This site is optimized with the Yoast SEO plugin v27.2 - https:\/\/yoast.com\/product\/yoast-seo-wordpress\/ -->\n<title>Das LIGAS CAMPONESAS para uma PROV\u00cdNCIA DO FAZ DE CONTA em ritmo NATALINO... - R\u00e1dio Life FM<\/title>\n<meta name=\"robots\" content=\"index, follow, max-snippet:-1, max-image-preview:large, max-video-preview:-1\" \/>\n<link rel=\"canonical\" href=\"https:\/\/radiolifefm.com.br\/noticias\/das-ligas-camponesas-para-uma-provincia-do-faz-de-conta-em-ritmo-natalino\/\" \/>\n<meta property=\"og:locale\" content=\"pt_BR\" \/>\n<meta property=\"og:type\" content=\"article\" \/>\n<meta property=\"og:title\" content=\"Das LIGAS CAMPONESAS para uma PROV\u00cdNCIA DO FAZ DE CONTA em ritmo NATALINO... - R\u00e1dio Life FM\" \/>\n<meta property=\"og:description\" content=\"&nbsp; &#8220;Nunca me preocupei com r\u00f3tulos. O r\u00f3tulo de radical, conciliador, n\u00e3o tem nenhum sentido para mim, como n\u00e3o tinha sentido me chamarem de comunista no passado. O que importa \u00e9 a pr\u00e1tica pol\u00edtica; o que importa s\u00e3o os posicionamentos que se tomam ao lado de determinadas camadas sociais em defesa de teses que interessam [&hellip;]\" \/>\n<meta property=\"og:url\" content=\"https:\/\/radiolifefm.com.br\/noticias\/das-ligas-camponesas-para-uma-provincia-do-faz-de-conta-em-ritmo-natalino\/\" \/>\n<meta property=\"og:site_name\" content=\"R\u00e1dio Life FM\" \/>\n<meta property=\"article:publisher\" content=\"https:\/\/www.facebook.com\/radiolifefm\/\" \/>\n<meta property=\"article:published_time\" content=\"2023-12-22T12:32:48+00:00\" \/>\n<meta property=\"article:modified_time\" content=\"2026-03-23T14:20:12+00:00\" \/>\n<meta property=\"og:image\" content=\"https:\/\/radiolifefm.com.br\/noticias\/wp-content\/uploads\/2022\/04\/WhatsApp-Image-2022-04-10-at-18.43.02.jpeg\" \/>\n\t<meta property=\"og:image:width\" content=\"972\" \/>\n\t<meta property=\"og:image:height\" content=\"1296\" \/>\n\t<meta property=\"og:image:type\" content=\"image\/jpeg\" \/>\n<meta name=\"author\" content=\"ritanery\" \/>\n<meta name=\"twitter:card\" content=\"summary_large_image\" \/>\n<meta name=\"twitter:label1\" content=\"Escrito por\" \/>\n\t<meta name=\"twitter:data1\" content=\"ritanery\" \/>\n\t<meta name=\"twitter:label2\" content=\"Est. tempo de leitura\" \/>\n\t<meta name=\"twitter:data2\" content=\"3 minutos\" \/>\n<script type=\"application\/ld+json\" class=\"yoast-schema-graph\">{\"@context\":\"https:\/\/schema.org\",\"@graph\":[{\"@type\":\"Article\",\"@id\":\"https:\/\/radiolifefm.com.br\/noticias\/das-ligas-camponesas-para-uma-provincia-do-faz-de-conta-em-ritmo-natalino\/#article\",\"isPartOf\":{\"@id\":\"https:\/\/radiolifefm.com.br\/noticias\/das-ligas-camponesas-para-uma-provincia-do-faz-de-conta-em-ritmo-natalino\/\"},\"author\":{\"name\":\"ritanery\",\"@id\":\"https:\/\/radiolifefm.com.br\/noticias\/#\/schema\/person\/6339b9fac59d12b071dec680d7375d87\"},\"headline\":\"Das LIGAS CAMPONESAS para uma PROV\u00cdNCIA DO FAZ DE CONTA em ritmo NATALINO&#8230;\",\"datePublished\":\"2023-12-22T12:32:48+00:00\",\"dateModified\":\"2026-03-23T14:20:12+00:00\",\"mainEntityOfPage\":{\"@id\":\"https:\/\/radiolifefm.com.br\/noticias\/das-ligas-camponesas-para-uma-provincia-do-faz-de-conta-em-ritmo-natalino\/\"},\"wordCount\":486,\"publisher\":{\"@id\":\"https:\/\/radiolifefm.com.br\/noticias\/#organization\"},\"image\":{\"@id\":\"https:\/\/radiolifefm.com.br\/noticias\/das-ligas-camponesas-para-uma-provincia-do-faz-de-conta-em-ritmo-natalino\/#primaryimage\"},\"thumbnailUrl\":\"https:\/\/radiolifefm.com.br\/noticias\/wp-content\/uploads\/2022\/04\/WhatsApp-Image-2022-04-10-at-18.43.02.jpeg\",\"articleSection\":[\"Opini\u00e3o\"],\"inLanguage\":\"pt-BR\"},{\"@type\":\"WebPage\",\"@id\":\"https:\/\/radiolifefm.com.br\/noticias\/das-ligas-camponesas-para-uma-provincia-do-faz-de-conta-em-ritmo-natalino\/\",\"url\":\"https:\/\/radiolifefm.com.br\/noticias\/das-ligas-camponesas-para-uma-provincia-do-faz-de-conta-em-ritmo-natalino\/\",\"name\":\"Das LIGAS CAMPONESAS para uma PROV\u00cdNCIA DO FAZ DE CONTA em ritmo NATALINO... - R\u00e1dio Life FM\",\"isPartOf\":{\"@id\":\"https:\/\/radiolifefm.com.br\/noticias\/#website\"},\"primaryImageOfPage\":{\"@id\":\"https:\/\/radiolifefm.com.br\/noticias\/das-ligas-camponesas-para-uma-provincia-do-faz-de-conta-em-ritmo-natalino\/#primaryimage\"},\"image\":{\"@id\":\"https:\/\/radiolifefm.com.br\/noticias\/das-ligas-camponesas-para-uma-provincia-do-faz-de-conta-em-ritmo-natalino\/#primaryimage\"},\"thumbnailUrl\":\"https:\/\/radiolifefm.com.br\/noticias\/wp-content\/uploads\/2022\/04\/WhatsApp-Image-2022-04-10-at-18.43.02.jpeg\",\"datePublished\":\"2023-12-22T12:32:48+00:00\",\"dateModified\":\"2026-03-23T14:20:12+00:00\",\"breadcrumb\":{\"@id\":\"https:\/\/radiolifefm.com.br\/noticias\/das-ligas-camponesas-para-uma-provincia-do-faz-de-conta-em-ritmo-natalino\/#breadcrumb\"},\"inLanguage\":\"pt-BR\",\"potentialAction\":[{\"@type\":\"ReadAction\",\"target\":[\"https:\/\/radiolifefm.com.br\/noticias\/das-ligas-camponesas-para-uma-provincia-do-faz-de-conta-em-ritmo-natalino\/\"]}]},{\"@type\":\"ImageObject\",\"inLanguage\":\"pt-BR\",\"@id\":\"https:\/\/radiolifefm.com.br\/noticias\/das-ligas-camponesas-para-uma-provincia-do-faz-de-conta-em-ritmo-natalino\/#primaryimage\",\"url\":\"https:\/\/radiolifefm.com.br\/noticias\/wp-content\/uploads\/2022\/04\/WhatsApp-Image-2022-04-10-at-18.43.02.jpeg\",\"contentUrl\":\"https:\/\/radiolifefm.com.br\/noticias\/wp-content\/uploads\/2022\/04\/WhatsApp-Image-2022-04-10-at-18.43.02.jpeg\",\"width\":972,\"height\":1296,\"caption\":\"S\u00e9rgio Barbosa\"},{\"@type\":\"BreadcrumbList\",\"@id\":\"https:\/\/radiolifefm.com.br\/noticias\/das-ligas-camponesas-para-uma-provincia-do-faz-de-conta-em-ritmo-natalino\/#breadcrumb\",\"itemListElement\":[{\"@type\":\"ListItem\",\"position\":1,\"name\":\"In\u00edcio\",\"item\":\"https:\/\/radiolifefm.com.br\/noticias\/\"},{\"@type\":\"ListItem\",\"position\":2,\"name\":\"Das LIGAS CAMPONESAS para uma PROV\u00cdNCIA DO FAZ DE CONTA em ritmo NATALINO&#8230;\"}]},{\"@type\":\"WebSite\",\"@id\":\"https:\/\/radiolifefm.com.br\/noticias\/#website\",\"url\":\"https:\/\/radiolifefm.com.br\/noticias\/\",\"name\":\"R\u00e1dio Life FM\",\"description\":\"O Portal de Not\u00edcias de Adamantina\",\"publisher\":{\"@id\":\"https:\/\/radiolifefm.com.br\/noticias\/#organization\"},\"alternateName\":\"Life FM\",\"potentialAction\":[{\"@type\":\"SearchAction\",\"target\":{\"@type\":\"EntryPoint\",\"urlTemplate\":\"https:\/\/radiolifefm.com.br\/noticias\/?s={search_term_string}\"},\"query-input\":{\"@type\":\"PropertyValueSpecification\",\"valueRequired\":true,\"valueName\":\"search_term_string\"}}],\"inLanguage\":\"pt-BR\"},{\"@type\":\"Organization\",\"@id\":\"https:\/\/radiolifefm.com.br\/noticias\/#organization\",\"name\":\"R\u00e1dio Life FM\",\"alternateName\":\"Life FM\",\"url\":\"https:\/\/radiolifefm.com.br\/noticias\/\",\"logo\":{\"@type\":\"ImageObject\",\"inLanguage\":\"pt-BR\",\"@id\":\"https:\/\/radiolifefm.com.br\/noticias\/#\/schema\/logo\/image\/\",\"url\":\"https:\/\/static.radiolifefm.com.br\/noticias\/wp-content\/uploads\/2019\/10\/logo-lifefm.png\",\"contentUrl\":\"https:\/\/static.radiolifefm.com.br\/noticias\/wp-content\/uploads\/2019\/10\/logo-lifefm.png\",\"width\":196,\"height\":47,\"caption\":\"R\u00e1dio Life FM\"},\"image\":{\"@id\":\"https:\/\/radiolifefm.com.br\/noticias\/#\/schema\/logo\/image\/\"},\"sameAs\":[\"https:\/\/www.facebook.com\/radiolifefm\/\",\"https:\/\/www.instagram.com\/life1079fm\/\"]},{\"@type\":\"Person\",\"@id\":\"https:\/\/radiolifefm.com.br\/noticias\/#\/schema\/person\/6339b9fac59d12b071dec680d7375d87\",\"name\":\"ritanery\",\"image\":{\"@type\":\"ImageObject\",\"inLanguage\":\"pt-BR\",\"@id\":\"https:\/\/secure.gravatar.com\/avatar\/0e37bb19071f47c0b8a23f62a903df117c5a0e75f65a0c2901562f97cd41cf86?s=96&d=mm&r=g\",\"url\":\"https:\/\/secure.gravatar.com\/avatar\/0e37bb19071f47c0b8a23f62a903df117c5a0e75f65a0c2901562f97cd41cf86?s=96&d=mm&r=g\",\"contentUrl\":\"https:\/\/secure.gravatar.com\/avatar\/0e37bb19071f47c0b8a23f62a903df117c5a0e75f65a0c2901562f97cd41cf86?s=96&d=mm&r=g\",\"caption\":\"ritanery\"}}]}<\/script>\n<!-- \/ Yoast SEO plugin. -->","yoast_head_json":{"title":"Das LIGAS CAMPONESAS para uma PROV\u00cdNCIA DO FAZ DE CONTA em ritmo NATALINO... - R\u00e1dio Life FM","robots":{"index":"index","follow":"follow","max-snippet":"max-snippet:-1","max-image-preview":"max-image-preview:large","max-video-preview":"max-video-preview:-1"},"canonical":"https:\/\/radiolifefm.com.br\/noticias\/das-ligas-camponesas-para-uma-provincia-do-faz-de-conta-em-ritmo-natalino\/","og_locale":"pt_BR","og_type":"article","og_title":"Das LIGAS CAMPONESAS para uma PROV\u00cdNCIA DO FAZ DE CONTA em ritmo NATALINO... - R\u00e1dio Life FM","og_description":"&nbsp; &#8220;Nunca me preocupei com r\u00f3tulos. O r\u00f3tulo de radical, conciliador, n\u00e3o tem nenhum sentido para mim, como n\u00e3o tinha sentido me chamarem de comunista no passado. O que importa \u00e9 a pr\u00e1tica pol\u00edtica; o que importa s\u00e3o os posicionamentos que se tomam ao lado de determinadas camadas sociais em defesa de teses que interessam [&hellip;]","og_url":"https:\/\/radiolifefm.com.br\/noticias\/das-ligas-camponesas-para-uma-provincia-do-faz-de-conta-em-ritmo-natalino\/","og_site_name":"R\u00e1dio Life FM","article_publisher":"https:\/\/www.facebook.com\/radiolifefm\/","article_published_time":"2023-12-22T12:32:48+00:00","article_modified_time":"2026-03-23T14:20:12+00:00","og_image":[{"width":972,"height":1296,"url":"https:\/\/radiolifefm.com.br\/noticias\/wp-content\/uploads\/2022\/04\/WhatsApp-Image-2022-04-10-at-18.43.02.jpeg","type":"image\/jpeg"}],"author":"ritanery","twitter_card":"summary_large_image","twitter_misc":{"Escrito por":"ritanery","Est. tempo de leitura":"3 minutos"},"schema":{"@context":"https:\/\/schema.org","@graph":[{"@type":"Article","@id":"https:\/\/radiolifefm.com.br\/noticias\/das-ligas-camponesas-para-uma-provincia-do-faz-de-conta-em-ritmo-natalino\/#article","isPartOf":{"@id":"https:\/\/radiolifefm.com.br\/noticias\/das-ligas-camponesas-para-uma-provincia-do-faz-de-conta-em-ritmo-natalino\/"},"author":{"name":"ritanery","@id":"https:\/\/radiolifefm.com.br\/noticias\/#\/schema\/person\/6339b9fac59d12b071dec680d7375d87"},"headline":"Das LIGAS CAMPONESAS para uma PROV\u00cdNCIA DO FAZ DE CONTA em ritmo NATALINO&#8230;","datePublished":"2023-12-22T12:32:48+00:00","dateModified":"2026-03-23T14:20:12+00:00","mainEntityOfPage":{"@id":"https:\/\/radiolifefm.com.br\/noticias\/das-ligas-camponesas-para-uma-provincia-do-faz-de-conta-em-ritmo-natalino\/"},"wordCount":486,"publisher":{"@id":"https:\/\/radiolifefm.com.br\/noticias\/#organization"},"image":{"@id":"https:\/\/radiolifefm.com.br\/noticias\/das-ligas-camponesas-para-uma-provincia-do-faz-de-conta-em-ritmo-natalino\/#primaryimage"},"thumbnailUrl":"https:\/\/radiolifefm.com.br\/noticias\/wp-content\/uploads\/2022\/04\/WhatsApp-Image-2022-04-10-at-18.43.02.jpeg","articleSection":["Opini\u00e3o"],"inLanguage":"pt-BR"},{"@type":"WebPage","@id":"https:\/\/radiolifefm.com.br\/noticias\/das-ligas-camponesas-para-uma-provincia-do-faz-de-conta-em-ritmo-natalino\/","url":"https:\/\/radiolifefm.com.br\/noticias\/das-ligas-camponesas-para-uma-provincia-do-faz-de-conta-em-ritmo-natalino\/","name":"Das LIGAS CAMPONESAS para uma PROV\u00cdNCIA DO FAZ DE CONTA em ritmo NATALINO... - R\u00e1dio Life FM","isPartOf":{"@id":"https:\/\/radiolifefm.com.br\/noticias\/#website"},"primaryImageOfPage":{"@id":"https:\/\/radiolifefm.com.br\/noticias\/das-ligas-camponesas-para-uma-provincia-do-faz-de-conta-em-ritmo-natalino\/#primaryimage"},"image":{"@id":"https:\/\/radiolifefm.com.br\/noticias\/das-ligas-camponesas-para-uma-provincia-do-faz-de-conta-em-ritmo-natalino\/#primaryimage"},"thumbnailUrl":"https:\/\/radiolifefm.com.br\/noticias\/wp-content\/uploads\/2022\/04\/WhatsApp-Image-2022-04-10-at-18.43.02.jpeg","datePublished":"2023-12-22T12:32:48+00:00","dateModified":"2026-03-23T14:20:12+00:00","breadcrumb":{"@id":"https:\/\/radiolifefm.com.br\/noticias\/das-ligas-camponesas-para-uma-provincia-do-faz-de-conta-em-ritmo-natalino\/#breadcrumb"},"inLanguage":"pt-BR","potentialAction":[{"@type":"ReadAction","target":["https:\/\/radiolifefm.com.br\/noticias\/das-ligas-camponesas-para-uma-provincia-do-faz-de-conta-em-ritmo-natalino\/"]}]},{"@type":"ImageObject","inLanguage":"pt-BR","@id":"https:\/\/radiolifefm.com.br\/noticias\/das-ligas-camponesas-para-uma-provincia-do-faz-de-conta-em-ritmo-natalino\/#primaryimage","url":"https:\/\/radiolifefm.com.br\/noticias\/wp-content\/uploads\/2022\/04\/WhatsApp-Image-2022-04-10-at-18.43.02.jpeg","contentUrl":"https:\/\/radiolifefm.com.br\/noticias\/wp-content\/uploads\/2022\/04\/WhatsApp-Image-2022-04-10-at-18.43.02.jpeg","width":972,"height":1296,"caption":"S\u00e9rgio Barbosa"},{"@type":"BreadcrumbList","@id":"https:\/\/radiolifefm.com.br\/noticias\/das-ligas-camponesas-para-uma-provincia-do-faz-de-conta-em-ritmo-natalino\/#breadcrumb","itemListElement":[{"@type":"ListItem","position":1,"name":"In\u00edcio","item":"https:\/\/radiolifefm.com.br\/noticias\/"},{"@type":"ListItem","position":2,"name":"Das LIGAS CAMPONESAS para uma PROV\u00cdNCIA DO FAZ DE CONTA em ritmo NATALINO&#8230;"}]},{"@type":"WebSite","@id":"https:\/\/radiolifefm.com.br\/noticias\/#website","url":"https:\/\/radiolifefm.com.br\/noticias\/","name":"R\u00e1dio Life FM","description":"O Portal de Not\u00edcias de Adamantina","publisher":{"@id":"https:\/\/radiolifefm.com.br\/noticias\/#organization"},"alternateName":"Life FM","potentialAction":[{"@type":"SearchAction","target":{"@type":"EntryPoint","urlTemplate":"https:\/\/radiolifefm.com.br\/noticias\/?s={search_term_string}"},"query-input":{"@type":"PropertyValueSpecification","valueRequired":true,"valueName":"search_term_string"}}],"inLanguage":"pt-BR"},{"@type":"Organization","@id":"https:\/\/radiolifefm.com.br\/noticias\/#organization","name":"R\u00e1dio Life FM","alternateName":"Life FM","url":"https:\/\/radiolifefm.com.br\/noticias\/","logo":{"@type":"ImageObject","inLanguage":"pt-BR","@id":"https:\/\/radiolifefm.com.br\/noticias\/#\/schema\/logo\/image\/","url":"https:\/\/static.radiolifefm.com.br\/noticias\/wp-content\/uploads\/2019\/10\/logo-lifefm.png","contentUrl":"https:\/\/static.radiolifefm.com.br\/noticias\/wp-content\/uploads\/2019\/10\/logo-lifefm.png","width":196,"height":47,"caption":"R\u00e1dio Life FM"},"image":{"@id":"https:\/\/radiolifefm.com.br\/noticias\/#\/schema\/logo\/image\/"},"sameAs":["https:\/\/www.facebook.com\/radiolifefm\/","https:\/\/www.instagram.com\/life1079fm\/"]},{"@type":"Person","@id":"https:\/\/radiolifefm.com.br\/noticias\/#\/schema\/person\/6339b9fac59d12b071dec680d7375d87","name":"ritanery","image":{"@type":"ImageObject","inLanguage":"pt-BR","@id":"https:\/\/secure.gravatar.com\/avatar\/0e37bb19071f47c0b8a23f62a903df117c5a0e75f65a0c2901562f97cd41cf86?s=96&d=mm&r=g","url":"https:\/\/secure.gravatar.com\/avatar\/0e37bb19071f47c0b8a23f62a903df117c5a0e75f65a0c2901562f97cd41cf86?s=96&d=mm&r=g","contentUrl":"https:\/\/secure.gravatar.com\/avatar\/0e37bb19071f47c0b8a23f62a903df117c5a0e75f65a0c2901562f97cd41cf86?s=96&d=mm&r=g","caption":"ritanery"}}]}},"amp_enabled":true,"_links":{"self":[{"href":"https:\/\/radiolifefm.com.br\/noticias\/wp-json\/wp\/v2\/posts\/81009","targetHints":{"allow":["GET"]}}],"collection":[{"href":"https:\/\/radiolifefm.com.br\/noticias\/wp-json\/wp\/v2\/posts"}],"about":[{"href":"https:\/\/radiolifefm.com.br\/noticias\/wp-json\/wp\/v2\/types\/post"}],"author":[{"embeddable":true,"href":"https:\/\/radiolifefm.com.br\/noticias\/wp-json\/wp\/v2\/users\/13"}],"replies":[{"embeddable":true,"href":"https:\/\/radiolifefm.com.br\/noticias\/wp-json\/wp\/v2\/comments?post=81009"}],"version-history":[{"count":1,"href":"https:\/\/radiolifefm.com.br\/noticias\/wp-json\/wp\/v2\/posts\/81009\/revisions"}],"predecessor-version":[{"id":81010,"href":"https:\/\/radiolifefm.com.br\/noticias\/wp-json\/wp\/v2\/posts\/81009\/revisions\/81010"}],"wp:featuredmedia":[{"embeddable":true,"href":"https:\/\/radiolifefm.com.br\/noticias\/wp-json\/wp\/v2\/media\/51988"}],"wp:attachment":[{"href":"https:\/\/radiolifefm.com.br\/noticias\/wp-json\/wp\/v2\/media?parent=81009"}],"wp:term":[{"taxonomy":"category","embeddable":true,"href":"https:\/\/radiolifefm.com.br\/noticias\/wp-json\/wp\/v2\/categories?post=81009"},{"taxonomy":"post_tag","embeddable":true,"href":"https:\/\/radiolifefm.com.br\/noticias\/wp-json\/wp\/v2\/tags?post=81009"}],"curies":[{"name":"wp","href":"https:\/\/api.w.org\/{rel}","templated":true}]}}