{"id":80815,"date":"2023-12-18T08:26:24","date_gmt":"2023-12-18T11:26:24","guid":{"rendered":"https:\/\/radiolifefm.com.br\/noticias\/?p=80815"},"modified":"2026-01-22T17:12:01","modified_gmt":"2026-01-22T20:12:01","slug":"tudo-junto-misturado-nesta-provincia-do-faz-de-conta","status":"publish","type":"post","link":"https:\/\/radiolifefm.com.br\/noticias\/tudo-junto-misturado-nesta-provincia-do-faz-de-conta\/","title":{"rendered":"Tudo junto MISTURADO nesta PROV\u00cdNCIA DO FAZ DE CONTA&#8230;"},"content":{"rendered":"<div id=\"fb-root\"><\/div>\n<p><strong><em>\u201cH\u00e1 tr\u00eas esp\u00e9cies de c\u00e9rebros: uns entendem por si pr\u00f3prios; os outros discernem o que os primeiros entendem; e os terceiros n\u00e3o entendem nem por si pr\u00f3prios nem pelos outros; os primeiros s\u00e3o excelent\u00edssimos; os segundos excelentes; e os terceiros totalmente in\u00fateis.\u201d (<\/em><\/strong><a href=\"https:\/\/www.pensador.com\/autor\/maquiavel\/\"><strong><em>Maquiavel<\/em><\/strong><\/a><strong><em>)<\/em><\/strong><\/p>\n<p><strong><em>\u00a0<\/em><\/strong><\/p>\n<p><strong>By seb@r.<\/strong><\/p>\n<p>Isso mesmo leitores\/as em geral, pois, do jeito que as coisas est\u00e3o CAMINHANDO nos quatro cantos PROVINCIANOS, pode-se esperar tudo e mais alguma coisa quanto aos DESENCONTROS patrocinado pelos\/as POLITIQUEIROS\/AS de plant\u00e3o&#8230;<\/p>\n<p>Al\u00e9m do mais em meio ao tudo de menos, n\u00e3o tem como deixar de lado a GEST\u00c3O PINOQUIANA, ainda, que pelo jeito continua PATINANDO no mesmo lugar de sempre que \u00e9 o SENSO COMUM&#8230;<\/p>\n<p>Deve-se considerar que o FILHOTE n\u00e3o emplacou como nome do DITO CUJO e assim por diante, por\u00e9m, NADA COMO UM DIA DEPOIS DO OUTRO, portanto, cada qual com suas ESCOLHAS quanto a este ou ao outro lado de um mesmo lado&#8230;<\/p>\n<p>Faz anos e anos que o JOGO \u00e9 o mesmo, ou seja, VICIADO e com suas TROCAS NADA SIMB\u00d3LICAS, ou seja, para fazer todos os ACORDOS necess\u00e1rios para manter o STATUS QUO do PODER LOCAL&#8230;<\/p>\n<p>Al\u00e9m disto ou daquilo, deve-se, tamb\u00e9m, levar em conta, isso \u00e9, da COMUNIDADE em n\u00edvel REGIOCAL, a saber, do REGIONAL PARA O LOCAL, a tal PRIVATIZA\u00c7\u00c3O DA SABESP, portanto, tudo indica que estaremos neste GOVERNO ESTADUAL recuperando os BONS E MAUS TEMPOS da tal PRIVATARIA TUCANA, por\u00e9m, agora em estilo das MENTES MED\u00cdOCRES&#8230;<\/p>\n<p>Por isso e mais aquilo, MUDAM AS MOSCAS, MAS A M&#8230; \u00c9 SEMPRE A MESMA em terras PROVINCIANAS, todavia, cada qual deve saber por onde SAIR sem ENTRAR neste CEN\u00c1RIO TRAGIC\u00d4MICO&#8230;<\/p>\n<p>O que n\u00e3o falta por aqui s\u00e3o os tais ALOPRADOS travestidos de DEFENSORES dos BONS COSTUMES, tal qual aquela cambada que gosta de VIRAR \u00c0 DIREITA VOLVER, desta forma, TODO CUIDADO \u00c9 POUCO com esse ex\u00e9rcito (sic) de MAN\u00c9S PROVINCIANOS&#8230;<\/p>\n<p>Outro dia, disseram que os textos continuam CHOVENDO NO MOLHADO por aqui e ali, haja vista que os TEMAS e TEM\u00c1TICAS quase sempre s\u00e3o os mesmos nestes \u00faltimos anos, por\u00e9m, registro aqui aquele outro DITO que afirma: \u00c1GUA MOLE EM PEDRA DURA TANTO BATE AT\u00c9 QUE FURA&#8230;<\/p>\n<p>Tamb\u00e9m, sempre existe alguma POSSIBILIDADE de que essas PALAVRAS possam chegar no endere\u00e7o pr\u00e9-agendado pelo ARTICULISTA, portanto, QUEM ESPERA SEMPRE ALCAN\u00c7A em meio aos DESENCONTROS PROVINCIANOS&#8230;<\/p>\n<p>QUEM SOBREVIVER VAI SABER&#8230;<\/p>\n","protected":false},"excerpt":{"rendered":"<p>\u201cH\u00e1 tr\u00eas esp\u00e9cies de c\u00e9rebros: uns entendem por si pr\u00f3prios; os outros discernem o que os primeiros entendem; e os terceiros n\u00e3o entendem nem por si pr\u00f3prios nem pelos outros; os primeiros s\u00e3o excelent\u00edssimos; os segundos excelentes; e os terceiros totalmente in\u00fateis.\u201d (Maquiavel) \u00a0 By seb@r. Isso mesmo leitores\/as em geral, pois, do jeito que [&hellip;]<\/p>\n","protected":false},"author":13,"featured_media":51988,"comment_status":"closed","ping_status":"open","sticky":false,"template":"","format":"standard","meta":{"_acf_changed":false,"_exactmetrics_skip_tracking":false,"_exactmetrics_sitenote_active":false,"_exactmetrics_sitenote_note":"","_exactmetrics_sitenote_category":0,"footnotes":""},"categories":[59],"tags":[],"class_list":["post-80815","post","type-post","status-publish","format-standard","has-post-thumbnail","hentry","category-opiniao"],"acf":[],"yoast_head":"<!-- This site is optimized with the Yoast SEO plugin v27.2 - https:\/\/yoast.com\/product\/yoast-seo-wordpress\/ -->\n<title>Tudo junto MISTURADO nesta PROV\u00cdNCIA DO FAZ DE CONTA... - R\u00e1dio Life FM<\/title>\n<meta name=\"robots\" content=\"index, follow, max-snippet:-1, max-image-preview:large, max-video-preview:-1\" \/>\n<link rel=\"canonical\" href=\"https:\/\/radiolifefm.com.br\/noticias\/tudo-junto-misturado-nesta-provincia-do-faz-de-conta\/\" \/>\n<meta property=\"og:locale\" content=\"pt_BR\" \/>\n<meta property=\"og:type\" content=\"article\" \/>\n<meta property=\"og:title\" content=\"Tudo junto MISTURADO nesta PROV\u00cdNCIA DO FAZ DE CONTA... - R\u00e1dio Life FM\" \/>\n<meta property=\"og:description\" content=\"\u201cH\u00e1 tr\u00eas esp\u00e9cies de c\u00e9rebros: uns entendem por si pr\u00f3prios; os outros discernem o que os primeiros entendem; e os terceiros n\u00e3o entendem nem por si pr\u00f3prios nem pelos outros; os primeiros s\u00e3o excelent\u00edssimos; os segundos excelentes; e os terceiros totalmente in\u00fateis.\u201d (Maquiavel) \u00a0 By seb@r. Isso mesmo leitores\/as em geral, pois, do jeito que [&hellip;]\" \/>\n<meta property=\"og:url\" content=\"https:\/\/radiolifefm.com.br\/noticias\/tudo-junto-misturado-nesta-provincia-do-faz-de-conta\/\" \/>\n<meta property=\"og:site_name\" content=\"R\u00e1dio Life FM\" \/>\n<meta property=\"article:publisher\" content=\"https:\/\/www.facebook.com\/radiolifefm\/\" \/>\n<meta property=\"article:published_time\" content=\"2023-12-18T11:26:24+00:00\" \/>\n<meta property=\"article:modified_time\" content=\"2026-01-22T20:12:01+00:00\" \/>\n<meta property=\"og:image\" content=\"https:\/\/radiolifefm.com.br\/noticias\/wp-content\/uploads\/2022\/04\/WhatsApp-Image-2022-04-10-at-18.43.02.jpeg\" \/>\n\t<meta property=\"og:image:width\" content=\"972\" \/>\n\t<meta property=\"og:image:height\" content=\"1296\" \/>\n\t<meta property=\"og:image:type\" content=\"image\/jpeg\" \/>\n<meta name=\"author\" content=\"ritanery\" \/>\n<meta name=\"twitter:card\" content=\"summary_large_image\" \/>\n<meta name=\"twitter:label1\" content=\"Escrito por\" \/>\n\t<meta name=\"twitter:data1\" content=\"ritanery\" \/>\n\t<meta name=\"twitter:label2\" content=\"Est. tempo de leitura\" \/>\n\t<meta name=\"twitter:data2\" content=\"3 minutos\" \/>\n<script type=\"application\/ld+json\" class=\"yoast-schema-graph\">{\"@context\":\"https:\/\/schema.org\",\"@graph\":[{\"@type\":\"Article\",\"@id\":\"https:\/\/radiolifefm.com.br\/noticias\/tudo-junto-misturado-nesta-provincia-do-faz-de-conta\/#article\",\"isPartOf\":{\"@id\":\"https:\/\/radiolifefm.com.br\/noticias\/tudo-junto-misturado-nesta-provincia-do-faz-de-conta\/\"},\"author\":{\"name\":\"ritanery\",\"@id\":\"https:\/\/radiolifefm.com.br\/noticias\/#\/schema\/person\/6339b9fac59d12b071dec680d7375d87\"},\"headline\":\"Tudo junto MISTURADO nesta PROV\u00cdNCIA DO FAZ DE CONTA&#8230;\",\"datePublished\":\"2023-12-18T11:26:24+00:00\",\"dateModified\":\"2026-01-22T20:12:01+00:00\",\"mainEntityOfPage\":{\"@id\":\"https:\/\/radiolifefm.com.br\/noticias\/tudo-junto-misturado-nesta-provincia-do-faz-de-conta\/\"},\"wordCount\":433,\"publisher\":{\"@id\":\"https:\/\/radiolifefm.com.br\/noticias\/#organization\"},\"image\":{\"@id\":\"https:\/\/radiolifefm.com.br\/noticias\/tudo-junto-misturado-nesta-provincia-do-faz-de-conta\/#primaryimage\"},\"thumbnailUrl\":\"https:\/\/radiolifefm.com.br\/noticias\/wp-content\/uploads\/2022\/04\/WhatsApp-Image-2022-04-10-at-18.43.02.jpeg\",\"articleSection\":[\"Opini\u00e3o\"],\"inLanguage\":\"pt-BR\"},{\"@type\":\"WebPage\",\"@id\":\"https:\/\/radiolifefm.com.br\/noticias\/tudo-junto-misturado-nesta-provincia-do-faz-de-conta\/\",\"url\":\"https:\/\/radiolifefm.com.br\/noticias\/tudo-junto-misturado-nesta-provincia-do-faz-de-conta\/\",\"name\":\"Tudo junto MISTURADO nesta PROV\u00cdNCIA DO FAZ DE CONTA... - R\u00e1dio Life FM\",\"isPartOf\":{\"@id\":\"https:\/\/radiolifefm.com.br\/noticias\/#website\"},\"primaryImageOfPage\":{\"@id\":\"https:\/\/radiolifefm.com.br\/noticias\/tudo-junto-misturado-nesta-provincia-do-faz-de-conta\/#primaryimage\"},\"image\":{\"@id\":\"https:\/\/radiolifefm.com.br\/noticias\/tudo-junto-misturado-nesta-provincia-do-faz-de-conta\/#primaryimage\"},\"thumbnailUrl\":\"https:\/\/radiolifefm.com.br\/noticias\/wp-content\/uploads\/2022\/04\/WhatsApp-Image-2022-04-10-at-18.43.02.jpeg\",\"datePublished\":\"2023-12-18T11:26:24+00:00\",\"dateModified\":\"2026-01-22T20:12:01+00:00\",\"breadcrumb\":{\"@id\":\"https:\/\/radiolifefm.com.br\/noticias\/tudo-junto-misturado-nesta-provincia-do-faz-de-conta\/#breadcrumb\"},\"inLanguage\":\"pt-BR\",\"potentialAction\":[{\"@type\":\"ReadAction\",\"target\":[\"https:\/\/radiolifefm.com.br\/noticias\/tudo-junto-misturado-nesta-provincia-do-faz-de-conta\/\"]}]},{\"@type\":\"ImageObject\",\"inLanguage\":\"pt-BR\",\"@id\":\"https:\/\/radiolifefm.com.br\/noticias\/tudo-junto-misturado-nesta-provincia-do-faz-de-conta\/#primaryimage\",\"url\":\"https:\/\/radiolifefm.com.br\/noticias\/wp-content\/uploads\/2022\/04\/WhatsApp-Image-2022-04-10-at-18.43.02.jpeg\",\"contentUrl\":\"https:\/\/radiolifefm.com.br\/noticias\/wp-content\/uploads\/2022\/04\/WhatsApp-Image-2022-04-10-at-18.43.02.jpeg\",\"width\":972,\"height\":1296,\"caption\":\"S\u00e9rgio Barbosa\"},{\"@type\":\"BreadcrumbList\",\"@id\":\"https:\/\/radiolifefm.com.br\/noticias\/tudo-junto-misturado-nesta-provincia-do-faz-de-conta\/#breadcrumb\",\"itemListElement\":[{\"@type\":\"ListItem\",\"position\":1,\"name\":\"In\u00edcio\",\"item\":\"https:\/\/radiolifefm.com.br\/noticias\/\"},{\"@type\":\"ListItem\",\"position\":2,\"name\":\"Tudo junto MISTURADO nesta PROV\u00cdNCIA DO FAZ DE CONTA&#8230;\"}]},{\"@type\":\"WebSite\",\"@id\":\"https:\/\/radiolifefm.com.br\/noticias\/#website\",\"url\":\"https:\/\/radiolifefm.com.br\/noticias\/\",\"name\":\"R\u00e1dio Life FM\",\"description\":\"O Portal de Not\u00edcias de Adamantina\",\"publisher\":{\"@id\":\"https:\/\/radiolifefm.com.br\/noticias\/#organization\"},\"alternateName\":\"Life FM\",\"potentialAction\":[{\"@type\":\"SearchAction\",\"target\":{\"@type\":\"EntryPoint\",\"urlTemplate\":\"https:\/\/radiolifefm.com.br\/noticias\/?s={search_term_string}\"},\"query-input\":{\"@type\":\"PropertyValueSpecification\",\"valueRequired\":true,\"valueName\":\"search_term_string\"}}],\"inLanguage\":\"pt-BR\"},{\"@type\":\"Organization\",\"@id\":\"https:\/\/radiolifefm.com.br\/noticias\/#organization\",\"name\":\"R\u00e1dio Life FM\",\"alternateName\":\"Life FM\",\"url\":\"https:\/\/radiolifefm.com.br\/noticias\/\",\"logo\":{\"@type\":\"ImageObject\",\"inLanguage\":\"pt-BR\",\"@id\":\"https:\/\/radiolifefm.com.br\/noticias\/#\/schema\/logo\/image\/\",\"url\":\"https:\/\/static.radiolifefm.com.br\/noticias\/wp-content\/uploads\/2019\/10\/logo-lifefm.png\",\"contentUrl\":\"https:\/\/static.radiolifefm.com.br\/noticias\/wp-content\/uploads\/2019\/10\/logo-lifefm.png\",\"width\":196,\"height\":47,\"caption\":\"R\u00e1dio Life FM\"},\"image\":{\"@id\":\"https:\/\/radiolifefm.com.br\/noticias\/#\/schema\/logo\/image\/\"},\"sameAs\":[\"https:\/\/www.facebook.com\/radiolifefm\/\",\"https:\/\/www.instagram.com\/life1079fm\/\"]},{\"@type\":\"Person\",\"@id\":\"https:\/\/radiolifefm.com.br\/noticias\/#\/schema\/person\/6339b9fac59d12b071dec680d7375d87\",\"name\":\"ritanery\",\"image\":{\"@type\":\"ImageObject\",\"inLanguage\":\"pt-BR\",\"@id\":\"https:\/\/secure.gravatar.com\/avatar\/0e37bb19071f47c0b8a23f62a903df117c5a0e75f65a0c2901562f97cd41cf86?s=96&d=mm&r=g\",\"url\":\"https:\/\/secure.gravatar.com\/avatar\/0e37bb19071f47c0b8a23f62a903df117c5a0e75f65a0c2901562f97cd41cf86?s=96&d=mm&r=g\",\"contentUrl\":\"https:\/\/secure.gravatar.com\/avatar\/0e37bb19071f47c0b8a23f62a903df117c5a0e75f65a0c2901562f97cd41cf86?s=96&d=mm&r=g\",\"caption\":\"ritanery\"}}]}<\/script>\n<!-- \/ Yoast SEO plugin. -->","yoast_head_json":{"title":"Tudo junto MISTURADO nesta PROV\u00cdNCIA DO FAZ DE CONTA... - R\u00e1dio Life FM","robots":{"index":"index","follow":"follow","max-snippet":"max-snippet:-1","max-image-preview":"max-image-preview:large","max-video-preview":"max-video-preview:-1"},"canonical":"https:\/\/radiolifefm.com.br\/noticias\/tudo-junto-misturado-nesta-provincia-do-faz-de-conta\/","og_locale":"pt_BR","og_type":"article","og_title":"Tudo junto MISTURADO nesta PROV\u00cdNCIA DO FAZ DE CONTA... - R\u00e1dio Life FM","og_description":"\u201cH\u00e1 tr\u00eas esp\u00e9cies de c\u00e9rebros: uns entendem por si pr\u00f3prios; os outros discernem o que os primeiros entendem; e os terceiros n\u00e3o entendem nem por si pr\u00f3prios nem pelos outros; os primeiros s\u00e3o excelent\u00edssimos; os segundos excelentes; e os terceiros totalmente in\u00fateis.\u201d (Maquiavel) \u00a0 By seb@r. Isso mesmo leitores\/as em geral, pois, do jeito que [&hellip;]","og_url":"https:\/\/radiolifefm.com.br\/noticias\/tudo-junto-misturado-nesta-provincia-do-faz-de-conta\/","og_site_name":"R\u00e1dio Life FM","article_publisher":"https:\/\/www.facebook.com\/radiolifefm\/","article_published_time":"2023-12-18T11:26:24+00:00","article_modified_time":"2026-01-22T20:12:01+00:00","og_image":[{"width":972,"height":1296,"url":"https:\/\/radiolifefm.com.br\/noticias\/wp-content\/uploads\/2022\/04\/WhatsApp-Image-2022-04-10-at-18.43.02.jpeg","type":"image\/jpeg"}],"author":"ritanery","twitter_card":"summary_large_image","twitter_misc":{"Escrito por":"ritanery","Est. tempo de leitura":"3 minutos"},"schema":{"@context":"https:\/\/schema.org","@graph":[{"@type":"Article","@id":"https:\/\/radiolifefm.com.br\/noticias\/tudo-junto-misturado-nesta-provincia-do-faz-de-conta\/#article","isPartOf":{"@id":"https:\/\/radiolifefm.com.br\/noticias\/tudo-junto-misturado-nesta-provincia-do-faz-de-conta\/"},"author":{"name":"ritanery","@id":"https:\/\/radiolifefm.com.br\/noticias\/#\/schema\/person\/6339b9fac59d12b071dec680d7375d87"},"headline":"Tudo junto MISTURADO nesta PROV\u00cdNCIA DO FAZ DE CONTA&#8230;","datePublished":"2023-12-18T11:26:24+00:00","dateModified":"2026-01-22T20:12:01+00:00","mainEntityOfPage":{"@id":"https:\/\/radiolifefm.com.br\/noticias\/tudo-junto-misturado-nesta-provincia-do-faz-de-conta\/"},"wordCount":433,"publisher":{"@id":"https:\/\/radiolifefm.com.br\/noticias\/#organization"},"image":{"@id":"https:\/\/radiolifefm.com.br\/noticias\/tudo-junto-misturado-nesta-provincia-do-faz-de-conta\/#primaryimage"},"thumbnailUrl":"https:\/\/radiolifefm.com.br\/noticias\/wp-content\/uploads\/2022\/04\/WhatsApp-Image-2022-04-10-at-18.43.02.jpeg","articleSection":["Opini\u00e3o"],"inLanguage":"pt-BR"},{"@type":"WebPage","@id":"https:\/\/radiolifefm.com.br\/noticias\/tudo-junto-misturado-nesta-provincia-do-faz-de-conta\/","url":"https:\/\/radiolifefm.com.br\/noticias\/tudo-junto-misturado-nesta-provincia-do-faz-de-conta\/","name":"Tudo junto MISTURADO nesta PROV\u00cdNCIA DO FAZ DE CONTA... - R\u00e1dio Life FM","isPartOf":{"@id":"https:\/\/radiolifefm.com.br\/noticias\/#website"},"primaryImageOfPage":{"@id":"https:\/\/radiolifefm.com.br\/noticias\/tudo-junto-misturado-nesta-provincia-do-faz-de-conta\/#primaryimage"},"image":{"@id":"https:\/\/radiolifefm.com.br\/noticias\/tudo-junto-misturado-nesta-provincia-do-faz-de-conta\/#primaryimage"},"thumbnailUrl":"https:\/\/radiolifefm.com.br\/noticias\/wp-content\/uploads\/2022\/04\/WhatsApp-Image-2022-04-10-at-18.43.02.jpeg","datePublished":"2023-12-18T11:26:24+00:00","dateModified":"2026-01-22T20:12:01+00:00","breadcrumb":{"@id":"https:\/\/radiolifefm.com.br\/noticias\/tudo-junto-misturado-nesta-provincia-do-faz-de-conta\/#breadcrumb"},"inLanguage":"pt-BR","potentialAction":[{"@type":"ReadAction","target":["https:\/\/radiolifefm.com.br\/noticias\/tudo-junto-misturado-nesta-provincia-do-faz-de-conta\/"]}]},{"@type":"ImageObject","inLanguage":"pt-BR","@id":"https:\/\/radiolifefm.com.br\/noticias\/tudo-junto-misturado-nesta-provincia-do-faz-de-conta\/#primaryimage","url":"https:\/\/radiolifefm.com.br\/noticias\/wp-content\/uploads\/2022\/04\/WhatsApp-Image-2022-04-10-at-18.43.02.jpeg","contentUrl":"https:\/\/radiolifefm.com.br\/noticias\/wp-content\/uploads\/2022\/04\/WhatsApp-Image-2022-04-10-at-18.43.02.jpeg","width":972,"height":1296,"caption":"S\u00e9rgio Barbosa"},{"@type":"BreadcrumbList","@id":"https:\/\/radiolifefm.com.br\/noticias\/tudo-junto-misturado-nesta-provincia-do-faz-de-conta\/#breadcrumb","itemListElement":[{"@type":"ListItem","position":1,"name":"In\u00edcio","item":"https:\/\/radiolifefm.com.br\/noticias\/"},{"@type":"ListItem","position":2,"name":"Tudo junto MISTURADO nesta PROV\u00cdNCIA DO FAZ DE CONTA&#8230;"}]},{"@type":"WebSite","@id":"https:\/\/radiolifefm.com.br\/noticias\/#website","url":"https:\/\/radiolifefm.com.br\/noticias\/","name":"R\u00e1dio Life FM","description":"O Portal de Not\u00edcias de Adamantina","publisher":{"@id":"https:\/\/radiolifefm.com.br\/noticias\/#organization"},"alternateName":"Life FM","potentialAction":[{"@type":"SearchAction","target":{"@type":"EntryPoint","urlTemplate":"https:\/\/radiolifefm.com.br\/noticias\/?s={search_term_string}"},"query-input":{"@type":"PropertyValueSpecification","valueRequired":true,"valueName":"search_term_string"}}],"inLanguage":"pt-BR"},{"@type":"Organization","@id":"https:\/\/radiolifefm.com.br\/noticias\/#organization","name":"R\u00e1dio Life FM","alternateName":"Life FM","url":"https:\/\/radiolifefm.com.br\/noticias\/","logo":{"@type":"ImageObject","inLanguage":"pt-BR","@id":"https:\/\/radiolifefm.com.br\/noticias\/#\/schema\/logo\/image\/","url":"https:\/\/static.radiolifefm.com.br\/noticias\/wp-content\/uploads\/2019\/10\/logo-lifefm.png","contentUrl":"https:\/\/static.radiolifefm.com.br\/noticias\/wp-content\/uploads\/2019\/10\/logo-lifefm.png","width":196,"height":47,"caption":"R\u00e1dio Life FM"},"image":{"@id":"https:\/\/radiolifefm.com.br\/noticias\/#\/schema\/logo\/image\/"},"sameAs":["https:\/\/www.facebook.com\/radiolifefm\/","https:\/\/www.instagram.com\/life1079fm\/"]},{"@type":"Person","@id":"https:\/\/radiolifefm.com.br\/noticias\/#\/schema\/person\/6339b9fac59d12b071dec680d7375d87","name":"ritanery","image":{"@type":"ImageObject","inLanguage":"pt-BR","@id":"https:\/\/secure.gravatar.com\/avatar\/0e37bb19071f47c0b8a23f62a903df117c5a0e75f65a0c2901562f97cd41cf86?s=96&d=mm&r=g","url":"https:\/\/secure.gravatar.com\/avatar\/0e37bb19071f47c0b8a23f62a903df117c5a0e75f65a0c2901562f97cd41cf86?s=96&d=mm&r=g","contentUrl":"https:\/\/secure.gravatar.com\/avatar\/0e37bb19071f47c0b8a23f62a903df117c5a0e75f65a0c2901562f97cd41cf86?s=96&d=mm&r=g","caption":"ritanery"}}]}},"amp_enabled":true,"_links":{"self":[{"href":"https:\/\/radiolifefm.com.br\/noticias\/wp-json\/wp\/v2\/posts\/80815","targetHints":{"allow":["GET"]}}],"collection":[{"href":"https:\/\/radiolifefm.com.br\/noticias\/wp-json\/wp\/v2\/posts"}],"about":[{"href":"https:\/\/radiolifefm.com.br\/noticias\/wp-json\/wp\/v2\/types\/post"}],"author":[{"embeddable":true,"href":"https:\/\/radiolifefm.com.br\/noticias\/wp-json\/wp\/v2\/users\/13"}],"replies":[{"embeddable":true,"href":"https:\/\/radiolifefm.com.br\/noticias\/wp-json\/wp\/v2\/comments?post=80815"}],"version-history":[{"count":1,"href":"https:\/\/radiolifefm.com.br\/noticias\/wp-json\/wp\/v2\/posts\/80815\/revisions"}],"predecessor-version":[{"id":80816,"href":"https:\/\/radiolifefm.com.br\/noticias\/wp-json\/wp\/v2\/posts\/80815\/revisions\/80816"}],"wp:featuredmedia":[{"embeddable":true,"href":"https:\/\/radiolifefm.com.br\/noticias\/wp-json\/wp\/v2\/media\/51988"}],"wp:attachment":[{"href":"https:\/\/radiolifefm.com.br\/noticias\/wp-json\/wp\/v2\/media?parent=80815"}],"wp:term":[{"taxonomy":"category","embeddable":true,"href":"https:\/\/radiolifefm.com.br\/noticias\/wp-json\/wp\/v2\/categories?post=80815"},{"taxonomy":"post_tag","embeddable":true,"href":"https:\/\/radiolifefm.com.br\/noticias\/wp-json\/wp\/v2\/tags?post=80815"}],"curies":[{"name":"wp","href":"https:\/\/api.w.org\/{rel}","templated":true}]}}