{"id":80796,"date":"2023-12-15T16:39:30","date_gmt":"2023-12-15T19:39:30","guid":{"rendered":"https:\/\/radiolifefm.com.br\/noticias\/?p=80796"},"modified":"2026-04-03T08:49:51","modified_gmt":"2026-04-03T11:49:51","slug":"genocidio-um-tetrico-espetaculo-no-palco-do-seculo-xxi","status":"publish","type":"post","link":"https:\/\/radiolifefm.com.br\/noticias\/genocidio-um-tetrico-espetaculo-no-palco-do-seculo-xxi\/","title":{"rendered":"GENOC\u00cdDIO UM T\u00c9TRICO ESPET\u00c1CULO NO PALCO DO S\u00c9CULO XXI."},"content":{"rendered":"<div id=\"fb-root\"><\/div>\n<p>Hoje escreveria sobre a dor do amor, ou melhor sobre a &#8221; desilus\u00e3o de amar&#8221;, mas me contive, como que pisando no freio ao descer a serra, pois como falaria de amor, se no mundo tem gente morrendo da dor da guerra?<\/p>\n<p>Se o meu castelo de sonhos, for destru\u00eddo, essa noite, amanh\u00e3 cedo ap\u00f3s o meu tranquilo caf\u00e9 da manh\u00e3, outro poder\u00e1 ser erguido.<\/p>\n<p>Mas h\u00e1 aqueles que nem conseguiram dormir e nem acordados podem sonhar, pois nem em suas casas puderam ficar. H\u00e1 m\u00edsseis armados prontos para detonar, e n\u00e3o sabem a hora, nem qual o lugar, mas a qualquer momento os podem matar.<\/p>\n<p>Se eu sentir uma dor e for ao hospital, (tem v\u00e1rios hospitais aqui) eu tenho m\u00e9dicos e rem\u00e9dios; mas nesse minuto, enquanto escrevo essas linhas, tem uma crian\u00e7a com um ferimento letal. Tem uma mulher que vai morrer por falta de um simples comprimido, um analg\u00e9sico, um antibi\u00f3tico, pois falta uma seringa, por faltar a m\u00e3o de um m\u00e9dico.<\/p>\n<p>Aquela faixa \u00e9 t\u00e3o pequena, seu nome &#8220;Gaza\u201d tem origem na palavra \u00e1rabe &#8220;Ghazzah&#8221;, que significa &#8220;fortaleza&#8221;, e nesses \u00faltimos segundos a \u00fanica certeza de todas aquelas pessoas, \u00e9 que mais crian\u00e7as e mulheres v\u00e3o morrer.<\/p>\n<p>Ent\u00e3o como eu poderia escrever um soneto da minha rom\u00e2ntica dor? Se a resist\u00eancia daquela &#8221; fortaleza&#8221;, se esvai no genoc\u00eddio. Matam o \u00fatero, para que n\u00e3o se conceba, matam os rec\u00e9m-nascidos para que n\u00e3o vivam, matam as crian\u00e7as para que n\u00e3o cres\u00e7am e o mundo, assiste de p\u00e9s e m\u00e3os atados, enquanto s\u00e3o exterminados!<\/p>\n<p>Minhas dores e reclama\u00e7\u00f5es se tornam t\u00e3o insignificantes diante dos milhares de corpos. N\u00e3o h\u00e1 no ch\u00e3o daquela pequena faixa, lugar para tantos sepulcros, n\u00e3o h\u00e1 caix\u00e3o, ou uma simples caixa; n\u00e3o h\u00e1 um parente para prantear, est\u00e3o sob os escombros pois os explosivos acabaram de detonar.<\/p>\n<p>Os m\u00e9dicos s\u00e3o mortos, para que n\u00e3o possam curar, as m\u00e3es, para que n\u00e3o possam amamentar. Em poucas semanas, destru\u00edram com m\u00e3o de ferro e f\u00faria insana, todas as cidade.<\/p>\n<p>J\u00e1 ficou bem claro para o mundo, a inten\u00e7\u00e3o desse massacre, n\u00e3o bastou ter dominado e humilhado durante anos, querem agora eliminar da face da terra o povo palestino, mas ter\u00e3o na boca o gosto acre de uma vit\u00f3ria com cheiro e gosto de morte.<\/p>\n<p>E o sangue dos inocentes cair\u00e1 sobre as suas cabe\u00e7as (USA e ISRAEL); ao descerem as escadas da decr\u00e9pita vida, com desespero ouvir\u00e3o o choro de milhares de crian\u00e7as sem vida.<\/p>\n<p>E na sua morte, sob a cripta levar\u00e3o o epit\u00e1fio&#8221; <strong><u>desprez\u00edveis e genocidas<\/u><\/strong>&#8220;.<\/p>\n<p>Aos Genocidas: espero que nas suas casas de luxo e len\u00e7\u00f3is de seda, n\u00e3o consigam dormir, nem comer, nem beber \u00e1gua, sem escutar no \u00edntimo de suas consci\u00eancias, o desespero das noites, a inani\u00e7\u00e3o, a l\u00edngua lhes apegar a boca por causa da sede, pois cimentadas est\u00e3o as fontes e, que n\u00e3o haja uma terapia capaz de lhes aliviar a culpa e a agonia.<\/p>\n<p>N\u00e3o posso escrever da minha dor, porque sequer consigo imaginar a dor do outro, que acuado, sem nenhuma na\u00e7\u00e3o que lhes estenda a m\u00e3o. Isolados e entregues \u00e0 pr\u00f3pria sorte; s\u00f3 podem esperar a morte.<\/p>\n<p>Como vamos caminhar, quando a fuma\u00e7a da devasta\u00e7\u00e3o subir, com os \u00faltimos suspiros de uma na\u00e7\u00e3o?<\/p>\n<p>A humanidade nunca mais conseguir\u00e1 erguer a cabe\u00e7a, a vergonha lhes pesar\u00e1 sobre a fronte e suas m\u00e3os escondidas nos bolsos, cheios de d\u00f3lares, estar\u00e3o sujas de sangue!<\/p>\n<p>E quando chegar a sua vez, quem lhes estender\u00e1 a m\u00e3o?<\/p>\n<p>Se o drag\u00e3o, esse maldito imp\u00e9rio capitalista, olhar para as suas terras, o seu min\u00e9rio, as suas florestas e a sua \u00e1gua e abrir a boca na sua dire\u00e7\u00e3o?<\/p>\n<p>Haver\u00e1 no mundo for\u00e7a para resistir a destrui\u00e7\u00e3o? E quando forem os seus filhos a fugir do fogo e a chorar por p\u00e3o? E de s\u00fabito, esse dem\u00f4nio decidir tomar a sua na\u00e7\u00e3o?<\/p>\n<p>Preciso voltar a cantar de amor, mas para isso precisa parar o bombardeio e cessar a dor!<\/p>\n<p>&nbsp;<\/p>\n<p>Solange Lisboa<\/p>\n<p>@solnlisboa<\/p>\n<p>solangeserrao3@gmail.com<\/p>\n","protected":false},"excerpt":{"rendered":"<p>Hoje escreveria sobre a dor do amor, ou melhor sobre a &#8221; desilus\u00e3o de amar&#8221;, mas me contive, como que pisando no freio ao descer a serra, pois como falaria de amor, se no mundo tem gente morrendo da dor da guerra? Se o meu castelo de sonhos, for destru\u00eddo, essa noite, amanh\u00e3 cedo ap\u00f3s [&hellip;]<\/p>\n","protected":false},"author":13,"featured_media":80797,"comment_status":"closed","ping_status":"open","sticky":false,"template":"","format":"standard","meta":{"_acf_changed":false,"_exactmetrics_skip_tracking":false,"_exactmetrics_sitenote_active":false,"_exactmetrics_sitenote_note":"","_exactmetrics_sitenote_category":0,"footnotes":""},"categories":[59],"tags":[],"class_list":["post-80796","post","type-post","status-publish","format-standard","has-post-thumbnail","hentry","category-opiniao"],"acf":[],"yoast_head":"<!-- This site is optimized with the Yoast SEO plugin v27.2 - https:\/\/yoast.com\/product\/yoast-seo-wordpress\/ -->\n<title>GENOC\u00cdDIO UM T\u00c9TRICO ESPET\u00c1CULO NO PALCO DO S\u00c9CULO XXI. - R\u00e1dio Life FM<\/title>\n<meta name=\"robots\" content=\"index, follow, max-snippet:-1, max-image-preview:large, max-video-preview:-1\" \/>\n<link rel=\"canonical\" href=\"https:\/\/radiolifefm.com.br\/noticias\/genocidio-um-tetrico-espetaculo-no-palco-do-seculo-xxi\/\" \/>\n<meta property=\"og:locale\" content=\"pt_BR\" \/>\n<meta property=\"og:type\" content=\"article\" \/>\n<meta property=\"og:title\" content=\"GENOC\u00cdDIO UM T\u00c9TRICO ESPET\u00c1CULO NO PALCO DO S\u00c9CULO XXI. - R\u00e1dio Life FM\" \/>\n<meta property=\"og:description\" content=\"Hoje escreveria sobre a dor do amor, ou melhor sobre a &#8221; desilus\u00e3o de amar&#8221;, mas me contive, como que pisando no freio ao descer a serra, pois como falaria de amor, se no mundo tem gente morrendo da dor da guerra? Se o meu castelo de sonhos, for destru\u00eddo, essa noite, amanh\u00e3 cedo ap\u00f3s [&hellip;]\" \/>\n<meta property=\"og:url\" content=\"https:\/\/radiolifefm.com.br\/noticias\/genocidio-um-tetrico-espetaculo-no-palco-do-seculo-xxi\/\" \/>\n<meta property=\"og:site_name\" content=\"R\u00e1dio Life FM\" \/>\n<meta property=\"article:publisher\" content=\"https:\/\/www.facebook.com\/radiolifefm\/\" \/>\n<meta property=\"article:published_time\" content=\"2023-12-15T19:39:30+00:00\" \/>\n<meta property=\"article:modified_time\" content=\"2026-04-03T11:49:51+00:00\" \/>\n<meta property=\"og:image\" content=\"https:\/\/radiolifefm.com.br\/noticias\/wp-content\/uploads\/2023\/12\/WhatsApp-Image-2023-12-15-at-16.36.15.jpeg\" \/>\n\t<meta property=\"og:image:width\" content=\"1200\" \/>\n\t<meta property=\"og:image:height\" content=\"1600\" \/>\n\t<meta property=\"og:image:type\" content=\"image\/jpeg\" \/>\n<meta name=\"author\" content=\"ritanery\" \/>\n<meta name=\"twitter:card\" content=\"summary_large_image\" \/>\n<meta name=\"twitter:label1\" content=\"Escrito por\" \/>\n\t<meta name=\"twitter:data1\" content=\"ritanery\" \/>\n\t<meta name=\"twitter:label2\" content=\"Est. tempo de leitura\" \/>\n\t<meta name=\"twitter:data2\" content=\"4 minutos\" \/>\n<script type=\"application\/ld+json\" class=\"yoast-schema-graph\">{\"@context\":\"https:\/\/schema.org\",\"@graph\":[{\"@type\":\"Article\",\"@id\":\"https:\/\/radiolifefm.com.br\/noticias\/genocidio-um-tetrico-espetaculo-no-palco-do-seculo-xxi\/#article\",\"isPartOf\":{\"@id\":\"https:\/\/radiolifefm.com.br\/noticias\/genocidio-um-tetrico-espetaculo-no-palco-do-seculo-xxi\/\"},\"author\":{\"name\":\"ritanery\",\"@id\":\"https:\/\/radiolifefm.com.br\/noticias\/#\/schema\/person\/6339b9fac59d12b071dec680d7375d87\"},\"headline\":\"GENOC\u00cdDIO UM T\u00c9TRICO ESPET\u00c1CULO NO PALCO DO S\u00c9CULO XXI.\",\"datePublished\":\"2023-12-15T19:39:30+00:00\",\"dateModified\":\"2026-04-03T11:49:51+00:00\",\"mainEntityOfPage\":{\"@id\":\"https:\/\/radiolifefm.com.br\/noticias\/genocidio-um-tetrico-espetaculo-no-palco-do-seculo-xxi\/\"},\"wordCount\":755,\"publisher\":{\"@id\":\"https:\/\/radiolifefm.com.br\/noticias\/#organization\"},\"image\":{\"@id\":\"https:\/\/radiolifefm.com.br\/noticias\/genocidio-um-tetrico-espetaculo-no-palco-do-seculo-xxi\/#primaryimage\"},\"thumbnailUrl\":\"https:\/\/radiolifefm.com.br\/noticias\/wp-content\/uploads\/2023\/12\/WhatsApp-Image-2023-12-15-at-16.36.15.jpeg\",\"articleSection\":[\"Opini\u00e3o\"],\"inLanguage\":\"pt-BR\"},{\"@type\":\"WebPage\",\"@id\":\"https:\/\/radiolifefm.com.br\/noticias\/genocidio-um-tetrico-espetaculo-no-palco-do-seculo-xxi\/\",\"url\":\"https:\/\/radiolifefm.com.br\/noticias\/genocidio-um-tetrico-espetaculo-no-palco-do-seculo-xxi\/\",\"name\":\"GENOC\u00cdDIO UM T\u00c9TRICO ESPET\u00c1CULO NO PALCO DO S\u00c9CULO XXI. - R\u00e1dio Life FM\",\"isPartOf\":{\"@id\":\"https:\/\/radiolifefm.com.br\/noticias\/#website\"},\"primaryImageOfPage\":{\"@id\":\"https:\/\/radiolifefm.com.br\/noticias\/genocidio-um-tetrico-espetaculo-no-palco-do-seculo-xxi\/#primaryimage\"},\"image\":{\"@id\":\"https:\/\/radiolifefm.com.br\/noticias\/genocidio-um-tetrico-espetaculo-no-palco-do-seculo-xxi\/#primaryimage\"},\"thumbnailUrl\":\"https:\/\/radiolifefm.com.br\/noticias\/wp-content\/uploads\/2023\/12\/WhatsApp-Image-2023-12-15-at-16.36.15.jpeg\",\"datePublished\":\"2023-12-15T19:39:30+00:00\",\"dateModified\":\"2026-04-03T11:49:51+00:00\",\"breadcrumb\":{\"@id\":\"https:\/\/radiolifefm.com.br\/noticias\/genocidio-um-tetrico-espetaculo-no-palco-do-seculo-xxi\/#breadcrumb\"},\"inLanguage\":\"pt-BR\",\"potentialAction\":[{\"@type\":\"ReadAction\",\"target\":[\"https:\/\/radiolifefm.com.br\/noticias\/genocidio-um-tetrico-espetaculo-no-palco-do-seculo-xxi\/\"]}]},{\"@type\":\"ImageObject\",\"inLanguage\":\"pt-BR\",\"@id\":\"https:\/\/radiolifefm.com.br\/noticias\/genocidio-um-tetrico-espetaculo-no-palco-do-seculo-xxi\/#primaryimage\",\"url\":\"https:\/\/radiolifefm.com.br\/noticias\/wp-content\/uploads\/2023\/12\/WhatsApp-Image-2023-12-15-at-16.36.15.jpeg\",\"contentUrl\":\"https:\/\/radiolifefm.com.br\/noticias\/wp-content\/uploads\/2023\/12\/WhatsApp-Image-2023-12-15-at-16.36.15.jpeg\",\"width\":1200,\"height\":1600},{\"@type\":\"BreadcrumbList\",\"@id\":\"https:\/\/radiolifefm.com.br\/noticias\/genocidio-um-tetrico-espetaculo-no-palco-do-seculo-xxi\/#breadcrumb\",\"itemListElement\":[{\"@type\":\"ListItem\",\"position\":1,\"name\":\"In\u00edcio\",\"item\":\"https:\/\/radiolifefm.com.br\/noticias\/\"},{\"@type\":\"ListItem\",\"position\":2,\"name\":\"GENOC\u00cdDIO UM T\u00c9TRICO ESPET\u00c1CULO NO PALCO DO S\u00c9CULO XXI.\"}]},{\"@type\":\"WebSite\",\"@id\":\"https:\/\/radiolifefm.com.br\/noticias\/#website\",\"url\":\"https:\/\/radiolifefm.com.br\/noticias\/\",\"name\":\"R\u00e1dio Life FM\",\"description\":\"O Portal de Not\u00edcias de Adamantina\",\"publisher\":{\"@id\":\"https:\/\/radiolifefm.com.br\/noticias\/#organization\"},\"alternateName\":\"Life FM\",\"potentialAction\":[{\"@type\":\"SearchAction\",\"target\":{\"@type\":\"EntryPoint\",\"urlTemplate\":\"https:\/\/radiolifefm.com.br\/noticias\/?s={search_term_string}\"},\"query-input\":{\"@type\":\"PropertyValueSpecification\",\"valueRequired\":true,\"valueName\":\"search_term_string\"}}],\"inLanguage\":\"pt-BR\"},{\"@type\":\"Organization\",\"@id\":\"https:\/\/radiolifefm.com.br\/noticias\/#organization\",\"name\":\"R\u00e1dio Life FM\",\"alternateName\":\"Life FM\",\"url\":\"https:\/\/radiolifefm.com.br\/noticias\/\",\"logo\":{\"@type\":\"ImageObject\",\"inLanguage\":\"pt-BR\",\"@id\":\"https:\/\/radiolifefm.com.br\/noticias\/#\/schema\/logo\/image\/\",\"url\":\"https:\/\/static.radiolifefm.com.br\/noticias\/wp-content\/uploads\/2019\/10\/logo-lifefm.png\",\"contentUrl\":\"https:\/\/static.radiolifefm.com.br\/noticias\/wp-content\/uploads\/2019\/10\/logo-lifefm.png\",\"width\":196,\"height\":47,\"caption\":\"R\u00e1dio Life FM\"},\"image\":{\"@id\":\"https:\/\/radiolifefm.com.br\/noticias\/#\/schema\/logo\/image\/\"},\"sameAs\":[\"https:\/\/www.facebook.com\/radiolifefm\/\",\"https:\/\/www.instagram.com\/life1079fm\/\"]},{\"@type\":\"Person\",\"@id\":\"https:\/\/radiolifefm.com.br\/noticias\/#\/schema\/person\/6339b9fac59d12b071dec680d7375d87\",\"name\":\"ritanery\",\"image\":{\"@type\":\"ImageObject\",\"inLanguage\":\"pt-BR\",\"@id\":\"https:\/\/secure.gravatar.com\/avatar\/0e37bb19071f47c0b8a23f62a903df117c5a0e75f65a0c2901562f97cd41cf86?s=96&d=mm&r=g\",\"url\":\"https:\/\/secure.gravatar.com\/avatar\/0e37bb19071f47c0b8a23f62a903df117c5a0e75f65a0c2901562f97cd41cf86?s=96&d=mm&r=g\",\"contentUrl\":\"https:\/\/secure.gravatar.com\/avatar\/0e37bb19071f47c0b8a23f62a903df117c5a0e75f65a0c2901562f97cd41cf86?s=96&d=mm&r=g\",\"caption\":\"ritanery\"}}]}<\/script>\n<!-- \/ Yoast SEO plugin. -->","yoast_head_json":{"title":"GENOC\u00cdDIO UM T\u00c9TRICO ESPET\u00c1CULO NO PALCO DO S\u00c9CULO XXI. - R\u00e1dio Life FM","robots":{"index":"index","follow":"follow","max-snippet":"max-snippet:-1","max-image-preview":"max-image-preview:large","max-video-preview":"max-video-preview:-1"},"canonical":"https:\/\/radiolifefm.com.br\/noticias\/genocidio-um-tetrico-espetaculo-no-palco-do-seculo-xxi\/","og_locale":"pt_BR","og_type":"article","og_title":"GENOC\u00cdDIO UM T\u00c9TRICO ESPET\u00c1CULO NO PALCO DO S\u00c9CULO XXI. - R\u00e1dio Life FM","og_description":"Hoje escreveria sobre a dor do amor, ou melhor sobre a &#8221; desilus\u00e3o de amar&#8221;, mas me contive, como que pisando no freio ao descer a serra, pois como falaria de amor, se no mundo tem gente morrendo da dor da guerra? Se o meu castelo de sonhos, for destru\u00eddo, essa noite, amanh\u00e3 cedo ap\u00f3s [&hellip;]","og_url":"https:\/\/radiolifefm.com.br\/noticias\/genocidio-um-tetrico-espetaculo-no-palco-do-seculo-xxi\/","og_site_name":"R\u00e1dio Life FM","article_publisher":"https:\/\/www.facebook.com\/radiolifefm\/","article_published_time":"2023-12-15T19:39:30+00:00","article_modified_time":"2026-04-03T11:49:51+00:00","og_image":[{"width":1200,"height":1600,"url":"https:\/\/radiolifefm.com.br\/noticias\/wp-content\/uploads\/2023\/12\/WhatsApp-Image-2023-12-15-at-16.36.15.jpeg","type":"image\/jpeg"}],"author":"ritanery","twitter_card":"summary_large_image","twitter_misc":{"Escrito por":"ritanery","Est. tempo de leitura":"4 minutos"},"schema":{"@context":"https:\/\/schema.org","@graph":[{"@type":"Article","@id":"https:\/\/radiolifefm.com.br\/noticias\/genocidio-um-tetrico-espetaculo-no-palco-do-seculo-xxi\/#article","isPartOf":{"@id":"https:\/\/radiolifefm.com.br\/noticias\/genocidio-um-tetrico-espetaculo-no-palco-do-seculo-xxi\/"},"author":{"name":"ritanery","@id":"https:\/\/radiolifefm.com.br\/noticias\/#\/schema\/person\/6339b9fac59d12b071dec680d7375d87"},"headline":"GENOC\u00cdDIO UM T\u00c9TRICO ESPET\u00c1CULO NO PALCO DO S\u00c9CULO XXI.","datePublished":"2023-12-15T19:39:30+00:00","dateModified":"2026-04-03T11:49:51+00:00","mainEntityOfPage":{"@id":"https:\/\/radiolifefm.com.br\/noticias\/genocidio-um-tetrico-espetaculo-no-palco-do-seculo-xxi\/"},"wordCount":755,"publisher":{"@id":"https:\/\/radiolifefm.com.br\/noticias\/#organization"},"image":{"@id":"https:\/\/radiolifefm.com.br\/noticias\/genocidio-um-tetrico-espetaculo-no-palco-do-seculo-xxi\/#primaryimage"},"thumbnailUrl":"https:\/\/radiolifefm.com.br\/noticias\/wp-content\/uploads\/2023\/12\/WhatsApp-Image-2023-12-15-at-16.36.15.jpeg","articleSection":["Opini\u00e3o"],"inLanguage":"pt-BR"},{"@type":"WebPage","@id":"https:\/\/radiolifefm.com.br\/noticias\/genocidio-um-tetrico-espetaculo-no-palco-do-seculo-xxi\/","url":"https:\/\/radiolifefm.com.br\/noticias\/genocidio-um-tetrico-espetaculo-no-palco-do-seculo-xxi\/","name":"GENOC\u00cdDIO UM T\u00c9TRICO ESPET\u00c1CULO NO PALCO DO S\u00c9CULO XXI. - R\u00e1dio Life FM","isPartOf":{"@id":"https:\/\/radiolifefm.com.br\/noticias\/#website"},"primaryImageOfPage":{"@id":"https:\/\/radiolifefm.com.br\/noticias\/genocidio-um-tetrico-espetaculo-no-palco-do-seculo-xxi\/#primaryimage"},"image":{"@id":"https:\/\/radiolifefm.com.br\/noticias\/genocidio-um-tetrico-espetaculo-no-palco-do-seculo-xxi\/#primaryimage"},"thumbnailUrl":"https:\/\/radiolifefm.com.br\/noticias\/wp-content\/uploads\/2023\/12\/WhatsApp-Image-2023-12-15-at-16.36.15.jpeg","datePublished":"2023-12-15T19:39:30+00:00","dateModified":"2026-04-03T11:49:51+00:00","breadcrumb":{"@id":"https:\/\/radiolifefm.com.br\/noticias\/genocidio-um-tetrico-espetaculo-no-palco-do-seculo-xxi\/#breadcrumb"},"inLanguage":"pt-BR","potentialAction":[{"@type":"ReadAction","target":["https:\/\/radiolifefm.com.br\/noticias\/genocidio-um-tetrico-espetaculo-no-palco-do-seculo-xxi\/"]}]},{"@type":"ImageObject","inLanguage":"pt-BR","@id":"https:\/\/radiolifefm.com.br\/noticias\/genocidio-um-tetrico-espetaculo-no-palco-do-seculo-xxi\/#primaryimage","url":"https:\/\/radiolifefm.com.br\/noticias\/wp-content\/uploads\/2023\/12\/WhatsApp-Image-2023-12-15-at-16.36.15.jpeg","contentUrl":"https:\/\/radiolifefm.com.br\/noticias\/wp-content\/uploads\/2023\/12\/WhatsApp-Image-2023-12-15-at-16.36.15.jpeg","width":1200,"height":1600},{"@type":"BreadcrumbList","@id":"https:\/\/radiolifefm.com.br\/noticias\/genocidio-um-tetrico-espetaculo-no-palco-do-seculo-xxi\/#breadcrumb","itemListElement":[{"@type":"ListItem","position":1,"name":"In\u00edcio","item":"https:\/\/radiolifefm.com.br\/noticias\/"},{"@type":"ListItem","position":2,"name":"GENOC\u00cdDIO UM T\u00c9TRICO ESPET\u00c1CULO NO PALCO DO S\u00c9CULO XXI."}]},{"@type":"WebSite","@id":"https:\/\/radiolifefm.com.br\/noticias\/#website","url":"https:\/\/radiolifefm.com.br\/noticias\/","name":"R\u00e1dio Life FM","description":"O Portal de Not\u00edcias de Adamantina","publisher":{"@id":"https:\/\/radiolifefm.com.br\/noticias\/#organization"},"alternateName":"Life FM","potentialAction":[{"@type":"SearchAction","target":{"@type":"EntryPoint","urlTemplate":"https:\/\/radiolifefm.com.br\/noticias\/?s={search_term_string}"},"query-input":{"@type":"PropertyValueSpecification","valueRequired":true,"valueName":"search_term_string"}}],"inLanguage":"pt-BR"},{"@type":"Organization","@id":"https:\/\/radiolifefm.com.br\/noticias\/#organization","name":"R\u00e1dio Life FM","alternateName":"Life FM","url":"https:\/\/radiolifefm.com.br\/noticias\/","logo":{"@type":"ImageObject","inLanguage":"pt-BR","@id":"https:\/\/radiolifefm.com.br\/noticias\/#\/schema\/logo\/image\/","url":"https:\/\/static.radiolifefm.com.br\/noticias\/wp-content\/uploads\/2019\/10\/logo-lifefm.png","contentUrl":"https:\/\/static.radiolifefm.com.br\/noticias\/wp-content\/uploads\/2019\/10\/logo-lifefm.png","width":196,"height":47,"caption":"R\u00e1dio Life FM"},"image":{"@id":"https:\/\/radiolifefm.com.br\/noticias\/#\/schema\/logo\/image\/"},"sameAs":["https:\/\/www.facebook.com\/radiolifefm\/","https:\/\/www.instagram.com\/life1079fm\/"]},{"@type":"Person","@id":"https:\/\/radiolifefm.com.br\/noticias\/#\/schema\/person\/6339b9fac59d12b071dec680d7375d87","name":"ritanery","image":{"@type":"ImageObject","inLanguage":"pt-BR","@id":"https:\/\/secure.gravatar.com\/avatar\/0e37bb19071f47c0b8a23f62a903df117c5a0e75f65a0c2901562f97cd41cf86?s=96&d=mm&r=g","url":"https:\/\/secure.gravatar.com\/avatar\/0e37bb19071f47c0b8a23f62a903df117c5a0e75f65a0c2901562f97cd41cf86?s=96&d=mm&r=g","contentUrl":"https:\/\/secure.gravatar.com\/avatar\/0e37bb19071f47c0b8a23f62a903df117c5a0e75f65a0c2901562f97cd41cf86?s=96&d=mm&r=g","caption":"ritanery"}}]}},"amp_enabled":true,"_links":{"self":[{"href":"https:\/\/radiolifefm.com.br\/noticias\/wp-json\/wp\/v2\/posts\/80796","targetHints":{"allow":["GET"]}}],"collection":[{"href":"https:\/\/radiolifefm.com.br\/noticias\/wp-json\/wp\/v2\/posts"}],"about":[{"href":"https:\/\/radiolifefm.com.br\/noticias\/wp-json\/wp\/v2\/types\/post"}],"author":[{"embeddable":true,"href":"https:\/\/radiolifefm.com.br\/noticias\/wp-json\/wp\/v2\/users\/13"}],"replies":[{"embeddable":true,"href":"https:\/\/radiolifefm.com.br\/noticias\/wp-json\/wp\/v2\/comments?post=80796"}],"version-history":[{"count":1,"href":"https:\/\/radiolifefm.com.br\/noticias\/wp-json\/wp\/v2\/posts\/80796\/revisions"}],"predecessor-version":[{"id":80798,"href":"https:\/\/radiolifefm.com.br\/noticias\/wp-json\/wp\/v2\/posts\/80796\/revisions\/80798"}],"wp:featuredmedia":[{"embeddable":true,"href":"https:\/\/radiolifefm.com.br\/noticias\/wp-json\/wp\/v2\/media\/80797"}],"wp:attachment":[{"href":"https:\/\/radiolifefm.com.br\/noticias\/wp-json\/wp\/v2\/media?parent=80796"}],"wp:term":[{"taxonomy":"category","embeddable":true,"href":"https:\/\/radiolifefm.com.br\/noticias\/wp-json\/wp\/v2\/categories?post=80796"},{"taxonomy":"post_tag","embeddable":true,"href":"https:\/\/radiolifefm.com.br\/noticias\/wp-json\/wp\/v2\/tags?post=80796"}],"curies":[{"name":"wp","href":"https:\/\/api.w.org\/{rel}","templated":true}]}}