{"id":80781,"date":"2023-12-15T08:42:21","date_gmt":"2023-12-15T11:42:21","guid":{"rendered":"https:\/\/radiolifefm.com.br\/noticias\/?p=80781"},"modified":"2026-04-06T03:24:01","modified_gmt":"2026-04-06T06:24:01","slug":"divagacoes-sobre-aquele-outro-tempo-do-tempo-deste-tempo-sem-o-tempo","status":"publish","type":"post","link":"https:\/\/radiolifefm.com.br\/noticias\/divagacoes-sobre-aquele-outro-tempo-do-tempo-deste-tempo-sem-o-tempo\/","title":{"rendered":"Divaga\u00e7\u00f5es sobre aquele outro tempo do tempo deste tempo sem o tempo&#8230;"},"content":{"rendered":"<div id=\"fb-root\"><\/div>\n<p>&nbsp;<\/p>\n<p><em>\u00a0\u201cA gente ria tanto desses nossos desencontros<br \/>\nMas voc\u00ea passou do ponto e agora eu j\u00e1 n\u00e3o sei mais&#8230;\u201d (<\/em><a href=\"https:\/\/www.pensador.com\/autor\/marcelo_camelo\/\"><em>Marcelo Camelo<\/em><\/a><em>)<\/em><\/p>\n<p><strong>\u00a0<\/strong><\/p>\n<p><strong><em>\u00c0 Z\u00e9lia G., dedico!<\/em><\/strong><\/p>\n<p><strong><em>By seb@r.<\/em><\/strong><\/p>\n<p>Dizem que as est\u00f3rias existem para contar outras hist\u00f3rias e vice-versa, assim, tudo pode ser o que nunca vai ser, ainda, dependendo sempre deste ou daquele olhar&#8230;<\/p>\n<p>Por\u00e9m, tais desencontros ocorrem por causa de alguma outra coisa que ficou no outro tempo do tempo, assim, o que se pode esperar do passado est\u00e1 al\u00e9m das meras formalidades&#8230;<\/p>\n<p>Do que se perdeu por meio das trocas nada simb\u00f3licas est\u00e3o escondidas pelo outro tempo, portanto, n\u00e3o tem como voltar ao lugar sem saber onde est\u00e1 o mapa&#8230;<\/p>\n<p>As medidas continuam as mesmas de sempre, ainda, neste cen\u00e1rio sem cortinas pra esconder uma fantasia qualquer das mem\u00f3rias perdidas, por\u00e9m, de que adianta saber o que n\u00e3o existe neste tempo&#8230;<\/p>\n<p>As imagens est\u00e3o perdidas para sempre e as luzes do outro lado do tempo continuam as mesmas que se perderam na escurid\u00e3o sem fim&#8230;<\/p>\n<p>Por isso, deve-se tentar considerar outros fatores neste cen\u00e1rio que continua mais desencontrado do que nunca neste tempo novo tempo, haja vista as diferen\u00e7as existentes para todos os lados de um mesmo lado&#8230;<\/p>\n<p>As denominadas trocas que existem neste meio sem in\u00edcio com um mesmo fim talvez possam deixar de lado aquelas quest\u00f5es do passado neste presente sem futuro e assim por diante&#8230;<\/p>\n<p>Todas as alternativas est\u00e3o atreladas as mesmas perguntas sem respostas, por\u00e9m, nem sempre existe uma \u00fanica verdade neste contexto plural para este tempo que se perdeu no outro tempo do tempo&#8230;<\/p>\n<p>Muitas quest\u00f5es ainda est\u00e3o em cima da mesma mesa de sempre, tendo em vista que o debate continua com a mesma proposta que se perdeu naquele outro tempo sem o tempo&#8230;<\/p>\n<p>Entretanto, apenas quem sabe destes detalhes pode levantar tais considera\u00e7\u00f5es frente \u00e0s derrotas do passado, tendo em vista que os fatos continuam martelando na mesma tecla quanto aos ocasos de um futuro que se aproxima neste tempo do tempo&#8230;<\/p>\n<p>De que adianta ficar naquele mesmo lugar se tudo continua com a mesma proposta de um tempo que se perdeu no tempo, todavia, como saber se isto pode ser a resposta que se perdeu nas divaga\u00e7\u00f5es do tempo&#8230;<\/p>\n<p>Ainda, apenas aquele que nunca esteve naquele tempo pode saber destas interroga\u00e7\u00f5es que est\u00e3o nas ideias de quem se perdeu em si\u00a0 mesmo&#8230;<\/p>\n<p>SE VOC\u00ca PENSA QUE SABE DAS COISAS DESTE TEMPO DO TEMPO, TALVEZ, POSSA SER APENAS UM DETALHE E NADA MAIS&#8230;<\/p>\n<p>&nbsp;<\/p>\n","protected":false},"excerpt":{"rendered":"<p>&nbsp; \u00a0\u201cA gente ria tanto desses nossos desencontros Mas voc\u00ea passou do ponto e agora eu j\u00e1 n\u00e3o sei mais&#8230;\u201d (Marcelo Camelo) \u00a0 \u00c0 Z\u00e9lia G., dedico! By seb@r. Dizem que as est\u00f3rias existem para contar outras hist\u00f3rias e vice-versa, assim, tudo pode ser o que nunca vai ser, ainda, dependendo sempre deste ou daquele [&hellip;]<\/p>\n","protected":false},"author":13,"featured_media":51988,"comment_status":"closed","ping_status":"open","sticky":false,"template":"","format":"standard","meta":{"_acf_changed":false,"_exactmetrics_skip_tracking":false,"_exactmetrics_sitenote_active":false,"_exactmetrics_sitenote_note":"","_exactmetrics_sitenote_category":0,"footnotes":""},"categories":[59],"tags":[],"class_list":["post-80781","post","type-post","status-publish","format-standard","has-post-thumbnail","hentry","category-opiniao"],"acf":[],"yoast_head":"<!-- This site is optimized with the Yoast SEO plugin v27.2 - https:\/\/yoast.com\/product\/yoast-seo-wordpress\/ -->\n<title>Divaga\u00e7\u00f5es sobre aquele outro tempo do tempo deste tempo sem o tempo... - R\u00e1dio Life FM<\/title>\n<meta name=\"robots\" content=\"index, follow, max-snippet:-1, max-image-preview:large, max-video-preview:-1\" \/>\n<link rel=\"canonical\" href=\"https:\/\/radiolifefm.com.br\/noticias\/divagacoes-sobre-aquele-outro-tempo-do-tempo-deste-tempo-sem-o-tempo\/\" \/>\n<meta property=\"og:locale\" content=\"pt_BR\" \/>\n<meta property=\"og:type\" content=\"article\" \/>\n<meta property=\"og:title\" content=\"Divaga\u00e7\u00f5es sobre aquele outro tempo do tempo deste tempo sem o tempo... - R\u00e1dio Life FM\" \/>\n<meta property=\"og:description\" content=\"&nbsp; \u00a0\u201cA gente ria tanto desses nossos desencontros Mas voc\u00ea passou do ponto e agora eu j\u00e1 n\u00e3o sei mais&#8230;\u201d (Marcelo Camelo) \u00a0 \u00c0 Z\u00e9lia G., dedico! By seb@r. Dizem que as est\u00f3rias existem para contar outras hist\u00f3rias e vice-versa, assim, tudo pode ser o que nunca vai ser, ainda, dependendo sempre deste ou daquele [&hellip;]\" \/>\n<meta property=\"og:url\" content=\"https:\/\/radiolifefm.com.br\/noticias\/divagacoes-sobre-aquele-outro-tempo-do-tempo-deste-tempo-sem-o-tempo\/\" \/>\n<meta property=\"og:site_name\" content=\"R\u00e1dio Life FM\" \/>\n<meta property=\"article:publisher\" content=\"https:\/\/www.facebook.com\/radiolifefm\/\" \/>\n<meta property=\"article:published_time\" content=\"2023-12-15T11:42:21+00:00\" \/>\n<meta property=\"article:modified_time\" content=\"2026-04-06T06:24:01+00:00\" \/>\n<meta property=\"og:image\" content=\"https:\/\/radiolifefm.com.br\/noticias\/wp-content\/uploads\/2022\/04\/WhatsApp-Image-2022-04-10-at-18.43.02.jpeg\" \/>\n\t<meta property=\"og:image:width\" content=\"972\" \/>\n\t<meta property=\"og:image:height\" content=\"1296\" \/>\n\t<meta property=\"og:image:type\" content=\"image\/jpeg\" \/>\n<meta name=\"author\" content=\"ritanery\" \/>\n<meta name=\"twitter:card\" content=\"summary_large_image\" \/>\n<meta name=\"twitter:label1\" content=\"Escrito por\" \/>\n\t<meta name=\"twitter:data1\" content=\"ritanery\" \/>\n\t<meta name=\"twitter:label2\" content=\"Est. tempo de leitura\" \/>\n\t<meta name=\"twitter:data2\" content=\"3 minutos\" \/>\n<script type=\"application\/ld+json\" class=\"yoast-schema-graph\">{\"@context\":\"https:\/\/schema.org\",\"@graph\":[{\"@type\":\"Article\",\"@id\":\"https:\/\/radiolifefm.com.br\/noticias\/divagacoes-sobre-aquele-outro-tempo-do-tempo-deste-tempo-sem-o-tempo\/#article\",\"isPartOf\":{\"@id\":\"https:\/\/radiolifefm.com.br\/noticias\/divagacoes-sobre-aquele-outro-tempo-do-tempo-deste-tempo-sem-o-tempo\/\"},\"author\":{\"name\":\"ritanery\",\"@id\":\"https:\/\/radiolifefm.com.br\/noticias\/#\/schema\/person\/6339b9fac59d12b071dec680d7375d87\"},\"headline\":\"Divaga\u00e7\u00f5es sobre aquele outro tempo do tempo deste tempo sem o tempo&#8230;\",\"datePublished\":\"2023-12-15T11:42:21+00:00\",\"dateModified\":\"2026-04-06T06:24:01+00:00\",\"mainEntityOfPage\":{\"@id\":\"https:\/\/radiolifefm.com.br\/noticias\/divagacoes-sobre-aquele-outro-tempo-do-tempo-deste-tempo-sem-o-tempo\/\"},\"wordCount\":454,\"publisher\":{\"@id\":\"https:\/\/radiolifefm.com.br\/noticias\/#organization\"},\"image\":{\"@id\":\"https:\/\/radiolifefm.com.br\/noticias\/divagacoes-sobre-aquele-outro-tempo-do-tempo-deste-tempo-sem-o-tempo\/#primaryimage\"},\"thumbnailUrl\":\"https:\/\/radiolifefm.com.br\/noticias\/wp-content\/uploads\/2022\/04\/WhatsApp-Image-2022-04-10-at-18.43.02.jpeg\",\"articleSection\":[\"Opini\u00e3o\"],\"inLanguage\":\"pt-BR\"},{\"@type\":\"WebPage\",\"@id\":\"https:\/\/radiolifefm.com.br\/noticias\/divagacoes-sobre-aquele-outro-tempo-do-tempo-deste-tempo-sem-o-tempo\/\",\"url\":\"https:\/\/radiolifefm.com.br\/noticias\/divagacoes-sobre-aquele-outro-tempo-do-tempo-deste-tempo-sem-o-tempo\/\",\"name\":\"Divaga\u00e7\u00f5es sobre aquele outro tempo do tempo deste tempo sem o tempo... - R\u00e1dio Life FM\",\"isPartOf\":{\"@id\":\"https:\/\/radiolifefm.com.br\/noticias\/#website\"},\"primaryImageOfPage\":{\"@id\":\"https:\/\/radiolifefm.com.br\/noticias\/divagacoes-sobre-aquele-outro-tempo-do-tempo-deste-tempo-sem-o-tempo\/#primaryimage\"},\"image\":{\"@id\":\"https:\/\/radiolifefm.com.br\/noticias\/divagacoes-sobre-aquele-outro-tempo-do-tempo-deste-tempo-sem-o-tempo\/#primaryimage\"},\"thumbnailUrl\":\"https:\/\/radiolifefm.com.br\/noticias\/wp-content\/uploads\/2022\/04\/WhatsApp-Image-2022-04-10-at-18.43.02.jpeg\",\"datePublished\":\"2023-12-15T11:42:21+00:00\",\"dateModified\":\"2026-04-06T06:24:01+00:00\",\"breadcrumb\":{\"@id\":\"https:\/\/radiolifefm.com.br\/noticias\/divagacoes-sobre-aquele-outro-tempo-do-tempo-deste-tempo-sem-o-tempo\/#breadcrumb\"},\"inLanguage\":\"pt-BR\",\"potentialAction\":[{\"@type\":\"ReadAction\",\"target\":[\"https:\/\/radiolifefm.com.br\/noticias\/divagacoes-sobre-aquele-outro-tempo-do-tempo-deste-tempo-sem-o-tempo\/\"]}]},{\"@type\":\"ImageObject\",\"inLanguage\":\"pt-BR\",\"@id\":\"https:\/\/radiolifefm.com.br\/noticias\/divagacoes-sobre-aquele-outro-tempo-do-tempo-deste-tempo-sem-o-tempo\/#primaryimage\",\"url\":\"https:\/\/radiolifefm.com.br\/noticias\/wp-content\/uploads\/2022\/04\/WhatsApp-Image-2022-04-10-at-18.43.02.jpeg\",\"contentUrl\":\"https:\/\/radiolifefm.com.br\/noticias\/wp-content\/uploads\/2022\/04\/WhatsApp-Image-2022-04-10-at-18.43.02.jpeg\",\"width\":972,\"height\":1296,\"caption\":\"S\u00e9rgio Barbosa\"},{\"@type\":\"BreadcrumbList\",\"@id\":\"https:\/\/radiolifefm.com.br\/noticias\/divagacoes-sobre-aquele-outro-tempo-do-tempo-deste-tempo-sem-o-tempo\/#breadcrumb\",\"itemListElement\":[{\"@type\":\"ListItem\",\"position\":1,\"name\":\"In\u00edcio\",\"item\":\"https:\/\/radiolifefm.com.br\/noticias\/\"},{\"@type\":\"ListItem\",\"position\":2,\"name\":\"Divaga\u00e7\u00f5es sobre aquele outro tempo do tempo deste tempo sem o tempo&#8230;\"}]},{\"@type\":\"WebSite\",\"@id\":\"https:\/\/radiolifefm.com.br\/noticias\/#website\",\"url\":\"https:\/\/radiolifefm.com.br\/noticias\/\",\"name\":\"R\u00e1dio Life FM\",\"description\":\"O Portal de Not\u00edcias de Adamantina\",\"publisher\":{\"@id\":\"https:\/\/radiolifefm.com.br\/noticias\/#organization\"},\"alternateName\":\"Life FM\",\"potentialAction\":[{\"@type\":\"SearchAction\",\"target\":{\"@type\":\"EntryPoint\",\"urlTemplate\":\"https:\/\/radiolifefm.com.br\/noticias\/?s={search_term_string}\"},\"query-input\":{\"@type\":\"PropertyValueSpecification\",\"valueRequired\":true,\"valueName\":\"search_term_string\"}}],\"inLanguage\":\"pt-BR\"},{\"@type\":\"Organization\",\"@id\":\"https:\/\/radiolifefm.com.br\/noticias\/#organization\",\"name\":\"R\u00e1dio Life FM\",\"alternateName\":\"Life FM\",\"url\":\"https:\/\/radiolifefm.com.br\/noticias\/\",\"logo\":{\"@type\":\"ImageObject\",\"inLanguage\":\"pt-BR\",\"@id\":\"https:\/\/radiolifefm.com.br\/noticias\/#\/schema\/logo\/image\/\",\"url\":\"https:\/\/static.radiolifefm.com.br\/noticias\/wp-content\/uploads\/2019\/10\/logo-lifefm.png\",\"contentUrl\":\"https:\/\/static.radiolifefm.com.br\/noticias\/wp-content\/uploads\/2019\/10\/logo-lifefm.png\",\"width\":196,\"height\":47,\"caption\":\"R\u00e1dio Life FM\"},\"image\":{\"@id\":\"https:\/\/radiolifefm.com.br\/noticias\/#\/schema\/logo\/image\/\"},\"sameAs\":[\"https:\/\/www.facebook.com\/radiolifefm\/\",\"https:\/\/www.instagram.com\/life1079fm\/\"]},{\"@type\":\"Person\",\"@id\":\"https:\/\/radiolifefm.com.br\/noticias\/#\/schema\/person\/6339b9fac59d12b071dec680d7375d87\",\"name\":\"ritanery\",\"image\":{\"@type\":\"ImageObject\",\"inLanguage\":\"pt-BR\",\"@id\":\"https:\/\/secure.gravatar.com\/avatar\/0e37bb19071f47c0b8a23f62a903df117c5a0e75f65a0c2901562f97cd41cf86?s=96&d=mm&r=g\",\"url\":\"https:\/\/secure.gravatar.com\/avatar\/0e37bb19071f47c0b8a23f62a903df117c5a0e75f65a0c2901562f97cd41cf86?s=96&d=mm&r=g\",\"contentUrl\":\"https:\/\/secure.gravatar.com\/avatar\/0e37bb19071f47c0b8a23f62a903df117c5a0e75f65a0c2901562f97cd41cf86?s=96&d=mm&r=g\",\"caption\":\"ritanery\"}}]}<\/script>\n<!-- \/ Yoast SEO plugin. -->","yoast_head_json":{"title":"Divaga\u00e7\u00f5es sobre aquele outro tempo do tempo deste tempo sem o tempo... - R\u00e1dio Life FM","robots":{"index":"index","follow":"follow","max-snippet":"max-snippet:-1","max-image-preview":"max-image-preview:large","max-video-preview":"max-video-preview:-1"},"canonical":"https:\/\/radiolifefm.com.br\/noticias\/divagacoes-sobre-aquele-outro-tempo-do-tempo-deste-tempo-sem-o-tempo\/","og_locale":"pt_BR","og_type":"article","og_title":"Divaga\u00e7\u00f5es sobre aquele outro tempo do tempo deste tempo sem o tempo... - R\u00e1dio Life FM","og_description":"&nbsp; \u00a0\u201cA gente ria tanto desses nossos desencontros Mas voc\u00ea passou do ponto e agora eu j\u00e1 n\u00e3o sei mais&#8230;\u201d (Marcelo Camelo) \u00a0 \u00c0 Z\u00e9lia G., dedico! By seb@r. Dizem que as est\u00f3rias existem para contar outras hist\u00f3rias e vice-versa, assim, tudo pode ser o que nunca vai ser, ainda, dependendo sempre deste ou daquele [&hellip;]","og_url":"https:\/\/radiolifefm.com.br\/noticias\/divagacoes-sobre-aquele-outro-tempo-do-tempo-deste-tempo-sem-o-tempo\/","og_site_name":"R\u00e1dio Life FM","article_publisher":"https:\/\/www.facebook.com\/radiolifefm\/","article_published_time":"2023-12-15T11:42:21+00:00","article_modified_time":"2026-04-06T06:24:01+00:00","og_image":[{"width":972,"height":1296,"url":"https:\/\/radiolifefm.com.br\/noticias\/wp-content\/uploads\/2022\/04\/WhatsApp-Image-2022-04-10-at-18.43.02.jpeg","type":"image\/jpeg"}],"author":"ritanery","twitter_card":"summary_large_image","twitter_misc":{"Escrito por":"ritanery","Est. tempo de leitura":"3 minutos"},"schema":{"@context":"https:\/\/schema.org","@graph":[{"@type":"Article","@id":"https:\/\/radiolifefm.com.br\/noticias\/divagacoes-sobre-aquele-outro-tempo-do-tempo-deste-tempo-sem-o-tempo\/#article","isPartOf":{"@id":"https:\/\/radiolifefm.com.br\/noticias\/divagacoes-sobre-aquele-outro-tempo-do-tempo-deste-tempo-sem-o-tempo\/"},"author":{"name":"ritanery","@id":"https:\/\/radiolifefm.com.br\/noticias\/#\/schema\/person\/6339b9fac59d12b071dec680d7375d87"},"headline":"Divaga\u00e7\u00f5es sobre aquele outro tempo do tempo deste tempo sem o tempo&#8230;","datePublished":"2023-12-15T11:42:21+00:00","dateModified":"2026-04-06T06:24:01+00:00","mainEntityOfPage":{"@id":"https:\/\/radiolifefm.com.br\/noticias\/divagacoes-sobre-aquele-outro-tempo-do-tempo-deste-tempo-sem-o-tempo\/"},"wordCount":454,"publisher":{"@id":"https:\/\/radiolifefm.com.br\/noticias\/#organization"},"image":{"@id":"https:\/\/radiolifefm.com.br\/noticias\/divagacoes-sobre-aquele-outro-tempo-do-tempo-deste-tempo-sem-o-tempo\/#primaryimage"},"thumbnailUrl":"https:\/\/radiolifefm.com.br\/noticias\/wp-content\/uploads\/2022\/04\/WhatsApp-Image-2022-04-10-at-18.43.02.jpeg","articleSection":["Opini\u00e3o"],"inLanguage":"pt-BR"},{"@type":"WebPage","@id":"https:\/\/radiolifefm.com.br\/noticias\/divagacoes-sobre-aquele-outro-tempo-do-tempo-deste-tempo-sem-o-tempo\/","url":"https:\/\/radiolifefm.com.br\/noticias\/divagacoes-sobre-aquele-outro-tempo-do-tempo-deste-tempo-sem-o-tempo\/","name":"Divaga\u00e7\u00f5es sobre aquele outro tempo do tempo deste tempo sem o tempo... - R\u00e1dio Life FM","isPartOf":{"@id":"https:\/\/radiolifefm.com.br\/noticias\/#website"},"primaryImageOfPage":{"@id":"https:\/\/radiolifefm.com.br\/noticias\/divagacoes-sobre-aquele-outro-tempo-do-tempo-deste-tempo-sem-o-tempo\/#primaryimage"},"image":{"@id":"https:\/\/radiolifefm.com.br\/noticias\/divagacoes-sobre-aquele-outro-tempo-do-tempo-deste-tempo-sem-o-tempo\/#primaryimage"},"thumbnailUrl":"https:\/\/radiolifefm.com.br\/noticias\/wp-content\/uploads\/2022\/04\/WhatsApp-Image-2022-04-10-at-18.43.02.jpeg","datePublished":"2023-12-15T11:42:21+00:00","dateModified":"2026-04-06T06:24:01+00:00","breadcrumb":{"@id":"https:\/\/radiolifefm.com.br\/noticias\/divagacoes-sobre-aquele-outro-tempo-do-tempo-deste-tempo-sem-o-tempo\/#breadcrumb"},"inLanguage":"pt-BR","potentialAction":[{"@type":"ReadAction","target":["https:\/\/radiolifefm.com.br\/noticias\/divagacoes-sobre-aquele-outro-tempo-do-tempo-deste-tempo-sem-o-tempo\/"]}]},{"@type":"ImageObject","inLanguage":"pt-BR","@id":"https:\/\/radiolifefm.com.br\/noticias\/divagacoes-sobre-aquele-outro-tempo-do-tempo-deste-tempo-sem-o-tempo\/#primaryimage","url":"https:\/\/radiolifefm.com.br\/noticias\/wp-content\/uploads\/2022\/04\/WhatsApp-Image-2022-04-10-at-18.43.02.jpeg","contentUrl":"https:\/\/radiolifefm.com.br\/noticias\/wp-content\/uploads\/2022\/04\/WhatsApp-Image-2022-04-10-at-18.43.02.jpeg","width":972,"height":1296,"caption":"S\u00e9rgio Barbosa"},{"@type":"BreadcrumbList","@id":"https:\/\/radiolifefm.com.br\/noticias\/divagacoes-sobre-aquele-outro-tempo-do-tempo-deste-tempo-sem-o-tempo\/#breadcrumb","itemListElement":[{"@type":"ListItem","position":1,"name":"In\u00edcio","item":"https:\/\/radiolifefm.com.br\/noticias\/"},{"@type":"ListItem","position":2,"name":"Divaga\u00e7\u00f5es sobre aquele outro tempo do tempo deste tempo sem o tempo&#8230;"}]},{"@type":"WebSite","@id":"https:\/\/radiolifefm.com.br\/noticias\/#website","url":"https:\/\/radiolifefm.com.br\/noticias\/","name":"R\u00e1dio Life FM","description":"O Portal de Not\u00edcias de Adamantina","publisher":{"@id":"https:\/\/radiolifefm.com.br\/noticias\/#organization"},"alternateName":"Life FM","potentialAction":[{"@type":"SearchAction","target":{"@type":"EntryPoint","urlTemplate":"https:\/\/radiolifefm.com.br\/noticias\/?s={search_term_string}"},"query-input":{"@type":"PropertyValueSpecification","valueRequired":true,"valueName":"search_term_string"}}],"inLanguage":"pt-BR"},{"@type":"Organization","@id":"https:\/\/radiolifefm.com.br\/noticias\/#organization","name":"R\u00e1dio Life FM","alternateName":"Life FM","url":"https:\/\/radiolifefm.com.br\/noticias\/","logo":{"@type":"ImageObject","inLanguage":"pt-BR","@id":"https:\/\/radiolifefm.com.br\/noticias\/#\/schema\/logo\/image\/","url":"https:\/\/static.radiolifefm.com.br\/noticias\/wp-content\/uploads\/2019\/10\/logo-lifefm.png","contentUrl":"https:\/\/static.radiolifefm.com.br\/noticias\/wp-content\/uploads\/2019\/10\/logo-lifefm.png","width":196,"height":47,"caption":"R\u00e1dio Life FM"},"image":{"@id":"https:\/\/radiolifefm.com.br\/noticias\/#\/schema\/logo\/image\/"},"sameAs":["https:\/\/www.facebook.com\/radiolifefm\/","https:\/\/www.instagram.com\/life1079fm\/"]},{"@type":"Person","@id":"https:\/\/radiolifefm.com.br\/noticias\/#\/schema\/person\/6339b9fac59d12b071dec680d7375d87","name":"ritanery","image":{"@type":"ImageObject","inLanguage":"pt-BR","@id":"https:\/\/secure.gravatar.com\/avatar\/0e37bb19071f47c0b8a23f62a903df117c5a0e75f65a0c2901562f97cd41cf86?s=96&d=mm&r=g","url":"https:\/\/secure.gravatar.com\/avatar\/0e37bb19071f47c0b8a23f62a903df117c5a0e75f65a0c2901562f97cd41cf86?s=96&d=mm&r=g","contentUrl":"https:\/\/secure.gravatar.com\/avatar\/0e37bb19071f47c0b8a23f62a903df117c5a0e75f65a0c2901562f97cd41cf86?s=96&d=mm&r=g","caption":"ritanery"}}]}},"amp_enabled":true,"_links":{"self":[{"href":"https:\/\/radiolifefm.com.br\/noticias\/wp-json\/wp\/v2\/posts\/80781","targetHints":{"allow":["GET"]}}],"collection":[{"href":"https:\/\/radiolifefm.com.br\/noticias\/wp-json\/wp\/v2\/posts"}],"about":[{"href":"https:\/\/radiolifefm.com.br\/noticias\/wp-json\/wp\/v2\/types\/post"}],"author":[{"embeddable":true,"href":"https:\/\/radiolifefm.com.br\/noticias\/wp-json\/wp\/v2\/users\/13"}],"replies":[{"embeddable":true,"href":"https:\/\/radiolifefm.com.br\/noticias\/wp-json\/wp\/v2\/comments?post=80781"}],"version-history":[{"count":1,"href":"https:\/\/radiolifefm.com.br\/noticias\/wp-json\/wp\/v2\/posts\/80781\/revisions"}],"predecessor-version":[{"id":80782,"href":"https:\/\/radiolifefm.com.br\/noticias\/wp-json\/wp\/v2\/posts\/80781\/revisions\/80782"}],"wp:featuredmedia":[{"embeddable":true,"href":"https:\/\/radiolifefm.com.br\/noticias\/wp-json\/wp\/v2\/media\/51988"}],"wp:attachment":[{"href":"https:\/\/radiolifefm.com.br\/noticias\/wp-json\/wp\/v2\/media?parent=80781"}],"wp:term":[{"taxonomy":"category","embeddable":true,"href":"https:\/\/radiolifefm.com.br\/noticias\/wp-json\/wp\/v2\/categories?post=80781"},{"taxonomy":"post_tag","embeddable":true,"href":"https:\/\/radiolifefm.com.br\/noticias\/wp-json\/wp\/v2\/tags?post=80781"}],"curies":[{"name":"wp","href":"https:\/\/api.w.org\/{rel}","templated":true}]}}