{"id":80690,"date":"2023-12-13T08:48:35","date_gmt":"2023-12-13T11:48:35","guid":{"rendered":"https:\/\/radiolifefm.com.br\/noticias\/?p=80690"},"modified":"2026-04-25T20:11:47","modified_gmt":"2026-04-25T23:11:47","slug":"desencontros-com-a-literatura-brasileira-na-provincia","status":"publish","type":"post","link":"https:\/\/radiolifefm.com.br\/noticias\/desencontros-com-a-literatura-brasileira-na-provincia\/","title":{"rendered":"DESENCONTROS COM A LITERATURA BRASILEIRA NA PROV\u00cdNCIA&#8230;"},"content":{"rendered":"<div id=\"fb-root\"><\/div>\n<p><em>\u00a0\u201cSe a \u00fanica coisa que de o homem ter\u00e1 certeza \u00e9 a morte; a \u00fanica certeza do brasileiro \u00e9 o carnaval no pr\u00f3ximo ano.\u201d (<strong> Graciliano Ramos)<\/strong><\/em><\/p>\n<p><strong><em>By seb@r.<\/em><\/strong><\/p>\n<p>Neste tempo novo tempo do meu novo tempo novo, ainda, considerando todos os desencontros mediados pelos problemas que ocorreram no ano passado e estando de \u201cLicen\u00e7a M\u00e9dica\u201d at\u00e9 abril deste ano, pode-se correr deste ou do outro lado de um mesmo lado&#8230;<\/p>\n<p>Pra n\u00e3o ficar entre NETFLIX E YOUTUBE nestes dias sem mais e sem menos, resolvi, tamb\u00e9m, voltar \u00e0s leituras sobre temas diversos e autores diferenciados, entretanto, pensei aqui e ali, porque n\u00e3o voltar a ler os denominados autores\/as cl\u00e1ssicos da Literatura Brasileira e ponto quase final&#8230;<\/p>\n<p>Confesso que n\u00e3o tem sido uma tarefa f\u00e1cil, logo eu que imaginei muitas leituras com autores do passado, por\u00e9m, tais desafios s\u00e3o mais do que complicado neste novo tempo novo&#8230;<\/p>\n<p>Lembro que na minha \u00e9poca do antigo \u201cGin\u00e1sio\u201d e por meio das aulas de \u201cPortugu\u00eas\u201d com uma professora superexigente, DONA MAURA e depois com o PROFESSOR LUCIANO, que era considerado um especialista em gram\u00e1tica portuguesa, sendo que os mesmos exigiam tais leituras com o famigerado \u201cfichamento\u201d que estava sempre encartado no Livro indicado&#8230;<\/p>\n<p>N\u00e3o me lembro de ter encontrado muitos problemas com as leituras e fichamentos, todavia, hoje, relendo alguns destes autores, entre os quais: MACHADO DE ASSIS, JOS\u00c9 DE ALENCAR, LIMA BARRETO E GRACILIANO RAMOS, bem como, um outro autor desconhecido naquele per\u00edodo do Gin\u00e1sio, ANTONIO CANDIDO, pode-se afirmar que estou encontrando dificuldades com o \u201cportugu\u00eas\u201d destes autores&#8230;<\/p>\n<p>Mas, como afirma o dito popular que \u201ctem mal que vem pra bem\u201d, nada melhor do que tentar dar a volta por cima de um jeito ou de outro nos desencontros com as obras, a saber: CONTOS (Machado de Assis), IRACEMA (Jos\u00e9 de Alencar), CINCO MULHERES (Lima Barreto), VIDAS SECAS (Graciliano Ramos) e TERESINA E SEUS AMIGOS (Antonio Candido)&#8230;<\/p>\n<p>Tamb\u00e9m, tendo todo o tempo deste tempo, fica mais ou menos tranquilo tentar entender o pensamento liter\u00e1rio destes autores que s\u00e3o considerados refer\u00eancias quando o tema \u00e9 LITERATURA BRASILEIRA&#8230;<\/p>\n<p>O interessante nesta volta ao passado pelas leituras citadas acredito que fiquei com um \u201cnovo olhar\u201d sobre tais \u201cobras liter\u00e1rias\u201d, al\u00e9m de retomar as consultas ao velho e excelente DICION\u00c1RIO AUR\u00c9LIO (impresso) para uma ou mais explica\u00e7\u00f5es quanto a esta ou aquela palavra registrada pelos autores nos livros&#8230;<\/p>\n<p>E tem mais, recomendo que os\/as leitores\/as que acompanham a minha FANPAGE \u201cEMP\u00d3RIO SEBAR\u201d que busquem redescobrir tais autores e outros\/as que est\u00e3o um tanto quando esquecidos nas bibliotecas particulares, acad\u00eamicas ou p\u00fablicas&#8230;<\/p>\n<p>QUEM LER VAI ENTENDER&#8230;<\/p>\n<p>&nbsp;<\/p>\n<p>e-mail: <a href=\"mailto:barbosa.sebar@gmail.com\">barbosa.sebar@gmail.com<\/a><\/p>\n<p>&nbsp;<\/p>\n","protected":false},"excerpt":{"rendered":"<p>\u00a0\u201cSe a \u00fanica coisa que de o homem ter\u00e1 certeza \u00e9 a morte; a \u00fanica certeza do brasileiro \u00e9 o carnaval no pr\u00f3ximo ano.\u201d ( Graciliano Ramos) By seb@r. Neste tempo novo tempo do meu novo tempo novo, ainda, considerando todos os desencontros mediados pelos problemas que ocorreram no ano passado e estando de \u201cLicen\u00e7a [&hellip;]<\/p>\n","protected":false},"author":13,"featured_media":51988,"comment_status":"closed","ping_status":"open","sticky":false,"template":"","format":"standard","meta":{"_acf_changed":false,"_exactmetrics_skip_tracking":false,"_exactmetrics_sitenote_active":false,"_exactmetrics_sitenote_note":"","_exactmetrics_sitenote_category":0,"footnotes":""},"categories":[59],"tags":[],"class_list":["post-80690","post","type-post","status-publish","format-standard","has-post-thumbnail","hentry","category-opiniao"],"acf":[],"yoast_head":"<!-- This site is optimized with the Yoast SEO plugin v27.2 - https:\/\/yoast.com\/product\/yoast-seo-wordpress\/ -->\n<title>DESENCONTROS COM A LITERATURA BRASILEIRA NA PROV\u00cdNCIA... - R\u00e1dio Life FM<\/title>\n<meta name=\"robots\" content=\"index, follow, max-snippet:-1, max-image-preview:large, max-video-preview:-1\" \/>\n<link rel=\"canonical\" href=\"https:\/\/radiolifefm.com.br\/noticias\/desencontros-com-a-literatura-brasileira-na-provincia\/\" \/>\n<meta property=\"og:locale\" content=\"pt_BR\" \/>\n<meta property=\"og:type\" content=\"article\" \/>\n<meta property=\"og:title\" content=\"DESENCONTROS COM A LITERATURA BRASILEIRA NA PROV\u00cdNCIA... - R\u00e1dio Life FM\" \/>\n<meta property=\"og:description\" content=\"\u00a0\u201cSe a \u00fanica coisa que de o homem ter\u00e1 certeza \u00e9 a morte; a \u00fanica certeza do brasileiro \u00e9 o carnaval no pr\u00f3ximo ano.\u201d ( Graciliano Ramos) By seb@r. Neste tempo novo tempo do meu novo tempo novo, ainda, considerando todos os desencontros mediados pelos problemas que ocorreram no ano passado e estando de \u201cLicen\u00e7a [&hellip;]\" \/>\n<meta property=\"og:url\" content=\"https:\/\/radiolifefm.com.br\/noticias\/desencontros-com-a-literatura-brasileira-na-provincia\/\" \/>\n<meta property=\"og:site_name\" content=\"R\u00e1dio Life FM\" \/>\n<meta property=\"article:publisher\" content=\"https:\/\/www.facebook.com\/radiolifefm\/\" \/>\n<meta property=\"article:published_time\" content=\"2023-12-13T11:48:35+00:00\" \/>\n<meta property=\"article:modified_time\" content=\"2026-04-25T23:11:47+00:00\" \/>\n<meta property=\"og:image\" content=\"https:\/\/radiolifefm.com.br\/noticias\/wp-content\/uploads\/2022\/04\/WhatsApp-Image-2022-04-10-at-18.43.02.jpeg\" \/>\n\t<meta property=\"og:image:width\" content=\"972\" \/>\n\t<meta property=\"og:image:height\" content=\"1296\" \/>\n\t<meta property=\"og:image:type\" content=\"image\/jpeg\" \/>\n<meta name=\"author\" content=\"ritanery\" \/>\n<meta name=\"twitter:card\" content=\"summary_large_image\" \/>\n<meta name=\"twitter:label1\" content=\"Escrito por\" \/>\n\t<meta name=\"twitter:data1\" content=\"ritanery\" \/>\n\t<meta name=\"twitter:label2\" content=\"Est. tempo de leitura\" \/>\n\t<meta name=\"twitter:data2\" content=\"3 minutos\" \/>\n<script type=\"application\/ld+json\" class=\"yoast-schema-graph\">{\"@context\":\"https:\/\/schema.org\",\"@graph\":[{\"@type\":\"Article\",\"@id\":\"https:\/\/radiolifefm.com.br\/noticias\/desencontros-com-a-literatura-brasileira-na-provincia\/#article\",\"isPartOf\":{\"@id\":\"https:\/\/radiolifefm.com.br\/noticias\/desencontros-com-a-literatura-brasileira-na-provincia\/\"},\"author\":{\"name\":\"ritanery\",\"@id\":\"https:\/\/radiolifefm.com.br\/noticias\/#\/schema\/person\/6339b9fac59d12b071dec680d7375d87\"},\"headline\":\"DESENCONTROS COM A LITERATURA BRASILEIRA NA PROV\u00cdNCIA&#8230;\",\"datePublished\":\"2023-12-13T11:48:35+00:00\",\"dateModified\":\"2026-04-25T23:11:47+00:00\",\"mainEntityOfPage\":{\"@id\":\"https:\/\/radiolifefm.com.br\/noticias\/desencontros-com-a-literatura-brasileira-na-provincia\/\"},\"wordCount\":476,\"publisher\":{\"@id\":\"https:\/\/radiolifefm.com.br\/noticias\/#organization\"},\"image\":{\"@id\":\"https:\/\/radiolifefm.com.br\/noticias\/desencontros-com-a-literatura-brasileira-na-provincia\/#primaryimage\"},\"thumbnailUrl\":\"https:\/\/radiolifefm.com.br\/noticias\/wp-content\/uploads\/2022\/04\/WhatsApp-Image-2022-04-10-at-18.43.02.jpeg\",\"articleSection\":[\"Opini\u00e3o\"],\"inLanguage\":\"pt-BR\"},{\"@type\":\"WebPage\",\"@id\":\"https:\/\/radiolifefm.com.br\/noticias\/desencontros-com-a-literatura-brasileira-na-provincia\/\",\"url\":\"https:\/\/radiolifefm.com.br\/noticias\/desencontros-com-a-literatura-brasileira-na-provincia\/\",\"name\":\"DESENCONTROS COM A LITERATURA BRASILEIRA NA PROV\u00cdNCIA... - R\u00e1dio Life FM\",\"isPartOf\":{\"@id\":\"https:\/\/radiolifefm.com.br\/noticias\/#website\"},\"primaryImageOfPage\":{\"@id\":\"https:\/\/radiolifefm.com.br\/noticias\/desencontros-com-a-literatura-brasileira-na-provincia\/#primaryimage\"},\"image\":{\"@id\":\"https:\/\/radiolifefm.com.br\/noticias\/desencontros-com-a-literatura-brasileira-na-provincia\/#primaryimage\"},\"thumbnailUrl\":\"https:\/\/radiolifefm.com.br\/noticias\/wp-content\/uploads\/2022\/04\/WhatsApp-Image-2022-04-10-at-18.43.02.jpeg\",\"datePublished\":\"2023-12-13T11:48:35+00:00\",\"dateModified\":\"2026-04-25T23:11:47+00:00\",\"breadcrumb\":{\"@id\":\"https:\/\/radiolifefm.com.br\/noticias\/desencontros-com-a-literatura-brasileira-na-provincia\/#breadcrumb\"},\"inLanguage\":\"pt-BR\",\"potentialAction\":[{\"@type\":\"ReadAction\",\"target\":[\"https:\/\/radiolifefm.com.br\/noticias\/desencontros-com-a-literatura-brasileira-na-provincia\/\"]}]},{\"@type\":\"ImageObject\",\"inLanguage\":\"pt-BR\",\"@id\":\"https:\/\/radiolifefm.com.br\/noticias\/desencontros-com-a-literatura-brasileira-na-provincia\/#primaryimage\",\"url\":\"https:\/\/radiolifefm.com.br\/noticias\/wp-content\/uploads\/2022\/04\/WhatsApp-Image-2022-04-10-at-18.43.02.jpeg\",\"contentUrl\":\"https:\/\/radiolifefm.com.br\/noticias\/wp-content\/uploads\/2022\/04\/WhatsApp-Image-2022-04-10-at-18.43.02.jpeg\",\"width\":972,\"height\":1296,\"caption\":\"S\u00e9rgio Barbosa\"},{\"@type\":\"BreadcrumbList\",\"@id\":\"https:\/\/radiolifefm.com.br\/noticias\/desencontros-com-a-literatura-brasileira-na-provincia\/#breadcrumb\",\"itemListElement\":[{\"@type\":\"ListItem\",\"position\":1,\"name\":\"In\u00edcio\",\"item\":\"https:\/\/radiolifefm.com.br\/noticias\/\"},{\"@type\":\"ListItem\",\"position\":2,\"name\":\"DESENCONTROS COM A LITERATURA BRASILEIRA NA PROV\u00cdNCIA&#8230;\"}]},{\"@type\":\"WebSite\",\"@id\":\"https:\/\/radiolifefm.com.br\/noticias\/#website\",\"url\":\"https:\/\/radiolifefm.com.br\/noticias\/\",\"name\":\"R\u00e1dio Life FM\",\"description\":\"O Portal de Not\u00edcias de Adamantina\",\"publisher\":{\"@id\":\"https:\/\/radiolifefm.com.br\/noticias\/#organization\"},\"alternateName\":\"Life FM\",\"potentialAction\":[{\"@type\":\"SearchAction\",\"target\":{\"@type\":\"EntryPoint\",\"urlTemplate\":\"https:\/\/radiolifefm.com.br\/noticias\/?s={search_term_string}\"},\"query-input\":{\"@type\":\"PropertyValueSpecification\",\"valueRequired\":true,\"valueName\":\"search_term_string\"}}],\"inLanguage\":\"pt-BR\"},{\"@type\":\"Organization\",\"@id\":\"https:\/\/radiolifefm.com.br\/noticias\/#organization\",\"name\":\"R\u00e1dio Life FM\",\"alternateName\":\"Life FM\",\"url\":\"https:\/\/radiolifefm.com.br\/noticias\/\",\"logo\":{\"@type\":\"ImageObject\",\"inLanguage\":\"pt-BR\",\"@id\":\"https:\/\/radiolifefm.com.br\/noticias\/#\/schema\/logo\/image\/\",\"url\":\"https:\/\/static.radiolifefm.com.br\/noticias\/wp-content\/uploads\/2019\/10\/logo-lifefm.png\",\"contentUrl\":\"https:\/\/static.radiolifefm.com.br\/noticias\/wp-content\/uploads\/2019\/10\/logo-lifefm.png\",\"width\":196,\"height\":47,\"caption\":\"R\u00e1dio Life FM\"},\"image\":{\"@id\":\"https:\/\/radiolifefm.com.br\/noticias\/#\/schema\/logo\/image\/\"},\"sameAs\":[\"https:\/\/www.facebook.com\/radiolifefm\/\",\"https:\/\/www.instagram.com\/life1079fm\/\"]},{\"@type\":\"Person\",\"@id\":\"https:\/\/radiolifefm.com.br\/noticias\/#\/schema\/person\/6339b9fac59d12b071dec680d7375d87\",\"name\":\"ritanery\",\"image\":{\"@type\":\"ImageObject\",\"inLanguage\":\"pt-BR\",\"@id\":\"https:\/\/secure.gravatar.com\/avatar\/0e37bb19071f47c0b8a23f62a903df117c5a0e75f65a0c2901562f97cd41cf86?s=96&d=mm&r=g\",\"url\":\"https:\/\/secure.gravatar.com\/avatar\/0e37bb19071f47c0b8a23f62a903df117c5a0e75f65a0c2901562f97cd41cf86?s=96&d=mm&r=g\",\"contentUrl\":\"https:\/\/secure.gravatar.com\/avatar\/0e37bb19071f47c0b8a23f62a903df117c5a0e75f65a0c2901562f97cd41cf86?s=96&d=mm&r=g\",\"caption\":\"ritanery\"}}]}<\/script>\n<!-- \/ Yoast SEO plugin. -->","yoast_head_json":{"title":"DESENCONTROS COM A LITERATURA BRASILEIRA NA PROV\u00cdNCIA... - R\u00e1dio Life FM","robots":{"index":"index","follow":"follow","max-snippet":"max-snippet:-1","max-image-preview":"max-image-preview:large","max-video-preview":"max-video-preview:-1"},"canonical":"https:\/\/radiolifefm.com.br\/noticias\/desencontros-com-a-literatura-brasileira-na-provincia\/","og_locale":"pt_BR","og_type":"article","og_title":"DESENCONTROS COM A LITERATURA BRASILEIRA NA PROV\u00cdNCIA... - R\u00e1dio Life FM","og_description":"\u00a0\u201cSe a \u00fanica coisa que de o homem ter\u00e1 certeza \u00e9 a morte; a \u00fanica certeza do brasileiro \u00e9 o carnaval no pr\u00f3ximo ano.\u201d ( Graciliano Ramos) By seb@r. Neste tempo novo tempo do meu novo tempo novo, ainda, considerando todos os desencontros mediados pelos problemas que ocorreram no ano passado e estando de \u201cLicen\u00e7a [&hellip;]","og_url":"https:\/\/radiolifefm.com.br\/noticias\/desencontros-com-a-literatura-brasileira-na-provincia\/","og_site_name":"R\u00e1dio Life FM","article_publisher":"https:\/\/www.facebook.com\/radiolifefm\/","article_published_time":"2023-12-13T11:48:35+00:00","article_modified_time":"2026-04-25T23:11:47+00:00","og_image":[{"width":972,"height":1296,"url":"https:\/\/radiolifefm.com.br\/noticias\/wp-content\/uploads\/2022\/04\/WhatsApp-Image-2022-04-10-at-18.43.02.jpeg","type":"image\/jpeg"}],"author":"ritanery","twitter_card":"summary_large_image","twitter_misc":{"Escrito por":"ritanery","Est. tempo de leitura":"3 minutos"},"schema":{"@context":"https:\/\/schema.org","@graph":[{"@type":"Article","@id":"https:\/\/radiolifefm.com.br\/noticias\/desencontros-com-a-literatura-brasileira-na-provincia\/#article","isPartOf":{"@id":"https:\/\/radiolifefm.com.br\/noticias\/desencontros-com-a-literatura-brasileira-na-provincia\/"},"author":{"name":"ritanery","@id":"https:\/\/radiolifefm.com.br\/noticias\/#\/schema\/person\/6339b9fac59d12b071dec680d7375d87"},"headline":"DESENCONTROS COM A LITERATURA BRASILEIRA NA PROV\u00cdNCIA&#8230;","datePublished":"2023-12-13T11:48:35+00:00","dateModified":"2026-04-25T23:11:47+00:00","mainEntityOfPage":{"@id":"https:\/\/radiolifefm.com.br\/noticias\/desencontros-com-a-literatura-brasileira-na-provincia\/"},"wordCount":476,"publisher":{"@id":"https:\/\/radiolifefm.com.br\/noticias\/#organization"},"image":{"@id":"https:\/\/radiolifefm.com.br\/noticias\/desencontros-com-a-literatura-brasileira-na-provincia\/#primaryimage"},"thumbnailUrl":"https:\/\/radiolifefm.com.br\/noticias\/wp-content\/uploads\/2022\/04\/WhatsApp-Image-2022-04-10-at-18.43.02.jpeg","articleSection":["Opini\u00e3o"],"inLanguage":"pt-BR"},{"@type":"WebPage","@id":"https:\/\/radiolifefm.com.br\/noticias\/desencontros-com-a-literatura-brasileira-na-provincia\/","url":"https:\/\/radiolifefm.com.br\/noticias\/desencontros-com-a-literatura-brasileira-na-provincia\/","name":"DESENCONTROS COM A LITERATURA BRASILEIRA NA PROV\u00cdNCIA... - R\u00e1dio Life FM","isPartOf":{"@id":"https:\/\/radiolifefm.com.br\/noticias\/#website"},"primaryImageOfPage":{"@id":"https:\/\/radiolifefm.com.br\/noticias\/desencontros-com-a-literatura-brasileira-na-provincia\/#primaryimage"},"image":{"@id":"https:\/\/radiolifefm.com.br\/noticias\/desencontros-com-a-literatura-brasileira-na-provincia\/#primaryimage"},"thumbnailUrl":"https:\/\/radiolifefm.com.br\/noticias\/wp-content\/uploads\/2022\/04\/WhatsApp-Image-2022-04-10-at-18.43.02.jpeg","datePublished":"2023-12-13T11:48:35+00:00","dateModified":"2026-04-25T23:11:47+00:00","breadcrumb":{"@id":"https:\/\/radiolifefm.com.br\/noticias\/desencontros-com-a-literatura-brasileira-na-provincia\/#breadcrumb"},"inLanguage":"pt-BR","potentialAction":[{"@type":"ReadAction","target":["https:\/\/radiolifefm.com.br\/noticias\/desencontros-com-a-literatura-brasileira-na-provincia\/"]}]},{"@type":"ImageObject","inLanguage":"pt-BR","@id":"https:\/\/radiolifefm.com.br\/noticias\/desencontros-com-a-literatura-brasileira-na-provincia\/#primaryimage","url":"https:\/\/radiolifefm.com.br\/noticias\/wp-content\/uploads\/2022\/04\/WhatsApp-Image-2022-04-10-at-18.43.02.jpeg","contentUrl":"https:\/\/radiolifefm.com.br\/noticias\/wp-content\/uploads\/2022\/04\/WhatsApp-Image-2022-04-10-at-18.43.02.jpeg","width":972,"height":1296,"caption":"S\u00e9rgio Barbosa"},{"@type":"BreadcrumbList","@id":"https:\/\/radiolifefm.com.br\/noticias\/desencontros-com-a-literatura-brasileira-na-provincia\/#breadcrumb","itemListElement":[{"@type":"ListItem","position":1,"name":"In\u00edcio","item":"https:\/\/radiolifefm.com.br\/noticias\/"},{"@type":"ListItem","position":2,"name":"DESENCONTROS COM A LITERATURA BRASILEIRA NA PROV\u00cdNCIA&#8230;"}]},{"@type":"WebSite","@id":"https:\/\/radiolifefm.com.br\/noticias\/#website","url":"https:\/\/radiolifefm.com.br\/noticias\/","name":"R\u00e1dio Life FM","description":"O Portal de Not\u00edcias de Adamantina","publisher":{"@id":"https:\/\/radiolifefm.com.br\/noticias\/#organization"},"alternateName":"Life FM","potentialAction":[{"@type":"SearchAction","target":{"@type":"EntryPoint","urlTemplate":"https:\/\/radiolifefm.com.br\/noticias\/?s={search_term_string}"},"query-input":{"@type":"PropertyValueSpecification","valueRequired":true,"valueName":"search_term_string"}}],"inLanguage":"pt-BR"},{"@type":"Organization","@id":"https:\/\/radiolifefm.com.br\/noticias\/#organization","name":"R\u00e1dio Life FM","alternateName":"Life FM","url":"https:\/\/radiolifefm.com.br\/noticias\/","logo":{"@type":"ImageObject","inLanguage":"pt-BR","@id":"https:\/\/radiolifefm.com.br\/noticias\/#\/schema\/logo\/image\/","url":"https:\/\/static.radiolifefm.com.br\/noticias\/wp-content\/uploads\/2019\/10\/logo-lifefm.png","contentUrl":"https:\/\/static.radiolifefm.com.br\/noticias\/wp-content\/uploads\/2019\/10\/logo-lifefm.png","width":196,"height":47,"caption":"R\u00e1dio Life FM"},"image":{"@id":"https:\/\/radiolifefm.com.br\/noticias\/#\/schema\/logo\/image\/"},"sameAs":["https:\/\/www.facebook.com\/radiolifefm\/","https:\/\/www.instagram.com\/life1079fm\/"]},{"@type":"Person","@id":"https:\/\/radiolifefm.com.br\/noticias\/#\/schema\/person\/6339b9fac59d12b071dec680d7375d87","name":"ritanery","image":{"@type":"ImageObject","inLanguage":"pt-BR","@id":"https:\/\/secure.gravatar.com\/avatar\/0e37bb19071f47c0b8a23f62a903df117c5a0e75f65a0c2901562f97cd41cf86?s=96&d=mm&r=g","url":"https:\/\/secure.gravatar.com\/avatar\/0e37bb19071f47c0b8a23f62a903df117c5a0e75f65a0c2901562f97cd41cf86?s=96&d=mm&r=g","contentUrl":"https:\/\/secure.gravatar.com\/avatar\/0e37bb19071f47c0b8a23f62a903df117c5a0e75f65a0c2901562f97cd41cf86?s=96&d=mm&r=g","caption":"ritanery"}}]}},"amp_enabled":true,"_links":{"self":[{"href":"https:\/\/radiolifefm.com.br\/noticias\/wp-json\/wp\/v2\/posts\/80690","targetHints":{"allow":["GET"]}}],"collection":[{"href":"https:\/\/radiolifefm.com.br\/noticias\/wp-json\/wp\/v2\/posts"}],"about":[{"href":"https:\/\/radiolifefm.com.br\/noticias\/wp-json\/wp\/v2\/types\/post"}],"author":[{"embeddable":true,"href":"https:\/\/radiolifefm.com.br\/noticias\/wp-json\/wp\/v2\/users\/13"}],"replies":[{"embeddable":true,"href":"https:\/\/radiolifefm.com.br\/noticias\/wp-json\/wp\/v2\/comments?post=80690"}],"version-history":[{"count":1,"href":"https:\/\/radiolifefm.com.br\/noticias\/wp-json\/wp\/v2\/posts\/80690\/revisions"}],"predecessor-version":[{"id":80691,"href":"https:\/\/radiolifefm.com.br\/noticias\/wp-json\/wp\/v2\/posts\/80690\/revisions\/80691"}],"wp:featuredmedia":[{"embeddable":true,"href":"https:\/\/radiolifefm.com.br\/noticias\/wp-json\/wp\/v2\/media\/51988"}],"wp:attachment":[{"href":"https:\/\/radiolifefm.com.br\/noticias\/wp-json\/wp\/v2\/media?parent=80690"}],"wp:term":[{"taxonomy":"category","embeddable":true,"href":"https:\/\/radiolifefm.com.br\/noticias\/wp-json\/wp\/v2\/categories?post=80690"},{"taxonomy":"post_tag","embeddable":true,"href":"https:\/\/radiolifefm.com.br\/noticias\/wp-json\/wp\/v2\/tags?post=80690"}],"curies":[{"name":"wp","href":"https:\/\/api.w.org\/{rel}","templated":true}]}}